{"id":102856,"date":"2025-06-04T14:00:56","date_gmt":"2025-06-04T13:00:56","guid":{"rendered":"https:\/\/jornaldasoficinas.com\/pt\/?p=102856"},"modified":"2025-06-04T12:11:07","modified_gmt":"2025-06-04T11:11:07","slug":"ams-osram-premiada-nos-german-innovation-award-2025","status":"publish","type":"post","link":"https:\/\/jornaldasoficinas.com\/pt\/ams-osram-premiada-nos-german-innovation-award-2025\/","title":{"rendered":"ams OSRAM premiada nos German Innovation Award 2025"},"content":{"rendered":"<p><strong><img loading=\"lazy\" decoding=\"async\" class=\"alignnone size-full wp-image-102875\" src=\"https:\/\/jornaldasoficinas.com\/pt\/wp-content\/uploads\/2025\/06\/ams-OSRAM-premiada-nos-German-Innovation-Award-2025.png\" alt=\"06 - ams OSRAM premiada nos German Innovation Award 2025\" width=\"1024\" height=\"581\" srcset=\"https:\/\/jornaldasoficinas.com\/pt\/wp-content\/uploads\/2025\/06\/ams-OSRAM-premiada-nos-German-Innovation-Award-2025.png 1024w, https:\/\/jornaldasoficinas.com\/pt\/wp-content\/uploads\/2025\/06\/ams-OSRAM-premiada-nos-German-Innovation-Award-2025-300x170.png 300w, https:\/\/jornaldasoficinas.com\/pt\/wp-content\/uploads\/2025\/06\/ams-OSRAM-premiada-nos-German-Innovation-Award-2025-150x85.png 150w, https:\/\/jornaldasoficinas.com\/pt\/wp-content\/uploads\/2025\/06\/ams-OSRAM-premiada-nos-German-Innovation-Award-2025-768x436.png 768w\" sizes=\"auto, (max-width: 1024px) 100vw, 1024px\" \/><\/strong><\/p>\n<p><strong>A <a href=\"https:\/\/ams-osram.com\/\" target=\"_blank\" rel=\"noopener\">ams OSRAM<\/a> recebeu tr\u00eas pr\u00e9mios na edi\u00e7\u00e3o deste ano dos German Innovation Award 2025, na categoria &#8220;Excel\u00eancia em Empresas para Consumidores&#8221;<\/strong><\/p>\n<p>Os German Innovation Award 2025 s\u00e3o atribu\u00eddos anualmente a produtos, projetos e realiza\u00e7\u00f5es pioneiras que impulsionam o progresso na sua ind\u00fastria de uma forma sustent\u00e1vel e inovadora. Os pr\u00e9mios reconhecem as empresas que enriquecem a vida de v\u00e1rios grupos-alvo atrav\u00e9s das suas inova\u00e7\u00f5es.<\/p>\n<p>A LEDguardian ROAD FLARE Signal V16 IoT recebeu um pr\u00e9mio de ouro na categoria &#8220;Excel\u00eancia em Empresas para Consumidores&#8221;. Gra\u00e7as \u00e0 sua luz laranja intermitente de 360\u00b0, a luz de aviso, homologada em Espanha, \u00e9 vis\u00edvel a grande dist\u00e2ncia, tanto de noite como de dia, o que a torna um importante fator de seguran\u00e7a no tr\u00e1fego rodovi\u00e1rio.<\/p>\n<p>Em Espanha, as luzes de aviso V16 conectadas, como a LEDguardian ROAD FLARE Signal V16 IoT, ser\u00e3o obrigat\u00f3rias a partir de 2026 e substituir\u00e3o o tri\u00e2ngulo de aviso e as luzes de aviso V16 anal\u00f3gicas. Esta solu\u00e7\u00e3o de ilumina\u00e7\u00e3o est\u00e1 ligada em rede \u00e0 plataforma espanhola DGT 3.0 e pode avisar automaticamente os outros utilizadores da estrada.<\/p>\n<p>O TYREinflate 2130 \u00e9 o novo modelo premium da gama e ganhou um pr\u00e9mio na categoria &#8220;Excel\u00eancia em Empresas para Consumidores&#8221;. Concebido para ser &#8220;r\u00e1pido&#8221; e &#8220;f\u00e1cil de utilizar&#8221;, \u00e9 capaz de encher um pneu vazio em apenas dois minutos. Tamb\u00e9m possui tecnologia auto-stop e o maior ecr\u00e3 digital da gama OSRAM. A roda &#8220;Easyset&#8221; torna a opera\u00e7\u00e3o &#8220;ainda mais f\u00e1cil&#8221;.<\/p>\n<p>Outro pr\u00e9mio vencedor foi para a popular NIGHT BREAKER LED SMART. &#8220;Esta popular l\u00e2mpada LED retrofit foi concebida para ser particularmente compacta, de modo a poder ser facilmente instalada em mais tipos de far\u00f3is, incluindo os mais pequenos. Estas l\u00e2mpadas n\u00e3o s\u00f3 estabelecem novos padr\u00f5es em termos de compacidade e compatibilidade, mas tamb\u00e9m em termos de visibilidade, durabilidade, fiabilidade e seguran\u00e7a&#8221;, referiu a ams OSRAM em comunicado.<\/p>\n<p>&#8220;Estamos orgulhosos que o j\u00fari do German Innovation Award 2025 tenha reconhecido a nossa for\u00e7a inovadora cont\u00ednua com tr\u00eas pr\u00e9mios. O nosso objetivo \u00e9 desenvolver solu\u00e7\u00f5es pioneiras em ilumina\u00e7\u00e3o e autom\u00f3vel, que melhorem a seguran\u00e7a e o conforto dos nossos clientes. Sermos reconhecidos por um j\u00fari de especialistas para um pr\u00e9mio t\u00e3o prestigiante confirma os nossos esfor\u00e7os e motiva-nos a continuar a oferecer um desempenho de topo&#8221;, concluiu Carsten Setzer, vice-presidente autom\u00f3vel da ams OSRAM.<\/p>\n","protected":false},"excerpt":{"rendered":"<p>A ams OSRAM recebeu tr\u00eas pr\u00e9mios&#8230;<\/p>\n","protected":false},"author":15,"featured_media":102875,"comment_status":"closed","ping_status":"closed","sticky":false,"template":"","format":"standard","meta":{"footnotes":""},"categories":[29],"tags":[7399,12851,12853,12852,10940,3563],"class_list":["post-102856","post","type-post","status-publish","format-standard","has-post-thumbnail","hentry","category-empresas","tag-ams-osram","tag-german-innovation-award-2025","tag-lampada-led-retrofit","tag-luzes-de-aviso","tag-premiada","tag-seguranca-rodoviaria"],"yoast_head":"<!-- This site is optimized with the Yoast SEO plugin v27.4 - https:\/\/yoast.com\/product\/yoast-seo-wordpress\/ -->\n<title>ams OSRAM premiada nos German Innovation Award 2025 - Jornal das Oficinas<\/title>\n<meta name=\"description\" content=\"A ams OSRAM recebeu tr\u00eas pr\u00e9mios na edi\u00e7\u00e3o deste ano dos German Innovation Award 2025, na categoria &quot;Excel\u00eancia em Empresas para Consumidores&quot;\" \/>\n<meta name=\"robots\" content=\"index, follow, max-snippet:-1, max-image-preview:large, max-video-preview:-1\" \/>\n<link rel=\"canonical\" href=\"https:\/\/jornaldasoficinas.com\/pt\/ams-osram-premiada-nos-german-innovation-award-2025\/\" \/>\n<meta property=\"og:locale\" content=\"pt_PT\" \/>\n<meta property=\"og:type\" content=\"article\" \/>\n<meta property=\"og:title\" content=\"ams OSRAM premiada nos German Innovation Award 2025 - Jornal das Oficinas\" \/>\n<meta property=\"og:description\" content=\"A ams OSRAM recebeu tr\u00eas pr\u00e9mios na edi\u00e7\u00e3o deste ano dos German Innovation Award 2025, na categoria &quot;Excel\u00eancia em Empresas para Consumidores&quot;\" \/>\n<meta property=\"og:url\" content=\"https:\/\/jornaldasoficinas.com\/pt\/ams-osram-premiada-nos-german-innovation-award-2025\/\" \/>\n<meta property=\"og:site_name\" content=\"Jornal das Oficinas\" \/>\n<meta property=\"article:publisher\" content=\"https:\/\/www.facebook.com\/jornaloficinas\" \/>\n<meta property=\"article:published_time\" content=\"2025-06-04T13:00:56+00:00\" \/>\n<meta property=\"og:image\" content=\"https:\/\/jornaldasoficinas.com\/pt\/wp-content\/uploads\/2025\/06\/ams-OSRAM-premiada-nos-German-Innovation-Award-2025.png\" \/>\n\t<meta property=\"og:image:width\" content=\"1024\" \/>\n\t<meta property=\"og:image:height\" content=\"581\" \/>\n\t<meta property=\"og:image:type\" content=\"image\/png\" \/>\n<meta name=\"author\" content=\"Reda\u00e7\u00e3o JO\" \/>\n<meta name=\"twitter:card\" content=\"summary_large_image\" \/>\n<meta name=\"twitter:creator\" content=\"@jornaloficinas\" \/>\n<meta name=\"twitter:site\" content=\"@jornaloficinas\" \/>\n<meta name=\"twitter:label1\" content=\"Escrito por\" \/>\n\t<meta name=\"twitter:data1\" content=\"Reda\u00e7\u00e3o JO\" \/>\n\t<meta name=\"twitter:label2\" content=\"Tempo estimado de leitura\" \/>\n\t<meta name=\"twitter:data2\" content=\"3 minutos\" \/>\n<script type=\"application\/ld+json\" class=\"yoast-schema-graph\">{\"@context\":\"https:\\\/\\\/schema.org\",\"@graph\":[{\"@type\":\"Article\",\"@id\":\"https:\\\/\\\/jornaldasoficinas.com\\\/pt\\\/ams-osram-premiada-nos-german-innovation-award-2025\\\/#article\",\"isPartOf\":{\"@id\":\"https:\\\/\\\/jornaldasoficinas.com\\\/pt\\\/ams-osram-premiada-nos-german-innovation-award-2025\\\/\"},\"author\":{\"name\":\"Reda\u00e7\u00e3o JO\",\"@id\":\"https:\\\/\\\/jornaldasoficinas.com\\\/pt\\\/#\\\/schema\\\/person\\\/a38eef5de2c41d9e7c9ac10141afddf3\"},\"headline\":\"ams OSRAM premiada nos German Innovation Award 2025\",\"datePublished\":\"2025-06-04T13:00:56+00:00\",\"mainEntityOfPage\":{\"@id\":\"https:\\\/\\\/jornaldasoficinas.com\\\/pt\\\/ams-osram-premiada-nos-german-innovation-award-2025\\\/\"},\"wordCount\":433,\"publisher\":{\"@id\":\"https:\\\/\\\/jornaldasoficinas.com\\\/pt\\\/#organization\"},\"image\":{\"@id\":\"https:\\\/\\\/jornaldasoficinas.com\\\/pt\\\/ams-osram-premiada-nos-german-innovation-award-2025\\\/#primaryimage\"},\"thumbnailUrl\":\"https:\\\/\\\/jornaldasoficinas.com\\\/pt\\\/wp-content\\\/uploads\\\/2025\\\/06\\\/ams-OSRAM-premiada-nos-German-Innovation-Award-2025.png\",\"keywords\":[\"ams OSRAM\",\"German Innovation Award 2025\",\"l\u00e2mpada LED retrofit\",\"luzes de aviso\",\"premiada\",\"Seguran\u00e7a rodovi\u00e1ria\"],\"articleSection\":[\"Empresas\"],\"inLanguage\":\"pt-PT\"},{\"@type\":\"WebPage\",\"@id\":\"https:\\\/\\\/jornaldasoficinas.com\\\/pt\\\/ams-osram-premiada-nos-german-innovation-award-2025\\\/\",\"url\":\"https:\\\/\\\/jornaldasoficinas.com\\\/pt\\\/ams-osram-premiada-nos-german-innovation-award-2025\\\/\",\"name\":\"ams OSRAM premiada nos German Innovation Award 2025 - Jornal das Oficinas\",\"isPartOf\":{\"@id\":\"https:\\\/\\\/jornaldasoficinas.com\\\/pt\\\/#website\"},\"primaryImageOfPage\":{\"@id\":\"https:\\\/\\\/jornaldasoficinas.com\\\/pt\\\/ams-osram-premiada-nos-german-innovation-award-2025\\\/#primaryimage\"},\"image\":{\"@id\":\"https:\\\/\\\/jornaldasoficinas.com\\\/pt\\\/ams-osram-premiada-nos-german-innovation-award-2025\\\/#primaryimage\"},\"thumbnailUrl\":\"https:\\\/\\\/jornaldasoficinas.com\\\/pt\\\/wp-content\\\/uploads\\\/2025\\\/06\\\/ams-OSRAM-premiada-nos-German-Innovation-Award-2025.png\",\"datePublished\":\"2025-06-04T13:00:56+00:00\",\"description\":\"A ams OSRAM recebeu tr\u00eas pr\u00e9mios na edi\u00e7\u00e3o deste ano dos German Innovation Award 2025, na categoria \\\"Excel\u00eancia em Empresas para Consumidores\\\"\",\"breadcrumb\":{\"@id\":\"https:\\\/\\\/jornaldasoficinas.com\\\/pt\\\/ams-osram-premiada-nos-german-innovation-award-2025\\\/#breadcrumb\"},\"inLanguage\":\"pt-PT\",\"potentialAction\":[{\"@type\":\"ReadAction\",\"target\":[\"https:\\\/\\\/jornaldasoficinas.com\\\/pt\\\/ams-osram-premiada-nos-german-innovation-award-2025\\\/\"]}]},{\"@type\":\"ImageObject\",\"inLanguage\":\"pt-PT\",\"@id\":\"https:\\\/\\\/jornaldasoficinas.com\\\/pt\\\/ams-osram-premiada-nos-german-innovation-award-2025\\\/#primaryimage\",\"url\":\"https:\\\/\\\/jornaldasoficinas.com\\\/pt\\\/wp-content\\\/uploads\\\/2025\\\/06\\\/ams-OSRAM-premiada-nos-German-Innovation-Award-2025.png\",\"contentUrl\":\"https:\\\/\\\/jornaldasoficinas.com\\\/pt\\\/wp-content\\\/uploads\\\/2025\\\/06\\\/ams-OSRAM-premiada-nos-German-Innovation-Award-2025.png\",\"width\":1024,\"height\":581,\"caption\":\"06 - ams OSRAM premiada nos German Innovation Award 2025\"},{\"@type\":\"BreadcrumbList\",\"@id\":\"https:\\\/\\\/jornaldasoficinas.com\\\/pt\\\/ams-osram-premiada-nos-german-innovation-award-2025\\\/#breadcrumb\",\"itemListElement\":[{\"@type\":\"ListItem\",\"position\":1,\"name\":\"In\u00edcio\",\"item\":\"https:\\\/\\\/jornaldasoficinas.com\\\/pt\\\/\"},{\"@type\":\"ListItem\",\"position\":2,\"name\":\"ams OSRAM premiada nos German Innovation Award 2025\"}]},{\"@type\":\"WebSite\",\"@id\":\"https:\\\/\\\/jornaldasoficinas.com\\\/pt\\\/#website\",\"url\":\"https:\\\/\\\/jornaldasoficinas.com\\\/pt\\\/\",\"name\":\"Jornal das Oficinas\",\"description\":\"Jornal independente do Aftermarket Autom\u00f3vel em Portugal\",\"publisher\":{\"@id\":\"https:\\\/\\\/jornaldasoficinas.com\\\/pt\\\/#organization\"},\"potentialAction\":[{\"@type\":\"SearchAction\",\"target\":{\"@type\":\"EntryPoint\",\"urlTemplate\":\"https:\\\/\\\/jornaldasoficinas.com\\\/pt\\\/?s={search_term_string}\"},\"query-input\":{\"@type\":\"PropertyValueSpecification\",\"valueRequired\":true,\"valueName\":\"search_term_string\"}}],\"inLanguage\":\"pt-PT\"},{\"@type\":\"Organization\",\"@id\":\"https:\\\/\\\/jornaldasoficinas.com\\\/pt\\\/#organization\",\"name\":\"Jornal das Oficinas\",\"url\":\"https:\\\/\\\/jornaldasoficinas.com\\\/pt\\\/\",\"logo\":{\"@type\":\"ImageObject\",\"inLanguage\":\"pt-PT\",\"@id\":\"https:\\\/\\\/jornaldasoficinas.com\\\/pt\\\/#\\\/schema\\\/logo\\\/image\\\/\",\"url\":\"https:\\\/\\\/jornaldasoficinas.com\\\/pt\\\/wp-content\\\/uploads\\\/logoJO-SEO.png\",\"contentUrl\":\"https:\\\/\\\/jornaldasoficinas.com\\\/pt\\\/wp-content\\\/uploads\\\/logoJO-SEO.png\",\"width\":285,\"height\":450,\"caption\":\"Jornal das Oficinas\"},\"image\":{\"@id\":\"https:\\\/\\\/jornaldasoficinas.com\\\/pt\\\/#\\\/schema\\\/logo\\\/image\\\/\"},\"sameAs\":[\"https:\\\/\\\/www.facebook.com\\\/jornaloficinas\",\"https:\\\/\\\/x.com\\\/jornaloficinas\",\"https:\\\/\\\/www.instagram.com\\\/jornal_oficinas\\\/\",\"https:\\\/\\\/www.linkedin.com\\\/company\\\/jornal-das-oficinas\\\/\",\"https:\\\/\\\/www.youtube.com\\\/channel\\\/UCbQZBqtcvV-oSQrr7RzINGg\"]},{\"@type\":\"Person\",\"@id\":\"https:\\\/\\\/jornaldasoficinas.com\\\/pt\\\/#\\\/schema\\\/person\\\/a38eef5de2c41d9e7c9ac10141afddf3\",\"name\":\"Reda\u00e7\u00e3o JO\",\"image\":{\"@type\":\"ImageObject\",\"inLanguage\":\"pt-PT\",\"@id\":\"https:\\\/\\\/secure.gravatar.com\\\/avatar\\\/71f2fa71737ad68a84fea94bc708ddac8ea5b0c4788dc2ad202f3ccb2887742f?s=96&d=wp_user_avatar&r=g\",\"url\":\"https:\\\/\\\/secure.gravatar.com\\\/avatar\\\/71f2fa71737ad68a84fea94bc708ddac8ea5b0c4788dc2ad202f3ccb2887742f?s=96&d=wp_user_avatar&r=g\",\"contentUrl\":\"https:\\\/\\\/secure.gravatar.com\\\/avatar\\\/71f2fa71737ad68a84fea94bc708ddac8ea5b0c4788dc2ad202f3ccb2887742f?s=96&d=wp_user_avatar&r=g\",\"caption\":\"Reda\u00e7\u00e3o JO\"},\"url\":\"https:\\\/\\\/jornaldasoficinas.com\\\/pt\\\/author\\\/joredacao\\\/\"}]}<\/script>\n<!-- \/ Yoast SEO plugin. -->","yoast_head_json":{"title":"ams OSRAM premiada nos German Innovation Award 2025 - Jornal das Oficinas","description":"A ams OSRAM recebeu tr\u00eas pr\u00e9mios na edi\u00e7\u00e3o deste ano dos German Innovation Award 2025, na categoria \"Excel\u00eancia em Empresas para Consumidores\"","robots":{"index":"index","follow":"follow","max-snippet":"max-snippet:-1","max-image-preview":"max-image-preview:large","max-video-preview":"max-video-preview:-1"},"canonical":"https:\/\/jornaldasoficinas.com\/pt\/ams-osram-premiada-nos-german-innovation-award-2025\/","og_locale":"pt_PT","og_type":"article","og_title":"ams OSRAM premiada nos German Innovation Award 2025 - Jornal das Oficinas","og_description":"A ams OSRAM recebeu tr\u00eas pr\u00e9mios na edi\u00e7\u00e3o deste ano dos German Innovation Award 2025, na categoria \"Excel\u00eancia em Empresas para Consumidores\"","og_url":"https:\/\/jornaldasoficinas.com\/pt\/ams-osram-premiada-nos-german-innovation-award-2025\/","og_site_name":"Jornal das Oficinas","article_publisher":"https:\/\/www.facebook.com\/jornaloficinas","article_published_time":"2025-06-04T13:00:56+00:00","og_image":[{"width":1024,"height":581,"url":"https:\/\/jornaldasoficinas.com\/pt\/wp-content\/uploads\/2025\/06\/ams-OSRAM-premiada-nos-German-Innovation-Award-2025.png","type":"image\/png"}],"author":"Reda\u00e7\u00e3o JO","twitter_card":"summary_large_image","twitter_creator":"@jornaloficinas","twitter_site":"@jornaloficinas","twitter_misc":{"Escrito por":"Reda\u00e7\u00e3o JO","Tempo estimado de leitura":"3 minutos"},"schema":{"@context":"https:\/\/schema.org","@graph":[{"@type":"Article","@id":"https:\/\/jornaldasoficinas.com\/pt\/ams-osram-premiada-nos-german-innovation-award-2025\/#article","isPartOf":{"@id":"https:\/\/jornaldasoficinas.com\/pt\/ams-osram-premiada-nos-german-innovation-award-2025\/"},"author":{"name":"Reda\u00e7\u00e3o JO","@id":"https:\/\/jornaldasoficinas.com\/pt\/#\/schema\/person\/a38eef5de2c41d9e7c9ac10141afddf3"},"headline":"ams OSRAM premiada nos German Innovation Award 2025","datePublished":"2025-06-04T13:00:56+00:00","mainEntityOfPage":{"@id":"https:\/\/jornaldasoficinas.com\/pt\/ams-osram-premiada-nos-german-innovation-award-2025\/"},"wordCount":433,"publisher":{"@id":"https:\/\/jornaldasoficinas.com\/pt\/#organization"},"image":{"@id":"https:\/\/jornaldasoficinas.com\/pt\/ams-osram-premiada-nos-german-innovation-award-2025\/#primaryimage"},"thumbnailUrl":"https:\/\/jornaldasoficinas.com\/pt\/wp-content\/uploads\/2025\/06\/ams-OSRAM-premiada-nos-German-Innovation-Award-2025.png","keywords":["ams OSRAM","German Innovation Award 2025","l\u00e2mpada LED retrofit","luzes de aviso","premiada","Seguran\u00e7a rodovi\u00e1ria"],"articleSection":["Empresas"],"inLanguage":"pt-PT"},{"@type":"WebPage","@id":"https:\/\/jornaldasoficinas.com\/pt\/ams-osram-premiada-nos-german-innovation-award-2025\/","url":"https:\/\/jornaldasoficinas.com\/pt\/ams-osram-premiada-nos-german-innovation-award-2025\/","name":"ams OSRAM premiada nos German Innovation Award 2025 - Jornal das Oficinas","isPartOf":{"@id":"https:\/\/jornaldasoficinas.com\/pt\/#website"},"primaryImageOfPage":{"@id":"https:\/\/jornaldasoficinas.com\/pt\/ams-osram-premiada-nos-german-innovation-award-2025\/#primaryimage"},"image":{"@id":"https:\/\/jornaldasoficinas.com\/pt\/ams-osram-premiada-nos-german-innovation-award-2025\/#primaryimage"},"thumbnailUrl":"https:\/\/jornaldasoficinas.com\/pt\/wp-content\/uploads\/2025\/06\/ams-OSRAM-premiada-nos-German-Innovation-Award-2025.png","datePublished":"2025-06-04T13:00:56+00:00","description":"A ams OSRAM recebeu tr\u00eas pr\u00e9mios na edi\u00e7\u00e3o deste ano dos German Innovation Award 2025, na categoria \"Excel\u00eancia em Empresas para Consumidores\"","breadcrumb":{"@id":"https:\/\/jornaldasoficinas.com\/pt\/ams-osram-premiada-nos-german-innovation-award-2025\/#breadcrumb"},"inLanguage":"pt-PT","potentialAction":[{"@type":"ReadAction","target":["https:\/\/jornaldasoficinas.com\/pt\/ams-osram-premiada-nos-german-innovation-award-2025\/"]}]},{"@type":"ImageObject","inLanguage":"pt-PT","@id":"https:\/\/jornaldasoficinas.com\/pt\/ams-osram-premiada-nos-german-innovation-award-2025\/#primaryimage","url":"https:\/\/jornaldasoficinas.com\/pt\/wp-content\/uploads\/2025\/06\/ams-OSRAM-premiada-nos-German-Innovation-Award-2025.png","contentUrl":"https:\/\/jornaldasoficinas.com\/pt\/wp-content\/uploads\/2025\/06\/ams-OSRAM-premiada-nos-German-Innovation-Award-2025.png","width":1024,"height":581,"caption":"06 - ams OSRAM premiada nos German Innovation Award 2025"},{"@type":"BreadcrumbList","@id":"https:\/\/jornaldasoficinas.com\/pt\/ams-osram-premiada-nos-german-innovation-award-2025\/#breadcrumb","itemListElement":[{"@type":"ListItem","position":1,"name":"In\u00edcio","item":"https:\/\/jornaldasoficinas.com\/pt\/"},{"@type":"ListItem","position":2,"name":"ams OSRAM premiada nos German Innovation Award 2025"}]},{"@type":"WebSite","@id":"https:\/\/jornaldasoficinas.com\/pt\/#website","url":"https:\/\/jornaldasoficinas.com\/pt\/","name":"Jornal das Oficinas","description":"Jornal independente do Aftermarket Autom\u00f3vel em Portugal","publisher":{"@id":"https:\/\/jornaldasoficinas.com\/pt\/#organization"},"potentialAction":[{"@type":"SearchAction","target":{"@type":"EntryPoint","urlTemplate":"https:\/\/jornaldasoficinas.com\/pt\/?s={search_term_string}"},"query-input":{"@type":"PropertyValueSpecification","valueRequired":true,"valueName":"search_term_string"}}],"inLanguage":"pt-PT"},{"@type":"Organization","@id":"https:\/\/jornaldasoficinas.com\/pt\/#organization","name":"Jornal das Oficinas","url":"https:\/\/jornaldasoficinas.com\/pt\/","logo":{"@type":"ImageObject","inLanguage":"pt-PT","@id":"https:\/\/jornaldasoficinas.com\/pt\/#\/schema\/logo\/image\/","url":"https:\/\/jornaldasoficinas.com\/pt\/wp-content\/uploads\/logoJO-SEO.png","contentUrl":"https:\/\/jornaldasoficinas.com\/pt\/wp-content\/uploads\/logoJO-SEO.png","width":285,"height":450,"caption":"Jornal das Oficinas"},"image":{"@id":"https:\/\/jornaldasoficinas.com\/pt\/#\/schema\/logo\/image\/"},"sameAs":["https:\/\/www.facebook.com\/jornaloficinas","https:\/\/x.com\/jornaloficinas","https:\/\/www.instagram.com\/jornal_oficinas\/","https:\/\/www.linkedin.com\/company\/jornal-das-oficinas\/","https:\/\/www.youtube.com\/channel\/UCbQZBqtcvV-oSQrr7RzINGg"]},{"@type":"Person","@id":"https:\/\/jornaldasoficinas.com\/pt\/#\/schema\/person\/a38eef5de2c41d9e7c9ac10141afddf3","name":"Reda\u00e7\u00e3o JO","image":{"@type":"ImageObject","inLanguage":"pt-PT","@id":"https:\/\/secure.gravatar.com\/avatar\/71f2fa71737ad68a84fea94bc708ddac8ea5b0c4788dc2ad202f3ccb2887742f?s=96&d=wp_user_avatar&r=g","url":"https:\/\/secure.gravatar.com\/avatar\/71f2fa71737ad68a84fea94bc708ddac8ea5b0c4788dc2ad202f3ccb2887742f?s=96&d=wp_user_avatar&r=g","contentUrl":"https:\/\/secure.gravatar.com\/avatar\/71f2fa71737ad68a84fea94bc708ddac8ea5b0c4788dc2ad202f3ccb2887742f?s=96&d=wp_user_avatar&r=g","caption":"Reda\u00e7\u00e3o JO"},"url":"https:\/\/jornaldasoficinas.com\/pt\/author\/joredacao\/"}]}},"_links":{"self":[{"href":"https:\/\/jornaldasoficinas.com\/pt\/wp-json\/wp\/v2\/posts\/102856","targetHints":{"allow":["GET"]}}],"collection":[{"href":"https:\/\/jornaldasoficinas.com\/pt\/wp-json\/wp\/v2\/posts"}],"about":[{"href":"https:\/\/jornaldasoficinas.com\/pt\/wp-json\/wp\/v2\/types\/post"}],"author":[{"embeddable":true,"href":"https:\/\/jornaldasoficinas.com\/pt\/wp-json\/wp\/v2\/users\/15"}],"replies":[{"embeddable":true,"href":"https:\/\/jornaldasoficinas.com\/pt\/wp-json\/wp\/v2\/comments?post=102856"}],"version-history":[{"count":5,"href":"https:\/\/jornaldasoficinas.com\/pt\/wp-json\/wp\/v2\/posts\/102856\/revisions"}],"predecessor-version":[{"id":102876,"href":"https:\/\/jornaldasoficinas.com\/pt\/wp-json\/wp\/v2\/posts\/102856\/revisions\/102876"}],"wp:featuredmedia":[{"embeddable":true,"href":"https:\/\/jornaldasoficinas.com\/pt\/wp-json\/wp\/v2\/media\/102875"}],"wp:attachment":[{"href":"https:\/\/jornaldasoficinas.com\/pt\/wp-json\/wp\/v2\/media?parent=102856"}],"wp:term":[{"taxonomy":"category","embeddable":true,"href":"https:\/\/jornaldasoficinas.com\/pt\/wp-json\/wp\/v2\/categories?post=102856"},{"taxonomy":"post_tag","embeddable":true,"href":"https:\/\/jornaldasoficinas.com\/pt\/wp-json\/wp\/v2\/tags?post=102856"}],"curies":[{"name":"wp","href":"https:\/\/api.w.org\/{rel}","templated":true}]}}