{"id":102863,"date":"2025-06-05T08:00:38","date_gmt":"2025-06-05T07:00:38","guid":{"rendered":"https:\/\/jornaldasoficinas.com\/pt\/?p=102863"},"modified":"2025-06-04T12:13:07","modified_gmt":"2025-06-04T11:13:07","slug":"bolas-s-a-reforca-presenca-na-emaf-2025","status":"publish","type":"post","link":"https:\/\/jornaldasoficinas.com\/pt\/bolas-s-a-reforca-presenca-na-emaf-2025\/","title":{"rendered":"Bolas S.A. impressiona na EMAF 2025"},"content":{"rendered":"<p><strong><img loading=\"lazy\" decoding=\"async\" class=\"alignnone size-full wp-image-102877\" src=\"https:\/\/jornaldasoficinas.com\/pt\/wp-content\/uploads\/2025\/06\/Bolas-S.A.-impressiona-na-EMAF-2025.jpg\" alt=\"06 - Bolas S.A. impressiona na EMAF 2025\" width=\"1024\" height=\"581\" srcset=\"https:\/\/jornaldasoficinas.com\/pt\/wp-content\/uploads\/2025\/06\/Bolas-S.A.-impressiona-na-EMAF-2025.jpg 1024w, https:\/\/jornaldasoficinas.com\/pt\/wp-content\/uploads\/2025\/06\/Bolas-S.A.-impressiona-na-EMAF-2025-300x170.jpg 300w, https:\/\/jornaldasoficinas.com\/pt\/wp-content\/uploads\/2025\/06\/Bolas-S.A.-impressiona-na-EMAF-2025-150x85.jpg 150w, https:\/\/jornaldasoficinas.com\/pt\/wp-content\/uploads\/2025\/06\/Bolas-S.A.-impressiona-na-EMAF-2025-768x436.jpg 768w\" sizes=\"auto, (max-width: 1024px) 100vw, 1024px\" \/><\/strong><\/p>\n<p><strong>Com um stand alargado, demonstra\u00e7\u00f5es ao vivo e 16 marcas em destaque, a <a href=\"https:\/\/www.bolas.pt\/pt\/\" target=\"_blank\" rel=\"noopener\">Bolas S.A.<\/a> atraiu aten\u00e7\u00f5es na EMAF 2025 e mostrou porque continua a ser uma refer\u00eancia no setor industrial\u00a0<\/strong><\/p>\n<p>&#8220;Este ano, a empresa voltou a apostar na visibilidade e na experi\u00eancia dos visitantes, ampliando a \u00e1rea do seu stand para 360 m2, com um espa\u00e7o de quatro frentes, estrategicamente localizado no Pavilh\u00e3o 4&#8221;, come\u00e7ou por dar conta a Bolas S.A.<\/p>\n<p>No stand estiveram representadas 16 marcas de refer\u00eancia internacional, atrav\u00e9s de diversas tipologias de produto, nomeadamente: ferramentas manuais e el\u00e9tricas, sistemas de medi\u00e7\u00e3o, abrasivos, soldadura, corte, compressores, ilumina\u00e7\u00e3o t\u00e9cnica, aspira\u00e7\u00e3o industrial, pintura e lubrifica\u00e7\u00e3o.<\/p>\n<p>Estiveram em destaque nomes como Beta, Metabo, Telwin, Fini, Stabila, Imet e Lukas, que, em conjunto com outras reconhecidas como Bessey, Eclipse, Raasm, Scangrip, Aerservice, Asturo-Mec, BM2, Jepson e Ecoservice, asseguram uma oferta completa e de elevada qualidade para as mais diversas necessidades da ind\u00fastria em geral.<\/p>\n<p>O stand contou com demonstra\u00e7\u00f5es ao vivo e atendimento especializado, refor\u00e7ando o compromisso da Bolas S.A. em oferecer solu\u00e7\u00f5es de qualidade e alto desempenho para o profissional exigente.<\/p>\n<p>A EMAF 2025 foi ainda palco do lan\u00e7amento oficial do novo folheto &#8220;<a href=\"https:\/\/www.bolas.pt\/downloads\/file192_pt.pdf?cbid=466&amp;cbida=3&amp;cbid=468&amp;cbida=3\" target=\"_blank\" rel=\"noopener\">Solu\u00e7\u00f5es para a Ind\u00fastria 2025\/26<\/a>&#8220;, uma publica\u00e7\u00e3o da Bolas S.A. que re\u00fane a sua vasta oferta, organizada por \u00e1reas de aplica\u00e7\u00e3o e com foco na melhoria da produtividade e da seguran\u00e7a no ambiente de trabalho.<\/p>\n<p>&#8220;A presen\u00e7a da Bolas S.A. na EMAF 2025 refor\u00e7a o seu compromisso com a inova\u00e7\u00e3o, a proximidade ao mercado e a excel\u00eancia no apoio \u00e0 ind\u00fastria nacional. Mais do que uma montra de produtos, o stand foi pensado como um espa\u00e7o de partilha de conhecimento, de contacto direto com os revendedores\/utilizadores e de constru\u00e7\u00e3o de solu\u00e7\u00f5es \u00e0 medida dos desafios atuais do setor&#8221;, concluiu a marca em comunicado.<\/p>\n","protected":false},"excerpt":{"rendered":"<p>Com um stand alargado, demonstra\u00e7\u00f5es ao&#8230;<\/p>\n","protected":false},"author":15,"featured_media":102877,"comment_status":"closed","ping_status":"closed","sticky":false,"template":"","format":"standard","meta":{"footnotes":""},"categories":[29],"tags":[12856,12854,10367,12855,8869,12857],"class_list":["post-102863","post","type-post","status-publish","format-standard","has-post-thumbnail","hentry","category-empresas","tag-16-marcas","tag-bolas-s-a","tag-demonstracoes-ao-vivo","tag-emaf-2025","tag-setor-industrial","tag-stand-alargado"],"yoast_head":"<!-- This site is optimized with the Yoast SEO plugin v27.4 - https:\/\/yoast.com\/product\/yoast-seo-wordpress\/ -->\n<title>Bolas S.A. impressiona na EMAF 2025 - Jornal das Oficinas<\/title>\n<meta name=\"description\" content=\"Com um stand alargado, demonstra\u00e7\u00f5es ao vivo e 16 marcas em destaque, a Bolas S.A. atraiu aten\u00e7\u00f5es na EMAF 2025\" \/>\n<meta name=\"robots\" content=\"index, follow, max-snippet:-1, max-image-preview:large, max-video-preview:-1\" \/>\n<link rel=\"canonical\" href=\"https:\/\/jornaldasoficinas.com\/pt\/bolas-s-a-reforca-presenca-na-emaf-2025\/\" \/>\n<meta property=\"og:locale\" content=\"pt_PT\" \/>\n<meta property=\"og:type\" content=\"article\" \/>\n<meta property=\"og:title\" content=\"Bolas S.A. impressiona na EMAF 2025 - Jornal das Oficinas\" \/>\n<meta property=\"og:description\" content=\"Com um stand alargado, demonstra\u00e7\u00f5es ao vivo e 16 marcas em destaque, a Bolas S.A. atraiu aten\u00e7\u00f5es na EMAF 2025\" \/>\n<meta property=\"og:url\" content=\"https:\/\/jornaldasoficinas.com\/pt\/bolas-s-a-reforca-presenca-na-emaf-2025\/\" \/>\n<meta property=\"og:site_name\" content=\"Jornal das Oficinas\" \/>\n<meta property=\"article:publisher\" content=\"https:\/\/www.facebook.com\/jornaloficinas\" \/>\n<meta property=\"article:published_time\" content=\"2025-06-05T07:00:38+00:00\" \/>\n<meta property=\"og:image\" content=\"https:\/\/jornaldasoficinas.com\/pt\/wp-content\/uploads\/2025\/06\/Bolas-S.A.-impressiona-na-EMAF-2025.jpg\" \/>\n\t<meta property=\"og:image:width\" content=\"1024\" \/>\n\t<meta property=\"og:image:height\" content=\"581\" \/>\n\t<meta property=\"og:image:type\" content=\"image\/jpeg\" \/>\n<meta name=\"author\" content=\"Reda\u00e7\u00e3o JO\" \/>\n<meta name=\"twitter:card\" content=\"summary_large_image\" \/>\n<meta name=\"twitter:creator\" content=\"@jornaloficinas\" \/>\n<meta name=\"twitter:site\" content=\"@jornaloficinas\" \/>\n<meta name=\"twitter:label1\" content=\"Escrito por\" \/>\n\t<meta name=\"twitter:data1\" content=\"Reda\u00e7\u00e3o JO\" \/>\n\t<meta name=\"twitter:label2\" content=\"Tempo estimado de leitura\" \/>\n\t<meta name=\"twitter:data2\" content=\"3 minutos\" \/>\n<script type=\"application\/ld+json\" class=\"yoast-schema-graph\">{\"@context\":\"https:\\\/\\\/schema.org\",\"@graph\":[{\"@type\":\"Article\",\"@id\":\"https:\\\/\\\/jornaldasoficinas.com\\\/pt\\\/bolas-s-a-reforca-presenca-na-emaf-2025\\\/#article\",\"isPartOf\":{\"@id\":\"https:\\\/\\\/jornaldasoficinas.com\\\/pt\\\/bolas-s-a-reforca-presenca-na-emaf-2025\\\/\"},\"author\":{\"name\":\"Reda\u00e7\u00e3o JO\",\"@id\":\"https:\\\/\\\/jornaldasoficinas.com\\\/pt\\\/#\\\/schema\\\/person\\\/a38eef5de2c41d9e7c9ac10141afddf3\"},\"headline\":\"Bolas S.A. impressiona na EMAF 2025\",\"datePublished\":\"2025-06-05T07:00:38+00:00\",\"mainEntityOfPage\":{\"@id\":\"https:\\\/\\\/jornaldasoficinas.com\\\/pt\\\/bolas-s-a-reforca-presenca-na-emaf-2025\\\/\"},\"wordCount\":332,\"publisher\":{\"@id\":\"https:\\\/\\\/jornaldasoficinas.com\\\/pt\\\/#organization\"},\"image\":{\"@id\":\"https:\\\/\\\/jornaldasoficinas.com\\\/pt\\\/bolas-s-a-reforca-presenca-na-emaf-2025\\\/#primaryimage\"},\"thumbnailUrl\":\"https:\\\/\\\/jornaldasoficinas.com\\\/pt\\\/wp-content\\\/uploads\\\/2025\\\/06\\\/Bolas-S.A.-impressiona-na-EMAF-2025.jpg\",\"keywords\":[\"16 marcas\",\"Bolas S.A.\",\"demonstra\u00e7\u00f5es ao vivo\",\"EMAF 2025\",\"setor industrial\",\"stand alargado\"],\"articleSection\":[\"Empresas\"],\"inLanguage\":\"pt-PT\"},{\"@type\":\"WebPage\",\"@id\":\"https:\\\/\\\/jornaldasoficinas.com\\\/pt\\\/bolas-s-a-reforca-presenca-na-emaf-2025\\\/\",\"url\":\"https:\\\/\\\/jornaldasoficinas.com\\\/pt\\\/bolas-s-a-reforca-presenca-na-emaf-2025\\\/\",\"name\":\"Bolas S.A. impressiona na EMAF 2025 - Jornal das Oficinas\",\"isPartOf\":{\"@id\":\"https:\\\/\\\/jornaldasoficinas.com\\\/pt\\\/#website\"},\"primaryImageOfPage\":{\"@id\":\"https:\\\/\\\/jornaldasoficinas.com\\\/pt\\\/bolas-s-a-reforca-presenca-na-emaf-2025\\\/#primaryimage\"},\"image\":{\"@id\":\"https:\\\/\\\/jornaldasoficinas.com\\\/pt\\\/bolas-s-a-reforca-presenca-na-emaf-2025\\\/#primaryimage\"},\"thumbnailUrl\":\"https:\\\/\\\/jornaldasoficinas.com\\\/pt\\\/wp-content\\\/uploads\\\/2025\\\/06\\\/Bolas-S.A.-impressiona-na-EMAF-2025.jpg\",\"datePublished\":\"2025-06-05T07:00:38+00:00\",\"description\":\"Com um stand alargado, demonstra\u00e7\u00f5es ao vivo e 16 marcas em destaque, a Bolas S.A. atraiu aten\u00e7\u00f5es na EMAF 2025\",\"breadcrumb\":{\"@id\":\"https:\\\/\\\/jornaldasoficinas.com\\\/pt\\\/bolas-s-a-reforca-presenca-na-emaf-2025\\\/#breadcrumb\"},\"inLanguage\":\"pt-PT\",\"potentialAction\":[{\"@type\":\"ReadAction\",\"target\":[\"https:\\\/\\\/jornaldasoficinas.com\\\/pt\\\/bolas-s-a-reforca-presenca-na-emaf-2025\\\/\"]}]},{\"@type\":\"ImageObject\",\"inLanguage\":\"pt-PT\",\"@id\":\"https:\\\/\\\/jornaldasoficinas.com\\\/pt\\\/bolas-s-a-reforca-presenca-na-emaf-2025\\\/#primaryimage\",\"url\":\"https:\\\/\\\/jornaldasoficinas.com\\\/pt\\\/wp-content\\\/uploads\\\/2025\\\/06\\\/Bolas-S.A.-impressiona-na-EMAF-2025.jpg\",\"contentUrl\":\"https:\\\/\\\/jornaldasoficinas.com\\\/pt\\\/wp-content\\\/uploads\\\/2025\\\/06\\\/Bolas-S.A.-impressiona-na-EMAF-2025.jpg\",\"width\":1024,\"height\":581,\"caption\":\"06 - Bolas S.A. impressiona na EMAF 2025\"},{\"@type\":\"BreadcrumbList\",\"@id\":\"https:\\\/\\\/jornaldasoficinas.com\\\/pt\\\/bolas-s-a-reforca-presenca-na-emaf-2025\\\/#breadcrumb\",\"itemListElement\":[{\"@type\":\"ListItem\",\"position\":1,\"name\":\"In\u00edcio\",\"item\":\"https:\\\/\\\/jornaldasoficinas.com\\\/pt\\\/\"},{\"@type\":\"ListItem\",\"position\":2,\"name\":\"Bolas S.A. impressiona na EMAF 2025\"}]},{\"@type\":\"WebSite\",\"@id\":\"https:\\\/\\\/jornaldasoficinas.com\\\/pt\\\/#website\",\"url\":\"https:\\\/\\\/jornaldasoficinas.com\\\/pt\\\/\",\"name\":\"Jornal das Oficinas\",\"description\":\"Jornal independente do Aftermarket Autom\u00f3vel em Portugal\",\"publisher\":{\"@id\":\"https:\\\/\\\/jornaldasoficinas.com\\\/pt\\\/#organization\"},\"potentialAction\":[{\"@type\":\"SearchAction\",\"target\":{\"@type\":\"EntryPoint\",\"urlTemplate\":\"https:\\\/\\\/jornaldasoficinas.com\\\/pt\\\/?s={search_term_string}\"},\"query-input\":{\"@type\":\"PropertyValueSpecification\",\"valueRequired\":true,\"valueName\":\"search_term_string\"}}],\"inLanguage\":\"pt-PT\"},{\"@type\":\"Organization\",\"@id\":\"https:\\\/\\\/jornaldasoficinas.com\\\/pt\\\/#organization\",\"name\":\"Jornal das Oficinas\",\"url\":\"https:\\\/\\\/jornaldasoficinas.com\\\/pt\\\/\",\"logo\":{\"@type\":\"ImageObject\",\"inLanguage\":\"pt-PT\",\"@id\":\"https:\\\/\\\/jornaldasoficinas.com\\\/pt\\\/#\\\/schema\\\/logo\\\/image\\\/\",\"url\":\"https:\\\/\\\/jornaldasoficinas.com\\\/pt\\\/wp-content\\\/uploads\\\/logoJO-SEO.png\",\"contentUrl\":\"https:\\\/\\\/jornaldasoficinas.com\\\/pt\\\/wp-content\\\/uploads\\\/logoJO-SEO.png\",\"width\":285,\"height\":450,\"caption\":\"Jornal das Oficinas\"},\"image\":{\"@id\":\"https:\\\/\\\/jornaldasoficinas.com\\\/pt\\\/#\\\/schema\\\/logo\\\/image\\\/\"},\"sameAs\":[\"https:\\\/\\\/www.facebook.com\\\/jornaloficinas\",\"https:\\\/\\\/x.com\\\/jornaloficinas\",\"https:\\\/\\\/www.instagram.com\\\/jornal_oficinas\\\/\",\"https:\\\/\\\/www.linkedin.com\\\/company\\\/jornal-das-oficinas\\\/\",\"https:\\\/\\\/www.youtube.com\\\/channel\\\/UCbQZBqtcvV-oSQrr7RzINGg\"]},{\"@type\":\"Person\",\"@id\":\"https:\\\/\\\/jornaldasoficinas.com\\\/pt\\\/#\\\/schema\\\/person\\\/a38eef5de2c41d9e7c9ac10141afddf3\",\"name\":\"Reda\u00e7\u00e3o JO\",\"image\":{\"@type\":\"ImageObject\",\"inLanguage\":\"pt-PT\",\"@id\":\"https:\\\/\\\/secure.gravatar.com\\\/avatar\\\/71f2fa71737ad68a84fea94bc708ddac8ea5b0c4788dc2ad202f3ccb2887742f?s=96&d=wp_user_avatar&r=g\",\"url\":\"https:\\\/\\\/secure.gravatar.com\\\/avatar\\\/71f2fa71737ad68a84fea94bc708ddac8ea5b0c4788dc2ad202f3ccb2887742f?s=96&d=wp_user_avatar&r=g\",\"contentUrl\":\"https:\\\/\\\/secure.gravatar.com\\\/avatar\\\/71f2fa71737ad68a84fea94bc708ddac8ea5b0c4788dc2ad202f3ccb2887742f?s=96&d=wp_user_avatar&r=g\",\"caption\":\"Reda\u00e7\u00e3o JO\"},\"url\":\"https:\\\/\\\/jornaldasoficinas.com\\\/pt\\\/author\\\/joredacao\\\/\"}]}<\/script>\n<!-- \/ Yoast SEO plugin. -->","yoast_head_json":{"title":"Bolas S.A. impressiona na EMAF 2025 - Jornal das Oficinas","description":"Com um stand alargado, demonstra\u00e7\u00f5es ao vivo e 16 marcas em destaque, a Bolas S.A. atraiu aten\u00e7\u00f5es na EMAF 2025","robots":{"index":"index","follow":"follow","max-snippet":"max-snippet:-1","max-image-preview":"max-image-preview:large","max-video-preview":"max-video-preview:-1"},"canonical":"https:\/\/jornaldasoficinas.com\/pt\/bolas-s-a-reforca-presenca-na-emaf-2025\/","og_locale":"pt_PT","og_type":"article","og_title":"Bolas S.A. impressiona na EMAF 2025 - Jornal das Oficinas","og_description":"Com um stand alargado, demonstra\u00e7\u00f5es ao vivo e 16 marcas em destaque, a Bolas S.A. atraiu aten\u00e7\u00f5es na EMAF 2025","og_url":"https:\/\/jornaldasoficinas.com\/pt\/bolas-s-a-reforca-presenca-na-emaf-2025\/","og_site_name":"Jornal das Oficinas","article_publisher":"https:\/\/www.facebook.com\/jornaloficinas","article_published_time":"2025-06-05T07:00:38+00:00","og_image":[{"width":1024,"height":581,"url":"https:\/\/jornaldasoficinas.com\/pt\/wp-content\/uploads\/2025\/06\/Bolas-S.A.-impressiona-na-EMAF-2025.jpg","type":"image\/jpeg"}],"author":"Reda\u00e7\u00e3o JO","twitter_card":"summary_large_image","twitter_creator":"@jornaloficinas","twitter_site":"@jornaloficinas","twitter_misc":{"Escrito por":"Reda\u00e7\u00e3o JO","Tempo estimado de leitura":"3 minutos"},"schema":{"@context":"https:\/\/schema.org","@graph":[{"@type":"Article","@id":"https:\/\/jornaldasoficinas.com\/pt\/bolas-s-a-reforca-presenca-na-emaf-2025\/#article","isPartOf":{"@id":"https:\/\/jornaldasoficinas.com\/pt\/bolas-s-a-reforca-presenca-na-emaf-2025\/"},"author":{"name":"Reda\u00e7\u00e3o JO","@id":"https:\/\/jornaldasoficinas.com\/pt\/#\/schema\/person\/a38eef5de2c41d9e7c9ac10141afddf3"},"headline":"Bolas S.A. impressiona na EMAF 2025","datePublished":"2025-06-05T07:00:38+00:00","mainEntityOfPage":{"@id":"https:\/\/jornaldasoficinas.com\/pt\/bolas-s-a-reforca-presenca-na-emaf-2025\/"},"wordCount":332,"publisher":{"@id":"https:\/\/jornaldasoficinas.com\/pt\/#organization"},"image":{"@id":"https:\/\/jornaldasoficinas.com\/pt\/bolas-s-a-reforca-presenca-na-emaf-2025\/#primaryimage"},"thumbnailUrl":"https:\/\/jornaldasoficinas.com\/pt\/wp-content\/uploads\/2025\/06\/Bolas-S.A.-impressiona-na-EMAF-2025.jpg","keywords":["16 marcas","Bolas S.A.","demonstra\u00e7\u00f5es ao vivo","EMAF 2025","setor industrial","stand alargado"],"articleSection":["Empresas"],"inLanguage":"pt-PT"},{"@type":"WebPage","@id":"https:\/\/jornaldasoficinas.com\/pt\/bolas-s-a-reforca-presenca-na-emaf-2025\/","url":"https:\/\/jornaldasoficinas.com\/pt\/bolas-s-a-reforca-presenca-na-emaf-2025\/","name":"Bolas S.A. impressiona na EMAF 2025 - Jornal das Oficinas","isPartOf":{"@id":"https:\/\/jornaldasoficinas.com\/pt\/#website"},"primaryImageOfPage":{"@id":"https:\/\/jornaldasoficinas.com\/pt\/bolas-s-a-reforca-presenca-na-emaf-2025\/#primaryimage"},"image":{"@id":"https:\/\/jornaldasoficinas.com\/pt\/bolas-s-a-reforca-presenca-na-emaf-2025\/#primaryimage"},"thumbnailUrl":"https:\/\/jornaldasoficinas.com\/pt\/wp-content\/uploads\/2025\/06\/Bolas-S.A.-impressiona-na-EMAF-2025.jpg","datePublished":"2025-06-05T07:00:38+00:00","description":"Com um stand alargado, demonstra\u00e7\u00f5es ao vivo e 16 marcas em destaque, a Bolas S.A. atraiu aten\u00e7\u00f5es na EMAF 2025","breadcrumb":{"@id":"https:\/\/jornaldasoficinas.com\/pt\/bolas-s-a-reforca-presenca-na-emaf-2025\/#breadcrumb"},"inLanguage":"pt-PT","potentialAction":[{"@type":"ReadAction","target":["https:\/\/jornaldasoficinas.com\/pt\/bolas-s-a-reforca-presenca-na-emaf-2025\/"]}]},{"@type":"ImageObject","inLanguage":"pt-PT","@id":"https:\/\/jornaldasoficinas.com\/pt\/bolas-s-a-reforca-presenca-na-emaf-2025\/#primaryimage","url":"https:\/\/jornaldasoficinas.com\/pt\/wp-content\/uploads\/2025\/06\/Bolas-S.A.-impressiona-na-EMAF-2025.jpg","contentUrl":"https:\/\/jornaldasoficinas.com\/pt\/wp-content\/uploads\/2025\/06\/Bolas-S.A.-impressiona-na-EMAF-2025.jpg","width":1024,"height":581,"caption":"06 - Bolas S.A. impressiona na EMAF 2025"},{"@type":"BreadcrumbList","@id":"https:\/\/jornaldasoficinas.com\/pt\/bolas-s-a-reforca-presenca-na-emaf-2025\/#breadcrumb","itemListElement":[{"@type":"ListItem","position":1,"name":"In\u00edcio","item":"https:\/\/jornaldasoficinas.com\/pt\/"},{"@type":"ListItem","position":2,"name":"Bolas S.A. impressiona na EMAF 2025"}]},{"@type":"WebSite","@id":"https:\/\/jornaldasoficinas.com\/pt\/#website","url":"https:\/\/jornaldasoficinas.com\/pt\/","name":"Jornal das Oficinas","description":"Jornal independente do Aftermarket Autom\u00f3vel em Portugal","publisher":{"@id":"https:\/\/jornaldasoficinas.com\/pt\/#organization"},"potentialAction":[{"@type":"SearchAction","target":{"@type":"EntryPoint","urlTemplate":"https:\/\/jornaldasoficinas.com\/pt\/?s={search_term_string}"},"query-input":{"@type":"PropertyValueSpecification","valueRequired":true,"valueName":"search_term_string"}}],"inLanguage":"pt-PT"},{"@type":"Organization","@id":"https:\/\/jornaldasoficinas.com\/pt\/#organization","name":"Jornal das Oficinas","url":"https:\/\/jornaldasoficinas.com\/pt\/","logo":{"@type":"ImageObject","inLanguage":"pt-PT","@id":"https:\/\/jornaldasoficinas.com\/pt\/#\/schema\/logo\/image\/","url":"https:\/\/jornaldasoficinas.com\/pt\/wp-content\/uploads\/logoJO-SEO.png","contentUrl":"https:\/\/jornaldasoficinas.com\/pt\/wp-content\/uploads\/logoJO-SEO.png","width":285,"height":450,"caption":"Jornal das Oficinas"},"image":{"@id":"https:\/\/jornaldasoficinas.com\/pt\/#\/schema\/logo\/image\/"},"sameAs":["https:\/\/www.facebook.com\/jornaloficinas","https:\/\/x.com\/jornaloficinas","https:\/\/www.instagram.com\/jornal_oficinas\/","https:\/\/www.linkedin.com\/company\/jornal-das-oficinas\/","https:\/\/www.youtube.com\/channel\/UCbQZBqtcvV-oSQrr7RzINGg"]},{"@type":"Person","@id":"https:\/\/jornaldasoficinas.com\/pt\/#\/schema\/person\/a38eef5de2c41d9e7c9ac10141afddf3","name":"Reda\u00e7\u00e3o JO","image":{"@type":"ImageObject","inLanguage":"pt-PT","@id":"https:\/\/secure.gravatar.com\/avatar\/71f2fa71737ad68a84fea94bc708ddac8ea5b0c4788dc2ad202f3ccb2887742f?s=96&d=wp_user_avatar&r=g","url":"https:\/\/secure.gravatar.com\/avatar\/71f2fa71737ad68a84fea94bc708ddac8ea5b0c4788dc2ad202f3ccb2887742f?s=96&d=wp_user_avatar&r=g","contentUrl":"https:\/\/secure.gravatar.com\/avatar\/71f2fa71737ad68a84fea94bc708ddac8ea5b0c4788dc2ad202f3ccb2887742f?s=96&d=wp_user_avatar&r=g","caption":"Reda\u00e7\u00e3o JO"},"url":"https:\/\/jornaldasoficinas.com\/pt\/author\/joredacao\/"}]}},"_links":{"self":[{"href":"https:\/\/jornaldasoficinas.com\/pt\/wp-json\/wp\/v2\/posts\/102863","targetHints":{"allow":["GET"]}}],"collection":[{"href":"https:\/\/jornaldasoficinas.com\/pt\/wp-json\/wp\/v2\/posts"}],"about":[{"href":"https:\/\/jornaldasoficinas.com\/pt\/wp-json\/wp\/v2\/types\/post"}],"author":[{"embeddable":true,"href":"https:\/\/jornaldasoficinas.com\/pt\/wp-json\/wp\/v2\/users\/15"}],"replies":[{"embeddable":true,"href":"https:\/\/jornaldasoficinas.com\/pt\/wp-json\/wp\/v2\/comments?post=102863"}],"version-history":[{"count":6,"href":"https:\/\/jornaldasoficinas.com\/pt\/wp-json\/wp\/v2\/posts\/102863\/revisions"}],"predecessor-version":[{"id":102878,"href":"https:\/\/jornaldasoficinas.com\/pt\/wp-json\/wp\/v2\/posts\/102863\/revisions\/102878"}],"wp:featuredmedia":[{"embeddable":true,"href":"https:\/\/jornaldasoficinas.com\/pt\/wp-json\/wp\/v2\/media\/102877"}],"wp:attachment":[{"href":"https:\/\/jornaldasoficinas.com\/pt\/wp-json\/wp\/v2\/media?parent=102863"}],"wp:term":[{"taxonomy":"category","embeddable":true,"href":"https:\/\/jornaldasoficinas.com\/pt\/wp-json\/wp\/v2\/categories?post=102863"},{"taxonomy":"post_tag","embeddable":true,"href":"https:\/\/jornaldasoficinas.com\/pt\/wp-json\/wp\/v2\/tags?post=102863"}],"curies":[{"name":"wp","href":"https:\/\/api.w.org\/{rel}","templated":true}]}}