{"id":102948,"date":"2025-06-06T18:00:40","date_gmt":"2025-06-06T17:00:40","guid":{"rendered":"https:\/\/jornaldasoficinas.com\/pt\/?p=102948"},"modified":"2025-06-05T14:34:51","modified_gmt":"2025-06-05T13:34:51","slug":"volvo-lanca-primeiro-cinto-de-seguranca-adaptativo-do-mundo","status":"publish","type":"post","link":"https:\/\/jornaldasoficinas.com\/pt\/volvo-lanca-primeiro-cinto-de-seguranca-adaptativo-do-mundo\/","title":{"rendered":"Volvo lan\u00e7a primeiro cinto de seguran\u00e7a adaptativo do mundo"},"content":{"rendered":"<p><img loading=\"lazy\" decoding=\"async\" class=\"size-full wp-image-102955\" src=\"https:\/\/jornaldasoficinas.com\/pt\/wp-content\/uploads\/2025\/06\/Volvo-lanca-primeiro-cinto-de-seguranca-adaptativo-do-mundo.jpg\" alt=\"06 - Volvo lanca primeiro cinto de seguranca adaptativo do mundo\" width=\"1024\" height=\"581\" srcset=\"https:\/\/jornaldasoficinas.com\/pt\/wp-content\/uploads\/2025\/06\/Volvo-lanca-primeiro-cinto-de-seguranca-adaptativo-do-mundo.jpg 1024w, https:\/\/jornaldasoficinas.com\/pt\/wp-content\/uploads\/2025\/06\/Volvo-lanca-primeiro-cinto-de-seguranca-adaptativo-do-mundo-300x170.jpg 300w, https:\/\/jornaldasoficinas.com\/pt\/wp-content\/uploads\/2025\/06\/Volvo-lanca-primeiro-cinto-de-seguranca-adaptativo-do-mundo-150x85.jpg 150w, https:\/\/jornaldasoficinas.com\/pt\/wp-content\/uploads\/2025\/06\/Volvo-lanca-primeiro-cinto-de-seguranca-adaptativo-do-mundo-768x436.jpg 768w\" sizes=\"auto, (max-width: 1024px) 100vw, 1024px\" \/><\/p>\n<p><strong>A <a href=\"https:\/\/www.volvocars.com\/\" target=\"_blank\" rel=\"noopener\">Volvo<\/a> apresenta o primeiro cinto de seguran\u00e7a multi-adaptativo, que se ajusta em tempo real a cada passageiro e acidente, marcando uma nova era na seguran\u00e7a autom\u00f3vel\u00a0<\/strong><\/p>\n<p>Depois de ter inventado o cinto de seguran\u00e7a de tr\u00eas pontos em 1959 \u2014 cuja patente abriu a toda a ind\u00fastria autom\u00f3vel \u2014 a Volvo volta a fazer hist\u00f3ria com o lan\u00e7amento do primeiro cinto de seguran\u00e7a multi-adaptativo do mundo. Esta inova\u00e7\u00e3o, que promete salvar ainda mais vidas, ser\u00e1 estreada no novo Volvo EX60 totalmente el\u00e9trico, com chegada prevista para 2026.<\/p>\n<p>Este novo cinto utiliza tecnologia avan\u00e7ada e sensores inteligentes, tanto no interior como no exterior do ve\u00edculo, para se ajustar em tempo real \u00e0s caracter\u00edsticas f\u00edsicas de cada ocupante e \u00e0s circunst\u00e2ncias espec\u00edficas de cada colis\u00e3o. Fatores como altura, peso, morfologia, posi\u00e7\u00e3o sentada e a din\u00e2mica precisa do impacto s\u00e3o analisados para aplicar uma for\u00e7a de reten\u00e7\u00e3o personalizada, aumentando exponencialmente a efic\u00e1cia da prote\u00e7\u00e3o.<\/p>\n<p>Com esta tecnologia, os perfis de limita\u00e7\u00e3o de carga passam de tr\u00eas para onze n\u00edveis distintos, oferecendo um controlo muito mais preciso. Por exemplo, passageiros de maior porte, em acidentes graves, recebem uma for\u00e7a de conten\u00e7\u00e3o mais elevada, enquanto passageiros mais leves, em colis\u00f5es ligeiras, s\u00e3o protegidos com uma for\u00e7a reduzida \u2014 evitando les\u00f5es como fraturas nas costelas.<\/p>\n<p>Tal como aconteceu com o cinto de tr\u00eas pontos \u2014 que se estima j\u00e1 ter salvado mais de um milh\u00e3o de vidas \u2014 a Volvo disponibilizar\u00e1 esta nova tecnologia sem patente exclusiva, permitindo que outras marcas possam adot\u00e1-la. Esta decis\u00e3o refor\u00e7a a lideran\u00e7a \u00e9tica e t\u00e9cnica da marca sueca, colocando a seguran\u00e7a de todos acima da concorr\u00eancia.<\/p>\n<p>&#8220;O primeiro cinto de seguran\u00e7a multi-adaptativo do mundo representa um novo marco para a seguran\u00e7a autom\u00f3vel mundial e \u00e9 um excelente exemplo de como utilizamos dados em tempo real com a ambi\u00e7\u00e3o de salvar milh\u00f5es de vidas&#8221;, afirmou \u00c5sa Haglund, diretora do Volvo Cars Safety Centre.<\/p>\n<p>A tecnologia \u00e9 sustentada por mais de 50 anos de dados reais de acidentes, com uma base que j\u00e1 integra mais de 80.000 ocupantes, permitindo replicar cen\u00e1rios complexos al\u00e9m das exig\u00eancias legais. O novo cinto foi desenvolvido no ic\u00f3nico laborat\u00f3rio de colis\u00e3o da marca, que comemora agora 25 anos de investiga\u00e7\u00e3o aplicada.<\/p>\n<p>Este novo dispositivo integra-se num ecossistema de seguran\u00e7a mais amplo, em articula\u00e7\u00e3o com airbags, sensores de ocupantes e sistemas de assist\u00eancia \u00e0 condu\u00e7\u00e3o. Al\u00e9m disso, beneficiar\u00e1 de atualiza\u00e7\u00f5es de software over-the-air, tornando-se cada vez mais inteligente ao longo do tempo.<\/p>\n<p>A Volvo continua, assim, a escrever a hist\u00f3ria da seguran\u00e7a rodovi\u00e1ria. Com quase um s\u00e9culo de inova\u00e7\u00f5es, como o airbag lateral (1994), o sistema WHIPS contra les\u00f5es cervicais (1998) ou o City Safety com travagem autom\u00e1tica (2008), a marca refor\u00e7a a sua miss\u00e3o original: proteger vidas.<\/p>\n","protected":false},"excerpt":{"rendered":"<p>A Volvo apresenta o primeiro cinto&#8230;<\/p>\n","protected":false},"author":15,"featured_media":102955,"comment_status":"closed","ping_status":"closed","sticky":false,"template":"","format":"standard","meta":{"footnotes":""},"categories":[29],"tags":[12874,7465,8008,12875,9072,488],"class_list":["post-102948","post","type-post","status-publish","format-standard","has-post-thumbnail","hentry","category-empresas","tag-cinto-de-seguranca","tag-novidade","tag-seguranca-automovel","tag-sensores-inteligentes","tag-tecnologia-avancada","tag-volvo"],"yoast_head":"<!-- This site is optimized with the Yoast SEO plugin v27.4 - https:\/\/yoast.com\/product\/yoast-seo-wordpress\/ -->\n<title>Volvo lan\u00e7a primeiro cinto de seguran\u00e7a adaptativo do mundo - Jornal das Oficinas<\/title>\n<meta name=\"description\" content=\"A Volvo apresenta o primeiro cinto de seguran\u00e7a multi-adaptativo, que se ajusta em tempo real a cada passageiro e acidente\" \/>\n<meta name=\"robots\" content=\"index, follow, max-snippet:-1, max-image-preview:large, max-video-preview:-1\" \/>\n<link rel=\"canonical\" href=\"https:\/\/jornaldasoficinas.com\/pt\/volvo-lanca-primeiro-cinto-de-seguranca-adaptativo-do-mundo\/\" \/>\n<meta property=\"og:locale\" content=\"pt_PT\" \/>\n<meta property=\"og:type\" content=\"article\" \/>\n<meta property=\"og:title\" content=\"Volvo lan\u00e7a primeiro cinto de seguran\u00e7a adaptativo do mundo - Jornal das Oficinas\" \/>\n<meta property=\"og:description\" content=\"A Volvo apresenta o primeiro cinto de seguran\u00e7a multi-adaptativo, que se ajusta em tempo real a cada passageiro e acidente\" \/>\n<meta property=\"og:url\" content=\"https:\/\/jornaldasoficinas.com\/pt\/volvo-lanca-primeiro-cinto-de-seguranca-adaptativo-do-mundo\/\" \/>\n<meta property=\"og:site_name\" content=\"Jornal das Oficinas\" \/>\n<meta property=\"article:publisher\" content=\"https:\/\/www.facebook.com\/jornaloficinas\" \/>\n<meta property=\"article:published_time\" content=\"2025-06-06T17:00:40+00:00\" \/>\n<meta property=\"og:image\" content=\"https:\/\/jornaldasoficinas.com\/pt\/wp-content\/uploads\/2025\/06\/Volvo-lanca-primeiro-cinto-de-seguranca-adaptativo-do-mundo.jpg\" \/>\n\t<meta property=\"og:image:width\" content=\"1024\" \/>\n\t<meta property=\"og:image:height\" content=\"581\" \/>\n\t<meta property=\"og:image:type\" content=\"image\/jpeg\" \/>\n<meta name=\"author\" content=\"Reda\u00e7\u00e3o JO\" \/>\n<meta name=\"twitter:card\" content=\"summary_large_image\" \/>\n<meta name=\"twitter:creator\" content=\"@jornaloficinas\" \/>\n<meta name=\"twitter:site\" content=\"@jornaloficinas\" \/>\n<meta name=\"twitter:label1\" content=\"Escrito por\" \/>\n\t<meta name=\"twitter:data1\" content=\"Reda\u00e7\u00e3o JO\" \/>\n\t<meta name=\"twitter:label2\" content=\"Tempo estimado de leitura\" \/>\n\t<meta name=\"twitter:data2\" content=\"3 minutos\" \/>\n<script type=\"application\/ld+json\" class=\"yoast-schema-graph\">{\"@context\":\"https:\\\/\\\/schema.org\",\"@graph\":[{\"@type\":\"Article\",\"@id\":\"https:\\\/\\\/jornaldasoficinas.com\\\/pt\\\/volvo-lanca-primeiro-cinto-de-seguranca-adaptativo-do-mundo\\\/#article\",\"isPartOf\":{\"@id\":\"https:\\\/\\\/jornaldasoficinas.com\\\/pt\\\/volvo-lanca-primeiro-cinto-de-seguranca-adaptativo-do-mundo\\\/\"},\"author\":{\"name\":\"Reda\u00e7\u00e3o JO\",\"@id\":\"https:\\\/\\\/jornaldasoficinas.com\\\/pt\\\/#\\\/schema\\\/person\\\/a38eef5de2c41d9e7c9ac10141afddf3\"},\"headline\":\"Volvo lan\u00e7a primeiro cinto de seguran\u00e7a adaptativo do mundo\",\"datePublished\":\"2025-06-06T17:00:40+00:00\",\"mainEntityOfPage\":{\"@id\":\"https:\\\/\\\/jornaldasoficinas.com\\\/pt\\\/volvo-lanca-primeiro-cinto-de-seguranca-adaptativo-do-mundo\\\/\"},\"wordCount\":517,\"publisher\":{\"@id\":\"https:\\\/\\\/jornaldasoficinas.com\\\/pt\\\/#organization\"},\"image\":{\"@id\":\"https:\\\/\\\/jornaldasoficinas.com\\\/pt\\\/volvo-lanca-primeiro-cinto-de-seguranca-adaptativo-do-mundo\\\/#primaryimage\"},\"thumbnailUrl\":\"https:\\\/\\\/jornaldasoficinas.com\\\/pt\\\/wp-content\\\/uploads\\\/2025\\\/06\\\/Volvo-lanca-primeiro-cinto-de-seguranca-adaptativo-do-mundo.jpg\",\"keywords\":[\"cinto de seguran\u00e7a\",\"novidade\",\"seguran\u00e7a autom\u00f3vel\",\"sensores inteligentes\",\"tecnologia avan\u00e7ada\",\"Volvo\"],\"articleSection\":[\"Empresas\"],\"inLanguage\":\"pt-PT\"},{\"@type\":\"WebPage\",\"@id\":\"https:\\\/\\\/jornaldasoficinas.com\\\/pt\\\/volvo-lanca-primeiro-cinto-de-seguranca-adaptativo-do-mundo\\\/\",\"url\":\"https:\\\/\\\/jornaldasoficinas.com\\\/pt\\\/volvo-lanca-primeiro-cinto-de-seguranca-adaptativo-do-mundo\\\/\",\"name\":\"Volvo lan\u00e7a primeiro cinto de seguran\u00e7a adaptativo do mundo - Jornal das Oficinas\",\"isPartOf\":{\"@id\":\"https:\\\/\\\/jornaldasoficinas.com\\\/pt\\\/#website\"},\"primaryImageOfPage\":{\"@id\":\"https:\\\/\\\/jornaldasoficinas.com\\\/pt\\\/volvo-lanca-primeiro-cinto-de-seguranca-adaptativo-do-mundo\\\/#primaryimage\"},\"image\":{\"@id\":\"https:\\\/\\\/jornaldasoficinas.com\\\/pt\\\/volvo-lanca-primeiro-cinto-de-seguranca-adaptativo-do-mundo\\\/#primaryimage\"},\"thumbnailUrl\":\"https:\\\/\\\/jornaldasoficinas.com\\\/pt\\\/wp-content\\\/uploads\\\/2025\\\/06\\\/Volvo-lanca-primeiro-cinto-de-seguranca-adaptativo-do-mundo.jpg\",\"datePublished\":\"2025-06-06T17:00:40+00:00\",\"description\":\"A Volvo apresenta o primeiro cinto de seguran\u00e7a multi-adaptativo, que se ajusta em tempo real a cada passageiro e acidente\",\"breadcrumb\":{\"@id\":\"https:\\\/\\\/jornaldasoficinas.com\\\/pt\\\/volvo-lanca-primeiro-cinto-de-seguranca-adaptativo-do-mundo\\\/#breadcrumb\"},\"inLanguage\":\"pt-PT\",\"potentialAction\":[{\"@type\":\"ReadAction\",\"target\":[\"https:\\\/\\\/jornaldasoficinas.com\\\/pt\\\/volvo-lanca-primeiro-cinto-de-seguranca-adaptativo-do-mundo\\\/\"]}]},{\"@type\":\"ImageObject\",\"inLanguage\":\"pt-PT\",\"@id\":\"https:\\\/\\\/jornaldasoficinas.com\\\/pt\\\/volvo-lanca-primeiro-cinto-de-seguranca-adaptativo-do-mundo\\\/#primaryimage\",\"url\":\"https:\\\/\\\/jornaldasoficinas.com\\\/pt\\\/wp-content\\\/uploads\\\/2025\\\/06\\\/Volvo-lanca-primeiro-cinto-de-seguranca-adaptativo-do-mundo.jpg\",\"contentUrl\":\"https:\\\/\\\/jornaldasoficinas.com\\\/pt\\\/wp-content\\\/uploads\\\/2025\\\/06\\\/Volvo-lanca-primeiro-cinto-de-seguranca-adaptativo-do-mundo.jpg\",\"width\":1024,\"height\":581,\"caption\":\"New multi-adaptive safety belt - exploded view\"},{\"@type\":\"BreadcrumbList\",\"@id\":\"https:\\\/\\\/jornaldasoficinas.com\\\/pt\\\/volvo-lanca-primeiro-cinto-de-seguranca-adaptativo-do-mundo\\\/#breadcrumb\",\"itemListElement\":[{\"@type\":\"ListItem\",\"position\":1,\"name\":\"In\u00edcio\",\"item\":\"https:\\\/\\\/jornaldasoficinas.com\\\/pt\\\/\"},{\"@type\":\"ListItem\",\"position\":2,\"name\":\"Volvo lan\u00e7a primeiro cinto de seguran\u00e7a adaptativo do mundo\"}]},{\"@type\":\"WebSite\",\"@id\":\"https:\\\/\\\/jornaldasoficinas.com\\\/pt\\\/#website\",\"url\":\"https:\\\/\\\/jornaldasoficinas.com\\\/pt\\\/\",\"name\":\"Jornal das Oficinas\",\"description\":\"Jornal independente do Aftermarket Autom\u00f3vel em Portugal\",\"publisher\":{\"@id\":\"https:\\\/\\\/jornaldasoficinas.com\\\/pt\\\/#organization\"},\"potentialAction\":[{\"@type\":\"SearchAction\",\"target\":{\"@type\":\"EntryPoint\",\"urlTemplate\":\"https:\\\/\\\/jornaldasoficinas.com\\\/pt\\\/?s={search_term_string}\"},\"query-input\":{\"@type\":\"PropertyValueSpecification\",\"valueRequired\":true,\"valueName\":\"search_term_string\"}}],\"inLanguage\":\"pt-PT\"},{\"@type\":\"Organization\",\"@id\":\"https:\\\/\\\/jornaldasoficinas.com\\\/pt\\\/#organization\",\"name\":\"Jornal das Oficinas\",\"url\":\"https:\\\/\\\/jornaldasoficinas.com\\\/pt\\\/\",\"logo\":{\"@type\":\"ImageObject\",\"inLanguage\":\"pt-PT\",\"@id\":\"https:\\\/\\\/jornaldasoficinas.com\\\/pt\\\/#\\\/schema\\\/logo\\\/image\\\/\",\"url\":\"https:\\\/\\\/jornaldasoficinas.com\\\/pt\\\/wp-content\\\/uploads\\\/logoJO-SEO.png\",\"contentUrl\":\"https:\\\/\\\/jornaldasoficinas.com\\\/pt\\\/wp-content\\\/uploads\\\/logoJO-SEO.png\",\"width\":285,\"height\":450,\"caption\":\"Jornal das Oficinas\"},\"image\":{\"@id\":\"https:\\\/\\\/jornaldasoficinas.com\\\/pt\\\/#\\\/schema\\\/logo\\\/image\\\/\"},\"sameAs\":[\"https:\\\/\\\/www.facebook.com\\\/jornaloficinas\",\"https:\\\/\\\/x.com\\\/jornaloficinas\",\"https:\\\/\\\/www.instagram.com\\\/jornal_oficinas\\\/\",\"https:\\\/\\\/www.linkedin.com\\\/company\\\/jornal-das-oficinas\\\/\",\"https:\\\/\\\/www.youtube.com\\\/channel\\\/UCbQZBqtcvV-oSQrr7RzINGg\"]},{\"@type\":\"Person\",\"@id\":\"https:\\\/\\\/jornaldasoficinas.com\\\/pt\\\/#\\\/schema\\\/person\\\/a38eef5de2c41d9e7c9ac10141afddf3\",\"name\":\"Reda\u00e7\u00e3o JO\",\"image\":{\"@type\":\"ImageObject\",\"inLanguage\":\"pt-PT\",\"@id\":\"https:\\\/\\\/secure.gravatar.com\\\/avatar\\\/71f2fa71737ad68a84fea94bc708ddac8ea5b0c4788dc2ad202f3ccb2887742f?s=96&d=wp_user_avatar&r=g\",\"url\":\"https:\\\/\\\/secure.gravatar.com\\\/avatar\\\/71f2fa71737ad68a84fea94bc708ddac8ea5b0c4788dc2ad202f3ccb2887742f?s=96&d=wp_user_avatar&r=g\",\"contentUrl\":\"https:\\\/\\\/secure.gravatar.com\\\/avatar\\\/71f2fa71737ad68a84fea94bc708ddac8ea5b0c4788dc2ad202f3ccb2887742f?s=96&d=wp_user_avatar&r=g\",\"caption\":\"Reda\u00e7\u00e3o JO\"},\"url\":\"https:\\\/\\\/jornaldasoficinas.com\\\/pt\\\/author\\\/joredacao\\\/\"}]}<\/script>\n<!-- \/ Yoast SEO plugin. -->","yoast_head_json":{"title":"Volvo lan\u00e7a primeiro cinto de seguran\u00e7a adaptativo do mundo - Jornal das Oficinas","description":"A Volvo apresenta o primeiro cinto de seguran\u00e7a multi-adaptativo, que se ajusta em tempo real a cada passageiro e acidente","robots":{"index":"index","follow":"follow","max-snippet":"max-snippet:-1","max-image-preview":"max-image-preview:large","max-video-preview":"max-video-preview:-1"},"canonical":"https:\/\/jornaldasoficinas.com\/pt\/volvo-lanca-primeiro-cinto-de-seguranca-adaptativo-do-mundo\/","og_locale":"pt_PT","og_type":"article","og_title":"Volvo lan\u00e7a primeiro cinto de seguran\u00e7a adaptativo do mundo - Jornal das Oficinas","og_description":"A Volvo apresenta o primeiro cinto de seguran\u00e7a multi-adaptativo, que se ajusta em tempo real a cada passageiro e acidente","og_url":"https:\/\/jornaldasoficinas.com\/pt\/volvo-lanca-primeiro-cinto-de-seguranca-adaptativo-do-mundo\/","og_site_name":"Jornal das Oficinas","article_publisher":"https:\/\/www.facebook.com\/jornaloficinas","article_published_time":"2025-06-06T17:00:40+00:00","og_image":[{"width":1024,"height":581,"url":"https:\/\/jornaldasoficinas.com\/pt\/wp-content\/uploads\/2025\/06\/Volvo-lanca-primeiro-cinto-de-seguranca-adaptativo-do-mundo.jpg","type":"image\/jpeg"}],"author":"Reda\u00e7\u00e3o JO","twitter_card":"summary_large_image","twitter_creator":"@jornaloficinas","twitter_site":"@jornaloficinas","twitter_misc":{"Escrito por":"Reda\u00e7\u00e3o JO","Tempo estimado de leitura":"3 minutos"},"schema":{"@context":"https:\/\/schema.org","@graph":[{"@type":"Article","@id":"https:\/\/jornaldasoficinas.com\/pt\/volvo-lanca-primeiro-cinto-de-seguranca-adaptativo-do-mundo\/#article","isPartOf":{"@id":"https:\/\/jornaldasoficinas.com\/pt\/volvo-lanca-primeiro-cinto-de-seguranca-adaptativo-do-mundo\/"},"author":{"name":"Reda\u00e7\u00e3o JO","@id":"https:\/\/jornaldasoficinas.com\/pt\/#\/schema\/person\/a38eef5de2c41d9e7c9ac10141afddf3"},"headline":"Volvo lan\u00e7a primeiro cinto de seguran\u00e7a adaptativo do mundo","datePublished":"2025-06-06T17:00:40+00:00","mainEntityOfPage":{"@id":"https:\/\/jornaldasoficinas.com\/pt\/volvo-lanca-primeiro-cinto-de-seguranca-adaptativo-do-mundo\/"},"wordCount":517,"publisher":{"@id":"https:\/\/jornaldasoficinas.com\/pt\/#organization"},"image":{"@id":"https:\/\/jornaldasoficinas.com\/pt\/volvo-lanca-primeiro-cinto-de-seguranca-adaptativo-do-mundo\/#primaryimage"},"thumbnailUrl":"https:\/\/jornaldasoficinas.com\/pt\/wp-content\/uploads\/2025\/06\/Volvo-lanca-primeiro-cinto-de-seguranca-adaptativo-do-mundo.jpg","keywords":["cinto de seguran\u00e7a","novidade","seguran\u00e7a autom\u00f3vel","sensores inteligentes","tecnologia avan\u00e7ada","Volvo"],"articleSection":["Empresas"],"inLanguage":"pt-PT"},{"@type":"WebPage","@id":"https:\/\/jornaldasoficinas.com\/pt\/volvo-lanca-primeiro-cinto-de-seguranca-adaptativo-do-mundo\/","url":"https:\/\/jornaldasoficinas.com\/pt\/volvo-lanca-primeiro-cinto-de-seguranca-adaptativo-do-mundo\/","name":"Volvo lan\u00e7a primeiro cinto de seguran\u00e7a adaptativo do mundo - Jornal das Oficinas","isPartOf":{"@id":"https:\/\/jornaldasoficinas.com\/pt\/#website"},"primaryImageOfPage":{"@id":"https:\/\/jornaldasoficinas.com\/pt\/volvo-lanca-primeiro-cinto-de-seguranca-adaptativo-do-mundo\/#primaryimage"},"image":{"@id":"https:\/\/jornaldasoficinas.com\/pt\/volvo-lanca-primeiro-cinto-de-seguranca-adaptativo-do-mundo\/#primaryimage"},"thumbnailUrl":"https:\/\/jornaldasoficinas.com\/pt\/wp-content\/uploads\/2025\/06\/Volvo-lanca-primeiro-cinto-de-seguranca-adaptativo-do-mundo.jpg","datePublished":"2025-06-06T17:00:40+00:00","description":"A Volvo apresenta o primeiro cinto de seguran\u00e7a multi-adaptativo, que se ajusta em tempo real a cada passageiro e acidente","breadcrumb":{"@id":"https:\/\/jornaldasoficinas.com\/pt\/volvo-lanca-primeiro-cinto-de-seguranca-adaptativo-do-mundo\/#breadcrumb"},"inLanguage":"pt-PT","potentialAction":[{"@type":"ReadAction","target":["https:\/\/jornaldasoficinas.com\/pt\/volvo-lanca-primeiro-cinto-de-seguranca-adaptativo-do-mundo\/"]}]},{"@type":"ImageObject","inLanguage":"pt-PT","@id":"https:\/\/jornaldasoficinas.com\/pt\/volvo-lanca-primeiro-cinto-de-seguranca-adaptativo-do-mundo\/#primaryimage","url":"https:\/\/jornaldasoficinas.com\/pt\/wp-content\/uploads\/2025\/06\/Volvo-lanca-primeiro-cinto-de-seguranca-adaptativo-do-mundo.jpg","contentUrl":"https:\/\/jornaldasoficinas.com\/pt\/wp-content\/uploads\/2025\/06\/Volvo-lanca-primeiro-cinto-de-seguranca-adaptativo-do-mundo.jpg","width":1024,"height":581,"caption":"New multi-adaptive safety belt - exploded view"},{"@type":"BreadcrumbList","@id":"https:\/\/jornaldasoficinas.com\/pt\/volvo-lanca-primeiro-cinto-de-seguranca-adaptativo-do-mundo\/#breadcrumb","itemListElement":[{"@type":"ListItem","position":1,"name":"In\u00edcio","item":"https:\/\/jornaldasoficinas.com\/pt\/"},{"@type":"ListItem","position":2,"name":"Volvo lan\u00e7a primeiro cinto de seguran\u00e7a adaptativo do mundo"}]},{"@type":"WebSite","@id":"https:\/\/jornaldasoficinas.com\/pt\/#website","url":"https:\/\/jornaldasoficinas.com\/pt\/","name":"Jornal das Oficinas","description":"Jornal independente do Aftermarket Autom\u00f3vel em Portugal","publisher":{"@id":"https:\/\/jornaldasoficinas.com\/pt\/#organization"},"potentialAction":[{"@type":"SearchAction","target":{"@type":"EntryPoint","urlTemplate":"https:\/\/jornaldasoficinas.com\/pt\/?s={search_term_string}"},"query-input":{"@type":"PropertyValueSpecification","valueRequired":true,"valueName":"search_term_string"}}],"inLanguage":"pt-PT"},{"@type":"Organization","@id":"https:\/\/jornaldasoficinas.com\/pt\/#organization","name":"Jornal das Oficinas","url":"https:\/\/jornaldasoficinas.com\/pt\/","logo":{"@type":"ImageObject","inLanguage":"pt-PT","@id":"https:\/\/jornaldasoficinas.com\/pt\/#\/schema\/logo\/image\/","url":"https:\/\/jornaldasoficinas.com\/pt\/wp-content\/uploads\/logoJO-SEO.png","contentUrl":"https:\/\/jornaldasoficinas.com\/pt\/wp-content\/uploads\/logoJO-SEO.png","width":285,"height":450,"caption":"Jornal das Oficinas"},"image":{"@id":"https:\/\/jornaldasoficinas.com\/pt\/#\/schema\/logo\/image\/"},"sameAs":["https:\/\/www.facebook.com\/jornaloficinas","https:\/\/x.com\/jornaloficinas","https:\/\/www.instagram.com\/jornal_oficinas\/","https:\/\/www.linkedin.com\/company\/jornal-das-oficinas\/","https:\/\/www.youtube.com\/channel\/UCbQZBqtcvV-oSQrr7RzINGg"]},{"@type":"Person","@id":"https:\/\/jornaldasoficinas.com\/pt\/#\/schema\/person\/a38eef5de2c41d9e7c9ac10141afddf3","name":"Reda\u00e7\u00e3o JO","image":{"@type":"ImageObject","inLanguage":"pt-PT","@id":"https:\/\/secure.gravatar.com\/avatar\/71f2fa71737ad68a84fea94bc708ddac8ea5b0c4788dc2ad202f3ccb2887742f?s=96&d=wp_user_avatar&r=g","url":"https:\/\/secure.gravatar.com\/avatar\/71f2fa71737ad68a84fea94bc708ddac8ea5b0c4788dc2ad202f3ccb2887742f?s=96&d=wp_user_avatar&r=g","contentUrl":"https:\/\/secure.gravatar.com\/avatar\/71f2fa71737ad68a84fea94bc708ddac8ea5b0c4788dc2ad202f3ccb2887742f?s=96&d=wp_user_avatar&r=g","caption":"Reda\u00e7\u00e3o JO"},"url":"https:\/\/jornaldasoficinas.com\/pt\/author\/joredacao\/"}]}},"_links":{"self":[{"href":"https:\/\/jornaldasoficinas.com\/pt\/wp-json\/wp\/v2\/posts\/102948","targetHints":{"allow":["GET"]}}],"collection":[{"href":"https:\/\/jornaldasoficinas.com\/pt\/wp-json\/wp\/v2\/posts"}],"about":[{"href":"https:\/\/jornaldasoficinas.com\/pt\/wp-json\/wp\/v2\/types\/post"}],"author":[{"embeddable":true,"href":"https:\/\/jornaldasoficinas.com\/pt\/wp-json\/wp\/v2\/users\/15"}],"replies":[{"embeddable":true,"href":"https:\/\/jornaldasoficinas.com\/pt\/wp-json\/wp\/v2\/comments?post=102948"}],"version-history":[{"count":4,"href":"https:\/\/jornaldasoficinas.com\/pt\/wp-json\/wp\/v2\/posts\/102948\/revisions"}],"predecessor-version":[{"id":102963,"href":"https:\/\/jornaldasoficinas.com\/pt\/wp-json\/wp\/v2\/posts\/102948\/revisions\/102963"}],"wp:featuredmedia":[{"embeddable":true,"href":"https:\/\/jornaldasoficinas.com\/pt\/wp-json\/wp\/v2\/media\/102955"}],"wp:attachment":[{"href":"https:\/\/jornaldasoficinas.com\/pt\/wp-json\/wp\/v2\/media?parent=102948"}],"wp:term":[{"taxonomy":"category","embeddable":true,"href":"https:\/\/jornaldasoficinas.com\/pt\/wp-json\/wp\/v2\/categories?post=102948"},{"taxonomy":"post_tag","embeddable":true,"href":"https:\/\/jornaldasoficinas.com\/pt\/wp-json\/wp\/v2\/tags?post=102948"}],"curies":[{"name":"wp","href":"https:\/\/api.w.org\/{rel}","templated":true}]}}