{"id":103006,"date":"2025-06-09T12:30:58","date_gmt":"2025-06-09T11:30:58","guid":{"rendered":"https:\/\/jornaldasoficinas.com\/pt\/?p=103006"},"modified":"2025-06-09T12:20:19","modified_gmt":"2025-06-09T11:20:19","slug":"febi-anuncia-introducao-de-referencias-com-sete-digitos","status":"publish","type":"post","link":"https:\/\/jornaldasoficinas.com\/pt\/febi-anuncia-introducao-de-referencias-com-sete-digitos\/","title":{"rendered":"febi atinge novo marco com refer\u00eancias de sete d\u00edgitos"},"content":{"rendered":"<p><strong><img loading=\"lazy\" decoding=\"async\" class=\"alignnone size-full wp-image-103013\" src=\"https:\/\/jornaldasoficinas.com\/pt\/wp-content\/uploads\/2025\/06\/febi-atinge-novo-marco-com-referencias-de-sete-digitos.jpg\" alt=\"06 - febi atinge novo marco com referencias de sete digitos\" width=\"1024\" height=\"581\" srcset=\"https:\/\/jornaldasoficinas.com\/pt\/wp-content\/uploads\/2025\/06\/febi-atinge-novo-marco-com-referencias-de-sete-digitos.jpg 1024w, https:\/\/jornaldasoficinas.com\/pt\/wp-content\/uploads\/2025\/06\/febi-atinge-novo-marco-com-referencias-de-sete-digitos-300x170.jpg 300w, https:\/\/jornaldasoficinas.com\/pt\/wp-content\/uploads\/2025\/06\/febi-atinge-novo-marco-com-referencias-de-sete-digitos-150x85.jpg 150w, https:\/\/jornaldasoficinas.com\/pt\/wp-content\/uploads\/2025\/06\/febi-atinge-novo-marco-com-referencias-de-sete-digitos-768x436.jpg 768w\" sizes=\"auto, (max-width: 1024px) 100vw, 1024px\" \/><\/strong><\/p>\n<p><strong>A <a href=\"https:\/\/www.febi.com\/\" target=\"_blank\" rel=\"noopener\">febi<\/a>, marca do <a href=\"https:\/\/bilsteingroup.com\/\" target=\"_blank\" rel=\"noopener\">bilstein group<\/a>, vai introduzir o seu primeiro artigo com sete d\u00edgitos \u2013 o n\u00famero 1000000 \u2013 um kit de repara\u00e7\u00e3o exclusivo para transmiss\u00f5es <a href=\"https:\/\/www.haldex.com\/\" target=\"_blank\" rel=\"noopener\">Haldex<\/a><\/strong><\/p>\n<p>O bilstein group, um dos principais fornecedores globais de pe\u00e7as autom\u00f3vel no aftermarket, anunciou um novo marco no crescimento cont\u00ednuo da sua gama de produtos. Com a introdu\u00e7\u00e3o de refer\u00eancias febi com sete d\u00edgitos, a marca refor\u00e7a a sua posi\u00e7\u00e3o de lideran\u00e7a num portf\u00f3lio que j\u00e1 ultrapassa as 80.000 mil solu\u00e7\u00f5es de repara\u00e7\u00e3o para autom\u00f3veis e ve\u00edculos comerciais.<\/p>\n<p>A mudan\u00e7a ocorre ap\u00f3s esgotar o intervalo de refer\u00eancias de seis d\u00edgitos em mar\u00e7o deste ano. &#8220;Com a convers\u00e3o necess\u00e1ria para refer\u00eancias de sete d\u00edgitos, estamos a cumprir a expans\u00e3o cont\u00ednua da gama de produtos e, assim, do crescimento a longo prazo&#8221;, afirmou Philipp Hess, global sales director.<\/p>\n<p>Para analisar e selecionar novas refer\u00eancias, a equipa de gestores de produto do Group Category e Brand Developments (CBD) trabalha com v\u00e1rios departamentos para expandir estrategicamente as gamas de produtos das suas marcas febi,<a href=\"https:\/\/www.swag.de\/pt\/\" target=\"_blank\" rel=\"noopener\"> SWAG<\/a> e <a href=\"https:\/\/www.blue-print.com\/\" target=\"_blank\" rel=\"noopener\">Blue Print<\/a>, numa m\u00e9dia de dez novos artigos, todos os dias.<\/p>\n<p>Para assinalar a import\u00e2ncia desta transi\u00e7\u00e3o, o artigo simb\u00f3lico com o n\u00famero 1000000 foi cuidadosamente escolhido: trata-de de um kit de repara\u00e7\u00e3o para a transmiss\u00e3o do eixo traseiro, destinado \u00e0 quinta gera\u00e7\u00e3o de diferenciais e embraiagens Haldex.<\/p>\n<p>&#8220;Por detr\u00e1s desta refer\u00eancia est\u00e1 uma hist\u00f3ria de sucesso que mostra o que a febi representa: proximidade com o cliente, orienta\u00e7\u00e3o para o mercado e solu\u00e7\u00f5es de repara\u00e7\u00e3o sustent\u00e1veis. \u00c9 por isso que o primeiro n\u00famero de artigo com sete d\u00edgitos \u00e9 dedicado a um kit de repara\u00e7\u00e3o especial que foi criado com base num pedido espec\u00edfico de um cliente&#8221;, explicou Jannik Hindenburg, divisional product development manager da CBD Car.<\/p>\n<p><strong>A hist\u00f3ria por detr\u00e1s do kit de repara\u00e7\u00e3o<\/strong><\/p>\n<p>O ve\u00edculo de um cliente apresentava danos nos rolamentos do eixo de tra\u00e7\u00e3o traseiro. A \u00fanica solu\u00e7\u00e3o do fabricante do ve\u00edculo era substituir toda a unidade &#8211; uma repara\u00e7\u00e3o extremamente dispendiosa. &#8220;O kit de repara\u00e7\u00e3o febi \u00e9 \u00fanico no aftermarket e oferece uma alternativa econ\u00f3mica e, acima de tudo, sustent\u00e1vel, \u00e0 dispendiosa solu\u00e7\u00e3o do equipamento original&#8221;, destacou. Para criar esta alternativa, a equipa de especialistas in-house realizou testes de amostras e ensaios de instala\u00e7\u00e3o e desenvolveu um kit de repara\u00e7\u00e3o completo com 16 pe\u00e7as diferentes.<\/p>\n<p>&#8220;Este kit inclui todos os componentes necess\u00e1rios para substituir o rolamento da transmiss\u00e3o do eixo e dar-lhe uma segunda vida. Para al\u00e9m do rolamento, o kit tamb\u00e9m cont\u00e9m os dois \u00f3leos necess\u00e1rios para a transmiss\u00e3o do eixo e para a transmiss\u00e3o Haldex, bem como todos os materiais de fixa\u00e7\u00e3o. Para mim, a refer\u00eancia febi 1000000 \u00e9, portanto, um exemplo perfeito de como traduzimos as necessidades do mercado em solu\u00e7\u00f5es reais, em linha com o slogan da febi &#8220;Solutions Driven by You&#8221;, concluiu.<\/p>\n<p>A nova refer\u00eancia febi 1000000 estar\u00e1 dispon\u00edvel brevemente em Portugal.<\/p>\n","protected":false},"excerpt":{"rendered":"<p>A febi, marca do bilstein group,&#8230;<\/p>\n","protected":false},"author":15,"featured_media":103013,"comment_status":"closed","ping_status":"closed","sticky":false,"template":"","format":"standard","meta":{"footnotes":""},"categories":[29],"tags":[1049,626,12877,12879,4904,12878,12876],"class_list":["post-103006","post","type-post","status-publish","format-standard","has-post-thumbnail","hentry","category-empresas","tag-bilstein-group-2","tag-febi","tag-haldex","tag-kit-de-reparacao","tag-novas-referencias","tag-novo-marco","tag-sete-digitos"],"yoast_head":"<!-- This site is optimized with the Yoast SEO plugin v27.4 - https:\/\/yoast.com\/product\/yoast-seo-wordpress\/ -->\n<title>febi atinge novo marco com refer\u00eancias de sete d\u00edgitos - Jornal das Oficinas<\/title>\n<meta name=\"description\" content=\"A febi, marca do bilstein group, vai introduzir o seu primeiro artigo com sete d\u00edgitos \u2013 o n\u00famero 1000000 \u2013 um kit de repara\u00e7\u00e3o exclusivo\" \/>\n<meta name=\"robots\" content=\"index, follow, max-snippet:-1, max-image-preview:large, max-video-preview:-1\" \/>\n<link rel=\"canonical\" href=\"https:\/\/jornaldasoficinas.com\/pt\/febi-anuncia-introducao-de-referencias-com-sete-digitos\/\" \/>\n<meta property=\"og:locale\" content=\"pt_PT\" \/>\n<meta property=\"og:type\" content=\"article\" \/>\n<meta property=\"og:title\" content=\"febi atinge novo marco com refer\u00eancias de sete d\u00edgitos - Jornal das Oficinas\" \/>\n<meta property=\"og:description\" content=\"A febi, marca do bilstein group, vai introduzir o seu primeiro artigo com sete d\u00edgitos \u2013 o n\u00famero 1000000 \u2013 um kit de repara\u00e7\u00e3o exclusivo\" \/>\n<meta property=\"og:url\" content=\"https:\/\/jornaldasoficinas.com\/pt\/febi-anuncia-introducao-de-referencias-com-sete-digitos\/\" \/>\n<meta property=\"og:site_name\" content=\"Jornal das Oficinas\" \/>\n<meta property=\"article:publisher\" content=\"https:\/\/www.facebook.com\/jornaloficinas\" \/>\n<meta property=\"article:published_time\" content=\"2025-06-09T11:30:58+00:00\" \/>\n<meta property=\"og:image\" content=\"https:\/\/jornaldasoficinas.com\/pt\/wp-content\/uploads\/2025\/06\/febi-atinge-novo-marco-com-referencias-de-sete-digitos.jpg\" \/>\n\t<meta property=\"og:image:width\" content=\"1024\" \/>\n\t<meta property=\"og:image:height\" content=\"581\" \/>\n\t<meta property=\"og:image:type\" content=\"image\/jpeg\" \/>\n<meta name=\"author\" content=\"Reda\u00e7\u00e3o JO\" \/>\n<meta name=\"twitter:card\" content=\"summary_large_image\" \/>\n<meta name=\"twitter:creator\" content=\"@jornaloficinas\" \/>\n<meta name=\"twitter:site\" content=\"@jornaloficinas\" \/>\n<meta name=\"twitter:label1\" content=\"Escrito por\" \/>\n\t<meta name=\"twitter:data1\" content=\"Reda\u00e7\u00e3o JO\" \/>\n\t<meta name=\"twitter:label2\" content=\"Tempo estimado de leitura\" \/>\n\t<meta name=\"twitter:data2\" content=\"3 minutos\" \/>\n<script type=\"application\/ld+json\" class=\"yoast-schema-graph\">{\"@context\":\"https:\\\/\\\/schema.org\",\"@graph\":[{\"@type\":\"Article\",\"@id\":\"https:\\\/\\\/jornaldasoficinas.com\\\/pt\\\/febi-anuncia-introducao-de-referencias-com-sete-digitos\\\/#article\",\"isPartOf\":{\"@id\":\"https:\\\/\\\/jornaldasoficinas.com\\\/pt\\\/febi-anuncia-introducao-de-referencias-com-sete-digitos\\\/\"},\"author\":{\"name\":\"Reda\u00e7\u00e3o JO\",\"@id\":\"https:\\\/\\\/jornaldasoficinas.com\\\/pt\\\/#\\\/schema\\\/person\\\/a38eef5de2c41d9e7c9ac10141afddf3\"},\"headline\":\"febi atinge novo marco com refer\u00eancias de sete d\u00edgitos\",\"datePublished\":\"2025-06-09T11:30:58+00:00\",\"mainEntityOfPage\":{\"@id\":\"https:\\\/\\\/jornaldasoficinas.com\\\/pt\\\/febi-anuncia-introducao-de-referencias-com-sete-digitos\\\/\"},\"wordCount\":548,\"publisher\":{\"@id\":\"https:\\\/\\\/jornaldasoficinas.com\\\/pt\\\/#organization\"},\"image\":{\"@id\":\"https:\\\/\\\/jornaldasoficinas.com\\\/pt\\\/febi-anuncia-introducao-de-referencias-com-sete-digitos\\\/#primaryimage\"},\"thumbnailUrl\":\"https:\\\/\\\/jornaldasoficinas.com\\\/pt\\\/wp-content\\\/uploads\\\/2025\\\/06\\\/febi-atinge-novo-marco-com-referencias-de-sete-digitos.jpg\",\"keywords\":[\"bilstein group\",\"febi\",\"Haldex\",\"kit de repara\u00e7\u00e3o\",\"novas refer\u00eancias\",\"novo marco\",\"sete d\u00edgitos\"],\"articleSection\":[\"Empresas\"],\"inLanguage\":\"pt-PT\"},{\"@type\":\"WebPage\",\"@id\":\"https:\\\/\\\/jornaldasoficinas.com\\\/pt\\\/febi-anuncia-introducao-de-referencias-com-sete-digitos\\\/\",\"url\":\"https:\\\/\\\/jornaldasoficinas.com\\\/pt\\\/febi-anuncia-introducao-de-referencias-com-sete-digitos\\\/\",\"name\":\"febi atinge novo marco com refer\u00eancias de sete d\u00edgitos - Jornal das Oficinas\",\"isPartOf\":{\"@id\":\"https:\\\/\\\/jornaldasoficinas.com\\\/pt\\\/#website\"},\"primaryImageOfPage\":{\"@id\":\"https:\\\/\\\/jornaldasoficinas.com\\\/pt\\\/febi-anuncia-introducao-de-referencias-com-sete-digitos\\\/#primaryimage\"},\"image\":{\"@id\":\"https:\\\/\\\/jornaldasoficinas.com\\\/pt\\\/febi-anuncia-introducao-de-referencias-com-sete-digitos\\\/#primaryimage\"},\"thumbnailUrl\":\"https:\\\/\\\/jornaldasoficinas.com\\\/pt\\\/wp-content\\\/uploads\\\/2025\\\/06\\\/febi-atinge-novo-marco-com-referencias-de-sete-digitos.jpg\",\"datePublished\":\"2025-06-09T11:30:58+00:00\",\"description\":\"A febi, marca do bilstein group, vai introduzir o seu primeiro artigo com sete d\u00edgitos \u2013 o n\u00famero 1000000 \u2013 um kit de repara\u00e7\u00e3o exclusivo\",\"breadcrumb\":{\"@id\":\"https:\\\/\\\/jornaldasoficinas.com\\\/pt\\\/febi-anuncia-introducao-de-referencias-com-sete-digitos\\\/#breadcrumb\"},\"inLanguage\":\"pt-PT\",\"potentialAction\":[{\"@type\":\"ReadAction\",\"target\":[\"https:\\\/\\\/jornaldasoficinas.com\\\/pt\\\/febi-anuncia-introducao-de-referencias-com-sete-digitos\\\/\"]}]},{\"@type\":\"ImageObject\",\"inLanguage\":\"pt-PT\",\"@id\":\"https:\\\/\\\/jornaldasoficinas.com\\\/pt\\\/febi-anuncia-introducao-de-referencias-com-sete-digitos\\\/#primaryimage\",\"url\":\"https:\\\/\\\/jornaldasoficinas.com\\\/pt\\\/wp-content\\\/uploads\\\/2025\\\/06\\\/febi-atinge-novo-marco-com-referencias-de-sete-digitos.jpg\",\"contentUrl\":\"https:\\\/\\\/jornaldasoficinas.com\\\/pt\\\/wp-content\\\/uploads\\\/2025\\\/06\\\/febi-atinge-novo-marco-com-referencias-de-sete-digitos.jpg\",\"width\":1024,\"height\":581,\"caption\":\"06 - febi atinge novo marco com referencias de sete digitos\"},{\"@type\":\"BreadcrumbList\",\"@id\":\"https:\\\/\\\/jornaldasoficinas.com\\\/pt\\\/febi-anuncia-introducao-de-referencias-com-sete-digitos\\\/#breadcrumb\",\"itemListElement\":[{\"@type\":\"ListItem\",\"position\":1,\"name\":\"In\u00edcio\",\"item\":\"https:\\\/\\\/jornaldasoficinas.com\\\/pt\\\/\"},{\"@type\":\"ListItem\",\"position\":2,\"name\":\"febi atinge novo marco com refer\u00eancias de sete d\u00edgitos\"}]},{\"@type\":\"WebSite\",\"@id\":\"https:\\\/\\\/jornaldasoficinas.com\\\/pt\\\/#website\",\"url\":\"https:\\\/\\\/jornaldasoficinas.com\\\/pt\\\/\",\"name\":\"Jornal das Oficinas\",\"description\":\"Jornal independente do Aftermarket Autom\u00f3vel em Portugal\",\"publisher\":{\"@id\":\"https:\\\/\\\/jornaldasoficinas.com\\\/pt\\\/#organization\"},\"potentialAction\":[{\"@type\":\"SearchAction\",\"target\":{\"@type\":\"EntryPoint\",\"urlTemplate\":\"https:\\\/\\\/jornaldasoficinas.com\\\/pt\\\/?s={search_term_string}\"},\"query-input\":{\"@type\":\"PropertyValueSpecification\",\"valueRequired\":true,\"valueName\":\"search_term_string\"}}],\"inLanguage\":\"pt-PT\"},{\"@type\":\"Organization\",\"@id\":\"https:\\\/\\\/jornaldasoficinas.com\\\/pt\\\/#organization\",\"name\":\"Jornal das Oficinas\",\"url\":\"https:\\\/\\\/jornaldasoficinas.com\\\/pt\\\/\",\"logo\":{\"@type\":\"ImageObject\",\"inLanguage\":\"pt-PT\",\"@id\":\"https:\\\/\\\/jornaldasoficinas.com\\\/pt\\\/#\\\/schema\\\/logo\\\/image\\\/\",\"url\":\"https:\\\/\\\/jornaldasoficinas.com\\\/pt\\\/wp-content\\\/uploads\\\/logoJO-SEO.png\",\"contentUrl\":\"https:\\\/\\\/jornaldasoficinas.com\\\/pt\\\/wp-content\\\/uploads\\\/logoJO-SEO.png\",\"width\":285,\"height\":450,\"caption\":\"Jornal das Oficinas\"},\"image\":{\"@id\":\"https:\\\/\\\/jornaldasoficinas.com\\\/pt\\\/#\\\/schema\\\/logo\\\/image\\\/\"},\"sameAs\":[\"https:\\\/\\\/www.facebook.com\\\/jornaloficinas\",\"https:\\\/\\\/x.com\\\/jornaloficinas\",\"https:\\\/\\\/www.instagram.com\\\/jornal_oficinas\\\/\",\"https:\\\/\\\/www.linkedin.com\\\/company\\\/jornal-das-oficinas\\\/\",\"https:\\\/\\\/www.youtube.com\\\/channel\\\/UCbQZBqtcvV-oSQrr7RzINGg\"]},{\"@type\":\"Person\",\"@id\":\"https:\\\/\\\/jornaldasoficinas.com\\\/pt\\\/#\\\/schema\\\/person\\\/a38eef5de2c41d9e7c9ac10141afddf3\",\"name\":\"Reda\u00e7\u00e3o JO\",\"image\":{\"@type\":\"ImageObject\",\"inLanguage\":\"pt-PT\",\"@id\":\"https:\\\/\\\/secure.gravatar.com\\\/avatar\\\/71f2fa71737ad68a84fea94bc708ddac8ea5b0c4788dc2ad202f3ccb2887742f?s=96&d=wp_user_avatar&r=g\",\"url\":\"https:\\\/\\\/secure.gravatar.com\\\/avatar\\\/71f2fa71737ad68a84fea94bc708ddac8ea5b0c4788dc2ad202f3ccb2887742f?s=96&d=wp_user_avatar&r=g\",\"contentUrl\":\"https:\\\/\\\/secure.gravatar.com\\\/avatar\\\/71f2fa71737ad68a84fea94bc708ddac8ea5b0c4788dc2ad202f3ccb2887742f?s=96&d=wp_user_avatar&r=g\",\"caption\":\"Reda\u00e7\u00e3o JO\"},\"url\":\"https:\\\/\\\/jornaldasoficinas.com\\\/pt\\\/author\\\/joredacao\\\/\"}]}<\/script>\n<!-- \/ Yoast SEO plugin. -->","yoast_head_json":{"title":"febi atinge novo marco com refer\u00eancias de sete d\u00edgitos - Jornal das Oficinas","description":"A febi, marca do bilstein group, vai introduzir o seu primeiro artigo com sete d\u00edgitos \u2013 o n\u00famero 1000000 \u2013 um kit de repara\u00e7\u00e3o exclusivo","robots":{"index":"index","follow":"follow","max-snippet":"max-snippet:-1","max-image-preview":"max-image-preview:large","max-video-preview":"max-video-preview:-1"},"canonical":"https:\/\/jornaldasoficinas.com\/pt\/febi-anuncia-introducao-de-referencias-com-sete-digitos\/","og_locale":"pt_PT","og_type":"article","og_title":"febi atinge novo marco com refer\u00eancias de sete d\u00edgitos - Jornal das Oficinas","og_description":"A febi, marca do bilstein group, vai introduzir o seu primeiro artigo com sete d\u00edgitos \u2013 o n\u00famero 1000000 \u2013 um kit de repara\u00e7\u00e3o exclusivo","og_url":"https:\/\/jornaldasoficinas.com\/pt\/febi-anuncia-introducao-de-referencias-com-sete-digitos\/","og_site_name":"Jornal das Oficinas","article_publisher":"https:\/\/www.facebook.com\/jornaloficinas","article_published_time":"2025-06-09T11:30:58+00:00","og_image":[{"width":1024,"height":581,"url":"https:\/\/jornaldasoficinas.com\/pt\/wp-content\/uploads\/2025\/06\/febi-atinge-novo-marco-com-referencias-de-sete-digitos.jpg","type":"image\/jpeg"}],"author":"Reda\u00e7\u00e3o JO","twitter_card":"summary_large_image","twitter_creator":"@jornaloficinas","twitter_site":"@jornaloficinas","twitter_misc":{"Escrito por":"Reda\u00e7\u00e3o JO","Tempo estimado de leitura":"3 minutos"},"schema":{"@context":"https:\/\/schema.org","@graph":[{"@type":"Article","@id":"https:\/\/jornaldasoficinas.com\/pt\/febi-anuncia-introducao-de-referencias-com-sete-digitos\/#article","isPartOf":{"@id":"https:\/\/jornaldasoficinas.com\/pt\/febi-anuncia-introducao-de-referencias-com-sete-digitos\/"},"author":{"name":"Reda\u00e7\u00e3o JO","@id":"https:\/\/jornaldasoficinas.com\/pt\/#\/schema\/person\/a38eef5de2c41d9e7c9ac10141afddf3"},"headline":"febi atinge novo marco com refer\u00eancias de sete d\u00edgitos","datePublished":"2025-06-09T11:30:58+00:00","mainEntityOfPage":{"@id":"https:\/\/jornaldasoficinas.com\/pt\/febi-anuncia-introducao-de-referencias-com-sete-digitos\/"},"wordCount":548,"publisher":{"@id":"https:\/\/jornaldasoficinas.com\/pt\/#organization"},"image":{"@id":"https:\/\/jornaldasoficinas.com\/pt\/febi-anuncia-introducao-de-referencias-com-sete-digitos\/#primaryimage"},"thumbnailUrl":"https:\/\/jornaldasoficinas.com\/pt\/wp-content\/uploads\/2025\/06\/febi-atinge-novo-marco-com-referencias-de-sete-digitos.jpg","keywords":["bilstein group","febi","Haldex","kit de repara\u00e7\u00e3o","novas refer\u00eancias","novo marco","sete d\u00edgitos"],"articleSection":["Empresas"],"inLanguage":"pt-PT"},{"@type":"WebPage","@id":"https:\/\/jornaldasoficinas.com\/pt\/febi-anuncia-introducao-de-referencias-com-sete-digitos\/","url":"https:\/\/jornaldasoficinas.com\/pt\/febi-anuncia-introducao-de-referencias-com-sete-digitos\/","name":"febi atinge novo marco com refer\u00eancias de sete d\u00edgitos - Jornal das Oficinas","isPartOf":{"@id":"https:\/\/jornaldasoficinas.com\/pt\/#website"},"primaryImageOfPage":{"@id":"https:\/\/jornaldasoficinas.com\/pt\/febi-anuncia-introducao-de-referencias-com-sete-digitos\/#primaryimage"},"image":{"@id":"https:\/\/jornaldasoficinas.com\/pt\/febi-anuncia-introducao-de-referencias-com-sete-digitos\/#primaryimage"},"thumbnailUrl":"https:\/\/jornaldasoficinas.com\/pt\/wp-content\/uploads\/2025\/06\/febi-atinge-novo-marco-com-referencias-de-sete-digitos.jpg","datePublished":"2025-06-09T11:30:58+00:00","description":"A febi, marca do bilstein group, vai introduzir o seu primeiro artigo com sete d\u00edgitos \u2013 o n\u00famero 1000000 \u2013 um kit de repara\u00e7\u00e3o exclusivo","breadcrumb":{"@id":"https:\/\/jornaldasoficinas.com\/pt\/febi-anuncia-introducao-de-referencias-com-sete-digitos\/#breadcrumb"},"inLanguage":"pt-PT","potentialAction":[{"@type":"ReadAction","target":["https:\/\/jornaldasoficinas.com\/pt\/febi-anuncia-introducao-de-referencias-com-sete-digitos\/"]}]},{"@type":"ImageObject","inLanguage":"pt-PT","@id":"https:\/\/jornaldasoficinas.com\/pt\/febi-anuncia-introducao-de-referencias-com-sete-digitos\/#primaryimage","url":"https:\/\/jornaldasoficinas.com\/pt\/wp-content\/uploads\/2025\/06\/febi-atinge-novo-marco-com-referencias-de-sete-digitos.jpg","contentUrl":"https:\/\/jornaldasoficinas.com\/pt\/wp-content\/uploads\/2025\/06\/febi-atinge-novo-marco-com-referencias-de-sete-digitos.jpg","width":1024,"height":581,"caption":"06 - febi atinge novo marco com referencias de sete digitos"},{"@type":"BreadcrumbList","@id":"https:\/\/jornaldasoficinas.com\/pt\/febi-anuncia-introducao-de-referencias-com-sete-digitos\/#breadcrumb","itemListElement":[{"@type":"ListItem","position":1,"name":"In\u00edcio","item":"https:\/\/jornaldasoficinas.com\/pt\/"},{"@type":"ListItem","position":2,"name":"febi atinge novo marco com refer\u00eancias de sete d\u00edgitos"}]},{"@type":"WebSite","@id":"https:\/\/jornaldasoficinas.com\/pt\/#website","url":"https:\/\/jornaldasoficinas.com\/pt\/","name":"Jornal das Oficinas","description":"Jornal independente do Aftermarket Autom\u00f3vel em Portugal","publisher":{"@id":"https:\/\/jornaldasoficinas.com\/pt\/#organization"},"potentialAction":[{"@type":"SearchAction","target":{"@type":"EntryPoint","urlTemplate":"https:\/\/jornaldasoficinas.com\/pt\/?s={search_term_string}"},"query-input":{"@type":"PropertyValueSpecification","valueRequired":true,"valueName":"search_term_string"}}],"inLanguage":"pt-PT"},{"@type":"Organization","@id":"https:\/\/jornaldasoficinas.com\/pt\/#organization","name":"Jornal das Oficinas","url":"https:\/\/jornaldasoficinas.com\/pt\/","logo":{"@type":"ImageObject","inLanguage":"pt-PT","@id":"https:\/\/jornaldasoficinas.com\/pt\/#\/schema\/logo\/image\/","url":"https:\/\/jornaldasoficinas.com\/pt\/wp-content\/uploads\/logoJO-SEO.png","contentUrl":"https:\/\/jornaldasoficinas.com\/pt\/wp-content\/uploads\/logoJO-SEO.png","width":285,"height":450,"caption":"Jornal das Oficinas"},"image":{"@id":"https:\/\/jornaldasoficinas.com\/pt\/#\/schema\/logo\/image\/"},"sameAs":["https:\/\/www.facebook.com\/jornaloficinas","https:\/\/x.com\/jornaloficinas","https:\/\/www.instagram.com\/jornal_oficinas\/","https:\/\/www.linkedin.com\/company\/jornal-das-oficinas\/","https:\/\/www.youtube.com\/channel\/UCbQZBqtcvV-oSQrr7RzINGg"]},{"@type":"Person","@id":"https:\/\/jornaldasoficinas.com\/pt\/#\/schema\/person\/a38eef5de2c41d9e7c9ac10141afddf3","name":"Reda\u00e7\u00e3o JO","image":{"@type":"ImageObject","inLanguage":"pt-PT","@id":"https:\/\/secure.gravatar.com\/avatar\/71f2fa71737ad68a84fea94bc708ddac8ea5b0c4788dc2ad202f3ccb2887742f?s=96&d=wp_user_avatar&r=g","url":"https:\/\/secure.gravatar.com\/avatar\/71f2fa71737ad68a84fea94bc708ddac8ea5b0c4788dc2ad202f3ccb2887742f?s=96&d=wp_user_avatar&r=g","contentUrl":"https:\/\/secure.gravatar.com\/avatar\/71f2fa71737ad68a84fea94bc708ddac8ea5b0c4788dc2ad202f3ccb2887742f?s=96&d=wp_user_avatar&r=g","caption":"Reda\u00e7\u00e3o JO"},"url":"https:\/\/jornaldasoficinas.com\/pt\/author\/joredacao\/"}]}},"_links":{"self":[{"href":"https:\/\/jornaldasoficinas.com\/pt\/wp-json\/wp\/v2\/posts\/103006","targetHints":{"allow":["GET"]}}],"collection":[{"href":"https:\/\/jornaldasoficinas.com\/pt\/wp-json\/wp\/v2\/posts"}],"about":[{"href":"https:\/\/jornaldasoficinas.com\/pt\/wp-json\/wp\/v2\/types\/post"}],"author":[{"embeddable":true,"href":"https:\/\/jornaldasoficinas.com\/pt\/wp-json\/wp\/v2\/users\/15"}],"replies":[{"embeddable":true,"href":"https:\/\/jornaldasoficinas.com\/pt\/wp-json\/wp\/v2\/comments?post=103006"}],"version-history":[{"count":5,"href":"https:\/\/jornaldasoficinas.com\/pt\/wp-json\/wp\/v2\/posts\/103006\/revisions"}],"predecessor-version":[{"id":103020,"href":"https:\/\/jornaldasoficinas.com\/pt\/wp-json\/wp\/v2\/posts\/103006\/revisions\/103020"}],"wp:featuredmedia":[{"embeddable":true,"href":"https:\/\/jornaldasoficinas.com\/pt\/wp-json\/wp\/v2\/media\/103013"}],"wp:attachment":[{"href":"https:\/\/jornaldasoficinas.com\/pt\/wp-json\/wp\/v2\/media?parent=103006"}],"wp:term":[{"taxonomy":"category","embeddable":true,"href":"https:\/\/jornaldasoficinas.com\/pt\/wp-json\/wp\/v2\/categories?post=103006"},{"taxonomy":"post_tag","embeddable":true,"href":"https:\/\/jornaldasoficinas.com\/pt\/wp-json\/wp\/v2\/tags?post=103006"}],"curies":[{"name":"wp","href":"https:\/\/api.w.org\/{rel}","templated":true}]}}