{"id":103011,"date":"2025-06-09T14:00:32","date_gmt":"2025-06-09T13:00:32","guid":{"rendered":"https:\/\/jornaldasoficinas.com\/pt\/?p=103011"},"modified":"2025-06-09T12:22:20","modified_gmt":"2025-06-09T11:22:20","slug":"osram-lanca-primeira-lampada-led-retrofit-com-aprovacao-ece","status":"publish","type":"post","link":"https:\/\/jornaldasoficinas.com\/pt\/osram-lanca-primeira-lampada-led-retrofit-com-aprovacao-ece\/","title":{"rendered":"OSRAM lan\u00e7a primeira l\u00e2mpada LED H11 aprovada na UE"},"content":{"rendered":"<p><strong><img loading=\"lazy\" decoding=\"async\" class=\"alignnone size-full wp-image-103021\" src=\"https:\/\/jornaldasoficinas.com\/pt\/wp-content\/uploads\/2025\/06\/OSRAM-lanca-primeira-lampada-LED-H11-aprovada-na-UE.jpg\" alt=\"06 - OSRAM lanca primeira lampada LED H11 aprovada na UE\" width=\"1024\" height=\"581\" srcset=\"https:\/\/jornaldasoficinas.com\/pt\/wp-content\/uploads\/2025\/06\/OSRAM-lanca-primeira-lampada-LED-H11-aprovada-na-UE.jpg 1024w, https:\/\/jornaldasoficinas.com\/pt\/wp-content\/uploads\/2025\/06\/OSRAM-lanca-primeira-lampada-LED-H11-aprovada-na-UE-300x170.jpg 300w, https:\/\/jornaldasoficinas.com\/pt\/wp-content\/uploads\/2025\/06\/OSRAM-lanca-primeira-lampada-LED-H11-aprovada-na-UE-150x85.jpg 150w, https:\/\/jornaldasoficinas.com\/pt\/wp-content\/uploads\/2025\/06\/OSRAM-lanca-primeira-lampada-LED-H11-aprovada-na-UE-768x436.jpg 768w\" sizes=\"auto, (max-width: 1024px) 100vw, 1024px\" \/><\/strong><\/p>\n<p><strong>A <a href=\"https:\/\/www.osram.pt\/\" target=\"_blank\" rel=\"noopener\">OSRAM<\/a> anunciou o lan\u00e7amento da NIGHT BREAKER LED SMART ECE H11, uma nova l\u00e2mpada LED retrofit que substitui diretamente as tradicionais l\u00e2mpadas de halog\u00e9neo H11<\/strong><\/p>\n<p>A grande novidade \u00e9 que este modelo est\u00e1 legalmente aprovado para ve\u00edculos de 12V em todos os Estados contratantes da ECE, incluindo a Uni\u00e3o Europeia, Reino Unido e Su\u00ed\u00e7a, para todas as fun\u00e7\u00f5es de ilumina\u00e7\u00e3o.<\/p>\n<p>Com uma luz branca intensa (at\u00e9 6000 Kelvin), esta solu\u00e7\u00e3o garante melhor visibilidade e maior conforto visual para os condutores, reduzindo em at\u00e9 50% o encandeamento sentido pelos outros utilizadores da estrada. Comparada \u00e0s l\u00e2mpadas de halog\u00e9neo convencionais, consome at\u00e9 menos 60% de energia e oferece uma durabilidade seis vezes superior, gra\u00e7as \u00e0 tecnologia LED e ao design resistente a vibra\u00e7\u00f5es.<\/p>\n<p>Estas caracter\u00edsticas tornam a NIGHT BREAKER LED SMART ECE H11 uma op\u00e7\u00e3o mais eficiente, ecol\u00f3gica e econ\u00f3mica.<\/p>\n<p><strong>OSRAM celebra 100 anos de inova\u00e7\u00e3o autom\u00f3vel<\/strong><\/p>\n<p>Este lan\u00e7amento marca tamb\u00e9m um momento especial para a marca: em 2025, a OSRAM Autom\u00f3vel comemora o seu 100.\u00ba anivers\u00e1rio. Desde a inven\u00e7\u00e3o da l\u00e2mpada BILUX, em 1920, at\u00e9 ao desenvolvimento das primeiras LED retrofit, a marca tem liderado com inova\u00e7\u00f5es que transformaram o setor da ilumina\u00e7\u00e3o autom\u00f3vel.<\/p>\n<p>Hoje, a OSRAM oferece uma gama completa de solu\u00e7\u00f5es para ilumina\u00e7\u00e3o, manuten\u00e7\u00e3o e equipamentos autom\u00f3vel, refor\u00e7ando o seu compromisso com a seguran\u00e7a e a qualidade.<\/p>\n","protected":false},"excerpt":{"rendered":"<p>A OSRAM anunciou o lan\u00e7amento da&#8230;<\/p>\n","protected":false},"author":15,"featured_media":103021,"comment_status":"closed","ping_status":"closed","sticky":false,"template":"","format":"standard","meta":{"footnotes":""},"categories":[29],"tags":[8966,4228,12881,7834,8030,60,12880],"class_list":["post-103011","post","type-post","status-publish","format-standard","has-post-thumbnail","hentry","category-empresas","tag-100-anos","tag-aniversario","tag-aprovada-na-ue","tag-lancamento","tag-led-retrofit","tag-osram","tag-primeira-lampada"],"yoast_head":"<!-- This site is optimized with the Yoast SEO plugin v27.4 - https:\/\/yoast.com\/product\/yoast-seo-wordpress\/ -->\n<title>OSRAM lan\u00e7a primeira l\u00e2mpada LED H11 aprovada na UE - Jornal das Oficinas<\/title>\n<meta name=\"description\" content=\"A OSRAM anunciou o lan\u00e7amento da NIGHT BREAKER LED SMART ECE H11, uma nova l\u00e2mpada LED retrofit que substitui diretamente as tradicionais\" \/>\n<meta name=\"robots\" content=\"index, follow, max-snippet:-1, max-image-preview:large, max-video-preview:-1\" \/>\n<link rel=\"canonical\" href=\"https:\/\/jornaldasoficinas.com\/pt\/osram-lanca-primeira-lampada-led-retrofit-com-aprovacao-ece\/\" \/>\n<meta property=\"og:locale\" content=\"pt_PT\" \/>\n<meta property=\"og:type\" content=\"article\" \/>\n<meta property=\"og:title\" content=\"OSRAM lan\u00e7a primeira l\u00e2mpada LED H11 aprovada na UE - Jornal das Oficinas\" \/>\n<meta property=\"og:description\" content=\"A OSRAM anunciou o lan\u00e7amento da NIGHT BREAKER LED SMART ECE H11, uma nova l\u00e2mpada LED retrofit que substitui diretamente as tradicionais\" \/>\n<meta property=\"og:url\" content=\"https:\/\/jornaldasoficinas.com\/pt\/osram-lanca-primeira-lampada-led-retrofit-com-aprovacao-ece\/\" \/>\n<meta property=\"og:site_name\" content=\"Jornal das Oficinas\" \/>\n<meta property=\"article:publisher\" content=\"https:\/\/www.facebook.com\/jornaloficinas\" \/>\n<meta property=\"article:published_time\" content=\"2025-06-09T13:00:32+00:00\" \/>\n<meta property=\"og:image\" content=\"https:\/\/jornaldasoficinas.com\/pt\/wp-content\/uploads\/2025\/06\/OSRAM-lanca-primeira-lampada-LED-H11-aprovada-na-UE.jpg\" \/>\n\t<meta property=\"og:image:width\" content=\"1024\" \/>\n\t<meta property=\"og:image:height\" content=\"581\" \/>\n\t<meta property=\"og:image:type\" content=\"image\/jpeg\" \/>\n<meta name=\"author\" content=\"Reda\u00e7\u00e3o JO\" \/>\n<meta name=\"twitter:card\" content=\"summary_large_image\" \/>\n<meta name=\"twitter:creator\" content=\"@jornaloficinas\" \/>\n<meta name=\"twitter:site\" content=\"@jornaloficinas\" \/>\n<meta name=\"twitter:label1\" content=\"Escrito por\" \/>\n\t<meta name=\"twitter:data1\" content=\"Reda\u00e7\u00e3o JO\" \/>\n\t<meta name=\"twitter:label2\" content=\"Tempo estimado de leitura\" \/>\n\t<meta name=\"twitter:data2\" content=\"2 minutos\" \/>\n<script type=\"application\/ld+json\" class=\"yoast-schema-graph\">{\"@context\":\"https:\\\/\\\/schema.org\",\"@graph\":[{\"@type\":\"Article\",\"@id\":\"https:\\\/\\\/jornaldasoficinas.com\\\/pt\\\/osram-lanca-primeira-lampada-led-retrofit-com-aprovacao-ece\\\/#article\",\"isPartOf\":{\"@id\":\"https:\\\/\\\/jornaldasoficinas.com\\\/pt\\\/osram-lanca-primeira-lampada-led-retrofit-com-aprovacao-ece\\\/\"},\"author\":{\"name\":\"Reda\u00e7\u00e3o JO\",\"@id\":\"https:\\\/\\\/jornaldasoficinas.com\\\/pt\\\/#\\\/schema\\\/person\\\/a38eef5de2c41d9e7c9ac10141afddf3\"},\"headline\":\"OSRAM lan\u00e7a primeira l\u00e2mpada LED H11 aprovada na UE\",\"datePublished\":\"2025-06-09T13:00:32+00:00\",\"mainEntityOfPage\":{\"@id\":\"https:\\\/\\\/jornaldasoficinas.com\\\/pt\\\/osram-lanca-primeira-lampada-led-retrofit-com-aprovacao-ece\\\/\"},\"wordCount\":256,\"publisher\":{\"@id\":\"https:\\\/\\\/jornaldasoficinas.com\\\/pt\\\/#organization\"},\"image\":{\"@id\":\"https:\\\/\\\/jornaldasoficinas.com\\\/pt\\\/osram-lanca-primeira-lampada-led-retrofit-com-aprovacao-ece\\\/#primaryimage\"},\"thumbnailUrl\":\"https:\\\/\\\/jornaldasoficinas.com\\\/pt\\\/wp-content\\\/uploads\\\/2025\\\/06\\\/OSRAM-lanca-primeira-lampada-LED-H11-aprovada-na-UE.jpg\",\"keywords\":[\"100 anos\",\"Anivers\u00e1rio\",\"aprovada na UE\",\"lan\u00e7amento\",\"LED retrofit\",\"OSRAM\",\"primeira l\u00e2mpada\"],\"articleSection\":[\"Empresas\"],\"inLanguage\":\"pt-PT\"},{\"@type\":\"WebPage\",\"@id\":\"https:\\\/\\\/jornaldasoficinas.com\\\/pt\\\/osram-lanca-primeira-lampada-led-retrofit-com-aprovacao-ece\\\/\",\"url\":\"https:\\\/\\\/jornaldasoficinas.com\\\/pt\\\/osram-lanca-primeira-lampada-led-retrofit-com-aprovacao-ece\\\/\",\"name\":\"OSRAM lan\u00e7a primeira l\u00e2mpada LED H11 aprovada na UE - Jornal das Oficinas\",\"isPartOf\":{\"@id\":\"https:\\\/\\\/jornaldasoficinas.com\\\/pt\\\/#website\"},\"primaryImageOfPage\":{\"@id\":\"https:\\\/\\\/jornaldasoficinas.com\\\/pt\\\/osram-lanca-primeira-lampada-led-retrofit-com-aprovacao-ece\\\/#primaryimage\"},\"image\":{\"@id\":\"https:\\\/\\\/jornaldasoficinas.com\\\/pt\\\/osram-lanca-primeira-lampada-led-retrofit-com-aprovacao-ece\\\/#primaryimage\"},\"thumbnailUrl\":\"https:\\\/\\\/jornaldasoficinas.com\\\/pt\\\/wp-content\\\/uploads\\\/2025\\\/06\\\/OSRAM-lanca-primeira-lampada-LED-H11-aprovada-na-UE.jpg\",\"datePublished\":\"2025-06-09T13:00:32+00:00\",\"description\":\"A OSRAM anunciou o lan\u00e7amento da NIGHT BREAKER LED SMART ECE H11, uma nova l\u00e2mpada LED retrofit que substitui diretamente as tradicionais\",\"breadcrumb\":{\"@id\":\"https:\\\/\\\/jornaldasoficinas.com\\\/pt\\\/osram-lanca-primeira-lampada-led-retrofit-com-aprovacao-ece\\\/#breadcrumb\"},\"inLanguage\":\"pt-PT\",\"potentialAction\":[{\"@type\":\"ReadAction\",\"target\":[\"https:\\\/\\\/jornaldasoficinas.com\\\/pt\\\/osram-lanca-primeira-lampada-led-retrofit-com-aprovacao-ece\\\/\"]}]},{\"@type\":\"ImageObject\",\"inLanguage\":\"pt-PT\",\"@id\":\"https:\\\/\\\/jornaldasoficinas.com\\\/pt\\\/osram-lanca-primeira-lampada-led-retrofit-com-aprovacao-ece\\\/#primaryimage\",\"url\":\"https:\\\/\\\/jornaldasoficinas.com\\\/pt\\\/wp-content\\\/uploads\\\/2025\\\/06\\\/OSRAM-lanca-primeira-lampada-LED-H11-aprovada-na-UE.jpg\",\"contentUrl\":\"https:\\\/\\\/jornaldasoficinas.com\\\/pt\\\/wp-content\\\/uploads\\\/2025\\\/06\\\/OSRAM-lanca-primeira-lampada-LED-H11-aprovada-na-UE.jpg\",\"width\":1024,\"height\":581,\"caption\":\"06 - OSRAM lanca primeira lampada LED H11 aprovada na UE\"},{\"@type\":\"BreadcrumbList\",\"@id\":\"https:\\\/\\\/jornaldasoficinas.com\\\/pt\\\/osram-lanca-primeira-lampada-led-retrofit-com-aprovacao-ece\\\/#breadcrumb\",\"itemListElement\":[{\"@type\":\"ListItem\",\"position\":1,\"name\":\"In\u00edcio\",\"item\":\"https:\\\/\\\/jornaldasoficinas.com\\\/pt\\\/\"},{\"@type\":\"ListItem\",\"position\":2,\"name\":\"OSRAM lan\u00e7a primeira l\u00e2mpada LED H11 aprovada na UE\"}]},{\"@type\":\"WebSite\",\"@id\":\"https:\\\/\\\/jornaldasoficinas.com\\\/pt\\\/#website\",\"url\":\"https:\\\/\\\/jornaldasoficinas.com\\\/pt\\\/\",\"name\":\"Jornal das Oficinas\",\"description\":\"Jornal independente do Aftermarket Autom\u00f3vel em Portugal\",\"publisher\":{\"@id\":\"https:\\\/\\\/jornaldasoficinas.com\\\/pt\\\/#organization\"},\"potentialAction\":[{\"@type\":\"SearchAction\",\"target\":{\"@type\":\"EntryPoint\",\"urlTemplate\":\"https:\\\/\\\/jornaldasoficinas.com\\\/pt\\\/?s={search_term_string}\"},\"query-input\":{\"@type\":\"PropertyValueSpecification\",\"valueRequired\":true,\"valueName\":\"search_term_string\"}}],\"inLanguage\":\"pt-PT\"},{\"@type\":\"Organization\",\"@id\":\"https:\\\/\\\/jornaldasoficinas.com\\\/pt\\\/#organization\",\"name\":\"Jornal das Oficinas\",\"url\":\"https:\\\/\\\/jornaldasoficinas.com\\\/pt\\\/\",\"logo\":{\"@type\":\"ImageObject\",\"inLanguage\":\"pt-PT\",\"@id\":\"https:\\\/\\\/jornaldasoficinas.com\\\/pt\\\/#\\\/schema\\\/logo\\\/image\\\/\",\"url\":\"https:\\\/\\\/jornaldasoficinas.com\\\/pt\\\/wp-content\\\/uploads\\\/logoJO-SEO.png\",\"contentUrl\":\"https:\\\/\\\/jornaldasoficinas.com\\\/pt\\\/wp-content\\\/uploads\\\/logoJO-SEO.png\",\"width\":285,\"height\":450,\"caption\":\"Jornal das Oficinas\"},\"image\":{\"@id\":\"https:\\\/\\\/jornaldasoficinas.com\\\/pt\\\/#\\\/schema\\\/logo\\\/image\\\/\"},\"sameAs\":[\"https:\\\/\\\/www.facebook.com\\\/jornaloficinas\",\"https:\\\/\\\/x.com\\\/jornaloficinas\",\"https:\\\/\\\/www.instagram.com\\\/jornal_oficinas\\\/\",\"https:\\\/\\\/www.linkedin.com\\\/company\\\/jornal-das-oficinas\\\/\",\"https:\\\/\\\/www.youtube.com\\\/channel\\\/UCbQZBqtcvV-oSQrr7RzINGg\"]},{\"@type\":\"Person\",\"@id\":\"https:\\\/\\\/jornaldasoficinas.com\\\/pt\\\/#\\\/schema\\\/person\\\/a38eef5de2c41d9e7c9ac10141afddf3\",\"name\":\"Reda\u00e7\u00e3o JO\",\"image\":{\"@type\":\"ImageObject\",\"inLanguage\":\"pt-PT\",\"@id\":\"https:\\\/\\\/secure.gravatar.com\\\/avatar\\\/71f2fa71737ad68a84fea94bc708ddac8ea5b0c4788dc2ad202f3ccb2887742f?s=96&d=wp_user_avatar&r=g\",\"url\":\"https:\\\/\\\/secure.gravatar.com\\\/avatar\\\/71f2fa71737ad68a84fea94bc708ddac8ea5b0c4788dc2ad202f3ccb2887742f?s=96&d=wp_user_avatar&r=g\",\"contentUrl\":\"https:\\\/\\\/secure.gravatar.com\\\/avatar\\\/71f2fa71737ad68a84fea94bc708ddac8ea5b0c4788dc2ad202f3ccb2887742f?s=96&d=wp_user_avatar&r=g\",\"caption\":\"Reda\u00e7\u00e3o JO\"},\"url\":\"https:\\\/\\\/jornaldasoficinas.com\\\/pt\\\/author\\\/joredacao\\\/\"}]}<\/script>\n<!-- \/ Yoast SEO plugin. -->","yoast_head_json":{"title":"OSRAM lan\u00e7a primeira l\u00e2mpada LED H11 aprovada na UE - Jornal das Oficinas","description":"A OSRAM anunciou o lan\u00e7amento da NIGHT BREAKER LED SMART ECE H11, uma nova l\u00e2mpada LED retrofit que substitui diretamente as tradicionais","robots":{"index":"index","follow":"follow","max-snippet":"max-snippet:-1","max-image-preview":"max-image-preview:large","max-video-preview":"max-video-preview:-1"},"canonical":"https:\/\/jornaldasoficinas.com\/pt\/osram-lanca-primeira-lampada-led-retrofit-com-aprovacao-ece\/","og_locale":"pt_PT","og_type":"article","og_title":"OSRAM lan\u00e7a primeira l\u00e2mpada LED H11 aprovada na UE - Jornal das Oficinas","og_description":"A OSRAM anunciou o lan\u00e7amento da NIGHT BREAKER LED SMART ECE H11, uma nova l\u00e2mpada LED retrofit que substitui diretamente as tradicionais","og_url":"https:\/\/jornaldasoficinas.com\/pt\/osram-lanca-primeira-lampada-led-retrofit-com-aprovacao-ece\/","og_site_name":"Jornal das Oficinas","article_publisher":"https:\/\/www.facebook.com\/jornaloficinas","article_published_time":"2025-06-09T13:00:32+00:00","og_image":[{"width":1024,"height":581,"url":"https:\/\/jornaldasoficinas.com\/pt\/wp-content\/uploads\/2025\/06\/OSRAM-lanca-primeira-lampada-LED-H11-aprovada-na-UE.jpg","type":"image\/jpeg"}],"author":"Reda\u00e7\u00e3o JO","twitter_card":"summary_large_image","twitter_creator":"@jornaloficinas","twitter_site":"@jornaloficinas","twitter_misc":{"Escrito por":"Reda\u00e7\u00e3o JO","Tempo estimado de leitura":"2 minutos"},"schema":{"@context":"https:\/\/schema.org","@graph":[{"@type":"Article","@id":"https:\/\/jornaldasoficinas.com\/pt\/osram-lanca-primeira-lampada-led-retrofit-com-aprovacao-ece\/#article","isPartOf":{"@id":"https:\/\/jornaldasoficinas.com\/pt\/osram-lanca-primeira-lampada-led-retrofit-com-aprovacao-ece\/"},"author":{"name":"Reda\u00e7\u00e3o JO","@id":"https:\/\/jornaldasoficinas.com\/pt\/#\/schema\/person\/a38eef5de2c41d9e7c9ac10141afddf3"},"headline":"OSRAM lan\u00e7a primeira l\u00e2mpada LED H11 aprovada na UE","datePublished":"2025-06-09T13:00:32+00:00","mainEntityOfPage":{"@id":"https:\/\/jornaldasoficinas.com\/pt\/osram-lanca-primeira-lampada-led-retrofit-com-aprovacao-ece\/"},"wordCount":256,"publisher":{"@id":"https:\/\/jornaldasoficinas.com\/pt\/#organization"},"image":{"@id":"https:\/\/jornaldasoficinas.com\/pt\/osram-lanca-primeira-lampada-led-retrofit-com-aprovacao-ece\/#primaryimage"},"thumbnailUrl":"https:\/\/jornaldasoficinas.com\/pt\/wp-content\/uploads\/2025\/06\/OSRAM-lanca-primeira-lampada-LED-H11-aprovada-na-UE.jpg","keywords":["100 anos","Anivers\u00e1rio","aprovada na UE","lan\u00e7amento","LED retrofit","OSRAM","primeira l\u00e2mpada"],"articleSection":["Empresas"],"inLanguage":"pt-PT"},{"@type":"WebPage","@id":"https:\/\/jornaldasoficinas.com\/pt\/osram-lanca-primeira-lampada-led-retrofit-com-aprovacao-ece\/","url":"https:\/\/jornaldasoficinas.com\/pt\/osram-lanca-primeira-lampada-led-retrofit-com-aprovacao-ece\/","name":"OSRAM lan\u00e7a primeira l\u00e2mpada LED H11 aprovada na UE - Jornal das Oficinas","isPartOf":{"@id":"https:\/\/jornaldasoficinas.com\/pt\/#website"},"primaryImageOfPage":{"@id":"https:\/\/jornaldasoficinas.com\/pt\/osram-lanca-primeira-lampada-led-retrofit-com-aprovacao-ece\/#primaryimage"},"image":{"@id":"https:\/\/jornaldasoficinas.com\/pt\/osram-lanca-primeira-lampada-led-retrofit-com-aprovacao-ece\/#primaryimage"},"thumbnailUrl":"https:\/\/jornaldasoficinas.com\/pt\/wp-content\/uploads\/2025\/06\/OSRAM-lanca-primeira-lampada-LED-H11-aprovada-na-UE.jpg","datePublished":"2025-06-09T13:00:32+00:00","description":"A OSRAM anunciou o lan\u00e7amento da NIGHT BREAKER LED SMART ECE H11, uma nova l\u00e2mpada LED retrofit que substitui diretamente as tradicionais","breadcrumb":{"@id":"https:\/\/jornaldasoficinas.com\/pt\/osram-lanca-primeira-lampada-led-retrofit-com-aprovacao-ece\/#breadcrumb"},"inLanguage":"pt-PT","potentialAction":[{"@type":"ReadAction","target":["https:\/\/jornaldasoficinas.com\/pt\/osram-lanca-primeira-lampada-led-retrofit-com-aprovacao-ece\/"]}]},{"@type":"ImageObject","inLanguage":"pt-PT","@id":"https:\/\/jornaldasoficinas.com\/pt\/osram-lanca-primeira-lampada-led-retrofit-com-aprovacao-ece\/#primaryimage","url":"https:\/\/jornaldasoficinas.com\/pt\/wp-content\/uploads\/2025\/06\/OSRAM-lanca-primeira-lampada-LED-H11-aprovada-na-UE.jpg","contentUrl":"https:\/\/jornaldasoficinas.com\/pt\/wp-content\/uploads\/2025\/06\/OSRAM-lanca-primeira-lampada-LED-H11-aprovada-na-UE.jpg","width":1024,"height":581,"caption":"06 - OSRAM lanca primeira lampada LED H11 aprovada na UE"},{"@type":"BreadcrumbList","@id":"https:\/\/jornaldasoficinas.com\/pt\/osram-lanca-primeira-lampada-led-retrofit-com-aprovacao-ece\/#breadcrumb","itemListElement":[{"@type":"ListItem","position":1,"name":"In\u00edcio","item":"https:\/\/jornaldasoficinas.com\/pt\/"},{"@type":"ListItem","position":2,"name":"OSRAM lan\u00e7a primeira l\u00e2mpada LED H11 aprovada na UE"}]},{"@type":"WebSite","@id":"https:\/\/jornaldasoficinas.com\/pt\/#website","url":"https:\/\/jornaldasoficinas.com\/pt\/","name":"Jornal das Oficinas","description":"Jornal independente do Aftermarket Autom\u00f3vel em Portugal","publisher":{"@id":"https:\/\/jornaldasoficinas.com\/pt\/#organization"},"potentialAction":[{"@type":"SearchAction","target":{"@type":"EntryPoint","urlTemplate":"https:\/\/jornaldasoficinas.com\/pt\/?s={search_term_string}"},"query-input":{"@type":"PropertyValueSpecification","valueRequired":true,"valueName":"search_term_string"}}],"inLanguage":"pt-PT"},{"@type":"Organization","@id":"https:\/\/jornaldasoficinas.com\/pt\/#organization","name":"Jornal das Oficinas","url":"https:\/\/jornaldasoficinas.com\/pt\/","logo":{"@type":"ImageObject","inLanguage":"pt-PT","@id":"https:\/\/jornaldasoficinas.com\/pt\/#\/schema\/logo\/image\/","url":"https:\/\/jornaldasoficinas.com\/pt\/wp-content\/uploads\/logoJO-SEO.png","contentUrl":"https:\/\/jornaldasoficinas.com\/pt\/wp-content\/uploads\/logoJO-SEO.png","width":285,"height":450,"caption":"Jornal das Oficinas"},"image":{"@id":"https:\/\/jornaldasoficinas.com\/pt\/#\/schema\/logo\/image\/"},"sameAs":["https:\/\/www.facebook.com\/jornaloficinas","https:\/\/x.com\/jornaloficinas","https:\/\/www.instagram.com\/jornal_oficinas\/","https:\/\/www.linkedin.com\/company\/jornal-das-oficinas\/","https:\/\/www.youtube.com\/channel\/UCbQZBqtcvV-oSQrr7RzINGg"]},{"@type":"Person","@id":"https:\/\/jornaldasoficinas.com\/pt\/#\/schema\/person\/a38eef5de2c41d9e7c9ac10141afddf3","name":"Reda\u00e7\u00e3o JO","image":{"@type":"ImageObject","inLanguage":"pt-PT","@id":"https:\/\/secure.gravatar.com\/avatar\/71f2fa71737ad68a84fea94bc708ddac8ea5b0c4788dc2ad202f3ccb2887742f?s=96&d=wp_user_avatar&r=g","url":"https:\/\/secure.gravatar.com\/avatar\/71f2fa71737ad68a84fea94bc708ddac8ea5b0c4788dc2ad202f3ccb2887742f?s=96&d=wp_user_avatar&r=g","contentUrl":"https:\/\/secure.gravatar.com\/avatar\/71f2fa71737ad68a84fea94bc708ddac8ea5b0c4788dc2ad202f3ccb2887742f?s=96&d=wp_user_avatar&r=g","caption":"Reda\u00e7\u00e3o JO"},"url":"https:\/\/jornaldasoficinas.com\/pt\/author\/joredacao\/"}]}},"_links":{"self":[{"href":"https:\/\/jornaldasoficinas.com\/pt\/wp-json\/wp\/v2\/posts\/103011","targetHints":{"allow":["GET"]}}],"collection":[{"href":"https:\/\/jornaldasoficinas.com\/pt\/wp-json\/wp\/v2\/posts"}],"about":[{"href":"https:\/\/jornaldasoficinas.com\/pt\/wp-json\/wp\/v2\/types\/post"}],"author":[{"embeddable":true,"href":"https:\/\/jornaldasoficinas.com\/pt\/wp-json\/wp\/v2\/users\/15"}],"replies":[{"embeddable":true,"href":"https:\/\/jornaldasoficinas.com\/pt\/wp-json\/wp\/v2\/comments?post=103011"}],"version-history":[{"count":6,"href":"https:\/\/jornaldasoficinas.com\/pt\/wp-json\/wp\/v2\/posts\/103011\/revisions"}],"predecessor-version":[{"id":103022,"href":"https:\/\/jornaldasoficinas.com\/pt\/wp-json\/wp\/v2\/posts\/103011\/revisions\/103022"}],"wp:featuredmedia":[{"embeddable":true,"href":"https:\/\/jornaldasoficinas.com\/pt\/wp-json\/wp\/v2\/media\/103021"}],"wp:attachment":[{"href":"https:\/\/jornaldasoficinas.com\/pt\/wp-json\/wp\/v2\/media?parent=103011"}],"wp:term":[{"taxonomy":"category","embeddable":true,"href":"https:\/\/jornaldasoficinas.com\/pt\/wp-json\/wp\/v2\/categories?post=103011"},{"taxonomy":"post_tag","embeddable":true,"href":"https:\/\/jornaldasoficinas.com\/pt\/wp-json\/wp\/v2\/tags?post=103011"}],"curies":[{"name":"wp","href":"https:\/\/api.w.org\/{rel}","templated":true}]}}