{"id":103050,"date":"2025-06-09T18:00:07","date_gmt":"2025-06-09T17:00:07","guid":{"rendered":"https:\/\/jornaldasoficinas.com\/pt\/?p=103050"},"modified":"2025-06-09T17:36:33","modified_gmt":"2025-06-09T16:36:33","slug":"drive360-revela-nova-imagem-e-reforca-legado-da-create","status":"publish","type":"post","link":"https:\/\/jornaldasoficinas.com\/pt\/drive360-revela-nova-imagem-e-reforca-legado-da-create\/","title":{"rendered":"Drive360 revela nova imagem e refor\u00e7a legado da Create"},"content":{"rendered":"<p><img loading=\"lazy\" decoding=\"async\" class=\"size-full wp-image-103062\" src=\"https:\/\/jornaldasoficinas.com\/pt\/wp-content\/uploads\/2025\/06\/Drive360-revela-nova-imagem-e-reforca-legado-da-Create.jpg\" alt=\"06 - Drive360 revela nova imagem e reforca legado da Create\" width=\"1024\" height=\"581\" srcset=\"https:\/\/jornaldasoficinas.com\/pt\/wp-content\/uploads\/2025\/06\/Drive360-revela-nova-imagem-e-reforca-legado-da-Create.jpg 1024w, https:\/\/jornaldasoficinas.com\/pt\/wp-content\/uploads\/2025\/06\/Drive360-revela-nova-imagem-e-reforca-legado-da-Create-300x170.jpg 300w, https:\/\/jornaldasoficinas.com\/pt\/wp-content\/uploads\/2025\/06\/Drive360-revela-nova-imagem-e-reforca-legado-da-Create-150x85.jpg 150w, https:\/\/jornaldasoficinas.com\/pt\/wp-content\/uploads\/2025\/06\/Drive360-revela-nova-imagem-e-reforca-legado-da-Create-768x436.jpg 768w\" sizes=\"auto, (max-width: 1024px) 100vw, 1024px\" \/><\/p>\n<p><strong>A <a href=\"https:\/\/drive360.pt\/\" target=\"_blank\" rel=\"noopener\">Drive360 Parts &amp; Solutions<\/a>, um dos principais distribuidores de pe\u00e7as e servi\u00e7os para o aftermarket independente em Portugal, acaba de revelar a sua nova imagem que simboliza evolu\u00e7\u00e3o e continuidade<\/strong><\/p>\n<p>Na sequ\u00eancia da sua mudan\u00e7a de nome, que ocorreu no passado m\u00eas de mar\u00e7o, a Drive360 refor\u00e7a o seu compromisso com a nova designa\u00e7\u00e3o comercial que criou. Ou n\u00e3o estivesse o conceito de 360\u00b0 \u00e0 volta do aftermarket na g\u00e9nese da empresa.<\/p>\n<p>Al\u00e9m de apostar na proximidade com os clientes, atrav\u00e9s de uma distribui\u00e7\u00e3o mais presente e intensiva, bem como de solu\u00e7\u00f5es mais intuitivas e flex\u00edveis, em resposta aos desafios tecnol\u00f3gicos, a Drive360, apresenta-se, agora, com uma nova imagem, que se emancipa da designa\u00e7\u00e3o<a href=\"https:\/\/intranet.createbusiness.pt\/\" target=\"_blank\" rel=\"noopener\"> Create Business<\/a>.<\/p>\n<p>&#8220;Se o nome Drive360 exprime a liga\u00e7\u00e3o da empresa ao mundo autom\u00f3vel e ao objetivo de liderar a distribui\u00e7\u00e3o de pe\u00e7as, servi\u00e7os e equipamento oficinal, numa perspetiva de 360\u00b0, j\u00e1 a nova imagem simboliza o caminho percorrido, surgindo a viragem como sinal de adapta\u00e7\u00e3o aos desafios do setor. Para mais, n\u00e3o sendo o caminho para o sucesso sempre linear&#8221;, afirmou a Drive 360 em comunicado.<\/p>\n<p>&#8220;As novas tonalidades que acompanham a renovada imagem est\u00e3o, tamb\u00e9m, em evid\u00eancia. Enquanto o azul escuro apela \u00e0 serenidade e \u00e0 solidez da presen\u00e7a da empresa no setor, o azul claro transmite frescura e moderniza\u00e7\u00e3o. J\u00e1 o cor-de-laranja, exprime energia e ambi\u00e7\u00e3o, com vista a tornar a Drive360 numa refer\u00eancia do aftermarket em Portugal&#8221;, concluiu.<\/p>\n","protected":false},"excerpt":{"rendered":"<p>A Drive360 Parts &amp; Solutions, um&#8230;<\/p>\n","protected":false},"author":15,"featured_media":103062,"comment_status":"closed","ping_status":"closed","sticky":false,"template":"","format":"standard","meta":{"footnotes":""},"categories":[29],"tags":[874,12889,12890,5088,12891],"class_list":["post-103050","post","type-post","status-publish","format-standard","has-post-thumbnail","hentry","category-empresas","tag-create-business","tag-drive360","tag-identidade-visual","tag-nova-imagem","tag-proximidade-com-clientes"],"yoast_head":"<!-- This site is optimized with the Yoast SEO plugin v27.4 - https:\/\/yoast.com\/product\/yoast-seo-wordpress\/ -->\n<title>Drive360 revela nova imagem e refor\u00e7a legado da Create - Jornal das Oficinas<\/title>\n<meta name=\"description\" content=\"A Drive360 Parts &amp; Solutions, um dos principais distribuidores de pe\u00e7as e servi\u00e7os para o aftermarket, acaba de revelar a sua nova imagem\" \/>\n<meta name=\"robots\" content=\"index, follow, max-snippet:-1, max-image-preview:large, max-video-preview:-1\" \/>\n<link rel=\"canonical\" href=\"https:\/\/jornaldasoficinas.com\/pt\/drive360-revela-nova-imagem-e-reforca-legado-da-create\/\" \/>\n<meta property=\"og:locale\" content=\"pt_PT\" \/>\n<meta property=\"og:type\" content=\"article\" \/>\n<meta property=\"og:title\" content=\"Drive360 revela nova imagem e refor\u00e7a legado da Create - Jornal das Oficinas\" \/>\n<meta property=\"og:description\" content=\"A Drive360 Parts &amp; Solutions, um dos principais distribuidores de pe\u00e7as e servi\u00e7os para o aftermarket, acaba de revelar a sua nova imagem\" \/>\n<meta property=\"og:url\" content=\"https:\/\/jornaldasoficinas.com\/pt\/drive360-revela-nova-imagem-e-reforca-legado-da-create\/\" \/>\n<meta property=\"og:site_name\" content=\"Jornal das Oficinas\" \/>\n<meta property=\"article:publisher\" content=\"https:\/\/www.facebook.com\/jornaloficinas\" \/>\n<meta property=\"article:published_time\" content=\"2025-06-09T17:00:07+00:00\" \/>\n<meta property=\"og:image\" content=\"https:\/\/jornaldasoficinas.com\/pt\/wp-content\/uploads\/2025\/06\/Drive360-revela-nova-imagem-e-reforca-legado-da-Create.jpg\" \/>\n\t<meta property=\"og:image:width\" content=\"1024\" \/>\n\t<meta property=\"og:image:height\" content=\"581\" \/>\n\t<meta property=\"og:image:type\" content=\"image\/jpeg\" \/>\n<meta name=\"author\" content=\"Reda\u00e7\u00e3o JO\" \/>\n<meta name=\"twitter:card\" content=\"summary_large_image\" \/>\n<meta name=\"twitter:creator\" content=\"@jornaloficinas\" \/>\n<meta name=\"twitter:site\" content=\"@jornaloficinas\" \/>\n<meta name=\"twitter:label1\" content=\"Escrito por\" \/>\n\t<meta name=\"twitter:data1\" content=\"Reda\u00e7\u00e3o JO\" \/>\n\t<meta name=\"twitter:label2\" content=\"Tempo estimado de leitura\" \/>\n\t<meta name=\"twitter:data2\" content=\"2 minutos\" \/>\n<script type=\"application\/ld+json\" class=\"yoast-schema-graph\">{\"@context\":\"https:\\\/\\\/schema.org\",\"@graph\":[{\"@type\":\"Article\",\"@id\":\"https:\\\/\\\/jornaldasoficinas.com\\\/pt\\\/drive360-revela-nova-imagem-e-reforca-legado-da-create\\\/#article\",\"isPartOf\":{\"@id\":\"https:\\\/\\\/jornaldasoficinas.com\\\/pt\\\/drive360-revela-nova-imagem-e-reforca-legado-da-create\\\/\"},\"author\":{\"name\":\"Reda\u00e7\u00e3o JO\",\"@id\":\"https:\\\/\\\/jornaldasoficinas.com\\\/pt\\\/#\\\/schema\\\/person\\\/a38eef5de2c41d9e7c9ac10141afddf3\"},\"headline\":\"Drive360 revela nova imagem e refor\u00e7a legado da Create\",\"datePublished\":\"2025-06-09T17:00:07+00:00\",\"mainEntityOfPage\":{\"@id\":\"https:\\\/\\\/jornaldasoficinas.com\\\/pt\\\/drive360-revela-nova-imagem-e-reforca-legado-da-create\\\/\"},\"wordCount\":273,\"publisher\":{\"@id\":\"https:\\\/\\\/jornaldasoficinas.com\\\/pt\\\/#organization\"},\"image\":{\"@id\":\"https:\\\/\\\/jornaldasoficinas.com\\\/pt\\\/drive360-revela-nova-imagem-e-reforca-legado-da-create\\\/#primaryimage\"},\"thumbnailUrl\":\"https:\\\/\\\/jornaldasoficinas.com\\\/pt\\\/wp-content\\\/uploads\\\/2025\\\/06\\\/Drive360-revela-nova-imagem-e-reforca-legado-da-Create.jpg\",\"keywords\":[\"Create Business\",\"Drive360\",\"identidade visual\",\"nova imagem\",\"proximidade com clientes\"],\"articleSection\":[\"Empresas\"],\"inLanguage\":\"pt-PT\"},{\"@type\":\"WebPage\",\"@id\":\"https:\\\/\\\/jornaldasoficinas.com\\\/pt\\\/drive360-revela-nova-imagem-e-reforca-legado-da-create\\\/\",\"url\":\"https:\\\/\\\/jornaldasoficinas.com\\\/pt\\\/drive360-revela-nova-imagem-e-reforca-legado-da-create\\\/\",\"name\":\"Drive360 revela nova imagem e refor\u00e7a legado da Create - Jornal das Oficinas\",\"isPartOf\":{\"@id\":\"https:\\\/\\\/jornaldasoficinas.com\\\/pt\\\/#website\"},\"primaryImageOfPage\":{\"@id\":\"https:\\\/\\\/jornaldasoficinas.com\\\/pt\\\/drive360-revela-nova-imagem-e-reforca-legado-da-create\\\/#primaryimage\"},\"image\":{\"@id\":\"https:\\\/\\\/jornaldasoficinas.com\\\/pt\\\/drive360-revela-nova-imagem-e-reforca-legado-da-create\\\/#primaryimage\"},\"thumbnailUrl\":\"https:\\\/\\\/jornaldasoficinas.com\\\/pt\\\/wp-content\\\/uploads\\\/2025\\\/06\\\/Drive360-revela-nova-imagem-e-reforca-legado-da-Create.jpg\",\"datePublished\":\"2025-06-09T17:00:07+00:00\",\"description\":\"A Drive360 Parts & Solutions, um dos principais distribuidores de pe\u00e7as e servi\u00e7os para o aftermarket, acaba de revelar a sua nova imagem\",\"breadcrumb\":{\"@id\":\"https:\\\/\\\/jornaldasoficinas.com\\\/pt\\\/drive360-revela-nova-imagem-e-reforca-legado-da-create\\\/#breadcrumb\"},\"inLanguage\":\"pt-PT\",\"potentialAction\":[{\"@type\":\"ReadAction\",\"target\":[\"https:\\\/\\\/jornaldasoficinas.com\\\/pt\\\/drive360-revela-nova-imagem-e-reforca-legado-da-create\\\/\"]}]},{\"@type\":\"ImageObject\",\"inLanguage\":\"pt-PT\",\"@id\":\"https:\\\/\\\/jornaldasoficinas.com\\\/pt\\\/drive360-revela-nova-imagem-e-reforca-legado-da-create\\\/#primaryimage\",\"url\":\"https:\\\/\\\/jornaldasoficinas.com\\\/pt\\\/wp-content\\\/uploads\\\/2025\\\/06\\\/Drive360-revela-nova-imagem-e-reforca-legado-da-Create.jpg\",\"contentUrl\":\"https:\\\/\\\/jornaldasoficinas.com\\\/pt\\\/wp-content\\\/uploads\\\/2025\\\/06\\\/Drive360-revela-nova-imagem-e-reforca-legado-da-Create.jpg\",\"width\":1024,\"height\":581,\"caption\":\"Logo Mockup Collection by Asylab\"},{\"@type\":\"BreadcrumbList\",\"@id\":\"https:\\\/\\\/jornaldasoficinas.com\\\/pt\\\/drive360-revela-nova-imagem-e-reforca-legado-da-create\\\/#breadcrumb\",\"itemListElement\":[{\"@type\":\"ListItem\",\"position\":1,\"name\":\"In\u00edcio\",\"item\":\"https:\\\/\\\/jornaldasoficinas.com\\\/pt\\\/\"},{\"@type\":\"ListItem\",\"position\":2,\"name\":\"Drive360 revela nova imagem e refor\u00e7a legado da Create\"}]},{\"@type\":\"WebSite\",\"@id\":\"https:\\\/\\\/jornaldasoficinas.com\\\/pt\\\/#website\",\"url\":\"https:\\\/\\\/jornaldasoficinas.com\\\/pt\\\/\",\"name\":\"Jornal das Oficinas\",\"description\":\"Jornal independente do Aftermarket Autom\u00f3vel em Portugal\",\"publisher\":{\"@id\":\"https:\\\/\\\/jornaldasoficinas.com\\\/pt\\\/#organization\"},\"potentialAction\":[{\"@type\":\"SearchAction\",\"target\":{\"@type\":\"EntryPoint\",\"urlTemplate\":\"https:\\\/\\\/jornaldasoficinas.com\\\/pt\\\/?s={search_term_string}\"},\"query-input\":{\"@type\":\"PropertyValueSpecification\",\"valueRequired\":true,\"valueName\":\"search_term_string\"}}],\"inLanguage\":\"pt-PT\"},{\"@type\":\"Organization\",\"@id\":\"https:\\\/\\\/jornaldasoficinas.com\\\/pt\\\/#organization\",\"name\":\"Jornal das Oficinas\",\"url\":\"https:\\\/\\\/jornaldasoficinas.com\\\/pt\\\/\",\"logo\":{\"@type\":\"ImageObject\",\"inLanguage\":\"pt-PT\",\"@id\":\"https:\\\/\\\/jornaldasoficinas.com\\\/pt\\\/#\\\/schema\\\/logo\\\/image\\\/\",\"url\":\"https:\\\/\\\/jornaldasoficinas.com\\\/pt\\\/wp-content\\\/uploads\\\/logoJO-SEO.png\",\"contentUrl\":\"https:\\\/\\\/jornaldasoficinas.com\\\/pt\\\/wp-content\\\/uploads\\\/logoJO-SEO.png\",\"width\":285,\"height\":450,\"caption\":\"Jornal das Oficinas\"},\"image\":{\"@id\":\"https:\\\/\\\/jornaldasoficinas.com\\\/pt\\\/#\\\/schema\\\/logo\\\/image\\\/\"},\"sameAs\":[\"https:\\\/\\\/www.facebook.com\\\/jornaloficinas\",\"https:\\\/\\\/x.com\\\/jornaloficinas\",\"https:\\\/\\\/www.instagram.com\\\/jornal_oficinas\\\/\",\"https:\\\/\\\/www.linkedin.com\\\/company\\\/jornal-das-oficinas\\\/\",\"https:\\\/\\\/www.youtube.com\\\/channel\\\/UCbQZBqtcvV-oSQrr7RzINGg\"]},{\"@type\":\"Person\",\"@id\":\"https:\\\/\\\/jornaldasoficinas.com\\\/pt\\\/#\\\/schema\\\/person\\\/a38eef5de2c41d9e7c9ac10141afddf3\",\"name\":\"Reda\u00e7\u00e3o JO\",\"image\":{\"@type\":\"ImageObject\",\"inLanguage\":\"pt-PT\",\"@id\":\"https:\\\/\\\/secure.gravatar.com\\\/avatar\\\/71f2fa71737ad68a84fea94bc708ddac8ea5b0c4788dc2ad202f3ccb2887742f?s=96&d=wp_user_avatar&r=g\",\"url\":\"https:\\\/\\\/secure.gravatar.com\\\/avatar\\\/71f2fa71737ad68a84fea94bc708ddac8ea5b0c4788dc2ad202f3ccb2887742f?s=96&d=wp_user_avatar&r=g\",\"contentUrl\":\"https:\\\/\\\/secure.gravatar.com\\\/avatar\\\/71f2fa71737ad68a84fea94bc708ddac8ea5b0c4788dc2ad202f3ccb2887742f?s=96&d=wp_user_avatar&r=g\",\"caption\":\"Reda\u00e7\u00e3o JO\"},\"url\":\"https:\\\/\\\/jornaldasoficinas.com\\\/pt\\\/author\\\/joredacao\\\/\"}]}<\/script>\n<!-- \/ Yoast SEO plugin. -->","yoast_head_json":{"title":"Drive360 revela nova imagem e refor\u00e7a legado da Create - Jornal das Oficinas","description":"A Drive360 Parts & Solutions, um dos principais distribuidores de pe\u00e7as e servi\u00e7os para o aftermarket, acaba de revelar a sua nova imagem","robots":{"index":"index","follow":"follow","max-snippet":"max-snippet:-1","max-image-preview":"max-image-preview:large","max-video-preview":"max-video-preview:-1"},"canonical":"https:\/\/jornaldasoficinas.com\/pt\/drive360-revela-nova-imagem-e-reforca-legado-da-create\/","og_locale":"pt_PT","og_type":"article","og_title":"Drive360 revela nova imagem e refor\u00e7a legado da Create - Jornal das Oficinas","og_description":"A Drive360 Parts & Solutions, um dos principais distribuidores de pe\u00e7as e servi\u00e7os para o aftermarket, acaba de revelar a sua nova imagem","og_url":"https:\/\/jornaldasoficinas.com\/pt\/drive360-revela-nova-imagem-e-reforca-legado-da-create\/","og_site_name":"Jornal das Oficinas","article_publisher":"https:\/\/www.facebook.com\/jornaloficinas","article_published_time":"2025-06-09T17:00:07+00:00","og_image":[{"width":1024,"height":581,"url":"https:\/\/jornaldasoficinas.com\/pt\/wp-content\/uploads\/2025\/06\/Drive360-revela-nova-imagem-e-reforca-legado-da-Create.jpg","type":"image\/jpeg"}],"author":"Reda\u00e7\u00e3o JO","twitter_card":"summary_large_image","twitter_creator":"@jornaloficinas","twitter_site":"@jornaloficinas","twitter_misc":{"Escrito por":"Reda\u00e7\u00e3o JO","Tempo estimado de leitura":"2 minutos"},"schema":{"@context":"https:\/\/schema.org","@graph":[{"@type":"Article","@id":"https:\/\/jornaldasoficinas.com\/pt\/drive360-revela-nova-imagem-e-reforca-legado-da-create\/#article","isPartOf":{"@id":"https:\/\/jornaldasoficinas.com\/pt\/drive360-revela-nova-imagem-e-reforca-legado-da-create\/"},"author":{"name":"Reda\u00e7\u00e3o JO","@id":"https:\/\/jornaldasoficinas.com\/pt\/#\/schema\/person\/a38eef5de2c41d9e7c9ac10141afddf3"},"headline":"Drive360 revela nova imagem e refor\u00e7a legado da Create","datePublished":"2025-06-09T17:00:07+00:00","mainEntityOfPage":{"@id":"https:\/\/jornaldasoficinas.com\/pt\/drive360-revela-nova-imagem-e-reforca-legado-da-create\/"},"wordCount":273,"publisher":{"@id":"https:\/\/jornaldasoficinas.com\/pt\/#organization"},"image":{"@id":"https:\/\/jornaldasoficinas.com\/pt\/drive360-revela-nova-imagem-e-reforca-legado-da-create\/#primaryimage"},"thumbnailUrl":"https:\/\/jornaldasoficinas.com\/pt\/wp-content\/uploads\/2025\/06\/Drive360-revela-nova-imagem-e-reforca-legado-da-Create.jpg","keywords":["Create Business","Drive360","identidade visual","nova imagem","proximidade com clientes"],"articleSection":["Empresas"],"inLanguage":"pt-PT"},{"@type":"WebPage","@id":"https:\/\/jornaldasoficinas.com\/pt\/drive360-revela-nova-imagem-e-reforca-legado-da-create\/","url":"https:\/\/jornaldasoficinas.com\/pt\/drive360-revela-nova-imagem-e-reforca-legado-da-create\/","name":"Drive360 revela nova imagem e refor\u00e7a legado da Create - Jornal das Oficinas","isPartOf":{"@id":"https:\/\/jornaldasoficinas.com\/pt\/#website"},"primaryImageOfPage":{"@id":"https:\/\/jornaldasoficinas.com\/pt\/drive360-revela-nova-imagem-e-reforca-legado-da-create\/#primaryimage"},"image":{"@id":"https:\/\/jornaldasoficinas.com\/pt\/drive360-revela-nova-imagem-e-reforca-legado-da-create\/#primaryimage"},"thumbnailUrl":"https:\/\/jornaldasoficinas.com\/pt\/wp-content\/uploads\/2025\/06\/Drive360-revela-nova-imagem-e-reforca-legado-da-Create.jpg","datePublished":"2025-06-09T17:00:07+00:00","description":"A Drive360 Parts & Solutions, um dos principais distribuidores de pe\u00e7as e servi\u00e7os para o aftermarket, acaba de revelar a sua nova imagem","breadcrumb":{"@id":"https:\/\/jornaldasoficinas.com\/pt\/drive360-revela-nova-imagem-e-reforca-legado-da-create\/#breadcrumb"},"inLanguage":"pt-PT","potentialAction":[{"@type":"ReadAction","target":["https:\/\/jornaldasoficinas.com\/pt\/drive360-revela-nova-imagem-e-reforca-legado-da-create\/"]}]},{"@type":"ImageObject","inLanguage":"pt-PT","@id":"https:\/\/jornaldasoficinas.com\/pt\/drive360-revela-nova-imagem-e-reforca-legado-da-create\/#primaryimage","url":"https:\/\/jornaldasoficinas.com\/pt\/wp-content\/uploads\/2025\/06\/Drive360-revela-nova-imagem-e-reforca-legado-da-Create.jpg","contentUrl":"https:\/\/jornaldasoficinas.com\/pt\/wp-content\/uploads\/2025\/06\/Drive360-revela-nova-imagem-e-reforca-legado-da-Create.jpg","width":1024,"height":581,"caption":"Logo Mockup Collection by Asylab"},{"@type":"BreadcrumbList","@id":"https:\/\/jornaldasoficinas.com\/pt\/drive360-revela-nova-imagem-e-reforca-legado-da-create\/#breadcrumb","itemListElement":[{"@type":"ListItem","position":1,"name":"In\u00edcio","item":"https:\/\/jornaldasoficinas.com\/pt\/"},{"@type":"ListItem","position":2,"name":"Drive360 revela nova imagem e refor\u00e7a legado da Create"}]},{"@type":"WebSite","@id":"https:\/\/jornaldasoficinas.com\/pt\/#website","url":"https:\/\/jornaldasoficinas.com\/pt\/","name":"Jornal das Oficinas","description":"Jornal independente do Aftermarket Autom\u00f3vel em Portugal","publisher":{"@id":"https:\/\/jornaldasoficinas.com\/pt\/#organization"},"potentialAction":[{"@type":"SearchAction","target":{"@type":"EntryPoint","urlTemplate":"https:\/\/jornaldasoficinas.com\/pt\/?s={search_term_string}"},"query-input":{"@type":"PropertyValueSpecification","valueRequired":true,"valueName":"search_term_string"}}],"inLanguage":"pt-PT"},{"@type":"Organization","@id":"https:\/\/jornaldasoficinas.com\/pt\/#organization","name":"Jornal das Oficinas","url":"https:\/\/jornaldasoficinas.com\/pt\/","logo":{"@type":"ImageObject","inLanguage":"pt-PT","@id":"https:\/\/jornaldasoficinas.com\/pt\/#\/schema\/logo\/image\/","url":"https:\/\/jornaldasoficinas.com\/pt\/wp-content\/uploads\/logoJO-SEO.png","contentUrl":"https:\/\/jornaldasoficinas.com\/pt\/wp-content\/uploads\/logoJO-SEO.png","width":285,"height":450,"caption":"Jornal das Oficinas"},"image":{"@id":"https:\/\/jornaldasoficinas.com\/pt\/#\/schema\/logo\/image\/"},"sameAs":["https:\/\/www.facebook.com\/jornaloficinas","https:\/\/x.com\/jornaloficinas","https:\/\/www.instagram.com\/jornal_oficinas\/","https:\/\/www.linkedin.com\/company\/jornal-das-oficinas\/","https:\/\/www.youtube.com\/channel\/UCbQZBqtcvV-oSQrr7RzINGg"]},{"@type":"Person","@id":"https:\/\/jornaldasoficinas.com\/pt\/#\/schema\/person\/a38eef5de2c41d9e7c9ac10141afddf3","name":"Reda\u00e7\u00e3o JO","image":{"@type":"ImageObject","inLanguage":"pt-PT","@id":"https:\/\/secure.gravatar.com\/avatar\/71f2fa71737ad68a84fea94bc708ddac8ea5b0c4788dc2ad202f3ccb2887742f?s=96&d=wp_user_avatar&r=g","url":"https:\/\/secure.gravatar.com\/avatar\/71f2fa71737ad68a84fea94bc708ddac8ea5b0c4788dc2ad202f3ccb2887742f?s=96&d=wp_user_avatar&r=g","contentUrl":"https:\/\/secure.gravatar.com\/avatar\/71f2fa71737ad68a84fea94bc708ddac8ea5b0c4788dc2ad202f3ccb2887742f?s=96&d=wp_user_avatar&r=g","caption":"Reda\u00e7\u00e3o JO"},"url":"https:\/\/jornaldasoficinas.com\/pt\/author\/joredacao\/"}]}},"_links":{"self":[{"href":"https:\/\/jornaldasoficinas.com\/pt\/wp-json\/wp\/v2\/posts\/103050","targetHints":{"allow":["GET"]}}],"collection":[{"href":"https:\/\/jornaldasoficinas.com\/pt\/wp-json\/wp\/v2\/posts"}],"about":[{"href":"https:\/\/jornaldasoficinas.com\/pt\/wp-json\/wp\/v2\/types\/post"}],"author":[{"embeddable":true,"href":"https:\/\/jornaldasoficinas.com\/pt\/wp-json\/wp\/v2\/users\/15"}],"replies":[{"embeddable":true,"href":"https:\/\/jornaldasoficinas.com\/pt\/wp-json\/wp\/v2\/comments?post=103050"}],"version-history":[{"count":6,"href":"https:\/\/jornaldasoficinas.com\/pt\/wp-json\/wp\/v2\/posts\/103050\/revisions"}],"predecessor-version":[{"id":103063,"href":"https:\/\/jornaldasoficinas.com\/pt\/wp-json\/wp\/v2\/posts\/103050\/revisions\/103063"}],"wp:featuredmedia":[{"embeddable":true,"href":"https:\/\/jornaldasoficinas.com\/pt\/wp-json\/wp\/v2\/media\/103062"}],"wp:attachment":[{"href":"https:\/\/jornaldasoficinas.com\/pt\/wp-json\/wp\/v2\/media?parent=103050"}],"wp:term":[{"taxonomy":"category","embeddable":true,"href":"https:\/\/jornaldasoficinas.com\/pt\/wp-json\/wp\/v2\/categories?post=103050"},{"taxonomy":"post_tag","embeddable":true,"href":"https:\/\/jornaldasoficinas.com\/pt\/wp-json\/wp\/v2\/tags?post=103050"}],"curies":[{"name":"wp","href":"https:\/\/api.w.org\/{rel}","templated":true}]}}