{"id":103070,"date":"2025-06-12T08:00:31","date_gmt":"2025-06-12T07:00:31","guid":{"rendered":"https:\/\/jornaldasoficinas.com\/pt\/?p=103070"},"modified":"2025-06-12T08:22:19","modified_gmt":"2025-06-12T07:22:19","slug":"centro-zaragoza-abre-nova-edicao-do-curso-de-perito-de-seguros","status":"publish","type":"post","link":"https:\/\/jornaldasoficinas.com\/pt\/centro-zaragoza-abre-nova-edicao-do-curso-de-perito-de-seguros\/","title":{"rendered":"Centro Zaragoza abre nova edi\u00e7\u00e3o do curso de perito de seguros"},"content":{"rendered":"<p><strong><img loading=\"lazy\" decoding=\"async\" class=\"alignnone size-full wp-image-103171\" src=\"https:\/\/jornaldasoficinas.com\/pt\/wp-content\/uploads\/2025\/06\/14209234685396601846.jpg\" alt=\"06 - 14209234685396601846\" width=\"1000\" height=\"522\" srcset=\"https:\/\/jornaldasoficinas.com\/pt\/wp-content\/uploads\/2025\/06\/14209234685396601846.jpg 1000w, https:\/\/jornaldasoficinas.com\/pt\/wp-content\/uploads\/2025\/06\/14209234685396601846-300x157.jpg 300w, https:\/\/jornaldasoficinas.com\/pt\/wp-content\/uploads\/2025\/06\/14209234685396601846-768x401.jpg 768w, https:\/\/jornaldasoficinas.com\/pt\/wp-content\/uploads\/2025\/06\/14209234685396601846-390x205.jpg 390w\" sizes=\"auto, (max-width: 1000px) 100vw, 1000px\" \/><\/strong><\/p>\n<p><strong>O <a href=\"https:\/\/web.centro-zaragoza.com\/\" target=\"_blank\" rel=\"noopener\">Centro Zaragoza<\/a> vai abrir a terceira edi\u00e7\u00e3o do curso de especialista em avalia\u00e7\u00e3o de seguros autom\u00f3veis, oferecendo forma\u00e7\u00e3o 100% online com uma promo\u00e7\u00e3o especial para as primeiras matr\u00edculas<\/strong><\/p>\n<p>O Centro Zaragoza, refer\u00eancia em investiga\u00e7\u00e3o aplicada ao setor autom\u00f3vel, acaba de lan\u00e7ar a terceira edi\u00e7\u00e3o do curso de Especialista em Perita\u00e7\u00e3o de Seguros de Autom\u00f3veis, com uma campanha promocional para os primeiros inscritos. A forma\u00e7\u00e3o, consolidada no setor, decorrer\u00e1 entre 21 de outubro de 2025 e 16 de maio de 2026, em formato 100% online.<\/p>\n<p>Dirigido a profissionais das \u00e1reas da repara\u00e7\u00e3o e da peritagem, o curso representa uma oportunidade de especializa\u00e7\u00e3o t\u00e9cnica e legal para quem pretende atualizar compet\u00eancias, assumir novas responsabilidades na gest\u00e3o de sinistros ou at\u00e9 enveredar pelo empreendorismo. Simultaneamente, \u00e9 uma porta de entrada para estudantes das \u00e1reas ligadas \u00e0 automo\u00e7\u00e3o, facilitando a sua integra\u00e7\u00e3o num setor em transforma\u00e7\u00e3o e com procura crescente de peritos qualificados.<\/p>\n<p>O plano de forma\u00e7\u00e3o oferece uma capacita\u00e7\u00e3o completa na t\u00e9cnica da peritagem em seguros, proporcionando uma vis\u00e3o global do autom\u00f3vel no contexto da investiga\u00e7\u00e3o e avalia\u00e7\u00e3o de danos. Permite, assim, compreender o funcionamento e comportamento dos ve\u00edculos, bem como conhecer as mais recentes inova\u00e7\u00f5es, como os sistemas avan\u00e7ados de assist\u00eancia \u00e0 condu\u00e7\u00e3o (ADAS) e os novos sistemas de propuls\u00e3o.<\/p>\n<p>A promo\u00e7\u00e3o especial em vigor destina-se \u00e0s primeiras 10 matriculas que ir\u00e3o beneficiar de\u00a025% de desconto no valor total do curso. As vagas s\u00e3o limitadas.<\/p>\n","protected":false},"excerpt":{"rendered":"<p>O Centro Zaragoza vai abrir a&#8230;<\/p>\n","protected":false},"author":15,"featured_media":103171,"comment_status":"closed","ping_status":"closed","sticky":false,"template":"","format":"standard","meta":{"footnotes":""},"categories":[29],"tags":[209,2097,12895,12896,9300,11889],"class_list":["post-103070","post","type-post","status-publish","format-standard","has-post-thumbnail","hentry","category-empresas","tag-centro-zaragoza","tag-formacao-online","tag-perito-de-seguros","tag-promocao-especial","tag-qualificacao-profissional","tag-terceira-edicao"],"yoast_head":"<!-- This site is optimized with the Yoast SEO plugin v27.5 - https:\/\/yoast.com\/product\/yoast-seo-wordpress\/ -->\n<title>Centro Zaragoza abre nova edi\u00e7\u00e3o do curso de perito de seguros - Jornal das Oficinas<\/title>\n<meta name=\"description\" content=\"O Centro Zaragoza vai abrir a terceira edi\u00e7\u00e3o do curso de especialista em avalia\u00e7\u00e3o de seguros autom\u00f3veis, oferecendo forma\u00e7\u00e3o 100% online\" \/>\n<meta name=\"robots\" content=\"index, follow, max-snippet:-1, max-image-preview:large, max-video-preview:-1\" \/>\n<link rel=\"canonical\" href=\"https:\/\/jornaldasoficinas.com\/pt\/centro-zaragoza-abre-nova-edicao-do-curso-de-perito-de-seguros\/\" \/>\n<meta property=\"og:locale\" content=\"pt_PT\" \/>\n<meta property=\"og:type\" content=\"article\" \/>\n<meta property=\"og:title\" content=\"Centro Zaragoza abre nova edi\u00e7\u00e3o do curso de perito de seguros - Jornal das Oficinas\" \/>\n<meta property=\"og:description\" content=\"O Centro Zaragoza vai abrir a terceira edi\u00e7\u00e3o do curso de especialista em avalia\u00e7\u00e3o de seguros autom\u00f3veis, oferecendo forma\u00e7\u00e3o 100% online\" \/>\n<meta property=\"og:url\" content=\"https:\/\/jornaldasoficinas.com\/pt\/centro-zaragoza-abre-nova-edicao-do-curso-de-perito-de-seguros\/\" \/>\n<meta property=\"og:site_name\" content=\"Jornal das Oficinas\" \/>\n<meta property=\"article:publisher\" content=\"https:\/\/www.facebook.com\/jornaloficinas\" \/>\n<meta property=\"article:published_time\" content=\"2025-06-12T07:00:31+00:00\" \/>\n<meta property=\"article:modified_time\" content=\"2025-06-12T07:22:19+00:00\" \/>\n<meta property=\"og:image\" content=\"https:\/\/jornaldasoficinas.com\/pt\/wp-content\/uploads\/2025\/06\/14209234685396601846.jpg\" \/>\n\t<meta property=\"og:image:width\" content=\"1000\" \/>\n\t<meta property=\"og:image:height\" content=\"522\" \/>\n\t<meta property=\"og:image:type\" content=\"image\/jpeg\" \/>\n<meta name=\"author\" content=\"Reda\u00e7\u00e3o JO\" \/>\n<meta name=\"twitter:card\" content=\"summary_large_image\" \/>\n<meta name=\"twitter:creator\" content=\"@jornaloficinas\" \/>\n<meta name=\"twitter:site\" content=\"@jornaloficinas\" \/>\n<meta name=\"twitter:label1\" content=\"Escrito por\" \/>\n\t<meta name=\"twitter:data1\" content=\"Reda\u00e7\u00e3o JO\" \/>\n\t<meta name=\"twitter:label2\" content=\"Tempo estimado de leitura\" \/>\n\t<meta name=\"twitter:data2\" content=\"2 minutos\" \/>\n<script type=\"application\/ld+json\" class=\"yoast-schema-graph\">{\"@context\":\"https:\\\/\\\/schema.org\",\"@graph\":[{\"@type\":\"Article\",\"@id\":\"https:\\\/\\\/jornaldasoficinas.com\\\/pt\\\/centro-zaragoza-abre-nova-edicao-do-curso-de-perito-de-seguros\\\/#article\",\"isPartOf\":{\"@id\":\"https:\\\/\\\/jornaldasoficinas.com\\\/pt\\\/centro-zaragoza-abre-nova-edicao-do-curso-de-perito-de-seguros\\\/\"},\"author\":{\"name\":\"Reda\u00e7\u00e3o JO\",\"@id\":\"https:\\\/\\\/jornaldasoficinas.com\\\/pt\\\/#\\\/schema\\\/person\\\/a38eef5de2c41d9e7c9ac10141afddf3\"},\"headline\":\"Centro Zaragoza abre nova edi\u00e7\u00e3o do curso de perito de seguros\",\"datePublished\":\"2025-06-12T07:00:31+00:00\",\"dateModified\":\"2025-06-12T07:22:19+00:00\",\"mainEntityOfPage\":{\"@id\":\"https:\\\/\\\/jornaldasoficinas.com\\\/pt\\\/centro-zaragoza-abre-nova-edicao-do-curso-de-perito-de-seguros\\\/\"},\"wordCount\":274,\"publisher\":{\"@id\":\"https:\\\/\\\/jornaldasoficinas.com\\\/pt\\\/#organization\"},\"image\":{\"@id\":\"https:\\\/\\\/jornaldasoficinas.com\\\/pt\\\/centro-zaragoza-abre-nova-edicao-do-curso-de-perito-de-seguros\\\/#primaryimage\"},\"thumbnailUrl\":\"https:\\\/\\\/jornaldasoficinas.com\\\/pt\\\/wp-content\\\/uploads\\\/2025\\\/06\\\/14209234685396601846.jpg\",\"keywords\":[\"Centro Zaragoza\",\"Forma\u00e7\u00e3o online\",\"perito de seguros\",\"promo\u00e7\u00e3o especial\",\"qualifica\u00e7\u00e3o profissional\",\"terceira edi\u00e7\u00e3o\"],\"articleSection\":[\"Empresas\"],\"inLanguage\":\"pt-PT\"},{\"@type\":\"WebPage\",\"@id\":\"https:\\\/\\\/jornaldasoficinas.com\\\/pt\\\/centro-zaragoza-abre-nova-edicao-do-curso-de-perito-de-seguros\\\/\",\"url\":\"https:\\\/\\\/jornaldasoficinas.com\\\/pt\\\/centro-zaragoza-abre-nova-edicao-do-curso-de-perito-de-seguros\\\/\",\"name\":\"Centro Zaragoza abre nova edi\u00e7\u00e3o do curso de perito de seguros - Jornal das Oficinas\",\"isPartOf\":{\"@id\":\"https:\\\/\\\/jornaldasoficinas.com\\\/pt\\\/#website\"},\"primaryImageOfPage\":{\"@id\":\"https:\\\/\\\/jornaldasoficinas.com\\\/pt\\\/centro-zaragoza-abre-nova-edicao-do-curso-de-perito-de-seguros\\\/#primaryimage\"},\"image\":{\"@id\":\"https:\\\/\\\/jornaldasoficinas.com\\\/pt\\\/centro-zaragoza-abre-nova-edicao-do-curso-de-perito-de-seguros\\\/#primaryimage\"},\"thumbnailUrl\":\"https:\\\/\\\/jornaldasoficinas.com\\\/pt\\\/wp-content\\\/uploads\\\/2025\\\/06\\\/14209234685396601846.jpg\",\"datePublished\":\"2025-06-12T07:00:31+00:00\",\"dateModified\":\"2025-06-12T07:22:19+00:00\",\"description\":\"O Centro Zaragoza vai abrir a terceira edi\u00e7\u00e3o do curso de especialista em avalia\u00e7\u00e3o de seguros autom\u00f3veis, oferecendo forma\u00e7\u00e3o 100% online\",\"breadcrumb\":{\"@id\":\"https:\\\/\\\/jornaldasoficinas.com\\\/pt\\\/centro-zaragoza-abre-nova-edicao-do-curso-de-perito-de-seguros\\\/#breadcrumb\"},\"inLanguage\":\"pt-PT\",\"potentialAction\":[{\"@type\":\"ReadAction\",\"target\":[\"https:\\\/\\\/jornaldasoficinas.com\\\/pt\\\/centro-zaragoza-abre-nova-edicao-do-curso-de-perito-de-seguros\\\/\"]}]},{\"@type\":\"ImageObject\",\"inLanguage\":\"pt-PT\",\"@id\":\"https:\\\/\\\/jornaldasoficinas.com\\\/pt\\\/centro-zaragoza-abre-nova-edicao-do-curso-de-perito-de-seguros\\\/#primaryimage\",\"url\":\"https:\\\/\\\/jornaldasoficinas.com\\\/pt\\\/wp-content\\\/uploads\\\/2025\\\/06\\\/14209234685396601846.jpg\",\"contentUrl\":\"https:\\\/\\\/jornaldasoficinas.com\\\/pt\\\/wp-content\\\/uploads\\\/2025\\\/06\\\/14209234685396601846.jpg\",\"width\":1000,\"height\":522,\"caption\":\"06 - 14209234685396601846\"},{\"@type\":\"BreadcrumbList\",\"@id\":\"https:\\\/\\\/jornaldasoficinas.com\\\/pt\\\/centro-zaragoza-abre-nova-edicao-do-curso-de-perito-de-seguros\\\/#breadcrumb\",\"itemListElement\":[{\"@type\":\"ListItem\",\"position\":1,\"name\":\"In\u00edcio\",\"item\":\"https:\\\/\\\/jornaldasoficinas.com\\\/pt\\\/\"},{\"@type\":\"ListItem\",\"position\":2,\"name\":\"Centro Zaragoza abre nova edi\u00e7\u00e3o do curso de perito de seguros\"}]},{\"@type\":\"WebSite\",\"@id\":\"https:\\\/\\\/jornaldasoficinas.com\\\/pt\\\/#website\",\"url\":\"https:\\\/\\\/jornaldasoficinas.com\\\/pt\\\/\",\"name\":\"Jornal das Oficinas\",\"description\":\"Jornal independente do Aftermarket Autom\u00f3vel em Portugal\",\"publisher\":{\"@id\":\"https:\\\/\\\/jornaldasoficinas.com\\\/pt\\\/#organization\"},\"potentialAction\":[{\"@type\":\"SearchAction\",\"target\":{\"@type\":\"EntryPoint\",\"urlTemplate\":\"https:\\\/\\\/jornaldasoficinas.com\\\/pt\\\/?s={search_term_string}\"},\"query-input\":{\"@type\":\"PropertyValueSpecification\",\"valueRequired\":true,\"valueName\":\"search_term_string\"}}],\"inLanguage\":\"pt-PT\"},{\"@type\":\"Organization\",\"@id\":\"https:\\\/\\\/jornaldasoficinas.com\\\/pt\\\/#organization\",\"name\":\"Jornal das Oficinas\",\"url\":\"https:\\\/\\\/jornaldasoficinas.com\\\/pt\\\/\",\"logo\":{\"@type\":\"ImageObject\",\"inLanguage\":\"pt-PT\",\"@id\":\"https:\\\/\\\/jornaldasoficinas.com\\\/pt\\\/#\\\/schema\\\/logo\\\/image\\\/\",\"url\":\"https:\\\/\\\/jornaldasoficinas.com\\\/pt\\\/wp-content\\\/uploads\\\/logoJO-SEO.png\",\"contentUrl\":\"https:\\\/\\\/jornaldasoficinas.com\\\/pt\\\/wp-content\\\/uploads\\\/logoJO-SEO.png\",\"width\":285,\"height\":450,\"caption\":\"Jornal das Oficinas\"},\"image\":{\"@id\":\"https:\\\/\\\/jornaldasoficinas.com\\\/pt\\\/#\\\/schema\\\/logo\\\/image\\\/\"},\"sameAs\":[\"https:\\\/\\\/www.facebook.com\\\/jornaloficinas\",\"https:\\\/\\\/x.com\\\/jornaloficinas\",\"https:\\\/\\\/www.instagram.com\\\/jornal_oficinas\\\/\",\"https:\\\/\\\/www.linkedin.com\\\/company\\\/jornal-das-oficinas\\\/\",\"https:\\\/\\\/www.youtube.com\\\/channel\\\/UCbQZBqtcvV-oSQrr7RzINGg\"]},{\"@type\":\"Person\",\"@id\":\"https:\\\/\\\/jornaldasoficinas.com\\\/pt\\\/#\\\/schema\\\/person\\\/a38eef5de2c41d9e7c9ac10141afddf3\",\"name\":\"Reda\u00e7\u00e3o JO\",\"image\":{\"@type\":\"ImageObject\",\"inLanguage\":\"pt-PT\",\"@id\":\"https:\\\/\\\/secure.gravatar.com\\\/avatar\\\/71f2fa71737ad68a84fea94bc708ddac8ea5b0c4788dc2ad202f3ccb2887742f?s=96&d=wp_user_avatar&r=g\",\"url\":\"https:\\\/\\\/secure.gravatar.com\\\/avatar\\\/71f2fa71737ad68a84fea94bc708ddac8ea5b0c4788dc2ad202f3ccb2887742f?s=96&d=wp_user_avatar&r=g\",\"contentUrl\":\"https:\\\/\\\/secure.gravatar.com\\\/avatar\\\/71f2fa71737ad68a84fea94bc708ddac8ea5b0c4788dc2ad202f3ccb2887742f?s=96&d=wp_user_avatar&r=g\",\"caption\":\"Reda\u00e7\u00e3o JO\"},\"url\":\"https:\\\/\\\/jornaldasoficinas.com\\\/pt\\\/author\\\/joredacao\\\/\"}]}<\/script>\n<!-- \/ Yoast SEO plugin. -->","yoast_head_json":{"title":"Centro Zaragoza abre nova edi\u00e7\u00e3o do curso de perito de seguros - Jornal das Oficinas","description":"O Centro Zaragoza vai abrir a terceira edi\u00e7\u00e3o do curso de especialista em avalia\u00e7\u00e3o de seguros autom\u00f3veis, oferecendo forma\u00e7\u00e3o 100% online","robots":{"index":"index","follow":"follow","max-snippet":"max-snippet:-1","max-image-preview":"max-image-preview:large","max-video-preview":"max-video-preview:-1"},"canonical":"https:\/\/jornaldasoficinas.com\/pt\/centro-zaragoza-abre-nova-edicao-do-curso-de-perito-de-seguros\/","og_locale":"pt_PT","og_type":"article","og_title":"Centro Zaragoza abre nova edi\u00e7\u00e3o do curso de perito de seguros - Jornal das Oficinas","og_description":"O Centro Zaragoza vai abrir a terceira edi\u00e7\u00e3o do curso de especialista em avalia\u00e7\u00e3o de seguros autom\u00f3veis, oferecendo forma\u00e7\u00e3o 100% online","og_url":"https:\/\/jornaldasoficinas.com\/pt\/centro-zaragoza-abre-nova-edicao-do-curso-de-perito-de-seguros\/","og_site_name":"Jornal das Oficinas","article_publisher":"https:\/\/www.facebook.com\/jornaloficinas","article_published_time":"2025-06-12T07:00:31+00:00","article_modified_time":"2025-06-12T07:22:19+00:00","og_image":[{"width":1000,"height":522,"url":"https:\/\/jornaldasoficinas.com\/pt\/wp-content\/uploads\/2025\/06\/14209234685396601846.jpg","type":"image\/jpeg"}],"author":"Reda\u00e7\u00e3o JO","twitter_card":"summary_large_image","twitter_creator":"@jornaloficinas","twitter_site":"@jornaloficinas","twitter_misc":{"Escrito por":"Reda\u00e7\u00e3o JO","Tempo estimado de leitura":"2 minutos"},"schema":{"@context":"https:\/\/schema.org","@graph":[{"@type":"Article","@id":"https:\/\/jornaldasoficinas.com\/pt\/centro-zaragoza-abre-nova-edicao-do-curso-de-perito-de-seguros\/#article","isPartOf":{"@id":"https:\/\/jornaldasoficinas.com\/pt\/centro-zaragoza-abre-nova-edicao-do-curso-de-perito-de-seguros\/"},"author":{"name":"Reda\u00e7\u00e3o JO","@id":"https:\/\/jornaldasoficinas.com\/pt\/#\/schema\/person\/a38eef5de2c41d9e7c9ac10141afddf3"},"headline":"Centro Zaragoza abre nova edi\u00e7\u00e3o do curso de perito de seguros","datePublished":"2025-06-12T07:00:31+00:00","dateModified":"2025-06-12T07:22:19+00:00","mainEntityOfPage":{"@id":"https:\/\/jornaldasoficinas.com\/pt\/centro-zaragoza-abre-nova-edicao-do-curso-de-perito-de-seguros\/"},"wordCount":274,"publisher":{"@id":"https:\/\/jornaldasoficinas.com\/pt\/#organization"},"image":{"@id":"https:\/\/jornaldasoficinas.com\/pt\/centro-zaragoza-abre-nova-edicao-do-curso-de-perito-de-seguros\/#primaryimage"},"thumbnailUrl":"https:\/\/jornaldasoficinas.com\/pt\/wp-content\/uploads\/2025\/06\/14209234685396601846.jpg","keywords":["Centro Zaragoza","Forma\u00e7\u00e3o online","perito de seguros","promo\u00e7\u00e3o especial","qualifica\u00e7\u00e3o profissional","terceira edi\u00e7\u00e3o"],"articleSection":["Empresas"],"inLanguage":"pt-PT"},{"@type":"WebPage","@id":"https:\/\/jornaldasoficinas.com\/pt\/centro-zaragoza-abre-nova-edicao-do-curso-de-perito-de-seguros\/","url":"https:\/\/jornaldasoficinas.com\/pt\/centro-zaragoza-abre-nova-edicao-do-curso-de-perito-de-seguros\/","name":"Centro Zaragoza abre nova edi\u00e7\u00e3o do curso de perito de seguros - Jornal das Oficinas","isPartOf":{"@id":"https:\/\/jornaldasoficinas.com\/pt\/#website"},"primaryImageOfPage":{"@id":"https:\/\/jornaldasoficinas.com\/pt\/centro-zaragoza-abre-nova-edicao-do-curso-de-perito-de-seguros\/#primaryimage"},"image":{"@id":"https:\/\/jornaldasoficinas.com\/pt\/centro-zaragoza-abre-nova-edicao-do-curso-de-perito-de-seguros\/#primaryimage"},"thumbnailUrl":"https:\/\/jornaldasoficinas.com\/pt\/wp-content\/uploads\/2025\/06\/14209234685396601846.jpg","datePublished":"2025-06-12T07:00:31+00:00","dateModified":"2025-06-12T07:22:19+00:00","description":"O Centro Zaragoza vai abrir a terceira edi\u00e7\u00e3o do curso de especialista em avalia\u00e7\u00e3o de seguros autom\u00f3veis, oferecendo forma\u00e7\u00e3o 100% online","breadcrumb":{"@id":"https:\/\/jornaldasoficinas.com\/pt\/centro-zaragoza-abre-nova-edicao-do-curso-de-perito-de-seguros\/#breadcrumb"},"inLanguage":"pt-PT","potentialAction":[{"@type":"ReadAction","target":["https:\/\/jornaldasoficinas.com\/pt\/centro-zaragoza-abre-nova-edicao-do-curso-de-perito-de-seguros\/"]}]},{"@type":"ImageObject","inLanguage":"pt-PT","@id":"https:\/\/jornaldasoficinas.com\/pt\/centro-zaragoza-abre-nova-edicao-do-curso-de-perito-de-seguros\/#primaryimage","url":"https:\/\/jornaldasoficinas.com\/pt\/wp-content\/uploads\/2025\/06\/14209234685396601846.jpg","contentUrl":"https:\/\/jornaldasoficinas.com\/pt\/wp-content\/uploads\/2025\/06\/14209234685396601846.jpg","width":1000,"height":522,"caption":"06 - 14209234685396601846"},{"@type":"BreadcrumbList","@id":"https:\/\/jornaldasoficinas.com\/pt\/centro-zaragoza-abre-nova-edicao-do-curso-de-perito-de-seguros\/#breadcrumb","itemListElement":[{"@type":"ListItem","position":1,"name":"In\u00edcio","item":"https:\/\/jornaldasoficinas.com\/pt\/"},{"@type":"ListItem","position":2,"name":"Centro Zaragoza abre nova edi\u00e7\u00e3o do curso de perito de seguros"}]},{"@type":"WebSite","@id":"https:\/\/jornaldasoficinas.com\/pt\/#website","url":"https:\/\/jornaldasoficinas.com\/pt\/","name":"Jornal das Oficinas","description":"Jornal independente do Aftermarket Autom\u00f3vel em Portugal","publisher":{"@id":"https:\/\/jornaldasoficinas.com\/pt\/#organization"},"potentialAction":[{"@type":"SearchAction","target":{"@type":"EntryPoint","urlTemplate":"https:\/\/jornaldasoficinas.com\/pt\/?s={search_term_string}"},"query-input":{"@type":"PropertyValueSpecification","valueRequired":true,"valueName":"search_term_string"}}],"inLanguage":"pt-PT"},{"@type":"Organization","@id":"https:\/\/jornaldasoficinas.com\/pt\/#organization","name":"Jornal das Oficinas","url":"https:\/\/jornaldasoficinas.com\/pt\/","logo":{"@type":"ImageObject","inLanguage":"pt-PT","@id":"https:\/\/jornaldasoficinas.com\/pt\/#\/schema\/logo\/image\/","url":"https:\/\/jornaldasoficinas.com\/pt\/wp-content\/uploads\/logoJO-SEO.png","contentUrl":"https:\/\/jornaldasoficinas.com\/pt\/wp-content\/uploads\/logoJO-SEO.png","width":285,"height":450,"caption":"Jornal das Oficinas"},"image":{"@id":"https:\/\/jornaldasoficinas.com\/pt\/#\/schema\/logo\/image\/"},"sameAs":["https:\/\/www.facebook.com\/jornaloficinas","https:\/\/x.com\/jornaloficinas","https:\/\/www.instagram.com\/jornal_oficinas\/","https:\/\/www.linkedin.com\/company\/jornal-das-oficinas\/","https:\/\/www.youtube.com\/channel\/UCbQZBqtcvV-oSQrr7RzINGg"]},{"@type":"Person","@id":"https:\/\/jornaldasoficinas.com\/pt\/#\/schema\/person\/a38eef5de2c41d9e7c9ac10141afddf3","name":"Reda\u00e7\u00e3o JO","image":{"@type":"ImageObject","inLanguage":"pt-PT","@id":"https:\/\/secure.gravatar.com\/avatar\/71f2fa71737ad68a84fea94bc708ddac8ea5b0c4788dc2ad202f3ccb2887742f?s=96&d=wp_user_avatar&r=g","url":"https:\/\/secure.gravatar.com\/avatar\/71f2fa71737ad68a84fea94bc708ddac8ea5b0c4788dc2ad202f3ccb2887742f?s=96&d=wp_user_avatar&r=g","contentUrl":"https:\/\/secure.gravatar.com\/avatar\/71f2fa71737ad68a84fea94bc708ddac8ea5b0c4788dc2ad202f3ccb2887742f?s=96&d=wp_user_avatar&r=g","caption":"Reda\u00e7\u00e3o JO"},"url":"https:\/\/jornaldasoficinas.com\/pt\/author\/joredacao\/"}]}},"_links":{"self":[{"href":"https:\/\/jornaldasoficinas.com\/pt\/wp-json\/wp\/v2\/posts\/103070","targetHints":{"allow":["GET"]}}],"collection":[{"href":"https:\/\/jornaldasoficinas.com\/pt\/wp-json\/wp\/v2\/posts"}],"about":[{"href":"https:\/\/jornaldasoficinas.com\/pt\/wp-json\/wp\/v2\/types\/post"}],"author":[{"embeddable":true,"href":"https:\/\/jornaldasoficinas.com\/pt\/wp-json\/wp\/v2\/users\/15"}],"replies":[{"embeddable":true,"href":"https:\/\/jornaldasoficinas.com\/pt\/wp-json\/wp\/v2\/comments?post=103070"}],"version-history":[{"count":10,"href":"https:\/\/jornaldasoficinas.com\/pt\/wp-json\/wp\/v2\/posts\/103070\/revisions"}],"predecessor-version":[{"id":103172,"href":"https:\/\/jornaldasoficinas.com\/pt\/wp-json\/wp\/v2\/posts\/103070\/revisions\/103172"}],"wp:featuredmedia":[{"embeddable":true,"href":"https:\/\/jornaldasoficinas.com\/pt\/wp-json\/wp\/v2\/media\/103171"}],"wp:attachment":[{"href":"https:\/\/jornaldasoficinas.com\/pt\/wp-json\/wp\/v2\/media?parent=103070"}],"wp:term":[{"taxonomy":"category","embeddable":true,"href":"https:\/\/jornaldasoficinas.com\/pt\/wp-json\/wp\/v2\/categories?post=103070"},{"taxonomy":"post_tag","embeddable":true,"href":"https:\/\/jornaldasoficinas.com\/pt\/wp-json\/wp\/v2\/tags?post=103070"}],"curies":[{"name":"wp","href":"https:\/\/api.w.org\/{rel}","templated":true}]}}