{"id":103100,"date":"2025-06-11T18:00:24","date_gmt":"2025-06-11T17:00:24","guid":{"rendered":"https:\/\/jornaldasoficinas.com\/pt\/?p=103100"},"modified":"2025-06-11T10:41:18","modified_gmt":"2025-06-11T09:41:18","slug":"zf-proservice-melhora-eficiencia-nas-oficinas-de-frotas-comerciais","status":"publish","type":"post","link":"https:\/\/jornaldasoficinas.com\/pt\/zf-proservice-melhora-eficiencia-nas-oficinas-de-frotas-comerciais\/","title":{"rendered":"ZF [pro]Service melhora efici\u00eancia nas oficinas de frotas comerciais"},"content":{"rendered":"<p><strong><img loading=\"lazy\" decoding=\"async\" class=\"alignnone size-full wp-image-103104\" src=\"https:\/\/jornaldasoficinas.com\/pt\/wp-content\/uploads\/2025\/06\/ZF-proService-melhora-eficiencia-nas-oficinas-de-frotas-comerciais.jpg\" alt=\"06 - ZF proService melhora eficiencia nas oficinas de frotas comerciais\" width=\"1024\" height=\"581\" srcset=\"https:\/\/jornaldasoficinas.com\/pt\/wp-content\/uploads\/2025\/06\/ZF-proService-melhora-eficiencia-nas-oficinas-de-frotas-comerciais.jpg 1024w, https:\/\/jornaldasoficinas.com\/pt\/wp-content\/uploads\/2025\/06\/ZF-proService-melhora-eficiencia-nas-oficinas-de-frotas-comerciais-300x170.jpg 300w, https:\/\/jornaldasoficinas.com\/pt\/wp-content\/uploads\/2025\/06\/ZF-proService-melhora-eficiencia-nas-oficinas-de-frotas-comerciais-150x85.jpg 150w, https:\/\/jornaldasoficinas.com\/pt\/wp-content\/uploads\/2025\/06\/ZF-proService-melhora-eficiencia-nas-oficinas-de-frotas-comerciais-768x436.jpg 768w\" sizes=\"auto, (max-width: 1024px) 100vw, 1024px\" \/><\/strong><\/p>\n<p><strong>A <a href=\"https:\/\/aftermarket.zf.com\/\" target=\"_blank\" rel=\"noopener\">ZF Aftermarket<\/a>, com o ZF [pro]Service, melhora a efici\u00eancia e qualidade das oficinas de ve\u00edculos comerciais, oferecendo suporte t\u00e9cnico avan\u00e7ado e solu\u00e7\u00f5es digitais que maximizam o tempo de atividade das frotas<\/strong><\/p>\n<p>O ZF [pro]Service, o conceito multimarcas para oficinas de ve\u00edculos comerciais permite que, com a sua vasta gama de servi\u00e7os, estas aproveitem as oportunidades num mercado de ve\u00edculos comerciais em crescimento.<\/p>\n<p>&#8220;Para os parceiros do ZF [pro]Service, nenhuma d\u00favida fica sem resposta, gra\u00e7as ao contacto direto com especialistas da ZF Aftermarket e ao suporte digital completo. Al\u00e9m disso, beneficiam de v\u00e1rias vantagens que aceleram significativamente a repara\u00e7\u00e3o e elevam ainda mais a qualidade do servi\u00e7o prestado&#8221;, assegurou a ZF.<\/p>\n<p>&#8220;Um parceiro forte \u00e9 essencial para superar desafios t\u00e9cnicos e manter a competitividade. O ZF [pro]Service d\u00e1 \u00e0s empresas de ve\u00edculos comerciais acesso \u00e0 gama completa do maior fornecedor de ve\u00edculos comerciais do mundo. Apoiamo-los com as tecnologias mais recentes, solu\u00e7\u00f5es de diagn\u00f3stico, forma\u00e7\u00e3o e servi\u00e7os abrangentes. Isto permite que se preparem melhor para o futuro e alcancem todo o seu potencial&#8221;, destacou Aleksander Rabinovitch, Head of Business Line Commercial Vehicles na ZF Aftermarket.<\/p>\n<p>Para a sua rede, o ZF [pro]Service concentra-se em oficinas de ve\u00edculos comerciais com um claro foco no cliente, e os novos parceiros devem passar por uma avalia\u00e7\u00e3o inicial de acordo com crit\u00e9rios de admiss\u00e3o rigorosos. Auditorias regulares tamb\u00e9m fazem parte das medidas de garantia de qualidade do ZF [pro]Service. Os servi\u00e7os do ZF [pro]Service j\u00e1 convenceram mais de 3.000 oficinas em 89 pa\u00edses a aderir, em todo o mundo.<\/p>\n<p><strong>O ZF [pro]Service \u00e9 uma oferta \u00fanica no mercado<\/strong><\/p>\n<p>O ZF [pro]Service oferece uma solu\u00e7\u00e3o de \u00faltima gera\u00e7\u00e3o concebida para maximizar o tempo de atividade de frotas de cami\u00f5es, reboques e autocarros. Ao trabalhar com oficinas altamente qualificadas, a ZF Aftermarket promete uma manuten\u00e7\u00e3o eficiente e de alta qualidade. Al\u00e9m disso, capacita os seus parceiros com toda a sua gama de produtos e servi\u00e7os para melhorar a seguran\u00e7a dos ve\u00edculos, a efici\u00eancia operacional e a qualidade do servi\u00e7o, reduzindo ao mesmo tempo os tempos de instala\u00e7\u00e3o e maximizando o tempo de atividade dos ve\u00edculos.<\/p>\n<p>&#8220;O apoio incompar\u00e1vel aos parceiros do ZF [pro]Service inclui forma\u00e7\u00e3o especializada apoiada por OE em 46 centros da ZF [pro]Academy, visitas regulares de especialistas da ZF e uma rede de call centers em 36 pa\u00edses, que oferecem assist\u00eancia competente e r\u00e1pida nos idiomas locais. A ZF tamb\u00e9m disponibiliza acesso a ferramentas de diagn\u00f3stico que melhoram a dete\u00e7\u00e3o de falhas e a precis\u00e3o nas repara\u00e7\u00f5es&#8221;, destacou.<\/p>\n<p>&#8220;No futuro, os parceiros de oficinas poder\u00e3o tamb\u00e9m beneficiar das solu\u00e7\u00f5es telem\u00e1ticas e digitais da ZF, integradas no seu ecossistema de manuten\u00e7\u00e3o preditiva, permitindo a dete\u00e7\u00e3o precoce de problemas e ajudando a evitar avarias dispendiosas&#8221;, revelou.<\/p>\n<p>&#8220;Para garantir repara\u00e7\u00f5es r\u00e1pidas e eficientes, a ZF Aftermarket oferece pe\u00e7as de substitui\u00e7\u00e3o genu\u00ednas atrav\u00e9s da sua rede global de distribuidores, estrategicamente localizados perto das oficinas. Esta proximidade aos distribuidores garante alta disponibilidade e tempos de resposta r\u00e1pidos, com um portf\u00f3lio de pe\u00e7as em constante crescimento que j\u00e1 cobre uma grande parte das necessidades di\u00e1rias das oficinas em repara\u00e7\u00f5es de autocarros, reboques e cami\u00f5es&#8221;, referiu.<\/p>\n<p><strong>Novas ferramentas de diagn\u00f3stico aceleram o processo de repara\u00e7\u00e3o<\/strong><\/p>\n<p>O ZF Scan \u00e9 outra novidade importante na gama de servi\u00e7os da ZF para empresas de ve\u00edculos comerciais. Combina as solu\u00e7\u00f5es de diagn\u00f3stico propriet\u00e1rias anteriores da ZF \u2014 ZF Testman e o Original System Diagnostics (anteriormente sob a marca WABCO) \u2014 numa plataforma de diagn\u00f3stico f\u00e1cil de usar para ve\u00edculos comerciais, autocarros, reboques e aplica\u00e7\u00f5es fora de estrada.<\/p>\n<p>O ZF Scan permite a manuten\u00e7\u00e3o conveniente de todos os componentes ZF, incluindo transmiss\u00f5es, sistemas de travagem e controlo do chassis, tudo atrav\u00e9s de uma \u00fanica interface (DCI). Al\u00e9m disso, garante conformidade com o Regulamento UNECE 156, gra\u00e7as ao suporte do SUMS (Sistema de Gest\u00e3o de Atualiza\u00e7\u00f5es de Software), e cumpre os requisitos de ciberseguran\u00e7a do Regulamento UNECE 155.<\/p>\n<p>Outro novo produto de diagn\u00f3stico \u00e9 o ZF MultiScan, um sistema de diagn\u00f3stico multimarcas para o qual est\u00e1 dispon\u00edvel software especializado para diferentes segmentos de ve\u00edculos. As variantes MultiScan Trailer e MultiScan Truck &amp; Bus s\u00e3o adequadas para opera\u00e7\u00f5es com ve\u00edculos comerciais. Tanto o ZF MultiScan como o ZF Scan fazem parte do novo ecossistema ZF [pro]Diagnostics.<\/p>\n<p><strong>ZF deixa o grupo de acionistas da Alltrucks<\/strong><\/p>\n<p>A expans\u00e3o do ZF [pro]Service \u00e9 acompanhada pela sa\u00edda da ZF, no final de maio, do conceito de oficina Alltrucks, operado em conjunto com a Bosch e a Knorr-Bremse.<\/p>\n<p>&#8220;Estamos convencidos de que o ZF [pro]Service oferece \u00e0s oficinas um enorme valor acrescentado, fornecendo um amplo portf\u00f3lio de produtos para autocarros, reboques e cami\u00f5es, bem como uma gama abrangente de servi\u00e7os a partir de uma \u00fanica fonte&#8221;, comentou Aleksander Rabinovitch. &#8220;As nossas oficinas parceiras est\u00e3o na vanguarda da manuten\u00e7\u00e3o de tecnologias avan\u00e7adas, como a plataforma de trav\u00f5es modular mBSP XBS da ZF, e aproveitam as grandes oportunidades no mercado p\u00f3s-venda de ve\u00edculos comerciais&#8221;, concluiu.<\/p>\n<p>Durante um curto per\u00edodo de transi\u00e7\u00e3o, todos os servi\u00e7os prestados pela ZF estar\u00e3o totalmente dispon\u00edveis para as empresas membros da Alltrucks.<\/p>\n","protected":false},"excerpt":{"rendered":"<p>A ZF Aftermarket, com o ZF&#8230;<\/p>\n","protected":false},"author":15,"featured_media":103104,"comment_status":"closed","ping_status":"closed","sticky":false,"template":"","format":"standard","meta":{"footnotes":""},"categories":[36],"tags":[4115,386,3998,5804,3673,8574,181],"class_list":["post-103100","post","type-post","status-publish","format-standard","has-post-thumbnail","hentry","category-pesados","tag-eficiencia","tag-oficinas","tag-solucoes-digitais","tag-suporte-tecnico","tag-veiculos-comerciais","tag-zf-proservice","tag-zf-aftermarket"],"yoast_head":"<!-- This site is optimized with the Yoast SEO plugin v27.4 - https:\/\/yoast.com\/product\/yoast-seo-wordpress\/ -->\n<title>ZF [pro]Service melhora efici\u00eancia nas oficinas de frotas comerciais - Jornal das Oficinas<\/title>\n<meta name=\"description\" content=\"A ZF Aftermarket, com o ZF [pro]Service, melhora a efici\u00eancia e qualidade das oficinas de ve\u00edculos comerciais\" \/>\n<meta name=\"robots\" content=\"index, follow, max-snippet:-1, max-image-preview:large, max-video-preview:-1\" \/>\n<link rel=\"canonical\" href=\"https:\/\/jornaldasoficinas.com\/pt\/zf-proservice-melhora-eficiencia-nas-oficinas-de-frotas-comerciais\/\" \/>\n<meta property=\"og:locale\" content=\"pt_PT\" \/>\n<meta property=\"og:type\" content=\"article\" \/>\n<meta property=\"og:title\" content=\"ZF [pro]Service melhora efici\u00eancia nas oficinas de frotas comerciais - Jornal das Oficinas\" \/>\n<meta property=\"og:description\" content=\"A ZF Aftermarket, com o ZF [pro]Service, melhora a efici\u00eancia e qualidade das oficinas de ve\u00edculos comerciais\" \/>\n<meta property=\"og:url\" content=\"https:\/\/jornaldasoficinas.com\/pt\/zf-proservice-melhora-eficiencia-nas-oficinas-de-frotas-comerciais\/\" \/>\n<meta property=\"og:site_name\" content=\"Jornal das Oficinas\" \/>\n<meta property=\"article:publisher\" content=\"https:\/\/www.facebook.com\/jornaloficinas\" \/>\n<meta property=\"article:published_time\" content=\"2025-06-11T17:00:24+00:00\" \/>\n<meta property=\"og:image\" content=\"https:\/\/jornaldasoficinas.com\/pt\/wp-content\/uploads\/2025\/06\/ZF-proService-melhora-eficiencia-nas-oficinas-de-frotas-comerciais.jpg\" \/>\n\t<meta property=\"og:image:width\" content=\"1024\" \/>\n\t<meta property=\"og:image:height\" content=\"581\" \/>\n\t<meta property=\"og:image:type\" content=\"image\/jpeg\" \/>\n<meta name=\"author\" content=\"Reda\u00e7\u00e3o JO\" \/>\n<meta name=\"twitter:card\" content=\"summary_large_image\" \/>\n<meta name=\"twitter:creator\" content=\"@jornaloficinas\" \/>\n<meta name=\"twitter:site\" content=\"@jornaloficinas\" \/>\n<meta name=\"twitter:label1\" content=\"Escrito por\" \/>\n\t<meta name=\"twitter:data1\" content=\"Reda\u00e7\u00e3o JO\" \/>\n\t<meta name=\"twitter:label2\" content=\"Tempo estimado de leitura\" \/>\n\t<meta name=\"twitter:data2\" content=\"5 minutos\" \/>\n<script type=\"application\/ld+json\" class=\"yoast-schema-graph\">{\"@context\":\"https:\\\/\\\/schema.org\",\"@graph\":[{\"@type\":\"Article\",\"@id\":\"https:\\\/\\\/jornaldasoficinas.com\\\/pt\\\/zf-proservice-melhora-eficiencia-nas-oficinas-de-frotas-comerciais\\\/#article\",\"isPartOf\":{\"@id\":\"https:\\\/\\\/jornaldasoficinas.com\\\/pt\\\/zf-proservice-melhora-eficiencia-nas-oficinas-de-frotas-comerciais\\\/\"},\"author\":{\"name\":\"Reda\u00e7\u00e3o JO\",\"@id\":\"https:\\\/\\\/jornaldasoficinas.com\\\/pt\\\/#\\\/schema\\\/person\\\/a38eef5de2c41d9e7c9ac10141afddf3\"},\"headline\":\"ZF [pro]Service melhora efici\u00eancia nas oficinas de frotas comerciais\",\"datePublished\":\"2025-06-11T17:00:24+00:00\",\"mainEntityOfPage\":{\"@id\":\"https:\\\/\\\/jornaldasoficinas.com\\\/pt\\\/zf-proservice-melhora-eficiencia-nas-oficinas-de-frotas-comerciais\\\/\"},\"wordCount\":952,\"publisher\":{\"@id\":\"https:\\\/\\\/jornaldasoficinas.com\\\/pt\\\/#organization\"},\"image\":{\"@id\":\"https:\\\/\\\/jornaldasoficinas.com\\\/pt\\\/zf-proservice-melhora-eficiencia-nas-oficinas-de-frotas-comerciais\\\/#primaryimage\"},\"thumbnailUrl\":\"https:\\\/\\\/jornaldasoficinas.com\\\/pt\\\/wp-content\\\/uploads\\\/2025\\\/06\\\/ZF-proService-melhora-eficiencia-nas-oficinas-de-frotas-comerciais.jpg\",\"keywords\":[\"Efici\u00eancia\",\"Oficinas\",\"solu\u00e7\u00f5es digitais\",\"Suporte T\u00e9cnico\",\"Ve\u00edculos comerciais\",\"ZF [pro]Service\",\"ZF Aftermarket\"],\"articleSection\":[\"Pesados\"],\"inLanguage\":\"pt-PT\"},{\"@type\":\"WebPage\",\"@id\":\"https:\\\/\\\/jornaldasoficinas.com\\\/pt\\\/zf-proservice-melhora-eficiencia-nas-oficinas-de-frotas-comerciais\\\/\",\"url\":\"https:\\\/\\\/jornaldasoficinas.com\\\/pt\\\/zf-proservice-melhora-eficiencia-nas-oficinas-de-frotas-comerciais\\\/\",\"name\":\"ZF [pro]Service melhora efici\u00eancia nas oficinas de frotas comerciais - Jornal das Oficinas\",\"isPartOf\":{\"@id\":\"https:\\\/\\\/jornaldasoficinas.com\\\/pt\\\/#website\"},\"primaryImageOfPage\":{\"@id\":\"https:\\\/\\\/jornaldasoficinas.com\\\/pt\\\/zf-proservice-melhora-eficiencia-nas-oficinas-de-frotas-comerciais\\\/#primaryimage\"},\"image\":{\"@id\":\"https:\\\/\\\/jornaldasoficinas.com\\\/pt\\\/zf-proservice-melhora-eficiencia-nas-oficinas-de-frotas-comerciais\\\/#primaryimage\"},\"thumbnailUrl\":\"https:\\\/\\\/jornaldasoficinas.com\\\/pt\\\/wp-content\\\/uploads\\\/2025\\\/06\\\/ZF-proService-melhora-eficiencia-nas-oficinas-de-frotas-comerciais.jpg\",\"datePublished\":\"2025-06-11T17:00:24+00:00\",\"description\":\"A ZF Aftermarket, com o ZF [pro]Service, melhora a efici\u00eancia e qualidade das oficinas de ve\u00edculos comerciais\",\"breadcrumb\":{\"@id\":\"https:\\\/\\\/jornaldasoficinas.com\\\/pt\\\/zf-proservice-melhora-eficiencia-nas-oficinas-de-frotas-comerciais\\\/#breadcrumb\"},\"inLanguage\":\"pt-PT\",\"potentialAction\":[{\"@type\":\"ReadAction\",\"target\":[\"https:\\\/\\\/jornaldasoficinas.com\\\/pt\\\/zf-proservice-melhora-eficiencia-nas-oficinas-de-frotas-comerciais\\\/\"]}]},{\"@type\":\"ImageObject\",\"inLanguage\":\"pt-PT\",\"@id\":\"https:\\\/\\\/jornaldasoficinas.com\\\/pt\\\/zf-proservice-melhora-eficiencia-nas-oficinas-de-frotas-comerciais\\\/#primaryimage\",\"url\":\"https:\\\/\\\/jornaldasoficinas.com\\\/pt\\\/wp-content\\\/uploads\\\/2025\\\/06\\\/ZF-proService-melhora-eficiencia-nas-oficinas-de-frotas-comerciais.jpg\",\"contentUrl\":\"https:\\\/\\\/jornaldasoficinas.com\\\/pt\\\/wp-content\\\/uploads\\\/2025\\\/06\\\/ZF-proService-melhora-eficiencia-nas-oficinas-de-frotas-comerciais.jpg\",\"width\":1024,\"height\":581,\"caption\":\"06 - ZF proService melhora eficiencia nas oficinas de frotas comerciais\"},{\"@type\":\"BreadcrumbList\",\"@id\":\"https:\\\/\\\/jornaldasoficinas.com\\\/pt\\\/zf-proservice-melhora-eficiencia-nas-oficinas-de-frotas-comerciais\\\/#breadcrumb\",\"itemListElement\":[{\"@type\":\"ListItem\",\"position\":1,\"name\":\"In\u00edcio\",\"item\":\"https:\\\/\\\/jornaldasoficinas.com\\\/pt\\\/\"},{\"@type\":\"ListItem\",\"position\":2,\"name\":\"ZF [pro]Service melhora efici\u00eancia nas oficinas de frotas comerciais\"}]},{\"@type\":\"WebSite\",\"@id\":\"https:\\\/\\\/jornaldasoficinas.com\\\/pt\\\/#website\",\"url\":\"https:\\\/\\\/jornaldasoficinas.com\\\/pt\\\/\",\"name\":\"Jornal das Oficinas\",\"description\":\"Jornal independente do Aftermarket Autom\u00f3vel em Portugal\",\"publisher\":{\"@id\":\"https:\\\/\\\/jornaldasoficinas.com\\\/pt\\\/#organization\"},\"potentialAction\":[{\"@type\":\"SearchAction\",\"target\":{\"@type\":\"EntryPoint\",\"urlTemplate\":\"https:\\\/\\\/jornaldasoficinas.com\\\/pt\\\/?s={search_term_string}\"},\"query-input\":{\"@type\":\"PropertyValueSpecification\",\"valueRequired\":true,\"valueName\":\"search_term_string\"}}],\"inLanguage\":\"pt-PT\"},{\"@type\":\"Organization\",\"@id\":\"https:\\\/\\\/jornaldasoficinas.com\\\/pt\\\/#organization\",\"name\":\"Jornal das Oficinas\",\"url\":\"https:\\\/\\\/jornaldasoficinas.com\\\/pt\\\/\",\"logo\":{\"@type\":\"ImageObject\",\"inLanguage\":\"pt-PT\",\"@id\":\"https:\\\/\\\/jornaldasoficinas.com\\\/pt\\\/#\\\/schema\\\/logo\\\/image\\\/\",\"url\":\"https:\\\/\\\/jornaldasoficinas.com\\\/pt\\\/wp-content\\\/uploads\\\/logoJO-SEO.png\",\"contentUrl\":\"https:\\\/\\\/jornaldasoficinas.com\\\/pt\\\/wp-content\\\/uploads\\\/logoJO-SEO.png\",\"width\":285,\"height\":450,\"caption\":\"Jornal das Oficinas\"},\"image\":{\"@id\":\"https:\\\/\\\/jornaldasoficinas.com\\\/pt\\\/#\\\/schema\\\/logo\\\/image\\\/\"},\"sameAs\":[\"https:\\\/\\\/www.facebook.com\\\/jornaloficinas\",\"https:\\\/\\\/x.com\\\/jornaloficinas\",\"https:\\\/\\\/www.instagram.com\\\/jornal_oficinas\\\/\",\"https:\\\/\\\/www.linkedin.com\\\/company\\\/jornal-das-oficinas\\\/\",\"https:\\\/\\\/www.youtube.com\\\/channel\\\/UCbQZBqtcvV-oSQrr7RzINGg\"]},{\"@type\":\"Person\",\"@id\":\"https:\\\/\\\/jornaldasoficinas.com\\\/pt\\\/#\\\/schema\\\/person\\\/a38eef5de2c41d9e7c9ac10141afddf3\",\"name\":\"Reda\u00e7\u00e3o JO\",\"image\":{\"@type\":\"ImageObject\",\"inLanguage\":\"pt-PT\",\"@id\":\"https:\\\/\\\/secure.gravatar.com\\\/avatar\\\/71f2fa71737ad68a84fea94bc708ddac8ea5b0c4788dc2ad202f3ccb2887742f?s=96&d=wp_user_avatar&r=g\",\"url\":\"https:\\\/\\\/secure.gravatar.com\\\/avatar\\\/71f2fa71737ad68a84fea94bc708ddac8ea5b0c4788dc2ad202f3ccb2887742f?s=96&d=wp_user_avatar&r=g\",\"contentUrl\":\"https:\\\/\\\/secure.gravatar.com\\\/avatar\\\/71f2fa71737ad68a84fea94bc708ddac8ea5b0c4788dc2ad202f3ccb2887742f?s=96&d=wp_user_avatar&r=g\",\"caption\":\"Reda\u00e7\u00e3o JO\"},\"url\":\"https:\\\/\\\/jornaldasoficinas.com\\\/pt\\\/author\\\/joredacao\\\/\"}]}<\/script>\n<!-- \/ Yoast SEO plugin. -->","yoast_head_json":{"title":"ZF [pro]Service melhora efici\u00eancia nas oficinas de frotas comerciais - Jornal das Oficinas","description":"A ZF Aftermarket, com o ZF [pro]Service, melhora a efici\u00eancia e qualidade das oficinas de ve\u00edculos comerciais","robots":{"index":"index","follow":"follow","max-snippet":"max-snippet:-1","max-image-preview":"max-image-preview:large","max-video-preview":"max-video-preview:-1"},"canonical":"https:\/\/jornaldasoficinas.com\/pt\/zf-proservice-melhora-eficiencia-nas-oficinas-de-frotas-comerciais\/","og_locale":"pt_PT","og_type":"article","og_title":"ZF [pro]Service melhora efici\u00eancia nas oficinas de frotas comerciais - Jornal das Oficinas","og_description":"A ZF Aftermarket, com o ZF [pro]Service, melhora a efici\u00eancia e qualidade das oficinas de ve\u00edculos comerciais","og_url":"https:\/\/jornaldasoficinas.com\/pt\/zf-proservice-melhora-eficiencia-nas-oficinas-de-frotas-comerciais\/","og_site_name":"Jornal das Oficinas","article_publisher":"https:\/\/www.facebook.com\/jornaloficinas","article_published_time":"2025-06-11T17:00:24+00:00","og_image":[{"width":1024,"height":581,"url":"https:\/\/jornaldasoficinas.com\/pt\/wp-content\/uploads\/2025\/06\/ZF-proService-melhora-eficiencia-nas-oficinas-de-frotas-comerciais.jpg","type":"image\/jpeg"}],"author":"Reda\u00e7\u00e3o JO","twitter_card":"summary_large_image","twitter_creator":"@jornaloficinas","twitter_site":"@jornaloficinas","twitter_misc":{"Escrito por":"Reda\u00e7\u00e3o JO","Tempo estimado de leitura":"5 minutos"},"schema":{"@context":"https:\/\/schema.org","@graph":[{"@type":"Article","@id":"https:\/\/jornaldasoficinas.com\/pt\/zf-proservice-melhora-eficiencia-nas-oficinas-de-frotas-comerciais\/#article","isPartOf":{"@id":"https:\/\/jornaldasoficinas.com\/pt\/zf-proservice-melhora-eficiencia-nas-oficinas-de-frotas-comerciais\/"},"author":{"name":"Reda\u00e7\u00e3o JO","@id":"https:\/\/jornaldasoficinas.com\/pt\/#\/schema\/person\/a38eef5de2c41d9e7c9ac10141afddf3"},"headline":"ZF [pro]Service melhora efici\u00eancia nas oficinas de frotas comerciais","datePublished":"2025-06-11T17:00:24+00:00","mainEntityOfPage":{"@id":"https:\/\/jornaldasoficinas.com\/pt\/zf-proservice-melhora-eficiencia-nas-oficinas-de-frotas-comerciais\/"},"wordCount":952,"publisher":{"@id":"https:\/\/jornaldasoficinas.com\/pt\/#organization"},"image":{"@id":"https:\/\/jornaldasoficinas.com\/pt\/zf-proservice-melhora-eficiencia-nas-oficinas-de-frotas-comerciais\/#primaryimage"},"thumbnailUrl":"https:\/\/jornaldasoficinas.com\/pt\/wp-content\/uploads\/2025\/06\/ZF-proService-melhora-eficiencia-nas-oficinas-de-frotas-comerciais.jpg","keywords":["Efici\u00eancia","Oficinas","solu\u00e7\u00f5es digitais","Suporte T\u00e9cnico","Ve\u00edculos comerciais","ZF [pro]Service","ZF Aftermarket"],"articleSection":["Pesados"],"inLanguage":"pt-PT"},{"@type":"WebPage","@id":"https:\/\/jornaldasoficinas.com\/pt\/zf-proservice-melhora-eficiencia-nas-oficinas-de-frotas-comerciais\/","url":"https:\/\/jornaldasoficinas.com\/pt\/zf-proservice-melhora-eficiencia-nas-oficinas-de-frotas-comerciais\/","name":"ZF [pro]Service melhora efici\u00eancia nas oficinas de frotas comerciais - Jornal das Oficinas","isPartOf":{"@id":"https:\/\/jornaldasoficinas.com\/pt\/#website"},"primaryImageOfPage":{"@id":"https:\/\/jornaldasoficinas.com\/pt\/zf-proservice-melhora-eficiencia-nas-oficinas-de-frotas-comerciais\/#primaryimage"},"image":{"@id":"https:\/\/jornaldasoficinas.com\/pt\/zf-proservice-melhora-eficiencia-nas-oficinas-de-frotas-comerciais\/#primaryimage"},"thumbnailUrl":"https:\/\/jornaldasoficinas.com\/pt\/wp-content\/uploads\/2025\/06\/ZF-proService-melhora-eficiencia-nas-oficinas-de-frotas-comerciais.jpg","datePublished":"2025-06-11T17:00:24+00:00","description":"A ZF Aftermarket, com o ZF [pro]Service, melhora a efici\u00eancia e qualidade das oficinas de ve\u00edculos comerciais","breadcrumb":{"@id":"https:\/\/jornaldasoficinas.com\/pt\/zf-proservice-melhora-eficiencia-nas-oficinas-de-frotas-comerciais\/#breadcrumb"},"inLanguage":"pt-PT","potentialAction":[{"@type":"ReadAction","target":["https:\/\/jornaldasoficinas.com\/pt\/zf-proservice-melhora-eficiencia-nas-oficinas-de-frotas-comerciais\/"]}]},{"@type":"ImageObject","inLanguage":"pt-PT","@id":"https:\/\/jornaldasoficinas.com\/pt\/zf-proservice-melhora-eficiencia-nas-oficinas-de-frotas-comerciais\/#primaryimage","url":"https:\/\/jornaldasoficinas.com\/pt\/wp-content\/uploads\/2025\/06\/ZF-proService-melhora-eficiencia-nas-oficinas-de-frotas-comerciais.jpg","contentUrl":"https:\/\/jornaldasoficinas.com\/pt\/wp-content\/uploads\/2025\/06\/ZF-proService-melhora-eficiencia-nas-oficinas-de-frotas-comerciais.jpg","width":1024,"height":581,"caption":"06 - ZF proService melhora eficiencia nas oficinas de frotas comerciais"},{"@type":"BreadcrumbList","@id":"https:\/\/jornaldasoficinas.com\/pt\/zf-proservice-melhora-eficiencia-nas-oficinas-de-frotas-comerciais\/#breadcrumb","itemListElement":[{"@type":"ListItem","position":1,"name":"In\u00edcio","item":"https:\/\/jornaldasoficinas.com\/pt\/"},{"@type":"ListItem","position":2,"name":"ZF [pro]Service melhora efici\u00eancia nas oficinas de frotas comerciais"}]},{"@type":"WebSite","@id":"https:\/\/jornaldasoficinas.com\/pt\/#website","url":"https:\/\/jornaldasoficinas.com\/pt\/","name":"Jornal das Oficinas","description":"Jornal independente do Aftermarket Autom\u00f3vel em Portugal","publisher":{"@id":"https:\/\/jornaldasoficinas.com\/pt\/#organization"},"potentialAction":[{"@type":"SearchAction","target":{"@type":"EntryPoint","urlTemplate":"https:\/\/jornaldasoficinas.com\/pt\/?s={search_term_string}"},"query-input":{"@type":"PropertyValueSpecification","valueRequired":true,"valueName":"search_term_string"}}],"inLanguage":"pt-PT"},{"@type":"Organization","@id":"https:\/\/jornaldasoficinas.com\/pt\/#organization","name":"Jornal das Oficinas","url":"https:\/\/jornaldasoficinas.com\/pt\/","logo":{"@type":"ImageObject","inLanguage":"pt-PT","@id":"https:\/\/jornaldasoficinas.com\/pt\/#\/schema\/logo\/image\/","url":"https:\/\/jornaldasoficinas.com\/pt\/wp-content\/uploads\/logoJO-SEO.png","contentUrl":"https:\/\/jornaldasoficinas.com\/pt\/wp-content\/uploads\/logoJO-SEO.png","width":285,"height":450,"caption":"Jornal das Oficinas"},"image":{"@id":"https:\/\/jornaldasoficinas.com\/pt\/#\/schema\/logo\/image\/"},"sameAs":["https:\/\/www.facebook.com\/jornaloficinas","https:\/\/x.com\/jornaloficinas","https:\/\/www.instagram.com\/jornal_oficinas\/","https:\/\/www.linkedin.com\/company\/jornal-das-oficinas\/","https:\/\/www.youtube.com\/channel\/UCbQZBqtcvV-oSQrr7RzINGg"]},{"@type":"Person","@id":"https:\/\/jornaldasoficinas.com\/pt\/#\/schema\/person\/a38eef5de2c41d9e7c9ac10141afddf3","name":"Reda\u00e7\u00e3o JO","image":{"@type":"ImageObject","inLanguage":"pt-PT","@id":"https:\/\/secure.gravatar.com\/avatar\/71f2fa71737ad68a84fea94bc708ddac8ea5b0c4788dc2ad202f3ccb2887742f?s=96&d=wp_user_avatar&r=g","url":"https:\/\/secure.gravatar.com\/avatar\/71f2fa71737ad68a84fea94bc708ddac8ea5b0c4788dc2ad202f3ccb2887742f?s=96&d=wp_user_avatar&r=g","contentUrl":"https:\/\/secure.gravatar.com\/avatar\/71f2fa71737ad68a84fea94bc708ddac8ea5b0c4788dc2ad202f3ccb2887742f?s=96&d=wp_user_avatar&r=g","caption":"Reda\u00e7\u00e3o JO"},"url":"https:\/\/jornaldasoficinas.com\/pt\/author\/joredacao\/"}]}},"_links":{"self":[{"href":"https:\/\/jornaldasoficinas.com\/pt\/wp-json\/wp\/v2\/posts\/103100","targetHints":{"allow":["GET"]}}],"collection":[{"href":"https:\/\/jornaldasoficinas.com\/pt\/wp-json\/wp\/v2\/posts"}],"about":[{"href":"https:\/\/jornaldasoficinas.com\/pt\/wp-json\/wp\/v2\/types\/post"}],"author":[{"embeddable":true,"href":"https:\/\/jornaldasoficinas.com\/pt\/wp-json\/wp\/v2\/users\/15"}],"replies":[{"embeddable":true,"href":"https:\/\/jornaldasoficinas.com\/pt\/wp-json\/wp\/v2\/comments?post=103100"}],"version-history":[{"count":4,"href":"https:\/\/jornaldasoficinas.com\/pt\/wp-json\/wp\/v2\/posts\/103100\/revisions"}],"predecessor-version":[{"id":103105,"href":"https:\/\/jornaldasoficinas.com\/pt\/wp-json\/wp\/v2\/posts\/103100\/revisions\/103105"}],"wp:featuredmedia":[{"embeddable":true,"href":"https:\/\/jornaldasoficinas.com\/pt\/wp-json\/wp\/v2\/media\/103104"}],"wp:attachment":[{"href":"https:\/\/jornaldasoficinas.com\/pt\/wp-json\/wp\/v2\/media?parent=103100"}],"wp:term":[{"taxonomy":"category","embeddable":true,"href":"https:\/\/jornaldasoficinas.com\/pt\/wp-json\/wp\/v2\/categories?post=103100"},{"taxonomy":"post_tag","embeddable":true,"href":"https:\/\/jornaldasoficinas.com\/pt\/wp-json\/wp\/v2\/tags?post=103100"}],"curies":[{"name":"wp","href":"https:\/\/api.w.org\/{rel}","templated":true}]}}