{"id":10314,"date":"2020-03-02T16:14:05","date_gmt":"2020-03-02T16:14:05","guid":{"rendered":"https:\/\/jornaldasoficinas.com\/pt\/?p=10314"},"modified":"2023-07-19T15:54:57","modified_gmt":"2023-07-19T14:54:57","slug":"stratio-marca-presenca-na-it-trans-2020","status":"publish","type":"post","link":"https:\/\/jornaldasoficinas.com\/pt\/stratio-marca-presenca-na-it-trans-2020\/","title":{"rendered":"Stratio marca presen\u00e7a na IT-TRANS 2020"},"content":{"rendered":"<p><img loading=\"lazy\" decoding=\"async\" class=\"alignnone size-full wp-image-10313\" src=\"https:\/\/jornaldasoficinas.com\/pt\/wp-content\/uploads\/2020\/03\/stratio_logo_colour.jpg\" alt=\"03 - stratio_logo_colour\" width=\"1024\" height=\"581\" srcset=\"https:\/\/jornaldasoficinas.com\/pt\/wp-content\/uploads\/2020\/03\/stratio_logo_colour.jpg 1024w, https:\/\/jornaldasoficinas.com\/pt\/wp-content\/uploads\/2020\/03\/stratio_logo_colour-300x170.jpg 300w, https:\/\/jornaldasoficinas.com\/pt\/wp-content\/uploads\/2020\/03\/stratio_logo_colour-150x85.jpg 150w, https:\/\/jornaldasoficinas.com\/pt\/wp-content\/uploads\/2020\/03\/stratio_logo_colour-768x436.jpg 768w\" sizes=\"auto, (max-width: 1024px) 100vw, 1024px\" \/><\/p>\n<p><strong>A tecnol\u00f3gica portuguesa Stratio vai marcar presen\u00e7a na confer\u00eancia IT-TRANS 2020, no dia 5 de mar\u00e7o, em Karlsruhe, na Alemanha.<\/strong><\/p>\n<p>A 7.\u00aa edi\u00e7\u00e3o da IT-TRANS, a confer\u00eancia l\u00edder mundial dedicada aos mais recentes desenvolvimentos digitais e tecnol\u00f3gicos na \u00e1rea da mobilidade urbana, com 270 expositores de 35 pa\u00edses diferentes, est\u00e1 marcada para os dias 3, 4 e 5 de mar\u00e7o na cidade alem\u00e3 de Karlsruhe.<\/p>\n<p>O evento \u00e9 organizado pela Associa\u00e7\u00e3o Internacional de Transporte P\u00fablico (UITP), uma institui\u00e7\u00e3o com mais de 1.700 membros em quase 100 pa\u00edses.<\/p>\n<p>Este convite ocorre depois de a empresa j\u00e1 ter sido convidada para outro evento internacional de mobilidade urbana no in\u00edcio do ano, o MOVE 2020 em Londres, onde teve oportunidade de apresentar a sua solu\u00e7\u00e3o de manuten\u00e7\u00e3o automatizada para uma audi\u00eancia composta por gestores de algumas das maiores frotas a n\u00edvel mundial.<\/p>\n<p>O diretor de investiga\u00e7\u00e3o da <a href=\"https:\/\/stratioautomotive.com\/\" target=\"_blank\" rel=\"noopener noreferrer\">Stratio<\/a>, Rune Prytz, ir\u00e1 apresentar os resultados que a sua equipa tem vindo a realizar sobre a an\u00e1lise do estado de vida das baterias e a sua evolu\u00e7\u00e3o ao longo do tempo de opera\u00e7\u00e3o. Rune Prytz \u00e9 um ex-investigador da Volvo e um reconhecido especialista mundial em manuten\u00e7\u00e3o preditiva, recorrendo \u00e0 Intelig\u00eancia Artificial.<\/p>\n<p>A sua sess\u00e3o estar\u00e1 centrada no trabalho que deu origem \u00e0 patente \u201cM\u00e9todo e dispositivo para medir a sa\u00fade de uma bateria autom\u00f3vel multicelular\u201d, que\u00a0 explora a condi\u00e7\u00e3o da bateria (dete\u00e7\u00e3o preditiva de falhas, dete\u00e7\u00e3o pr\u00e9via de problemas que afetam as baterias e as c\u00e9lulas) e o desempenho da bateria (compreendendo as condi\u00e7\u00f5es que afetam o alcance e o comportamento da bateria sob diferentes utiliza\u00e7\u00f5es e ambientes).<\/p>\n<p>A tecnologia da Stratio oferece uma solu\u00e7\u00e3o de manuten\u00e7\u00e3o automatizada que permite identificar problemas com os ve\u00edculos antes de estes terem um impacto significativo na opera\u00e7\u00e3o. Este aumento na previsibilidade das opera\u00e7\u00f5es permite aumentar, consideravelmente, a efici\u00eancia das frotas, apresentando ainda poupan\u00e7as muito significativas ao tornar poss\u00edvel a dete\u00e7\u00e3o e repara\u00e7\u00e3o de problemas durante a sua fase inicial.<\/p>\n<p>A empresa opera em v\u00e1rios mercados internacionais e tem, tamb\u00e9m, presen\u00e7a forte em Portugal, onde conta com v\u00e1rios clientes de refer\u00eancia nos segmentos de transporte pesado de mercadorias e de passageiros, tendo como objetivo final minimizar o tempo de inatividade n\u00e3o planeada para assegurar que os ve\u00edculos consigam estar na estrada sem interrup\u00e7\u00f5es inesperadas.<\/p>\n","protected":false},"excerpt":{"rendered":"<p>A tecnol\u00f3gica portuguesa Stratio vai marcar&#8230;<\/p>\n","protected":false},"author":15,"featured_media":10313,"comment_status":"closed","ping_status":"closed","sticky":false,"template":"","format":"standard","meta":{"footnotes":""},"categories":[29],"tags":[1087,1716,1718,933,420],"class_list":["post-10314","post","type-post","status-publish","format-standard","has-post-thumbnail","hentry","category-empresas","tag-inteligencia-artificial","tag-it-trans-2020","tag-manutencao-preditiva","tag-stratio","tag-stratio-automotive"],"yoast_head":"<!-- This site is optimized with the Yoast SEO plugin v27.4 - https:\/\/yoast.com\/product\/yoast-seo-wordpress\/ -->\n<title>Stratio marca presen\u00e7a na IT-TRANS 2020 - Jornal das Oficinas<\/title>\n<meta name=\"robots\" content=\"index, follow, max-snippet:-1, max-image-preview:large, max-video-preview:-1\" \/>\n<link rel=\"canonical\" href=\"https:\/\/jornaldasoficinas.com\/pt\/stratio-marca-presenca-na-it-trans-2020\/\" \/>\n<meta property=\"og:locale\" content=\"pt_PT\" \/>\n<meta property=\"og:type\" content=\"article\" \/>\n<meta property=\"og:title\" content=\"Stratio marca presen\u00e7a na IT-TRANS 2020 - Jornal das Oficinas\" \/>\n<meta property=\"og:description\" content=\"A tecnol\u00f3gica portuguesa Stratio vai marcar...\" \/>\n<meta property=\"og:url\" content=\"https:\/\/jornaldasoficinas.com\/pt\/stratio-marca-presenca-na-it-trans-2020\/\" \/>\n<meta property=\"og:site_name\" content=\"Jornal das Oficinas\" \/>\n<meta property=\"article:publisher\" content=\"https:\/\/www.facebook.com\/jornaloficinas\" \/>\n<meta property=\"article:published_time\" content=\"2020-03-02T16:14:05+00:00\" \/>\n<meta property=\"article:modified_time\" content=\"2023-07-19T14:54:57+00:00\" \/>\n<meta property=\"og:image\" content=\"https:\/\/jornaldasoficinas.com\/pt\/wp-content\/uploads\/2020\/03\/stratio_logo_colour.jpg\" \/>\n\t<meta property=\"og:image:width\" content=\"1024\" \/>\n\t<meta property=\"og:image:height\" content=\"581\" \/>\n\t<meta property=\"og:image:type\" content=\"image\/jpeg\" \/>\n<meta name=\"author\" content=\"Reda\u00e7\u00e3o JO\" \/>\n<meta name=\"twitter:card\" content=\"summary_large_image\" \/>\n<meta name=\"twitter:creator\" content=\"@jornaloficinas\" \/>\n<meta name=\"twitter:site\" content=\"@jornaloficinas\" \/>\n<meta name=\"twitter:label1\" content=\"Escrito por\" \/>\n\t<meta name=\"twitter:data1\" content=\"Reda\u00e7\u00e3o JO\" \/>\n\t<meta name=\"twitter:label2\" content=\"Tempo estimado de leitura\" \/>\n\t<meta name=\"twitter:data2\" content=\"2 minutos\" \/>\n<script type=\"application\/ld+json\" class=\"yoast-schema-graph\">{\"@context\":\"https:\\\/\\\/schema.org\",\"@graph\":[{\"@type\":\"Article\",\"@id\":\"https:\\\/\\\/jornaldasoficinas.com\\\/pt\\\/stratio-marca-presenca-na-it-trans-2020\\\/#article\",\"isPartOf\":{\"@id\":\"https:\\\/\\\/jornaldasoficinas.com\\\/pt\\\/stratio-marca-presenca-na-it-trans-2020\\\/\"},\"author\":{\"name\":\"Reda\u00e7\u00e3o JO\",\"@id\":\"https:\\\/\\\/jornaldasoficinas.com\\\/pt\\\/#\\\/schema\\\/person\\\/a38eef5de2c41d9e7c9ac10141afddf3\"},\"headline\":\"Stratio marca presen\u00e7a na IT-TRANS 2020\",\"datePublished\":\"2020-03-02T16:14:05+00:00\",\"dateModified\":\"2023-07-19T14:54:57+00:00\",\"mainEntityOfPage\":{\"@id\":\"https:\\\/\\\/jornaldasoficinas.com\\\/pt\\\/stratio-marca-presenca-na-it-trans-2020\\\/\"},\"wordCount\":421,\"publisher\":{\"@id\":\"https:\\\/\\\/jornaldasoficinas.com\\\/pt\\\/#organization\"},\"image\":{\"@id\":\"https:\\\/\\\/jornaldasoficinas.com\\\/pt\\\/stratio-marca-presenca-na-it-trans-2020\\\/#primaryimage\"},\"thumbnailUrl\":\"https:\\\/\\\/jornaldasoficinas.com\\\/pt\\\/wp-content\\\/uploads\\\/2020\\\/03\\\/stratio_logo_colour.jpg\",\"keywords\":[\"Intelig\u00eancia artificial\",\"IT-TRANS 2020\",\"Manuten\u00e7\u00e3o preditiva\",\"Stratio\",\"Stratio Automotive\"],\"articleSection\":[\"Empresas\"],\"inLanguage\":\"pt-PT\"},{\"@type\":\"WebPage\",\"@id\":\"https:\\\/\\\/jornaldasoficinas.com\\\/pt\\\/stratio-marca-presenca-na-it-trans-2020\\\/\",\"url\":\"https:\\\/\\\/jornaldasoficinas.com\\\/pt\\\/stratio-marca-presenca-na-it-trans-2020\\\/\",\"name\":\"Stratio marca presen\u00e7a na IT-TRANS 2020 - Jornal das Oficinas\",\"isPartOf\":{\"@id\":\"https:\\\/\\\/jornaldasoficinas.com\\\/pt\\\/#website\"},\"primaryImageOfPage\":{\"@id\":\"https:\\\/\\\/jornaldasoficinas.com\\\/pt\\\/stratio-marca-presenca-na-it-trans-2020\\\/#primaryimage\"},\"image\":{\"@id\":\"https:\\\/\\\/jornaldasoficinas.com\\\/pt\\\/stratio-marca-presenca-na-it-trans-2020\\\/#primaryimage\"},\"thumbnailUrl\":\"https:\\\/\\\/jornaldasoficinas.com\\\/pt\\\/wp-content\\\/uploads\\\/2020\\\/03\\\/stratio_logo_colour.jpg\",\"datePublished\":\"2020-03-02T16:14:05+00:00\",\"dateModified\":\"2023-07-19T14:54:57+00:00\",\"breadcrumb\":{\"@id\":\"https:\\\/\\\/jornaldasoficinas.com\\\/pt\\\/stratio-marca-presenca-na-it-trans-2020\\\/#breadcrumb\"},\"inLanguage\":\"pt-PT\",\"potentialAction\":[{\"@type\":\"ReadAction\",\"target\":[\"https:\\\/\\\/jornaldasoficinas.com\\\/pt\\\/stratio-marca-presenca-na-it-trans-2020\\\/\"]}]},{\"@type\":\"ImageObject\",\"inLanguage\":\"pt-PT\",\"@id\":\"https:\\\/\\\/jornaldasoficinas.com\\\/pt\\\/stratio-marca-presenca-na-it-trans-2020\\\/#primaryimage\",\"url\":\"https:\\\/\\\/jornaldasoficinas.com\\\/pt\\\/wp-content\\\/uploads\\\/2020\\\/03\\\/stratio_logo_colour.jpg\",\"contentUrl\":\"https:\\\/\\\/jornaldasoficinas.com\\\/pt\\\/wp-content\\\/uploads\\\/2020\\\/03\\\/stratio_logo_colour.jpg\",\"width\":1024,\"height\":581,\"caption\":\"03 - stratio_logo_colour\"},{\"@type\":\"BreadcrumbList\",\"@id\":\"https:\\\/\\\/jornaldasoficinas.com\\\/pt\\\/stratio-marca-presenca-na-it-trans-2020\\\/#breadcrumb\",\"itemListElement\":[{\"@type\":\"ListItem\",\"position\":1,\"name\":\"In\u00edcio\",\"item\":\"https:\\\/\\\/jornaldasoficinas.com\\\/pt\\\/\"},{\"@type\":\"ListItem\",\"position\":2,\"name\":\"Stratio marca presen\u00e7a na IT-TRANS 2020\"}]},{\"@type\":\"WebSite\",\"@id\":\"https:\\\/\\\/jornaldasoficinas.com\\\/pt\\\/#website\",\"url\":\"https:\\\/\\\/jornaldasoficinas.com\\\/pt\\\/\",\"name\":\"Jornal das Oficinas\",\"description\":\"Jornal independente do Aftermarket Autom\u00f3vel em Portugal\",\"publisher\":{\"@id\":\"https:\\\/\\\/jornaldasoficinas.com\\\/pt\\\/#organization\"},\"potentialAction\":[{\"@type\":\"SearchAction\",\"target\":{\"@type\":\"EntryPoint\",\"urlTemplate\":\"https:\\\/\\\/jornaldasoficinas.com\\\/pt\\\/?s={search_term_string}\"},\"query-input\":{\"@type\":\"PropertyValueSpecification\",\"valueRequired\":true,\"valueName\":\"search_term_string\"}}],\"inLanguage\":\"pt-PT\"},{\"@type\":\"Organization\",\"@id\":\"https:\\\/\\\/jornaldasoficinas.com\\\/pt\\\/#organization\",\"name\":\"Jornal das Oficinas\",\"url\":\"https:\\\/\\\/jornaldasoficinas.com\\\/pt\\\/\",\"logo\":{\"@type\":\"ImageObject\",\"inLanguage\":\"pt-PT\",\"@id\":\"https:\\\/\\\/jornaldasoficinas.com\\\/pt\\\/#\\\/schema\\\/logo\\\/image\\\/\",\"url\":\"https:\\\/\\\/jornaldasoficinas.com\\\/pt\\\/wp-content\\\/uploads\\\/logoJO-SEO.png\",\"contentUrl\":\"https:\\\/\\\/jornaldasoficinas.com\\\/pt\\\/wp-content\\\/uploads\\\/logoJO-SEO.png\",\"width\":285,\"height\":450,\"caption\":\"Jornal das Oficinas\"},\"image\":{\"@id\":\"https:\\\/\\\/jornaldasoficinas.com\\\/pt\\\/#\\\/schema\\\/logo\\\/image\\\/\"},\"sameAs\":[\"https:\\\/\\\/www.facebook.com\\\/jornaloficinas\",\"https:\\\/\\\/x.com\\\/jornaloficinas\",\"https:\\\/\\\/www.instagram.com\\\/jornal_oficinas\\\/\",\"https:\\\/\\\/www.linkedin.com\\\/company\\\/jornal-das-oficinas\\\/\",\"https:\\\/\\\/www.youtube.com\\\/channel\\\/UCbQZBqtcvV-oSQrr7RzINGg\"]},{\"@type\":\"Person\",\"@id\":\"https:\\\/\\\/jornaldasoficinas.com\\\/pt\\\/#\\\/schema\\\/person\\\/a38eef5de2c41d9e7c9ac10141afddf3\",\"name\":\"Reda\u00e7\u00e3o JO\",\"image\":{\"@type\":\"ImageObject\",\"inLanguage\":\"pt-PT\",\"@id\":\"https:\\\/\\\/secure.gravatar.com\\\/avatar\\\/71f2fa71737ad68a84fea94bc708ddac8ea5b0c4788dc2ad202f3ccb2887742f?s=96&d=wp_user_avatar&r=g\",\"url\":\"https:\\\/\\\/secure.gravatar.com\\\/avatar\\\/71f2fa71737ad68a84fea94bc708ddac8ea5b0c4788dc2ad202f3ccb2887742f?s=96&d=wp_user_avatar&r=g\",\"contentUrl\":\"https:\\\/\\\/secure.gravatar.com\\\/avatar\\\/71f2fa71737ad68a84fea94bc708ddac8ea5b0c4788dc2ad202f3ccb2887742f?s=96&d=wp_user_avatar&r=g\",\"caption\":\"Reda\u00e7\u00e3o JO\"},\"url\":\"https:\\\/\\\/jornaldasoficinas.com\\\/pt\\\/author\\\/joredacao\\\/\"}]}<\/script>\n<!-- \/ Yoast SEO plugin. -->","yoast_head_json":{"title":"Stratio marca presen\u00e7a na IT-TRANS 2020 - Jornal das Oficinas","robots":{"index":"index","follow":"follow","max-snippet":"max-snippet:-1","max-image-preview":"max-image-preview:large","max-video-preview":"max-video-preview:-1"},"canonical":"https:\/\/jornaldasoficinas.com\/pt\/stratio-marca-presenca-na-it-trans-2020\/","og_locale":"pt_PT","og_type":"article","og_title":"Stratio marca presen\u00e7a na IT-TRANS 2020 - Jornal das Oficinas","og_description":"A tecnol\u00f3gica portuguesa Stratio vai marcar...","og_url":"https:\/\/jornaldasoficinas.com\/pt\/stratio-marca-presenca-na-it-trans-2020\/","og_site_name":"Jornal das Oficinas","article_publisher":"https:\/\/www.facebook.com\/jornaloficinas","article_published_time":"2020-03-02T16:14:05+00:00","article_modified_time":"2023-07-19T14:54:57+00:00","og_image":[{"width":1024,"height":581,"url":"https:\/\/jornaldasoficinas.com\/pt\/wp-content\/uploads\/2020\/03\/stratio_logo_colour.jpg","type":"image\/jpeg"}],"author":"Reda\u00e7\u00e3o JO","twitter_card":"summary_large_image","twitter_creator":"@jornaloficinas","twitter_site":"@jornaloficinas","twitter_misc":{"Escrito por":"Reda\u00e7\u00e3o JO","Tempo estimado de leitura":"2 minutos"},"schema":{"@context":"https:\/\/schema.org","@graph":[{"@type":"Article","@id":"https:\/\/jornaldasoficinas.com\/pt\/stratio-marca-presenca-na-it-trans-2020\/#article","isPartOf":{"@id":"https:\/\/jornaldasoficinas.com\/pt\/stratio-marca-presenca-na-it-trans-2020\/"},"author":{"name":"Reda\u00e7\u00e3o JO","@id":"https:\/\/jornaldasoficinas.com\/pt\/#\/schema\/person\/a38eef5de2c41d9e7c9ac10141afddf3"},"headline":"Stratio marca presen\u00e7a na IT-TRANS 2020","datePublished":"2020-03-02T16:14:05+00:00","dateModified":"2023-07-19T14:54:57+00:00","mainEntityOfPage":{"@id":"https:\/\/jornaldasoficinas.com\/pt\/stratio-marca-presenca-na-it-trans-2020\/"},"wordCount":421,"publisher":{"@id":"https:\/\/jornaldasoficinas.com\/pt\/#organization"},"image":{"@id":"https:\/\/jornaldasoficinas.com\/pt\/stratio-marca-presenca-na-it-trans-2020\/#primaryimage"},"thumbnailUrl":"https:\/\/jornaldasoficinas.com\/pt\/wp-content\/uploads\/2020\/03\/stratio_logo_colour.jpg","keywords":["Intelig\u00eancia artificial","IT-TRANS 2020","Manuten\u00e7\u00e3o preditiva","Stratio","Stratio Automotive"],"articleSection":["Empresas"],"inLanguage":"pt-PT"},{"@type":"WebPage","@id":"https:\/\/jornaldasoficinas.com\/pt\/stratio-marca-presenca-na-it-trans-2020\/","url":"https:\/\/jornaldasoficinas.com\/pt\/stratio-marca-presenca-na-it-trans-2020\/","name":"Stratio marca presen\u00e7a na IT-TRANS 2020 - Jornal das Oficinas","isPartOf":{"@id":"https:\/\/jornaldasoficinas.com\/pt\/#website"},"primaryImageOfPage":{"@id":"https:\/\/jornaldasoficinas.com\/pt\/stratio-marca-presenca-na-it-trans-2020\/#primaryimage"},"image":{"@id":"https:\/\/jornaldasoficinas.com\/pt\/stratio-marca-presenca-na-it-trans-2020\/#primaryimage"},"thumbnailUrl":"https:\/\/jornaldasoficinas.com\/pt\/wp-content\/uploads\/2020\/03\/stratio_logo_colour.jpg","datePublished":"2020-03-02T16:14:05+00:00","dateModified":"2023-07-19T14:54:57+00:00","breadcrumb":{"@id":"https:\/\/jornaldasoficinas.com\/pt\/stratio-marca-presenca-na-it-trans-2020\/#breadcrumb"},"inLanguage":"pt-PT","potentialAction":[{"@type":"ReadAction","target":["https:\/\/jornaldasoficinas.com\/pt\/stratio-marca-presenca-na-it-trans-2020\/"]}]},{"@type":"ImageObject","inLanguage":"pt-PT","@id":"https:\/\/jornaldasoficinas.com\/pt\/stratio-marca-presenca-na-it-trans-2020\/#primaryimage","url":"https:\/\/jornaldasoficinas.com\/pt\/wp-content\/uploads\/2020\/03\/stratio_logo_colour.jpg","contentUrl":"https:\/\/jornaldasoficinas.com\/pt\/wp-content\/uploads\/2020\/03\/stratio_logo_colour.jpg","width":1024,"height":581,"caption":"03 - stratio_logo_colour"},{"@type":"BreadcrumbList","@id":"https:\/\/jornaldasoficinas.com\/pt\/stratio-marca-presenca-na-it-trans-2020\/#breadcrumb","itemListElement":[{"@type":"ListItem","position":1,"name":"In\u00edcio","item":"https:\/\/jornaldasoficinas.com\/pt\/"},{"@type":"ListItem","position":2,"name":"Stratio marca presen\u00e7a na IT-TRANS 2020"}]},{"@type":"WebSite","@id":"https:\/\/jornaldasoficinas.com\/pt\/#website","url":"https:\/\/jornaldasoficinas.com\/pt\/","name":"Jornal das Oficinas","description":"Jornal independente do Aftermarket Autom\u00f3vel em Portugal","publisher":{"@id":"https:\/\/jornaldasoficinas.com\/pt\/#organization"},"potentialAction":[{"@type":"SearchAction","target":{"@type":"EntryPoint","urlTemplate":"https:\/\/jornaldasoficinas.com\/pt\/?s={search_term_string}"},"query-input":{"@type":"PropertyValueSpecification","valueRequired":true,"valueName":"search_term_string"}}],"inLanguage":"pt-PT"},{"@type":"Organization","@id":"https:\/\/jornaldasoficinas.com\/pt\/#organization","name":"Jornal das Oficinas","url":"https:\/\/jornaldasoficinas.com\/pt\/","logo":{"@type":"ImageObject","inLanguage":"pt-PT","@id":"https:\/\/jornaldasoficinas.com\/pt\/#\/schema\/logo\/image\/","url":"https:\/\/jornaldasoficinas.com\/pt\/wp-content\/uploads\/logoJO-SEO.png","contentUrl":"https:\/\/jornaldasoficinas.com\/pt\/wp-content\/uploads\/logoJO-SEO.png","width":285,"height":450,"caption":"Jornal das Oficinas"},"image":{"@id":"https:\/\/jornaldasoficinas.com\/pt\/#\/schema\/logo\/image\/"},"sameAs":["https:\/\/www.facebook.com\/jornaloficinas","https:\/\/x.com\/jornaloficinas","https:\/\/www.instagram.com\/jornal_oficinas\/","https:\/\/www.linkedin.com\/company\/jornal-das-oficinas\/","https:\/\/www.youtube.com\/channel\/UCbQZBqtcvV-oSQrr7RzINGg"]},{"@type":"Person","@id":"https:\/\/jornaldasoficinas.com\/pt\/#\/schema\/person\/a38eef5de2c41d9e7c9ac10141afddf3","name":"Reda\u00e7\u00e3o JO","image":{"@type":"ImageObject","inLanguage":"pt-PT","@id":"https:\/\/secure.gravatar.com\/avatar\/71f2fa71737ad68a84fea94bc708ddac8ea5b0c4788dc2ad202f3ccb2887742f?s=96&d=wp_user_avatar&r=g","url":"https:\/\/secure.gravatar.com\/avatar\/71f2fa71737ad68a84fea94bc708ddac8ea5b0c4788dc2ad202f3ccb2887742f?s=96&d=wp_user_avatar&r=g","contentUrl":"https:\/\/secure.gravatar.com\/avatar\/71f2fa71737ad68a84fea94bc708ddac8ea5b0c4788dc2ad202f3ccb2887742f?s=96&d=wp_user_avatar&r=g","caption":"Reda\u00e7\u00e3o JO"},"url":"https:\/\/jornaldasoficinas.com\/pt\/author\/joredacao\/"}]}},"_links":{"self":[{"href":"https:\/\/jornaldasoficinas.com\/pt\/wp-json\/wp\/v2\/posts\/10314","targetHints":{"allow":["GET"]}}],"collection":[{"href":"https:\/\/jornaldasoficinas.com\/pt\/wp-json\/wp\/v2\/posts"}],"about":[{"href":"https:\/\/jornaldasoficinas.com\/pt\/wp-json\/wp\/v2\/types\/post"}],"author":[{"embeddable":true,"href":"https:\/\/jornaldasoficinas.com\/pt\/wp-json\/wp\/v2\/users\/15"}],"replies":[{"embeddable":true,"href":"https:\/\/jornaldasoficinas.com\/pt\/wp-json\/wp\/v2\/comments?post=10314"}],"version-history":[{"count":0,"href":"https:\/\/jornaldasoficinas.com\/pt\/wp-json\/wp\/v2\/posts\/10314\/revisions"}],"wp:featuredmedia":[{"embeddable":true,"href":"https:\/\/jornaldasoficinas.com\/pt\/wp-json\/wp\/v2\/media\/10313"}],"wp:attachment":[{"href":"https:\/\/jornaldasoficinas.com\/pt\/wp-json\/wp\/v2\/media?parent=10314"}],"wp:term":[{"taxonomy":"category","embeddable":true,"href":"https:\/\/jornaldasoficinas.com\/pt\/wp-json\/wp\/v2\/categories?post=10314"},{"taxonomy":"post_tag","embeddable":true,"href":"https:\/\/jornaldasoficinas.com\/pt\/wp-json\/wp\/v2\/tags?post=10314"}],"curies":[{"name":"wp","href":"https:\/\/api.w.org\/{rel}","templated":true}]}}