{"id":10317,"date":"2020-03-02T16:42:19","date_gmt":"2020-03-02T16:42:19","guid":{"rendered":"https:\/\/jornaldasoficinas.com\/pt\/?p=10317"},"modified":"2020-03-02T16:42:19","modified_gmt":"2020-03-02T16:42:19","slug":"ja-conhecia-o-programa-de-reconstrucao-da-zf-aftermarket","status":"publish","type":"post","link":"https:\/\/jornaldasoficinas.com\/pt\/ja-conhecia-o-programa-de-reconstrucao-da-zf-aftermarket\/","title":{"rendered":"J\u00e1 conhecia o Programa de reconstru\u00e7\u00e3o da ZF Aftermarket?"},"content":{"rendered":"<p><img loading=\"lazy\" decoding=\"async\" class=\"alignnone size-full wp-image-10316\" src=\"https:\/\/jornaldasoficinas.com\/pt\/wp-content\/uploads\/2020\/03\/zf-reman-uebersicht-vorteile-leistungen_text_image_50_large_560px_no_ratio.jpg\" alt=\"03 - zf-reman-uebersicht-vorteile-leistungen_text_image_50_large_560px_no_ratio\" width=\"1024\" height=\"580\" srcset=\"https:\/\/jornaldasoficinas.com\/pt\/wp-content\/uploads\/2020\/03\/zf-reman-uebersicht-vorteile-leistungen_text_image_50_large_560px_no_ratio.jpg 1024w, https:\/\/jornaldasoficinas.com\/pt\/wp-content\/uploads\/2020\/03\/zf-reman-uebersicht-vorteile-leistungen_text_image_50_large_560px_no_ratio-300x170.jpg 300w, https:\/\/jornaldasoficinas.com\/pt\/wp-content\/uploads\/2020\/03\/zf-reman-uebersicht-vorteile-leistungen_text_image_50_large_560px_no_ratio-150x85.jpg 150w, https:\/\/jornaldasoficinas.com\/pt\/wp-content\/uploads\/2020\/03\/zf-reman-uebersicht-vorteile-leistungen_text_image_50_large_560px_no_ratio-768x435.jpg 768w\" sizes=\"auto, (max-width: 1024px) 100vw, 1024px\" \/><\/p>\n<p><strong>O programa de reconstru\u00e7\u00e3o da ZF Aftermarket est\u00e1 em cont\u00ednua expans\u00e3o em todo o mundo. A reconstru\u00e7\u00e3o industrial de pe\u00e7as perto do fim da vida consome menos materiais e \u00e9 muito mais eficiente em termos de custo do que a produ\u00e7\u00e3o de componentes novos, sobretudo ap\u00f3s a produ\u00e7\u00e3o em s\u00e9rie terminar.<\/strong><\/p>\n<p>O uso de pe\u00e7as recondicionadas apresenta, segundo a <a href=\"https:\/\/www.zf.com\/mobile\/pt\/homepage\/homepage.html\" target=\"_blank\" rel=\"noopener noreferrer\">ZF Aftermarket<\/a>, v\u00e1rias vantagens. Sejam grossistas, oficinas ou propriet\u00e1rios de ve\u00edculos, todos podem tirar partido da minimiza\u00e7\u00e3o dos tempos de indisponibilidade operacional dos ve\u00edculos, da redu\u00e7\u00e3o dos custos, do aumento da seguran\u00e7a e da mais recente tecnologia.<\/p>\n<p><strong>Eis as vantagens da reconstru\u00e7\u00e3o para as oficinas anunciadas pela ZF Aftermarket:<\/strong><\/p>\n<p>\u2022 N\u00e3o s\u00e3o necess\u00e1rias quaisquer ferramentas de repara\u00e7\u00e3o especiais dispendiosas;<\/p>\n<p>\u2022 Avalia\u00e7\u00e3o generalizada dos danos. N\u00e3o s\u00e3o necess\u00e1rias longas resolu\u00e7\u00f5es de problemas;<\/p>\n<p>\u2022 Simplifica\u00e7\u00e3o dos trabalhos de repara\u00e7\u00e3o e instala\u00e7\u00e3o;<\/p>\n<p>\u2022 Estabiliza\u00e7\u00e3o dos pre\u00e7os para maior satisfa\u00e7\u00e3o do cliente.<\/p>\n<p>E, agora, as vantagens anunciadas para os grossistas:<\/p>\n<p>\u2022 Melhor rela\u00e7\u00e3o qualidade\/pre\u00e7o;<\/p>\n<p>\u2022 Disponibiliza\u00e7\u00e3o mais r\u00e1pida das unidades de reconstru\u00e7\u00e3o;<\/p>\n<p>\u2022 Ponto de contacto competente para pe\u00e7as procuradas que j\u00e1 n\u00e3o s\u00e3o produzidas;<\/p>\n<p>\u2022 Aumento das vendas resultante da oferta de pe\u00e7as de alta qualidade a pre\u00e7os acess\u00edveis.<\/p>\n<p>Caso pretenda saber mais detalhes acerca do Programa de Reconstru\u00e7\u00e3o da ZF Aftermarket, clique <a href=\"https:\/\/aftermarket.zf.com\/ib\/pt\/portal-da-zf-aftermarket\/sobre-a-zf-aftermarket\/next-generation-aftermarket\/reconstrucao\/?Ref=email&amp;pk_campaign=newsletter2020%26pk_source%3Dnewsletter%26pk_medium%3Demail&amp;dm_i=EKV,6Q7UN,22191W,QVB98,1\" target=\"_blank\" rel=\"noopener noreferrer\">aqui<\/a>.<\/p>\n","protected":false},"excerpt":{"rendered":"<p>O programa de reconstru\u00e7\u00e3o da ZF&#8230;<\/p>\n","protected":false},"author":15,"featured_media":10316,"comment_status":"closed","ping_status":"closed","sticky":false,"template":"","format":"standard","meta":{"footnotes":""},"categories":[29],"tags":[387,1717,181],"class_list":["post-10317","post","type-post","status-publish","format-standard","has-post-thumbnail","hentry","category-empresas","tag-economia-circular","tag-reconstrucao-de-pecas","tag-zf-aftermarket"],"yoast_head":"<!-- This site is optimized with the Yoast SEO plugin v27.4 - https:\/\/yoast.com\/product\/yoast-seo-wordpress\/ -->\n<title>J\u00e1 conhecia o Programa de reconstru\u00e7\u00e3o da ZF Aftermarket? - Jornal das Oficinas<\/title>\n<meta name=\"robots\" content=\"index, follow, max-snippet:-1, max-image-preview:large, max-video-preview:-1\" \/>\n<link rel=\"canonical\" href=\"https:\/\/jornaldasoficinas.com\/pt\/ja-conhecia-o-programa-de-reconstrucao-da-zf-aftermarket\/\" \/>\n<meta property=\"og:locale\" content=\"pt_PT\" \/>\n<meta property=\"og:type\" content=\"article\" \/>\n<meta property=\"og:title\" content=\"J\u00e1 conhecia o Programa de reconstru\u00e7\u00e3o da ZF Aftermarket? - Jornal das Oficinas\" \/>\n<meta property=\"og:description\" content=\"O programa de reconstru\u00e7\u00e3o da ZF...\" \/>\n<meta property=\"og:url\" content=\"https:\/\/jornaldasoficinas.com\/pt\/ja-conhecia-o-programa-de-reconstrucao-da-zf-aftermarket\/\" \/>\n<meta property=\"og:site_name\" content=\"Jornal das Oficinas\" \/>\n<meta property=\"article:publisher\" content=\"https:\/\/www.facebook.com\/jornaloficinas\" \/>\n<meta property=\"article:published_time\" content=\"2020-03-02T16:42:19+00:00\" \/>\n<meta property=\"og:image\" content=\"https:\/\/jornaldasoficinas.com\/pt\/wp-content\/uploads\/2020\/03\/zf-reman-uebersicht-vorteile-leistungen_text_image_50_large_560px_no_ratio.jpg\" \/>\n\t<meta property=\"og:image:width\" content=\"1024\" \/>\n\t<meta property=\"og:image:height\" content=\"580\" \/>\n\t<meta property=\"og:image:type\" content=\"image\/jpeg\" \/>\n<meta name=\"author\" content=\"Reda\u00e7\u00e3o JO\" \/>\n<meta name=\"twitter:card\" content=\"summary_large_image\" \/>\n<meta name=\"twitter:creator\" content=\"@jornaloficinas\" \/>\n<meta name=\"twitter:site\" content=\"@jornaloficinas\" \/>\n<meta name=\"twitter:label1\" content=\"Escrito por\" \/>\n\t<meta name=\"twitter:data1\" content=\"Reda\u00e7\u00e3o JO\" \/>\n\t<meta name=\"twitter:label2\" content=\"Tempo estimado de leitura\" \/>\n\t<meta name=\"twitter:data2\" content=\"1 minuto\" \/>\n<script type=\"application\/ld+json\" class=\"yoast-schema-graph\">{\"@context\":\"https:\\\/\\\/schema.org\",\"@graph\":[{\"@type\":\"Article\",\"@id\":\"https:\\\/\\\/jornaldasoficinas.com\\\/pt\\\/ja-conhecia-o-programa-de-reconstrucao-da-zf-aftermarket\\\/#article\",\"isPartOf\":{\"@id\":\"https:\\\/\\\/jornaldasoficinas.com\\\/pt\\\/ja-conhecia-o-programa-de-reconstrucao-da-zf-aftermarket\\\/\"},\"author\":{\"name\":\"Reda\u00e7\u00e3o JO\",\"@id\":\"https:\\\/\\\/jornaldasoficinas.com\\\/pt\\\/#\\\/schema\\\/person\\\/a38eef5de2c41d9e7c9ac10141afddf3\"},\"headline\":\"J\u00e1 conhecia o Programa de reconstru\u00e7\u00e3o da ZF Aftermarket?\",\"datePublished\":\"2020-03-02T16:42:19+00:00\",\"mainEntityOfPage\":{\"@id\":\"https:\\\/\\\/jornaldasoficinas.com\\\/pt\\\/ja-conhecia-o-programa-de-reconstrucao-da-zf-aftermarket\\\/\"},\"wordCount\":257,\"publisher\":{\"@id\":\"https:\\\/\\\/jornaldasoficinas.com\\\/pt\\\/#organization\"},\"image\":{\"@id\":\"https:\\\/\\\/jornaldasoficinas.com\\\/pt\\\/ja-conhecia-o-programa-de-reconstrucao-da-zf-aftermarket\\\/#primaryimage\"},\"thumbnailUrl\":\"https:\\\/\\\/jornaldasoficinas.com\\\/pt\\\/wp-content\\\/uploads\\\/2020\\\/03\\\/zf-reman-uebersicht-vorteile-leistungen_text_image_50_large_560px_no_ratio.jpg\",\"keywords\":[\"Economia Circular\",\"Reconstru\u00e7\u00e3o de pe\u00e7as\",\"ZF Aftermarket\"],\"articleSection\":[\"Empresas\"],\"inLanguage\":\"pt-PT\"},{\"@type\":\"WebPage\",\"@id\":\"https:\\\/\\\/jornaldasoficinas.com\\\/pt\\\/ja-conhecia-o-programa-de-reconstrucao-da-zf-aftermarket\\\/\",\"url\":\"https:\\\/\\\/jornaldasoficinas.com\\\/pt\\\/ja-conhecia-o-programa-de-reconstrucao-da-zf-aftermarket\\\/\",\"name\":\"J\u00e1 conhecia o Programa de reconstru\u00e7\u00e3o da ZF Aftermarket? - Jornal das Oficinas\",\"isPartOf\":{\"@id\":\"https:\\\/\\\/jornaldasoficinas.com\\\/pt\\\/#website\"},\"primaryImageOfPage\":{\"@id\":\"https:\\\/\\\/jornaldasoficinas.com\\\/pt\\\/ja-conhecia-o-programa-de-reconstrucao-da-zf-aftermarket\\\/#primaryimage\"},\"image\":{\"@id\":\"https:\\\/\\\/jornaldasoficinas.com\\\/pt\\\/ja-conhecia-o-programa-de-reconstrucao-da-zf-aftermarket\\\/#primaryimage\"},\"thumbnailUrl\":\"https:\\\/\\\/jornaldasoficinas.com\\\/pt\\\/wp-content\\\/uploads\\\/2020\\\/03\\\/zf-reman-uebersicht-vorteile-leistungen_text_image_50_large_560px_no_ratio.jpg\",\"datePublished\":\"2020-03-02T16:42:19+00:00\",\"breadcrumb\":{\"@id\":\"https:\\\/\\\/jornaldasoficinas.com\\\/pt\\\/ja-conhecia-o-programa-de-reconstrucao-da-zf-aftermarket\\\/#breadcrumb\"},\"inLanguage\":\"pt-PT\",\"potentialAction\":[{\"@type\":\"ReadAction\",\"target\":[\"https:\\\/\\\/jornaldasoficinas.com\\\/pt\\\/ja-conhecia-o-programa-de-reconstrucao-da-zf-aftermarket\\\/\"]}]},{\"@type\":\"ImageObject\",\"inLanguage\":\"pt-PT\",\"@id\":\"https:\\\/\\\/jornaldasoficinas.com\\\/pt\\\/ja-conhecia-o-programa-de-reconstrucao-da-zf-aftermarket\\\/#primaryimage\",\"url\":\"https:\\\/\\\/jornaldasoficinas.com\\\/pt\\\/wp-content\\\/uploads\\\/2020\\\/03\\\/zf-reman-uebersicht-vorteile-leistungen_text_image_50_large_560px_no_ratio.jpg\",\"contentUrl\":\"https:\\\/\\\/jornaldasoficinas.com\\\/pt\\\/wp-content\\\/uploads\\\/2020\\\/03\\\/zf-reman-uebersicht-vorteile-leistungen_text_image_50_large_560px_no_ratio.jpg\",\"width\":1024,\"height\":580,\"caption\":\"03 - zf-reman-uebersicht-vorteile-leistungen_text_image_50_large_560px_no_ratio\"},{\"@type\":\"BreadcrumbList\",\"@id\":\"https:\\\/\\\/jornaldasoficinas.com\\\/pt\\\/ja-conhecia-o-programa-de-reconstrucao-da-zf-aftermarket\\\/#breadcrumb\",\"itemListElement\":[{\"@type\":\"ListItem\",\"position\":1,\"name\":\"In\u00edcio\",\"item\":\"https:\\\/\\\/jornaldasoficinas.com\\\/pt\\\/\"},{\"@type\":\"ListItem\",\"position\":2,\"name\":\"J\u00e1 conhecia o Programa de reconstru\u00e7\u00e3o da ZF Aftermarket?\"}]},{\"@type\":\"WebSite\",\"@id\":\"https:\\\/\\\/jornaldasoficinas.com\\\/pt\\\/#website\",\"url\":\"https:\\\/\\\/jornaldasoficinas.com\\\/pt\\\/\",\"name\":\"Jornal das Oficinas\",\"description\":\"Jornal independente do Aftermarket Autom\u00f3vel em Portugal\",\"publisher\":{\"@id\":\"https:\\\/\\\/jornaldasoficinas.com\\\/pt\\\/#organization\"},\"potentialAction\":[{\"@type\":\"SearchAction\",\"target\":{\"@type\":\"EntryPoint\",\"urlTemplate\":\"https:\\\/\\\/jornaldasoficinas.com\\\/pt\\\/?s={search_term_string}\"},\"query-input\":{\"@type\":\"PropertyValueSpecification\",\"valueRequired\":true,\"valueName\":\"search_term_string\"}}],\"inLanguage\":\"pt-PT\"},{\"@type\":\"Organization\",\"@id\":\"https:\\\/\\\/jornaldasoficinas.com\\\/pt\\\/#organization\",\"name\":\"Jornal das Oficinas\",\"url\":\"https:\\\/\\\/jornaldasoficinas.com\\\/pt\\\/\",\"logo\":{\"@type\":\"ImageObject\",\"inLanguage\":\"pt-PT\",\"@id\":\"https:\\\/\\\/jornaldasoficinas.com\\\/pt\\\/#\\\/schema\\\/logo\\\/image\\\/\",\"url\":\"https:\\\/\\\/jornaldasoficinas.com\\\/pt\\\/wp-content\\\/uploads\\\/logoJO-SEO.png\",\"contentUrl\":\"https:\\\/\\\/jornaldasoficinas.com\\\/pt\\\/wp-content\\\/uploads\\\/logoJO-SEO.png\",\"width\":285,\"height\":450,\"caption\":\"Jornal das Oficinas\"},\"image\":{\"@id\":\"https:\\\/\\\/jornaldasoficinas.com\\\/pt\\\/#\\\/schema\\\/logo\\\/image\\\/\"},\"sameAs\":[\"https:\\\/\\\/www.facebook.com\\\/jornaloficinas\",\"https:\\\/\\\/x.com\\\/jornaloficinas\",\"https:\\\/\\\/www.instagram.com\\\/jornal_oficinas\\\/\",\"https:\\\/\\\/www.linkedin.com\\\/company\\\/jornal-das-oficinas\\\/\",\"https:\\\/\\\/www.youtube.com\\\/channel\\\/UCbQZBqtcvV-oSQrr7RzINGg\"]},{\"@type\":\"Person\",\"@id\":\"https:\\\/\\\/jornaldasoficinas.com\\\/pt\\\/#\\\/schema\\\/person\\\/a38eef5de2c41d9e7c9ac10141afddf3\",\"name\":\"Reda\u00e7\u00e3o JO\",\"image\":{\"@type\":\"ImageObject\",\"inLanguage\":\"pt-PT\",\"@id\":\"https:\\\/\\\/secure.gravatar.com\\\/avatar\\\/71f2fa71737ad68a84fea94bc708ddac8ea5b0c4788dc2ad202f3ccb2887742f?s=96&d=wp_user_avatar&r=g\",\"url\":\"https:\\\/\\\/secure.gravatar.com\\\/avatar\\\/71f2fa71737ad68a84fea94bc708ddac8ea5b0c4788dc2ad202f3ccb2887742f?s=96&d=wp_user_avatar&r=g\",\"contentUrl\":\"https:\\\/\\\/secure.gravatar.com\\\/avatar\\\/71f2fa71737ad68a84fea94bc708ddac8ea5b0c4788dc2ad202f3ccb2887742f?s=96&d=wp_user_avatar&r=g\",\"caption\":\"Reda\u00e7\u00e3o JO\"},\"url\":\"https:\\\/\\\/jornaldasoficinas.com\\\/pt\\\/author\\\/joredacao\\\/\"}]}<\/script>\n<!-- \/ Yoast SEO plugin. -->","yoast_head_json":{"title":"J\u00e1 conhecia o Programa de reconstru\u00e7\u00e3o da ZF Aftermarket? - Jornal das Oficinas","robots":{"index":"index","follow":"follow","max-snippet":"max-snippet:-1","max-image-preview":"max-image-preview:large","max-video-preview":"max-video-preview:-1"},"canonical":"https:\/\/jornaldasoficinas.com\/pt\/ja-conhecia-o-programa-de-reconstrucao-da-zf-aftermarket\/","og_locale":"pt_PT","og_type":"article","og_title":"J\u00e1 conhecia o Programa de reconstru\u00e7\u00e3o da ZF Aftermarket? - Jornal das Oficinas","og_description":"O programa de reconstru\u00e7\u00e3o da ZF...","og_url":"https:\/\/jornaldasoficinas.com\/pt\/ja-conhecia-o-programa-de-reconstrucao-da-zf-aftermarket\/","og_site_name":"Jornal das Oficinas","article_publisher":"https:\/\/www.facebook.com\/jornaloficinas","article_published_time":"2020-03-02T16:42:19+00:00","og_image":[{"width":1024,"height":580,"url":"https:\/\/jornaldasoficinas.com\/pt\/wp-content\/uploads\/2020\/03\/zf-reman-uebersicht-vorteile-leistungen_text_image_50_large_560px_no_ratio.jpg","type":"image\/jpeg"}],"author":"Reda\u00e7\u00e3o JO","twitter_card":"summary_large_image","twitter_creator":"@jornaloficinas","twitter_site":"@jornaloficinas","twitter_misc":{"Escrito por":"Reda\u00e7\u00e3o JO","Tempo estimado de leitura":"1 minuto"},"schema":{"@context":"https:\/\/schema.org","@graph":[{"@type":"Article","@id":"https:\/\/jornaldasoficinas.com\/pt\/ja-conhecia-o-programa-de-reconstrucao-da-zf-aftermarket\/#article","isPartOf":{"@id":"https:\/\/jornaldasoficinas.com\/pt\/ja-conhecia-o-programa-de-reconstrucao-da-zf-aftermarket\/"},"author":{"name":"Reda\u00e7\u00e3o JO","@id":"https:\/\/jornaldasoficinas.com\/pt\/#\/schema\/person\/a38eef5de2c41d9e7c9ac10141afddf3"},"headline":"J\u00e1 conhecia o Programa de reconstru\u00e7\u00e3o da ZF Aftermarket?","datePublished":"2020-03-02T16:42:19+00:00","mainEntityOfPage":{"@id":"https:\/\/jornaldasoficinas.com\/pt\/ja-conhecia-o-programa-de-reconstrucao-da-zf-aftermarket\/"},"wordCount":257,"publisher":{"@id":"https:\/\/jornaldasoficinas.com\/pt\/#organization"},"image":{"@id":"https:\/\/jornaldasoficinas.com\/pt\/ja-conhecia-o-programa-de-reconstrucao-da-zf-aftermarket\/#primaryimage"},"thumbnailUrl":"https:\/\/jornaldasoficinas.com\/pt\/wp-content\/uploads\/2020\/03\/zf-reman-uebersicht-vorteile-leistungen_text_image_50_large_560px_no_ratio.jpg","keywords":["Economia Circular","Reconstru\u00e7\u00e3o de pe\u00e7as","ZF Aftermarket"],"articleSection":["Empresas"],"inLanguage":"pt-PT"},{"@type":"WebPage","@id":"https:\/\/jornaldasoficinas.com\/pt\/ja-conhecia-o-programa-de-reconstrucao-da-zf-aftermarket\/","url":"https:\/\/jornaldasoficinas.com\/pt\/ja-conhecia-o-programa-de-reconstrucao-da-zf-aftermarket\/","name":"J\u00e1 conhecia o Programa de reconstru\u00e7\u00e3o da ZF Aftermarket? - Jornal das Oficinas","isPartOf":{"@id":"https:\/\/jornaldasoficinas.com\/pt\/#website"},"primaryImageOfPage":{"@id":"https:\/\/jornaldasoficinas.com\/pt\/ja-conhecia-o-programa-de-reconstrucao-da-zf-aftermarket\/#primaryimage"},"image":{"@id":"https:\/\/jornaldasoficinas.com\/pt\/ja-conhecia-o-programa-de-reconstrucao-da-zf-aftermarket\/#primaryimage"},"thumbnailUrl":"https:\/\/jornaldasoficinas.com\/pt\/wp-content\/uploads\/2020\/03\/zf-reman-uebersicht-vorteile-leistungen_text_image_50_large_560px_no_ratio.jpg","datePublished":"2020-03-02T16:42:19+00:00","breadcrumb":{"@id":"https:\/\/jornaldasoficinas.com\/pt\/ja-conhecia-o-programa-de-reconstrucao-da-zf-aftermarket\/#breadcrumb"},"inLanguage":"pt-PT","potentialAction":[{"@type":"ReadAction","target":["https:\/\/jornaldasoficinas.com\/pt\/ja-conhecia-o-programa-de-reconstrucao-da-zf-aftermarket\/"]}]},{"@type":"ImageObject","inLanguage":"pt-PT","@id":"https:\/\/jornaldasoficinas.com\/pt\/ja-conhecia-o-programa-de-reconstrucao-da-zf-aftermarket\/#primaryimage","url":"https:\/\/jornaldasoficinas.com\/pt\/wp-content\/uploads\/2020\/03\/zf-reman-uebersicht-vorteile-leistungen_text_image_50_large_560px_no_ratio.jpg","contentUrl":"https:\/\/jornaldasoficinas.com\/pt\/wp-content\/uploads\/2020\/03\/zf-reman-uebersicht-vorteile-leistungen_text_image_50_large_560px_no_ratio.jpg","width":1024,"height":580,"caption":"03 - zf-reman-uebersicht-vorteile-leistungen_text_image_50_large_560px_no_ratio"},{"@type":"BreadcrumbList","@id":"https:\/\/jornaldasoficinas.com\/pt\/ja-conhecia-o-programa-de-reconstrucao-da-zf-aftermarket\/#breadcrumb","itemListElement":[{"@type":"ListItem","position":1,"name":"In\u00edcio","item":"https:\/\/jornaldasoficinas.com\/pt\/"},{"@type":"ListItem","position":2,"name":"J\u00e1 conhecia o Programa de reconstru\u00e7\u00e3o da ZF Aftermarket?"}]},{"@type":"WebSite","@id":"https:\/\/jornaldasoficinas.com\/pt\/#website","url":"https:\/\/jornaldasoficinas.com\/pt\/","name":"Jornal das Oficinas","description":"Jornal independente do Aftermarket Autom\u00f3vel em Portugal","publisher":{"@id":"https:\/\/jornaldasoficinas.com\/pt\/#organization"},"potentialAction":[{"@type":"SearchAction","target":{"@type":"EntryPoint","urlTemplate":"https:\/\/jornaldasoficinas.com\/pt\/?s={search_term_string}"},"query-input":{"@type":"PropertyValueSpecification","valueRequired":true,"valueName":"search_term_string"}}],"inLanguage":"pt-PT"},{"@type":"Organization","@id":"https:\/\/jornaldasoficinas.com\/pt\/#organization","name":"Jornal das Oficinas","url":"https:\/\/jornaldasoficinas.com\/pt\/","logo":{"@type":"ImageObject","inLanguage":"pt-PT","@id":"https:\/\/jornaldasoficinas.com\/pt\/#\/schema\/logo\/image\/","url":"https:\/\/jornaldasoficinas.com\/pt\/wp-content\/uploads\/logoJO-SEO.png","contentUrl":"https:\/\/jornaldasoficinas.com\/pt\/wp-content\/uploads\/logoJO-SEO.png","width":285,"height":450,"caption":"Jornal das Oficinas"},"image":{"@id":"https:\/\/jornaldasoficinas.com\/pt\/#\/schema\/logo\/image\/"},"sameAs":["https:\/\/www.facebook.com\/jornaloficinas","https:\/\/x.com\/jornaloficinas","https:\/\/www.instagram.com\/jornal_oficinas\/","https:\/\/www.linkedin.com\/company\/jornal-das-oficinas\/","https:\/\/www.youtube.com\/channel\/UCbQZBqtcvV-oSQrr7RzINGg"]},{"@type":"Person","@id":"https:\/\/jornaldasoficinas.com\/pt\/#\/schema\/person\/a38eef5de2c41d9e7c9ac10141afddf3","name":"Reda\u00e7\u00e3o JO","image":{"@type":"ImageObject","inLanguage":"pt-PT","@id":"https:\/\/secure.gravatar.com\/avatar\/71f2fa71737ad68a84fea94bc708ddac8ea5b0c4788dc2ad202f3ccb2887742f?s=96&d=wp_user_avatar&r=g","url":"https:\/\/secure.gravatar.com\/avatar\/71f2fa71737ad68a84fea94bc708ddac8ea5b0c4788dc2ad202f3ccb2887742f?s=96&d=wp_user_avatar&r=g","contentUrl":"https:\/\/secure.gravatar.com\/avatar\/71f2fa71737ad68a84fea94bc708ddac8ea5b0c4788dc2ad202f3ccb2887742f?s=96&d=wp_user_avatar&r=g","caption":"Reda\u00e7\u00e3o JO"},"url":"https:\/\/jornaldasoficinas.com\/pt\/author\/joredacao\/"}]}},"_links":{"self":[{"href":"https:\/\/jornaldasoficinas.com\/pt\/wp-json\/wp\/v2\/posts\/10317","targetHints":{"allow":["GET"]}}],"collection":[{"href":"https:\/\/jornaldasoficinas.com\/pt\/wp-json\/wp\/v2\/posts"}],"about":[{"href":"https:\/\/jornaldasoficinas.com\/pt\/wp-json\/wp\/v2\/types\/post"}],"author":[{"embeddable":true,"href":"https:\/\/jornaldasoficinas.com\/pt\/wp-json\/wp\/v2\/users\/15"}],"replies":[{"embeddable":true,"href":"https:\/\/jornaldasoficinas.com\/pt\/wp-json\/wp\/v2\/comments?post=10317"}],"version-history":[{"count":0,"href":"https:\/\/jornaldasoficinas.com\/pt\/wp-json\/wp\/v2\/posts\/10317\/revisions"}],"wp:featuredmedia":[{"embeddable":true,"href":"https:\/\/jornaldasoficinas.com\/pt\/wp-json\/wp\/v2\/media\/10316"}],"wp:attachment":[{"href":"https:\/\/jornaldasoficinas.com\/pt\/wp-json\/wp\/v2\/media?parent=10317"}],"wp:term":[{"taxonomy":"category","embeddable":true,"href":"https:\/\/jornaldasoficinas.com\/pt\/wp-json\/wp\/v2\/categories?post=10317"},{"taxonomy":"post_tag","embeddable":true,"href":"https:\/\/jornaldasoficinas.com\/pt\/wp-json\/wp\/v2\/tags?post=10317"}],"curies":[{"name":"wp","href":"https:\/\/api.w.org\/{rel}","templated":true}]}}