{"id":10326,"date":"2020-03-02T17:34:36","date_gmt":"2020-03-02T17:34:36","guid":{"rendered":"https:\/\/jornaldasoficinas.com\/pt\/?p=10326"},"modified":"2020-03-02T17:34:36","modified_gmt":"2020-03-02T17:34:36","slug":"trazendo-luz-a-vida-e-este-o-compromisso-da-osram","status":"publish","type":"post","link":"https:\/\/jornaldasoficinas.com\/pt\/trazendo-luz-a-vida-e-este-o-compromisso-da-osram\/","title":{"rendered":"Trazendo luz a\u0300 vida: \u00e9 este o compromisso da OSRAM"},"content":{"rendered":"<p><img loading=\"lazy\" decoding=\"async\" class=\"alignnone wp-image-10325 size-full\" src=\"https:\/\/jornaldasoficinas.com\/pt\/wp-content\/uploads\/2020\/03\/osramluzvida.png\" alt=\"03 - osramluzvida\" width=\"1024\" height=\"581\" srcset=\"https:\/\/jornaldasoficinas.com\/pt\/wp-content\/uploads\/2020\/03\/osramluzvida.png 1024w, https:\/\/jornaldasoficinas.com\/pt\/wp-content\/uploads\/2020\/03\/osramluzvida-300x170.png 300w, https:\/\/jornaldasoficinas.com\/pt\/wp-content\/uploads\/2020\/03\/osramluzvida-150x85.png 150w, https:\/\/jornaldasoficinas.com\/pt\/wp-content\/uploads\/2020\/03\/osramluzvida-768x436.png 768w\" sizes=\"auto, (max-width: 1024px) 100vw, 1024px\" \/><\/p>\n<p><strong>A OSRAM sabe que existem muitas opc\u0327o\u0303es quando se trata de iluminac\u0327a\u0303o para os milho\u0303es de ve\u00edculos que est\u00e3o a circular. Por isso, pretende fortalecer a sua posic\u0327a\u0303o como n\u00famero um, deixando claro que o cliente tem o direito de exigir o melhor.<\/strong><\/p>\n<p>A OSRAM e\u0301 li\u0301der mundial em tecnologia de iluminac\u0327a\u0303o automo\u0301vel. A escolha de produtos, a tecnologia avanc\u0327ada e os benefi\u0301cios para uma ampla gama de utilizadores finais torna-a na escolha nu\u0301mero um em todo o mundo.<\/p>\n<p>\u201cMas sa\u0303o as vantagens emocionais dos nossos produtos que os tornam realmente atrativos. A emoc\u0327a\u0303o de saber que a diversa\u0303o na\u0303o precisa de parar so\u0301 porque o sol se po\u0302s. A seguranc\u0327a de saber que pode ver de longe enquanto a sua fami\u0301lia dorme profundamente ao seu lado\u201d, pode ler-se no comunicado enviado \u00e0 nossa reda\u00e7\u00e3o.<\/p>\n<p>O mesmo documento refere ainda \u201ca emoc\u0327a\u0303o de dar vida nova ao seu ve\u00edculo fiel e veterano\u201d. E vai mais longe: \u201cVeja a vida sob uma luz completamente diferente. Com a OSRAM, pode reescrever as regras do que pode esperar do seu vei\u0301culo. E\u0301 um desempenho excecional, uma este\u0301tica atrativa e luzes da mais alta qualidade que esta\u0303o a\u0300 sua disposic\u0327a\u0303o para desfrutar. Agora, a noite e\u0301 o que voce\u0302 quiser fazer dela\u201d.<\/p>\n<p>E a inspira\u00e7\u00e3o do comunicado da <a href=\"https:\/\/www.osram.pt\/cb\/\" target=\"_blank\" rel=\"noopener noreferrer\">OSRAM<\/a> n\u00e3o para: \u201c\u00c9 o efeito libertador de saber que pode ir a qualquer lugar que mostre o caminho e ale\u0301m. Com a OSRAM, uma variedade de recursos, formas e feixes de luz permitem iluminar, intensamente, os cantos mais escuros, transformando a noite num mundo de possibilidades. Onde quer que a vida o leve, a OSRAM estara\u0301 la\u0301 para iluminar o seu caminho\u201d.<\/p>\n<p>A terminar, a nota de imprensa refere: \u201cVeja a vida sob uma luz completamente diferente. Reescrevemos as regras da conduc\u0327a\u0303o noturna ha\u0301 mais de 110 anos. Portanto, pode descansar, com a seguranc\u0327a de saber que ver a estrada que nos espera significa que pode reagir muito mais cedo aos obsta\u0301culos. Com um histo\u0301rico de tecnologia pioneira e um futuro cheio de inovac\u0327o\u0303es que esta\u0303o a mudar as regras, pode confiar no desempenho comprovado das fami\u0301lias de produtos OSRAM\u201d.<\/p>\n<p>Os produtos da OSRAM na\u0303o apenas da\u0303o resposta aos requisitos de qualidade de acordo com a ECE, mas superam-nos. O compromisso da marca com a inovac\u0327a\u0303o constante centra-se no desenvolvimento de soluc\u0327o\u0303es de iluminac\u0327a\u0303o automo\u0301vel de qualidade que melhoram a visibilidade do condutor e a de todos os utilizadores da estrada.<\/p>\n<p>Os te\u0301cnicos e engenheiros da OSRAM dedicam-se a\u0300 pesquisa e desenvolvimento de novas tecnologias de iluminac\u0327a\u0303o. O seu sistema de gesta\u0303o de qualidade certificado garante soluc\u0327o\u0303es inteligentes de iluminac\u0327a\u0303o e qualidade intransigente do produto. A marca dedica-se ao desenvolvimento de produtos que definem a indu\u0301stria.<\/p>\n<p>Projetados para exceder os mais elevados padro\u0303es, os produtos da OSRAM s\u00e3o reconhecidos internacionalmente por oferecerem as mais recentes soluc\u0327o\u0303es de iluminac\u0327a\u0303o, permitindo que condutor e passageiros aproveitem a noite como quiserem. O portefo\u0301lio de produtos de iluminac\u0327a\u0303o automo\u0301vel da marca esta\u0301 em constante evoluc\u0327a\u0303o, incluindo produtos de LED, Xe\u0301non e haloge\u0301neo.<\/p>\n<p>\u201cPode confiar na OSRAM para fornecer a mais ampla gama de soluc\u0327o\u0303es de iluminac\u0327a\u0303o para automo\u0301veis, de modo a guia\u0301-lo no caminho que voce\u0302 escolher\u201d, conclui o comunicado.<\/p>\n<p>Mais informa\u00e7\u00f5es, podem ser obtidas <a href=\"https:\/\/www.osram.pt\/am\/campaigns\/bringing-light-to-life\/index.jsp?mkt=\/trazendoluzavida\/\" target=\"_blank\" rel=\"noopener noreferrer\">aqui<\/a>.<\/p>\n","protected":false},"excerpt":{"rendered":"<p>A OSRAM sabe que existem muitas&#8230;<\/p>\n","protected":false},"author":15,"featured_media":10325,"comment_status":"closed","ping_status":"closed","sticky":false,"template":"","format":"standard","meta":{"footnotes":""},"categories":[29],"tags":[407,60],"class_list":["post-10326","post","type-post","status-publish","format-standard","has-post-thumbnail","hentry","category-empresas","tag-iluminacao","tag-osram"],"yoast_head":"<!-- This site is optimized with the Yoast SEO plugin v27.5 - https:\/\/yoast.com\/product\/yoast-seo-wordpress\/ -->\n<title>Trazendo luz a\u0300 vida: \u00e9 este o compromisso da OSRAM - Jornal das Oficinas<\/title>\n<meta name=\"robots\" content=\"index, follow, max-snippet:-1, max-image-preview:large, max-video-preview:-1\" \/>\n<link rel=\"canonical\" href=\"https:\/\/jornaldasoficinas.com\/pt\/trazendo-luz-a-vida-e-este-o-compromisso-da-osram\/\" \/>\n<meta property=\"og:locale\" content=\"pt_PT\" \/>\n<meta property=\"og:type\" content=\"article\" \/>\n<meta property=\"og:title\" content=\"Trazendo luz a\u0300 vida: \u00e9 este o compromisso da OSRAM - Jornal das Oficinas\" \/>\n<meta property=\"og:description\" content=\"A OSRAM sabe que existem muitas...\" \/>\n<meta property=\"og:url\" content=\"https:\/\/jornaldasoficinas.com\/pt\/trazendo-luz-a-vida-e-este-o-compromisso-da-osram\/\" \/>\n<meta property=\"og:site_name\" content=\"Jornal das Oficinas\" \/>\n<meta property=\"article:publisher\" content=\"https:\/\/www.facebook.com\/jornaloficinas\" \/>\n<meta property=\"article:published_time\" content=\"2020-03-02T17:34:36+00:00\" \/>\n<meta property=\"og:image\" content=\"https:\/\/jornaldasoficinas.com\/pt\/wp-content\/uploads\/2020\/03\/osramluzvida.png\" \/>\n\t<meta property=\"og:image:width\" content=\"1024\" \/>\n\t<meta property=\"og:image:height\" content=\"581\" \/>\n\t<meta property=\"og:image:type\" content=\"image\/png\" \/>\n<meta name=\"author\" content=\"Reda\u00e7\u00e3o JO\" \/>\n<meta name=\"twitter:card\" content=\"summary_large_image\" \/>\n<meta name=\"twitter:creator\" content=\"@jornaloficinas\" \/>\n<meta name=\"twitter:site\" content=\"@jornaloficinas\" \/>\n<meta name=\"twitter:label1\" content=\"Escrito por\" \/>\n\t<meta name=\"twitter:data1\" content=\"Reda\u00e7\u00e3o JO\" \/>\n\t<meta name=\"twitter:label2\" content=\"Tempo estimado de leitura\" \/>\n\t<meta name=\"twitter:data2\" content=\"3 minutos\" \/>\n<script type=\"application\/ld+json\" class=\"yoast-schema-graph\">{\"@context\":\"https:\\\/\\\/schema.org\",\"@graph\":[{\"@type\":\"Article\",\"@id\":\"https:\\\/\\\/jornaldasoficinas.com\\\/pt\\\/trazendo-luz-a-vida-e-este-o-compromisso-da-osram\\\/#article\",\"isPartOf\":{\"@id\":\"https:\\\/\\\/jornaldasoficinas.com\\\/pt\\\/trazendo-luz-a-vida-e-este-o-compromisso-da-osram\\\/\"},\"author\":{\"name\":\"Reda\u00e7\u00e3o JO\",\"@id\":\"https:\\\/\\\/jornaldasoficinas.com\\\/pt\\\/#\\\/schema\\\/person\\\/a38eef5de2c41d9e7c9ac10141afddf3\"},\"headline\":\"Trazendo luz a\u0300 vida: \u00e9 este o compromisso da OSRAM\",\"datePublished\":\"2020-03-02T17:34:36+00:00\",\"mainEntityOfPage\":{\"@id\":\"https:\\\/\\\/jornaldasoficinas.com\\\/pt\\\/trazendo-luz-a-vida-e-este-o-compromisso-da-osram\\\/\"},\"wordCount\":628,\"publisher\":{\"@id\":\"https:\\\/\\\/jornaldasoficinas.com\\\/pt\\\/#organization\"},\"image\":{\"@id\":\"https:\\\/\\\/jornaldasoficinas.com\\\/pt\\\/trazendo-luz-a-vida-e-este-o-compromisso-da-osram\\\/#primaryimage\"},\"thumbnailUrl\":\"https:\\\/\\\/jornaldasoficinas.com\\\/pt\\\/wp-content\\\/uploads\\\/2020\\\/03\\\/osramluzvida.png\",\"keywords\":[\"Ilumina\u00e7\u00e3o\",\"OSRAM\"],\"articleSection\":[\"Empresas\"],\"inLanguage\":\"pt-PT\"},{\"@type\":\"WebPage\",\"@id\":\"https:\\\/\\\/jornaldasoficinas.com\\\/pt\\\/trazendo-luz-a-vida-e-este-o-compromisso-da-osram\\\/\",\"url\":\"https:\\\/\\\/jornaldasoficinas.com\\\/pt\\\/trazendo-luz-a-vida-e-este-o-compromisso-da-osram\\\/\",\"name\":\"Trazendo luz a\u0300 vida: \u00e9 este o compromisso da OSRAM - Jornal das Oficinas\",\"isPartOf\":{\"@id\":\"https:\\\/\\\/jornaldasoficinas.com\\\/pt\\\/#website\"},\"primaryImageOfPage\":{\"@id\":\"https:\\\/\\\/jornaldasoficinas.com\\\/pt\\\/trazendo-luz-a-vida-e-este-o-compromisso-da-osram\\\/#primaryimage\"},\"image\":{\"@id\":\"https:\\\/\\\/jornaldasoficinas.com\\\/pt\\\/trazendo-luz-a-vida-e-este-o-compromisso-da-osram\\\/#primaryimage\"},\"thumbnailUrl\":\"https:\\\/\\\/jornaldasoficinas.com\\\/pt\\\/wp-content\\\/uploads\\\/2020\\\/03\\\/osramluzvida.png\",\"datePublished\":\"2020-03-02T17:34:36+00:00\",\"breadcrumb\":{\"@id\":\"https:\\\/\\\/jornaldasoficinas.com\\\/pt\\\/trazendo-luz-a-vida-e-este-o-compromisso-da-osram\\\/#breadcrumb\"},\"inLanguage\":\"pt-PT\",\"potentialAction\":[{\"@type\":\"ReadAction\",\"target\":[\"https:\\\/\\\/jornaldasoficinas.com\\\/pt\\\/trazendo-luz-a-vida-e-este-o-compromisso-da-osram\\\/\"]}]},{\"@type\":\"ImageObject\",\"inLanguage\":\"pt-PT\",\"@id\":\"https:\\\/\\\/jornaldasoficinas.com\\\/pt\\\/trazendo-luz-a-vida-e-este-o-compromisso-da-osram\\\/#primaryimage\",\"url\":\"https:\\\/\\\/jornaldasoficinas.com\\\/pt\\\/wp-content\\\/uploads\\\/2020\\\/03\\\/osramluzvida.png\",\"contentUrl\":\"https:\\\/\\\/jornaldasoficinas.com\\\/pt\\\/wp-content\\\/uploads\\\/2020\\\/03\\\/osramluzvida.png\",\"width\":1024,\"height\":581,\"caption\":\"03 - osramluzvida\"},{\"@type\":\"BreadcrumbList\",\"@id\":\"https:\\\/\\\/jornaldasoficinas.com\\\/pt\\\/trazendo-luz-a-vida-e-este-o-compromisso-da-osram\\\/#breadcrumb\",\"itemListElement\":[{\"@type\":\"ListItem\",\"position\":1,\"name\":\"In\u00edcio\",\"item\":\"https:\\\/\\\/jornaldasoficinas.com\\\/pt\\\/\"},{\"@type\":\"ListItem\",\"position\":2,\"name\":\"Trazendo luz a\u0300 vida: \u00e9 este o compromisso da OSRAM\"}]},{\"@type\":\"WebSite\",\"@id\":\"https:\\\/\\\/jornaldasoficinas.com\\\/pt\\\/#website\",\"url\":\"https:\\\/\\\/jornaldasoficinas.com\\\/pt\\\/\",\"name\":\"Jornal das Oficinas\",\"description\":\"Jornal independente do Aftermarket Autom\u00f3vel em Portugal\",\"publisher\":{\"@id\":\"https:\\\/\\\/jornaldasoficinas.com\\\/pt\\\/#organization\"},\"potentialAction\":[{\"@type\":\"SearchAction\",\"target\":{\"@type\":\"EntryPoint\",\"urlTemplate\":\"https:\\\/\\\/jornaldasoficinas.com\\\/pt\\\/?s={search_term_string}\"},\"query-input\":{\"@type\":\"PropertyValueSpecification\",\"valueRequired\":true,\"valueName\":\"search_term_string\"}}],\"inLanguage\":\"pt-PT\"},{\"@type\":\"Organization\",\"@id\":\"https:\\\/\\\/jornaldasoficinas.com\\\/pt\\\/#organization\",\"name\":\"Jornal das Oficinas\",\"url\":\"https:\\\/\\\/jornaldasoficinas.com\\\/pt\\\/\",\"logo\":{\"@type\":\"ImageObject\",\"inLanguage\":\"pt-PT\",\"@id\":\"https:\\\/\\\/jornaldasoficinas.com\\\/pt\\\/#\\\/schema\\\/logo\\\/image\\\/\",\"url\":\"https:\\\/\\\/jornaldasoficinas.com\\\/pt\\\/wp-content\\\/uploads\\\/logoJO-SEO.png\",\"contentUrl\":\"https:\\\/\\\/jornaldasoficinas.com\\\/pt\\\/wp-content\\\/uploads\\\/logoJO-SEO.png\",\"width\":285,\"height\":450,\"caption\":\"Jornal das Oficinas\"},\"image\":{\"@id\":\"https:\\\/\\\/jornaldasoficinas.com\\\/pt\\\/#\\\/schema\\\/logo\\\/image\\\/\"},\"sameAs\":[\"https:\\\/\\\/www.facebook.com\\\/jornaloficinas\",\"https:\\\/\\\/x.com\\\/jornaloficinas\",\"https:\\\/\\\/www.instagram.com\\\/jornal_oficinas\\\/\",\"https:\\\/\\\/www.linkedin.com\\\/company\\\/jornal-das-oficinas\\\/\",\"https:\\\/\\\/www.youtube.com\\\/channel\\\/UCbQZBqtcvV-oSQrr7RzINGg\"]},{\"@type\":\"Person\",\"@id\":\"https:\\\/\\\/jornaldasoficinas.com\\\/pt\\\/#\\\/schema\\\/person\\\/a38eef5de2c41d9e7c9ac10141afddf3\",\"name\":\"Reda\u00e7\u00e3o JO\",\"image\":{\"@type\":\"ImageObject\",\"inLanguage\":\"pt-PT\",\"@id\":\"https:\\\/\\\/secure.gravatar.com\\\/avatar\\\/71f2fa71737ad68a84fea94bc708ddac8ea5b0c4788dc2ad202f3ccb2887742f?s=96&d=wp_user_avatar&r=g\",\"url\":\"https:\\\/\\\/secure.gravatar.com\\\/avatar\\\/71f2fa71737ad68a84fea94bc708ddac8ea5b0c4788dc2ad202f3ccb2887742f?s=96&d=wp_user_avatar&r=g\",\"contentUrl\":\"https:\\\/\\\/secure.gravatar.com\\\/avatar\\\/71f2fa71737ad68a84fea94bc708ddac8ea5b0c4788dc2ad202f3ccb2887742f?s=96&d=wp_user_avatar&r=g\",\"caption\":\"Reda\u00e7\u00e3o JO\"},\"url\":\"https:\\\/\\\/jornaldasoficinas.com\\\/pt\\\/author\\\/joredacao\\\/\"}]}<\/script>\n<!-- \/ Yoast SEO plugin. -->","yoast_head_json":{"title":"Trazendo luz a\u0300 vida: \u00e9 este o compromisso da OSRAM - Jornal das Oficinas","robots":{"index":"index","follow":"follow","max-snippet":"max-snippet:-1","max-image-preview":"max-image-preview:large","max-video-preview":"max-video-preview:-1"},"canonical":"https:\/\/jornaldasoficinas.com\/pt\/trazendo-luz-a-vida-e-este-o-compromisso-da-osram\/","og_locale":"pt_PT","og_type":"article","og_title":"Trazendo luz a\u0300 vida: \u00e9 este o compromisso da OSRAM - Jornal das Oficinas","og_description":"A OSRAM sabe que existem muitas...","og_url":"https:\/\/jornaldasoficinas.com\/pt\/trazendo-luz-a-vida-e-este-o-compromisso-da-osram\/","og_site_name":"Jornal das Oficinas","article_publisher":"https:\/\/www.facebook.com\/jornaloficinas","article_published_time":"2020-03-02T17:34:36+00:00","og_image":[{"width":1024,"height":581,"url":"https:\/\/jornaldasoficinas.com\/pt\/wp-content\/uploads\/2020\/03\/osramluzvida.png","type":"image\/png"}],"author":"Reda\u00e7\u00e3o JO","twitter_card":"summary_large_image","twitter_creator":"@jornaloficinas","twitter_site":"@jornaloficinas","twitter_misc":{"Escrito por":"Reda\u00e7\u00e3o JO","Tempo estimado de leitura":"3 minutos"},"schema":{"@context":"https:\/\/schema.org","@graph":[{"@type":"Article","@id":"https:\/\/jornaldasoficinas.com\/pt\/trazendo-luz-a-vida-e-este-o-compromisso-da-osram\/#article","isPartOf":{"@id":"https:\/\/jornaldasoficinas.com\/pt\/trazendo-luz-a-vida-e-este-o-compromisso-da-osram\/"},"author":{"name":"Reda\u00e7\u00e3o JO","@id":"https:\/\/jornaldasoficinas.com\/pt\/#\/schema\/person\/a38eef5de2c41d9e7c9ac10141afddf3"},"headline":"Trazendo luz a\u0300 vida: \u00e9 este o compromisso da OSRAM","datePublished":"2020-03-02T17:34:36+00:00","mainEntityOfPage":{"@id":"https:\/\/jornaldasoficinas.com\/pt\/trazendo-luz-a-vida-e-este-o-compromisso-da-osram\/"},"wordCount":628,"publisher":{"@id":"https:\/\/jornaldasoficinas.com\/pt\/#organization"},"image":{"@id":"https:\/\/jornaldasoficinas.com\/pt\/trazendo-luz-a-vida-e-este-o-compromisso-da-osram\/#primaryimage"},"thumbnailUrl":"https:\/\/jornaldasoficinas.com\/pt\/wp-content\/uploads\/2020\/03\/osramluzvida.png","keywords":["Ilumina\u00e7\u00e3o","OSRAM"],"articleSection":["Empresas"],"inLanguage":"pt-PT"},{"@type":"WebPage","@id":"https:\/\/jornaldasoficinas.com\/pt\/trazendo-luz-a-vida-e-este-o-compromisso-da-osram\/","url":"https:\/\/jornaldasoficinas.com\/pt\/trazendo-luz-a-vida-e-este-o-compromisso-da-osram\/","name":"Trazendo luz a\u0300 vida: \u00e9 este o compromisso da OSRAM - Jornal das Oficinas","isPartOf":{"@id":"https:\/\/jornaldasoficinas.com\/pt\/#website"},"primaryImageOfPage":{"@id":"https:\/\/jornaldasoficinas.com\/pt\/trazendo-luz-a-vida-e-este-o-compromisso-da-osram\/#primaryimage"},"image":{"@id":"https:\/\/jornaldasoficinas.com\/pt\/trazendo-luz-a-vida-e-este-o-compromisso-da-osram\/#primaryimage"},"thumbnailUrl":"https:\/\/jornaldasoficinas.com\/pt\/wp-content\/uploads\/2020\/03\/osramluzvida.png","datePublished":"2020-03-02T17:34:36+00:00","breadcrumb":{"@id":"https:\/\/jornaldasoficinas.com\/pt\/trazendo-luz-a-vida-e-este-o-compromisso-da-osram\/#breadcrumb"},"inLanguage":"pt-PT","potentialAction":[{"@type":"ReadAction","target":["https:\/\/jornaldasoficinas.com\/pt\/trazendo-luz-a-vida-e-este-o-compromisso-da-osram\/"]}]},{"@type":"ImageObject","inLanguage":"pt-PT","@id":"https:\/\/jornaldasoficinas.com\/pt\/trazendo-luz-a-vida-e-este-o-compromisso-da-osram\/#primaryimage","url":"https:\/\/jornaldasoficinas.com\/pt\/wp-content\/uploads\/2020\/03\/osramluzvida.png","contentUrl":"https:\/\/jornaldasoficinas.com\/pt\/wp-content\/uploads\/2020\/03\/osramluzvida.png","width":1024,"height":581,"caption":"03 - osramluzvida"},{"@type":"BreadcrumbList","@id":"https:\/\/jornaldasoficinas.com\/pt\/trazendo-luz-a-vida-e-este-o-compromisso-da-osram\/#breadcrumb","itemListElement":[{"@type":"ListItem","position":1,"name":"In\u00edcio","item":"https:\/\/jornaldasoficinas.com\/pt\/"},{"@type":"ListItem","position":2,"name":"Trazendo luz a\u0300 vida: \u00e9 este o compromisso da OSRAM"}]},{"@type":"WebSite","@id":"https:\/\/jornaldasoficinas.com\/pt\/#website","url":"https:\/\/jornaldasoficinas.com\/pt\/","name":"Jornal das Oficinas","description":"Jornal independente do Aftermarket Autom\u00f3vel em Portugal","publisher":{"@id":"https:\/\/jornaldasoficinas.com\/pt\/#organization"},"potentialAction":[{"@type":"SearchAction","target":{"@type":"EntryPoint","urlTemplate":"https:\/\/jornaldasoficinas.com\/pt\/?s={search_term_string}"},"query-input":{"@type":"PropertyValueSpecification","valueRequired":true,"valueName":"search_term_string"}}],"inLanguage":"pt-PT"},{"@type":"Organization","@id":"https:\/\/jornaldasoficinas.com\/pt\/#organization","name":"Jornal das Oficinas","url":"https:\/\/jornaldasoficinas.com\/pt\/","logo":{"@type":"ImageObject","inLanguage":"pt-PT","@id":"https:\/\/jornaldasoficinas.com\/pt\/#\/schema\/logo\/image\/","url":"https:\/\/jornaldasoficinas.com\/pt\/wp-content\/uploads\/logoJO-SEO.png","contentUrl":"https:\/\/jornaldasoficinas.com\/pt\/wp-content\/uploads\/logoJO-SEO.png","width":285,"height":450,"caption":"Jornal das Oficinas"},"image":{"@id":"https:\/\/jornaldasoficinas.com\/pt\/#\/schema\/logo\/image\/"},"sameAs":["https:\/\/www.facebook.com\/jornaloficinas","https:\/\/x.com\/jornaloficinas","https:\/\/www.instagram.com\/jornal_oficinas\/","https:\/\/www.linkedin.com\/company\/jornal-das-oficinas\/","https:\/\/www.youtube.com\/channel\/UCbQZBqtcvV-oSQrr7RzINGg"]},{"@type":"Person","@id":"https:\/\/jornaldasoficinas.com\/pt\/#\/schema\/person\/a38eef5de2c41d9e7c9ac10141afddf3","name":"Reda\u00e7\u00e3o JO","image":{"@type":"ImageObject","inLanguage":"pt-PT","@id":"https:\/\/secure.gravatar.com\/avatar\/71f2fa71737ad68a84fea94bc708ddac8ea5b0c4788dc2ad202f3ccb2887742f?s=96&d=wp_user_avatar&r=g","url":"https:\/\/secure.gravatar.com\/avatar\/71f2fa71737ad68a84fea94bc708ddac8ea5b0c4788dc2ad202f3ccb2887742f?s=96&d=wp_user_avatar&r=g","contentUrl":"https:\/\/secure.gravatar.com\/avatar\/71f2fa71737ad68a84fea94bc708ddac8ea5b0c4788dc2ad202f3ccb2887742f?s=96&d=wp_user_avatar&r=g","caption":"Reda\u00e7\u00e3o JO"},"url":"https:\/\/jornaldasoficinas.com\/pt\/author\/joredacao\/"}]}},"_links":{"self":[{"href":"https:\/\/jornaldasoficinas.com\/pt\/wp-json\/wp\/v2\/posts\/10326","targetHints":{"allow":["GET"]}}],"collection":[{"href":"https:\/\/jornaldasoficinas.com\/pt\/wp-json\/wp\/v2\/posts"}],"about":[{"href":"https:\/\/jornaldasoficinas.com\/pt\/wp-json\/wp\/v2\/types\/post"}],"author":[{"embeddable":true,"href":"https:\/\/jornaldasoficinas.com\/pt\/wp-json\/wp\/v2\/users\/15"}],"replies":[{"embeddable":true,"href":"https:\/\/jornaldasoficinas.com\/pt\/wp-json\/wp\/v2\/comments?post=10326"}],"version-history":[{"count":0,"href":"https:\/\/jornaldasoficinas.com\/pt\/wp-json\/wp\/v2\/posts\/10326\/revisions"}],"wp:featuredmedia":[{"embeddable":true,"href":"https:\/\/jornaldasoficinas.com\/pt\/wp-json\/wp\/v2\/media\/10325"}],"wp:attachment":[{"href":"https:\/\/jornaldasoficinas.com\/pt\/wp-json\/wp\/v2\/media?parent=10326"}],"wp:term":[{"taxonomy":"category","embeddable":true,"href":"https:\/\/jornaldasoficinas.com\/pt\/wp-json\/wp\/v2\/categories?post=10326"},{"taxonomy":"post_tag","embeddable":true,"href":"https:\/\/jornaldasoficinas.com\/pt\/wp-json\/wp\/v2\/tags?post=10326"}],"curies":[{"name":"wp","href":"https:\/\/api.w.org\/{rel}","templated":true}]}}