{"id":103275,"date":"2025-06-17T18:00:04","date_gmt":"2025-06-17T17:00:04","guid":{"rendered":"https:\/\/jornaldasoficinas.com\/pt\/?p=103275"},"modified":"2025-06-16T18:43:36","modified_gmt":"2025-06-16T17:43:36","slug":"cema-baterias-brilha-no-31-o-congresso-da-anapat","status":"publish","type":"post","link":"https:\/\/jornaldasoficinas.com\/pt\/cema-baterias-brilha-no-31-o-congresso-da-anapat\/","title":{"rendered":"CEMA Bater\u00edas brilha no 31.\u00ba Congresso da ANAPAT"},"content":{"rendered":"<p><strong><img loading=\"lazy\" decoding=\"async\" class=\"alignnone size-full wp-image-103284\" src=\"https:\/\/jornaldasoficinas.com\/pt\/wp-content\/uploads\/2025\/06\/CEMA-Baterias-brilha-no-31.o-Congresso-da-ANAPAT.png\" alt=\"06 - CEMA Baterias brilha no 31.o Congresso da ANAPAT\" width=\"1024\" height=\"581\" srcset=\"https:\/\/jornaldasoficinas.com\/pt\/wp-content\/uploads\/2025\/06\/CEMA-Baterias-brilha-no-31.o-Congresso-da-ANAPAT.png 1024w, https:\/\/jornaldasoficinas.com\/pt\/wp-content\/uploads\/2025\/06\/CEMA-Baterias-brilha-no-31.o-Congresso-da-ANAPAT-300x170.png 300w, https:\/\/jornaldasoficinas.com\/pt\/wp-content\/uploads\/2025\/06\/CEMA-Baterias-brilha-no-31.o-Congresso-da-ANAPAT-150x85.png 150w, https:\/\/jornaldasoficinas.com\/pt\/wp-content\/uploads\/2025\/06\/CEMA-Baterias-brilha-no-31.o-Congresso-da-ANAPAT-768x436.png 768w\" sizes=\"auto, (max-width: 1024px) 100vw, 1024px\" \/><\/strong><\/p>\n<p><strong>A<a href=\"https:\/\/www.cemabaterias.com\/\" target=\"_blank\" rel=\"noopener\"> CEMA Bater\u00edas<\/a> marcou presen\u00e7a no 31.\u00ba Congresso da <a href=\"https:\/\/anapat.es\/\" target=\"_blank\" rel=\"noopener\">ANAPAT<\/a> como patrocinadora prata, refor\u00e7ando a sua posi\u00e7\u00e3o no setor<\/strong><\/p>\n<p>Nesta edi\u00e7\u00e3o, a CEMA Bater\u00edas destacou uma das suas marcas mais poderosas no mercado: a Trojan, da qual \u00e9 &#8220;Distribuidora Master&#8221; em Espanha e em Portugal. A empresa destacou especialmente as baterias de eleva\u00e7\u00e3o Trojan AES, conhecidas pela sua elevada durabilidade e elevada capacidade para aplica\u00e7\u00f5es neste setor.<\/p>\n<p>De referir ainda que a CEMA Bater\u00edas \u00e9 &#8220;Distribuidora Master&#8221;, juntamente com a Trojan, da marca C&amp;D Technologies em Espanha e em Portugal.<\/p>\n<p>&#8220;Estamos entusiasmados por estar novamente nesta Conven\u00e7\u00e3o e por conhecer os \u00faltimos desenvolvimentos e avan\u00e7os no mercado de eleva\u00e7\u00e3o. Sem d\u00favida, as baterias para plataformas elevat\u00f3rias que oferecemos apresentam a mais alta qualidade para satisfazer as exig\u00eancias atuais&#8221;, afirmou Rafa Fern\u00e1ndez, CEO da CEMA Bater\u00edas.<\/p>\n","protected":false},"excerpt":{"rendered":"<p>A CEMA Bater\u00edas marcou presen\u00e7a no&#8230;<\/p>\n","protected":false},"author":15,"featured_media":103284,"comment_status":"closed","ping_status":"closed","sticky":false,"template":"","format":"standard","meta":{"footnotes":""},"categories":[29],"tags":[12928,12929,3834,8811,3837,6999],"class_list":["post-103275","post","type-post","status-publish","format-standard","has-post-thumbnail","hentry","category-empresas","tag-31-o-congresso","tag-anapat","tag-cema-baterias","tag-patrocinadora","tag-rafa-fernandez","tag-trojan"],"yoast_head":"<!-- This site is optimized with the Yoast SEO plugin v27.4 - https:\/\/yoast.com\/product\/yoast-seo-wordpress\/ -->\n<title>CEMA Bater\u00edas brilha no 31.\u00ba Congresso da ANAPAT - Jornal das Oficinas<\/title>\n<meta name=\"description\" content=\"A CEMA Bater\u00edas marcou presen\u00e7a no 31.\u00ba Congresso da ANAPAT como patrocinadora prata, refor\u00e7ando a sua posi\u00e7\u00e3o no setor\" \/>\n<meta name=\"robots\" content=\"index, follow, max-snippet:-1, max-image-preview:large, max-video-preview:-1\" \/>\n<link rel=\"canonical\" href=\"https:\/\/jornaldasoficinas.com\/pt\/cema-baterias-brilha-no-31-o-congresso-da-anapat\/\" \/>\n<meta property=\"og:locale\" content=\"pt_PT\" \/>\n<meta property=\"og:type\" content=\"article\" \/>\n<meta property=\"og:title\" content=\"CEMA Bater\u00edas brilha no 31.\u00ba Congresso da ANAPAT - Jornal das Oficinas\" \/>\n<meta property=\"og:description\" content=\"A CEMA Bater\u00edas marcou presen\u00e7a no 31.\u00ba Congresso da ANAPAT como patrocinadora prata, refor\u00e7ando a sua posi\u00e7\u00e3o no setor\" \/>\n<meta property=\"og:url\" content=\"https:\/\/jornaldasoficinas.com\/pt\/cema-baterias-brilha-no-31-o-congresso-da-anapat\/\" \/>\n<meta property=\"og:site_name\" content=\"Jornal das Oficinas\" \/>\n<meta property=\"article:publisher\" content=\"https:\/\/www.facebook.com\/jornaloficinas\" \/>\n<meta property=\"article:published_time\" content=\"2025-06-17T17:00:04+00:00\" \/>\n<meta property=\"og:image\" content=\"https:\/\/jornaldasoficinas.com\/pt\/wp-content\/uploads\/2025\/06\/CEMA-Baterias-brilha-no-31.o-Congresso-da-ANAPAT.png\" \/>\n\t<meta property=\"og:image:width\" content=\"1024\" \/>\n\t<meta property=\"og:image:height\" content=\"581\" \/>\n\t<meta property=\"og:image:type\" content=\"image\/png\" \/>\n<meta name=\"author\" content=\"Reda\u00e7\u00e3o JO\" \/>\n<meta name=\"twitter:card\" content=\"summary_large_image\" \/>\n<meta name=\"twitter:creator\" content=\"@jornaloficinas\" \/>\n<meta name=\"twitter:site\" content=\"@jornaloficinas\" \/>\n<meta name=\"twitter:label1\" content=\"Escrito por\" \/>\n\t<meta name=\"twitter:data1\" content=\"Reda\u00e7\u00e3o JO\" \/>\n\t<meta name=\"twitter:label2\" content=\"Tempo estimado de leitura\" \/>\n\t<meta name=\"twitter:data2\" content=\"2 minutos\" \/>\n<script type=\"application\/ld+json\" class=\"yoast-schema-graph\">{\"@context\":\"https:\\\/\\\/schema.org\",\"@graph\":[{\"@type\":\"Article\",\"@id\":\"https:\\\/\\\/jornaldasoficinas.com\\\/pt\\\/cema-baterias-brilha-no-31-o-congresso-da-anapat\\\/#article\",\"isPartOf\":{\"@id\":\"https:\\\/\\\/jornaldasoficinas.com\\\/pt\\\/cema-baterias-brilha-no-31-o-congresso-da-anapat\\\/\"},\"author\":{\"name\":\"Reda\u00e7\u00e3o JO\",\"@id\":\"https:\\\/\\\/jornaldasoficinas.com\\\/pt\\\/#\\\/schema\\\/person\\\/a38eef5de2c41d9e7c9ac10141afddf3\"},\"headline\":\"CEMA Bater\u00edas brilha no 31.\u00ba Congresso da ANAPAT\",\"datePublished\":\"2025-06-17T17:00:04+00:00\",\"mainEntityOfPage\":{\"@id\":\"https:\\\/\\\/jornaldasoficinas.com\\\/pt\\\/cema-baterias-brilha-no-31-o-congresso-da-anapat\\\/\"},\"wordCount\":159,\"publisher\":{\"@id\":\"https:\\\/\\\/jornaldasoficinas.com\\\/pt\\\/#organization\"},\"image\":{\"@id\":\"https:\\\/\\\/jornaldasoficinas.com\\\/pt\\\/cema-baterias-brilha-no-31-o-congresso-da-anapat\\\/#primaryimage\"},\"thumbnailUrl\":\"https:\\\/\\\/jornaldasoficinas.com\\\/pt\\\/wp-content\\\/uploads\\\/2025\\\/06\\\/CEMA-Baterias-brilha-no-31.o-Congresso-da-ANAPAT.png\",\"keywords\":[\"31.\u00ba Congresso\",\"ANAPAT\",\"CEMA Baterias\",\"patrocinadora\",\"Rafa Fern\u00e1ndez\",\"Trojan\"],\"articleSection\":[\"Empresas\"],\"inLanguage\":\"pt-PT\"},{\"@type\":\"WebPage\",\"@id\":\"https:\\\/\\\/jornaldasoficinas.com\\\/pt\\\/cema-baterias-brilha-no-31-o-congresso-da-anapat\\\/\",\"url\":\"https:\\\/\\\/jornaldasoficinas.com\\\/pt\\\/cema-baterias-brilha-no-31-o-congresso-da-anapat\\\/\",\"name\":\"CEMA Bater\u00edas brilha no 31.\u00ba Congresso da ANAPAT - Jornal das Oficinas\",\"isPartOf\":{\"@id\":\"https:\\\/\\\/jornaldasoficinas.com\\\/pt\\\/#website\"},\"primaryImageOfPage\":{\"@id\":\"https:\\\/\\\/jornaldasoficinas.com\\\/pt\\\/cema-baterias-brilha-no-31-o-congresso-da-anapat\\\/#primaryimage\"},\"image\":{\"@id\":\"https:\\\/\\\/jornaldasoficinas.com\\\/pt\\\/cema-baterias-brilha-no-31-o-congresso-da-anapat\\\/#primaryimage\"},\"thumbnailUrl\":\"https:\\\/\\\/jornaldasoficinas.com\\\/pt\\\/wp-content\\\/uploads\\\/2025\\\/06\\\/CEMA-Baterias-brilha-no-31.o-Congresso-da-ANAPAT.png\",\"datePublished\":\"2025-06-17T17:00:04+00:00\",\"description\":\"A CEMA Bater\u00edas marcou presen\u00e7a no 31.\u00ba Congresso da ANAPAT como patrocinadora prata, refor\u00e7ando a sua posi\u00e7\u00e3o no setor\",\"breadcrumb\":{\"@id\":\"https:\\\/\\\/jornaldasoficinas.com\\\/pt\\\/cema-baterias-brilha-no-31-o-congresso-da-anapat\\\/#breadcrumb\"},\"inLanguage\":\"pt-PT\",\"potentialAction\":[{\"@type\":\"ReadAction\",\"target\":[\"https:\\\/\\\/jornaldasoficinas.com\\\/pt\\\/cema-baterias-brilha-no-31-o-congresso-da-anapat\\\/\"]}]},{\"@type\":\"ImageObject\",\"inLanguage\":\"pt-PT\",\"@id\":\"https:\\\/\\\/jornaldasoficinas.com\\\/pt\\\/cema-baterias-brilha-no-31-o-congresso-da-anapat\\\/#primaryimage\",\"url\":\"https:\\\/\\\/jornaldasoficinas.com\\\/pt\\\/wp-content\\\/uploads\\\/2025\\\/06\\\/CEMA-Baterias-brilha-no-31.o-Congresso-da-ANAPAT.png\",\"contentUrl\":\"https:\\\/\\\/jornaldasoficinas.com\\\/pt\\\/wp-content\\\/uploads\\\/2025\\\/06\\\/CEMA-Baterias-brilha-no-31.o-Congresso-da-ANAPAT.png\",\"width\":1024,\"height\":581,\"caption\":\"06 - CEMA Baterias brilha no 31.o Congresso da ANAPAT\"},{\"@type\":\"BreadcrumbList\",\"@id\":\"https:\\\/\\\/jornaldasoficinas.com\\\/pt\\\/cema-baterias-brilha-no-31-o-congresso-da-anapat\\\/#breadcrumb\",\"itemListElement\":[{\"@type\":\"ListItem\",\"position\":1,\"name\":\"In\u00edcio\",\"item\":\"https:\\\/\\\/jornaldasoficinas.com\\\/pt\\\/\"},{\"@type\":\"ListItem\",\"position\":2,\"name\":\"CEMA Bater\u00edas brilha no 31.\u00ba Congresso da ANAPAT\"}]},{\"@type\":\"WebSite\",\"@id\":\"https:\\\/\\\/jornaldasoficinas.com\\\/pt\\\/#website\",\"url\":\"https:\\\/\\\/jornaldasoficinas.com\\\/pt\\\/\",\"name\":\"Jornal das Oficinas\",\"description\":\"Jornal independente do Aftermarket Autom\u00f3vel em Portugal\",\"publisher\":{\"@id\":\"https:\\\/\\\/jornaldasoficinas.com\\\/pt\\\/#organization\"},\"potentialAction\":[{\"@type\":\"SearchAction\",\"target\":{\"@type\":\"EntryPoint\",\"urlTemplate\":\"https:\\\/\\\/jornaldasoficinas.com\\\/pt\\\/?s={search_term_string}\"},\"query-input\":{\"@type\":\"PropertyValueSpecification\",\"valueRequired\":true,\"valueName\":\"search_term_string\"}}],\"inLanguage\":\"pt-PT\"},{\"@type\":\"Organization\",\"@id\":\"https:\\\/\\\/jornaldasoficinas.com\\\/pt\\\/#organization\",\"name\":\"Jornal das Oficinas\",\"url\":\"https:\\\/\\\/jornaldasoficinas.com\\\/pt\\\/\",\"logo\":{\"@type\":\"ImageObject\",\"inLanguage\":\"pt-PT\",\"@id\":\"https:\\\/\\\/jornaldasoficinas.com\\\/pt\\\/#\\\/schema\\\/logo\\\/image\\\/\",\"url\":\"https:\\\/\\\/jornaldasoficinas.com\\\/pt\\\/wp-content\\\/uploads\\\/logoJO-SEO.png\",\"contentUrl\":\"https:\\\/\\\/jornaldasoficinas.com\\\/pt\\\/wp-content\\\/uploads\\\/logoJO-SEO.png\",\"width\":285,\"height\":450,\"caption\":\"Jornal das Oficinas\"},\"image\":{\"@id\":\"https:\\\/\\\/jornaldasoficinas.com\\\/pt\\\/#\\\/schema\\\/logo\\\/image\\\/\"},\"sameAs\":[\"https:\\\/\\\/www.facebook.com\\\/jornaloficinas\",\"https:\\\/\\\/x.com\\\/jornaloficinas\",\"https:\\\/\\\/www.instagram.com\\\/jornal_oficinas\\\/\",\"https:\\\/\\\/www.linkedin.com\\\/company\\\/jornal-das-oficinas\\\/\",\"https:\\\/\\\/www.youtube.com\\\/channel\\\/UCbQZBqtcvV-oSQrr7RzINGg\"]},{\"@type\":\"Person\",\"@id\":\"https:\\\/\\\/jornaldasoficinas.com\\\/pt\\\/#\\\/schema\\\/person\\\/a38eef5de2c41d9e7c9ac10141afddf3\",\"name\":\"Reda\u00e7\u00e3o JO\",\"image\":{\"@type\":\"ImageObject\",\"inLanguage\":\"pt-PT\",\"@id\":\"https:\\\/\\\/secure.gravatar.com\\\/avatar\\\/71f2fa71737ad68a84fea94bc708ddac8ea5b0c4788dc2ad202f3ccb2887742f?s=96&d=wp_user_avatar&r=g\",\"url\":\"https:\\\/\\\/secure.gravatar.com\\\/avatar\\\/71f2fa71737ad68a84fea94bc708ddac8ea5b0c4788dc2ad202f3ccb2887742f?s=96&d=wp_user_avatar&r=g\",\"contentUrl\":\"https:\\\/\\\/secure.gravatar.com\\\/avatar\\\/71f2fa71737ad68a84fea94bc708ddac8ea5b0c4788dc2ad202f3ccb2887742f?s=96&d=wp_user_avatar&r=g\",\"caption\":\"Reda\u00e7\u00e3o JO\"},\"url\":\"https:\\\/\\\/jornaldasoficinas.com\\\/pt\\\/author\\\/joredacao\\\/\"}]}<\/script>\n<!-- \/ Yoast SEO plugin. -->","yoast_head_json":{"title":"CEMA Bater\u00edas brilha no 31.\u00ba Congresso da ANAPAT - Jornal das Oficinas","description":"A CEMA Bater\u00edas marcou presen\u00e7a no 31.\u00ba Congresso da ANAPAT como patrocinadora prata, refor\u00e7ando a sua posi\u00e7\u00e3o no setor","robots":{"index":"index","follow":"follow","max-snippet":"max-snippet:-1","max-image-preview":"max-image-preview:large","max-video-preview":"max-video-preview:-1"},"canonical":"https:\/\/jornaldasoficinas.com\/pt\/cema-baterias-brilha-no-31-o-congresso-da-anapat\/","og_locale":"pt_PT","og_type":"article","og_title":"CEMA Bater\u00edas brilha no 31.\u00ba Congresso da ANAPAT - Jornal das Oficinas","og_description":"A CEMA Bater\u00edas marcou presen\u00e7a no 31.\u00ba Congresso da ANAPAT como patrocinadora prata, refor\u00e7ando a sua posi\u00e7\u00e3o no setor","og_url":"https:\/\/jornaldasoficinas.com\/pt\/cema-baterias-brilha-no-31-o-congresso-da-anapat\/","og_site_name":"Jornal das Oficinas","article_publisher":"https:\/\/www.facebook.com\/jornaloficinas","article_published_time":"2025-06-17T17:00:04+00:00","og_image":[{"width":1024,"height":581,"url":"https:\/\/jornaldasoficinas.com\/pt\/wp-content\/uploads\/2025\/06\/CEMA-Baterias-brilha-no-31.o-Congresso-da-ANAPAT.png","type":"image\/png"}],"author":"Reda\u00e7\u00e3o JO","twitter_card":"summary_large_image","twitter_creator":"@jornaloficinas","twitter_site":"@jornaloficinas","twitter_misc":{"Escrito por":"Reda\u00e7\u00e3o JO","Tempo estimado de leitura":"2 minutos"},"schema":{"@context":"https:\/\/schema.org","@graph":[{"@type":"Article","@id":"https:\/\/jornaldasoficinas.com\/pt\/cema-baterias-brilha-no-31-o-congresso-da-anapat\/#article","isPartOf":{"@id":"https:\/\/jornaldasoficinas.com\/pt\/cema-baterias-brilha-no-31-o-congresso-da-anapat\/"},"author":{"name":"Reda\u00e7\u00e3o JO","@id":"https:\/\/jornaldasoficinas.com\/pt\/#\/schema\/person\/a38eef5de2c41d9e7c9ac10141afddf3"},"headline":"CEMA Bater\u00edas brilha no 31.\u00ba Congresso da ANAPAT","datePublished":"2025-06-17T17:00:04+00:00","mainEntityOfPage":{"@id":"https:\/\/jornaldasoficinas.com\/pt\/cema-baterias-brilha-no-31-o-congresso-da-anapat\/"},"wordCount":159,"publisher":{"@id":"https:\/\/jornaldasoficinas.com\/pt\/#organization"},"image":{"@id":"https:\/\/jornaldasoficinas.com\/pt\/cema-baterias-brilha-no-31-o-congresso-da-anapat\/#primaryimage"},"thumbnailUrl":"https:\/\/jornaldasoficinas.com\/pt\/wp-content\/uploads\/2025\/06\/CEMA-Baterias-brilha-no-31.o-Congresso-da-ANAPAT.png","keywords":["31.\u00ba Congresso","ANAPAT","CEMA Baterias","patrocinadora","Rafa Fern\u00e1ndez","Trojan"],"articleSection":["Empresas"],"inLanguage":"pt-PT"},{"@type":"WebPage","@id":"https:\/\/jornaldasoficinas.com\/pt\/cema-baterias-brilha-no-31-o-congresso-da-anapat\/","url":"https:\/\/jornaldasoficinas.com\/pt\/cema-baterias-brilha-no-31-o-congresso-da-anapat\/","name":"CEMA Bater\u00edas brilha no 31.\u00ba Congresso da ANAPAT - Jornal das Oficinas","isPartOf":{"@id":"https:\/\/jornaldasoficinas.com\/pt\/#website"},"primaryImageOfPage":{"@id":"https:\/\/jornaldasoficinas.com\/pt\/cema-baterias-brilha-no-31-o-congresso-da-anapat\/#primaryimage"},"image":{"@id":"https:\/\/jornaldasoficinas.com\/pt\/cema-baterias-brilha-no-31-o-congresso-da-anapat\/#primaryimage"},"thumbnailUrl":"https:\/\/jornaldasoficinas.com\/pt\/wp-content\/uploads\/2025\/06\/CEMA-Baterias-brilha-no-31.o-Congresso-da-ANAPAT.png","datePublished":"2025-06-17T17:00:04+00:00","description":"A CEMA Bater\u00edas marcou presen\u00e7a no 31.\u00ba Congresso da ANAPAT como patrocinadora prata, refor\u00e7ando a sua posi\u00e7\u00e3o no setor","breadcrumb":{"@id":"https:\/\/jornaldasoficinas.com\/pt\/cema-baterias-brilha-no-31-o-congresso-da-anapat\/#breadcrumb"},"inLanguage":"pt-PT","potentialAction":[{"@type":"ReadAction","target":["https:\/\/jornaldasoficinas.com\/pt\/cema-baterias-brilha-no-31-o-congresso-da-anapat\/"]}]},{"@type":"ImageObject","inLanguage":"pt-PT","@id":"https:\/\/jornaldasoficinas.com\/pt\/cema-baterias-brilha-no-31-o-congresso-da-anapat\/#primaryimage","url":"https:\/\/jornaldasoficinas.com\/pt\/wp-content\/uploads\/2025\/06\/CEMA-Baterias-brilha-no-31.o-Congresso-da-ANAPAT.png","contentUrl":"https:\/\/jornaldasoficinas.com\/pt\/wp-content\/uploads\/2025\/06\/CEMA-Baterias-brilha-no-31.o-Congresso-da-ANAPAT.png","width":1024,"height":581,"caption":"06 - CEMA Baterias brilha no 31.o Congresso da ANAPAT"},{"@type":"BreadcrumbList","@id":"https:\/\/jornaldasoficinas.com\/pt\/cema-baterias-brilha-no-31-o-congresso-da-anapat\/#breadcrumb","itemListElement":[{"@type":"ListItem","position":1,"name":"In\u00edcio","item":"https:\/\/jornaldasoficinas.com\/pt\/"},{"@type":"ListItem","position":2,"name":"CEMA Bater\u00edas brilha no 31.\u00ba Congresso da ANAPAT"}]},{"@type":"WebSite","@id":"https:\/\/jornaldasoficinas.com\/pt\/#website","url":"https:\/\/jornaldasoficinas.com\/pt\/","name":"Jornal das Oficinas","description":"Jornal independente do Aftermarket Autom\u00f3vel em Portugal","publisher":{"@id":"https:\/\/jornaldasoficinas.com\/pt\/#organization"},"potentialAction":[{"@type":"SearchAction","target":{"@type":"EntryPoint","urlTemplate":"https:\/\/jornaldasoficinas.com\/pt\/?s={search_term_string}"},"query-input":{"@type":"PropertyValueSpecification","valueRequired":true,"valueName":"search_term_string"}}],"inLanguage":"pt-PT"},{"@type":"Organization","@id":"https:\/\/jornaldasoficinas.com\/pt\/#organization","name":"Jornal das Oficinas","url":"https:\/\/jornaldasoficinas.com\/pt\/","logo":{"@type":"ImageObject","inLanguage":"pt-PT","@id":"https:\/\/jornaldasoficinas.com\/pt\/#\/schema\/logo\/image\/","url":"https:\/\/jornaldasoficinas.com\/pt\/wp-content\/uploads\/logoJO-SEO.png","contentUrl":"https:\/\/jornaldasoficinas.com\/pt\/wp-content\/uploads\/logoJO-SEO.png","width":285,"height":450,"caption":"Jornal das Oficinas"},"image":{"@id":"https:\/\/jornaldasoficinas.com\/pt\/#\/schema\/logo\/image\/"},"sameAs":["https:\/\/www.facebook.com\/jornaloficinas","https:\/\/x.com\/jornaloficinas","https:\/\/www.instagram.com\/jornal_oficinas\/","https:\/\/www.linkedin.com\/company\/jornal-das-oficinas\/","https:\/\/www.youtube.com\/channel\/UCbQZBqtcvV-oSQrr7RzINGg"]},{"@type":"Person","@id":"https:\/\/jornaldasoficinas.com\/pt\/#\/schema\/person\/a38eef5de2c41d9e7c9ac10141afddf3","name":"Reda\u00e7\u00e3o JO","image":{"@type":"ImageObject","inLanguage":"pt-PT","@id":"https:\/\/secure.gravatar.com\/avatar\/71f2fa71737ad68a84fea94bc708ddac8ea5b0c4788dc2ad202f3ccb2887742f?s=96&d=wp_user_avatar&r=g","url":"https:\/\/secure.gravatar.com\/avatar\/71f2fa71737ad68a84fea94bc708ddac8ea5b0c4788dc2ad202f3ccb2887742f?s=96&d=wp_user_avatar&r=g","contentUrl":"https:\/\/secure.gravatar.com\/avatar\/71f2fa71737ad68a84fea94bc708ddac8ea5b0c4788dc2ad202f3ccb2887742f?s=96&d=wp_user_avatar&r=g","caption":"Reda\u00e7\u00e3o JO"},"url":"https:\/\/jornaldasoficinas.com\/pt\/author\/joredacao\/"}]}},"_links":{"self":[{"href":"https:\/\/jornaldasoficinas.com\/pt\/wp-json\/wp\/v2\/posts\/103275","targetHints":{"allow":["GET"]}}],"collection":[{"href":"https:\/\/jornaldasoficinas.com\/pt\/wp-json\/wp\/v2\/posts"}],"about":[{"href":"https:\/\/jornaldasoficinas.com\/pt\/wp-json\/wp\/v2\/types\/post"}],"author":[{"embeddable":true,"href":"https:\/\/jornaldasoficinas.com\/pt\/wp-json\/wp\/v2\/users\/15"}],"replies":[{"embeddable":true,"href":"https:\/\/jornaldasoficinas.com\/pt\/wp-json\/wp\/v2\/comments?post=103275"}],"version-history":[{"count":5,"href":"https:\/\/jornaldasoficinas.com\/pt\/wp-json\/wp\/v2\/posts\/103275\/revisions"}],"predecessor-version":[{"id":103286,"href":"https:\/\/jornaldasoficinas.com\/pt\/wp-json\/wp\/v2\/posts\/103275\/revisions\/103286"}],"wp:featuredmedia":[{"embeddable":true,"href":"https:\/\/jornaldasoficinas.com\/pt\/wp-json\/wp\/v2\/media\/103284"}],"wp:attachment":[{"href":"https:\/\/jornaldasoficinas.com\/pt\/wp-json\/wp\/v2\/media?parent=103275"}],"wp:term":[{"taxonomy":"category","embeddable":true,"href":"https:\/\/jornaldasoficinas.com\/pt\/wp-json\/wp\/v2\/categories?post=103275"},{"taxonomy":"post_tag","embeddable":true,"href":"https:\/\/jornaldasoficinas.com\/pt\/wp-json\/wp\/v2\/tags?post=103275"}],"curies":[{"name":"wp","href":"https:\/\/api.w.org\/{rel}","templated":true}]}}