{"id":103332,"date":"2025-06-20T18:00:40","date_gmt":"2025-06-20T17:00:40","guid":{"rendered":"https:\/\/jornaldasoficinas.com\/pt\/?p=103332"},"modified":"2025-06-18T10:54:19","modified_gmt":"2025-06-18T09:54:19","slug":"bilstein-group-apoia-projeto-social-na-malveira","status":"publish","type":"post","link":"https:\/\/jornaldasoficinas.com\/pt\/bilstein-group-apoia-projeto-social-na-malveira\/","title":{"rendered":"bilstein group apoia projeto social na Malveira"},"content":{"rendered":"<p><strong><img loading=\"lazy\" decoding=\"async\" class=\"alignnone size-full wp-image-103340\" src=\"https:\/\/jornaldasoficinas.com\/pt\/wp-content\/uploads\/2025\/06\/bilstein-group-apoia-projeto-social-na-Malveira.jpg\" alt=\"06 - bilstein group apoia projeto social na Malveira\" width=\"1024\" height=\"581\" srcset=\"https:\/\/jornaldasoficinas.com\/pt\/wp-content\/uploads\/2025\/06\/bilstein-group-apoia-projeto-social-na-Malveira.jpg 1024w, https:\/\/jornaldasoficinas.com\/pt\/wp-content\/uploads\/2025\/06\/bilstein-group-apoia-projeto-social-na-Malveira-300x170.jpg 300w, https:\/\/jornaldasoficinas.com\/pt\/wp-content\/uploads\/2025\/06\/bilstein-group-apoia-projeto-social-na-Malveira-150x85.jpg 150w, https:\/\/jornaldasoficinas.com\/pt\/wp-content\/uploads\/2025\/06\/bilstein-group-apoia-projeto-social-na-Malveira-768x436.jpg 768w\" sizes=\"auto, (max-width: 1024px) 100vw, 1024px\" \/><\/strong><\/p>\n<p><strong>O <a href=\"https:\/\/bilsteingroup.com\/pt\/\" target=\"_blank\" rel=\"noopener\">bilstein group<\/a> apoiou recentemente a instala\u00e7\u00e3o de uma Sala Snoezelen na Escola B\u00e1sica da Malveira, com o objetivo de promover o bem-estar e a inclus\u00e3o de crian\u00e7as com necessidades educativas especiais<\/strong><\/p>\n<p>A Sala Snoezelen, tamb\u00e9m conhecida como sala multissensorial, \u00e9 um espa\u00e7o que tem como intuito despertar os sentidos atrav\u00e9s de uma variedade de est\u00edmulos como a luz, som, cores, texturas, aromas, entre outros. Este espa\u00e7o tem como objetivo proporcionar conforto, relaxamento e bem-estar, sendo usada para fins terap\u00eauticos e pedag\u00f3gicos, sobretudo para crian\u00e7as com necessidades especiais ou outras condi\u00e7\u00f5es.<\/p>\n<p>Ap\u00f3s o pedido da Associa\u00e7\u00e3o de Pais da Escola B\u00e1sica e Jardim de Inf\u00e2ncia da Malveira, o bilstein group decidiu apoiar este projeto atrav\u00e9s da atribui\u00e7\u00e3o da verba em falta, concluindo, assim, a angaria\u00e7\u00e3o do valor necess\u00e1rio. Al\u00e9m do bilstein group, tamb\u00e9m outras empresas do concelho de Mafra contribu\u00edram para este projeto e tornaram poss\u00edvel a instala\u00e7\u00e3o da Sala Snoezelen.<\/p>\n<p>No dia 9 de junho, pelas 10 horas, todas as empresas envolvidas foram convidadas a participar na inaugura\u00e7\u00e3o e respetivo descerrar da placa onde constavam todas as empresas que ajudaram a realizar este sonho. No momento de conhecer a sala j\u00e1 finalizada, foram dados a conhecer os detalhes da mesma, nomeadamente, a inclus\u00e3o de fibras \u00f3ticas e de um colch\u00e3o de \u00e1gua que representa a maior parte do investimento. Esse colch\u00e3o encontra-se num intervalo de temperatura espec\u00edfico (28\u00baC a 30\u00baC) e disp\u00f5e de vibra\u00e7\u00e3o sincronizada com a m\u00fasica da sala, algo que promove o relaxamento profundo.<\/p>\n<p>&#8220;Quando assumi o cargo de coordenador da escola tinha tr\u00eas sonhos: a melhoria dos jardins, a instala\u00e7\u00e3o de internet via wireless em toda a escola e a inaugura\u00e7\u00e3o de uma Sala Snoezelen. Hoje, gra\u00e7as \u00e0 vossa ajuda, foi poss\u00edvel realizar o \u00faltimo. No ano em que a escola celebra 20 anos n\u00e3o encontro uma melhor forma de comemorar&#8221;, disse Fernando Lemos, Coordenador da Escola B\u00e1sica da Malveira.<\/p>\n<p>No momento solene, houve ainda oportunidade de ouvir alguns membros da Associa\u00e7\u00e3o de Pais que, ap\u00f3s v\u00e1rios meses em contactos com empresas conseguiram reunir a verba necess\u00e1ria para a inaugura\u00e7\u00e3o do espa\u00e7o; alguns elementos da comunidade escolar, nomeadamente pertencentes \u00e0 equipa da educa\u00e7\u00e3o especial e, por fim, pais de meninos no espectro do autismo, uma das patologias com maior predomin\u00e2ncia na comunidade escolar e que mais vir\u00e3o a usufruir dos benef\u00edcios do espa\u00e7o agora inaugurado.<\/p>\n<p>Todos concordaram com o impacto positivo que esta Sala Snoezelen iria ter em toda a comunidade escolar e dirigiram palavras de agradecimento \u00e0s empresas que facilitaram a realiza\u00e7\u00e3o e finaliza\u00e7\u00e3o deste projeto. Por fim, foi partilhado que pretendem ir introduzindo pequenas melhorias no espa\u00e7o de forma que a sala possa ir evoluindo e demonstrando capacidade de adapta\u00e7\u00e3o \u00e0s necessidades dos alunos.<\/p>\n<p>A Sala Snoezelen vai ajudar diariamente entre 10 a 15 alunos com necessidades educativas especiais, ainda que a mesma possa ser utilizada por toda a comunidade escolar, que ultrapassa os 400 alunos. Este espa\u00e7o est\u00e1 tamb\u00e9m indicado para momentos de stress e ansiedade, pelo que adultos e crian\u00e7as poder\u00e3o usufruir dos benef\u00edcios de relaxamento que a atmosfera do espa\u00e7o oferece.<\/p>\n<p>O bilstein group, no \u00e2mbito da sua estrat\u00e9gia de responsabilidade social, n\u00e3o hesitou em apoiar um projeto que ir\u00e1 beneficiar os alunos atuais e futuros da comunidade escolar a n\u00edvel local e que vai permitir proporcionar momentos de tranquilidade a quem diariamente tanto precisa deles. O apoio \u00e0 comunidade local faz parte, desde sempre, das metas de responsabilidade social do bilstein group e esta a\u00e7\u00e3o serve totalmente esse prop\u00f3sito.<\/p>\n<p><img loading=\"lazy\" decoding=\"async\" class=\"alignnone size-full wp-image-103339\" src=\"https:\/\/jornaldasoficinas.com\/pt\/wp-content\/uploads\/2025\/06\/DSC06089.jpg\" alt=\"06 - DSC06089\" width=\"1024\" height=\"581\" srcset=\"https:\/\/jornaldasoficinas.com\/pt\/wp-content\/uploads\/2025\/06\/DSC06089.jpg 1024w, https:\/\/jornaldasoficinas.com\/pt\/wp-content\/uploads\/2025\/06\/DSC06089-300x170.jpg 300w, https:\/\/jornaldasoficinas.com\/pt\/wp-content\/uploads\/2025\/06\/DSC06089-150x85.jpg 150w, https:\/\/jornaldasoficinas.com\/pt\/wp-content\/uploads\/2025\/06\/DSC06089-768x436.jpg 768w\" sizes=\"auto, (max-width: 1024px) 100vw, 1024px\" \/><\/p>\n<p>&nbsp;<\/p>\n","protected":false},"excerpt":{"rendered":"<p>O bilstein group apoiou recentemente a&#8230;<\/p>\n","protected":false},"author":15,"featured_media":103340,"comment_status":"closed","ping_status":"closed","sticky":false,"template":"","format":"standard","meta":{"footnotes":""},"categories":[29],"tags":[1049,11361,7840,6402,12942,12943],"class_list":["post-103332","post","type-post","status-publish","format-standard","has-post-thumbnail","hentry","category-empresas","tag-bilstein-group-2","tag-criancas","tag-inclusao","tag-instalacao","tag-necessidades-educativas","tag-sala-snoezelen"],"yoast_head":"<!-- This site is optimized with the Yoast SEO plugin v27.4 - https:\/\/yoast.com\/product\/yoast-seo-wordpress\/ -->\n<title>bilstein group apoia projeto social na Malveira - Jornal das Oficinas<\/title>\n<meta name=\"description\" content=\"O bilstein group apoiou a instala\u00e7\u00e3o de uma Sala Snoezelen na Escola B\u00e1sica da Malveira, com o objetivo de promover o bem-estar e a inclus\u00e3o\" \/>\n<meta name=\"robots\" content=\"index, follow, max-snippet:-1, max-image-preview:large, max-video-preview:-1\" \/>\n<link rel=\"canonical\" href=\"https:\/\/jornaldasoficinas.com\/pt\/bilstein-group-apoia-projeto-social-na-malveira\/\" \/>\n<meta property=\"og:locale\" content=\"pt_PT\" \/>\n<meta property=\"og:type\" content=\"article\" \/>\n<meta property=\"og:title\" content=\"bilstein group apoia projeto social na Malveira - Jornal das Oficinas\" \/>\n<meta property=\"og:description\" content=\"O bilstein group apoiou a instala\u00e7\u00e3o de uma Sala Snoezelen na Escola B\u00e1sica da Malveira, com o objetivo de promover o bem-estar e a inclus\u00e3o\" \/>\n<meta property=\"og:url\" content=\"https:\/\/jornaldasoficinas.com\/pt\/bilstein-group-apoia-projeto-social-na-malveira\/\" \/>\n<meta property=\"og:site_name\" content=\"Jornal das Oficinas\" \/>\n<meta property=\"article:publisher\" content=\"https:\/\/www.facebook.com\/jornaloficinas\" \/>\n<meta property=\"article:published_time\" content=\"2025-06-20T17:00:40+00:00\" \/>\n<meta property=\"og:image\" content=\"https:\/\/jornaldasoficinas.com\/pt\/wp-content\/uploads\/2025\/06\/bilstein-group-apoia-projeto-social-na-Malveira.jpg\" \/>\n\t<meta property=\"og:image:width\" content=\"1024\" \/>\n\t<meta property=\"og:image:height\" content=\"581\" \/>\n\t<meta property=\"og:image:type\" content=\"image\/jpeg\" \/>\n<meta name=\"author\" content=\"Reda\u00e7\u00e3o JO\" \/>\n<meta name=\"twitter:card\" content=\"summary_large_image\" \/>\n<meta name=\"twitter:creator\" content=\"@jornaloficinas\" \/>\n<meta name=\"twitter:site\" content=\"@jornaloficinas\" \/>\n<meta name=\"twitter:label1\" content=\"Escrito por\" \/>\n\t<meta name=\"twitter:data1\" content=\"Reda\u00e7\u00e3o JO\" \/>\n\t<meta name=\"twitter:label2\" content=\"Tempo estimado de leitura\" \/>\n\t<meta name=\"twitter:data2\" content=\"4 minutos\" \/>\n<script type=\"application\/ld+json\" class=\"yoast-schema-graph\">{\"@context\":\"https:\\\/\\\/schema.org\",\"@graph\":[{\"@type\":\"Article\",\"@id\":\"https:\\\/\\\/jornaldasoficinas.com\\\/pt\\\/bilstein-group-apoia-projeto-social-na-malveira\\\/#article\",\"isPartOf\":{\"@id\":\"https:\\\/\\\/jornaldasoficinas.com\\\/pt\\\/bilstein-group-apoia-projeto-social-na-malveira\\\/\"},\"author\":{\"name\":\"Reda\u00e7\u00e3o JO\",\"@id\":\"https:\\\/\\\/jornaldasoficinas.com\\\/pt\\\/#\\\/schema\\\/person\\\/a38eef5de2c41d9e7c9ac10141afddf3\"},\"headline\":\"bilstein group apoia projeto social na Malveira\",\"datePublished\":\"2025-06-20T17:00:40+00:00\",\"mainEntityOfPage\":{\"@id\":\"https:\\\/\\\/jornaldasoficinas.com\\\/pt\\\/bilstein-group-apoia-projeto-social-na-malveira\\\/\"},\"wordCount\":644,\"publisher\":{\"@id\":\"https:\\\/\\\/jornaldasoficinas.com\\\/pt\\\/#organization\"},\"image\":{\"@id\":\"https:\\\/\\\/jornaldasoficinas.com\\\/pt\\\/bilstein-group-apoia-projeto-social-na-malveira\\\/#primaryimage\"},\"thumbnailUrl\":\"https:\\\/\\\/jornaldasoficinas.com\\\/pt\\\/wp-content\\\/uploads\\\/2025\\\/06\\\/bilstein-group-apoia-projeto-social-na-Malveira.jpg\",\"keywords\":[\"bilstein group\",\"crian\u00e7as\",\"inclus\u00e3o\",\"Instala\u00e7\u00e3o\",\"necessidades educativas\",\"Sala Snoezelen\"],\"articleSection\":[\"Empresas\"],\"inLanguage\":\"pt-PT\"},{\"@type\":\"WebPage\",\"@id\":\"https:\\\/\\\/jornaldasoficinas.com\\\/pt\\\/bilstein-group-apoia-projeto-social-na-malveira\\\/\",\"url\":\"https:\\\/\\\/jornaldasoficinas.com\\\/pt\\\/bilstein-group-apoia-projeto-social-na-malveira\\\/\",\"name\":\"bilstein group apoia projeto social na Malveira - Jornal das Oficinas\",\"isPartOf\":{\"@id\":\"https:\\\/\\\/jornaldasoficinas.com\\\/pt\\\/#website\"},\"primaryImageOfPage\":{\"@id\":\"https:\\\/\\\/jornaldasoficinas.com\\\/pt\\\/bilstein-group-apoia-projeto-social-na-malveira\\\/#primaryimage\"},\"image\":{\"@id\":\"https:\\\/\\\/jornaldasoficinas.com\\\/pt\\\/bilstein-group-apoia-projeto-social-na-malveira\\\/#primaryimage\"},\"thumbnailUrl\":\"https:\\\/\\\/jornaldasoficinas.com\\\/pt\\\/wp-content\\\/uploads\\\/2025\\\/06\\\/bilstein-group-apoia-projeto-social-na-Malveira.jpg\",\"datePublished\":\"2025-06-20T17:00:40+00:00\",\"description\":\"O bilstein group apoiou a instala\u00e7\u00e3o de uma Sala Snoezelen na Escola B\u00e1sica da Malveira, com o objetivo de promover o bem-estar e a inclus\u00e3o\",\"breadcrumb\":{\"@id\":\"https:\\\/\\\/jornaldasoficinas.com\\\/pt\\\/bilstein-group-apoia-projeto-social-na-malveira\\\/#breadcrumb\"},\"inLanguage\":\"pt-PT\",\"potentialAction\":[{\"@type\":\"ReadAction\",\"target\":[\"https:\\\/\\\/jornaldasoficinas.com\\\/pt\\\/bilstein-group-apoia-projeto-social-na-malveira\\\/\"]}]},{\"@type\":\"ImageObject\",\"inLanguage\":\"pt-PT\",\"@id\":\"https:\\\/\\\/jornaldasoficinas.com\\\/pt\\\/bilstein-group-apoia-projeto-social-na-malveira\\\/#primaryimage\",\"url\":\"https:\\\/\\\/jornaldasoficinas.com\\\/pt\\\/wp-content\\\/uploads\\\/2025\\\/06\\\/bilstein-group-apoia-projeto-social-na-Malveira.jpg\",\"contentUrl\":\"https:\\\/\\\/jornaldasoficinas.com\\\/pt\\\/wp-content\\\/uploads\\\/2025\\\/06\\\/bilstein-group-apoia-projeto-social-na-Malveira.jpg\",\"width\":1024,\"height\":581,\"caption\":\"06 - bilstein group apoia projeto social na Malveira\"},{\"@type\":\"BreadcrumbList\",\"@id\":\"https:\\\/\\\/jornaldasoficinas.com\\\/pt\\\/bilstein-group-apoia-projeto-social-na-malveira\\\/#breadcrumb\",\"itemListElement\":[{\"@type\":\"ListItem\",\"position\":1,\"name\":\"In\u00edcio\",\"item\":\"https:\\\/\\\/jornaldasoficinas.com\\\/pt\\\/\"},{\"@type\":\"ListItem\",\"position\":2,\"name\":\"bilstein group apoia projeto social na Malveira\"}]},{\"@type\":\"WebSite\",\"@id\":\"https:\\\/\\\/jornaldasoficinas.com\\\/pt\\\/#website\",\"url\":\"https:\\\/\\\/jornaldasoficinas.com\\\/pt\\\/\",\"name\":\"Jornal das Oficinas\",\"description\":\"Jornal independente do Aftermarket Autom\u00f3vel em Portugal\",\"publisher\":{\"@id\":\"https:\\\/\\\/jornaldasoficinas.com\\\/pt\\\/#organization\"},\"potentialAction\":[{\"@type\":\"SearchAction\",\"target\":{\"@type\":\"EntryPoint\",\"urlTemplate\":\"https:\\\/\\\/jornaldasoficinas.com\\\/pt\\\/?s={search_term_string}\"},\"query-input\":{\"@type\":\"PropertyValueSpecification\",\"valueRequired\":true,\"valueName\":\"search_term_string\"}}],\"inLanguage\":\"pt-PT\"},{\"@type\":\"Organization\",\"@id\":\"https:\\\/\\\/jornaldasoficinas.com\\\/pt\\\/#organization\",\"name\":\"Jornal das Oficinas\",\"url\":\"https:\\\/\\\/jornaldasoficinas.com\\\/pt\\\/\",\"logo\":{\"@type\":\"ImageObject\",\"inLanguage\":\"pt-PT\",\"@id\":\"https:\\\/\\\/jornaldasoficinas.com\\\/pt\\\/#\\\/schema\\\/logo\\\/image\\\/\",\"url\":\"https:\\\/\\\/jornaldasoficinas.com\\\/pt\\\/wp-content\\\/uploads\\\/logoJO-SEO.png\",\"contentUrl\":\"https:\\\/\\\/jornaldasoficinas.com\\\/pt\\\/wp-content\\\/uploads\\\/logoJO-SEO.png\",\"width\":285,\"height\":450,\"caption\":\"Jornal das Oficinas\"},\"image\":{\"@id\":\"https:\\\/\\\/jornaldasoficinas.com\\\/pt\\\/#\\\/schema\\\/logo\\\/image\\\/\"},\"sameAs\":[\"https:\\\/\\\/www.facebook.com\\\/jornaloficinas\",\"https:\\\/\\\/x.com\\\/jornaloficinas\",\"https:\\\/\\\/www.instagram.com\\\/jornal_oficinas\\\/\",\"https:\\\/\\\/www.linkedin.com\\\/company\\\/jornal-das-oficinas\\\/\",\"https:\\\/\\\/www.youtube.com\\\/channel\\\/UCbQZBqtcvV-oSQrr7RzINGg\"]},{\"@type\":\"Person\",\"@id\":\"https:\\\/\\\/jornaldasoficinas.com\\\/pt\\\/#\\\/schema\\\/person\\\/a38eef5de2c41d9e7c9ac10141afddf3\",\"name\":\"Reda\u00e7\u00e3o JO\",\"image\":{\"@type\":\"ImageObject\",\"inLanguage\":\"pt-PT\",\"@id\":\"https:\\\/\\\/secure.gravatar.com\\\/avatar\\\/71f2fa71737ad68a84fea94bc708ddac8ea5b0c4788dc2ad202f3ccb2887742f?s=96&d=wp_user_avatar&r=g\",\"url\":\"https:\\\/\\\/secure.gravatar.com\\\/avatar\\\/71f2fa71737ad68a84fea94bc708ddac8ea5b0c4788dc2ad202f3ccb2887742f?s=96&d=wp_user_avatar&r=g\",\"contentUrl\":\"https:\\\/\\\/secure.gravatar.com\\\/avatar\\\/71f2fa71737ad68a84fea94bc708ddac8ea5b0c4788dc2ad202f3ccb2887742f?s=96&d=wp_user_avatar&r=g\",\"caption\":\"Reda\u00e7\u00e3o JO\"},\"url\":\"https:\\\/\\\/jornaldasoficinas.com\\\/pt\\\/author\\\/joredacao\\\/\"}]}<\/script>\n<!-- \/ Yoast SEO plugin. -->","yoast_head_json":{"title":"bilstein group apoia projeto social na Malveira - Jornal das Oficinas","description":"O bilstein group apoiou a instala\u00e7\u00e3o de uma Sala Snoezelen na Escola B\u00e1sica da Malveira, com o objetivo de promover o bem-estar e a inclus\u00e3o","robots":{"index":"index","follow":"follow","max-snippet":"max-snippet:-1","max-image-preview":"max-image-preview:large","max-video-preview":"max-video-preview:-1"},"canonical":"https:\/\/jornaldasoficinas.com\/pt\/bilstein-group-apoia-projeto-social-na-malveira\/","og_locale":"pt_PT","og_type":"article","og_title":"bilstein group apoia projeto social na Malveira - Jornal das Oficinas","og_description":"O bilstein group apoiou a instala\u00e7\u00e3o de uma Sala Snoezelen na Escola B\u00e1sica da Malveira, com o objetivo de promover o bem-estar e a inclus\u00e3o","og_url":"https:\/\/jornaldasoficinas.com\/pt\/bilstein-group-apoia-projeto-social-na-malveira\/","og_site_name":"Jornal das Oficinas","article_publisher":"https:\/\/www.facebook.com\/jornaloficinas","article_published_time":"2025-06-20T17:00:40+00:00","og_image":[{"width":1024,"height":581,"url":"https:\/\/jornaldasoficinas.com\/pt\/wp-content\/uploads\/2025\/06\/bilstein-group-apoia-projeto-social-na-Malveira.jpg","type":"image\/jpeg"}],"author":"Reda\u00e7\u00e3o JO","twitter_card":"summary_large_image","twitter_creator":"@jornaloficinas","twitter_site":"@jornaloficinas","twitter_misc":{"Escrito por":"Reda\u00e7\u00e3o JO","Tempo estimado de leitura":"4 minutos"},"schema":{"@context":"https:\/\/schema.org","@graph":[{"@type":"Article","@id":"https:\/\/jornaldasoficinas.com\/pt\/bilstein-group-apoia-projeto-social-na-malveira\/#article","isPartOf":{"@id":"https:\/\/jornaldasoficinas.com\/pt\/bilstein-group-apoia-projeto-social-na-malveira\/"},"author":{"name":"Reda\u00e7\u00e3o JO","@id":"https:\/\/jornaldasoficinas.com\/pt\/#\/schema\/person\/a38eef5de2c41d9e7c9ac10141afddf3"},"headline":"bilstein group apoia projeto social na Malveira","datePublished":"2025-06-20T17:00:40+00:00","mainEntityOfPage":{"@id":"https:\/\/jornaldasoficinas.com\/pt\/bilstein-group-apoia-projeto-social-na-malveira\/"},"wordCount":644,"publisher":{"@id":"https:\/\/jornaldasoficinas.com\/pt\/#organization"},"image":{"@id":"https:\/\/jornaldasoficinas.com\/pt\/bilstein-group-apoia-projeto-social-na-malveira\/#primaryimage"},"thumbnailUrl":"https:\/\/jornaldasoficinas.com\/pt\/wp-content\/uploads\/2025\/06\/bilstein-group-apoia-projeto-social-na-Malveira.jpg","keywords":["bilstein group","crian\u00e7as","inclus\u00e3o","Instala\u00e7\u00e3o","necessidades educativas","Sala Snoezelen"],"articleSection":["Empresas"],"inLanguage":"pt-PT"},{"@type":"WebPage","@id":"https:\/\/jornaldasoficinas.com\/pt\/bilstein-group-apoia-projeto-social-na-malveira\/","url":"https:\/\/jornaldasoficinas.com\/pt\/bilstein-group-apoia-projeto-social-na-malveira\/","name":"bilstein group apoia projeto social na Malveira - Jornal das Oficinas","isPartOf":{"@id":"https:\/\/jornaldasoficinas.com\/pt\/#website"},"primaryImageOfPage":{"@id":"https:\/\/jornaldasoficinas.com\/pt\/bilstein-group-apoia-projeto-social-na-malveira\/#primaryimage"},"image":{"@id":"https:\/\/jornaldasoficinas.com\/pt\/bilstein-group-apoia-projeto-social-na-malveira\/#primaryimage"},"thumbnailUrl":"https:\/\/jornaldasoficinas.com\/pt\/wp-content\/uploads\/2025\/06\/bilstein-group-apoia-projeto-social-na-Malveira.jpg","datePublished":"2025-06-20T17:00:40+00:00","description":"O bilstein group apoiou a instala\u00e7\u00e3o de uma Sala Snoezelen na Escola B\u00e1sica da Malveira, com o objetivo de promover o bem-estar e a inclus\u00e3o","breadcrumb":{"@id":"https:\/\/jornaldasoficinas.com\/pt\/bilstein-group-apoia-projeto-social-na-malveira\/#breadcrumb"},"inLanguage":"pt-PT","potentialAction":[{"@type":"ReadAction","target":["https:\/\/jornaldasoficinas.com\/pt\/bilstein-group-apoia-projeto-social-na-malveira\/"]}]},{"@type":"ImageObject","inLanguage":"pt-PT","@id":"https:\/\/jornaldasoficinas.com\/pt\/bilstein-group-apoia-projeto-social-na-malveira\/#primaryimage","url":"https:\/\/jornaldasoficinas.com\/pt\/wp-content\/uploads\/2025\/06\/bilstein-group-apoia-projeto-social-na-Malveira.jpg","contentUrl":"https:\/\/jornaldasoficinas.com\/pt\/wp-content\/uploads\/2025\/06\/bilstein-group-apoia-projeto-social-na-Malveira.jpg","width":1024,"height":581,"caption":"06 - bilstein group apoia projeto social na Malveira"},{"@type":"BreadcrumbList","@id":"https:\/\/jornaldasoficinas.com\/pt\/bilstein-group-apoia-projeto-social-na-malveira\/#breadcrumb","itemListElement":[{"@type":"ListItem","position":1,"name":"In\u00edcio","item":"https:\/\/jornaldasoficinas.com\/pt\/"},{"@type":"ListItem","position":2,"name":"bilstein group apoia projeto social na Malveira"}]},{"@type":"WebSite","@id":"https:\/\/jornaldasoficinas.com\/pt\/#website","url":"https:\/\/jornaldasoficinas.com\/pt\/","name":"Jornal das Oficinas","description":"Jornal independente do Aftermarket Autom\u00f3vel em Portugal","publisher":{"@id":"https:\/\/jornaldasoficinas.com\/pt\/#organization"},"potentialAction":[{"@type":"SearchAction","target":{"@type":"EntryPoint","urlTemplate":"https:\/\/jornaldasoficinas.com\/pt\/?s={search_term_string}"},"query-input":{"@type":"PropertyValueSpecification","valueRequired":true,"valueName":"search_term_string"}}],"inLanguage":"pt-PT"},{"@type":"Organization","@id":"https:\/\/jornaldasoficinas.com\/pt\/#organization","name":"Jornal das Oficinas","url":"https:\/\/jornaldasoficinas.com\/pt\/","logo":{"@type":"ImageObject","inLanguage":"pt-PT","@id":"https:\/\/jornaldasoficinas.com\/pt\/#\/schema\/logo\/image\/","url":"https:\/\/jornaldasoficinas.com\/pt\/wp-content\/uploads\/logoJO-SEO.png","contentUrl":"https:\/\/jornaldasoficinas.com\/pt\/wp-content\/uploads\/logoJO-SEO.png","width":285,"height":450,"caption":"Jornal das Oficinas"},"image":{"@id":"https:\/\/jornaldasoficinas.com\/pt\/#\/schema\/logo\/image\/"},"sameAs":["https:\/\/www.facebook.com\/jornaloficinas","https:\/\/x.com\/jornaloficinas","https:\/\/www.instagram.com\/jornal_oficinas\/","https:\/\/www.linkedin.com\/company\/jornal-das-oficinas\/","https:\/\/www.youtube.com\/channel\/UCbQZBqtcvV-oSQrr7RzINGg"]},{"@type":"Person","@id":"https:\/\/jornaldasoficinas.com\/pt\/#\/schema\/person\/a38eef5de2c41d9e7c9ac10141afddf3","name":"Reda\u00e7\u00e3o JO","image":{"@type":"ImageObject","inLanguage":"pt-PT","@id":"https:\/\/secure.gravatar.com\/avatar\/71f2fa71737ad68a84fea94bc708ddac8ea5b0c4788dc2ad202f3ccb2887742f?s=96&d=wp_user_avatar&r=g","url":"https:\/\/secure.gravatar.com\/avatar\/71f2fa71737ad68a84fea94bc708ddac8ea5b0c4788dc2ad202f3ccb2887742f?s=96&d=wp_user_avatar&r=g","contentUrl":"https:\/\/secure.gravatar.com\/avatar\/71f2fa71737ad68a84fea94bc708ddac8ea5b0c4788dc2ad202f3ccb2887742f?s=96&d=wp_user_avatar&r=g","caption":"Reda\u00e7\u00e3o JO"},"url":"https:\/\/jornaldasoficinas.com\/pt\/author\/joredacao\/"}]}},"_links":{"self":[{"href":"https:\/\/jornaldasoficinas.com\/pt\/wp-json\/wp\/v2\/posts\/103332","targetHints":{"allow":["GET"]}}],"collection":[{"href":"https:\/\/jornaldasoficinas.com\/pt\/wp-json\/wp\/v2\/posts"}],"about":[{"href":"https:\/\/jornaldasoficinas.com\/pt\/wp-json\/wp\/v2\/types\/post"}],"author":[{"embeddable":true,"href":"https:\/\/jornaldasoficinas.com\/pt\/wp-json\/wp\/v2\/users\/15"}],"replies":[{"embeddable":true,"href":"https:\/\/jornaldasoficinas.com\/pt\/wp-json\/wp\/v2\/comments?post=103332"}],"version-history":[{"count":4,"href":"https:\/\/jornaldasoficinas.com\/pt\/wp-json\/wp\/v2\/posts\/103332\/revisions"}],"predecessor-version":[{"id":103341,"href":"https:\/\/jornaldasoficinas.com\/pt\/wp-json\/wp\/v2\/posts\/103332\/revisions\/103341"}],"wp:featuredmedia":[{"embeddable":true,"href":"https:\/\/jornaldasoficinas.com\/pt\/wp-json\/wp\/v2\/media\/103340"}],"wp:attachment":[{"href":"https:\/\/jornaldasoficinas.com\/pt\/wp-json\/wp\/v2\/media?parent=103332"}],"wp:term":[{"taxonomy":"category","embeddable":true,"href":"https:\/\/jornaldasoficinas.com\/pt\/wp-json\/wp\/v2\/categories?post=103332"},{"taxonomy":"post_tag","embeddable":true,"href":"https:\/\/jornaldasoficinas.com\/pt\/wp-json\/wp\/v2\/tags?post=103332"}],"curies":[{"name":"wp","href":"https:\/\/api.w.org\/{rel}","templated":true}]}}