{"id":103396,"date":"2025-06-20T12:30:52","date_gmt":"2025-06-20T11:30:52","guid":{"rendered":"https:\/\/jornaldasoficinas.com\/pt\/?p=103396"},"modified":"2025-06-18T16:29:00","modified_gmt":"2025-06-18T15:29:00","slug":"magneti-marelli-amplia-oferta-de-iluminacao","status":"publish","type":"post","link":"https:\/\/jornaldasoficinas.com\/pt\/magneti-marelli-amplia-oferta-de-iluminacao\/","title":{"rendered":"Magneti Marelli amplia oferta de ilumina\u00e7\u00e3o"},"content":{"rendered":"<p><strong><img loading=\"lazy\" decoding=\"async\" class=\"alignnone size-full wp-image-103423\" src=\"https:\/\/jornaldasoficinas.com\/pt\/wp-content\/uploads\/2025\/06\/Magneti-Marelli-amplia-oferta-de-iluminacao.png\" alt=\"06 - Magneti Marelli amplia oferta de iluminacao\" width=\"1024\" height=\"581\" srcset=\"https:\/\/jornaldasoficinas.com\/pt\/wp-content\/uploads\/2025\/06\/Magneti-Marelli-amplia-oferta-de-iluminacao.png 1024w, https:\/\/jornaldasoficinas.com\/pt\/wp-content\/uploads\/2025\/06\/Magneti-Marelli-amplia-oferta-de-iluminacao-300x170.png 300w, https:\/\/jornaldasoficinas.com\/pt\/wp-content\/uploads\/2025\/06\/Magneti-Marelli-amplia-oferta-de-iluminacao-150x85.png 150w, https:\/\/jornaldasoficinas.com\/pt\/wp-content\/uploads\/2025\/06\/Magneti-Marelli-amplia-oferta-de-iluminacao-768x436.png 768w\" sizes=\"auto, (max-width: 1024px) 100vw, 1024px\" \/><\/strong><\/p>\n<p><strong>A <a href=\"https:\/\/www.magnetimarelli-parts-and-services.pt\/\" target=\"_blank\" rel=\"noopener\">Magneti Marelli Parts &amp; Services<\/a> lan\u00e7ou 42 novas refer\u00eancias na sua gama de ilumina\u00e7\u00e3o, incluindo far\u00f3is e luzes de sinaliza\u00e7\u00e3o pra modelos de marcas como <a href=\"https:\/\/www.mercedes-benz.pt\/\" target=\"_blank\" rel=\"noopener\">Mercedes<\/a>, <a href=\"https:\/\/www.bmw.pt\/pt\/index.html\" target=\"_blank\" rel=\"noopener\">BMW<\/a> e <a href=\"https:\/\/www.toyota.pt\/\" target=\"_blank\" rel=\"noopener\">Toyota<\/a><\/strong><\/p>\n<p>A Magneti Marelli Parts &amp; Services acaba de expandir a sua gama de ilumina\u00e7\u00e3o com o lan\u00e7amento de novos produtos. S\u00e3o 42 novas refer\u00eancias, entre 24 far\u00f3is e 18 luzes de sinaliza\u00e7\u00e3o.<\/p>\n<p>A nova gama inclui far\u00f3is e luzes compat\u00edveis com marcas de prest\u00edgio como a Mercedes, BMW, Fiat e Toyota \u2013 entre outras \u2013 em modelos como o Mercedes GLE, BMW IX e Toyota Proace.<\/p>\n<p>Este refor\u00e7o de portf\u00f3lio sublinha o compromisso da marca com a mobilidade do futuro, inclu\u00eddo a el\u00e9trica. Algumas das novas refer\u00eancias foram desenvolvidas para aplica\u00e7\u00f5es em ve\u00edculos el\u00e9tricos. A maioria dos produtos estar\u00e1 dispon\u00edvel no mercado j\u00e1 a partir de julho.<\/p>\n","protected":false},"excerpt":{"rendered":"<p>A Magneti Marelli Parts &amp; Services&#8230;<\/p>\n","protected":false},"author":15,"featured_media":103423,"comment_status":"closed","ping_status":"closed","sticky":false,"template":"","format":"standard","meta":{"footnotes":""},"categories":[29],"tags":[12956,81,407,7834,193,1516,4831,7465,399],"class_list":["post-103396","post","type-post","status-publish","format-standard","has-post-thumbnail","hentry","category-empresas","tag-42-referencias","tag-bmw","tag-iluminacao","tag-lancamento","tag-magneti-marelli","tag-mercedes","tag-nova-gama","tag-novidade","tag-toyota"],"yoast_head":"<!-- This site is optimized with the Yoast SEO plugin v27.4 - https:\/\/yoast.com\/product\/yoast-seo-wordpress\/ -->\n<title>Magneti Marelli amplia oferta de ilumina\u00e7\u00e3o - Jornal das Oficinas<\/title>\n<meta name=\"description\" content=\"A Magneti Marelli Parts &amp; Services lan\u00e7ou 42 novas refer\u00eancias na sua gama de ilumina\u00e7\u00e3o, incluindo far\u00f3is e luzes de sinaliza\u00e7\u00e3o\" \/>\n<meta name=\"robots\" content=\"index, follow, max-snippet:-1, max-image-preview:large, max-video-preview:-1\" \/>\n<link rel=\"canonical\" href=\"https:\/\/jornaldasoficinas.com\/pt\/magneti-marelli-amplia-oferta-de-iluminacao\/\" \/>\n<meta property=\"og:locale\" content=\"pt_PT\" \/>\n<meta property=\"og:type\" content=\"article\" \/>\n<meta property=\"og:title\" content=\"Magneti Marelli amplia oferta de ilumina\u00e7\u00e3o - Jornal das Oficinas\" \/>\n<meta property=\"og:description\" content=\"A Magneti Marelli Parts &amp; Services lan\u00e7ou 42 novas refer\u00eancias na sua gama de ilumina\u00e7\u00e3o, incluindo far\u00f3is e luzes de sinaliza\u00e7\u00e3o\" \/>\n<meta property=\"og:url\" content=\"https:\/\/jornaldasoficinas.com\/pt\/magneti-marelli-amplia-oferta-de-iluminacao\/\" \/>\n<meta property=\"og:site_name\" content=\"Jornal das Oficinas\" \/>\n<meta property=\"article:publisher\" content=\"https:\/\/www.facebook.com\/jornaloficinas\" \/>\n<meta property=\"article:published_time\" content=\"2025-06-20T11:30:52+00:00\" \/>\n<meta property=\"og:image\" content=\"https:\/\/jornaldasoficinas.com\/pt\/wp-content\/uploads\/2025\/06\/Magneti-Marelli-amplia-oferta-de-iluminacao.png\" \/>\n\t<meta property=\"og:image:width\" content=\"1024\" \/>\n\t<meta property=\"og:image:height\" content=\"581\" \/>\n\t<meta property=\"og:image:type\" content=\"image\/png\" \/>\n<meta name=\"author\" content=\"Reda\u00e7\u00e3o JO\" \/>\n<meta name=\"twitter:card\" content=\"summary_large_image\" \/>\n<meta name=\"twitter:creator\" content=\"@jornaloficinas\" \/>\n<meta name=\"twitter:site\" content=\"@jornaloficinas\" \/>\n<meta name=\"twitter:label1\" content=\"Escrito por\" \/>\n\t<meta name=\"twitter:data1\" content=\"Reda\u00e7\u00e3o JO\" \/>\n\t<meta name=\"twitter:label2\" content=\"Tempo estimado de leitura\" \/>\n\t<meta name=\"twitter:data2\" content=\"1 minuto\" \/>\n<script type=\"application\/ld+json\" class=\"yoast-schema-graph\">{\"@context\":\"https:\\\/\\\/schema.org\",\"@graph\":[{\"@type\":\"Article\",\"@id\":\"https:\\\/\\\/jornaldasoficinas.com\\\/pt\\\/magneti-marelli-amplia-oferta-de-iluminacao\\\/#article\",\"isPartOf\":{\"@id\":\"https:\\\/\\\/jornaldasoficinas.com\\\/pt\\\/magneti-marelli-amplia-oferta-de-iluminacao\\\/\"},\"author\":{\"name\":\"Reda\u00e7\u00e3o JO\",\"@id\":\"https:\\\/\\\/jornaldasoficinas.com\\\/pt\\\/#\\\/schema\\\/person\\\/a38eef5de2c41d9e7c9ac10141afddf3\"},\"headline\":\"Magneti Marelli amplia oferta de ilumina\u00e7\u00e3o\",\"datePublished\":\"2025-06-20T11:30:52+00:00\",\"mainEntityOfPage\":{\"@id\":\"https:\\\/\\\/jornaldasoficinas.com\\\/pt\\\/magneti-marelli-amplia-oferta-de-iluminacao\\\/\"},\"wordCount\":161,\"publisher\":{\"@id\":\"https:\\\/\\\/jornaldasoficinas.com\\\/pt\\\/#organization\"},\"image\":{\"@id\":\"https:\\\/\\\/jornaldasoficinas.com\\\/pt\\\/magneti-marelli-amplia-oferta-de-iluminacao\\\/#primaryimage\"},\"thumbnailUrl\":\"https:\\\/\\\/jornaldasoficinas.com\\\/pt\\\/wp-content\\\/uploads\\\/2025\\\/06\\\/Magneti-Marelli-amplia-oferta-de-iluminacao.png\",\"keywords\":[\"42 refer\u00eancias\",\"BMW\",\"Ilumina\u00e7\u00e3o\",\"lan\u00e7amento\",\"Magneti Marelli\",\"Mercedes\",\"nova gama\",\"novidade\",\"Toyota\"],\"articleSection\":[\"Empresas\"],\"inLanguage\":\"pt-PT\"},{\"@type\":\"WebPage\",\"@id\":\"https:\\\/\\\/jornaldasoficinas.com\\\/pt\\\/magneti-marelli-amplia-oferta-de-iluminacao\\\/\",\"url\":\"https:\\\/\\\/jornaldasoficinas.com\\\/pt\\\/magneti-marelli-amplia-oferta-de-iluminacao\\\/\",\"name\":\"Magneti Marelli amplia oferta de ilumina\u00e7\u00e3o - Jornal das Oficinas\",\"isPartOf\":{\"@id\":\"https:\\\/\\\/jornaldasoficinas.com\\\/pt\\\/#website\"},\"primaryImageOfPage\":{\"@id\":\"https:\\\/\\\/jornaldasoficinas.com\\\/pt\\\/magneti-marelli-amplia-oferta-de-iluminacao\\\/#primaryimage\"},\"image\":{\"@id\":\"https:\\\/\\\/jornaldasoficinas.com\\\/pt\\\/magneti-marelli-amplia-oferta-de-iluminacao\\\/#primaryimage\"},\"thumbnailUrl\":\"https:\\\/\\\/jornaldasoficinas.com\\\/pt\\\/wp-content\\\/uploads\\\/2025\\\/06\\\/Magneti-Marelli-amplia-oferta-de-iluminacao.png\",\"datePublished\":\"2025-06-20T11:30:52+00:00\",\"description\":\"A Magneti Marelli Parts & Services lan\u00e7ou 42 novas refer\u00eancias na sua gama de ilumina\u00e7\u00e3o, incluindo far\u00f3is e luzes de sinaliza\u00e7\u00e3o\",\"breadcrumb\":{\"@id\":\"https:\\\/\\\/jornaldasoficinas.com\\\/pt\\\/magneti-marelli-amplia-oferta-de-iluminacao\\\/#breadcrumb\"},\"inLanguage\":\"pt-PT\",\"potentialAction\":[{\"@type\":\"ReadAction\",\"target\":[\"https:\\\/\\\/jornaldasoficinas.com\\\/pt\\\/magneti-marelli-amplia-oferta-de-iluminacao\\\/\"]}]},{\"@type\":\"ImageObject\",\"inLanguage\":\"pt-PT\",\"@id\":\"https:\\\/\\\/jornaldasoficinas.com\\\/pt\\\/magneti-marelli-amplia-oferta-de-iluminacao\\\/#primaryimage\",\"url\":\"https:\\\/\\\/jornaldasoficinas.com\\\/pt\\\/wp-content\\\/uploads\\\/2025\\\/06\\\/Magneti-Marelli-amplia-oferta-de-iluminacao.png\",\"contentUrl\":\"https:\\\/\\\/jornaldasoficinas.com\\\/pt\\\/wp-content\\\/uploads\\\/2025\\\/06\\\/Magneti-Marelli-amplia-oferta-de-iluminacao.png\",\"width\":1024,\"height\":581,\"caption\":\"06 - Magneti Marelli amplia oferta de iluminacao\"},{\"@type\":\"BreadcrumbList\",\"@id\":\"https:\\\/\\\/jornaldasoficinas.com\\\/pt\\\/magneti-marelli-amplia-oferta-de-iluminacao\\\/#breadcrumb\",\"itemListElement\":[{\"@type\":\"ListItem\",\"position\":1,\"name\":\"In\u00edcio\",\"item\":\"https:\\\/\\\/jornaldasoficinas.com\\\/pt\\\/\"},{\"@type\":\"ListItem\",\"position\":2,\"name\":\"Magneti Marelli amplia oferta de ilumina\u00e7\u00e3o\"}]},{\"@type\":\"WebSite\",\"@id\":\"https:\\\/\\\/jornaldasoficinas.com\\\/pt\\\/#website\",\"url\":\"https:\\\/\\\/jornaldasoficinas.com\\\/pt\\\/\",\"name\":\"Jornal das Oficinas\",\"description\":\"Jornal independente do Aftermarket Autom\u00f3vel em Portugal\",\"publisher\":{\"@id\":\"https:\\\/\\\/jornaldasoficinas.com\\\/pt\\\/#organization\"},\"potentialAction\":[{\"@type\":\"SearchAction\",\"target\":{\"@type\":\"EntryPoint\",\"urlTemplate\":\"https:\\\/\\\/jornaldasoficinas.com\\\/pt\\\/?s={search_term_string}\"},\"query-input\":{\"@type\":\"PropertyValueSpecification\",\"valueRequired\":true,\"valueName\":\"search_term_string\"}}],\"inLanguage\":\"pt-PT\"},{\"@type\":\"Organization\",\"@id\":\"https:\\\/\\\/jornaldasoficinas.com\\\/pt\\\/#organization\",\"name\":\"Jornal das Oficinas\",\"url\":\"https:\\\/\\\/jornaldasoficinas.com\\\/pt\\\/\",\"logo\":{\"@type\":\"ImageObject\",\"inLanguage\":\"pt-PT\",\"@id\":\"https:\\\/\\\/jornaldasoficinas.com\\\/pt\\\/#\\\/schema\\\/logo\\\/image\\\/\",\"url\":\"https:\\\/\\\/jornaldasoficinas.com\\\/pt\\\/wp-content\\\/uploads\\\/logoJO-SEO.png\",\"contentUrl\":\"https:\\\/\\\/jornaldasoficinas.com\\\/pt\\\/wp-content\\\/uploads\\\/logoJO-SEO.png\",\"width\":285,\"height\":450,\"caption\":\"Jornal das Oficinas\"},\"image\":{\"@id\":\"https:\\\/\\\/jornaldasoficinas.com\\\/pt\\\/#\\\/schema\\\/logo\\\/image\\\/\"},\"sameAs\":[\"https:\\\/\\\/www.facebook.com\\\/jornaloficinas\",\"https:\\\/\\\/x.com\\\/jornaloficinas\",\"https:\\\/\\\/www.instagram.com\\\/jornal_oficinas\\\/\",\"https:\\\/\\\/www.linkedin.com\\\/company\\\/jornal-das-oficinas\\\/\",\"https:\\\/\\\/www.youtube.com\\\/channel\\\/UCbQZBqtcvV-oSQrr7RzINGg\"]},{\"@type\":\"Person\",\"@id\":\"https:\\\/\\\/jornaldasoficinas.com\\\/pt\\\/#\\\/schema\\\/person\\\/a38eef5de2c41d9e7c9ac10141afddf3\",\"name\":\"Reda\u00e7\u00e3o JO\",\"image\":{\"@type\":\"ImageObject\",\"inLanguage\":\"pt-PT\",\"@id\":\"https:\\\/\\\/secure.gravatar.com\\\/avatar\\\/71f2fa71737ad68a84fea94bc708ddac8ea5b0c4788dc2ad202f3ccb2887742f?s=96&d=wp_user_avatar&r=g\",\"url\":\"https:\\\/\\\/secure.gravatar.com\\\/avatar\\\/71f2fa71737ad68a84fea94bc708ddac8ea5b0c4788dc2ad202f3ccb2887742f?s=96&d=wp_user_avatar&r=g\",\"contentUrl\":\"https:\\\/\\\/secure.gravatar.com\\\/avatar\\\/71f2fa71737ad68a84fea94bc708ddac8ea5b0c4788dc2ad202f3ccb2887742f?s=96&d=wp_user_avatar&r=g\",\"caption\":\"Reda\u00e7\u00e3o JO\"},\"url\":\"https:\\\/\\\/jornaldasoficinas.com\\\/pt\\\/author\\\/joredacao\\\/\"}]}<\/script>\n<!-- \/ Yoast SEO plugin. -->","yoast_head_json":{"title":"Magneti Marelli amplia oferta de ilumina\u00e7\u00e3o - Jornal das Oficinas","description":"A Magneti Marelli Parts & Services lan\u00e7ou 42 novas refer\u00eancias na sua gama de ilumina\u00e7\u00e3o, incluindo far\u00f3is e luzes de sinaliza\u00e7\u00e3o","robots":{"index":"index","follow":"follow","max-snippet":"max-snippet:-1","max-image-preview":"max-image-preview:large","max-video-preview":"max-video-preview:-1"},"canonical":"https:\/\/jornaldasoficinas.com\/pt\/magneti-marelli-amplia-oferta-de-iluminacao\/","og_locale":"pt_PT","og_type":"article","og_title":"Magneti Marelli amplia oferta de ilumina\u00e7\u00e3o - Jornal das Oficinas","og_description":"A Magneti Marelli Parts & Services lan\u00e7ou 42 novas refer\u00eancias na sua gama de ilumina\u00e7\u00e3o, incluindo far\u00f3is e luzes de sinaliza\u00e7\u00e3o","og_url":"https:\/\/jornaldasoficinas.com\/pt\/magneti-marelli-amplia-oferta-de-iluminacao\/","og_site_name":"Jornal das Oficinas","article_publisher":"https:\/\/www.facebook.com\/jornaloficinas","article_published_time":"2025-06-20T11:30:52+00:00","og_image":[{"width":1024,"height":581,"url":"https:\/\/jornaldasoficinas.com\/pt\/wp-content\/uploads\/2025\/06\/Magneti-Marelli-amplia-oferta-de-iluminacao.png","type":"image\/png"}],"author":"Reda\u00e7\u00e3o JO","twitter_card":"summary_large_image","twitter_creator":"@jornaloficinas","twitter_site":"@jornaloficinas","twitter_misc":{"Escrito por":"Reda\u00e7\u00e3o JO","Tempo estimado de leitura":"1 minuto"},"schema":{"@context":"https:\/\/schema.org","@graph":[{"@type":"Article","@id":"https:\/\/jornaldasoficinas.com\/pt\/magneti-marelli-amplia-oferta-de-iluminacao\/#article","isPartOf":{"@id":"https:\/\/jornaldasoficinas.com\/pt\/magneti-marelli-amplia-oferta-de-iluminacao\/"},"author":{"name":"Reda\u00e7\u00e3o JO","@id":"https:\/\/jornaldasoficinas.com\/pt\/#\/schema\/person\/a38eef5de2c41d9e7c9ac10141afddf3"},"headline":"Magneti Marelli amplia oferta de ilumina\u00e7\u00e3o","datePublished":"2025-06-20T11:30:52+00:00","mainEntityOfPage":{"@id":"https:\/\/jornaldasoficinas.com\/pt\/magneti-marelli-amplia-oferta-de-iluminacao\/"},"wordCount":161,"publisher":{"@id":"https:\/\/jornaldasoficinas.com\/pt\/#organization"},"image":{"@id":"https:\/\/jornaldasoficinas.com\/pt\/magneti-marelli-amplia-oferta-de-iluminacao\/#primaryimage"},"thumbnailUrl":"https:\/\/jornaldasoficinas.com\/pt\/wp-content\/uploads\/2025\/06\/Magneti-Marelli-amplia-oferta-de-iluminacao.png","keywords":["42 refer\u00eancias","BMW","Ilumina\u00e7\u00e3o","lan\u00e7amento","Magneti Marelli","Mercedes","nova gama","novidade","Toyota"],"articleSection":["Empresas"],"inLanguage":"pt-PT"},{"@type":"WebPage","@id":"https:\/\/jornaldasoficinas.com\/pt\/magneti-marelli-amplia-oferta-de-iluminacao\/","url":"https:\/\/jornaldasoficinas.com\/pt\/magneti-marelli-amplia-oferta-de-iluminacao\/","name":"Magneti Marelli amplia oferta de ilumina\u00e7\u00e3o - Jornal das Oficinas","isPartOf":{"@id":"https:\/\/jornaldasoficinas.com\/pt\/#website"},"primaryImageOfPage":{"@id":"https:\/\/jornaldasoficinas.com\/pt\/magneti-marelli-amplia-oferta-de-iluminacao\/#primaryimage"},"image":{"@id":"https:\/\/jornaldasoficinas.com\/pt\/magneti-marelli-amplia-oferta-de-iluminacao\/#primaryimage"},"thumbnailUrl":"https:\/\/jornaldasoficinas.com\/pt\/wp-content\/uploads\/2025\/06\/Magneti-Marelli-amplia-oferta-de-iluminacao.png","datePublished":"2025-06-20T11:30:52+00:00","description":"A Magneti Marelli Parts & Services lan\u00e7ou 42 novas refer\u00eancias na sua gama de ilumina\u00e7\u00e3o, incluindo far\u00f3is e luzes de sinaliza\u00e7\u00e3o","breadcrumb":{"@id":"https:\/\/jornaldasoficinas.com\/pt\/magneti-marelli-amplia-oferta-de-iluminacao\/#breadcrumb"},"inLanguage":"pt-PT","potentialAction":[{"@type":"ReadAction","target":["https:\/\/jornaldasoficinas.com\/pt\/magneti-marelli-amplia-oferta-de-iluminacao\/"]}]},{"@type":"ImageObject","inLanguage":"pt-PT","@id":"https:\/\/jornaldasoficinas.com\/pt\/magneti-marelli-amplia-oferta-de-iluminacao\/#primaryimage","url":"https:\/\/jornaldasoficinas.com\/pt\/wp-content\/uploads\/2025\/06\/Magneti-Marelli-amplia-oferta-de-iluminacao.png","contentUrl":"https:\/\/jornaldasoficinas.com\/pt\/wp-content\/uploads\/2025\/06\/Magneti-Marelli-amplia-oferta-de-iluminacao.png","width":1024,"height":581,"caption":"06 - Magneti Marelli amplia oferta de iluminacao"},{"@type":"BreadcrumbList","@id":"https:\/\/jornaldasoficinas.com\/pt\/magneti-marelli-amplia-oferta-de-iluminacao\/#breadcrumb","itemListElement":[{"@type":"ListItem","position":1,"name":"In\u00edcio","item":"https:\/\/jornaldasoficinas.com\/pt\/"},{"@type":"ListItem","position":2,"name":"Magneti Marelli amplia oferta de ilumina\u00e7\u00e3o"}]},{"@type":"WebSite","@id":"https:\/\/jornaldasoficinas.com\/pt\/#website","url":"https:\/\/jornaldasoficinas.com\/pt\/","name":"Jornal das Oficinas","description":"Jornal independente do Aftermarket Autom\u00f3vel em Portugal","publisher":{"@id":"https:\/\/jornaldasoficinas.com\/pt\/#organization"},"potentialAction":[{"@type":"SearchAction","target":{"@type":"EntryPoint","urlTemplate":"https:\/\/jornaldasoficinas.com\/pt\/?s={search_term_string}"},"query-input":{"@type":"PropertyValueSpecification","valueRequired":true,"valueName":"search_term_string"}}],"inLanguage":"pt-PT"},{"@type":"Organization","@id":"https:\/\/jornaldasoficinas.com\/pt\/#organization","name":"Jornal das Oficinas","url":"https:\/\/jornaldasoficinas.com\/pt\/","logo":{"@type":"ImageObject","inLanguage":"pt-PT","@id":"https:\/\/jornaldasoficinas.com\/pt\/#\/schema\/logo\/image\/","url":"https:\/\/jornaldasoficinas.com\/pt\/wp-content\/uploads\/logoJO-SEO.png","contentUrl":"https:\/\/jornaldasoficinas.com\/pt\/wp-content\/uploads\/logoJO-SEO.png","width":285,"height":450,"caption":"Jornal das Oficinas"},"image":{"@id":"https:\/\/jornaldasoficinas.com\/pt\/#\/schema\/logo\/image\/"},"sameAs":["https:\/\/www.facebook.com\/jornaloficinas","https:\/\/x.com\/jornaloficinas","https:\/\/www.instagram.com\/jornal_oficinas\/","https:\/\/www.linkedin.com\/company\/jornal-das-oficinas\/","https:\/\/www.youtube.com\/channel\/UCbQZBqtcvV-oSQrr7RzINGg"]},{"@type":"Person","@id":"https:\/\/jornaldasoficinas.com\/pt\/#\/schema\/person\/a38eef5de2c41d9e7c9ac10141afddf3","name":"Reda\u00e7\u00e3o JO","image":{"@type":"ImageObject","inLanguage":"pt-PT","@id":"https:\/\/secure.gravatar.com\/avatar\/71f2fa71737ad68a84fea94bc708ddac8ea5b0c4788dc2ad202f3ccb2887742f?s=96&d=wp_user_avatar&r=g","url":"https:\/\/secure.gravatar.com\/avatar\/71f2fa71737ad68a84fea94bc708ddac8ea5b0c4788dc2ad202f3ccb2887742f?s=96&d=wp_user_avatar&r=g","contentUrl":"https:\/\/secure.gravatar.com\/avatar\/71f2fa71737ad68a84fea94bc708ddac8ea5b0c4788dc2ad202f3ccb2887742f?s=96&d=wp_user_avatar&r=g","caption":"Reda\u00e7\u00e3o JO"},"url":"https:\/\/jornaldasoficinas.com\/pt\/author\/joredacao\/"}]}},"_links":{"self":[{"href":"https:\/\/jornaldasoficinas.com\/pt\/wp-json\/wp\/v2\/posts\/103396","targetHints":{"allow":["GET"]}}],"collection":[{"href":"https:\/\/jornaldasoficinas.com\/pt\/wp-json\/wp\/v2\/posts"}],"about":[{"href":"https:\/\/jornaldasoficinas.com\/pt\/wp-json\/wp\/v2\/types\/post"}],"author":[{"embeddable":true,"href":"https:\/\/jornaldasoficinas.com\/pt\/wp-json\/wp\/v2\/users\/15"}],"replies":[{"embeddable":true,"href":"https:\/\/jornaldasoficinas.com\/pt\/wp-json\/wp\/v2\/comments?post=103396"}],"version-history":[{"count":5,"href":"https:\/\/jornaldasoficinas.com\/pt\/wp-json\/wp\/v2\/posts\/103396\/revisions"}],"predecessor-version":[{"id":103426,"href":"https:\/\/jornaldasoficinas.com\/pt\/wp-json\/wp\/v2\/posts\/103396\/revisions\/103426"}],"wp:featuredmedia":[{"embeddable":true,"href":"https:\/\/jornaldasoficinas.com\/pt\/wp-json\/wp\/v2\/media\/103423"}],"wp:attachment":[{"href":"https:\/\/jornaldasoficinas.com\/pt\/wp-json\/wp\/v2\/media?parent=103396"}],"wp:term":[{"taxonomy":"category","embeddable":true,"href":"https:\/\/jornaldasoficinas.com\/pt\/wp-json\/wp\/v2\/categories?post=103396"},{"taxonomy":"post_tag","embeddable":true,"href":"https:\/\/jornaldasoficinas.com\/pt\/wp-json\/wp\/v2\/tags?post=103396"}],"curies":[{"name":"wp","href":"https:\/\/api.w.org\/{rel}","templated":true}]}}