{"id":103479,"date":"2025-06-24T12:30:52","date_gmt":"2025-06-24T11:30:52","guid":{"rendered":"https:\/\/jornaldasoficinas.com\/pt\/?p=103479"},"modified":"2025-06-23T16:36:51","modified_gmt":"2025-06-23T15:36:51","slug":"denso-atualiza-dados-tecnicos-das-velas-de-ignicao-m12","status":"publish","type":"post","link":"https:\/\/jornaldasoficinas.com\/pt\/denso-atualiza-dados-tecnicos-das-velas-de-ignicao-m12\/","title":{"rendered":"DENSO atualiza dados t\u00e9cnicos das velas de igni\u00e7\u00e3o M12"},"content":{"rendered":"<p><strong><img loading=\"lazy\" decoding=\"async\" class=\"alignnone size-full wp-image-103493\" src=\"https:\/\/jornaldasoficinas.com\/pt\/wp-content\/uploads\/2025\/06\/DENSO-atualiza-dados-tecnicos-das-velas-de-ignicao-M12.png\" alt=\"06 - DENSO atualiza dados tecnicos das velas de ignicao M12\" width=\"1024\" height=\"581\" srcset=\"https:\/\/jornaldasoficinas.com\/pt\/wp-content\/uploads\/2025\/06\/DENSO-atualiza-dados-tecnicos-das-velas-de-ignicao-M12.png 1024w, https:\/\/jornaldasoficinas.com\/pt\/wp-content\/uploads\/2025\/06\/DENSO-atualiza-dados-tecnicos-das-velas-de-ignicao-M12-300x170.png 300w, https:\/\/jornaldasoficinas.com\/pt\/wp-content\/uploads\/2025\/06\/DENSO-atualiza-dados-tecnicos-das-velas-de-ignicao-M12-150x85.png 150w, https:\/\/jornaldasoficinas.com\/pt\/wp-content\/uploads\/2025\/06\/DENSO-atualiza-dados-tecnicos-das-velas-de-ignicao-M12-768x436.png 768w\" sizes=\"auto, (max-width: 1024px) 100vw, 1024px\" \/><\/strong><\/p>\n<p><strong>A <a href=\"https:\/\/www.denso-am.eu\/\" target=\"_blank\" rel=\"noopener\">DENSO<\/a> publicou um novo boletim com atualiza\u00e7\u00f5es sobre a faixa de calor das velas de igni\u00e7\u00e3o M12, esclarecendo d\u00favidas t\u00e9cnicas e ajudando a identificar facilmente a refer\u00eancia certa para substitui\u00e7\u00e3o<\/strong><\/p>\n<p>Comparar produtos de diferentes fabricantes pode ser complexo, especialmente no caso das velas de igni\u00e7\u00e3o. Para facilitar este processo, a DENSO publicou um <a href=\"https:\/\/assets.denso-am.eu\/production\/attachments\/Spark-Plug-Product-Bulletin_M12-Heat-range-cross-and-Identification-table-update_01-SP-2025-EU.pdf?_gl=1*1jcbips*_ga*OTQ4MTM3MzE1LjE3NTAxODEyMDY.*_ga_KVZQSZK2E5*czE3NTA2OTI5MzckbzkkZzEkdDE3NTA2OTI5MzckajYwJGwwJGgw\" target=\"_blank\" rel=\"noopener\">boletim<\/a> que esclarece a faixa de temperatura das velas M12, permitindo identificar mais facilmente a refer\u00eancia certa para substitui\u00e7\u00e3o.<\/p>\n<p>Neste documento, a marca atualiza as informa\u00e7\u00f5es sobre a faixa de calor deste modelo nas suas tabelas de identifica\u00e7\u00e3o, que incluem detalhes t\u00e9cnicos como tamanhos e medidas.<\/p>\n<p>A gama de velas da DENSO est\u00e1 dividida entre aplica\u00e7\u00f5es OE (equipamento original) e IAM (mercado independente), sendo necess\u00e1rio consultar duas tabelas distintas para encontrar equival\u00eancias \u2014 uma para OE e outra para as linhas atualizadas IAM, como DENSO-TT, Iridium Power, Iridium Tough e Iridium Racing.<\/p>\n<p>Algumas velas M12 com di\u00e2metro cer\u00e2mico de 9 mm utilizam uma escala alternativa com a letra &#8220;C&#8221;, o que pode gerar d\u00favidas. Apesar de indicar uma faixa de calor teoricamente inferior \u00e0 das vers\u00f5es &#8220;XE&#8221;, o desempenho e as dimens\u00f5es s\u00e3o equivalentes.<\/p>\n<p>&nbsp;<\/p>\n","protected":false},"excerpt":{"rendered":"<p>A DENSO publicou um novo boletim&#8230;<\/p>\n","protected":false},"author":15,"featured_media":103493,"comment_status":"closed","ping_status":"closed","sticky":false,"template":"","format":"standard","meta":{"footnotes":""},"categories":[29],"tags":[12962,1356,7924,5867,388,307],"class_list":["post-103479","post","type-post","status-publish","format-standard","has-post-thumbnail","hentry","category-empresas","tag-boletim-tecnico","tag-denso","tag-equipamento-original","tag-mercado-independente","tag-pecas-de-reposicao","tag-velas-de-ignicao"],"yoast_head":"<!-- This site is optimized with the Yoast SEO plugin v27.4 - https:\/\/yoast.com\/product\/yoast-seo-wordpress\/ -->\n<title>DENSO atualiza dados t\u00e9cnicos das velas de igni\u00e7\u00e3o M12 - Jornal das Oficinas<\/title>\n<meta name=\"description\" content=\"A DENSO publicou um novo boletim com atualiza\u00e7\u00f5es sobre a faixa de calor das velas de igni\u00e7\u00e3o M12, esclarecendo d\u00favidas t\u00e9cnicas\" \/>\n<meta name=\"robots\" content=\"index, follow, max-snippet:-1, max-image-preview:large, max-video-preview:-1\" \/>\n<link rel=\"canonical\" href=\"https:\/\/jornaldasoficinas.com\/pt\/denso-atualiza-dados-tecnicos-das-velas-de-ignicao-m12\/\" \/>\n<meta property=\"og:locale\" content=\"pt_PT\" \/>\n<meta property=\"og:type\" content=\"article\" \/>\n<meta property=\"og:title\" content=\"DENSO atualiza dados t\u00e9cnicos das velas de igni\u00e7\u00e3o M12 - Jornal das Oficinas\" \/>\n<meta property=\"og:description\" content=\"A DENSO publicou um novo boletim com atualiza\u00e7\u00f5es sobre a faixa de calor das velas de igni\u00e7\u00e3o M12, esclarecendo d\u00favidas t\u00e9cnicas\" \/>\n<meta property=\"og:url\" content=\"https:\/\/jornaldasoficinas.com\/pt\/denso-atualiza-dados-tecnicos-das-velas-de-ignicao-m12\/\" \/>\n<meta property=\"og:site_name\" content=\"Jornal das Oficinas\" \/>\n<meta property=\"article:publisher\" content=\"https:\/\/www.facebook.com\/jornaloficinas\" \/>\n<meta property=\"article:published_time\" content=\"2025-06-24T11:30:52+00:00\" \/>\n<meta property=\"og:image\" content=\"https:\/\/jornaldasoficinas.com\/pt\/wp-content\/uploads\/2025\/06\/DENSO-atualiza-dados-tecnicos-das-velas-de-ignicao-M12.png\" \/>\n\t<meta property=\"og:image:width\" content=\"1024\" \/>\n\t<meta property=\"og:image:height\" content=\"581\" \/>\n\t<meta property=\"og:image:type\" content=\"image\/png\" \/>\n<meta name=\"author\" content=\"Reda\u00e7\u00e3o JO\" \/>\n<meta name=\"twitter:card\" content=\"summary_large_image\" \/>\n<meta name=\"twitter:creator\" content=\"@jornaloficinas\" \/>\n<meta name=\"twitter:site\" content=\"@jornaloficinas\" \/>\n<meta name=\"twitter:label1\" content=\"Escrito por\" \/>\n\t<meta name=\"twitter:data1\" content=\"Reda\u00e7\u00e3o JO\" \/>\n\t<meta name=\"twitter:label2\" content=\"Tempo estimado de leitura\" \/>\n\t<meta name=\"twitter:data2\" content=\"2 minutos\" \/>\n<script type=\"application\/ld+json\" class=\"yoast-schema-graph\">{\"@context\":\"https:\\\/\\\/schema.org\",\"@graph\":[{\"@type\":\"Article\",\"@id\":\"https:\\\/\\\/jornaldasoficinas.com\\\/pt\\\/denso-atualiza-dados-tecnicos-das-velas-de-ignicao-m12\\\/#article\",\"isPartOf\":{\"@id\":\"https:\\\/\\\/jornaldasoficinas.com\\\/pt\\\/denso-atualiza-dados-tecnicos-das-velas-de-ignicao-m12\\\/\"},\"author\":{\"name\":\"Reda\u00e7\u00e3o JO\",\"@id\":\"https:\\\/\\\/jornaldasoficinas.com\\\/pt\\\/#\\\/schema\\\/person\\\/a38eef5de2c41d9e7c9ac10141afddf3\"},\"headline\":\"DENSO atualiza dados t\u00e9cnicos das velas de igni\u00e7\u00e3o M12\",\"datePublished\":\"2025-06-24T11:30:52+00:00\",\"mainEntityOfPage\":{\"@id\":\"https:\\\/\\\/jornaldasoficinas.com\\\/pt\\\/denso-atualiza-dados-tecnicos-das-velas-de-ignicao-m12\\\/\"},\"wordCount\":218,\"publisher\":{\"@id\":\"https:\\\/\\\/jornaldasoficinas.com\\\/pt\\\/#organization\"},\"image\":{\"@id\":\"https:\\\/\\\/jornaldasoficinas.com\\\/pt\\\/denso-atualiza-dados-tecnicos-das-velas-de-ignicao-m12\\\/#primaryimage\"},\"thumbnailUrl\":\"https:\\\/\\\/jornaldasoficinas.com\\\/pt\\\/wp-content\\\/uploads\\\/2025\\\/06\\\/DENSO-atualiza-dados-tecnicos-das-velas-de-ignicao-M12.png\",\"keywords\":[\"boletim t\u00e9cnico\",\"Denso\",\"equipamento original\",\"mercado independente\",\"Pe\u00e7as de reposi\u00e7\u00e3o\",\"Velas de igni\u00e7\u00e3o\"],\"articleSection\":[\"Empresas\"],\"inLanguage\":\"pt-PT\"},{\"@type\":\"WebPage\",\"@id\":\"https:\\\/\\\/jornaldasoficinas.com\\\/pt\\\/denso-atualiza-dados-tecnicos-das-velas-de-ignicao-m12\\\/\",\"url\":\"https:\\\/\\\/jornaldasoficinas.com\\\/pt\\\/denso-atualiza-dados-tecnicos-das-velas-de-ignicao-m12\\\/\",\"name\":\"DENSO atualiza dados t\u00e9cnicos das velas de igni\u00e7\u00e3o M12 - Jornal das Oficinas\",\"isPartOf\":{\"@id\":\"https:\\\/\\\/jornaldasoficinas.com\\\/pt\\\/#website\"},\"primaryImageOfPage\":{\"@id\":\"https:\\\/\\\/jornaldasoficinas.com\\\/pt\\\/denso-atualiza-dados-tecnicos-das-velas-de-ignicao-m12\\\/#primaryimage\"},\"image\":{\"@id\":\"https:\\\/\\\/jornaldasoficinas.com\\\/pt\\\/denso-atualiza-dados-tecnicos-das-velas-de-ignicao-m12\\\/#primaryimage\"},\"thumbnailUrl\":\"https:\\\/\\\/jornaldasoficinas.com\\\/pt\\\/wp-content\\\/uploads\\\/2025\\\/06\\\/DENSO-atualiza-dados-tecnicos-das-velas-de-ignicao-M12.png\",\"datePublished\":\"2025-06-24T11:30:52+00:00\",\"description\":\"A DENSO publicou um novo boletim com atualiza\u00e7\u00f5es sobre a faixa de calor das velas de igni\u00e7\u00e3o M12, esclarecendo d\u00favidas t\u00e9cnicas\",\"breadcrumb\":{\"@id\":\"https:\\\/\\\/jornaldasoficinas.com\\\/pt\\\/denso-atualiza-dados-tecnicos-das-velas-de-ignicao-m12\\\/#breadcrumb\"},\"inLanguage\":\"pt-PT\",\"potentialAction\":[{\"@type\":\"ReadAction\",\"target\":[\"https:\\\/\\\/jornaldasoficinas.com\\\/pt\\\/denso-atualiza-dados-tecnicos-das-velas-de-ignicao-m12\\\/\"]}]},{\"@type\":\"ImageObject\",\"inLanguage\":\"pt-PT\",\"@id\":\"https:\\\/\\\/jornaldasoficinas.com\\\/pt\\\/denso-atualiza-dados-tecnicos-das-velas-de-ignicao-m12\\\/#primaryimage\",\"url\":\"https:\\\/\\\/jornaldasoficinas.com\\\/pt\\\/wp-content\\\/uploads\\\/2025\\\/06\\\/DENSO-atualiza-dados-tecnicos-das-velas-de-ignicao-M12.png\",\"contentUrl\":\"https:\\\/\\\/jornaldasoficinas.com\\\/pt\\\/wp-content\\\/uploads\\\/2025\\\/06\\\/DENSO-atualiza-dados-tecnicos-das-velas-de-ignicao-M12.png\",\"width\":1024,\"height\":581,\"caption\":\"06 - DENSO atualiza dados tecnicos das velas de ignicao M12\"},{\"@type\":\"BreadcrumbList\",\"@id\":\"https:\\\/\\\/jornaldasoficinas.com\\\/pt\\\/denso-atualiza-dados-tecnicos-das-velas-de-ignicao-m12\\\/#breadcrumb\",\"itemListElement\":[{\"@type\":\"ListItem\",\"position\":1,\"name\":\"In\u00edcio\",\"item\":\"https:\\\/\\\/jornaldasoficinas.com\\\/pt\\\/\"},{\"@type\":\"ListItem\",\"position\":2,\"name\":\"DENSO atualiza dados t\u00e9cnicos das velas de igni\u00e7\u00e3o M12\"}]},{\"@type\":\"WebSite\",\"@id\":\"https:\\\/\\\/jornaldasoficinas.com\\\/pt\\\/#website\",\"url\":\"https:\\\/\\\/jornaldasoficinas.com\\\/pt\\\/\",\"name\":\"Jornal das Oficinas\",\"description\":\"Jornal independente do Aftermarket Autom\u00f3vel em Portugal\",\"publisher\":{\"@id\":\"https:\\\/\\\/jornaldasoficinas.com\\\/pt\\\/#organization\"},\"potentialAction\":[{\"@type\":\"SearchAction\",\"target\":{\"@type\":\"EntryPoint\",\"urlTemplate\":\"https:\\\/\\\/jornaldasoficinas.com\\\/pt\\\/?s={search_term_string}\"},\"query-input\":{\"@type\":\"PropertyValueSpecification\",\"valueRequired\":true,\"valueName\":\"search_term_string\"}}],\"inLanguage\":\"pt-PT\"},{\"@type\":\"Organization\",\"@id\":\"https:\\\/\\\/jornaldasoficinas.com\\\/pt\\\/#organization\",\"name\":\"Jornal das Oficinas\",\"url\":\"https:\\\/\\\/jornaldasoficinas.com\\\/pt\\\/\",\"logo\":{\"@type\":\"ImageObject\",\"inLanguage\":\"pt-PT\",\"@id\":\"https:\\\/\\\/jornaldasoficinas.com\\\/pt\\\/#\\\/schema\\\/logo\\\/image\\\/\",\"url\":\"https:\\\/\\\/jornaldasoficinas.com\\\/pt\\\/wp-content\\\/uploads\\\/logoJO-SEO.png\",\"contentUrl\":\"https:\\\/\\\/jornaldasoficinas.com\\\/pt\\\/wp-content\\\/uploads\\\/logoJO-SEO.png\",\"width\":285,\"height\":450,\"caption\":\"Jornal das Oficinas\"},\"image\":{\"@id\":\"https:\\\/\\\/jornaldasoficinas.com\\\/pt\\\/#\\\/schema\\\/logo\\\/image\\\/\"},\"sameAs\":[\"https:\\\/\\\/www.facebook.com\\\/jornaloficinas\",\"https:\\\/\\\/x.com\\\/jornaloficinas\",\"https:\\\/\\\/www.instagram.com\\\/jornal_oficinas\\\/\",\"https:\\\/\\\/www.linkedin.com\\\/company\\\/jornal-das-oficinas\\\/\",\"https:\\\/\\\/www.youtube.com\\\/channel\\\/UCbQZBqtcvV-oSQrr7RzINGg\"]},{\"@type\":\"Person\",\"@id\":\"https:\\\/\\\/jornaldasoficinas.com\\\/pt\\\/#\\\/schema\\\/person\\\/a38eef5de2c41d9e7c9ac10141afddf3\",\"name\":\"Reda\u00e7\u00e3o JO\",\"image\":{\"@type\":\"ImageObject\",\"inLanguage\":\"pt-PT\",\"@id\":\"https:\\\/\\\/secure.gravatar.com\\\/avatar\\\/71f2fa71737ad68a84fea94bc708ddac8ea5b0c4788dc2ad202f3ccb2887742f?s=96&d=wp_user_avatar&r=g\",\"url\":\"https:\\\/\\\/secure.gravatar.com\\\/avatar\\\/71f2fa71737ad68a84fea94bc708ddac8ea5b0c4788dc2ad202f3ccb2887742f?s=96&d=wp_user_avatar&r=g\",\"contentUrl\":\"https:\\\/\\\/secure.gravatar.com\\\/avatar\\\/71f2fa71737ad68a84fea94bc708ddac8ea5b0c4788dc2ad202f3ccb2887742f?s=96&d=wp_user_avatar&r=g\",\"caption\":\"Reda\u00e7\u00e3o JO\"},\"url\":\"https:\\\/\\\/jornaldasoficinas.com\\\/pt\\\/author\\\/joredacao\\\/\"}]}<\/script>\n<!-- \/ Yoast SEO plugin. -->","yoast_head_json":{"title":"DENSO atualiza dados t\u00e9cnicos das velas de igni\u00e7\u00e3o M12 - Jornal das Oficinas","description":"A DENSO publicou um novo boletim com atualiza\u00e7\u00f5es sobre a faixa de calor das velas de igni\u00e7\u00e3o M12, esclarecendo d\u00favidas t\u00e9cnicas","robots":{"index":"index","follow":"follow","max-snippet":"max-snippet:-1","max-image-preview":"max-image-preview:large","max-video-preview":"max-video-preview:-1"},"canonical":"https:\/\/jornaldasoficinas.com\/pt\/denso-atualiza-dados-tecnicos-das-velas-de-ignicao-m12\/","og_locale":"pt_PT","og_type":"article","og_title":"DENSO atualiza dados t\u00e9cnicos das velas de igni\u00e7\u00e3o M12 - Jornal das Oficinas","og_description":"A DENSO publicou um novo boletim com atualiza\u00e7\u00f5es sobre a faixa de calor das velas de igni\u00e7\u00e3o M12, esclarecendo d\u00favidas t\u00e9cnicas","og_url":"https:\/\/jornaldasoficinas.com\/pt\/denso-atualiza-dados-tecnicos-das-velas-de-ignicao-m12\/","og_site_name":"Jornal das Oficinas","article_publisher":"https:\/\/www.facebook.com\/jornaloficinas","article_published_time":"2025-06-24T11:30:52+00:00","og_image":[{"width":1024,"height":581,"url":"https:\/\/jornaldasoficinas.com\/pt\/wp-content\/uploads\/2025\/06\/DENSO-atualiza-dados-tecnicos-das-velas-de-ignicao-M12.png","type":"image\/png"}],"author":"Reda\u00e7\u00e3o JO","twitter_card":"summary_large_image","twitter_creator":"@jornaloficinas","twitter_site":"@jornaloficinas","twitter_misc":{"Escrito por":"Reda\u00e7\u00e3o JO","Tempo estimado de leitura":"2 minutos"},"schema":{"@context":"https:\/\/schema.org","@graph":[{"@type":"Article","@id":"https:\/\/jornaldasoficinas.com\/pt\/denso-atualiza-dados-tecnicos-das-velas-de-ignicao-m12\/#article","isPartOf":{"@id":"https:\/\/jornaldasoficinas.com\/pt\/denso-atualiza-dados-tecnicos-das-velas-de-ignicao-m12\/"},"author":{"name":"Reda\u00e7\u00e3o JO","@id":"https:\/\/jornaldasoficinas.com\/pt\/#\/schema\/person\/a38eef5de2c41d9e7c9ac10141afddf3"},"headline":"DENSO atualiza dados t\u00e9cnicos das velas de igni\u00e7\u00e3o M12","datePublished":"2025-06-24T11:30:52+00:00","mainEntityOfPage":{"@id":"https:\/\/jornaldasoficinas.com\/pt\/denso-atualiza-dados-tecnicos-das-velas-de-ignicao-m12\/"},"wordCount":218,"publisher":{"@id":"https:\/\/jornaldasoficinas.com\/pt\/#organization"},"image":{"@id":"https:\/\/jornaldasoficinas.com\/pt\/denso-atualiza-dados-tecnicos-das-velas-de-ignicao-m12\/#primaryimage"},"thumbnailUrl":"https:\/\/jornaldasoficinas.com\/pt\/wp-content\/uploads\/2025\/06\/DENSO-atualiza-dados-tecnicos-das-velas-de-ignicao-M12.png","keywords":["boletim t\u00e9cnico","Denso","equipamento original","mercado independente","Pe\u00e7as de reposi\u00e7\u00e3o","Velas de igni\u00e7\u00e3o"],"articleSection":["Empresas"],"inLanguage":"pt-PT"},{"@type":"WebPage","@id":"https:\/\/jornaldasoficinas.com\/pt\/denso-atualiza-dados-tecnicos-das-velas-de-ignicao-m12\/","url":"https:\/\/jornaldasoficinas.com\/pt\/denso-atualiza-dados-tecnicos-das-velas-de-ignicao-m12\/","name":"DENSO atualiza dados t\u00e9cnicos das velas de igni\u00e7\u00e3o M12 - Jornal das Oficinas","isPartOf":{"@id":"https:\/\/jornaldasoficinas.com\/pt\/#website"},"primaryImageOfPage":{"@id":"https:\/\/jornaldasoficinas.com\/pt\/denso-atualiza-dados-tecnicos-das-velas-de-ignicao-m12\/#primaryimage"},"image":{"@id":"https:\/\/jornaldasoficinas.com\/pt\/denso-atualiza-dados-tecnicos-das-velas-de-ignicao-m12\/#primaryimage"},"thumbnailUrl":"https:\/\/jornaldasoficinas.com\/pt\/wp-content\/uploads\/2025\/06\/DENSO-atualiza-dados-tecnicos-das-velas-de-ignicao-M12.png","datePublished":"2025-06-24T11:30:52+00:00","description":"A DENSO publicou um novo boletim com atualiza\u00e7\u00f5es sobre a faixa de calor das velas de igni\u00e7\u00e3o M12, esclarecendo d\u00favidas t\u00e9cnicas","breadcrumb":{"@id":"https:\/\/jornaldasoficinas.com\/pt\/denso-atualiza-dados-tecnicos-das-velas-de-ignicao-m12\/#breadcrumb"},"inLanguage":"pt-PT","potentialAction":[{"@type":"ReadAction","target":["https:\/\/jornaldasoficinas.com\/pt\/denso-atualiza-dados-tecnicos-das-velas-de-ignicao-m12\/"]}]},{"@type":"ImageObject","inLanguage":"pt-PT","@id":"https:\/\/jornaldasoficinas.com\/pt\/denso-atualiza-dados-tecnicos-das-velas-de-ignicao-m12\/#primaryimage","url":"https:\/\/jornaldasoficinas.com\/pt\/wp-content\/uploads\/2025\/06\/DENSO-atualiza-dados-tecnicos-das-velas-de-ignicao-M12.png","contentUrl":"https:\/\/jornaldasoficinas.com\/pt\/wp-content\/uploads\/2025\/06\/DENSO-atualiza-dados-tecnicos-das-velas-de-ignicao-M12.png","width":1024,"height":581,"caption":"06 - DENSO atualiza dados tecnicos das velas de ignicao M12"},{"@type":"BreadcrumbList","@id":"https:\/\/jornaldasoficinas.com\/pt\/denso-atualiza-dados-tecnicos-das-velas-de-ignicao-m12\/#breadcrumb","itemListElement":[{"@type":"ListItem","position":1,"name":"In\u00edcio","item":"https:\/\/jornaldasoficinas.com\/pt\/"},{"@type":"ListItem","position":2,"name":"DENSO atualiza dados t\u00e9cnicos das velas de igni\u00e7\u00e3o M12"}]},{"@type":"WebSite","@id":"https:\/\/jornaldasoficinas.com\/pt\/#website","url":"https:\/\/jornaldasoficinas.com\/pt\/","name":"Jornal das Oficinas","description":"Jornal independente do Aftermarket Autom\u00f3vel em Portugal","publisher":{"@id":"https:\/\/jornaldasoficinas.com\/pt\/#organization"},"potentialAction":[{"@type":"SearchAction","target":{"@type":"EntryPoint","urlTemplate":"https:\/\/jornaldasoficinas.com\/pt\/?s={search_term_string}"},"query-input":{"@type":"PropertyValueSpecification","valueRequired":true,"valueName":"search_term_string"}}],"inLanguage":"pt-PT"},{"@type":"Organization","@id":"https:\/\/jornaldasoficinas.com\/pt\/#organization","name":"Jornal das Oficinas","url":"https:\/\/jornaldasoficinas.com\/pt\/","logo":{"@type":"ImageObject","inLanguage":"pt-PT","@id":"https:\/\/jornaldasoficinas.com\/pt\/#\/schema\/logo\/image\/","url":"https:\/\/jornaldasoficinas.com\/pt\/wp-content\/uploads\/logoJO-SEO.png","contentUrl":"https:\/\/jornaldasoficinas.com\/pt\/wp-content\/uploads\/logoJO-SEO.png","width":285,"height":450,"caption":"Jornal das Oficinas"},"image":{"@id":"https:\/\/jornaldasoficinas.com\/pt\/#\/schema\/logo\/image\/"},"sameAs":["https:\/\/www.facebook.com\/jornaloficinas","https:\/\/x.com\/jornaloficinas","https:\/\/www.instagram.com\/jornal_oficinas\/","https:\/\/www.linkedin.com\/company\/jornal-das-oficinas\/","https:\/\/www.youtube.com\/channel\/UCbQZBqtcvV-oSQrr7RzINGg"]},{"@type":"Person","@id":"https:\/\/jornaldasoficinas.com\/pt\/#\/schema\/person\/a38eef5de2c41d9e7c9ac10141afddf3","name":"Reda\u00e7\u00e3o JO","image":{"@type":"ImageObject","inLanguage":"pt-PT","@id":"https:\/\/secure.gravatar.com\/avatar\/71f2fa71737ad68a84fea94bc708ddac8ea5b0c4788dc2ad202f3ccb2887742f?s=96&d=wp_user_avatar&r=g","url":"https:\/\/secure.gravatar.com\/avatar\/71f2fa71737ad68a84fea94bc708ddac8ea5b0c4788dc2ad202f3ccb2887742f?s=96&d=wp_user_avatar&r=g","contentUrl":"https:\/\/secure.gravatar.com\/avatar\/71f2fa71737ad68a84fea94bc708ddac8ea5b0c4788dc2ad202f3ccb2887742f?s=96&d=wp_user_avatar&r=g","caption":"Reda\u00e7\u00e3o JO"},"url":"https:\/\/jornaldasoficinas.com\/pt\/author\/joredacao\/"}]}},"_links":{"self":[{"href":"https:\/\/jornaldasoficinas.com\/pt\/wp-json\/wp\/v2\/posts\/103479","targetHints":{"allow":["GET"]}}],"collection":[{"href":"https:\/\/jornaldasoficinas.com\/pt\/wp-json\/wp\/v2\/posts"}],"about":[{"href":"https:\/\/jornaldasoficinas.com\/pt\/wp-json\/wp\/v2\/types\/post"}],"author":[{"embeddable":true,"href":"https:\/\/jornaldasoficinas.com\/pt\/wp-json\/wp\/v2\/users\/15"}],"replies":[{"embeddable":true,"href":"https:\/\/jornaldasoficinas.com\/pt\/wp-json\/wp\/v2\/comments?post=103479"}],"version-history":[{"count":9,"href":"https:\/\/jornaldasoficinas.com\/pt\/wp-json\/wp\/v2\/posts\/103479\/revisions"}],"predecessor-version":[{"id":103550,"href":"https:\/\/jornaldasoficinas.com\/pt\/wp-json\/wp\/v2\/posts\/103479\/revisions\/103550"}],"wp:featuredmedia":[{"embeddable":true,"href":"https:\/\/jornaldasoficinas.com\/pt\/wp-json\/wp\/v2\/media\/103493"}],"wp:attachment":[{"href":"https:\/\/jornaldasoficinas.com\/pt\/wp-json\/wp\/v2\/media?parent=103479"}],"wp:term":[{"taxonomy":"category","embeddable":true,"href":"https:\/\/jornaldasoficinas.com\/pt\/wp-json\/wp\/v2\/categories?post=103479"},{"taxonomy":"post_tag","embeddable":true,"href":"https:\/\/jornaldasoficinas.com\/pt\/wp-json\/wp\/v2\/tags?post=103479"}],"curies":[{"name":"wp","href":"https:\/\/api.w.org\/{rel}","templated":true}]}}