{"id":103678,"date":"2025-06-27T12:30:44","date_gmt":"2025-06-27T11:30:44","guid":{"rendered":"https:\/\/jornaldasoficinas.com\/pt\/?p=103678"},"modified":"2025-06-26T18:48:55","modified_gmt":"2025-06-26T17:48:55","slug":"man-tgx-reforca-frota-de-paulo-duarte","status":"publish","type":"post","link":"https:\/\/jornaldasoficinas.com\/pt\/man-tgx-reforca-frota-de-paulo-duarte\/","title":{"rendered":"MAN TGX refor\u00e7a frota de Paulo Duarte"},"content":{"rendered":"<p><img loading=\"lazy\" decoding=\"async\" class=\"alignnone size-full wp-image-103674\" src=\"https:\/\/jornaldasoficinas.com\/pt\/wp-content\/uploads\/2025\/06\/MAN-TGX-reforca.jpg\" alt=\"06 - MAN TGX reforca\" width=\"1024\" height=\"581\" srcset=\"https:\/\/jornaldasoficinas.com\/pt\/wp-content\/uploads\/2025\/06\/MAN-TGX-reforca.jpg 1024w, https:\/\/jornaldasoficinas.com\/pt\/wp-content\/uploads\/2025\/06\/MAN-TGX-reforca-300x170.jpg 300w, https:\/\/jornaldasoficinas.com\/pt\/wp-content\/uploads\/2025\/06\/MAN-TGX-reforca-150x85.jpg 150w, https:\/\/jornaldasoficinas.com\/pt\/wp-content\/uploads\/2025\/06\/MAN-TGX-reforca-768x436.jpg 768w\" sizes=\"auto, (max-width: 1024px) 100vw, 1024px\" \/><\/p>\n<p><strong>O <a href=\"https:\/\/transportespauloduarte.pt\/\" target=\"_blank\" rel=\"noopener\">Grupo Paulo Duarte<\/a>, uma refer\u00eancia no setor do transporte rodovi\u00e1rio, avan\u00e7ou com a aquisi\u00e7\u00e3o de 140 cami\u00f5es MAN TGX \u00e0 <a href=\"https:\/\/www.man.eu\/pt\/pt\/pagina-inicial.html\" target=\"_blank\" rel=\"noopener\">MAN Truck &amp; Bus Portugal<\/a>. Este investimento estrat\u00e9gico refor\u00e7a a moderniza\u00e7\u00e3o da frota do Grupo, garantindo sempre maior efici\u00eancia, seguran\u00e7a e sustentabilidade nas opera\u00e7\u00f5es<\/strong><\/p>\n<p>Esta nova aquisi\u00e7\u00e3o \u00e9 um marco na rela\u00e7\u00e3o de sucesso entre o Grupo Paulo Duarte e a MAN Truck &amp; Bus Portugal, consolidada ao longo dos \u00faltimos anos atrav\u00e9s de uma parceria baseada na confian\u00e7a, inova\u00e7\u00e3o e excel\u00eancia operacional.<\/p>\n<p>Segundo Gustavo Paulo Duarte, CEO do Grupo Paulo Duarte, esta aquisi\u00e7\u00e3o \u201creflete a nossa cont\u00ednua aposta na sustentabilidade e na melhoria das opera\u00e7\u00f5es. Identificamos na MAN uma marca fi\u00e1vel, com solu\u00e7\u00f5es alinhadas com a estrat\u00e9gia do nosso Grupo.\u201d<\/p>\n<p>A escolha dos modelos foi feita com base nas exig\u00eancias espec\u00edficas de cada opera\u00e7\u00e3o, como sublinha o CEO do Grupo Paulo Duarte: \u201cA diversidade da oferta da MAN permite-nos escolher, com facilidade, os modelos mais adequados a cada \u00e1rea de neg\u00f3cio.\u201d A presen\u00e7a crescente da marca na frota da empresa tem sido acompanhada de uma rela\u00e7\u00e3o cada vez mais pr\u00f3xima e eficaz: \u201cCome\u00e7\u00e1mos com v\u00e1rias marcas na frota, mas a MAN tem vindo a assumir uma posi\u00e7\u00e3o de lideran\u00e7a. A proximidade das equipas, a qualidade do servi\u00e7o p\u00f3s-venda, os tempos de resposta e o acompanhamento di\u00e1rio s\u00e3o fatores decisivos para n\u00f3s.\u201d<\/p>\n<p>Os cami\u00f5es MAN TGX destacam-se pelo seu elevado desempenho, efici\u00eancia de consumo e tecnologia de ponta, alinhando-se com o compromisso do Grupo Paulo Duarte na redu\u00e7\u00e3o da pegada ambiental e na otimiza\u00e7\u00e3o das opera\u00e7\u00f5es.<\/p>\n<p>Lu\u00eds Lemos, Diretor Comercial de Cami\u00f5es e Comerciais Ligeiros da MAN Truck &amp; Bus Portugal, destaca a consist\u00eancia desta parceria: \u201cTemos vindo a concluir, ano ap\u00f3s ano, neg\u00f3cios com o Grupo Paulo Duarte, com volumes m\u00e9dios entre 140 e 150 viaturas. Atualmente, mais de 60% da frota da empresa \u00e9 composta por ve\u00edculos MAN.\u201d<\/p>\n<p>Lu\u00eds Lemos sublinha ainda que a rela\u00e7\u00e3o vai muito al\u00e9m da simples venda de ve\u00edculos: \u201cA nossa abordagem assenta numa solu\u00e7\u00e3o completa &#8211; todas as viaturas incluem contratos de manuten\u00e7\u00e3o, extens\u00f5es de garantia e servi\u00e7os de telem\u00e1tica. Trabalhamos em estreita articula\u00e7\u00e3o com as equipas operacionais e de forma\u00e7\u00e3o da Transportes Paulo Duarte, o que permite uma integra\u00e7\u00e3o total com a opera\u00e7\u00e3o do cliente.\u201d<\/p>\n<p>Esta aquisi\u00e7\u00e3o est\u00e1 alinhada com estrat\u00e9gia de crescimento do Grupo Paulo Duarte e a aposta cont\u00ednua em tecnologia de vanguarda, para assegurar uma frota moderna, segura e eficiente, capaz de responder aos desafios do setor, \u00e0s exig\u00eancias dos clientes e \u00e0s necessidades do mercado atual &#8211; com uma redu\u00e7\u00e3o significativa das emiss\u00f5es.<\/p>\n","protected":false},"excerpt":{"rendered":"<p>O Grupo Paulo Duarte, uma refer\u00eancia&#8230;<\/p>\n","protected":false},"author":15,"featured_media":103674,"comment_status":"closed","ping_status":"closed","sticky":false,"template":"","format":"standard","meta":{"footnotes":""},"categories":[36],"tags":[12992,12991,12993,12994,12687,3920],"class_list":["post-103678","post","type-post","status-publish","format-standard","has-post-thumbnail","hentry","category-pesados","tag-camioes-man-tgx","tag-grupo-paulo-duarte","tag-gustavo-paulo-duarte","tag-luis-lemos","tag-man-truck-bus-portugal","tag-transporte-rodoviario"],"yoast_head":"<!-- This site is optimized with the Yoast SEO plugin v27.5 - https:\/\/yoast.com\/product\/yoast-seo-wordpress\/ -->\n<title>MAN TGX refor\u00e7a frota de Paulo Duarte - Jornal das Oficinas<\/title>\n<meta name=\"description\" content=\"O Grupo Paulo Duarte, uma refer\u00eancia no setor do transporte rodovi\u00e1rio, avan\u00e7ou com a aquisi\u00e7\u00e3o de 140 cami\u00f5es MAN TGX\" \/>\n<meta name=\"robots\" content=\"index, follow, max-snippet:-1, max-image-preview:large, max-video-preview:-1\" \/>\n<link rel=\"canonical\" href=\"https:\/\/jornaldasoficinas.com\/pt\/man-tgx-reforca-frota-de-paulo-duarte\/\" \/>\n<meta property=\"og:locale\" content=\"pt_PT\" \/>\n<meta property=\"og:type\" content=\"article\" \/>\n<meta property=\"og:title\" content=\"MAN TGX refor\u00e7a frota de Paulo Duarte - Jornal das Oficinas\" \/>\n<meta property=\"og:description\" content=\"O Grupo Paulo Duarte, uma refer\u00eancia no setor do transporte rodovi\u00e1rio, avan\u00e7ou com a aquisi\u00e7\u00e3o de 140 cami\u00f5es MAN TGX\" \/>\n<meta property=\"og:url\" content=\"https:\/\/jornaldasoficinas.com\/pt\/man-tgx-reforca-frota-de-paulo-duarte\/\" \/>\n<meta property=\"og:site_name\" content=\"Jornal das Oficinas\" \/>\n<meta property=\"article:publisher\" content=\"https:\/\/www.facebook.com\/jornaloficinas\" \/>\n<meta property=\"article:published_time\" content=\"2025-06-27T11:30:44+00:00\" \/>\n<meta property=\"og:image\" content=\"https:\/\/jornaldasoficinas.com\/pt\/wp-content\/uploads\/2025\/06\/MAN-TGX-reforca.jpg\" \/>\n\t<meta property=\"og:image:width\" content=\"1024\" \/>\n\t<meta property=\"og:image:height\" content=\"581\" \/>\n\t<meta property=\"og:image:type\" content=\"image\/jpeg\" \/>\n<meta name=\"author\" content=\"Reda\u00e7\u00e3o JO\" \/>\n<meta name=\"twitter:card\" content=\"summary_large_image\" \/>\n<meta name=\"twitter:creator\" content=\"@jornaloficinas\" \/>\n<meta name=\"twitter:site\" content=\"@jornaloficinas\" \/>\n<meta name=\"twitter:label1\" content=\"Escrito por\" \/>\n\t<meta name=\"twitter:data1\" content=\"Reda\u00e7\u00e3o JO\" \/>\n\t<meta name=\"twitter:label2\" content=\"Tempo estimado de leitura\" \/>\n\t<meta name=\"twitter:data2\" content=\"3 minutos\" \/>\n<script type=\"application\/ld+json\" class=\"yoast-schema-graph\">{\"@context\":\"https:\\\/\\\/schema.org\",\"@graph\":[{\"@type\":\"Article\",\"@id\":\"https:\\\/\\\/jornaldasoficinas.com\\\/pt\\\/man-tgx-reforca-frota-de-paulo-duarte\\\/#article\",\"isPartOf\":{\"@id\":\"https:\\\/\\\/jornaldasoficinas.com\\\/pt\\\/man-tgx-reforca-frota-de-paulo-duarte\\\/\"},\"author\":{\"name\":\"Reda\u00e7\u00e3o JO\",\"@id\":\"https:\\\/\\\/jornaldasoficinas.com\\\/pt\\\/#\\\/schema\\\/person\\\/a38eef5de2c41d9e7c9ac10141afddf3\"},\"headline\":\"MAN TGX refor\u00e7a frota de Paulo Duarte\",\"datePublished\":\"2025-06-27T11:30:44+00:00\",\"mainEntityOfPage\":{\"@id\":\"https:\\\/\\\/jornaldasoficinas.com\\\/pt\\\/man-tgx-reforca-frota-de-paulo-duarte\\\/\"},\"wordCount\":497,\"publisher\":{\"@id\":\"https:\\\/\\\/jornaldasoficinas.com\\\/pt\\\/#organization\"},\"image\":{\"@id\":\"https:\\\/\\\/jornaldasoficinas.com\\\/pt\\\/man-tgx-reforca-frota-de-paulo-duarte\\\/#primaryimage\"},\"thumbnailUrl\":\"https:\\\/\\\/jornaldasoficinas.com\\\/pt\\\/wp-content\\\/uploads\\\/2025\\\/06\\\/MAN-TGX-reforca.jpg\",\"keywords\":[\"cami\u00f5es MAN TGX\",\"Grupo Paulo Duarte\",\"Gustavo Paulo Duarte\",\"Lu\u00eds Lemos\",\"MAN Truck &amp; Bus Portugal\",\"transporte rodovi\u00e1rio\"],\"articleSection\":[\"Pesados\"],\"inLanguage\":\"pt-PT\"},{\"@type\":\"WebPage\",\"@id\":\"https:\\\/\\\/jornaldasoficinas.com\\\/pt\\\/man-tgx-reforca-frota-de-paulo-duarte\\\/\",\"url\":\"https:\\\/\\\/jornaldasoficinas.com\\\/pt\\\/man-tgx-reforca-frota-de-paulo-duarte\\\/\",\"name\":\"MAN TGX refor\u00e7a frota de Paulo Duarte - Jornal das Oficinas\",\"isPartOf\":{\"@id\":\"https:\\\/\\\/jornaldasoficinas.com\\\/pt\\\/#website\"},\"primaryImageOfPage\":{\"@id\":\"https:\\\/\\\/jornaldasoficinas.com\\\/pt\\\/man-tgx-reforca-frota-de-paulo-duarte\\\/#primaryimage\"},\"image\":{\"@id\":\"https:\\\/\\\/jornaldasoficinas.com\\\/pt\\\/man-tgx-reforca-frota-de-paulo-duarte\\\/#primaryimage\"},\"thumbnailUrl\":\"https:\\\/\\\/jornaldasoficinas.com\\\/pt\\\/wp-content\\\/uploads\\\/2025\\\/06\\\/MAN-TGX-reforca.jpg\",\"datePublished\":\"2025-06-27T11:30:44+00:00\",\"description\":\"O Grupo Paulo Duarte, uma refer\u00eancia no setor do transporte rodovi\u00e1rio, avan\u00e7ou com a aquisi\u00e7\u00e3o de 140 cami\u00f5es MAN TGX\",\"breadcrumb\":{\"@id\":\"https:\\\/\\\/jornaldasoficinas.com\\\/pt\\\/man-tgx-reforca-frota-de-paulo-duarte\\\/#breadcrumb\"},\"inLanguage\":\"pt-PT\",\"potentialAction\":[{\"@type\":\"ReadAction\",\"target\":[\"https:\\\/\\\/jornaldasoficinas.com\\\/pt\\\/man-tgx-reforca-frota-de-paulo-duarte\\\/\"]}]},{\"@type\":\"ImageObject\",\"inLanguage\":\"pt-PT\",\"@id\":\"https:\\\/\\\/jornaldasoficinas.com\\\/pt\\\/man-tgx-reforca-frota-de-paulo-duarte\\\/#primaryimage\",\"url\":\"https:\\\/\\\/jornaldasoficinas.com\\\/pt\\\/wp-content\\\/uploads\\\/2025\\\/06\\\/MAN-TGX-reforca.jpg\",\"contentUrl\":\"https:\\\/\\\/jornaldasoficinas.com\\\/pt\\\/wp-content\\\/uploads\\\/2025\\\/06\\\/MAN-TGX-reforca.jpg\",\"width\":1024,\"height\":581,\"caption\":\"06 - MAN TGX reforca\"},{\"@type\":\"BreadcrumbList\",\"@id\":\"https:\\\/\\\/jornaldasoficinas.com\\\/pt\\\/man-tgx-reforca-frota-de-paulo-duarte\\\/#breadcrumb\",\"itemListElement\":[{\"@type\":\"ListItem\",\"position\":1,\"name\":\"In\u00edcio\",\"item\":\"https:\\\/\\\/jornaldasoficinas.com\\\/pt\\\/\"},{\"@type\":\"ListItem\",\"position\":2,\"name\":\"MAN TGX refor\u00e7a frota de Paulo Duarte\"}]},{\"@type\":\"WebSite\",\"@id\":\"https:\\\/\\\/jornaldasoficinas.com\\\/pt\\\/#website\",\"url\":\"https:\\\/\\\/jornaldasoficinas.com\\\/pt\\\/\",\"name\":\"Jornal das Oficinas\",\"description\":\"Jornal independente do Aftermarket Autom\u00f3vel em Portugal\",\"publisher\":{\"@id\":\"https:\\\/\\\/jornaldasoficinas.com\\\/pt\\\/#organization\"},\"potentialAction\":[{\"@type\":\"SearchAction\",\"target\":{\"@type\":\"EntryPoint\",\"urlTemplate\":\"https:\\\/\\\/jornaldasoficinas.com\\\/pt\\\/?s={search_term_string}\"},\"query-input\":{\"@type\":\"PropertyValueSpecification\",\"valueRequired\":true,\"valueName\":\"search_term_string\"}}],\"inLanguage\":\"pt-PT\"},{\"@type\":\"Organization\",\"@id\":\"https:\\\/\\\/jornaldasoficinas.com\\\/pt\\\/#organization\",\"name\":\"Jornal das Oficinas\",\"url\":\"https:\\\/\\\/jornaldasoficinas.com\\\/pt\\\/\",\"logo\":{\"@type\":\"ImageObject\",\"inLanguage\":\"pt-PT\",\"@id\":\"https:\\\/\\\/jornaldasoficinas.com\\\/pt\\\/#\\\/schema\\\/logo\\\/image\\\/\",\"url\":\"https:\\\/\\\/jornaldasoficinas.com\\\/pt\\\/wp-content\\\/uploads\\\/logoJO-SEO.png\",\"contentUrl\":\"https:\\\/\\\/jornaldasoficinas.com\\\/pt\\\/wp-content\\\/uploads\\\/logoJO-SEO.png\",\"width\":285,\"height\":450,\"caption\":\"Jornal das Oficinas\"},\"image\":{\"@id\":\"https:\\\/\\\/jornaldasoficinas.com\\\/pt\\\/#\\\/schema\\\/logo\\\/image\\\/\"},\"sameAs\":[\"https:\\\/\\\/www.facebook.com\\\/jornaloficinas\",\"https:\\\/\\\/x.com\\\/jornaloficinas\",\"https:\\\/\\\/www.instagram.com\\\/jornal_oficinas\\\/\",\"https:\\\/\\\/www.linkedin.com\\\/company\\\/jornal-das-oficinas\\\/\",\"https:\\\/\\\/www.youtube.com\\\/channel\\\/UCbQZBqtcvV-oSQrr7RzINGg\"]},{\"@type\":\"Person\",\"@id\":\"https:\\\/\\\/jornaldasoficinas.com\\\/pt\\\/#\\\/schema\\\/person\\\/a38eef5de2c41d9e7c9ac10141afddf3\",\"name\":\"Reda\u00e7\u00e3o JO\",\"image\":{\"@type\":\"ImageObject\",\"inLanguage\":\"pt-PT\",\"@id\":\"https:\\\/\\\/secure.gravatar.com\\\/avatar\\\/71f2fa71737ad68a84fea94bc708ddac8ea5b0c4788dc2ad202f3ccb2887742f?s=96&d=wp_user_avatar&r=g\",\"url\":\"https:\\\/\\\/secure.gravatar.com\\\/avatar\\\/71f2fa71737ad68a84fea94bc708ddac8ea5b0c4788dc2ad202f3ccb2887742f?s=96&d=wp_user_avatar&r=g\",\"contentUrl\":\"https:\\\/\\\/secure.gravatar.com\\\/avatar\\\/71f2fa71737ad68a84fea94bc708ddac8ea5b0c4788dc2ad202f3ccb2887742f?s=96&d=wp_user_avatar&r=g\",\"caption\":\"Reda\u00e7\u00e3o JO\"},\"url\":\"https:\\\/\\\/jornaldasoficinas.com\\\/pt\\\/author\\\/joredacao\\\/\"}]}<\/script>\n<!-- \/ Yoast SEO plugin. -->","yoast_head_json":{"title":"MAN TGX refor\u00e7a frota de Paulo Duarte - Jornal das Oficinas","description":"O Grupo Paulo Duarte, uma refer\u00eancia no setor do transporte rodovi\u00e1rio, avan\u00e7ou com a aquisi\u00e7\u00e3o de 140 cami\u00f5es MAN TGX","robots":{"index":"index","follow":"follow","max-snippet":"max-snippet:-1","max-image-preview":"max-image-preview:large","max-video-preview":"max-video-preview:-1"},"canonical":"https:\/\/jornaldasoficinas.com\/pt\/man-tgx-reforca-frota-de-paulo-duarte\/","og_locale":"pt_PT","og_type":"article","og_title":"MAN TGX refor\u00e7a frota de Paulo Duarte - Jornal das Oficinas","og_description":"O Grupo Paulo Duarte, uma refer\u00eancia no setor do transporte rodovi\u00e1rio, avan\u00e7ou com a aquisi\u00e7\u00e3o de 140 cami\u00f5es MAN TGX","og_url":"https:\/\/jornaldasoficinas.com\/pt\/man-tgx-reforca-frota-de-paulo-duarte\/","og_site_name":"Jornal das Oficinas","article_publisher":"https:\/\/www.facebook.com\/jornaloficinas","article_published_time":"2025-06-27T11:30:44+00:00","og_image":[{"width":1024,"height":581,"url":"https:\/\/jornaldasoficinas.com\/pt\/wp-content\/uploads\/2025\/06\/MAN-TGX-reforca.jpg","type":"image\/jpeg"}],"author":"Reda\u00e7\u00e3o JO","twitter_card":"summary_large_image","twitter_creator":"@jornaloficinas","twitter_site":"@jornaloficinas","twitter_misc":{"Escrito por":"Reda\u00e7\u00e3o JO","Tempo estimado de leitura":"3 minutos"},"schema":{"@context":"https:\/\/schema.org","@graph":[{"@type":"Article","@id":"https:\/\/jornaldasoficinas.com\/pt\/man-tgx-reforca-frota-de-paulo-duarte\/#article","isPartOf":{"@id":"https:\/\/jornaldasoficinas.com\/pt\/man-tgx-reforca-frota-de-paulo-duarte\/"},"author":{"name":"Reda\u00e7\u00e3o JO","@id":"https:\/\/jornaldasoficinas.com\/pt\/#\/schema\/person\/a38eef5de2c41d9e7c9ac10141afddf3"},"headline":"MAN TGX refor\u00e7a frota de Paulo Duarte","datePublished":"2025-06-27T11:30:44+00:00","mainEntityOfPage":{"@id":"https:\/\/jornaldasoficinas.com\/pt\/man-tgx-reforca-frota-de-paulo-duarte\/"},"wordCount":497,"publisher":{"@id":"https:\/\/jornaldasoficinas.com\/pt\/#organization"},"image":{"@id":"https:\/\/jornaldasoficinas.com\/pt\/man-tgx-reforca-frota-de-paulo-duarte\/#primaryimage"},"thumbnailUrl":"https:\/\/jornaldasoficinas.com\/pt\/wp-content\/uploads\/2025\/06\/MAN-TGX-reforca.jpg","keywords":["cami\u00f5es MAN TGX","Grupo Paulo Duarte","Gustavo Paulo Duarte","Lu\u00eds Lemos","MAN Truck &amp; Bus Portugal","transporte rodovi\u00e1rio"],"articleSection":["Pesados"],"inLanguage":"pt-PT"},{"@type":"WebPage","@id":"https:\/\/jornaldasoficinas.com\/pt\/man-tgx-reforca-frota-de-paulo-duarte\/","url":"https:\/\/jornaldasoficinas.com\/pt\/man-tgx-reforca-frota-de-paulo-duarte\/","name":"MAN TGX refor\u00e7a frota de Paulo Duarte - Jornal das Oficinas","isPartOf":{"@id":"https:\/\/jornaldasoficinas.com\/pt\/#website"},"primaryImageOfPage":{"@id":"https:\/\/jornaldasoficinas.com\/pt\/man-tgx-reforca-frota-de-paulo-duarte\/#primaryimage"},"image":{"@id":"https:\/\/jornaldasoficinas.com\/pt\/man-tgx-reforca-frota-de-paulo-duarte\/#primaryimage"},"thumbnailUrl":"https:\/\/jornaldasoficinas.com\/pt\/wp-content\/uploads\/2025\/06\/MAN-TGX-reforca.jpg","datePublished":"2025-06-27T11:30:44+00:00","description":"O Grupo Paulo Duarte, uma refer\u00eancia no setor do transporte rodovi\u00e1rio, avan\u00e7ou com a aquisi\u00e7\u00e3o de 140 cami\u00f5es MAN TGX","breadcrumb":{"@id":"https:\/\/jornaldasoficinas.com\/pt\/man-tgx-reforca-frota-de-paulo-duarte\/#breadcrumb"},"inLanguage":"pt-PT","potentialAction":[{"@type":"ReadAction","target":["https:\/\/jornaldasoficinas.com\/pt\/man-tgx-reforca-frota-de-paulo-duarte\/"]}]},{"@type":"ImageObject","inLanguage":"pt-PT","@id":"https:\/\/jornaldasoficinas.com\/pt\/man-tgx-reforca-frota-de-paulo-duarte\/#primaryimage","url":"https:\/\/jornaldasoficinas.com\/pt\/wp-content\/uploads\/2025\/06\/MAN-TGX-reforca.jpg","contentUrl":"https:\/\/jornaldasoficinas.com\/pt\/wp-content\/uploads\/2025\/06\/MAN-TGX-reforca.jpg","width":1024,"height":581,"caption":"06 - MAN TGX reforca"},{"@type":"BreadcrumbList","@id":"https:\/\/jornaldasoficinas.com\/pt\/man-tgx-reforca-frota-de-paulo-duarte\/#breadcrumb","itemListElement":[{"@type":"ListItem","position":1,"name":"In\u00edcio","item":"https:\/\/jornaldasoficinas.com\/pt\/"},{"@type":"ListItem","position":2,"name":"MAN TGX refor\u00e7a frota de Paulo Duarte"}]},{"@type":"WebSite","@id":"https:\/\/jornaldasoficinas.com\/pt\/#website","url":"https:\/\/jornaldasoficinas.com\/pt\/","name":"Jornal das Oficinas","description":"Jornal independente do Aftermarket Autom\u00f3vel em Portugal","publisher":{"@id":"https:\/\/jornaldasoficinas.com\/pt\/#organization"},"potentialAction":[{"@type":"SearchAction","target":{"@type":"EntryPoint","urlTemplate":"https:\/\/jornaldasoficinas.com\/pt\/?s={search_term_string}"},"query-input":{"@type":"PropertyValueSpecification","valueRequired":true,"valueName":"search_term_string"}}],"inLanguage":"pt-PT"},{"@type":"Organization","@id":"https:\/\/jornaldasoficinas.com\/pt\/#organization","name":"Jornal das Oficinas","url":"https:\/\/jornaldasoficinas.com\/pt\/","logo":{"@type":"ImageObject","inLanguage":"pt-PT","@id":"https:\/\/jornaldasoficinas.com\/pt\/#\/schema\/logo\/image\/","url":"https:\/\/jornaldasoficinas.com\/pt\/wp-content\/uploads\/logoJO-SEO.png","contentUrl":"https:\/\/jornaldasoficinas.com\/pt\/wp-content\/uploads\/logoJO-SEO.png","width":285,"height":450,"caption":"Jornal das Oficinas"},"image":{"@id":"https:\/\/jornaldasoficinas.com\/pt\/#\/schema\/logo\/image\/"},"sameAs":["https:\/\/www.facebook.com\/jornaloficinas","https:\/\/x.com\/jornaloficinas","https:\/\/www.instagram.com\/jornal_oficinas\/","https:\/\/www.linkedin.com\/company\/jornal-das-oficinas\/","https:\/\/www.youtube.com\/channel\/UCbQZBqtcvV-oSQrr7RzINGg"]},{"@type":"Person","@id":"https:\/\/jornaldasoficinas.com\/pt\/#\/schema\/person\/a38eef5de2c41d9e7c9ac10141afddf3","name":"Reda\u00e7\u00e3o JO","image":{"@type":"ImageObject","inLanguage":"pt-PT","@id":"https:\/\/secure.gravatar.com\/avatar\/71f2fa71737ad68a84fea94bc708ddac8ea5b0c4788dc2ad202f3ccb2887742f?s=96&d=wp_user_avatar&r=g","url":"https:\/\/secure.gravatar.com\/avatar\/71f2fa71737ad68a84fea94bc708ddac8ea5b0c4788dc2ad202f3ccb2887742f?s=96&d=wp_user_avatar&r=g","contentUrl":"https:\/\/secure.gravatar.com\/avatar\/71f2fa71737ad68a84fea94bc708ddac8ea5b0c4788dc2ad202f3ccb2887742f?s=96&d=wp_user_avatar&r=g","caption":"Reda\u00e7\u00e3o JO"},"url":"https:\/\/jornaldasoficinas.com\/pt\/author\/joredacao\/"}]}},"_links":{"self":[{"href":"https:\/\/jornaldasoficinas.com\/pt\/wp-json\/wp\/v2\/posts\/103678","targetHints":{"allow":["GET"]}}],"collection":[{"href":"https:\/\/jornaldasoficinas.com\/pt\/wp-json\/wp\/v2\/posts"}],"about":[{"href":"https:\/\/jornaldasoficinas.com\/pt\/wp-json\/wp\/v2\/types\/post"}],"author":[{"embeddable":true,"href":"https:\/\/jornaldasoficinas.com\/pt\/wp-json\/wp\/v2\/users\/15"}],"replies":[{"embeddable":true,"href":"https:\/\/jornaldasoficinas.com\/pt\/wp-json\/wp\/v2\/comments?post=103678"}],"version-history":[{"count":3,"href":"https:\/\/jornaldasoficinas.com\/pt\/wp-json\/wp\/v2\/posts\/103678\/revisions"}],"predecessor-version":[{"id":103681,"href":"https:\/\/jornaldasoficinas.com\/pt\/wp-json\/wp\/v2\/posts\/103678\/revisions\/103681"}],"wp:featuredmedia":[{"embeddable":true,"href":"https:\/\/jornaldasoficinas.com\/pt\/wp-json\/wp\/v2\/media\/103674"}],"wp:attachment":[{"href":"https:\/\/jornaldasoficinas.com\/pt\/wp-json\/wp\/v2\/media?parent=103678"}],"wp:term":[{"taxonomy":"category","embeddable":true,"href":"https:\/\/jornaldasoficinas.com\/pt\/wp-json\/wp\/v2\/categories?post=103678"},{"taxonomy":"post_tag","embeddable":true,"href":"https:\/\/jornaldasoficinas.com\/pt\/wp-json\/wp\/v2\/tags?post=103678"}],"curies":[{"name":"wp","href":"https:\/\/api.w.org\/{rel}","templated":true}]}}