{"id":10409,"date":"2020-03-04T11:59:01","date_gmt":"2020-03-04T11:59:01","guid":{"rendered":"https:\/\/jornaldasoficinas.com\/pt\/?p=10409"},"modified":"2023-07-20T16:15:14","modified_gmt":"2023-07-20T15:15:14","slug":"bosch-lanca-nova-bateria-com-tecnologia-agm","status":"publish","type":"post","link":"https:\/\/jornaldasoficinas.com\/pt\/bosch-lanca-nova-bateria-com-tecnologia-agm\/","title":{"rendered":"Bosch lan\u00e7a nova bateria com tecnologia AGM para comerciais"},"content":{"rendered":"<p><img loading=\"lazy\" decoding=\"async\" class=\"alignnone size-full wp-image-10408\" src=\"https:\/\/jornaldasoficinas.com\/pt\/wp-content\/uploads\/2020\/03\/ba_ta_088_picture_cd2016_86867.jpg\" alt=\"03 - ba_ta_088_picture_cd2016_86867\" width=\"1024\" height=\"581\" srcset=\"https:\/\/jornaldasoficinas.com\/pt\/wp-content\/uploads\/2020\/03\/ba_ta_088_picture_cd2016_86867.jpg 1024w, https:\/\/jornaldasoficinas.com\/pt\/wp-content\/uploads\/2020\/03\/ba_ta_088_picture_cd2016_86867-300x170.jpg 300w, https:\/\/jornaldasoficinas.com\/pt\/wp-content\/uploads\/2020\/03\/ba_ta_088_picture_cd2016_86867-150x85.jpg 150w, https:\/\/jornaldasoficinas.com\/pt\/wp-content\/uploads\/2020\/03\/ba_ta_088_picture_cd2016_86867-768x436.jpg 768w\" sizes=\"auto, (max-width: 1024px) 100vw, 1024px\" \/><\/p>\n<p><strong>Hoje, os ve\u00edculos comerciais modernos utilizados em trajetos de longo curso est\u00e3o equipados com in\u00fameras fun\u00e7\u00f5es de conforto e alojamento, que melhoram as condi\u00e7\u00f5es de trabalho dos motoristas profissionais.<\/strong><\/p>\n<p>Para garantir que essas fun\u00e7\u00f5es s\u00e3o asseguradas de forma fi\u00e1vel e com energia suficiente, mesmo no caso de utiliza\u00e7\u00e3o estacion\u00e1ria (quando o ve\u00edculo se encontra parado), a linha de baterias da Bosch para ve\u00edculos comerciais \u00e9, agora, complementada pela nova e poderosa bateria de arranque TA AGM de 12 Volt.<\/p>\n<p>Bateria esta que fornece energia com elevada fiabilidade a v\u00e1rios equipamentos el\u00e9tricos instalados nos ve\u00edculos comerciais, como, por exemplo, ar condicionado ou aquecimento da cabine, micro-ondas ou televis\u00e3o. O que ao permitir reduzir as avarias, evita que existam per\u00edodos de inatividade desnecess\u00e1rios.<\/p>\n<p>A nova bateria com tecnologia AGM foi desenvolvida especificamente para aplica\u00e7\u00f5es exigentes em viagens longas. AGM significa &#8221; Absorbent Glass Mat&#8221;. Com esta tecnologia, o \u00e1cido \u00e9 completamente absorvido pelos tapetes de microfibra de vidro, o que permite que a nova bateria seja absolutamente herm\u00e9tica e livre de manuten\u00e7\u00e3o. Gra\u00e7as \u00e0 sua elevada resist\u00eancia \u00e0 vibra\u00e7\u00e3o, tamb\u00e9m pode ser instalada na parte traseira do ve\u00edculo.<\/p>\n<p>Com uma profundidade de descarga de at\u00e9 80%, a bateria AGM TA disp\u00f5e de uma resist\u00eancia profunda ao ciclo seis vezes maior do que as baterias convencionais de chumbo-\u00e1cido, o que reduz o n\u00famero de falhas causadas por cargas c\u00edclicas.<\/p>\n<p>Com um desempenho de arranque a frio de 1200 A (CCA) e uma capacidade de 210 Ah, fornece energia suficiente com fiabilidade para um arranque a frio seguro e para todas as fun\u00e7\u00f5es de conforto e alojamento.<\/p>\n<p>Gra\u00e7as \u00e0 estabilidade do microciclo da tecnologia AGM, a bateria \u00e9 adequada para sistemas de arranque, bem como para &#8220;navega\u00e7\u00e3o \u00e0 vela&#8221; ou inercial, sem que haja suporte do motor de combust\u00e3o.<\/p>\n<p>Com a TA AGM, a sua bateria mais poderosa, a <a href=\"https:\/\/www.bosch.pt\/\" target=\"_blank\" rel=\"noopener noreferrer\">Bosch<\/a> complementa a atual linha de baterias para ve\u00edculos comerciais, que inclui baterias convencionais EFB e de chumbo-\u00e1cido, com um novo e fi\u00e1vel produto <em>premium <\/em>com a qualidade do equipamento original.<\/p>\n","protected":false},"excerpt":{"rendered":"<p>Hoje, os ve\u00edculos comerciais modernos utilizados&#8230;<\/p>\n","protected":false},"author":15,"featured_media":10408,"comment_status":"closed","ping_status":"closed","sticky":false,"template":"","format":"standard","meta":{"footnotes":""},"categories":[29],"tags":[449,123,1748,466],"class_list":["post-10409","post","type-post","status-publish","format-standard","has-post-thumbnail","hentry","category-empresas","tag-baterias-agm","tag-bosch","tag-camioes","tag-veiculos-pesados"],"yoast_head":"<!-- This site is optimized with the Yoast SEO plugin v27.4 - https:\/\/yoast.com\/product\/yoast-seo-wordpress\/ -->\n<title>Bosch lan\u00e7a nova bateria com tecnologia AGM para comerciais - Jornal das Oficinas<\/title>\n<meta name=\"robots\" content=\"index, follow, max-snippet:-1, max-image-preview:large, max-video-preview:-1\" \/>\n<link rel=\"canonical\" href=\"https:\/\/jornaldasoficinas.com\/pt\/bosch-lanca-nova-bateria-com-tecnologia-agm\/\" \/>\n<meta property=\"og:locale\" content=\"pt_PT\" \/>\n<meta property=\"og:type\" content=\"article\" \/>\n<meta property=\"og:title\" content=\"Bosch lan\u00e7a nova bateria com tecnologia AGM para comerciais - Jornal das Oficinas\" \/>\n<meta property=\"og:description\" content=\"Hoje, os ve\u00edculos comerciais modernos utilizados...\" \/>\n<meta property=\"og:url\" content=\"https:\/\/jornaldasoficinas.com\/pt\/bosch-lanca-nova-bateria-com-tecnologia-agm\/\" \/>\n<meta property=\"og:site_name\" content=\"Jornal das Oficinas\" \/>\n<meta property=\"article:publisher\" content=\"https:\/\/www.facebook.com\/jornaloficinas\" \/>\n<meta property=\"article:published_time\" content=\"2020-03-04T11:59:01+00:00\" \/>\n<meta property=\"article:modified_time\" content=\"2023-07-20T15:15:14+00:00\" \/>\n<meta property=\"og:image\" content=\"https:\/\/jornaldasoficinas.com\/pt\/wp-content\/uploads\/2020\/03\/ba_ta_088_picture_cd2016_86867.jpg\" \/>\n\t<meta property=\"og:image:width\" content=\"1024\" \/>\n\t<meta property=\"og:image:height\" content=\"581\" \/>\n\t<meta property=\"og:image:type\" content=\"image\/jpeg\" \/>\n<meta name=\"author\" content=\"Reda\u00e7\u00e3o JO\" \/>\n<meta name=\"twitter:card\" content=\"summary_large_image\" \/>\n<meta name=\"twitter:creator\" content=\"@jornaloficinas\" \/>\n<meta name=\"twitter:site\" content=\"@jornaloficinas\" \/>\n<meta name=\"twitter:label1\" content=\"Escrito por\" \/>\n\t<meta name=\"twitter:data1\" content=\"Reda\u00e7\u00e3o JO\" \/>\n\t<meta name=\"twitter:label2\" content=\"Tempo estimado de leitura\" \/>\n\t<meta name=\"twitter:data2\" content=\"2 minutos\" \/>\n<script type=\"application\/ld+json\" class=\"yoast-schema-graph\">{\"@context\":\"https:\\\/\\\/schema.org\",\"@graph\":[{\"@type\":\"Article\",\"@id\":\"https:\\\/\\\/jornaldasoficinas.com\\\/pt\\\/bosch-lanca-nova-bateria-com-tecnologia-agm\\\/#article\",\"isPartOf\":{\"@id\":\"https:\\\/\\\/jornaldasoficinas.com\\\/pt\\\/bosch-lanca-nova-bateria-com-tecnologia-agm\\\/\"},\"author\":{\"name\":\"Reda\u00e7\u00e3o JO\",\"@id\":\"https:\\\/\\\/jornaldasoficinas.com\\\/pt\\\/#\\\/schema\\\/person\\\/a38eef5de2c41d9e7c9ac10141afddf3\"},\"headline\":\"Bosch lan\u00e7a nova bateria com tecnologia AGM para comerciais\",\"datePublished\":\"2020-03-04T11:59:01+00:00\",\"dateModified\":\"2023-07-20T15:15:14+00:00\",\"mainEntityOfPage\":{\"@id\":\"https:\\\/\\\/jornaldasoficinas.com\\\/pt\\\/bosch-lanca-nova-bateria-com-tecnologia-agm\\\/\"},\"wordCount\":372,\"publisher\":{\"@id\":\"https:\\\/\\\/jornaldasoficinas.com\\\/pt\\\/#organization\"},\"image\":{\"@id\":\"https:\\\/\\\/jornaldasoficinas.com\\\/pt\\\/bosch-lanca-nova-bateria-com-tecnologia-agm\\\/#primaryimage\"},\"thumbnailUrl\":\"https:\\\/\\\/jornaldasoficinas.com\\\/pt\\\/wp-content\\\/uploads\\\/2020\\\/03\\\/ba_ta_088_picture_cd2016_86867.jpg\",\"keywords\":[\"Baterias AGM\",\"Bosch\",\"Cami\u00f5es\",\"Ve\u00edculos Pesados\"],\"articleSection\":[\"Empresas\"],\"inLanguage\":\"pt-PT\"},{\"@type\":\"WebPage\",\"@id\":\"https:\\\/\\\/jornaldasoficinas.com\\\/pt\\\/bosch-lanca-nova-bateria-com-tecnologia-agm\\\/\",\"url\":\"https:\\\/\\\/jornaldasoficinas.com\\\/pt\\\/bosch-lanca-nova-bateria-com-tecnologia-agm\\\/\",\"name\":\"Bosch lan\u00e7a nova bateria com tecnologia AGM para comerciais - Jornal das Oficinas\",\"isPartOf\":{\"@id\":\"https:\\\/\\\/jornaldasoficinas.com\\\/pt\\\/#website\"},\"primaryImageOfPage\":{\"@id\":\"https:\\\/\\\/jornaldasoficinas.com\\\/pt\\\/bosch-lanca-nova-bateria-com-tecnologia-agm\\\/#primaryimage\"},\"image\":{\"@id\":\"https:\\\/\\\/jornaldasoficinas.com\\\/pt\\\/bosch-lanca-nova-bateria-com-tecnologia-agm\\\/#primaryimage\"},\"thumbnailUrl\":\"https:\\\/\\\/jornaldasoficinas.com\\\/pt\\\/wp-content\\\/uploads\\\/2020\\\/03\\\/ba_ta_088_picture_cd2016_86867.jpg\",\"datePublished\":\"2020-03-04T11:59:01+00:00\",\"dateModified\":\"2023-07-20T15:15:14+00:00\",\"breadcrumb\":{\"@id\":\"https:\\\/\\\/jornaldasoficinas.com\\\/pt\\\/bosch-lanca-nova-bateria-com-tecnologia-agm\\\/#breadcrumb\"},\"inLanguage\":\"pt-PT\",\"potentialAction\":[{\"@type\":\"ReadAction\",\"target\":[\"https:\\\/\\\/jornaldasoficinas.com\\\/pt\\\/bosch-lanca-nova-bateria-com-tecnologia-agm\\\/\"]}]},{\"@type\":\"ImageObject\",\"inLanguage\":\"pt-PT\",\"@id\":\"https:\\\/\\\/jornaldasoficinas.com\\\/pt\\\/bosch-lanca-nova-bateria-com-tecnologia-agm\\\/#primaryimage\",\"url\":\"https:\\\/\\\/jornaldasoficinas.com\\\/pt\\\/wp-content\\\/uploads\\\/2020\\\/03\\\/ba_ta_088_picture_cd2016_86867.jpg\",\"contentUrl\":\"https:\\\/\\\/jornaldasoficinas.com\\\/pt\\\/wp-content\\\/uploads\\\/2020\\\/03\\\/ba_ta_088_picture_cd2016_86867.jpg\",\"width\":1024,\"height\":581,\"caption\":\"03 - ba_ta_088_picture_cd2016_86867\"},{\"@type\":\"BreadcrumbList\",\"@id\":\"https:\\\/\\\/jornaldasoficinas.com\\\/pt\\\/bosch-lanca-nova-bateria-com-tecnologia-agm\\\/#breadcrumb\",\"itemListElement\":[{\"@type\":\"ListItem\",\"position\":1,\"name\":\"In\u00edcio\",\"item\":\"https:\\\/\\\/jornaldasoficinas.com\\\/pt\\\/\"},{\"@type\":\"ListItem\",\"position\":2,\"name\":\"Bosch lan\u00e7a nova bateria com tecnologia AGM para comerciais\"}]},{\"@type\":\"WebSite\",\"@id\":\"https:\\\/\\\/jornaldasoficinas.com\\\/pt\\\/#website\",\"url\":\"https:\\\/\\\/jornaldasoficinas.com\\\/pt\\\/\",\"name\":\"Jornal das Oficinas\",\"description\":\"Jornal independente do Aftermarket Autom\u00f3vel em Portugal\",\"publisher\":{\"@id\":\"https:\\\/\\\/jornaldasoficinas.com\\\/pt\\\/#organization\"},\"potentialAction\":[{\"@type\":\"SearchAction\",\"target\":{\"@type\":\"EntryPoint\",\"urlTemplate\":\"https:\\\/\\\/jornaldasoficinas.com\\\/pt\\\/?s={search_term_string}\"},\"query-input\":{\"@type\":\"PropertyValueSpecification\",\"valueRequired\":true,\"valueName\":\"search_term_string\"}}],\"inLanguage\":\"pt-PT\"},{\"@type\":\"Organization\",\"@id\":\"https:\\\/\\\/jornaldasoficinas.com\\\/pt\\\/#organization\",\"name\":\"Jornal das Oficinas\",\"url\":\"https:\\\/\\\/jornaldasoficinas.com\\\/pt\\\/\",\"logo\":{\"@type\":\"ImageObject\",\"inLanguage\":\"pt-PT\",\"@id\":\"https:\\\/\\\/jornaldasoficinas.com\\\/pt\\\/#\\\/schema\\\/logo\\\/image\\\/\",\"url\":\"https:\\\/\\\/jornaldasoficinas.com\\\/pt\\\/wp-content\\\/uploads\\\/logoJO-SEO.png\",\"contentUrl\":\"https:\\\/\\\/jornaldasoficinas.com\\\/pt\\\/wp-content\\\/uploads\\\/logoJO-SEO.png\",\"width\":285,\"height\":450,\"caption\":\"Jornal das Oficinas\"},\"image\":{\"@id\":\"https:\\\/\\\/jornaldasoficinas.com\\\/pt\\\/#\\\/schema\\\/logo\\\/image\\\/\"},\"sameAs\":[\"https:\\\/\\\/www.facebook.com\\\/jornaloficinas\",\"https:\\\/\\\/x.com\\\/jornaloficinas\",\"https:\\\/\\\/www.instagram.com\\\/jornal_oficinas\\\/\",\"https:\\\/\\\/www.linkedin.com\\\/company\\\/jornal-das-oficinas\\\/\",\"https:\\\/\\\/www.youtube.com\\\/channel\\\/UCbQZBqtcvV-oSQrr7RzINGg\"]},{\"@type\":\"Person\",\"@id\":\"https:\\\/\\\/jornaldasoficinas.com\\\/pt\\\/#\\\/schema\\\/person\\\/a38eef5de2c41d9e7c9ac10141afddf3\",\"name\":\"Reda\u00e7\u00e3o JO\",\"image\":{\"@type\":\"ImageObject\",\"inLanguage\":\"pt-PT\",\"@id\":\"https:\\\/\\\/secure.gravatar.com\\\/avatar\\\/71f2fa71737ad68a84fea94bc708ddac8ea5b0c4788dc2ad202f3ccb2887742f?s=96&d=wp_user_avatar&r=g\",\"url\":\"https:\\\/\\\/secure.gravatar.com\\\/avatar\\\/71f2fa71737ad68a84fea94bc708ddac8ea5b0c4788dc2ad202f3ccb2887742f?s=96&d=wp_user_avatar&r=g\",\"contentUrl\":\"https:\\\/\\\/secure.gravatar.com\\\/avatar\\\/71f2fa71737ad68a84fea94bc708ddac8ea5b0c4788dc2ad202f3ccb2887742f?s=96&d=wp_user_avatar&r=g\",\"caption\":\"Reda\u00e7\u00e3o JO\"},\"url\":\"https:\\\/\\\/jornaldasoficinas.com\\\/pt\\\/author\\\/joredacao\\\/\"}]}<\/script>\n<!-- \/ Yoast SEO plugin. -->","yoast_head_json":{"title":"Bosch lan\u00e7a nova bateria com tecnologia AGM para comerciais - Jornal das Oficinas","robots":{"index":"index","follow":"follow","max-snippet":"max-snippet:-1","max-image-preview":"max-image-preview:large","max-video-preview":"max-video-preview:-1"},"canonical":"https:\/\/jornaldasoficinas.com\/pt\/bosch-lanca-nova-bateria-com-tecnologia-agm\/","og_locale":"pt_PT","og_type":"article","og_title":"Bosch lan\u00e7a nova bateria com tecnologia AGM para comerciais - Jornal das Oficinas","og_description":"Hoje, os ve\u00edculos comerciais modernos utilizados...","og_url":"https:\/\/jornaldasoficinas.com\/pt\/bosch-lanca-nova-bateria-com-tecnologia-agm\/","og_site_name":"Jornal das Oficinas","article_publisher":"https:\/\/www.facebook.com\/jornaloficinas","article_published_time":"2020-03-04T11:59:01+00:00","article_modified_time":"2023-07-20T15:15:14+00:00","og_image":[{"width":1024,"height":581,"url":"https:\/\/jornaldasoficinas.com\/pt\/wp-content\/uploads\/2020\/03\/ba_ta_088_picture_cd2016_86867.jpg","type":"image\/jpeg"}],"author":"Reda\u00e7\u00e3o JO","twitter_card":"summary_large_image","twitter_creator":"@jornaloficinas","twitter_site":"@jornaloficinas","twitter_misc":{"Escrito por":"Reda\u00e7\u00e3o JO","Tempo estimado de leitura":"2 minutos"},"schema":{"@context":"https:\/\/schema.org","@graph":[{"@type":"Article","@id":"https:\/\/jornaldasoficinas.com\/pt\/bosch-lanca-nova-bateria-com-tecnologia-agm\/#article","isPartOf":{"@id":"https:\/\/jornaldasoficinas.com\/pt\/bosch-lanca-nova-bateria-com-tecnologia-agm\/"},"author":{"name":"Reda\u00e7\u00e3o JO","@id":"https:\/\/jornaldasoficinas.com\/pt\/#\/schema\/person\/a38eef5de2c41d9e7c9ac10141afddf3"},"headline":"Bosch lan\u00e7a nova bateria com tecnologia AGM para comerciais","datePublished":"2020-03-04T11:59:01+00:00","dateModified":"2023-07-20T15:15:14+00:00","mainEntityOfPage":{"@id":"https:\/\/jornaldasoficinas.com\/pt\/bosch-lanca-nova-bateria-com-tecnologia-agm\/"},"wordCount":372,"publisher":{"@id":"https:\/\/jornaldasoficinas.com\/pt\/#organization"},"image":{"@id":"https:\/\/jornaldasoficinas.com\/pt\/bosch-lanca-nova-bateria-com-tecnologia-agm\/#primaryimage"},"thumbnailUrl":"https:\/\/jornaldasoficinas.com\/pt\/wp-content\/uploads\/2020\/03\/ba_ta_088_picture_cd2016_86867.jpg","keywords":["Baterias AGM","Bosch","Cami\u00f5es","Ve\u00edculos Pesados"],"articleSection":["Empresas"],"inLanguage":"pt-PT"},{"@type":"WebPage","@id":"https:\/\/jornaldasoficinas.com\/pt\/bosch-lanca-nova-bateria-com-tecnologia-agm\/","url":"https:\/\/jornaldasoficinas.com\/pt\/bosch-lanca-nova-bateria-com-tecnologia-agm\/","name":"Bosch lan\u00e7a nova bateria com tecnologia AGM para comerciais - Jornal das Oficinas","isPartOf":{"@id":"https:\/\/jornaldasoficinas.com\/pt\/#website"},"primaryImageOfPage":{"@id":"https:\/\/jornaldasoficinas.com\/pt\/bosch-lanca-nova-bateria-com-tecnologia-agm\/#primaryimage"},"image":{"@id":"https:\/\/jornaldasoficinas.com\/pt\/bosch-lanca-nova-bateria-com-tecnologia-agm\/#primaryimage"},"thumbnailUrl":"https:\/\/jornaldasoficinas.com\/pt\/wp-content\/uploads\/2020\/03\/ba_ta_088_picture_cd2016_86867.jpg","datePublished":"2020-03-04T11:59:01+00:00","dateModified":"2023-07-20T15:15:14+00:00","breadcrumb":{"@id":"https:\/\/jornaldasoficinas.com\/pt\/bosch-lanca-nova-bateria-com-tecnologia-agm\/#breadcrumb"},"inLanguage":"pt-PT","potentialAction":[{"@type":"ReadAction","target":["https:\/\/jornaldasoficinas.com\/pt\/bosch-lanca-nova-bateria-com-tecnologia-agm\/"]}]},{"@type":"ImageObject","inLanguage":"pt-PT","@id":"https:\/\/jornaldasoficinas.com\/pt\/bosch-lanca-nova-bateria-com-tecnologia-agm\/#primaryimage","url":"https:\/\/jornaldasoficinas.com\/pt\/wp-content\/uploads\/2020\/03\/ba_ta_088_picture_cd2016_86867.jpg","contentUrl":"https:\/\/jornaldasoficinas.com\/pt\/wp-content\/uploads\/2020\/03\/ba_ta_088_picture_cd2016_86867.jpg","width":1024,"height":581,"caption":"03 - ba_ta_088_picture_cd2016_86867"},{"@type":"BreadcrumbList","@id":"https:\/\/jornaldasoficinas.com\/pt\/bosch-lanca-nova-bateria-com-tecnologia-agm\/#breadcrumb","itemListElement":[{"@type":"ListItem","position":1,"name":"In\u00edcio","item":"https:\/\/jornaldasoficinas.com\/pt\/"},{"@type":"ListItem","position":2,"name":"Bosch lan\u00e7a nova bateria com tecnologia AGM para comerciais"}]},{"@type":"WebSite","@id":"https:\/\/jornaldasoficinas.com\/pt\/#website","url":"https:\/\/jornaldasoficinas.com\/pt\/","name":"Jornal das Oficinas","description":"Jornal independente do Aftermarket Autom\u00f3vel em Portugal","publisher":{"@id":"https:\/\/jornaldasoficinas.com\/pt\/#organization"},"potentialAction":[{"@type":"SearchAction","target":{"@type":"EntryPoint","urlTemplate":"https:\/\/jornaldasoficinas.com\/pt\/?s={search_term_string}"},"query-input":{"@type":"PropertyValueSpecification","valueRequired":true,"valueName":"search_term_string"}}],"inLanguage":"pt-PT"},{"@type":"Organization","@id":"https:\/\/jornaldasoficinas.com\/pt\/#organization","name":"Jornal das Oficinas","url":"https:\/\/jornaldasoficinas.com\/pt\/","logo":{"@type":"ImageObject","inLanguage":"pt-PT","@id":"https:\/\/jornaldasoficinas.com\/pt\/#\/schema\/logo\/image\/","url":"https:\/\/jornaldasoficinas.com\/pt\/wp-content\/uploads\/logoJO-SEO.png","contentUrl":"https:\/\/jornaldasoficinas.com\/pt\/wp-content\/uploads\/logoJO-SEO.png","width":285,"height":450,"caption":"Jornal das Oficinas"},"image":{"@id":"https:\/\/jornaldasoficinas.com\/pt\/#\/schema\/logo\/image\/"},"sameAs":["https:\/\/www.facebook.com\/jornaloficinas","https:\/\/x.com\/jornaloficinas","https:\/\/www.instagram.com\/jornal_oficinas\/","https:\/\/www.linkedin.com\/company\/jornal-das-oficinas\/","https:\/\/www.youtube.com\/channel\/UCbQZBqtcvV-oSQrr7RzINGg"]},{"@type":"Person","@id":"https:\/\/jornaldasoficinas.com\/pt\/#\/schema\/person\/a38eef5de2c41d9e7c9ac10141afddf3","name":"Reda\u00e7\u00e3o JO","image":{"@type":"ImageObject","inLanguage":"pt-PT","@id":"https:\/\/secure.gravatar.com\/avatar\/71f2fa71737ad68a84fea94bc708ddac8ea5b0c4788dc2ad202f3ccb2887742f?s=96&d=wp_user_avatar&r=g","url":"https:\/\/secure.gravatar.com\/avatar\/71f2fa71737ad68a84fea94bc708ddac8ea5b0c4788dc2ad202f3ccb2887742f?s=96&d=wp_user_avatar&r=g","contentUrl":"https:\/\/secure.gravatar.com\/avatar\/71f2fa71737ad68a84fea94bc708ddac8ea5b0c4788dc2ad202f3ccb2887742f?s=96&d=wp_user_avatar&r=g","caption":"Reda\u00e7\u00e3o JO"},"url":"https:\/\/jornaldasoficinas.com\/pt\/author\/joredacao\/"}]}},"_links":{"self":[{"href":"https:\/\/jornaldasoficinas.com\/pt\/wp-json\/wp\/v2\/posts\/10409","targetHints":{"allow":["GET"]}}],"collection":[{"href":"https:\/\/jornaldasoficinas.com\/pt\/wp-json\/wp\/v2\/posts"}],"about":[{"href":"https:\/\/jornaldasoficinas.com\/pt\/wp-json\/wp\/v2\/types\/post"}],"author":[{"embeddable":true,"href":"https:\/\/jornaldasoficinas.com\/pt\/wp-json\/wp\/v2\/users\/15"}],"replies":[{"embeddable":true,"href":"https:\/\/jornaldasoficinas.com\/pt\/wp-json\/wp\/v2\/comments?post=10409"}],"version-history":[{"count":0,"href":"https:\/\/jornaldasoficinas.com\/pt\/wp-json\/wp\/v2\/posts\/10409\/revisions"}],"wp:featuredmedia":[{"embeddable":true,"href":"https:\/\/jornaldasoficinas.com\/pt\/wp-json\/wp\/v2\/media\/10408"}],"wp:attachment":[{"href":"https:\/\/jornaldasoficinas.com\/pt\/wp-json\/wp\/v2\/media?parent=10409"}],"wp:term":[{"taxonomy":"category","embeddable":true,"href":"https:\/\/jornaldasoficinas.com\/pt\/wp-json\/wp\/v2\/categories?post=10409"},{"taxonomy":"post_tag","embeddable":true,"href":"https:\/\/jornaldasoficinas.com\/pt\/wp-json\/wp\/v2\/tags?post=10409"}],"curies":[{"name":"wp","href":"https:\/\/api.w.org\/{rel}","templated":true}]}}