{"id":104271,"date":"2025-07-13T21:30:13","date_gmt":"2025-07-13T20:30:13","guid":{"rendered":"https:\/\/jornaldasoficinas.com\/pt\/?p=104271"},"modified":"2025-07-14T08:14:17","modified_gmt":"2025-07-14T07:14:17","slug":"somos-o-parceiro-estrategico-que-o-mercado-precisa-vt-batteries","status":"publish","type":"post","link":"https:\/\/jornaldasoficinas.com\/pt\/somos-o-parceiro-estrategico-que-o-mercado-precisa-vt-batteries\/","title":{"rendered":"&#8220;Somos o parceiro estrat\u00e9gico que o mercado precisa!&#8221;, VT Batteries"},"content":{"rendered":"<p><img loading=\"lazy\" decoding=\"async\" class=\"alignnone size-full wp-image-104260\" src=\"https:\/\/jornaldasoficinas.com\/pt\/wp-content\/uploads\/2025\/07\/jose-luis-bravo.jpeg\" alt=\"07 - jose luis bravo\" width=\"1024\" height=\"581\" srcset=\"https:\/\/jornaldasoficinas.com\/pt\/wp-content\/uploads\/2025\/07\/jose-luis-bravo.jpeg 1024w, https:\/\/jornaldasoficinas.com\/pt\/wp-content\/uploads\/2025\/07\/jose-luis-bravo-300x170.jpeg 300w, https:\/\/jornaldasoficinas.com\/pt\/wp-content\/uploads\/2025\/07\/jose-luis-bravo-150x85.jpeg 150w, https:\/\/jornaldasoficinas.com\/pt\/wp-content\/uploads\/2025\/07\/jose-luis-bravo-768x436.jpeg 768w\" sizes=\"auto, (max-width: 1024px) 100vw, 1024px\" \/><\/p>\n<p><strong>Qualidade do produto, disponibilidade imediata e atendimento personalizado, s\u00e3o os fatores chave da estrat\u00e9gia da<a href=\"https:\/\/vtpower.es\/en\/\" target=\"_blank\" rel=\"noopener\"> VT Batteries<\/a> para se afirmar como um dos principais players no mercado de distribui\u00e7\u00e3o de baterias. Em entrevista ao Jornal das Oficinas, Jos\u00e9 Luis Bravo, diretor para a Pen\u00ednsula Ib\u00e9rica, explica a estrat\u00e9gia e os objetivos da empresa<\/strong><\/p>\n<p>A VT Batteries ainda \u00e9 uma empresa desconhecida no mundo do aftermarket, mas \u00e9 uma grande empresa que, durante os seus treze anos de trajet\u00f3ria, concentrou-se em desenvolver o neg\u00f3cio em sessenta pa\u00edses. Sendo um dos maiores especialistas em acumula\u00e7\u00e3o de energia, que cobre todo o espectro de baterias, o seu foco tem sido crescer e desenvolver-se como empresa com grande proje\u00e7\u00e3o, que j\u00e1 fatura 65 milh\u00f5es de euros. Fundada por Jos\u00e9 Miguel \u00c1lvarez e David Hern\u00e1ndez Sobrino, a VT Batteries \u201c\u00e9 a resposta real a todas as necessidades de acumuladores de energia. A nossa ampla oferta de produtos, aliada \u00e0 aten\u00e7\u00e3o personalizada que dedicamos a cada cliente, s\u00e3o fatores chave para o sucesso da empresa. Estamos muito orgulhosos do trabalho de toda a equipa e da confian\u00e7a dos nossos clientes\u201d, afirma Jos\u00e9 Luis Bravo. \u201cA empresa come\u00e7ou h\u00e1 apenas treze anos alcan\u00e7ando um crescimento muito r\u00e1pido. O apoio dos grandes fabricantes foi essencial, e \u00e9 verdade que sem esse apoio n\u00e3o teria sido poss\u00edvel, mas \u00e9 igualmente verdade que esse apoio \u00e9 merecido, porque confiaram em n\u00f3s para comercializar os seus produtos e respondemos com efic\u00e1cia\u201d, acrescenta.<\/p>\n<p>Com o foco claramente orientado para a personaliza\u00e7\u00e3o do servi\u00e7o, a empresa demonstra a sua capacidade de se adaptar \u00e0s necessidades de cada cliente, gra\u00e7as a um portf\u00f3lio que inclui desde marcas premium como a Exide (s\u00e3o um dos tr\u00eas principais clientes da Exide no mundo), at\u00e9 solu\u00e7\u00f5es focadas na otimiza\u00e7\u00e3o da rela\u00e7\u00e3o qualidade-pre\u00e7o, tudo com um stock permanente para garantir o fornecimento imediato. O seu cat\u00e1logo abrange todos os tipos de baterias (desde estacion\u00e1rias e c\u00edclicas at\u00e9 de arranque e industriais) e carregadores, de marcas como Tudor, Exide, Lucas, Varta, Optima, VMF, VTPower, Qbatteries, Zenith ou Rocket, e est\u00e1 presente na Am\u00e9rica Latina, Europa e Norte de \u00c1frica.<\/p>\n<p><strong>Presen\u00e7a ib\u00e9rica e internacional consolidada<\/strong><br \/>\nAl\u00e9m da presen\u00e7a na Pen\u00ednsula Ib\u00e9rica, a VT Batteries desenvolve neg\u00f3cios em mais de 60 pa\u00edses em todo o mundo. Para Jos\u00e9 Luis Bravo \u201cA VT Batteries \u00e9 o parceiro estrat\u00e9gico de que o mercado precisa: pr\u00f3ximo, fi\u00e1vel e preparado para crescer junto dos seus clientes. O grande n\u00famero de oportunidades e acordos j\u00e1 realizados com importantes distribuidores em todo o mundo, confirma o grande momento que estamos a viver.\u201d Num setor onde a personaliza\u00e7\u00e3o e a disponibilidade imediata s\u00e3o fundamentais, a VT Batteries destaca-se como um fornecedor integral de solu\u00e7\u00f5es de acumuladores de energia, oferecendo uma ampla gama de produtos que abrangem desde marcas premium at\u00e9 op\u00e7\u00f5es com excelente rela\u00e7\u00e3o qualidade-pre\u00e7o, todos com stock permanente. A empresa est\u00e1 em processo de introduzir mudan\u00e7as a todos os n\u00edveis. \u201cEm Espanha, atualmente, o nosso perfil de cliente \u00e9 o do revendedor m\u00e9dio, com tr\u00eas ou quatro milh\u00f5es de fatura\u00e7\u00e3o, mas isso n\u00e3o significa que n\u00e3o possamos atender \u00e0s necessidades dos grandes. \u00c9 nisso que estamos a trabalhar e, pouco a pouco, temos a certeza de que vamos chegar l\u00e1. Agora, estamos no processo de apresentar a nossa proposta \u00e0s centrais dos grupos, para que compreendam as necessidades que podemos satisfazer e transmitam isso aos seus parceiros\u201d, refere Jos\u00e9 Luis.<\/p>\n<p>Questionado sobre se os fabricantes n\u00e3o os veem como uma amea\u00e7a, Jos\u00e9 Luis afirma: \u201cMuito pelo contr\u00e1rio. Eles v\u00eaem-nos como um grande aliado pela pr\u00f3pria evolu\u00e7\u00e3o do mercado. Ou seja, somos o bra\u00e7o comercial e distribuidor de muitos fabricantes. Eles v\u00eaem-nos como uma oportunidade para o futuro. Se t\u00eam um cliente com quem trabalham muito bem, com quem podem partilhar projetos&#8230; ent\u00e3o, em vez de terem um ex\u00e9rcito de pessoas e uma grande estrutura para atender esse cliente, n\u00f3s fazemos isso por eles. Somos uma oportunidade para os fabricantes\u201d.<\/p>\n<p><strong>Quatro valores chave que fazem a diferen\u00e7a: <\/strong>saiba quais na edi\u00e7\u00e3o impressa ou online do Jornal das Oficinas n\u00ba223, <a href=\"https:\/\/www.yumpu.com\/pt\/document\/read\/70603628\/jornal-das-oficinas-223\/34\">aqui<\/a>.<\/p>\n<p>&nbsp;<\/p>\n<p>&nbsp;<\/p>\n<p>&nbsp;<\/p>\n","protected":false},"excerpt":{"rendered":"<p>Qualidade do produto, disponibilidade imediata e&#8230;<\/p>\n","protected":false},"author":15,"featured_media":104260,"comment_status":"closed","ping_status":"closed","sticky":false,"template":"","format":"standard","meta":{"footnotes":""},"categories":[38],"tags":[10932,512,12665,4184,4273,13108,10971],"class_list":["post-104271","post","type-post","status-publish","format-standard","has-post-thumbnail","hentry","category-entrevistas","tag-atendimento-personalizado","tag-baterias","tag-disponibilidade-imediata","tag-jose-luis-bravo","tag-peninsula-iberica","tag-qualidade-do-produto","tag-vt-batteries"],"yoast_head":"<!-- This site is optimized with the Yoast SEO plugin v27.4 - https:\/\/yoast.com\/product\/yoast-seo-wordpress\/ -->\n<title>&quot;Somos o parceiro estrat\u00e9gico que o mercado precisa!&quot;, VT Batteries - Jornal das Oficinas<\/title>\n<meta name=\"description\" content=\"Qualidade do produto, disponibilidade imediata e atendimento personalizado, s\u00e3o os fatores chave da estrat\u00e9gia da VT Batteries\" \/>\n<meta name=\"robots\" content=\"index, follow, max-snippet:-1, max-image-preview:large, max-video-preview:-1\" \/>\n<link rel=\"canonical\" href=\"https:\/\/jornaldasoficinas.com\/pt\/somos-o-parceiro-estrategico-que-o-mercado-precisa-vt-batteries\/\" \/>\n<meta property=\"og:locale\" content=\"pt_PT\" \/>\n<meta property=\"og:type\" content=\"article\" \/>\n<meta property=\"og:title\" content=\"&quot;Somos o parceiro estrat\u00e9gico que o mercado precisa!&quot;, VT Batteries - Jornal das Oficinas\" \/>\n<meta property=\"og:description\" content=\"Qualidade do produto, disponibilidade imediata e atendimento personalizado, s\u00e3o os fatores chave da estrat\u00e9gia da VT Batteries\" \/>\n<meta property=\"og:url\" content=\"https:\/\/jornaldasoficinas.com\/pt\/somos-o-parceiro-estrategico-que-o-mercado-precisa-vt-batteries\/\" \/>\n<meta property=\"og:site_name\" content=\"Jornal das Oficinas\" \/>\n<meta property=\"article:publisher\" content=\"https:\/\/www.facebook.com\/jornaloficinas\" \/>\n<meta property=\"article:published_time\" content=\"2025-07-13T20:30:13+00:00\" \/>\n<meta property=\"article:modified_time\" content=\"2025-07-14T07:14:17+00:00\" \/>\n<meta property=\"og:image\" content=\"https:\/\/jornaldasoficinas.com\/pt\/wp-content\/uploads\/2025\/07\/jose-luis-bravo.jpeg\" \/>\n\t<meta property=\"og:image:width\" content=\"1024\" \/>\n\t<meta property=\"og:image:height\" content=\"581\" \/>\n\t<meta property=\"og:image:type\" content=\"image\/jpeg\" \/>\n<meta name=\"author\" content=\"Reda\u00e7\u00e3o JO\" \/>\n<meta name=\"twitter:card\" content=\"summary_large_image\" \/>\n<meta name=\"twitter:creator\" content=\"@jornaloficinas\" \/>\n<meta name=\"twitter:site\" content=\"@jornaloficinas\" \/>\n<meta name=\"twitter:label1\" content=\"Escrito por\" \/>\n\t<meta name=\"twitter:data1\" content=\"Reda\u00e7\u00e3o JO\" \/>\n\t<meta name=\"twitter:label2\" content=\"Tempo estimado de leitura\" \/>\n\t<meta name=\"twitter:data2\" content=\"5 minutos\" \/>\n<script type=\"application\/ld+json\" class=\"yoast-schema-graph\">{\"@context\":\"https:\\\/\\\/schema.org\",\"@graph\":[{\"@type\":\"Article\",\"@id\":\"https:\\\/\\\/jornaldasoficinas.com\\\/pt\\\/somos-o-parceiro-estrategico-que-o-mercado-precisa-vt-batteries\\\/#article\",\"isPartOf\":{\"@id\":\"https:\\\/\\\/jornaldasoficinas.com\\\/pt\\\/somos-o-parceiro-estrategico-que-o-mercado-precisa-vt-batteries\\\/\"},\"author\":{\"name\":\"Reda\u00e7\u00e3o JO\",\"@id\":\"https:\\\/\\\/jornaldasoficinas.com\\\/pt\\\/#\\\/schema\\\/person\\\/a38eef5de2c41d9e7c9ac10141afddf3\"},\"headline\":\"&#8220;Somos o parceiro estrat\u00e9gico que o mercado precisa!&#8221;, VT Batteries\",\"datePublished\":\"2025-07-13T20:30:13+00:00\",\"dateModified\":\"2025-07-14T07:14:17+00:00\",\"mainEntityOfPage\":{\"@id\":\"https:\\\/\\\/jornaldasoficinas.com\\\/pt\\\/somos-o-parceiro-estrategico-que-o-mercado-precisa-vt-batteries\\\/\"},\"wordCount\":751,\"publisher\":{\"@id\":\"https:\\\/\\\/jornaldasoficinas.com\\\/pt\\\/#organization\"},\"image\":{\"@id\":\"https:\\\/\\\/jornaldasoficinas.com\\\/pt\\\/somos-o-parceiro-estrategico-que-o-mercado-precisa-vt-batteries\\\/#primaryimage\"},\"thumbnailUrl\":\"https:\\\/\\\/jornaldasoficinas.com\\\/pt\\\/wp-content\\\/uploads\\\/2025\\\/07\\\/jose-luis-bravo.jpeg\",\"keywords\":[\"atendimento personalizado\",\"Baterias\",\"disponibilidade imediata\",\"Jos\u00e9 Lu\u00eds Bravo\",\"Pen\u00ednsula Ib\u00e9rica\",\"Qualidade do produto\",\"VT Batteries\"],\"articleSection\":[\"Entrevistas\"],\"inLanguage\":\"pt-PT\"},{\"@type\":\"WebPage\",\"@id\":\"https:\\\/\\\/jornaldasoficinas.com\\\/pt\\\/somos-o-parceiro-estrategico-que-o-mercado-precisa-vt-batteries\\\/\",\"url\":\"https:\\\/\\\/jornaldasoficinas.com\\\/pt\\\/somos-o-parceiro-estrategico-que-o-mercado-precisa-vt-batteries\\\/\",\"name\":\"\\\"Somos o parceiro estrat\u00e9gico que o mercado precisa!\\\", VT Batteries - Jornal das Oficinas\",\"isPartOf\":{\"@id\":\"https:\\\/\\\/jornaldasoficinas.com\\\/pt\\\/#website\"},\"primaryImageOfPage\":{\"@id\":\"https:\\\/\\\/jornaldasoficinas.com\\\/pt\\\/somos-o-parceiro-estrategico-que-o-mercado-precisa-vt-batteries\\\/#primaryimage\"},\"image\":{\"@id\":\"https:\\\/\\\/jornaldasoficinas.com\\\/pt\\\/somos-o-parceiro-estrategico-que-o-mercado-precisa-vt-batteries\\\/#primaryimage\"},\"thumbnailUrl\":\"https:\\\/\\\/jornaldasoficinas.com\\\/pt\\\/wp-content\\\/uploads\\\/2025\\\/07\\\/jose-luis-bravo.jpeg\",\"datePublished\":\"2025-07-13T20:30:13+00:00\",\"dateModified\":\"2025-07-14T07:14:17+00:00\",\"description\":\"Qualidade do produto, disponibilidade imediata e atendimento personalizado, s\u00e3o os fatores chave da estrat\u00e9gia da VT Batteries\",\"breadcrumb\":{\"@id\":\"https:\\\/\\\/jornaldasoficinas.com\\\/pt\\\/somos-o-parceiro-estrategico-que-o-mercado-precisa-vt-batteries\\\/#breadcrumb\"},\"inLanguage\":\"pt-PT\",\"potentialAction\":[{\"@type\":\"ReadAction\",\"target\":[\"https:\\\/\\\/jornaldasoficinas.com\\\/pt\\\/somos-o-parceiro-estrategico-que-o-mercado-precisa-vt-batteries\\\/\"]}]},{\"@type\":\"ImageObject\",\"inLanguage\":\"pt-PT\",\"@id\":\"https:\\\/\\\/jornaldasoficinas.com\\\/pt\\\/somos-o-parceiro-estrategico-que-o-mercado-precisa-vt-batteries\\\/#primaryimage\",\"url\":\"https:\\\/\\\/jornaldasoficinas.com\\\/pt\\\/wp-content\\\/uploads\\\/2025\\\/07\\\/jose-luis-bravo.jpeg\",\"contentUrl\":\"https:\\\/\\\/jornaldasoficinas.com\\\/pt\\\/wp-content\\\/uploads\\\/2025\\\/07\\\/jose-luis-bravo.jpeg\",\"width\":1024,\"height\":581,\"caption\":\"07 - jose luis bravo\"},{\"@type\":\"BreadcrumbList\",\"@id\":\"https:\\\/\\\/jornaldasoficinas.com\\\/pt\\\/somos-o-parceiro-estrategico-que-o-mercado-precisa-vt-batteries\\\/#breadcrumb\",\"itemListElement\":[{\"@type\":\"ListItem\",\"position\":1,\"name\":\"In\u00edcio\",\"item\":\"https:\\\/\\\/jornaldasoficinas.com\\\/pt\\\/\"},{\"@type\":\"ListItem\",\"position\":2,\"name\":\"&#8220;Somos o parceiro estrat\u00e9gico que o mercado precisa!&#8221;, VT Batteries\"}]},{\"@type\":\"WebSite\",\"@id\":\"https:\\\/\\\/jornaldasoficinas.com\\\/pt\\\/#website\",\"url\":\"https:\\\/\\\/jornaldasoficinas.com\\\/pt\\\/\",\"name\":\"Jornal das Oficinas\",\"description\":\"Jornal independente do Aftermarket Autom\u00f3vel em Portugal\",\"publisher\":{\"@id\":\"https:\\\/\\\/jornaldasoficinas.com\\\/pt\\\/#organization\"},\"potentialAction\":[{\"@type\":\"SearchAction\",\"target\":{\"@type\":\"EntryPoint\",\"urlTemplate\":\"https:\\\/\\\/jornaldasoficinas.com\\\/pt\\\/?s={search_term_string}\"},\"query-input\":{\"@type\":\"PropertyValueSpecification\",\"valueRequired\":true,\"valueName\":\"search_term_string\"}}],\"inLanguage\":\"pt-PT\"},{\"@type\":\"Organization\",\"@id\":\"https:\\\/\\\/jornaldasoficinas.com\\\/pt\\\/#organization\",\"name\":\"Jornal das Oficinas\",\"url\":\"https:\\\/\\\/jornaldasoficinas.com\\\/pt\\\/\",\"logo\":{\"@type\":\"ImageObject\",\"inLanguage\":\"pt-PT\",\"@id\":\"https:\\\/\\\/jornaldasoficinas.com\\\/pt\\\/#\\\/schema\\\/logo\\\/image\\\/\",\"url\":\"https:\\\/\\\/jornaldasoficinas.com\\\/pt\\\/wp-content\\\/uploads\\\/logoJO-SEO.png\",\"contentUrl\":\"https:\\\/\\\/jornaldasoficinas.com\\\/pt\\\/wp-content\\\/uploads\\\/logoJO-SEO.png\",\"width\":285,\"height\":450,\"caption\":\"Jornal das Oficinas\"},\"image\":{\"@id\":\"https:\\\/\\\/jornaldasoficinas.com\\\/pt\\\/#\\\/schema\\\/logo\\\/image\\\/\"},\"sameAs\":[\"https:\\\/\\\/www.facebook.com\\\/jornaloficinas\",\"https:\\\/\\\/x.com\\\/jornaloficinas\",\"https:\\\/\\\/www.instagram.com\\\/jornal_oficinas\\\/\",\"https:\\\/\\\/www.linkedin.com\\\/company\\\/jornal-das-oficinas\\\/\",\"https:\\\/\\\/www.youtube.com\\\/channel\\\/UCbQZBqtcvV-oSQrr7RzINGg\"]},{\"@type\":\"Person\",\"@id\":\"https:\\\/\\\/jornaldasoficinas.com\\\/pt\\\/#\\\/schema\\\/person\\\/a38eef5de2c41d9e7c9ac10141afddf3\",\"name\":\"Reda\u00e7\u00e3o JO\",\"image\":{\"@type\":\"ImageObject\",\"inLanguage\":\"pt-PT\",\"@id\":\"https:\\\/\\\/secure.gravatar.com\\\/avatar\\\/71f2fa71737ad68a84fea94bc708ddac8ea5b0c4788dc2ad202f3ccb2887742f?s=96&d=wp_user_avatar&r=g\",\"url\":\"https:\\\/\\\/secure.gravatar.com\\\/avatar\\\/71f2fa71737ad68a84fea94bc708ddac8ea5b0c4788dc2ad202f3ccb2887742f?s=96&d=wp_user_avatar&r=g\",\"contentUrl\":\"https:\\\/\\\/secure.gravatar.com\\\/avatar\\\/71f2fa71737ad68a84fea94bc708ddac8ea5b0c4788dc2ad202f3ccb2887742f?s=96&d=wp_user_avatar&r=g\",\"caption\":\"Reda\u00e7\u00e3o JO\"},\"url\":\"https:\\\/\\\/jornaldasoficinas.com\\\/pt\\\/author\\\/joredacao\\\/\"}]}<\/script>\n<!-- \/ Yoast SEO plugin. -->","yoast_head_json":{"title":"\"Somos o parceiro estrat\u00e9gico que o mercado precisa!\", VT Batteries - Jornal das Oficinas","description":"Qualidade do produto, disponibilidade imediata e atendimento personalizado, s\u00e3o os fatores chave da estrat\u00e9gia da VT Batteries","robots":{"index":"index","follow":"follow","max-snippet":"max-snippet:-1","max-image-preview":"max-image-preview:large","max-video-preview":"max-video-preview:-1"},"canonical":"https:\/\/jornaldasoficinas.com\/pt\/somos-o-parceiro-estrategico-que-o-mercado-precisa-vt-batteries\/","og_locale":"pt_PT","og_type":"article","og_title":"\"Somos o parceiro estrat\u00e9gico que o mercado precisa!\", VT Batteries - Jornal das Oficinas","og_description":"Qualidade do produto, disponibilidade imediata e atendimento personalizado, s\u00e3o os fatores chave da estrat\u00e9gia da VT Batteries","og_url":"https:\/\/jornaldasoficinas.com\/pt\/somos-o-parceiro-estrategico-que-o-mercado-precisa-vt-batteries\/","og_site_name":"Jornal das Oficinas","article_publisher":"https:\/\/www.facebook.com\/jornaloficinas","article_published_time":"2025-07-13T20:30:13+00:00","article_modified_time":"2025-07-14T07:14:17+00:00","og_image":[{"width":1024,"height":581,"url":"https:\/\/jornaldasoficinas.com\/pt\/wp-content\/uploads\/2025\/07\/jose-luis-bravo.jpeg","type":"image\/jpeg"}],"author":"Reda\u00e7\u00e3o JO","twitter_card":"summary_large_image","twitter_creator":"@jornaloficinas","twitter_site":"@jornaloficinas","twitter_misc":{"Escrito por":"Reda\u00e7\u00e3o JO","Tempo estimado de leitura":"5 minutos"},"schema":{"@context":"https:\/\/schema.org","@graph":[{"@type":"Article","@id":"https:\/\/jornaldasoficinas.com\/pt\/somos-o-parceiro-estrategico-que-o-mercado-precisa-vt-batteries\/#article","isPartOf":{"@id":"https:\/\/jornaldasoficinas.com\/pt\/somos-o-parceiro-estrategico-que-o-mercado-precisa-vt-batteries\/"},"author":{"name":"Reda\u00e7\u00e3o JO","@id":"https:\/\/jornaldasoficinas.com\/pt\/#\/schema\/person\/a38eef5de2c41d9e7c9ac10141afddf3"},"headline":"&#8220;Somos o parceiro estrat\u00e9gico que o mercado precisa!&#8221;, VT Batteries","datePublished":"2025-07-13T20:30:13+00:00","dateModified":"2025-07-14T07:14:17+00:00","mainEntityOfPage":{"@id":"https:\/\/jornaldasoficinas.com\/pt\/somos-o-parceiro-estrategico-que-o-mercado-precisa-vt-batteries\/"},"wordCount":751,"publisher":{"@id":"https:\/\/jornaldasoficinas.com\/pt\/#organization"},"image":{"@id":"https:\/\/jornaldasoficinas.com\/pt\/somos-o-parceiro-estrategico-que-o-mercado-precisa-vt-batteries\/#primaryimage"},"thumbnailUrl":"https:\/\/jornaldasoficinas.com\/pt\/wp-content\/uploads\/2025\/07\/jose-luis-bravo.jpeg","keywords":["atendimento personalizado","Baterias","disponibilidade imediata","Jos\u00e9 Lu\u00eds Bravo","Pen\u00ednsula Ib\u00e9rica","Qualidade do produto","VT Batteries"],"articleSection":["Entrevistas"],"inLanguage":"pt-PT"},{"@type":"WebPage","@id":"https:\/\/jornaldasoficinas.com\/pt\/somos-o-parceiro-estrategico-que-o-mercado-precisa-vt-batteries\/","url":"https:\/\/jornaldasoficinas.com\/pt\/somos-o-parceiro-estrategico-que-o-mercado-precisa-vt-batteries\/","name":"\"Somos o parceiro estrat\u00e9gico que o mercado precisa!\", VT Batteries - Jornal das Oficinas","isPartOf":{"@id":"https:\/\/jornaldasoficinas.com\/pt\/#website"},"primaryImageOfPage":{"@id":"https:\/\/jornaldasoficinas.com\/pt\/somos-o-parceiro-estrategico-que-o-mercado-precisa-vt-batteries\/#primaryimage"},"image":{"@id":"https:\/\/jornaldasoficinas.com\/pt\/somos-o-parceiro-estrategico-que-o-mercado-precisa-vt-batteries\/#primaryimage"},"thumbnailUrl":"https:\/\/jornaldasoficinas.com\/pt\/wp-content\/uploads\/2025\/07\/jose-luis-bravo.jpeg","datePublished":"2025-07-13T20:30:13+00:00","dateModified":"2025-07-14T07:14:17+00:00","description":"Qualidade do produto, disponibilidade imediata e atendimento personalizado, s\u00e3o os fatores chave da estrat\u00e9gia da VT Batteries","breadcrumb":{"@id":"https:\/\/jornaldasoficinas.com\/pt\/somos-o-parceiro-estrategico-que-o-mercado-precisa-vt-batteries\/#breadcrumb"},"inLanguage":"pt-PT","potentialAction":[{"@type":"ReadAction","target":["https:\/\/jornaldasoficinas.com\/pt\/somos-o-parceiro-estrategico-que-o-mercado-precisa-vt-batteries\/"]}]},{"@type":"ImageObject","inLanguage":"pt-PT","@id":"https:\/\/jornaldasoficinas.com\/pt\/somos-o-parceiro-estrategico-que-o-mercado-precisa-vt-batteries\/#primaryimage","url":"https:\/\/jornaldasoficinas.com\/pt\/wp-content\/uploads\/2025\/07\/jose-luis-bravo.jpeg","contentUrl":"https:\/\/jornaldasoficinas.com\/pt\/wp-content\/uploads\/2025\/07\/jose-luis-bravo.jpeg","width":1024,"height":581,"caption":"07 - jose luis bravo"},{"@type":"BreadcrumbList","@id":"https:\/\/jornaldasoficinas.com\/pt\/somos-o-parceiro-estrategico-que-o-mercado-precisa-vt-batteries\/#breadcrumb","itemListElement":[{"@type":"ListItem","position":1,"name":"In\u00edcio","item":"https:\/\/jornaldasoficinas.com\/pt\/"},{"@type":"ListItem","position":2,"name":"&#8220;Somos o parceiro estrat\u00e9gico que o mercado precisa!&#8221;, VT Batteries"}]},{"@type":"WebSite","@id":"https:\/\/jornaldasoficinas.com\/pt\/#website","url":"https:\/\/jornaldasoficinas.com\/pt\/","name":"Jornal das Oficinas","description":"Jornal independente do Aftermarket Autom\u00f3vel em Portugal","publisher":{"@id":"https:\/\/jornaldasoficinas.com\/pt\/#organization"},"potentialAction":[{"@type":"SearchAction","target":{"@type":"EntryPoint","urlTemplate":"https:\/\/jornaldasoficinas.com\/pt\/?s={search_term_string}"},"query-input":{"@type":"PropertyValueSpecification","valueRequired":true,"valueName":"search_term_string"}}],"inLanguage":"pt-PT"},{"@type":"Organization","@id":"https:\/\/jornaldasoficinas.com\/pt\/#organization","name":"Jornal das Oficinas","url":"https:\/\/jornaldasoficinas.com\/pt\/","logo":{"@type":"ImageObject","inLanguage":"pt-PT","@id":"https:\/\/jornaldasoficinas.com\/pt\/#\/schema\/logo\/image\/","url":"https:\/\/jornaldasoficinas.com\/pt\/wp-content\/uploads\/logoJO-SEO.png","contentUrl":"https:\/\/jornaldasoficinas.com\/pt\/wp-content\/uploads\/logoJO-SEO.png","width":285,"height":450,"caption":"Jornal das Oficinas"},"image":{"@id":"https:\/\/jornaldasoficinas.com\/pt\/#\/schema\/logo\/image\/"},"sameAs":["https:\/\/www.facebook.com\/jornaloficinas","https:\/\/x.com\/jornaloficinas","https:\/\/www.instagram.com\/jornal_oficinas\/","https:\/\/www.linkedin.com\/company\/jornal-das-oficinas\/","https:\/\/www.youtube.com\/channel\/UCbQZBqtcvV-oSQrr7RzINGg"]},{"@type":"Person","@id":"https:\/\/jornaldasoficinas.com\/pt\/#\/schema\/person\/a38eef5de2c41d9e7c9ac10141afddf3","name":"Reda\u00e7\u00e3o JO","image":{"@type":"ImageObject","inLanguage":"pt-PT","@id":"https:\/\/secure.gravatar.com\/avatar\/71f2fa71737ad68a84fea94bc708ddac8ea5b0c4788dc2ad202f3ccb2887742f?s=96&d=wp_user_avatar&r=g","url":"https:\/\/secure.gravatar.com\/avatar\/71f2fa71737ad68a84fea94bc708ddac8ea5b0c4788dc2ad202f3ccb2887742f?s=96&d=wp_user_avatar&r=g","contentUrl":"https:\/\/secure.gravatar.com\/avatar\/71f2fa71737ad68a84fea94bc708ddac8ea5b0c4788dc2ad202f3ccb2887742f?s=96&d=wp_user_avatar&r=g","caption":"Reda\u00e7\u00e3o JO"},"url":"https:\/\/jornaldasoficinas.com\/pt\/author\/joredacao\/"}]}},"_links":{"self":[{"href":"https:\/\/jornaldasoficinas.com\/pt\/wp-json\/wp\/v2\/posts\/104271","targetHints":{"allow":["GET"]}}],"collection":[{"href":"https:\/\/jornaldasoficinas.com\/pt\/wp-json\/wp\/v2\/posts"}],"about":[{"href":"https:\/\/jornaldasoficinas.com\/pt\/wp-json\/wp\/v2\/types\/post"}],"author":[{"embeddable":true,"href":"https:\/\/jornaldasoficinas.com\/pt\/wp-json\/wp\/v2\/users\/15"}],"replies":[{"embeddable":true,"href":"https:\/\/jornaldasoficinas.com\/pt\/wp-json\/wp\/v2\/comments?post=104271"}],"version-history":[{"count":8,"href":"https:\/\/jornaldasoficinas.com\/pt\/wp-json\/wp\/v2\/posts\/104271\/revisions"}],"predecessor-version":[{"id":104406,"href":"https:\/\/jornaldasoficinas.com\/pt\/wp-json\/wp\/v2\/posts\/104271\/revisions\/104406"}],"wp:featuredmedia":[{"embeddable":true,"href":"https:\/\/jornaldasoficinas.com\/pt\/wp-json\/wp\/v2\/media\/104260"}],"wp:attachment":[{"href":"https:\/\/jornaldasoficinas.com\/pt\/wp-json\/wp\/v2\/media?parent=104271"}],"wp:term":[{"taxonomy":"category","embeddable":true,"href":"https:\/\/jornaldasoficinas.com\/pt\/wp-json\/wp\/v2\/categories?post=104271"},{"taxonomy":"post_tag","embeddable":true,"href":"https:\/\/jornaldasoficinas.com\/pt\/wp-json\/wp\/v2\/tags?post=104271"}],"curies":[{"name":"wp","href":"https:\/\/api.w.org\/{rel}","templated":true}]}}