{"id":104295,"date":"2025-07-14T12:30:07","date_gmt":"2025-07-14T11:30:07","guid":{"rendered":"https:\/\/jornaldasoficinas.com\/pt\/?p=104295"},"modified":"2025-07-11T23:01:34","modified_gmt":"2025-07-11T22:01:34","slug":"moeve-recebe-medalha-de-platina-da-ecovadis","status":"publish","type":"post","link":"https:\/\/jornaldasoficinas.com\/pt\/moeve-recebe-medalha-de-platina-da-ecovadis\/","title":{"rendered":"Moeve recebe Medalha de Platina da EcoVadis"},"content":{"rendered":"<p><strong><img loading=\"lazy\" decoding=\"async\" class=\"alignnone size-full wp-image-104300\" src=\"https:\/\/jornaldasoficinas.com\/pt\/wp-content\/uploads\/2025\/07\/Moeve-distinguida-com-a-Medalha-de-Platina-na-Classificacao-de-Sustentabilidade-EcoVadis.jpg\" alt=\"07 - Moeve distinguida com a Medalha de Platina na Classificacao de Sustentabilidade EcoVadis\" width=\"1024\" height=\"581\" srcset=\"https:\/\/jornaldasoficinas.com\/pt\/wp-content\/uploads\/2025\/07\/Moeve-distinguida-com-a-Medalha-de-Platina-na-Classificacao-de-Sustentabilidade-EcoVadis.jpg 1024w, https:\/\/jornaldasoficinas.com\/pt\/wp-content\/uploads\/2025\/07\/Moeve-distinguida-com-a-Medalha-de-Platina-na-Classificacao-de-Sustentabilidade-EcoVadis-300x170.jpg 300w, https:\/\/jornaldasoficinas.com\/pt\/wp-content\/uploads\/2025\/07\/Moeve-distinguida-com-a-Medalha-de-Platina-na-Classificacao-de-Sustentabilidade-EcoVadis-150x85.jpg 150w, https:\/\/jornaldasoficinas.com\/pt\/wp-content\/uploads\/2025\/07\/Moeve-distinguida-com-a-Medalha-de-Platina-na-Classificacao-de-Sustentabilidade-EcoVadis-768x436.jpg 768w\" sizes=\"auto, (max-width: 1024px) 100vw, 1024px\" \/><\/strong><\/p>\n<p><strong>A <a href=\"https:\/\/pt.moeveglobal.com\/pt\" target=\"_blank\" rel=\"noopener\">Moeve<\/a> foi distinguida com a Medalha de Platina pela <a href=\"https:\/\/ecovadis.com\/\" target=\"_blank\" rel=\"noopener\">EcoVadis<\/a>, alcan\u00e7ando 86 pontos em 100 e posicionando-se entre as 1% das empresas mais sustent\u00e1veis do mundo<\/strong><\/p>\n<p>A Moeve obteve a Medalha de Platina EcoVadis, a mais alta distin\u00e7\u00e3o atribu\u00edda por esta plataforma global de avalia\u00e7\u00e3o da sustentabilidade, que analisa o desempenho ambiental, social e de governa\u00e7\u00e3o (ESG) de mais de 50.000 empresas em todo o mundo. Com esta classifica\u00e7\u00e3o, a Moeve est\u00e1 entre as 1% das empresas mais sustent\u00e1veis a n\u00edvel mundial.<\/p>\n<p>A empresa alcan\u00e7ou uma pontua\u00e7\u00e3o de 86 em 100, mais 11 pontos do que em 2024 e mais 23 pontos do que em 2021, o que lhe permitiu passar da Medalha de Ouro para a Medalha de Platina. \u00c9 de salientar que o neg\u00f3cio de produtos qu\u00edmicos da Moeve j\u00e1 obteve esta mesma distin\u00e7\u00e3o em 2024, reconhecendo a sua transi\u00e7\u00e3o para pr\u00e1ticas mais sustent\u00e1veis e colocando-a tamb\u00e9m no top 1% mundial do seu sector.<\/p>\n<p>Este reconhecimento confirma a integra\u00e7\u00e3o da sustentabilidade como um eixo estrat\u00e9gico e transversal no Moeve e demonstra o firme compromisso da empresa energ\u00e9tica com os crit\u00e9rios ESG, em linha com a sua estrat\u00e9gia Positive Motion. Com esta conquista, a empresa avan\u00e7a no seu objetivo de se tornar uma refer\u00eancia europeia na transi\u00e7\u00e3o energ\u00e9tica.<\/p>\n<p>Carmen de Pablo, CFO e Diretora de Estrat\u00e9gia e Sustentabilidade da Moeve, afirmou: &#8220;A sustentabilidade est\u00e1 no centro da nossa estrat\u00e9gia e est\u00e1 no centro de todas as nossas decis\u00f5es. Avalia\u00e7\u00f5es independentes como as da EcoVadis permitem-nos contrastar, validar e refor\u00e7ar o progresso do nosso roteiro de sustentabilidade. Estes resultados refletem o empenho e a exig\u00eancia com que abordamos cada a\u00e7\u00e3o e motivam-nos a continuar a avan\u00e7ar com rigor e inova\u00e7\u00e3o para o nosso objetivo&#8221;.<\/p>\n<p>A excel\u00eancia da Moeve na gest\u00e3o da sustentabilidade foi tamb\u00e9m reconhecida pela S&amp;P Global. Na sua \u00faltima avalia\u00e7\u00e3o, a empresa energ\u00e9tica alcan\u00e7ou a sua melhor pontua\u00e7\u00e3o no S&amp;P Global Corporate Sustainability Assessment (CSA), destacando a sua excel\u00eancia em quest\u00f5es como a sua estrat\u00e9gia clim\u00e1tica, gest\u00e3o de riscos e crises e estrat\u00e9gia fiscal, posicionando-a como a primeira empresa do seu sector em termos de sustentabilidade a n\u00edvel europeu e a segunda a n\u00edvel mundial. Carmen de Pablo, CFO e Diretora de Estrat\u00e9gia e Sustentabilidade, recebeu o pr\u00e9mio na semana passada na gala do S&amp;P Sustainability Yearbook, que distingue a Moeve pela sua posi\u00e7\u00e3o entre os 5% melhores do mundo no seu sector.<\/p>\n<p>Estes pr\u00e9mios v\u00eam juntar-se a outros pr\u00e9mios internacionais ESG nos \u00faltimos meses. Atualmente, a empresa ocupa o primeiro lugar no seu sector a n\u00edvel mundial na Sustainalytics pelo quarto ano consecutivo e na Clarity AI pelo terceiro ano.<strong><br \/>\n<\/strong><\/p>\n<p>&nbsp;<\/p>\n","protected":false},"excerpt":{"rendered":"<p>A Moeve foi distinguida com a&#8230;<\/p>\n","protected":false},"author":15,"featured_media":104300,"comment_status":"closed","ping_status":"closed","sticky":false,"template":"","format":"standard","meta":{"footnotes":""},"categories":[29],"tags":[13117,3574,5265,13116,13115,11091],"class_list":["post-104295","post","type-post","status-publish","format-standard","has-post-thumbnail","hentry","category-empresas","tag-desempenho-esg","tag-distincao","tag-ecovadis","tag-empresas-mais-sustentaveis","tag-medalha-de-platina","tag-moeve"],"yoast_head":"<!-- This site is optimized with the Yoast SEO plugin v27.4 - https:\/\/yoast.com\/product\/yoast-seo-wordpress\/ -->\n<title>Moeve recebe Medalha de Platina da EcoVadis - Jornal das Oficinas<\/title>\n<meta name=\"description\" content=\"A Moeve recebeu a Medalha de Platina da EcoVadis, alcan\u00e7ando 86 pontos em 100 e posicionando-se entre as 1% das empresas mais sustent\u00e1veis\" \/>\n<meta name=\"robots\" content=\"index, follow, max-snippet:-1, max-image-preview:large, max-video-preview:-1\" \/>\n<link rel=\"canonical\" href=\"https:\/\/jornaldasoficinas.com\/pt\/moeve-recebe-medalha-de-platina-da-ecovadis\/\" \/>\n<meta property=\"og:locale\" content=\"pt_PT\" \/>\n<meta property=\"og:type\" content=\"article\" \/>\n<meta property=\"og:title\" content=\"Moeve recebe Medalha de Platina da EcoVadis - Jornal das Oficinas\" \/>\n<meta property=\"og:description\" content=\"A Moeve recebeu a Medalha de Platina da EcoVadis, alcan\u00e7ando 86 pontos em 100 e posicionando-se entre as 1% das empresas mais sustent\u00e1veis\" \/>\n<meta property=\"og:url\" content=\"https:\/\/jornaldasoficinas.com\/pt\/moeve-recebe-medalha-de-platina-da-ecovadis\/\" \/>\n<meta property=\"og:site_name\" content=\"Jornal das Oficinas\" \/>\n<meta property=\"article:publisher\" content=\"https:\/\/www.facebook.com\/jornaloficinas\" \/>\n<meta property=\"article:published_time\" content=\"2025-07-14T11:30:07+00:00\" \/>\n<meta property=\"og:image\" content=\"https:\/\/jornaldasoficinas.com\/pt\/wp-content\/uploads\/2025\/07\/Moeve-distinguida-com-a-Medalha-de-Platina-na-Classificacao-de-Sustentabilidade-EcoVadis.jpg\" \/>\n\t<meta property=\"og:image:width\" content=\"1024\" \/>\n\t<meta property=\"og:image:height\" content=\"581\" \/>\n\t<meta property=\"og:image:type\" content=\"image\/jpeg\" \/>\n<meta name=\"author\" content=\"Reda\u00e7\u00e3o JO\" \/>\n<meta name=\"twitter:card\" content=\"summary_large_image\" \/>\n<meta name=\"twitter:creator\" content=\"@jornaloficinas\" \/>\n<meta name=\"twitter:site\" content=\"@jornaloficinas\" \/>\n<meta name=\"twitter:label1\" content=\"Escrito por\" \/>\n\t<meta name=\"twitter:data1\" content=\"Reda\u00e7\u00e3o JO\" \/>\n\t<meta name=\"twitter:label2\" content=\"Tempo estimado de leitura\" \/>\n\t<meta name=\"twitter:data2\" content=\"3 minutos\" \/>\n<script type=\"application\/ld+json\" class=\"yoast-schema-graph\">{\"@context\":\"https:\\\/\\\/schema.org\",\"@graph\":[{\"@type\":\"Article\",\"@id\":\"https:\\\/\\\/jornaldasoficinas.com\\\/pt\\\/moeve-recebe-medalha-de-platina-da-ecovadis\\\/#article\",\"isPartOf\":{\"@id\":\"https:\\\/\\\/jornaldasoficinas.com\\\/pt\\\/moeve-recebe-medalha-de-platina-da-ecovadis\\\/\"},\"author\":{\"name\":\"Reda\u00e7\u00e3o JO\",\"@id\":\"https:\\\/\\\/jornaldasoficinas.com\\\/pt\\\/#\\\/schema\\\/person\\\/a38eef5de2c41d9e7c9ac10141afddf3\"},\"headline\":\"Moeve recebe Medalha de Platina da EcoVadis\",\"datePublished\":\"2025-07-14T11:30:07+00:00\",\"mainEntityOfPage\":{\"@id\":\"https:\\\/\\\/jornaldasoficinas.com\\\/pt\\\/moeve-recebe-medalha-de-platina-da-ecovadis\\\/\"},\"wordCount\":491,\"publisher\":{\"@id\":\"https:\\\/\\\/jornaldasoficinas.com\\\/pt\\\/#organization\"},\"image\":{\"@id\":\"https:\\\/\\\/jornaldasoficinas.com\\\/pt\\\/moeve-recebe-medalha-de-platina-da-ecovadis\\\/#primaryimage\"},\"thumbnailUrl\":\"https:\\\/\\\/jornaldasoficinas.com\\\/pt\\\/wp-content\\\/uploads\\\/2025\\\/07\\\/Moeve-distinguida-com-a-Medalha-de-Platina-na-Classificacao-de-Sustentabilidade-EcoVadis.jpg\",\"keywords\":[\"desempenho ESG\",\"Distin\u00e7\u00e3o\",\"EcoVadis\",\"empresas mais sustent\u00e1veis\",\"Medalha de Platina\",\"Moeve\"],\"articleSection\":[\"Empresas\"],\"inLanguage\":\"pt-PT\"},{\"@type\":\"WebPage\",\"@id\":\"https:\\\/\\\/jornaldasoficinas.com\\\/pt\\\/moeve-recebe-medalha-de-platina-da-ecovadis\\\/\",\"url\":\"https:\\\/\\\/jornaldasoficinas.com\\\/pt\\\/moeve-recebe-medalha-de-platina-da-ecovadis\\\/\",\"name\":\"Moeve recebe Medalha de Platina da EcoVadis - Jornal das Oficinas\",\"isPartOf\":{\"@id\":\"https:\\\/\\\/jornaldasoficinas.com\\\/pt\\\/#website\"},\"primaryImageOfPage\":{\"@id\":\"https:\\\/\\\/jornaldasoficinas.com\\\/pt\\\/moeve-recebe-medalha-de-platina-da-ecovadis\\\/#primaryimage\"},\"image\":{\"@id\":\"https:\\\/\\\/jornaldasoficinas.com\\\/pt\\\/moeve-recebe-medalha-de-platina-da-ecovadis\\\/#primaryimage\"},\"thumbnailUrl\":\"https:\\\/\\\/jornaldasoficinas.com\\\/pt\\\/wp-content\\\/uploads\\\/2025\\\/07\\\/Moeve-distinguida-com-a-Medalha-de-Platina-na-Classificacao-de-Sustentabilidade-EcoVadis.jpg\",\"datePublished\":\"2025-07-14T11:30:07+00:00\",\"description\":\"A Moeve recebeu a Medalha de Platina da EcoVadis, alcan\u00e7ando 86 pontos em 100 e posicionando-se entre as 1% das empresas mais sustent\u00e1veis\",\"breadcrumb\":{\"@id\":\"https:\\\/\\\/jornaldasoficinas.com\\\/pt\\\/moeve-recebe-medalha-de-platina-da-ecovadis\\\/#breadcrumb\"},\"inLanguage\":\"pt-PT\",\"potentialAction\":[{\"@type\":\"ReadAction\",\"target\":[\"https:\\\/\\\/jornaldasoficinas.com\\\/pt\\\/moeve-recebe-medalha-de-platina-da-ecovadis\\\/\"]}]},{\"@type\":\"ImageObject\",\"inLanguage\":\"pt-PT\",\"@id\":\"https:\\\/\\\/jornaldasoficinas.com\\\/pt\\\/moeve-recebe-medalha-de-platina-da-ecovadis\\\/#primaryimage\",\"url\":\"https:\\\/\\\/jornaldasoficinas.com\\\/pt\\\/wp-content\\\/uploads\\\/2025\\\/07\\\/Moeve-distinguida-com-a-Medalha-de-Platina-na-Classificacao-de-Sustentabilidade-EcoVadis.jpg\",\"contentUrl\":\"https:\\\/\\\/jornaldasoficinas.com\\\/pt\\\/wp-content\\\/uploads\\\/2025\\\/07\\\/Moeve-distinguida-com-a-Medalha-de-Platina-na-Classificacao-de-Sustentabilidade-EcoVadis.jpg\",\"width\":1024,\"height\":581,\"caption\":\"07 - Moeve distinguida com a Medalha de Platina na Classificacao de Sustentabilidade EcoVadis\"},{\"@type\":\"BreadcrumbList\",\"@id\":\"https:\\\/\\\/jornaldasoficinas.com\\\/pt\\\/moeve-recebe-medalha-de-platina-da-ecovadis\\\/#breadcrumb\",\"itemListElement\":[{\"@type\":\"ListItem\",\"position\":1,\"name\":\"In\u00edcio\",\"item\":\"https:\\\/\\\/jornaldasoficinas.com\\\/pt\\\/\"},{\"@type\":\"ListItem\",\"position\":2,\"name\":\"Moeve recebe Medalha de Platina da EcoVadis\"}]},{\"@type\":\"WebSite\",\"@id\":\"https:\\\/\\\/jornaldasoficinas.com\\\/pt\\\/#website\",\"url\":\"https:\\\/\\\/jornaldasoficinas.com\\\/pt\\\/\",\"name\":\"Jornal das Oficinas\",\"description\":\"Jornal independente do Aftermarket Autom\u00f3vel em Portugal\",\"publisher\":{\"@id\":\"https:\\\/\\\/jornaldasoficinas.com\\\/pt\\\/#organization\"},\"potentialAction\":[{\"@type\":\"SearchAction\",\"target\":{\"@type\":\"EntryPoint\",\"urlTemplate\":\"https:\\\/\\\/jornaldasoficinas.com\\\/pt\\\/?s={search_term_string}\"},\"query-input\":{\"@type\":\"PropertyValueSpecification\",\"valueRequired\":true,\"valueName\":\"search_term_string\"}}],\"inLanguage\":\"pt-PT\"},{\"@type\":\"Organization\",\"@id\":\"https:\\\/\\\/jornaldasoficinas.com\\\/pt\\\/#organization\",\"name\":\"Jornal das Oficinas\",\"url\":\"https:\\\/\\\/jornaldasoficinas.com\\\/pt\\\/\",\"logo\":{\"@type\":\"ImageObject\",\"inLanguage\":\"pt-PT\",\"@id\":\"https:\\\/\\\/jornaldasoficinas.com\\\/pt\\\/#\\\/schema\\\/logo\\\/image\\\/\",\"url\":\"https:\\\/\\\/jornaldasoficinas.com\\\/pt\\\/wp-content\\\/uploads\\\/logoJO-SEO.png\",\"contentUrl\":\"https:\\\/\\\/jornaldasoficinas.com\\\/pt\\\/wp-content\\\/uploads\\\/logoJO-SEO.png\",\"width\":285,\"height\":450,\"caption\":\"Jornal das Oficinas\"},\"image\":{\"@id\":\"https:\\\/\\\/jornaldasoficinas.com\\\/pt\\\/#\\\/schema\\\/logo\\\/image\\\/\"},\"sameAs\":[\"https:\\\/\\\/www.facebook.com\\\/jornaloficinas\",\"https:\\\/\\\/x.com\\\/jornaloficinas\",\"https:\\\/\\\/www.instagram.com\\\/jornal_oficinas\\\/\",\"https:\\\/\\\/www.linkedin.com\\\/company\\\/jornal-das-oficinas\\\/\",\"https:\\\/\\\/www.youtube.com\\\/channel\\\/UCbQZBqtcvV-oSQrr7RzINGg\"]},{\"@type\":\"Person\",\"@id\":\"https:\\\/\\\/jornaldasoficinas.com\\\/pt\\\/#\\\/schema\\\/person\\\/a38eef5de2c41d9e7c9ac10141afddf3\",\"name\":\"Reda\u00e7\u00e3o JO\",\"image\":{\"@type\":\"ImageObject\",\"inLanguage\":\"pt-PT\",\"@id\":\"https:\\\/\\\/secure.gravatar.com\\\/avatar\\\/71f2fa71737ad68a84fea94bc708ddac8ea5b0c4788dc2ad202f3ccb2887742f?s=96&d=wp_user_avatar&r=g\",\"url\":\"https:\\\/\\\/secure.gravatar.com\\\/avatar\\\/71f2fa71737ad68a84fea94bc708ddac8ea5b0c4788dc2ad202f3ccb2887742f?s=96&d=wp_user_avatar&r=g\",\"contentUrl\":\"https:\\\/\\\/secure.gravatar.com\\\/avatar\\\/71f2fa71737ad68a84fea94bc708ddac8ea5b0c4788dc2ad202f3ccb2887742f?s=96&d=wp_user_avatar&r=g\",\"caption\":\"Reda\u00e7\u00e3o JO\"},\"url\":\"https:\\\/\\\/jornaldasoficinas.com\\\/pt\\\/author\\\/joredacao\\\/\"}]}<\/script>\n<!-- \/ Yoast SEO plugin. -->","yoast_head_json":{"title":"Moeve recebe Medalha de Platina da EcoVadis - Jornal das Oficinas","description":"A Moeve recebeu a Medalha de Platina da EcoVadis, alcan\u00e7ando 86 pontos em 100 e posicionando-se entre as 1% das empresas mais sustent\u00e1veis","robots":{"index":"index","follow":"follow","max-snippet":"max-snippet:-1","max-image-preview":"max-image-preview:large","max-video-preview":"max-video-preview:-1"},"canonical":"https:\/\/jornaldasoficinas.com\/pt\/moeve-recebe-medalha-de-platina-da-ecovadis\/","og_locale":"pt_PT","og_type":"article","og_title":"Moeve recebe Medalha de Platina da EcoVadis - Jornal das Oficinas","og_description":"A Moeve recebeu a Medalha de Platina da EcoVadis, alcan\u00e7ando 86 pontos em 100 e posicionando-se entre as 1% das empresas mais sustent\u00e1veis","og_url":"https:\/\/jornaldasoficinas.com\/pt\/moeve-recebe-medalha-de-platina-da-ecovadis\/","og_site_name":"Jornal das Oficinas","article_publisher":"https:\/\/www.facebook.com\/jornaloficinas","article_published_time":"2025-07-14T11:30:07+00:00","og_image":[{"width":1024,"height":581,"url":"https:\/\/jornaldasoficinas.com\/pt\/wp-content\/uploads\/2025\/07\/Moeve-distinguida-com-a-Medalha-de-Platina-na-Classificacao-de-Sustentabilidade-EcoVadis.jpg","type":"image\/jpeg"}],"author":"Reda\u00e7\u00e3o JO","twitter_card":"summary_large_image","twitter_creator":"@jornaloficinas","twitter_site":"@jornaloficinas","twitter_misc":{"Escrito por":"Reda\u00e7\u00e3o JO","Tempo estimado de leitura":"3 minutos"},"schema":{"@context":"https:\/\/schema.org","@graph":[{"@type":"Article","@id":"https:\/\/jornaldasoficinas.com\/pt\/moeve-recebe-medalha-de-platina-da-ecovadis\/#article","isPartOf":{"@id":"https:\/\/jornaldasoficinas.com\/pt\/moeve-recebe-medalha-de-platina-da-ecovadis\/"},"author":{"name":"Reda\u00e7\u00e3o JO","@id":"https:\/\/jornaldasoficinas.com\/pt\/#\/schema\/person\/a38eef5de2c41d9e7c9ac10141afddf3"},"headline":"Moeve recebe Medalha de Platina da EcoVadis","datePublished":"2025-07-14T11:30:07+00:00","mainEntityOfPage":{"@id":"https:\/\/jornaldasoficinas.com\/pt\/moeve-recebe-medalha-de-platina-da-ecovadis\/"},"wordCount":491,"publisher":{"@id":"https:\/\/jornaldasoficinas.com\/pt\/#organization"},"image":{"@id":"https:\/\/jornaldasoficinas.com\/pt\/moeve-recebe-medalha-de-platina-da-ecovadis\/#primaryimage"},"thumbnailUrl":"https:\/\/jornaldasoficinas.com\/pt\/wp-content\/uploads\/2025\/07\/Moeve-distinguida-com-a-Medalha-de-Platina-na-Classificacao-de-Sustentabilidade-EcoVadis.jpg","keywords":["desempenho ESG","Distin\u00e7\u00e3o","EcoVadis","empresas mais sustent\u00e1veis","Medalha de Platina","Moeve"],"articleSection":["Empresas"],"inLanguage":"pt-PT"},{"@type":"WebPage","@id":"https:\/\/jornaldasoficinas.com\/pt\/moeve-recebe-medalha-de-platina-da-ecovadis\/","url":"https:\/\/jornaldasoficinas.com\/pt\/moeve-recebe-medalha-de-platina-da-ecovadis\/","name":"Moeve recebe Medalha de Platina da EcoVadis - Jornal das Oficinas","isPartOf":{"@id":"https:\/\/jornaldasoficinas.com\/pt\/#website"},"primaryImageOfPage":{"@id":"https:\/\/jornaldasoficinas.com\/pt\/moeve-recebe-medalha-de-platina-da-ecovadis\/#primaryimage"},"image":{"@id":"https:\/\/jornaldasoficinas.com\/pt\/moeve-recebe-medalha-de-platina-da-ecovadis\/#primaryimage"},"thumbnailUrl":"https:\/\/jornaldasoficinas.com\/pt\/wp-content\/uploads\/2025\/07\/Moeve-distinguida-com-a-Medalha-de-Platina-na-Classificacao-de-Sustentabilidade-EcoVadis.jpg","datePublished":"2025-07-14T11:30:07+00:00","description":"A Moeve recebeu a Medalha de Platina da EcoVadis, alcan\u00e7ando 86 pontos em 100 e posicionando-se entre as 1% das empresas mais sustent\u00e1veis","breadcrumb":{"@id":"https:\/\/jornaldasoficinas.com\/pt\/moeve-recebe-medalha-de-platina-da-ecovadis\/#breadcrumb"},"inLanguage":"pt-PT","potentialAction":[{"@type":"ReadAction","target":["https:\/\/jornaldasoficinas.com\/pt\/moeve-recebe-medalha-de-platina-da-ecovadis\/"]}]},{"@type":"ImageObject","inLanguage":"pt-PT","@id":"https:\/\/jornaldasoficinas.com\/pt\/moeve-recebe-medalha-de-platina-da-ecovadis\/#primaryimage","url":"https:\/\/jornaldasoficinas.com\/pt\/wp-content\/uploads\/2025\/07\/Moeve-distinguida-com-a-Medalha-de-Platina-na-Classificacao-de-Sustentabilidade-EcoVadis.jpg","contentUrl":"https:\/\/jornaldasoficinas.com\/pt\/wp-content\/uploads\/2025\/07\/Moeve-distinguida-com-a-Medalha-de-Platina-na-Classificacao-de-Sustentabilidade-EcoVadis.jpg","width":1024,"height":581,"caption":"07 - Moeve distinguida com a Medalha de Platina na Classificacao de Sustentabilidade EcoVadis"},{"@type":"BreadcrumbList","@id":"https:\/\/jornaldasoficinas.com\/pt\/moeve-recebe-medalha-de-platina-da-ecovadis\/#breadcrumb","itemListElement":[{"@type":"ListItem","position":1,"name":"In\u00edcio","item":"https:\/\/jornaldasoficinas.com\/pt\/"},{"@type":"ListItem","position":2,"name":"Moeve recebe Medalha de Platina da EcoVadis"}]},{"@type":"WebSite","@id":"https:\/\/jornaldasoficinas.com\/pt\/#website","url":"https:\/\/jornaldasoficinas.com\/pt\/","name":"Jornal das Oficinas","description":"Jornal independente do Aftermarket Autom\u00f3vel em Portugal","publisher":{"@id":"https:\/\/jornaldasoficinas.com\/pt\/#organization"},"potentialAction":[{"@type":"SearchAction","target":{"@type":"EntryPoint","urlTemplate":"https:\/\/jornaldasoficinas.com\/pt\/?s={search_term_string}"},"query-input":{"@type":"PropertyValueSpecification","valueRequired":true,"valueName":"search_term_string"}}],"inLanguage":"pt-PT"},{"@type":"Organization","@id":"https:\/\/jornaldasoficinas.com\/pt\/#organization","name":"Jornal das Oficinas","url":"https:\/\/jornaldasoficinas.com\/pt\/","logo":{"@type":"ImageObject","inLanguage":"pt-PT","@id":"https:\/\/jornaldasoficinas.com\/pt\/#\/schema\/logo\/image\/","url":"https:\/\/jornaldasoficinas.com\/pt\/wp-content\/uploads\/logoJO-SEO.png","contentUrl":"https:\/\/jornaldasoficinas.com\/pt\/wp-content\/uploads\/logoJO-SEO.png","width":285,"height":450,"caption":"Jornal das Oficinas"},"image":{"@id":"https:\/\/jornaldasoficinas.com\/pt\/#\/schema\/logo\/image\/"},"sameAs":["https:\/\/www.facebook.com\/jornaloficinas","https:\/\/x.com\/jornaloficinas","https:\/\/www.instagram.com\/jornal_oficinas\/","https:\/\/www.linkedin.com\/company\/jornal-das-oficinas\/","https:\/\/www.youtube.com\/channel\/UCbQZBqtcvV-oSQrr7RzINGg"]},{"@type":"Person","@id":"https:\/\/jornaldasoficinas.com\/pt\/#\/schema\/person\/a38eef5de2c41d9e7c9ac10141afddf3","name":"Reda\u00e7\u00e3o JO","image":{"@type":"ImageObject","inLanguage":"pt-PT","@id":"https:\/\/secure.gravatar.com\/avatar\/71f2fa71737ad68a84fea94bc708ddac8ea5b0c4788dc2ad202f3ccb2887742f?s=96&d=wp_user_avatar&r=g","url":"https:\/\/secure.gravatar.com\/avatar\/71f2fa71737ad68a84fea94bc708ddac8ea5b0c4788dc2ad202f3ccb2887742f?s=96&d=wp_user_avatar&r=g","contentUrl":"https:\/\/secure.gravatar.com\/avatar\/71f2fa71737ad68a84fea94bc708ddac8ea5b0c4788dc2ad202f3ccb2887742f?s=96&d=wp_user_avatar&r=g","caption":"Reda\u00e7\u00e3o JO"},"url":"https:\/\/jornaldasoficinas.com\/pt\/author\/joredacao\/"}]}},"_links":{"self":[{"href":"https:\/\/jornaldasoficinas.com\/pt\/wp-json\/wp\/v2\/posts\/104295","targetHints":{"allow":["GET"]}}],"collection":[{"href":"https:\/\/jornaldasoficinas.com\/pt\/wp-json\/wp\/v2\/posts"}],"about":[{"href":"https:\/\/jornaldasoficinas.com\/pt\/wp-json\/wp\/v2\/types\/post"}],"author":[{"embeddable":true,"href":"https:\/\/jornaldasoficinas.com\/pt\/wp-json\/wp\/v2\/users\/15"}],"replies":[{"embeddable":true,"href":"https:\/\/jornaldasoficinas.com\/pt\/wp-json\/wp\/v2\/comments?post=104295"}],"version-history":[{"count":2,"href":"https:\/\/jornaldasoficinas.com\/pt\/wp-json\/wp\/v2\/posts\/104295\/revisions"}],"predecessor-version":[{"id":104301,"href":"https:\/\/jornaldasoficinas.com\/pt\/wp-json\/wp\/v2\/posts\/104295\/revisions\/104301"}],"wp:featuredmedia":[{"embeddable":true,"href":"https:\/\/jornaldasoficinas.com\/pt\/wp-json\/wp\/v2\/media\/104300"}],"wp:attachment":[{"href":"https:\/\/jornaldasoficinas.com\/pt\/wp-json\/wp\/v2\/media?parent=104295"}],"wp:term":[{"taxonomy":"category","embeddable":true,"href":"https:\/\/jornaldasoficinas.com\/pt\/wp-json\/wp\/v2\/categories?post=104295"},{"taxonomy":"post_tag","embeddable":true,"href":"https:\/\/jornaldasoficinas.com\/pt\/wp-json\/wp\/v2\/tags?post=104295"}],"curies":[{"name":"wp","href":"https:\/\/api.w.org\/{rel}","templated":true}]}}