{"id":10435,"date":"2020-03-04T19:48:32","date_gmt":"2020-03-04T19:48:32","guid":{"rendered":"https:\/\/jornaldasoficinas.com\/pt\/?p=10435"},"modified":"2023-07-19T15:54:55","modified_gmt":"2023-07-19T14:54:55","slug":"stc-presente-na-feira-auto-milovanovic-na-bosnia","status":"publish","type":"post","link":"https:\/\/jornaldasoficinas.com\/pt\/stc-presente-na-feira-auto-milovanovic-na-bosnia\/","title":{"rendered":"STC esteve presente na feira Auto Milovanovic, na B\u00f3snia"},"content":{"rendered":"<p><img loading=\"lazy\" decoding=\"async\" class=\"alignnone size-full wp-image-10434\" src=\"https:\/\/jornaldasoficinas.com\/pt\/wp-content\/uploads\/2020\/03\/Imagen-STC-Feria-Auto-Miolvanovic-03.jpg\" alt=\"03 - Imagen-STC-Feria-Auto-Miolvanovic-03\" width=\"1024\" height=\"581\" srcset=\"https:\/\/jornaldasoficinas.com\/pt\/wp-content\/uploads\/2020\/03\/Imagen-STC-Feria-Auto-Miolvanovic-03.jpg 1024w, https:\/\/jornaldasoficinas.com\/pt\/wp-content\/uploads\/2020\/03\/Imagen-STC-Feria-Auto-Miolvanovic-03-300x170.jpg 300w, https:\/\/jornaldasoficinas.com\/pt\/wp-content\/uploads\/2020\/03\/Imagen-STC-Feria-Auto-Miolvanovic-03-150x85.jpg 150w, https:\/\/jornaldasoficinas.com\/pt\/wp-content\/uploads\/2020\/03\/Imagen-STC-Feria-Auto-Miolvanovic-03-768x436.jpg 768w\" sizes=\"auto, (max-width: 1024px) 100vw, 1024px\" \/><\/p>\n<p><strong>A Servicio y Tecnolog\u00eda del Caucho (STC), fornecedora l\u00edder no setor de pe\u00e7as de reposi\u00e7\u00e3o e acess\u00f3rios de borracha e metal para autom\u00f3veis, esteve presente na feira anual organizada pela Auto Milovanovic, empresa b\u00f3snia com grande experi\u00eancia em importa\u00e7\u00e3o, venda e distribui\u00e7\u00e3o de pe\u00e7as de reposi\u00e7\u00e3o para autom\u00f3veis.<\/strong><\/p>\n<p>A feira, que j\u00e1 vai na sua s\u00e9tima edi\u00e7\u00e3o, tornou-se num evento de refer\u00eancia na \u00e1rea, tendo sido realizada no dia 1 de mar\u00e7o na sede da empresa, em Banja Luka, a segunda maior cidade da B\u00f3snia Herzegovina.<\/p>\n<p>Este \u00e9 mais um passo no processo de expans\u00e3o internacional em que a empresa se encontra empenhada, com o objetivo de chegar a novos mercados. Os muitos visitantes do <em>stand <\/em>da <a href=\"https:\/\/www.stcstc.com\/en\/\" target=\"_blank\" rel=\"noopener noreferrer\">STC<\/a> tiveram oportunidade de observar todas as fam\u00edlias de produtos da sua ampla gama, composta por quase 20.000 refer\u00eancias.<\/p>\n<p>Outro aspeto que atraiu a aten\u00e7\u00e3o dos visitantes foi a nova imagem corporativa da marca, com um cora\u00e7\u00e3o mec\u00e2nico acompanhado pelo lema \u201cN\u00f3s transportamos a borracha e o metal no cora\u00e7\u00e3o\u201d.<\/p>\n<p>A aposta no crescimento acompanha o importante trabalho que a empresa est\u00e1 a realizar para fornecer aos distribuidores e mec\u00e2nicos do mercado de reposi\u00e7\u00e3o as melhores solu\u00e7\u00f5es com um alto n\u00edvel de qualidade.<\/p>\n<p>Os utilizadores podem consultar, atrav\u00e9s de um v\u00eddeo corporativo, os rigorosos controlos de qualidade aos quais todos os produtos STC est\u00e3o sujeitos, facto que garante elevada fiabilidade no produto, equivalente ao equipamento original, mas a um custo mais baixo.<\/p>\n<p>A extensa gama de produtos da STC tamb\u00e9m est\u00e1 dispon\u00edvel no novo <em>site<\/em>, que incorpora todos os cat\u00e1logos gen\u00e9ricos e espec\u00edficos da empresa. Entre eles, destaca-se o cat\u00e1logo geral de borracha e metal, o mais extenso do mercado e, tamb\u00e9m, o mais amplo que a empresa lan\u00e7ou em toda a sua hist\u00f3ria, oferecendo mais de 18.000 refer\u00eancias de pe\u00e7as de reposi\u00e7\u00e3o para mais de 2.800 modelos de ve\u00edculos, de 89 marcas diferentes.<\/p>\n","protected":false},"excerpt":{"rendered":"<p>A Servicio y Tecnolog\u00eda del Caucho&#8230;<\/p>\n","protected":false},"author":15,"featured_media":10434,"comment_status":"closed","ping_status":"closed","sticky":false,"template":"","format":"standard","meta":{"footnotes":""},"categories":[29],"tags":[1753,207,1754,1752],"class_list":["post-10435","post","type-post","status-publish","format-standard","has-post-thumbnail","hentry","category-empresas","tag-auto-milovanovic","tag-metalcaucho","tag-servicio-y-tecnologia-del-caucho","tag-stc"],"yoast_head":"<!-- This site is optimized with the Yoast SEO plugin v27.4 - https:\/\/yoast.com\/product\/yoast-seo-wordpress\/ -->\n<title>STC esteve presente na feira Auto Milovanovic, na B\u00f3snia - Jornal das Oficinas<\/title>\n<meta name=\"robots\" content=\"index, follow, max-snippet:-1, max-image-preview:large, max-video-preview:-1\" \/>\n<link rel=\"canonical\" href=\"https:\/\/jornaldasoficinas.com\/pt\/stc-presente-na-feira-auto-milovanovic-na-bosnia\/\" \/>\n<meta property=\"og:locale\" content=\"pt_PT\" \/>\n<meta property=\"og:type\" content=\"article\" \/>\n<meta property=\"og:title\" content=\"STC esteve presente na feira Auto Milovanovic, na B\u00f3snia - Jornal das Oficinas\" \/>\n<meta property=\"og:description\" content=\"A Servicio y Tecnolog\u00eda del Caucho...\" \/>\n<meta property=\"og:url\" content=\"https:\/\/jornaldasoficinas.com\/pt\/stc-presente-na-feira-auto-milovanovic-na-bosnia\/\" \/>\n<meta property=\"og:site_name\" content=\"Jornal das Oficinas\" \/>\n<meta property=\"article:publisher\" content=\"https:\/\/www.facebook.com\/jornaloficinas\" \/>\n<meta property=\"article:published_time\" content=\"2020-03-04T19:48:32+00:00\" \/>\n<meta property=\"article:modified_time\" content=\"2023-07-19T14:54:55+00:00\" \/>\n<meta property=\"og:image\" content=\"https:\/\/jornaldasoficinas.com\/pt\/wp-content\/uploads\/2020\/03\/Imagen-STC-Feria-Auto-Miolvanovic-03.jpg\" \/>\n\t<meta property=\"og:image:width\" content=\"1024\" \/>\n\t<meta property=\"og:image:height\" content=\"581\" \/>\n\t<meta property=\"og:image:type\" content=\"image\/jpeg\" \/>\n<meta name=\"author\" content=\"Reda\u00e7\u00e3o JO\" \/>\n<meta name=\"twitter:card\" content=\"summary_large_image\" \/>\n<meta name=\"twitter:creator\" content=\"@jornaloficinas\" \/>\n<meta name=\"twitter:site\" content=\"@jornaloficinas\" \/>\n<meta name=\"twitter:label1\" content=\"Escrito por\" \/>\n\t<meta name=\"twitter:data1\" content=\"Reda\u00e7\u00e3o JO\" \/>\n\t<meta name=\"twitter:label2\" content=\"Tempo estimado de leitura\" \/>\n\t<meta name=\"twitter:data2\" content=\"2 minutos\" \/>\n<script type=\"application\/ld+json\" class=\"yoast-schema-graph\">{\"@context\":\"https:\\\/\\\/schema.org\",\"@graph\":[{\"@type\":\"Article\",\"@id\":\"https:\\\/\\\/jornaldasoficinas.com\\\/pt\\\/stc-presente-na-feira-auto-milovanovic-na-bosnia\\\/#article\",\"isPartOf\":{\"@id\":\"https:\\\/\\\/jornaldasoficinas.com\\\/pt\\\/stc-presente-na-feira-auto-milovanovic-na-bosnia\\\/\"},\"author\":{\"name\":\"Reda\u00e7\u00e3o JO\",\"@id\":\"https:\\\/\\\/jornaldasoficinas.com\\\/pt\\\/#\\\/schema\\\/person\\\/a38eef5de2c41d9e7c9ac10141afddf3\"},\"headline\":\"STC esteve presente na feira Auto Milovanovic, na B\u00f3snia\",\"datePublished\":\"2020-03-04T19:48:32+00:00\",\"dateModified\":\"2023-07-19T14:54:55+00:00\",\"mainEntityOfPage\":{\"@id\":\"https:\\\/\\\/jornaldasoficinas.com\\\/pt\\\/stc-presente-na-feira-auto-milovanovic-na-bosnia\\\/\"},\"wordCount\":361,\"publisher\":{\"@id\":\"https:\\\/\\\/jornaldasoficinas.com\\\/pt\\\/#organization\"},\"image\":{\"@id\":\"https:\\\/\\\/jornaldasoficinas.com\\\/pt\\\/stc-presente-na-feira-auto-milovanovic-na-bosnia\\\/#primaryimage\"},\"thumbnailUrl\":\"https:\\\/\\\/jornaldasoficinas.com\\\/pt\\\/wp-content\\\/uploads\\\/2020\\\/03\\\/Imagen-STC-Feria-Auto-Miolvanovic-03.jpg\",\"keywords\":[\"Auto Milovanovic\",\"Metalcaucho\",\"Servicio y Tecnolog\u00eda del Caucho\",\"STC\"],\"articleSection\":[\"Empresas\"],\"inLanguage\":\"pt-PT\"},{\"@type\":\"WebPage\",\"@id\":\"https:\\\/\\\/jornaldasoficinas.com\\\/pt\\\/stc-presente-na-feira-auto-milovanovic-na-bosnia\\\/\",\"url\":\"https:\\\/\\\/jornaldasoficinas.com\\\/pt\\\/stc-presente-na-feira-auto-milovanovic-na-bosnia\\\/\",\"name\":\"STC esteve presente na feira Auto Milovanovic, na B\u00f3snia - Jornal das Oficinas\",\"isPartOf\":{\"@id\":\"https:\\\/\\\/jornaldasoficinas.com\\\/pt\\\/#website\"},\"primaryImageOfPage\":{\"@id\":\"https:\\\/\\\/jornaldasoficinas.com\\\/pt\\\/stc-presente-na-feira-auto-milovanovic-na-bosnia\\\/#primaryimage\"},\"image\":{\"@id\":\"https:\\\/\\\/jornaldasoficinas.com\\\/pt\\\/stc-presente-na-feira-auto-milovanovic-na-bosnia\\\/#primaryimage\"},\"thumbnailUrl\":\"https:\\\/\\\/jornaldasoficinas.com\\\/pt\\\/wp-content\\\/uploads\\\/2020\\\/03\\\/Imagen-STC-Feria-Auto-Miolvanovic-03.jpg\",\"datePublished\":\"2020-03-04T19:48:32+00:00\",\"dateModified\":\"2023-07-19T14:54:55+00:00\",\"breadcrumb\":{\"@id\":\"https:\\\/\\\/jornaldasoficinas.com\\\/pt\\\/stc-presente-na-feira-auto-milovanovic-na-bosnia\\\/#breadcrumb\"},\"inLanguage\":\"pt-PT\",\"potentialAction\":[{\"@type\":\"ReadAction\",\"target\":[\"https:\\\/\\\/jornaldasoficinas.com\\\/pt\\\/stc-presente-na-feira-auto-milovanovic-na-bosnia\\\/\"]}]},{\"@type\":\"ImageObject\",\"inLanguage\":\"pt-PT\",\"@id\":\"https:\\\/\\\/jornaldasoficinas.com\\\/pt\\\/stc-presente-na-feira-auto-milovanovic-na-bosnia\\\/#primaryimage\",\"url\":\"https:\\\/\\\/jornaldasoficinas.com\\\/pt\\\/wp-content\\\/uploads\\\/2020\\\/03\\\/Imagen-STC-Feria-Auto-Miolvanovic-03.jpg\",\"contentUrl\":\"https:\\\/\\\/jornaldasoficinas.com\\\/pt\\\/wp-content\\\/uploads\\\/2020\\\/03\\\/Imagen-STC-Feria-Auto-Miolvanovic-03.jpg\",\"width\":1024,\"height\":581,\"caption\":\"03 - Imagen-STC-Feria-Auto-Miolvanovic-03\"},{\"@type\":\"BreadcrumbList\",\"@id\":\"https:\\\/\\\/jornaldasoficinas.com\\\/pt\\\/stc-presente-na-feira-auto-milovanovic-na-bosnia\\\/#breadcrumb\",\"itemListElement\":[{\"@type\":\"ListItem\",\"position\":1,\"name\":\"In\u00edcio\",\"item\":\"https:\\\/\\\/jornaldasoficinas.com\\\/pt\\\/\"},{\"@type\":\"ListItem\",\"position\":2,\"name\":\"STC esteve presente na feira Auto Milovanovic, na B\u00f3snia\"}]},{\"@type\":\"WebSite\",\"@id\":\"https:\\\/\\\/jornaldasoficinas.com\\\/pt\\\/#website\",\"url\":\"https:\\\/\\\/jornaldasoficinas.com\\\/pt\\\/\",\"name\":\"Jornal das Oficinas\",\"description\":\"Jornal independente do Aftermarket Autom\u00f3vel em Portugal\",\"publisher\":{\"@id\":\"https:\\\/\\\/jornaldasoficinas.com\\\/pt\\\/#organization\"},\"potentialAction\":[{\"@type\":\"SearchAction\",\"target\":{\"@type\":\"EntryPoint\",\"urlTemplate\":\"https:\\\/\\\/jornaldasoficinas.com\\\/pt\\\/?s={search_term_string}\"},\"query-input\":{\"@type\":\"PropertyValueSpecification\",\"valueRequired\":true,\"valueName\":\"search_term_string\"}}],\"inLanguage\":\"pt-PT\"},{\"@type\":\"Organization\",\"@id\":\"https:\\\/\\\/jornaldasoficinas.com\\\/pt\\\/#organization\",\"name\":\"Jornal das Oficinas\",\"url\":\"https:\\\/\\\/jornaldasoficinas.com\\\/pt\\\/\",\"logo\":{\"@type\":\"ImageObject\",\"inLanguage\":\"pt-PT\",\"@id\":\"https:\\\/\\\/jornaldasoficinas.com\\\/pt\\\/#\\\/schema\\\/logo\\\/image\\\/\",\"url\":\"https:\\\/\\\/jornaldasoficinas.com\\\/pt\\\/wp-content\\\/uploads\\\/logoJO-SEO.png\",\"contentUrl\":\"https:\\\/\\\/jornaldasoficinas.com\\\/pt\\\/wp-content\\\/uploads\\\/logoJO-SEO.png\",\"width\":285,\"height\":450,\"caption\":\"Jornal das Oficinas\"},\"image\":{\"@id\":\"https:\\\/\\\/jornaldasoficinas.com\\\/pt\\\/#\\\/schema\\\/logo\\\/image\\\/\"},\"sameAs\":[\"https:\\\/\\\/www.facebook.com\\\/jornaloficinas\",\"https:\\\/\\\/x.com\\\/jornaloficinas\",\"https:\\\/\\\/www.instagram.com\\\/jornal_oficinas\\\/\",\"https:\\\/\\\/www.linkedin.com\\\/company\\\/jornal-das-oficinas\\\/\",\"https:\\\/\\\/www.youtube.com\\\/channel\\\/UCbQZBqtcvV-oSQrr7RzINGg\"]},{\"@type\":\"Person\",\"@id\":\"https:\\\/\\\/jornaldasoficinas.com\\\/pt\\\/#\\\/schema\\\/person\\\/a38eef5de2c41d9e7c9ac10141afddf3\",\"name\":\"Reda\u00e7\u00e3o JO\",\"image\":{\"@type\":\"ImageObject\",\"inLanguage\":\"pt-PT\",\"@id\":\"https:\\\/\\\/secure.gravatar.com\\\/avatar\\\/71f2fa71737ad68a84fea94bc708ddac8ea5b0c4788dc2ad202f3ccb2887742f?s=96&d=wp_user_avatar&r=g\",\"url\":\"https:\\\/\\\/secure.gravatar.com\\\/avatar\\\/71f2fa71737ad68a84fea94bc708ddac8ea5b0c4788dc2ad202f3ccb2887742f?s=96&d=wp_user_avatar&r=g\",\"contentUrl\":\"https:\\\/\\\/secure.gravatar.com\\\/avatar\\\/71f2fa71737ad68a84fea94bc708ddac8ea5b0c4788dc2ad202f3ccb2887742f?s=96&d=wp_user_avatar&r=g\",\"caption\":\"Reda\u00e7\u00e3o JO\"},\"url\":\"https:\\\/\\\/jornaldasoficinas.com\\\/pt\\\/author\\\/joredacao\\\/\"}]}<\/script>\n<!-- \/ Yoast SEO plugin. -->","yoast_head_json":{"title":"STC esteve presente na feira Auto Milovanovic, na B\u00f3snia - Jornal das Oficinas","robots":{"index":"index","follow":"follow","max-snippet":"max-snippet:-1","max-image-preview":"max-image-preview:large","max-video-preview":"max-video-preview:-1"},"canonical":"https:\/\/jornaldasoficinas.com\/pt\/stc-presente-na-feira-auto-milovanovic-na-bosnia\/","og_locale":"pt_PT","og_type":"article","og_title":"STC esteve presente na feira Auto Milovanovic, na B\u00f3snia - Jornal das Oficinas","og_description":"A Servicio y Tecnolog\u00eda del Caucho...","og_url":"https:\/\/jornaldasoficinas.com\/pt\/stc-presente-na-feira-auto-milovanovic-na-bosnia\/","og_site_name":"Jornal das Oficinas","article_publisher":"https:\/\/www.facebook.com\/jornaloficinas","article_published_time":"2020-03-04T19:48:32+00:00","article_modified_time":"2023-07-19T14:54:55+00:00","og_image":[{"width":1024,"height":581,"url":"https:\/\/jornaldasoficinas.com\/pt\/wp-content\/uploads\/2020\/03\/Imagen-STC-Feria-Auto-Miolvanovic-03.jpg","type":"image\/jpeg"}],"author":"Reda\u00e7\u00e3o JO","twitter_card":"summary_large_image","twitter_creator":"@jornaloficinas","twitter_site":"@jornaloficinas","twitter_misc":{"Escrito por":"Reda\u00e7\u00e3o JO","Tempo estimado de leitura":"2 minutos"},"schema":{"@context":"https:\/\/schema.org","@graph":[{"@type":"Article","@id":"https:\/\/jornaldasoficinas.com\/pt\/stc-presente-na-feira-auto-milovanovic-na-bosnia\/#article","isPartOf":{"@id":"https:\/\/jornaldasoficinas.com\/pt\/stc-presente-na-feira-auto-milovanovic-na-bosnia\/"},"author":{"name":"Reda\u00e7\u00e3o JO","@id":"https:\/\/jornaldasoficinas.com\/pt\/#\/schema\/person\/a38eef5de2c41d9e7c9ac10141afddf3"},"headline":"STC esteve presente na feira Auto Milovanovic, na B\u00f3snia","datePublished":"2020-03-04T19:48:32+00:00","dateModified":"2023-07-19T14:54:55+00:00","mainEntityOfPage":{"@id":"https:\/\/jornaldasoficinas.com\/pt\/stc-presente-na-feira-auto-milovanovic-na-bosnia\/"},"wordCount":361,"publisher":{"@id":"https:\/\/jornaldasoficinas.com\/pt\/#organization"},"image":{"@id":"https:\/\/jornaldasoficinas.com\/pt\/stc-presente-na-feira-auto-milovanovic-na-bosnia\/#primaryimage"},"thumbnailUrl":"https:\/\/jornaldasoficinas.com\/pt\/wp-content\/uploads\/2020\/03\/Imagen-STC-Feria-Auto-Miolvanovic-03.jpg","keywords":["Auto Milovanovic","Metalcaucho","Servicio y Tecnolog\u00eda del Caucho","STC"],"articleSection":["Empresas"],"inLanguage":"pt-PT"},{"@type":"WebPage","@id":"https:\/\/jornaldasoficinas.com\/pt\/stc-presente-na-feira-auto-milovanovic-na-bosnia\/","url":"https:\/\/jornaldasoficinas.com\/pt\/stc-presente-na-feira-auto-milovanovic-na-bosnia\/","name":"STC esteve presente na feira Auto Milovanovic, na B\u00f3snia - Jornal das Oficinas","isPartOf":{"@id":"https:\/\/jornaldasoficinas.com\/pt\/#website"},"primaryImageOfPage":{"@id":"https:\/\/jornaldasoficinas.com\/pt\/stc-presente-na-feira-auto-milovanovic-na-bosnia\/#primaryimage"},"image":{"@id":"https:\/\/jornaldasoficinas.com\/pt\/stc-presente-na-feira-auto-milovanovic-na-bosnia\/#primaryimage"},"thumbnailUrl":"https:\/\/jornaldasoficinas.com\/pt\/wp-content\/uploads\/2020\/03\/Imagen-STC-Feria-Auto-Miolvanovic-03.jpg","datePublished":"2020-03-04T19:48:32+00:00","dateModified":"2023-07-19T14:54:55+00:00","breadcrumb":{"@id":"https:\/\/jornaldasoficinas.com\/pt\/stc-presente-na-feira-auto-milovanovic-na-bosnia\/#breadcrumb"},"inLanguage":"pt-PT","potentialAction":[{"@type":"ReadAction","target":["https:\/\/jornaldasoficinas.com\/pt\/stc-presente-na-feira-auto-milovanovic-na-bosnia\/"]}]},{"@type":"ImageObject","inLanguage":"pt-PT","@id":"https:\/\/jornaldasoficinas.com\/pt\/stc-presente-na-feira-auto-milovanovic-na-bosnia\/#primaryimage","url":"https:\/\/jornaldasoficinas.com\/pt\/wp-content\/uploads\/2020\/03\/Imagen-STC-Feria-Auto-Miolvanovic-03.jpg","contentUrl":"https:\/\/jornaldasoficinas.com\/pt\/wp-content\/uploads\/2020\/03\/Imagen-STC-Feria-Auto-Miolvanovic-03.jpg","width":1024,"height":581,"caption":"03 - Imagen-STC-Feria-Auto-Miolvanovic-03"},{"@type":"BreadcrumbList","@id":"https:\/\/jornaldasoficinas.com\/pt\/stc-presente-na-feira-auto-milovanovic-na-bosnia\/#breadcrumb","itemListElement":[{"@type":"ListItem","position":1,"name":"In\u00edcio","item":"https:\/\/jornaldasoficinas.com\/pt\/"},{"@type":"ListItem","position":2,"name":"STC esteve presente na feira Auto Milovanovic, na B\u00f3snia"}]},{"@type":"WebSite","@id":"https:\/\/jornaldasoficinas.com\/pt\/#website","url":"https:\/\/jornaldasoficinas.com\/pt\/","name":"Jornal das Oficinas","description":"Jornal independente do Aftermarket Autom\u00f3vel em Portugal","publisher":{"@id":"https:\/\/jornaldasoficinas.com\/pt\/#organization"},"potentialAction":[{"@type":"SearchAction","target":{"@type":"EntryPoint","urlTemplate":"https:\/\/jornaldasoficinas.com\/pt\/?s={search_term_string}"},"query-input":{"@type":"PropertyValueSpecification","valueRequired":true,"valueName":"search_term_string"}}],"inLanguage":"pt-PT"},{"@type":"Organization","@id":"https:\/\/jornaldasoficinas.com\/pt\/#organization","name":"Jornal das Oficinas","url":"https:\/\/jornaldasoficinas.com\/pt\/","logo":{"@type":"ImageObject","inLanguage":"pt-PT","@id":"https:\/\/jornaldasoficinas.com\/pt\/#\/schema\/logo\/image\/","url":"https:\/\/jornaldasoficinas.com\/pt\/wp-content\/uploads\/logoJO-SEO.png","contentUrl":"https:\/\/jornaldasoficinas.com\/pt\/wp-content\/uploads\/logoJO-SEO.png","width":285,"height":450,"caption":"Jornal das Oficinas"},"image":{"@id":"https:\/\/jornaldasoficinas.com\/pt\/#\/schema\/logo\/image\/"},"sameAs":["https:\/\/www.facebook.com\/jornaloficinas","https:\/\/x.com\/jornaloficinas","https:\/\/www.instagram.com\/jornal_oficinas\/","https:\/\/www.linkedin.com\/company\/jornal-das-oficinas\/","https:\/\/www.youtube.com\/channel\/UCbQZBqtcvV-oSQrr7RzINGg"]},{"@type":"Person","@id":"https:\/\/jornaldasoficinas.com\/pt\/#\/schema\/person\/a38eef5de2c41d9e7c9ac10141afddf3","name":"Reda\u00e7\u00e3o JO","image":{"@type":"ImageObject","inLanguage":"pt-PT","@id":"https:\/\/secure.gravatar.com\/avatar\/71f2fa71737ad68a84fea94bc708ddac8ea5b0c4788dc2ad202f3ccb2887742f?s=96&d=wp_user_avatar&r=g","url":"https:\/\/secure.gravatar.com\/avatar\/71f2fa71737ad68a84fea94bc708ddac8ea5b0c4788dc2ad202f3ccb2887742f?s=96&d=wp_user_avatar&r=g","contentUrl":"https:\/\/secure.gravatar.com\/avatar\/71f2fa71737ad68a84fea94bc708ddac8ea5b0c4788dc2ad202f3ccb2887742f?s=96&d=wp_user_avatar&r=g","caption":"Reda\u00e7\u00e3o JO"},"url":"https:\/\/jornaldasoficinas.com\/pt\/author\/joredacao\/"}]}},"_links":{"self":[{"href":"https:\/\/jornaldasoficinas.com\/pt\/wp-json\/wp\/v2\/posts\/10435","targetHints":{"allow":["GET"]}}],"collection":[{"href":"https:\/\/jornaldasoficinas.com\/pt\/wp-json\/wp\/v2\/posts"}],"about":[{"href":"https:\/\/jornaldasoficinas.com\/pt\/wp-json\/wp\/v2\/types\/post"}],"author":[{"embeddable":true,"href":"https:\/\/jornaldasoficinas.com\/pt\/wp-json\/wp\/v2\/users\/15"}],"replies":[{"embeddable":true,"href":"https:\/\/jornaldasoficinas.com\/pt\/wp-json\/wp\/v2\/comments?post=10435"}],"version-history":[{"count":0,"href":"https:\/\/jornaldasoficinas.com\/pt\/wp-json\/wp\/v2\/posts\/10435\/revisions"}],"wp:featuredmedia":[{"embeddable":true,"href":"https:\/\/jornaldasoficinas.com\/pt\/wp-json\/wp\/v2\/media\/10434"}],"wp:attachment":[{"href":"https:\/\/jornaldasoficinas.com\/pt\/wp-json\/wp\/v2\/media?parent=10435"}],"wp:term":[{"taxonomy":"category","embeddable":true,"href":"https:\/\/jornaldasoficinas.com\/pt\/wp-json\/wp\/v2\/categories?post=10435"},{"taxonomy":"post_tag","embeddable":true,"href":"https:\/\/jornaldasoficinas.com\/pt\/wp-json\/wp\/v2\/tags?post=10435"}],"curies":[{"name":"wp","href":"https:\/\/api.w.org\/{rel}","templated":true}]}}