{"id":104605,"date":"2025-07-21T12:30:30","date_gmt":"2025-07-21T11:30:30","guid":{"rendered":"https:\/\/jornaldasoficinas.com\/pt\/?p=104605"},"modified":"2025-07-21T10:49:45","modified_gmt":"2025-07-21T09:49:45","slug":"berner-group-celebra-legado-de-albert-berner-aos-90-anos","status":"publish","type":"post","link":"https:\/\/jornaldasoficinas.com\/pt\/berner-group-celebra-legado-de-albert-berner-aos-90-anos\/","title":{"rendered":"BERNER Group celebra legado de Albert Berner aos 90 anos"},"content":{"rendered":"<p><strong><img loading=\"lazy\" decoding=\"async\" class=\"alignnone size-full wp-image-104612\" src=\"https:\/\/jornaldasoficinas.com\/pt\/wp-content\/uploads\/2025\/07\/BERNER-Group-celebra-legado-de-Albert-Berner-aos-90-anos.jpg\" alt=\"07 - BERNER Group celebra legado de Albert Berner aos 90 anos\" width=\"1024\" height=\"581\" srcset=\"https:\/\/jornaldasoficinas.com\/pt\/wp-content\/uploads\/2025\/07\/BERNER-Group-celebra-legado-de-Albert-Berner-aos-90-anos.jpg 1024w, https:\/\/jornaldasoficinas.com\/pt\/wp-content\/uploads\/2025\/07\/BERNER-Group-celebra-legado-de-Albert-Berner-aos-90-anos-300x170.jpg 300w, https:\/\/jornaldasoficinas.com\/pt\/wp-content\/uploads\/2025\/07\/BERNER-Group-celebra-legado-de-Albert-Berner-aos-90-anos-150x85.jpg 150w, https:\/\/jornaldasoficinas.com\/pt\/wp-content\/uploads\/2025\/07\/BERNER-Group-celebra-legado-de-Albert-Berner-aos-90-anos-768x436.jpg 768w\" sizes=\"auto, (max-width: 1024px) 100vw, 1024px\" \/><\/strong><\/p>\n<p><strong>O <a href=\"https:\/\/www.berner-group.com\/\" target=\"_blank\" rel=\"noopener\">BERNER Group<\/a> celebrou os 90 anos do seu fundador, Albert Berner, com uma cerim\u00f3nia na sede da empresa que reuniu figuras da pol\u00edtica, economia e sociedade. Sob o lema &#8220;90 anos de coragem&#8221;, a homenagem destacou o esp\u00edrito empreendedor, a perseveran\u00e7a e o impacto social do empres\u00e1rio alem\u00e3o<\/strong><\/p>\n<p>O BERNER Group homenageou o seu fundador, Albert Berner, com uma cerim\u00f3nia festiva na sede da empresa, em K\u00fcnzelsau, sul da Alemanha, por ocasi\u00e3o do seu 90.\u00ba anivers\u00e1rio. Entre os convidados estiveram amigos, parceiros de longa data e representantes da pol\u00edtica, da economia e da sociedade, que prestaram tributo \u00e0 not\u00e1vel obra de vida do empres\u00e1rio. Ao lado da esposa Ursula, Albert Berner assistiu com emo\u00e7\u00e3o \u00e0 celebra\u00e7\u00e3o.<\/p>\n<p>Sob o lema &#8220;90 anos de coragem&#8221;, o evento destacou a perseveran\u00e7a e o esp\u00edrito empreendedor do fundador. &#8220;Porque mostraste, vezes sem conta, o que significa ter coragem&#8221;, afirmou Christian Berner, atual CEO e filho de Albert Berner. &#8220;E queremos aprender contigo a sermos corajosos&#8221;. Para al\u00e9m de um anivers\u00e1rio, foi um tributo ao legado: &#8220;Estamos tamb\u00e9m a celebrar o legado do teu empreendedorismo, os teus valores e o teu contributo para este pa\u00eds e para a Europa&#8221;.<\/p>\n<p>Uma galeria guiou os convidados pelos momentos mais marcantes da carreira de Albert Berner. O antigo Ministro da Economia de Baden-W\u00fcrttemberg, Dr. Walter D\u00f6ring, descreveu-o como um &#8220;pioneiro e cofundador do milagre econ\u00f3mico alem\u00e3o&#8221;, que &#8220;s\u00f3 encontrou a sua verdadeira voca\u00e7\u00e3o ap\u00f3s alguns desvios, recusando-se a deixar que algo ou algu\u00e9m o impedisse de alcan\u00e7ar os seus objetivos&#8221;. Num v\u00eddeo emotivo, Berner confessou com a sua habitual honestidade: &#8220;N\u00e3o tinha um plano. Simplesmente aconteceu&#8221;. A 1 de abril de 1957, com apenas 3.000 marcos, um carro Borgward antigo e uma mala cheia de parafusos, visitou o seu primeiro cliente \u2014 dando in\u00edcio \u00e0 hist\u00f3ria do BERNER Group.<\/p>\n<p>Ao longo do seu percurso, manteve a coragem que demonstrou desde o in\u00edcio. Assumiu riscos financeiros consider\u00e1veis, colocando partes do neg\u00f3cio para investir em novas \u00e1reas e mercados, mesmo sem dominar outras l\u00ednguas. &#8220;Acredito que existiram muitos momentos de medo e desespero&#8221;, refletiu Christian Berner. Mas Albert Berner, pugilista por paix\u00e3o, sempre acreditou que o ataque era a melhor forma de defesa \u2014 tanto pessoal como profissionalmente. &#8220;E s\u00f3 corrias riscos, sem seguran\u00e7a&#8221;, disse o filho. &#8220;Voc\u00eas sabiam que tudo tem um pre\u00e7o. Compreendiam que risco e retorno andam de m\u00e3os dadas, muito antes de os professores de finan\u00e7as inventarem esta equa\u00e7\u00e3o. Isto contrasta fortemente com a sociedade atual, que quer explorar v\u00e1rios assuntos, mas sem se comprometer&#8221;.<\/p>\n<p>A inf\u00e2ncia de Albert Berner foi marcada pelas consequ\u00eancias da guerra \u2014 morte, destrui\u00e7\u00e3o e perda \u2014 que, segundo o filho, lhe deram for\u00e7a e motiva\u00e7\u00e3o. De origens modestas, ergueu-se com disciplina, dedica\u00e7\u00e3o e criatividade. &#8220;Todos n\u00f3s te tiramos o chap\u00e9u \u2013 e eu, pessoalmente, vejo-te como um exemplo&#8221;. Apesar de condi\u00e7\u00f5es adversas, comprometeu-se a dar sempre o seu melhor. &#8220;A tua gera\u00e7\u00e3o entendeu que a prosperidade s\u00f3 se conquista com trabalho \u00e1rduo&#8221;, afirmou Christian Berner. &#8220;O trabalho n\u00e3o era um fardo, era um meio. Sabiam que s\u00f3 conseguiriam mais se fizessem mais. N\u00e3o esperavam ajuda externa \u2014 faziam acontecer&#8221;. Nem crises econ\u00f3micas, nem problemas de sa\u00fade o impediram de adaptar a empresa ao contexto e prepar\u00e1-la para o futuro.<\/p>\n<p>Mesmo com o sucesso alcan\u00e7ado, Albert Berner permaneceu fiel \u00e0s suas ra\u00edzes. &#8220;A vossa gera\u00e7\u00e3o n\u00e3o trabalhou apenas para si pr\u00f3pria&#8221;, sublinhou o filho. &#8220;Quiseram reconstruir o vosso pa\u00eds. Contribu\u00edram para os sistemas de pens\u00f5es e seguran\u00e7a social para que ningu\u00e9m envelhecesse na pobreza. Fortaleceram o nosso pa\u00eds para que pud\u00e9ssemos viver em paz e liberdade. Constru\u00edram estradas para recuperar o com\u00e9rcio. E, praticamente sozinhos, criaram uma Europa unida&#8221;.<\/p>\n<p>Para Albert Berner, crescimento empresarial e responsabilidade social sempre andaram de m\u00e3os dadas. A sua dedica\u00e7\u00e3o teve impacto em muitas pessoas, seja atrav\u00e9s da Funda\u00e7\u00e3o Albert Berner na regi\u00e3o de Hohenlohe, seja noutros locais onde o grupo est\u00e1 presente. Num v\u00eddeo exibido durante o evento, mensagens de parab\u00e9ns vindas das filiais europeias sublinharam o respeito dentro da organiza\u00e7\u00e3o. &#8220;A sua carreira motiva-nos a ultrapassar limites e a contribuir para um futuro melhor&#8221;, afirmou Peter Schmidt, CEO da BERNER Omnichannel Trading Holding, em nome dos cerca de 8.000 colaboradores. &#8220;Temos orgulho em fazer parte de uma empresa familiar que continua fiel aos seus ideais e valores&#8221;.<\/p>\n<p>A cerim\u00f3nia terminou com um apelo de Christian Berner: &#8220;Esta gera\u00e7\u00e3o \u00e9 \u00fanica. Devemos ouvi-la. Eles definiram o que a Alemanha foi e, tenho esperan\u00e7a, que volte a ser. Est\u00e1 na altura de deixar para tr\u00e1s os valores da sociedade sonhadora e acomodada que lhes sucedeu, e regressar ao esp\u00edrito que nos deu origem. Vamos reavivar esse esp\u00edrito e essa coragem!&#8221;.<\/p>\n","protected":false},"excerpt":{"rendered":"<p>O BERNER Group celebrou os 90&#8230;<\/p>\n","protected":false},"author":15,"featured_media":104612,"comment_status":"closed","ping_status":"closed","sticky":false,"template":"","format":"standard","meta":{"footnotes":""},"categories":[29],"tags":[13164,13166,13163,13167,7738,13165],"class_list":["post-104605","post","type-post","status-publish","format-standard","has-post-thumbnail","hentry","category-empresas","tag-90-anos-de-coragem","tag-albert-berner","tag-berner-group","tag-cerimonia-festiva","tag-homenagem","tag-legado"],"yoast_head":"<!-- This site is optimized with the Yoast SEO plugin v27.4 - https:\/\/yoast.com\/product\/yoast-seo-wordpress\/ -->\n<title>BERNER Group celebra legado de Albert Berner aos 90 anos - Jornal das Oficinas<\/title>\n<meta name=\"description\" content=\"O BERNER Group celebrou os 90 anos do seu fundador, Albert Berner, com uma cerim\u00f3nia festiva na sede da empresa\" \/>\n<meta name=\"robots\" content=\"index, follow, max-snippet:-1, max-image-preview:large, max-video-preview:-1\" \/>\n<link rel=\"canonical\" href=\"https:\/\/jornaldasoficinas.com\/pt\/berner-group-celebra-legado-de-albert-berner-aos-90-anos\/\" \/>\n<meta property=\"og:locale\" content=\"pt_PT\" \/>\n<meta property=\"og:type\" content=\"article\" \/>\n<meta property=\"og:title\" content=\"BERNER Group celebra legado de Albert Berner aos 90 anos - Jornal das Oficinas\" \/>\n<meta property=\"og:description\" content=\"O BERNER Group celebrou os 90 anos do seu fundador, Albert Berner, com uma cerim\u00f3nia festiva na sede da empresa\" \/>\n<meta property=\"og:url\" content=\"https:\/\/jornaldasoficinas.com\/pt\/berner-group-celebra-legado-de-albert-berner-aos-90-anos\/\" \/>\n<meta property=\"og:site_name\" content=\"Jornal das Oficinas\" \/>\n<meta property=\"article:publisher\" content=\"https:\/\/www.facebook.com\/jornaloficinas\" \/>\n<meta property=\"article:published_time\" content=\"2025-07-21T11:30:30+00:00\" \/>\n<meta property=\"og:image\" content=\"https:\/\/jornaldasoficinas.com\/pt\/wp-content\/uploads\/2025\/07\/BERNER-Group-celebra-legado-de-Albert-Berner-aos-90-anos.jpg\" \/>\n\t<meta property=\"og:image:width\" content=\"1024\" \/>\n\t<meta property=\"og:image:height\" content=\"581\" \/>\n\t<meta property=\"og:image:type\" content=\"image\/jpeg\" \/>\n<meta name=\"author\" content=\"Reda\u00e7\u00e3o JO\" \/>\n<meta name=\"twitter:card\" content=\"summary_large_image\" \/>\n<meta name=\"twitter:creator\" content=\"@jornaloficinas\" \/>\n<meta name=\"twitter:site\" content=\"@jornaloficinas\" \/>\n<meta name=\"twitter:label1\" content=\"Escrito por\" \/>\n\t<meta name=\"twitter:data1\" content=\"Reda\u00e7\u00e3o JO\" \/>\n\t<meta name=\"twitter:label2\" content=\"Tempo estimado de leitura\" \/>\n\t<meta name=\"twitter:data2\" content=\"5 minutos\" \/>\n<script type=\"application\/ld+json\" class=\"yoast-schema-graph\">{\"@context\":\"https:\\\/\\\/schema.org\",\"@graph\":[{\"@type\":\"Article\",\"@id\":\"https:\\\/\\\/jornaldasoficinas.com\\\/pt\\\/berner-group-celebra-legado-de-albert-berner-aos-90-anos\\\/#article\",\"isPartOf\":{\"@id\":\"https:\\\/\\\/jornaldasoficinas.com\\\/pt\\\/berner-group-celebra-legado-de-albert-berner-aos-90-anos\\\/\"},\"author\":{\"name\":\"Reda\u00e7\u00e3o JO\",\"@id\":\"https:\\\/\\\/jornaldasoficinas.com\\\/pt\\\/#\\\/schema\\\/person\\\/a38eef5de2c41d9e7c9ac10141afddf3\"},\"headline\":\"BERNER Group celebra legado de Albert Berner aos 90 anos\",\"datePublished\":\"2025-07-21T11:30:30+00:00\",\"mainEntityOfPage\":{\"@id\":\"https:\\\/\\\/jornaldasoficinas.com\\\/pt\\\/berner-group-celebra-legado-de-albert-berner-aos-90-anos\\\/\"},\"wordCount\":854,\"publisher\":{\"@id\":\"https:\\\/\\\/jornaldasoficinas.com\\\/pt\\\/#organization\"},\"image\":{\"@id\":\"https:\\\/\\\/jornaldasoficinas.com\\\/pt\\\/berner-group-celebra-legado-de-albert-berner-aos-90-anos\\\/#primaryimage\"},\"thumbnailUrl\":\"https:\\\/\\\/jornaldasoficinas.com\\\/pt\\\/wp-content\\\/uploads\\\/2025\\\/07\\\/BERNER-Group-celebra-legado-de-Albert-Berner-aos-90-anos.jpg\",\"keywords\":[\"90 anos de coragem\",\"Albert Berner\",\"BERNER Group\",\"cerim\u00f3nia festiva\",\"homenagem\",\"legado\"],\"articleSection\":[\"Empresas\"],\"inLanguage\":\"pt-PT\"},{\"@type\":\"WebPage\",\"@id\":\"https:\\\/\\\/jornaldasoficinas.com\\\/pt\\\/berner-group-celebra-legado-de-albert-berner-aos-90-anos\\\/\",\"url\":\"https:\\\/\\\/jornaldasoficinas.com\\\/pt\\\/berner-group-celebra-legado-de-albert-berner-aos-90-anos\\\/\",\"name\":\"BERNER Group celebra legado de Albert Berner aos 90 anos - Jornal das Oficinas\",\"isPartOf\":{\"@id\":\"https:\\\/\\\/jornaldasoficinas.com\\\/pt\\\/#website\"},\"primaryImageOfPage\":{\"@id\":\"https:\\\/\\\/jornaldasoficinas.com\\\/pt\\\/berner-group-celebra-legado-de-albert-berner-aos-90-anos\\\/#primaryimage\"},\"image\":{\"@id\":\"https:\\\/\\\/jornaldasoficinas.com\\\/pt\\\/berner-group-celebra-legado-de-albert-berner-aos-90-anos\\\/#primaryimage\"},\"thumbnailUrl\":\"https:\\\/\\\/jornaldasoficinas.com\\\/pt\\\/wp-content\\\/uploads\\\/2025\\\/07\\\/BERNER-Group-celebra-legado-de-Albert-Berner-aos-90-anos.jpg\",\"datePublished\":\"2025-07-21T11:30:30+00:00\",\"description\":\"O BERNER Group celebrou os 90 anos do seu fundador, Albert Berner, com uma cerim\u00f3nia festiva na sede da empresa\",\"breadcrumb\":{\"@id\":\"https:\\\/\\\/jornaldasoficinas.com\\\/pt\\\/berner-group-celebra-legado-de-albert-berner-aos-90-anos\\\/#breadcrumb\"},\"inLanguage\":\"pt-PT\",\"potentialAction\":[{\"@type\":\"ReadAction\",\"target\":[\"https:\\\/\\\/jornaldasoficinas.com\\\/pt\\\/berner-group-celebra-legado-de-albert-berner-aos-90-anos\\\/\"]}]},{\"@type\":\"ImageObject\",\"inLanguage\":\"pt-PT\",\"@id\":\"https:\\\/\\\/jornaldasoficinas.com\\\/pt\\\/berner-group-celebra-legado-de-albert-berner-aos-90-anos\\\/#primaryimage\",\"url\":\"https:\\\/\\\/jornaldasoficinas.com\\\/pt\\\/wp-content\\\/uploads\\\/2025\\\/07\\\/BERNER-Group-celebra-legado-de-Albert-Berner-aos-90-anos.jpg\",\"contentUrl\":\"https:\\\/\\\/jornaldasoficinas.com\\\/pt\\\/wp-content\\\/uploads\\\/2025\\\/07\\\/BERNER-Group-celebra-legado-de-Albert-Berner-aos-90-anos.jpg\",\"width\":1024,\"height\":581,\"caption\":\"07 - BERNER Group celebra legado de Albert Berner aos 90 anos\"},{\"@type\":\"BreadcrumbList\",\"@id\":\"https:\\\/\\\/jornaldasoficinas.com\\\/pt\\\/berner-group-celebra-legado-de-albert-berner-aos-90-anos\\\/#breadcrumb\",\"itemListElement\":[{\"@type\":\"ListItem\",\"position\":1,\"name\":\"In\u00edcio\",\"item\":\"https:\\\/\\\/jornaldasoficinas.com\\\/pt\\\/\"},{\"@type\":\"ListItem\",\"position\":2,\"name\":\"BERNER Group celebra legado de Albert Berner aos 90 anos\"}]},{\"@type\":\"WebSite\",\"@id\":\"https:\\\/\\\/jornaldasoficinas.com\\\/pt\\\/#website\",\"url\":\"https:\\\/\\\/jornaldasoficinas.com\\\/pt\\\/\",\"name\":\"Jornal das Oficinas\",\"description\":\"Jornal independente do Aftermarket Autom\u00f3vel em Portugal\",\"publisher\":{\"@id\":\"https:\\\/\\\/jornaldasoficinas.com\\\/pt\\\/#organization\"},\"potentialAction\":[{\"@type\":\"SearchAction\",\"target\":{\"@type\":\"EntryPoint\",\"urlTemplate\":\"https:\\\/\\\/jornaldasoficinas.com\\\/pt\\\/?s={search_term_string}\"},\"query-input\":{\"@type\":\"PropertyValueSpecification\",\"valueRequired\":true,\"valueName\":\"search_term_string\"}}],\"inLanguage\":\"pt-PT\"},{\"@type\":\"Organization\",\"@id\":\"https:\\\/\\\/jornaldasoficinas.com\\\/pt\\\/#organization\",\"name\":\"Jornal das Oficinas\",\"url\":\"https:\\\/\\\/jornaldasoficinas.com\\\/pt\\\/\",\"logo\":{\"@type\":\"ImageObject\",\"inLanguage\":\"pt-PT\",\"@id\":\"https:\\\/\\\/jornaldasoficinas.com\\\/pt\\\/#\\\/schema\\\/logo\\\/image\\\/\",\"url\":\"https:\\\/\\\/jornaldasoficinas.com\\\/pt\\\/wp-content\\\/uploads\\\/logoJO-SEO.png\",\"contentUrl\":\"https:\\\/\\\/jornaldasoficinas.com\\\/pt\\\/wp-content\\\/uploads\\\/logoJO-SEO.png\",\"width\":285,\"height\":450,\"caption\":\"Jornal das Oficinas\"},\"image\":{\"@id\":\"https:\\\/\\\/jornaldasoficinas.com\\\/pt\\\/#\\\/schema\\\/logo\\\/image\\\/\"},\"sameAs\":[\"https:\\\/\\\/www.facebook.com\\\/jornaloficinas\",\"https:\\\/\\\/x.com\\\/jornaloficinas\",\"https:\\\/\\\/www.instagram.com\\\/jornal_oficinas\\\/\",\"https:\\\/\\\/www.linkedin.com\\\/company\\\/jornal-das-oficinas\\\/\",\"https:\\\/\\\/www.youtube.com\\\/channel\\\/UCbQZBqtcvV-oSQrr7RzINGg\"]},{\"@type\":\"Person\",\"@id\":\"https:\\\/\\\/jornaldasoficinas.com\\\/pt\\\/#\\\/schema\\\/person\\\/a38eef5de2c41d9e7c9ac10141afddf3\",\"name\":\"Reda\u00e7\u00e3o JO\",\"image\":{\"@type\":\"ImageObject\",\"inLanguage\":\"pt-PT\",\"@id\":\"https:\\\/\\\/secure.gravatar.com\\\/avatar\\\/71f2fa71737ad68a84fea94bc708ddac8ea5b0c4788dc2ad202f3ccb2887742f?s=96&d=wp_user_avatar&r=g\",\"url\":\"https:\\\/\\\/secure.gravatar.com\\\/avatar\\\/71f2fa71737ad68a84fea94bc708ddac8ea5b0c4788dc2ad202f3ccb2887742f?s=96&d=wp_user_avatar&r=g\",\"contentUrl\":\"https:\\\/\\\/secure.gravatar.com\\\/avatar\\\/71f2fa71737ad68a84fea94bc708ddac8ea5b0c4788dc2ad202f3ccb2887742f?s=96&d=wp_user_avatar&r=g\",\"caption\":\"Reda\u00e7\u00e3o JO\"},\"url\":\"https:\\\/\\\/jornaldasoficinas.com\\\/pt\\\/author\\\/joredacao\\\/\"}]}<\/script>\n<!-- \/ Yoast SEO plugin. -->","yoast_head_json":{"title":"BERNER Group celebra legado de Albert Berner aos 90 anos - Jornal das Oficinas","description":"O BERNER Group celebrou os 90 anos do seu fundador, Albert Berner, com uma cerim\u00f3nia festiva na sede da empresa","robots":{"index":"index","follow":"follow","max-snippet":"max-snippet:-1","max-image-preview":"max-image-preview:large","max-video-preview":"max-video-preview:-1"},"canonical":"https:\/\/jornaldasoficinas.com\/pt\/berner-group-celebra-legado-de-albert-berner-aos-90-anos\/","og_locale":"pt_PT","og_type":"article","og_title":"BERNER Group celebra legado de Albert Berner aos 90 anos - Jornal das Oficinas","og_description":"O BERNER Group celebrou os 90 anos do seu fundador, Albert Berner, com uma cerim\u00f3nia festiva na sede da empresa","og_url":"https:\/\/jornaldasoficinas.com\/pt\/berner-group-celebra-legado-de-albert-berner-aos-90-anos\/","og_site_name":"Jornal das Oficinas","article_publisher":"https:\/\/www.facebook.com\/jornaloficinas","article_published_time":"2025-07-21T11:30:30+00:00","og_image":[{"width":1024,"height":581,"url":"https:\/\/jornaldasoficinas.com\/pt\/wp-content\/uploads\/2025\/07\/BERNER-Group-celebra-legado-de-Albert-Berner-aos-90-anos.jpg","type":"image\/jpeg"}],"author":"Reda\u00e7\u00e3o JO","twitter_card":"summary_large_image","twitter_creator":"@jornaloficinas","twitter_site":"@jornaloficinas","twitter_misc":{"Escrito por":"Reda\u00e7\u00e3o JO","Tempo estimado de leitura":"5 minutos"},"schema":{"@context":"https:\/\/schema.org","@graph":[{"@type":"Article","@id":"https:\/\/jornaldasoficinas.com\/pt\/berner-group-celebra-legado-de-albert-berner-aos-90-anos\/#article","isPartOf":{"@id":"https:\/\/jornaldasoficinas.com\/pt\/berner-group-celebra-legado-de-albert-berner-aos-90-anos\/"},"author":{"name":"Reda\u00e7\u00e3o JO","@id":"https:\/\/jornaldasoficinas.com\/pt\/#\/schema\/person\/a38eef5de2c41d9e7c9ac10141afddf3"},"headline":"BERNER Group celebra legado de Albert Berner aos 90 anos","datePublished":"2025-07-21T11:30:30+00:00","mainEntityOfPage":{"@id":"https:\/\/jornaldasoficinas.com\/pt\/berner-group-celebra-legado-de-albert-berner-aos-90-anos\/"},"wordCount":854,"publisher":{"@id":"https:\/\/jornaldasoficinas.com\/pt\/#organization"},"image":{"@id":"https:\/\/jornaldasoficinas.com\/pt\/berner-group-celebra-legado-de-albert-berner-aos-90-anos\/#primaryimage"},"thumbnailUrl":"https:\/\/jornaldasoficinas.com\/pt\/wp-content\/uploads\/2025\/07\/BERNER-Group-celebra-legado-de-Albert-Berner-aos-90-anos.jpg","keywords":["90 anos de coragem","Albert Berner","BERNER Group","cerim\u00f3nia festiva","homenagem","legado"],"articleSection":["Empresas"],"inLanguage":"pt-PT"},{"@type":"WebPage","@id":"https:\/\/jornaldasoficinas.com\/pt\/berner-group-celebra-legado-de-albert-berner-aos-90-anos\/","url":"https:\/\/jornaldasoficinas.com\/pt\/berner-group-celebra-legado-de-albert-berner-aos-90-anos\/","name":"BERNER Group celebra legado de Albert Berner aos 90 anos - Jornal das Oficinas","isPartOf":{"@id":"https:\/\/jornaldasoficinas.com\/pt\/#website"},"primaryImageOfPage":{"@id":"https:\/\/jornaldasoficinas.com\/pt\/berner-group-celebra-legado-de-albert-berner-aos-90-anos\/#primaryimage"},"image":{"@id":"https:\/\/jornaldasoficinas.com\/pt\/berner-group-celebra-legado-de-albert-berner-aos-90-anos\/#primaryimage"},"thumbnailUrl":"https:\/\/jornaldasoficinas.com\/pt\/wp-content\/uploads\/2025\/07\/BERNER-Group-celebra-legado-de-Albert-Berner-aos-90-anos.jpg","datePublished":"2025-07-21T11:30:30+00:00","description":"O BERNER Group celebrou os 90 anos do seu fundador, Albert Berner, com uma cerim\u00f3nia festiva na sede da empresa","breadcrumb":{"@id":"https:\/\/jornaldasoficinas.com\/pt\/berner-group-celebra-legado-de-albert-berner-aos-90-anos\/#breadcrumb"},"inLanguage":"pt-PT","potentialAction":[{"@type":"ReadAction","target":["https:\/\/jornaldasoficinas.com\/pt\/berner-group-celebra-legado-de-albert-berner-aos-90-anos\/"]}]},{"@type":"ImageObject","inLanguage":"pt-PT","@id":"https:\/\/jornaldasoficinas.com\/pt\/berner-group-celebra-legado-de-albert-berner-aos-90-anos\/#primaryimage","url":"https:\/\/jornaldasoficinas.com\/pt\/wp-content\/uploads\/2025\/07\/BERNER-Group-celebra-legado-de-Albert-Berner-aos-90-anos.jpg","contentUrl":"https:\/\/jornaldasoficinas.com\/pt\/wp-content\/uploads\/2025\/07\/BERNER-Group-celebra-legado-de-Albert-Berner-aos-90-anos.jpg","width":1024,"height":581,"caption":"07 - BERNER Group celebra legado de Albert Berner aos 90 anos"},{"@type":"BreadcrumbList","@id":"https:\/\/jornaldasoficinas.com\/pt\/berner-group-celebra-legado-de-albert-berner-aos-90-anos\/#breadcrumb","itemListElement":[{"@type":"ListItem","position":1,"name":"In\u00edcio","item":"https:\/\/jornaldasoficinas.com\/pt\/"},{"@type":"ListItem","position":2,"name":"BERNER Group celebra legado de Albert Berner aos 90 anos"}]},{"@type":"WebSite","@id":"https:\/\/jornaldasoficinas.com\/pt\/#website","url":"https:\/\/jornaldasoficinas.com\/pt\/","name":"Jornal das Oficinas","description":"Jornal independente do Aftermarket Autom\u00f3vel em Portugal","publisher":{"@id":"https:\/\/jornaldasoficinas.com\/pt\/#organization"},"potentialAction":[{"@type":"SearchAction","target":{"@type":"EntryPoint","urlTemplate":"https:\/\/jornaldasoficinas.com\/pt\/?s={search_term_string}"},"query-input":{"@type":"PropertyValueSpecification","valueRequired":true,"valueName":"search_term_string"}}],"inLanguage":"pt-PT"},{"@type":"Organization","@id":"https:\/\/jornaldasoficinas.com\/pt\/#organization","name":"Jornal das Oficinas","url":"https:\/\/jornaldasoficinas.com\/pt\/","logo":{"@type":"ImageObject","inLanguage":"pt-PT","@id":"https:\/\/jornaldasoficinas.com\/pt\/#\/schema\/logo\/image\/","url":"https:\/\/jornaldasoficinas.com\/pt\/wp-content\/uploads\/logoJO-SEO.png","contentUrl":"https:\/\/jornaldasoficinas.com\/pt\/wp-content\/uploads\/logoJO-SEO.png","width":285,"height":450,"caption":"Jornal das Oficinas"},"image":{"@id":"https:\/\/jornaldasoficinas.com\/pt\/#\/schema\/logo\/image\/"},"sameAs":["https:\/\/www.facebook.com\/jornaloficinas","https:\/\/x.com\/jornaloficinas","https:\/\/www.instagram.com\/jornal_oficinas\/","https:\/\/www.linkedin.com\/company\/jornal-das-oficinas\/","https:\/\/www.youtube.com\/channel\/UCbQZBqtcvV-oSQrr7RzINGg"]},{"@type":"Person","@id":"https:\/\/jornaldasoficinas.com\/pt\/#\/schema\/person\/a38eef5de2c41d9e7c9ac10141afddf3","name":"Reda\u00e7\u00e3o JO","image":{"@type":"ImageObject","inLanguage":"pt-PT","@id":"https:\/\/secure.gravatar.com\/avatar\/71f2fa71737ad68a84fea94bc708ddac8ea5b0c4788dc2ad202f3ccb2887742f?s=96&d=wp_user_avatar&r=g","url":"https:\/\/secure.gravatar.com\/avatar\/71f2fa71737ad68a84fea94bc708ddac8ea5b0c4788dc2ad202f3ccb2887742f?s=96&d=wp_user_avatar&r=g","contentUrl":"https:\/\/secure.gravatar.com\/avatar\/71f2fa71737ad68a84fea94bc708ddac8ea5b0c4788dc2ad202f3ccb2887742f?s=96&d=wp_user_avatar&r=g","caption":"Reda\u00e7\u00e3o JO"},"url":"https:\/\/jornaldasoficinas.com\/pt\/author\/joredacao\/"}]}},"_links":{"self":[{"href":"https:\/\/jornaldasoficinas.com\/pt\/wp-json\/wp\/v2\/posts\/104605","targetHints":{"allow":["GET"]}}],"collection":[{"href":"https:\/\/jornaldasoficinas.com\/pt\/wp-json\/wp\/v2\/posts"}],"about":[{"href":"https:\/\/jornaldasoficinas.com\/pt\/wp-json\/wp\/v2\/types\/post"}],"author":[{"embeddable":true,"href":"https:\/\/jornaldasoficinas.com\/pt\/wp-json\/wp\/v2\/users\/15"}],"replies":[{"embeddable":true,"href":"https:\/\/jornaldasoficinas.com\/pt\/wp-json\/wp\/v2\/comments?post=104605"}],"version-history":[{"count":5,"href":"https:\/\/jornaldasoficinas.com\/pt\/wp-json\/wp\/v2\/posts\/104605\/revisions"}],"predecessor-version":[{"id":104613,"href":"https:\/\/jornaldasoficinas.com\/pt\/wp-json\/wp\/v2\/posts\/104605\/revisions\/104613"}],"wp:featuredmedia":[{"embeddable":true,"href":"https:\/\/jornaldasoficinas.com\/pt\/wp-json\/wp\/v2\/media\/104612"}],"wp:attachment":[{"href":"https:\/\/jornaldasoficinas.com\/pt\/wp-json\/wp\/v2\/media?parent=104605"}],"wp:term":[{"taxonomy":"category","embeddable":true,"href":"https:\/\/jornaldasoficinas.com\/pt\/wp-json\/wp\/v2\/categories?post=104605"},{"taxonomy":"post_tag","embeddable":true,"href":"https:\/\/jornaldasoficinas.com\/pt\/wp-json\/wp\/v2\/tags?post=104605"}],"curies":[{"name":"wp","href":"https:\/\/api.w.org\/{rel}","templated":true}]}}