{"id":10463,"date":"2020-03-05T10:33:09","date_gmt":"2020-03-05T10:33:09","guid":{"rendered":"https:\/\/jornaldasoficinas.com\/pt\/?p=10463"},"modified":"2020-03-05T10:35:02","modified_gmt":"2020-03-05T10:35:02","slug":"a-campanha-fabricante-do-mes-e-uma-aposta-claramente-ganha-armindo-romao-auto-delta","status":"publish","type":"post","link":"https:\/\/jornaldasoficinas.com\/pt\/a-campanha-fabricante-do-mes-e-uma-aposta-claramente-ganha-armindo-romao-auto-delta\/","title":{"rendered":"\u201cA campanha \u2018Fabricante do M\u00eas\u2019 \u00e9 uma aposta, claramente, ganha\u201d, Armindo Rom\u00e3o, Auto Delta"},"content":{"rendered":"<p><img loading=\"lazy\" decoding=\"async\" class=\"alignnone wp-image-10462 size-full\" src=\"https:\/\/jornaldasoficinas.com\/pt\/wp-content\/uploads\/2020\/03\/Armindo-Roma\u0303ook.png\" alt=\"03 - Armindo-Roma\u0303ook\" width=\"1024\" height=\"581\" srcset=\"https:\/\/jornaldasoficinas.com\/pt\/wp-content\/uploads\/2020\/03\/Armindo-Roma\u0303ook.png 1024w, https:\/\/jornaldasoficinas.com\/pt\/wp-content\/uploads\/2020\/03\/Armindo-Roma\u0303ook-300x170.png 300w, https:\/\/jornaldasoficinas.com\/pt\/wp-content\/uploads\/2020\/03\/Armindo-Roma\u0303ook-150x85.png 150w, https:\/\/jornaldasoficinas.com\/pt\/wp-content\/uploads\/2020\/03\/Armindo-Roma\u0303ook-768x436.png 768w\" sizes=\"auto, (max-width: 1024px) 100vw, 1024px\" \/><\/p>\n<p><strong>Extenso portef\u00f3lio de produtos, seriedade nas rela\u00e7\u00f5es comerciais e acompanhamento permanente dos clientes, s\u00e3o raz\u00f5es que fazem da Auto Delta um dos nomes mais sonantes da distribui\u00e7\u00e3o de pe\u00e7as em Portugal.<\/strong><\/p>\n<p>A iniciativa \u201cFabricante do M\u00eas\u201d tornou-se num dos pontos fortes da empresa, sendo mesmo considerada por Armindo Rom\u00e3o, administrador, como uma aposta, claramente, ganha no que toca a campanhas promocionais.<\/p>\n<p><strong>Este ano voltaram a ser PME Excel\u00eancia. O que representa este estatuto para a Auto Delta e que mais-valias e vantagens trouxeram para a empresa?<\/strong><\/p>\n<p>Este estatuto, atribu\u00eddo, ininterruptamente, desde 2010, \u00e9 o reconhecimento do bom trabalho que temos vindo a desenvolver no <em>aftermarket<\/em>. Para al\u00e9m do efeito reputacional geral que uma distin\u00e7\u00e3o deste tipo aporta, significando cada vez mais solidez e idoneidade, este acaba, tamb\u00e9m, por ser muito importante, pois \u00e9 acompanhado de uma maior compreens\u00e3o por parte do sistema financeiro.<\/p>\n<p><strong>No final de 2018, a Auto Delta integrou o Grupo CGA. Quais os objetivos desta integra\u00e7\u00e3o?<\/strong><\/p>\n<p>A integra\u00e7\u00e3o no Grupo CGA tem como principal objetivo a obten\u00e7\u00e3o de ganhos de escala dentro deste mercado, sempre atendendo \u00e0 independ\u00eancia como uma das principais caracter\u00edsticas da <a href=\"https:\/\/www.autodelta.pt\/\" target=\"_blank\" rel=\"noopener noreferrer\">Auto Delta<\/a>. Para al\u00e9m das muitas marcas que t\u00eam acordos comerciais com o Grupo CGA, \u00e9, tamb\u00e9m, de real\u00e7ar os diferentes projetos de redes de oficinas desenvolvidos por este coletivo, claramente uma oportunidade de neg\u00f3cio para ser agarrada no mercado nacional.<strong>\u00a0<\/strong><\/p>\n<p><strong>Apresentaram, recentemente, o projeto \u201cOfficial MEYLE Dealer\u201d. Em que consiste este projeto e quais os seus objetivos?<\/strong><\/p>\n<p>O projeto \u201cOfficial MEYLE Dealer\u201d (OMD) \u00e9, antes de mais, um fortalecimento na rela\u00e7\u00e3o entre fabricante, distribuidor e retalhista. Desta forma, 14 parceiros comerciais j\u00e1 contam com esta distin\u00e7\u00e3o, que traz com ela benef\u00edcios, como suporte t\u00e9cnico especializado e de <em>marketing <\/em>diretamente desenvolvidos pela MEYLE. N\u00e3o se tratando de uma busca por uniformiza\u00e7\u00e3o de imagem e procedimentos, o cerne deste projeto est\u00e1 em dotar os retalhistas de ferramentas que os ajudem a vencer nas \u00e1reas geogr\u00e1ficas em que est\u00e3o inseridos e ancorados em produtos e servi\u00e7os de qualidade, funcionando a Auto Delta como a coordenadora nacional do projeto.<\/p>\n<p><strong>A Auto Delta tem realizado algumas campanhas solid\u00e1rias para apoiar institui\u00e7\u00f5es, <\/strong><strong>seguindo uma pol\u00edtica de responsabilidade social<\/strong><strong>. Que retorno t\u00eam tido destas iniciativas? Est\u00e3o previstas novas campanhas solid\u00e1rias?<\/strong><\/p>\n<p>Tem sido muito enriquecedor verificar a aten\u00e7\u00e3o que \u00e9 dada pelo mercado a este tipo de campanhas e, para a Auto Delta, \u00e9 muito importante sentirmos que estamos a fazer algo que importa na vida das pessoas. Todos est\u00e3o bastante cientes de que seremos uma sociedade muito mais forte se soubermos ajudar quem necessita e passarmos uma parte do nosso lucro em prol daqueles que s\u00e3o mais desfavorecidos. Novas campanhas solid\u00e1rias est\u00e3o na calha para serem apresentadas, sempre seguindo crit\u00e9rios espec\u00edficos, como sejam a import\u00e2ncia da institui\u00e7\u00e3o na sociedade, a sua dimens\u00e3o e as necessidades prementes.<\/p>\n<p><strong>Para quando est\u00e1 prevista a inaugura\u00e7\u00e3o do armaz\u00e9m e quais as mais-valias que o novo espa\u00e7o vai trazer para a empresa e clientes?<\/strong><\/p>\n<p>O novo armaz\u00e9m dever\u00e1 ser inaugurado brevemente e ser\u00e1 muito importante para sustentar o crescimento que a Auto Delta tem tido, principalmente nos \u00faltimos anos. Na verdade, mais um espa\u00e7o ir\u00e1 revelar-se decisivo para o desenvolvimento de gamas de produto que j\u00e1 disponibilizamos, bem como para come\u00e7armos a comercializa\u00e7\u00e3o de outras que, por falta de espa\u00e7o, ainda n\u00e3o se encontram na Auto Delta. Essa disponibilidade em <em>stock<\/em>, um dos des\u00edgnios de sempre da Auto Delta, \u00e9 muito importante para podermos continuar a crescer, permitindo ao mercado ter acesso aos produtos que necessita o mais rapidamente poss\u00edvel.<\/p>\n<p><strong>V\u00e3o continuar a promover as campanhas \u201cFabricante do M\u00eas\u201d? Qual tem sido a aceita\u00e7\u00e3o destas campanhas da parte de clientes e fabricantes?<\/strong><\/p>\n<p>A campanha \u201cFabricante do M\u00eas\u201d tornou-se, naturalmente, num dos pontos fortes da Auto Delta e numa das apostas, claramente, ganhas no que toca a campanhas promocionais. Se os nossos clientes est\u00e3o bastante agradados e procuram aproveitar as campanhas que s\u00e3o desenvolvidas nestes meses espec\u00edficos, tamb\u00e9m os fabricantes o est\u00e3o. Cientes da import\u00e2ncia que este tipo de iniciativa tem tipo no desempenho das suas marcas, procuramos desenvolver campanhas exclusivas que permitam resultados interessantes e ganhos de escala para os nossos parceiros comerciais.<\/p>\n<p><strong>A perda de margem na comercializa\u00e7\u00e3o das pe\u00e7as est\u00e1 a criar dificuldades \u00e0s empresas de distribui\u00e7\u00e3o. Como se pode alterar esta situa\u00e7\u00e3o?<\/strong><\/p>\n<p>Essa perda de margem \u00e9 um facto. E resta-nos procurar solu\u00e7\u00f5es compensat\u00f3rias que permitam bons resultados no futuro. Em primeiro lugar, \u00e9 preciso apostar em marcas e gamas de produto de qualidade e desempenho elevados, capazes de se diferenciarem num mercado saturado de produtos muito semelhantes. Depois, ser\u00e1, tamb\u00e9m, decisivo apostar em servi\u00e7os complementares que permitam uma maior fideliza\u00e7\u00e3o dos clientes. O<em> aftermarket<\/em> j\u00e1 n\u00e3o se cinge, exclusivamente, \u00e0 comercializa\u00e7\u00e3o de pe\u00e7as e acess\u00f3rios para autom\u00f3veis, pelo que temos de agarrar todas as oportunidades que nos surjam para marcarmos a diferen\u00e7a.<\/p>\n<p><strong>Como analisa a entrada de distribuidores de pe\u00e7as espanh\u00f3is em Portugal? Considera que est\u00e1 a haver uma \u201ciberiza\u00e7\u00e3o\u201d do com\u00e9rcio de pe\u00e7as autom\u00f3vel?<\/strong><\/p>\n<p>A filosofia da Auto Delta, que procuramos incutir em todos os colaboradores, sustenta que qualquer amea\u00e7a \u00e9, simultaneamente, um desafio. E \u00e9 exatamente assim que observamos a entrada de distribuidores de pe\u00e7as espanh\u00f3is em Portugal. Com eles, vir\u00e3o, tamb\u00e9m, novas abordagens e formas de estar no mercado que nos ir\u00e3o motivar para desenvolvermos cada vez mais as nossas op\u00e7\u00f5es e, consequentemente, a oferta para o mercado nacional. Ainda assim, n\u00e3o nos parece que uma \u201ciberiza\u00e7\u00e3o\u201d <em>per si <\/em>seja poss\u00edvel a curto prazo. Os mercados s\u00e3o bastante diferentes, principalmente na sua organiza\u00e7\u00e3o e posicionamentos de diversos <em>players<\/em>, pelo que uma uniformiza\u00e7\u00e3o n\u00e3o parece muito prov\u00e1vel nos pr\u00f3ximos tempos.<\/p>\n<p><strong>Os fabricantes de autom\u00f3veis est\u00e3o cada vez mais ativos no mercado do p\u00f3s-venda. Como vai ser no futuro a conviv\u00eancia entre as marcas de origem e as de <em>aftermarket<\/em>? Quem vai ganhar a maior fatia do mercado do p\u00f3s-venda?<\/strong><\/p>\n<p>Esse \u00e9 mais um dos desafios para o qual nos preparamos j\u00e1 h\u00e1 algum tempo. Depois de uma incurs\u00e3o que, aparentemente, n\u00e3o trouxe os resultados esperados, os fabricantes de autom\u00f3veis entram, agora, no mercado do p\u00f3s-venda com uma estrat\u00e9gia diferente. Procurando compensar as quebras de vendas, que resultam em quebras financeiras, planificam uma estrat\u00e9gia mais global, estando presentes em diferentes dimens\u00f5es do p\u00f3s-venda e n\u00e3o s\u00f3 na comercializa\u00e7\u00e3o de pe\u00e7as e acess\u00f3rios. Aconselha-se cautela, pois este tipo de entidades pode n\u00e3o ter a flexibilidade que os distribuidores, como a Auto Delta, t\u00eam. Mas contam com um poderio financeiro dif\u00edcil de comparar. Ainda assim, parece-nos que os distribuidores especializados continuar\u00e3o a ter um papel fundamental neste mercado, podendo existir fen\u00f3menos de concentra\u00e7\u00e3o de <em>players<\/em> que n\u00e3o se consigam adaptar a um contexto t\u00e3o exigente.<\/p>\n<p><strong>Qual ser\u00e1 o futuro modelo de neg\u00f3cio da distribui\u00e7\u00e3o de pe\u00e7as com o aparecimento da conectividade e da mobilidade partilhada? A conectividade tem o poder de influenciar, significativamente, o <em>aftermarket<\/em>? De que modo?<\/strong><\/p>\n<p>A conectividade e a mobilidade partilhada ir\u00e3o influenciar o modo de vida de toda a sociedade e n\u00e3o s\u00f3 do <em>aftermarket<\/em>. Aqui, mais uma vez, temos de nos munir de armas para enfrentar tempos algo incertos, pois, a cada dia que passa, existe uma novidade que n\u00e3o se vislumbrava no dia anterior. A verdade \u00e9 que qualquer distribuidor tradicional ter\u00e1 de ser bastante flex\u00edvel, agarrando oportunidades de neg\u00f3cio, mesmo que isso implique a sua diversifica\u00e7\u00e3o. Para que consiga vencer num futuro bastante incerto.<\/p>\n","protected":false},"excerpt":{"rendered":"<p>Extenso portef\u00f3lio de produtos, seriedade nas&#8230;<\/p>\n","protected":false},"author":15,"featured_media":10462,"comment_status":"closed","ping_status":"closed","sticky":false,"template":"","format":"standard","meta":{"footnotes":""},"categories":[38],"tags":[187,188,205,1759,69,1258,1257],"class_list":["post-10463","post","type-post","status-publish","format-standard","has-post-thumbnail","hentry","category-entrevistas","tag-auto-delta","tag-cga-car-service","tag-distribuicao","tag-grupo-cga","tag-meyle","tag-official-meyle-dealer","tag-omd"],"yoast_head":"<!-- This site is optimized with the Yoast SEO plugin v27.4 - https:\/\/yoast.com\/product\/yoast-seo-wordpress\/ -->\n<title>\u201cA campanha \u2018Fabricante do M\u00eas\u2019 \u00e9 uma aposta, claramente, ganha\u201d, Armindo Rom\u00e3o, Auto Delta - Jornal das Oficinas<\/title>\n<meta name=\"robots\" content=\"index, follow, max-snippet:-1, max-image-preview:large, max-video-preview:-1\" \/>\n<link rel=\"canonical\" href=\"https:\/\/jornaldasoficinas.com\/pt\/a-campanha-fabricante-do-mes-e-uma-aposta-claramente-ganha-armindo-romao-auto-delta\/\" \/>\n<meta property=\"og:locale\" content=\"pt_PT\" \/>\n<meta property=\"og:type\" content=\"article\" \/>\n<meta property=\"og:title\" content=\"\u201cA campanha \u2018Fabricante do M\u00eas\u2019 \u00e9 uma aposta, claramente, ganha\u201d, Armindo Rom\u00e3o, Auto Delta - Jornal das Oficinas\" \/>\n<meta property=\"og:description\" content=\"Extenso portef\u00f3lio de produtos, seriedade nas...\" \/>\n<meta property=\"og:url\" content=\"https:\/\/jornaldasoficinas.com\/pt\/a-campanha-fabricante-do-mes-e-uma-aposta-claramente-ganha-armindo-romao-auto-delta\/\" \/>\n<meta property=\"og:site_name\" content=\"Jornal das Oficinas\" \/>\n<meta property=\"article:publisher\" content=\"https:\/\/www.facebook.com\/jornaloficinas\" \/>\n<meta property=\"article:published_time\" content=\"2020-03-05T10:33:09+00:00\" \/>\n<meta property=\"article:modified_time\" content=\"2020-03-05T10:35:02+00:00\" \/>\n<meta property=\"og:image\" content=\"https:\/\/jornaldasoficinas.com\/pt\/wp-content\/uploads\/2020\/03\/Armindo-Roma\u0303ook.png\" \/>\n\t<meta property=\"og:image:width\" content=\"1024\" \/>\n\t<meta property=\"og:image:height\" content=\"581\" \/>\n\t<meta property=\"og:image:type\" content=\"image\/png\" \/>\n<meta name=\"author\" content=\"Reda\u00e7\u00e3o JO\" \/>\n<meta name=\"twitter:card\" content=\"summary_large_image\" \/>\n<meta name=\"twitter:creator\" content=\"@jornaloficinas\" \/>\n<meta name=\"twitter:site\" content=\"@jornaloficinas\" \/>\n<meta name=\"twitter:label1\" content=\"Escrito por\" \/>\n\t<meta name=\"twitter:data1\" content=\"Reda\u00e7\u00e3o JO\" \/>\n\t<meta name=\"twitter:label2\" content=\"Tempo estimado de leitura\" \/>\n\t<meta name=\"twitter:data2\" content=\"7 minutos\" \/>\n<script type=\"application\/ld+json\" class=\"yoast-schema-graph\">{\"@context\":\"https:\\\/\\\/schema.org\",\"@graph\":[{\"@type\":\"Article\",\"@id\":\"https:\\\/\\\/jornaldasoficinas.com\\\/pt\\\/a-campanha-fabricante-do-mes-e-uma-aposta-claramente-ganha-armindo-romao-auto-delta\\\/#article\",\"isPartOf\":{\"@id\":\"https:\\\/\\\/jornaldasoficinas.com\\\/pt\\\/a-campanha-fabricante-do-mes-e-uma-aposta-claramente-ganha-armindo-romao-auto-delta\\\/\"},\"author\":{\"name\":\"Reda\u00e7\u00e3o JO\",\"@id\":\"https:\\\/\\\/jornaldasoficinas.com\\\/pt\\\/#\\\/schema\\\/person\\\/a38eef5de2c41d9e7c9ac10141afddf3\"},\"headline\":\"\u201cA campanha \u2018Fabricante do M\u00eas\u2019 \u00e9 uma aposta, claramente, ganha\u201d, Armindo Rom\u00e3o, Auto Delta\",\"datePublished\":\"2020-03-05T10:33:09+00:00\",\"dateModified\":\"2020-03-05T10:35:02+00:00\",\"mainEntityOfPage\":{\"@id\":\"https:\\\/\\\/jornaldasoficinas.com\\\/pt\\\/a-campanha-fabricante-do-mes-e-uma-aposta-claramente-ganha-armindo-romao-auto-delta\\\/\"},\"wordCount\":1358,\"publisher\":{\"@id\":\"https:\\\/\\\/jornaldasoficinas.com\\\/pt\\\/#organization\"},\"image\":{\"@id\":\"https:\\\/\\\/jornaldasoficinas.com\\\/pt\\\/a-campanha-fabricante-do-mes-e-uma-aposta-claramente-ganha-armindo-romao-auto-delta\\\/#primaryimage\"},\"thumbnailUrl\":\"https:\\\/\\\/jornaldasoficinas.com\\\/pt\\\/wp-content\\\/uploads\\\/2020\\\/03\\\/Armindo-Roma\u0303ook.png\",\"keywords\":[\"Auto Delta\",\"CGA Car Service\",\"Distribui\u00e7\u00e3o\",\"Grupo CGA\",\"MEYLE\",\"Official MEYLE Dealer\",\"OMD\"],\"articleSection\":[\"Entrevistas\"],\"inLanguage\":\"pt-PT\"},{\"@type\":\"WebPage\",\"@id\":\"https:\\\/\\\/jornaldasoficinas.com\\\/pt\\\/a-campanha-fabricante-do-mes-e-uma-aposta-claramente-ganha-armindo-romao-auto-delta\\\/\",\"url\":\"https:\\\/\\\/jornaldasoficinas.com\\\/pt\\\/a-campanha-fabricante-do-mes-e-uma-aposta-claramente-ganha-armindo-romao-auto-delta\\\/\",\"name\":\"\u201cA campanha \u2018Fabricante do M\u00eas\u2019 \u00e9 uma aposta, claramente, ganha\u201d, Armindo Rom\u00e3o, Auto Delta - Jornal das Oficinas\",\"isPartOf\":{\"@id\":\"https:\\\/\\\/jornaldasoficinas.com\\\/pt\\\/#website\"},\"primaryImageOfPage\":{\"@id\":\"https:\\\/\\\/jornaldasoficinas.com\\\/pt\\\/a-campanha-fabricante-do-mes-e-uma-aposta-claramente-ganha-armindo-romao-auto-delta\\\/#primaryimage\"},\"image\":{\"@id\":\"https:\\\/\\\/jornaldasoficinas.com\\\/pt\\\/a-campanha-fabricante-do-mes-e-uma-aposta-claramente-ganha-armindo-romao-auto-delta\\\/#primaryimage\"},\"thumbnailUrl\":\"https:\\\/\\\/jornaldasoficinas.com\\\/pt\\\/wp-content\\\/uploads\\\/2020\\\/03\\\/Armindo-Roma\u0303ook.png\",\"datePublished\":\"2020-03-05T10:33:09+00:00\",\"dateModified\":\"2020-03-05T10:35:02+00:00\",\"breadcrumb\":{\"@id\":\"https:\\\/\\\/jornaldasoficinas.com\\\/pt\\\/a-campanha-fabricante-do-mes-e-uma-aposta-claramente-ganha-armindo-romao-auto-delta\\\/#breadcrumb\"},\"inLanguage\":\"pt-PT\",\"potentialAction\":[{\"@type\":\"ReadAction\",\"target\":[\"https:\\\/\\\/jornaldasoficinas.com\\\/pt\\\/a-campanha-fabricante-do-mes-e-uma-aposta-claramente-ganha-armindo-romao-auto-delta\\\/\"]}]},{\"@type\":\"ImageObject\",\"inLanguage\":\"pt-PT\",\"@id\":\"https:\\\/\\\/jornaldasoficinas.com\\\/pt\\\/a-campanha-fabricante-do-mes-e-uma-aposta-claramente-ganha-armindo-romao-auto-delta\\\/#primaryimage\",\"url\":\"https:\\\/\\\/jornaldasoficinas.com\\\/pt\\\/wp-content\\\/uploads\\\/2020\\\/03\\\/Armindo-Roma\u0303ook.png\",\"contentUrl\":\"https:\\\/\\\/jornaldasoficinas.com\\\/pt\\\/wp-content\\\/uploads\\\/2020\\\/03\\\/Armindo-Roma\u0303ook.png\",\"width\":1024,\"height\":581,\"caption\":\"03 - Armindo-Roma\u0303ook\"},{\"@type\":\"BreadcrumbList\",\"@id\":\"https:\\\/\\\/jornaldasoficinas.com\\\/pt\\\/a-campanha-fabricante-do-mes-e-uma-aposta-claramente-ganha-armindo-romao-auto-delta\\\/#breadcrumb\",\"itemListElement\":[{\"@type\":\"ListItem\",\"position\":1,\"name\":\"In\u00edcio\",\"item\":\"https:\\\/\\\/jornaldasoficinas.com\\\/pt\\\/\"},{\"@type\":\"ListItem\",\"position\":2,\"name\":\"\u201cA campanha \u2018Fabricante do M\u00eas\u2019 \u00e9 uma aposta, claramente, ganha\u201d, Armindo Rom\u00e3o, Auto Delta\"}]},{\"@type\":\"WebSite\",\"@id\":\"https:\\\/\\\/jornaldasoficinas.com\\\/pt\\\/#website\",\"url\":\"https:\\\/\\\/jornaldasoficinas.com\\\/pt\\\/\",\"name\":\"Jornal das Oficinas\",\"description\":\"Jornal independente do Aftermarket Autom\u00f3vel em Portugal\",\"publisher\":{\"@id\":\"https:\\\/\\\/jornaldasoficinas.com\\\/pt\\\/#organization\"},\"potentialAction\":[{\"@type\":\"SearchAction\",\"target\":{\"@type\":\"EntryPoint\",\"urlTemplate\":\"https:\\\/\\\/jornaldasoficinas.com\\\/pt\\\/?s={search_term_string}\"},\"query-input\":{\"@type\":\"PropertyValueSpecification\",\"valueRequired\":true,\"valueName\":\"search_term_string\"}}],\"inLanguage\":\"pt-PT\"},{\"@type\":\"Organization\",\"@id\":\"https:\\\/\\\/jornaldasoficinas.com\\\/pt\\\/#organization\",\"name\":\"Jornal das Oficinas\",\"url\":\"https:\\\/\\\/jornaldasoficinas.com\\\/pt\\\/\",\"logo\":{\"@type\":\"ImageObject\",\"inLanguage\":\"pt-PT\",\"@id\":\"https:\\\/\\\/jornaldasoficinas.com\\\/pt\\\/#\\\/schema\\\/logo\\\/image\\\/\",\"url\":\"https:\\\/\\\/jornaldasoficinas.com\\\/pt\\\/wp-content\\\/uploads\\\/logoJO-SEO.png\",\"contentUrl\":\"https:\\\/\\\/jornaldasoficinas.com\\\/pt\\\/wp-content\\\/uploads\\\/logoJO-SEO.png\",\"width\":285,\"height\":450,\"caption\":\"Jornal das Oficinas\"},\"image\":{\"@id\":\"https:\\\/\\\/jornaldasoficinas.com\\\/pt\\\/#\\\/schema\\\/logo\\\/image\\\/\"},\"sameAs\":[\"https:\\\/\\\/www.facebook.com\\\/jornaloficinas\",\"https:\\\/\\\/x.com\\\/jornaloficinas\",\"https:\\\/\\\/www.instagram.com\\\/jornal_oficinas\\\/\",\"https:\\\/\\\/www.linkedin.com\\\/company\\\/jornal-das-oficinas\\\/\",\"https:\\\/\\\/www.youtube.com\\\/channel\\\/UCbQZBqtcvV-oSQrr7RzINGg\"]},{\"@type\":\"Person\",\"@id\":\"https:\\\/\\\/jornaldasoficinas.com\\\/pt\\\/#\\\/schema\\\/person\\\/a38eef5de2c41d9e7c9ac10141afddf3\",\"name\":\"Reda\u00e7\u00e3o JO\",\"image\":{\"@type\":\"ImageObject\",\"inLanguage\":\"pt-PT\",\"@id\":\"https:\\\/\\\/secure.gravatar.com\\\/avatar\\\/71f2fa71737ad68a84fea94bc708ddac8ea5b0c4788dc2ad202f3ccb2887742f?s=96&d=wp_user_avatar&r=g\",\"url\":\"https:\\\/\\\/secure.gravatar.com\\\/avatar\\\/71f2fa71737ad68a84fea94bc708ddac8ea5b0c4788dc2ad202f3ccb2887742f?s=96&d=wp_user_avatar&r=g\",\"contentUrl\":\"https:\\\/\\\/secure.gravatar.com\\\/avatar\\\/71f2fa71737ad68a84fea94bc708ddac8ea5b0c4788dc2ad202f3ccb2887742f?s=96&d=wp_user_avatar&r=g\",\"caption\":\"Reda\u00e7\u00e3o JO\"},\"url\":\"https:\\\/\\\/jornaldasoficinas.com\\\/pt\\\/author\\\/joredacao\\\/\"}]}<\/script>\n<!-- \/ Yoast SEO plugin. -->","yoast_head_json":{"title":"\u201cA campanha \u2018Fabricante do M\u00eas\u2019 \u00e9 uma aposta, claramente, ganha\u201d, Armindo Rom\u00e3o, Auto Delta - Jornal das Oficinas","robots":{"index":"index","follow":"follow","max-snippet":"max-snippet:-1","max-image-preview":"max-image-preview:large","max-video-preview":"max-video-preview:-1"},"canonical":"https:\/\/jornaldasoficinas.com\/pt\/a-campanha-fabricante-do-mes-e-uma-aposta-claramente-ganha-armindo-romao-auto-delta\/","og_locale":"pt_PT","og_type":"article","og_title":"\u201cA campanha \u2018Fabricante do M\u00eas\u2019 \u00e9 uma aposta, claramente, ganha\u201d, Armindo Rom\u00e3o, Auto Delta - Jornal das Oficinas","og_description":"Extenso portef\u00f3lio de produtos, seriedade nas...","og_url":"https:\/\/jornaldasoficinas.com\/pt\/a-campanha-fabricante-do-mes-e-uma-aposta-claramente-ganha-armindo-romao-auto-delta\/","og_site_name":"Jornal das Oficinas","article_publisher":"https:\/\/www.facebook.com\/jornaloficinas","article_published_time":"2020-03-05T10:33:09+00:00","article_modified_time":"2020-03-05T10:35:02+00:00","og_image":[{"width":1024,"height":581,"url":"https:\/\/jornaldasoficinas.com\/pt\/wp-content\/uploads\/2020\/03\/Armindo-Roma\u0303ook.png","type":"image\/png"}],"author":"Reda\u00e7\u00e3o JO","twitter_card":"summary_large_image","twitter_creator":"@jornaloficinas","twitter_site":"@jornaloficinas","twitter_misc":{"Escrito por":"Reda\u00e7\u00e3o JO","Tempo estimado de leitura":"7 minutos"},"schema":{"@context":"https:\/\/schema.org","@graph":[{"@type":"Article","@id":"https:\/\/jornaldasoficinas.com\/pt\/a-campanha-fabricante-do-mes-e-uma-aposta-claramente-ganha-armindo-romao-auto-delta\/#article","isPartOf":{"@id":"https:\/\/jornaldasoficinas.com\/pt\/a-campanha-fabricante-do-mes-e-uma-aposta-claramente-ganha-armindo-romao-auto-delta\/"},"author":{"name":"Reda\u00e7\u00e3o JO","@id":"https:\/\/jornaldasoficinas.com\/pt\/#\/schema\/person\/a38eef5de2c41d9e7c9ac10141afddf3"},"headline":"\u201cA campanha \u2018Fabricante do M\u00eas\u2019 \u00e9 uma aposta, claramente, ganha\u201d, Armindo Rom\u00e3o, Auto Delta","datePublished":"2020-03-05T10:33:09+00:00","dateModified":"2020-03-05T10:35:02+00:00","mainEntityOfPage":{"@id":"https:\/\/jornaldasoficinas.com\/pt\/a-campanha-fabricante-do-mes-e-uma-aposta-claramente-ganha-armindo-romao-auto-delta\/"},"wordCount":1358,"publisher":{"@id":"https:\/\/jornaldasoficinas.com\/pt\/#organization"},"image":{"@id":"https:\/\/jornaldasoficinas.com\/pt\/a-campanha-fabricante-do-mes-e-uma-aposta-claramente-ganha-armindo-romao-auto-delta\/#primaryimage"},"thumbnailUrl":"https:\/\/jornaldasoficinas.com\/pt\/wp-content\/uploads\/2020\/03\/Armindo-Roma\u0303ook.png","keywords":["Auto Delta","CGA Car Service","Distribui\u00e7\u00e3o","Grupo CGA","MEYLE","Official MEYLE Dealer","OMD"],"articleSection":["Entrevistas"],"inLanguage":"pt-PT"},{"@type":"WebPage","@id":"https:\/\/jornaldasoficinas.com\/pt\/a-campanha-fabricante-do-mes-e-uma-aposta-claramente-ganha-armindo-romao-auto-delta\/","url":"https:\/\/jornaldasoficinas.com\/pt\/a-campanha-fabricante-do-mes-e-uma-aposta-claramente-ganha-armindo-romao-auto-delta\/","name":"\u201cA campanha \u2018Fabricante do M\u00eas\u2019 \u00e9 uma aposta, claramente, ganha\u201d, Armindo Rom\u00e3o, Auto Delta - Jornal das Oficinas","isPartOf":{"@id":"https:\/\/jornaldasoficinas.com\/pt\/#website"},"primaryImageOfPage":{"@id":"https:\/\/jornaldasoficinas.com\/pt\/a-campanha-fabricante-do-mes-e-uma-aposta-claramente-ganha-armindo-romao-auto-delta\/#primaryimage"},"image":{"@id":"https:\/\/jornaldasoficinas.com\/pt\/a-campanha-fabricante-do-mes-e-uma-aposta-claramente-ganha-armindo-romao-auto-delta\/#primaryimage"},"thumbnailUrl":"https:\/\/jornaldasoficinas.com\/pt\/wp-content\/uploads\/2020\/03\/Armindo-Roma\u0303ook.png","datePublished":"2020-03-05T10:33:09+00:00","dateModified":"2020-03-05T10:35:02+00:00","breadcrumb":{"@id":"https:\/\/jornaldasoficinas.com\/pt\/a-campanha-fabricante-do-mes-e-uma-aposta-claramente-ganha-armindo-romao-auto-delta\/#breadcrumb"},"inLanguage":"pt-PT","potentialAction":[{"@type":"ReadAction","target":["https:\/\/jornaldasoficinas.com\/pt\/a-campanha-fabricante-do-mes-e-uma-aposta-claramente-ganha-armindo-romao-auto-delta\/"]}]},{"@type":"ImageObject","inLanguage":"pt-PT","@id":"https:\/\/jornaldasoficinas.com\/pt\/a-campanha-fabricante-do-mes-e-uma-aposta-claramente-ganha-armindo-romao-auto-delta\/#primaryimage","url":"https:\/\/jornaldasoficinas.com\/pt\/wp-content\/uploads\/2020\/03\/Armindo-Roma\u0303ook.png","contentUrl":"https:\/\/jornaldasoficinas.com\/pt\/wp-content\/uploads\/2020\/03\/Armindo-Roma\u0303ook.png","width":1024,"height":581,"caption":"03 - Armindo-Roma\u0303ook"},{"@type":"BreadcrumbList","@id":"https:\/\/jornaldasoficinas.com\/pt\/a-campanha-fabricante-do-mes-e-uma-aposta-claramente-ganha-armindo-romao-auto-delta\/#breadcrumb","itemListElement":[{"@type":"ListItem","position":1,"name":"In\u00edcio","item":"https:\/\/jornaldasoficinas.com\/pt\/"},{"@type":"ListItem","position":2,"name":"\u201cA campanha \u2018Fabricante do M\u00eas\u2019 \u00e9 uma aposta, claramente, ganha\u201d, Armindo Rom\u00e3o, Auto Delta"}]},{"@type":"WebSite","@id":"https:\/\/jornaldasoficinas.com\/pt\/#website","url":"https:\/\/jornaldasoficinas.com\/pt\/","name":"Jornal das Oficinas","description":"Jornal independente do Aftermarket Autom\u00f3vel em Portugal","publisher":{"@id":"https:\/\/jornaldasoficinas.com\/pt\/#organization"},"potentialAction":[{"@type":"SearchAction","target":{"@type":"EntryPoint","urlTemplate":"https:\/\/jornaldasoficinas.com\/pt\/?s={search_term_string}"},"query-input":{"@type":"PropertyValueSpecification","valueRequired":true,"valueName":"search_term_string"}}],"inLanguage":"pt-PT"},{"@type":"Organization","@id":"https:\/\/jornaldasoficinas.com\/pt\/#organization","name":"Jornal das Oficinas","url":"https:\/\/jornaldasoficinas.com\/pt\/","logo":{"@type":"ImageObject","inLanguage":"pt-PT","@id":"https:\/\/jornaldasoficinas.com\/pt\/#\/schema\/logo\/image\/","url":"https:\/\/jornaldasoficinas.com\/pt\/wp-content\/uploads\/logoJO-SEO.png","contentUrl":"https:\/\/jornaldasoficinas.com\/pt\/wp-content\/uploads\/logoJO-SEO.png","width":285,"height":450,"caption":"Jornal das Oficinas"},"image":{"@id":"https:\/\/jornaldasoficinas.com\/pt\/#\/schema\/logo\/image\/"},"sameAs":["https:\/\/www.facebook.com\/jornaloficinas","https:\/\/x.com\/jornaloficinas","https:\/\/www.instagram.com\/jornal_oficinas\/","https:\/\/www.linkedin.com\/company\/jornal-das-oficinas\/","https:\/\/www.youtube.com\/channel\/UCbQZBqtcvV-oSQrr7RzINGg"]},{"@type":"Person","@id":"https:\/\/jornaldasoficinas.com\/pt\/#\/schema\/person\/a38eef5de2c41d9e7c9ac10141afddf3","name":"Reda\u00e7\u00e3o JO","image":{"@type":"ImageObject","inLanguage":"pt-PT","@id":"https:\/\/secure.gravatar.com\/avatar\/71f2fa71737ad68a84fea94bc708ddac8ea5b0c4788dc2ad202f3ccb2887742f?s=96&d=wp_user_avatar&r=g","url":"https:\/\/secure.gravatar.com\/avatar\/71f2fa71737ad68a84fea94bc708ddac8ea5b0c4788dc2ad202f3ccb2887742f?s=96&d=wp_user_avatar&r=g","contentUrl":"https:\/\/secure.gravatar.com\/avatar\/71f2fa71737ad68a84fea94bc708ddac8ea5b0c4788dc2ad202f3ccb2887742f?s=96&d=wp_user_avatar&r=g","caption":"Reda\u00e7\u00e3o JO"},"url":"https:\/\/jornaldasoficinas.com\/pt\/author\/joredacao\/"}]}},"_links":{"self":[{"href":"https:\/\/jornaldasoficinas.com\/pt\/wp-json\/wp\/v2\/posts\/10463","targetHints":{"allow":["GET"]}}],"collection":[{"href":"https:\/\/jornaldasoficinas.com\/pt\/wp-json\/wp\/v2\/posts"}],"about":[{"href":"https:\/\/jornaldasoficinas.com\/pt\/wp-json\/wp\/v2\/types\/post"}],"author":[{"embeddable":true,"href":"https:\/\/jornaldasoficinas.com\/pt\/wp-json\/wp\/v2\/users\/15"}],"replies":[{"embeddable":true,"href":"https:\/\/jornaldasoficinas.com\/pt\/wp-json\/wp\/v2\/comments?post=10463"}],"version-history":[{"count":0,"href":"https:\/\/jornaldasoficinas.com\/pt\/wp-json\/wp\/v2\/posts\/10463\/revisions"}],"wp:featuredmedia":[{"embeddable":true,"href":"https:\/\/jornaldasoficinas.com\/pt\/wp-json\/wp\/v2\/media\/10462"}],"wp:attachment":[{"href":"https:\/\/jornaldasoficinas.com\/pt\/wp-json\/wp\/v2\/media?parent=10463"}],"wp:term":[{"taxonomy":"category","embeddable":true,"href":"https:\/\/jornaldasoficinas.com\/pt\/wp-json\/wp\/v2\/categories?post=10463"},{"taxonomy":"post_tag","embeddable":true,"href":"https:\/\/jornaldasoficinas.com\/pt\/wp-json\/wp\/v2\/tags?post=10463"}],"curies":[{"name":"wp","href":"https:\/\/api.w.org\/{rel}","templated":true}]}}