{"id":104632,"date":"2025-07-21T14:00:01","date_gmt":"2025-07-21T13:00:01","guid":{"rendered":"https:\/\/jornaldasoficinas.com\/pt\/?p=104632"},"modified":"2025-07-21T10:51:42","modified_gmt":"2025-07-21T09:51:42","slug":"napa-chega-as-canarias-com-o-grupo-directo","status":"publish","type":"post","link":"https:\/\/jornaldasoficinas.com\/pt\/napa-chega-as-canarias-com-o-grupo-directo\/","title":{"rendered":"NAPA chega \u00e0s Can\u00e1rias com o Grupo Directo"},"content":{"rendered":"<p><strong><img loading=\"lazy\" decoding=\"async\" class=\"alignnone size-full wp-image-104636\" src=\"https:\/\/jornaldasoficinas.com\/pt\/wp-content\/uploads\/2025\/07\/NAPA-chega-as-Canarias-com-o-Grupo-Directo-como-parceiro.jpg\" alt=\"07 - NAPA chega as Canarias com o Grupo Directo como parceiro\" width=\"1024\" height=\"581\" srcset=\"https:\/\/jornaldasoficinas.com\/pt\/wp-content\/uploads\/2025\/07\/NAPA-chega-as-Canarias-com-o-Grupo-Directo-como-parceiro.jpg 1024w, https:\/\/jornaldasoficinas.com\/pt\/wp-content\/uploads\/2025\/07\/NAPA-chega-as-Canarias-com-o-Grupo-Directo-como-parceiro-300x170.jpg 300w, https:\/\/jornaldasoficinas.com\/pt\/wp-content\/uploads\/2025\/07\/NAPA-chega-as-Canarias-com-o-Grupo-Directo-como-parceiro-150x85.jpg 150w, https:\/\/jornaldasoficinas.com\/pt\/wp-content\/uploads\/2025\/07\/NAPA-chega-as-Canarias-com-o-Grupo-Directo-como-parceiro-768x436.jpg 768w\" sizes=\"auto, (max-width: 1024px) 100vw, 1024px\" \/><\/strong><\/p>\n<p><strong>A <a href=\"https:\/\/www.napaautoparts.es\/\" target=\"_blank\" rel=\"noopener\">NAPA<\/a>, marca global de pe\u00e7as autom\u00f3veis, iniciou opera\u00e7\u00f5es nas Can\u00e1rias com o Grupo Directo como distribuidor oficial. A parceria promete modernizar o setor local com um vasto cat\u00e1logo e servi\u00e7o t\u00e9cnico especializado\u00a0<\/strong><\/p>\n<p>A NAPA, marca global de pe\u00e7as de substitui\u00e7\u00e3o e considerada uma das mais prestigiadas do setor autom\u00f3vel, iniciou oficialmente as suas opera\u00e7\u00f5es nas Ilhas Can\u00e1rias. Para isso, conta com o Grupo Directo como distribuidor oficial no arquip\u00e9lago &#8211; uma empresa especializada na distribui\u00e7\u00e3o de pe\u00e7as, lubrificantes, bateriais e l\u00edquidos de refrigera\u00e7\u00e3o para ve\u00edculos ligeiros.<\/p>\n<p>Integrado na <a href=\"https:\/\/www.archiauto.com\/\" target=\"_blank\" rel=\"noopener\">Archiauto<\/a>, o Grupo Directo traz consigo uma forte experi\u00eancia log\u00edstica, rapidez na entrega e um servi\u00e7o ao cliente focado na qualidade. a apresenta\u00e7\u00e3o oficial da parceira decorreu nas instala\u00e7\u00f5es\u00a0da Archiauto em Santa Cruz de Tenerife, num evento que contou com a presen\u00e7a da dire\u00e7\u00e3o da Archiauto, representantes da Directo e da equipa da NAPA Espanha.<\/p>\n<p>Fundada em 1925 nos Estados Unidos, a NAPA (National Automotive Parts Association) afirmou-se como uma das marcas mais reconhecidas e valorizadas do mundo. A sua expans\u00e3o internacional \u00e9 apoiada por uma poderosa rede de distribui\u00e7\u00e3o e pela sua participa\u00e7\u00e3o no grupo GPC (Genuine Parts Company), um dos gigantes globais do mercado de pe\u00e7as de substitui\u00e7\u00e3o. Na Europa, opera atrav\u00e9s do Alliance Automotive Group, presente em Espanha desde a aquisi\u00e7\u00e3o da Lausan.<\/p>\n<p>A NAPA chega \u00e0s Can\u00e1rias com um extenso cat\u00e1logo que abrange todas as necessidades da frota autom\u00f3vel: baterias, amortecedores, filtros, escovas limpa-para-brisas, kits de correia de distribui\u00e7\u00e3o, rolamentos, componentes de suspens\u00e3o, l\u00e2mpadas, limpa-vidros, transmiss\u00f5es, refrigera\u00e7\u00e3o e muito mais.<\/p>\n<p>&#8220;Este lan\u00e7amento refor\u00e7a a estrat\u00e9gia do Alliance Automotive Group de expandir o modelo NAPA por toda a Espanha, com foco em distribuidores locais, como a DIRECTO, capazes de oferecer um servi\u00e7o r\u00e1pido, t\u00e9cnico e amig\u00e1vel&#8221;, sublinhou a empresa.<\/p>\n<p>&#8220;Com este acordo, o setor autom\u00f3vel das Can\u00e1rias d\u00e1 um passo decisivo rumo \u00e0 moderniza\u00e7\u00e3o, ao acesso a solu\u00e7\u00f5es de alto n\u00edvel e \u00e0 profissionaliza\u00e7\u00e3o da sua rede de oficinas&#8221;, concluiu.<\/p>\n","protected":false},"excerpt":{"rendered":"<p>A NAPA, marca global de pe\u00e7as&#8230;<\/p>\n","protected":false},"author":15,"featured_media":104636,"comment_status":"closed","ping_status":"closed","sticky":false,"template":"","format":"standard","meta":{"footnotes":""},"categories":[29],"tags":[13176,3157,13175,4140,4590,13177,13178],"class_list":["post-104632","post","type-post","status-publish","format-standard","has-post-thumbnail","hentry","category-empresas","tag-archiauto","tag-distribuicao-de-pecas","tag-grupo-directo","tag-napa","tag-parceiro-oficial","tag-servico-tecnico-especializado","tag-vasto-catalogo"],"yoast_head":"<!-- This site is optimized with the Yoast SEO plugin v27.4 - https:\/\/yoast.com\/product\/yoast-seo-wordpress\/ -->\n<title>NAPA chega \u00e0s Can\u00e1rias com o Grupo Directo - Jornal das Oficinas<\/title>\n<meta name=\"description\" content=\"A NAPA, marca global de pe\u00e7as autom\u00f3veis, iniciou opera\u00e7\u00f5es nas Can\u00e1rias com o Grupo Directo como distribuidor oficial\" \/>\n<meta name=\"robots\" content=\"index, follow, max-snippet:-1, max-image-preview:large, max-video-preview:-1\" \/>\n<link rel=\"canonical\" href=\"https:\/\/jornaldasoficinas.com\/pt\/napa-chega-as-canarias-com-o-grupo-directo\/\" \/>\n<meta property=\"og:locale\" content=\"pt_PT\" \/>\n<meta property=\"og:type\" content=\"article\" \/>\n<meta property=\"og:title\" content=\"NAPA chega \u00e0s Can\u00e1rias com o Grupo Directo - Jornal das Oficinas\" \/>\n<meta property=\"og:description\" content=\"A NAPA, marca global de pe\u00e7as autom\u00f3veis, iniciou opera\u00e7\u00f5es nas Can\u00e1rias com o Grupo Directo como distribuidor oficial\" \/>\n<meta property=\"og:url\" content=\"https:\/\/jornaldasoficinas.com\/pt\/napa-chega-as-canarias-com-o-grupo-directo\/\" \/>\n<meta property=\"og:site_name\" content=\"Jornal das Oficinas\" \/>\n<meta property=\"article:publisher\" content=\"https:\/\/www.facebook.com\/jornaloficinas\" \/>\n<meta property=\"article:published_time\" content=\"2025-07-21T13:00:01+00:00\" \/>\n<meta property=\"og:image\" content=\"https:\/\/jornaldasoficinas.com\/pt\/wp-content\/uploads\/2025\/07\/NAPA-chega-as-Canarias-com-o-Grupo-Directo-como-parceiro.jpg\" \/>\n\t<meta property=\"og:image:width\" content=\"1024\" \/>\n\t<meta property=\"og:image:height\" content=\"581\" \/>\n\t<meta property=\"og:image:type\" content=\"image\/jpeg\" \/>\n<meta name=\"author\" content=\"Reda\u00e7\u00e3o JO\" \/>\n<meta name=\"twitter:card\" content=\"summary_large_image\" \/>\n<meta name=\"twitter:creator\" content=\"@jornaloficinas\" \/>\n<meta name=\"twitter:site\" content=\"@jornaloficinas\" \/>\n<meta name=\"twitter:label1\" content=\"Escrito por\" \/>\n\t<meta name=\"twitter:data1\" content=\"Reda\u00e7\u00e3o JO\" \/>\n\t<meta name=\"twitter:label2\" content=\"Tempo estimado de leitura\" \/>\n\t<meta name=\"twitter:data2\" content=\"3 minutos\" \/>\n<script type=\"application\/ld+json\" class=\"yoast-schema-graph\">{\"@context\":\"https:\\\/\\\/schema.org\",\"@graph\":[{\"@type\":\"Article\",\"@id\":\"https:\\\/\\\/jornaldasoficinas.com\\\/pt\\\/napa-chega-as-canarias-com-o-grupo-directo\\\/#article\",\"isPartOf\":{\"@id\":\"https:\\\/\\\/jornaldasoficinas.com\\\/pt\\\/napa-chega-as-canarias-com-o-grupo-directo\\\/\"},\"author\":{\"name\":\"Reda\u00e7\u00e3o JO\",\"@id\":\"https:\\\/\\\/jornaldasoficinas.com\\\/pt\\\/#\\\/schema\\\/person\\\/a38eef5de2c41d9e7c9ac10141afddf3\"},\"headline\":\"NAPA chega \u00e0s Can\u00e1rias com o Grupo Directo\",\"datePublished\":\"2025-07-21T13:00:01+00:00\",\"mainEntityOfPage\":{\"@id\":\"https:\\\/\\\/jornaldasoficinas.com\\\/pt\\\/napa-chega-as-canarias-com-o-grupo-directo\\\/\"},\"wordCount\":381,\"publisher\":{\"@id\":\"https:\\\/\\\/jornaldasoficinas.com\\\/pt\\\/#organization\"},\"image\":{\"@id\":\"https:\\\/\\\/jornaldasoficinas.com\\\/pt\\\/napa-chega-as-canarias-com-o-grupo-directo\\\/#primaryimage\"},\"thumbnailUrl\":\"https:\\\/\\\/jornaldasoficinas.com\\\/pt\\\/wp-content\\\/uploads\\\/2025\\\/07\\\/NAPA-chega-as-Canarias-com-o-Grupo-Directo-como-parceiro.jpg\",\"keywords\":[\"Archiauto\",\"Distribui\u00e7\u00e3o de pe\u00e7as\",\"Grupo Directo\",\"NAPA\",\"Parceiro Oficial\",\"servi\u00e7o t\u00e9cnico especializado\",\"vasto cat\u00e1logo\"],\"articleSection\":[\"Empresas\"],\"inLanguage\":\"pt-PT\"},{\"@type\":\"WebPage\",\"@id\":\"https:\\\/\\\/jornaldasoficinas.com\\\/pt\\\/napa-chega-as-canarias-com-o-grupo-directo\\\/\",\"url\":\"https:\\\/\\\/jornaldasoficinas.com\\\/pt\\\/napa-chega-as-canarias-com-o-grupo-directo\\\/\",\"name\":\"NAPA chega \u00e0s Can\u00e1rias com o Grupo Directo - Jornal das Oficinas\",\"isPartOf\":{\"@id\":\"https:\\\/\\\/jornaldasoficinas.com\\\/pt\\\/#website\"},\"primaryImageOfPage\":{\"@id\":\"https:\\\/\\\/jornaldasoficinas.com\\\/pt\\\/napa-chega-as-canarias-com-o-grupo-directo\\\/#primaryimage\"},\"image\":{\"@id\":\"https:\\\/\\\/jornaldasoficinas.com\\\/pt\\\/napa-chega-as-canarias-com-o-grupo-directo\\\/#primaryimage\"},\"thumbnailUrl\":\"https:\\\/\\\/jornaldasoficinas.com\\\/pt\\\/wp-content\\\/uploads\\\/2025\\\/07\\\/NAPA-chega-as-Canarias-com-o-Grupo-Directo-como-parceiro.jpg\",\"datePublished\":\"2025-07-21T13:00:01+00:00\",\"description\":\"A NAPA, marca global de pe\u00e7as autom\u00f3veis, iniciou opera\u00e7\u00f5es nas Can\u00e1rias com o Grupo Directo como distribuidor oficial\",\"breadcrumb\":{\"@id\":\"https:\\\/\\\/jornaldasoficinas.com\\\/pt\\\/napa-chega-as-canarias-com-o-grupo-directo\\\/#breadcrumb\"},\"inLanguage\":\"pt-PT\",\"potentialAction\":[{\"@type\":\"ReadAction\",\"target\":[\"https:\\\/\\\/jornaldasoficinas.com\\\/pt\\\/napa-chega-as-canarias-com-o-grupo-directo\\\/\"]}]},{\"@type\":\"ImageObject\",\"inLanguage\":\"pt-PT\",\"@id\":\"https:\\\/\\\/jornaldasoficinas.com\\\/pt\\\/napa-chega-as-canarias-com-o-grupo-directo\\\/#primaryimage\",\"url\":\"https:\\\/\\\/jornaldasoficinas.com\\\/pt\\\/wp-content\\\/uploads\\\/2025\\\/07\\\/NAPA-chega-as-Canarias-com-o-Grupo-Directo-como-parceiro.jpg\",\"contentUrl\":\"https:\\\/\\\/jornaldasoficinas.com\\\/pt\\\/wp-content\\\/uploads\\\/2025\\\/07\\\/NAPA-chega-as-Canarias-com-o-Grupo-Directo-como-parceiro.jpg\",\"width\":1024,\"height\":581,\"caption\":\"07 - NAPA chega as Canarias com o Grupo Directo como parceiro\"},{\"@type\":\"BreadcrumbList\",\"@id\":\"https:\\\/\\\/jornaldasoficinas.com\\\/pt\\\/napa-chega-as-canarias-com-o-grupo-directo\\\/#breadcrumb\",\"itemListElement\":[{\"@type\":\"ListItem\",\"position\":1,\"name\":\"In\u00edcio\",\"item\":\"https:\\\/\\\/jornaldasoficinas.com\\\/pt\\\/\"},{\"@type\":\"ListItem\",\"position\":2,\"name\":\"NAPA chega \u00e0s Can\u00e1rias com o Grupo Directo\"}]},{\"@type\":\"WebSite\",\"@id\":\"https:\\\/\\\/jornaldasoficinas.com\\\/pt\\\/#website\",\"url\":\"https:\\\/\\\/jornaldasoficinas.com\\\/pt\\\/\",\"name\":\"Jornal das Oficinas\",\"description\":\"Jornal independente do Aftermarket Autom\u00f3vel em Portugal\",\"publisher\":{\"@id\":\"https:\\\/\\\/jornaldasoficinas.com\\\/pt\\\/#organization\"},\"potentialAction\":[{\"@type\":\"SearchAction\",\"target\":{\"@type\":\"EntryPoint\",\"urlTemplate\":\"https:\\\/\\\/jornaldasoficinas.com\\\/pt\\\/?s={search_term_string}\"},\"query-input\":{\"@type\":\"PropertyValueSpecification\",\"valueRequired\":true,\"valueName\":\"search_term_string\"}}],\"inLanguage\":\"pt-PT\"},{\"@type\":\"Organization\",\"@id\":\"https:\\\/\\\/jornaldasoficinas.com\\\/pt\\\/#organization\",\"name\":\"Jornal das Oficinas\",\"url\":\"https:\\\/\\\/jornaldasoficinas.com\\\/pt\\\/\",\"logo\":{\"@type\":\"ImageObject\",\"inLanguage\":\"pt-PT\",\"@id\":\"https:\\\/\\\/jornaldasoficinas.com\\\/pt\\\/#\\\/schema\\\/logo\\\/image\\\/\",\"url\":\"https:\\\/\\\/jornaldasoficinas.com\\\/pt\\\/wp-content\\\/uploads\\\/logoJO-SEO.png\",\"contentUrl\":\"https:\\\/\\\/jornaldasoficinas.com\\\/pt\\\/wp-content\\\/uploads\\\/logoJO-SEO.png\",\"width\":285,\"height\":450,\"caption\":\"Jornal das Oficinas\"},\"image\":{\"@id\":\"https:\\\/\\\/jornaldasoficinas.com\\\/pt\\\/#\\\/schema\\\/logo\\\/image\\\/\"},\"sameAs\":[\"https:\\\/\\\/www.facebook.com\\\/jornaloficinas\",\"https:\\\/\\\/x.com\\\/jornaloficinas\",\"https:\\\/\\\/www.instagram.com\\\/jornal_oficinas\\\/\",\"https:\\\/\\\/www.linkedin.com\\\/company\\\/jornal-das-oficinas\\\/\",\"https:\\\/\\\/www.youtube.com\\\/channel\\\/UCbQZBqtcvV-oSQrr7RzINGg\"]},{\"@type\":\"Person\",\"@id\":\"https:\\\/\\\/jornaldasoficinas.com\\\/pt\\\/#\\\/schema\\\/person\\\/a38eef5de2c41d9e7c9ac10141afddf3\",\"name\":\"Reda\u00e7\u00e3o JO\",\"image\":{\"@type\":\"ImageObject\",\"inLanguage\":\"pt-PT\",\"@id\":\"https:\\\/\\\/secure.gravatar.com\\\/avatar\\\/71f2fa71737ad68a84fea94bc708ddac8ea5b0c4788dc2ad202f3ccb2887742f?s=96&d=wp_user_avatar&r=g\",\"url\":\"https:\\\/\\\/secure.gravatar.com\\\/avatar\\\/71f2fa71737ad68a84fea94bc708ddac8ea5b0c4788dc2ad202f3ccb2887742f?s=96&d=wp_user_avatar&r=g\",\"contentUrl\":\"https:\\\/\\\/secure.gravatar.com\\\/avatar\\\/71f2fa71737ad68a84fea94bc708ddac8ea5b0c4788dc2ad202f3ccb2887742f?s=96&d=wp_user_avatar&r=g\",\"caption\":\"Reda\u00e7\u00e3o JO\"},\"url\":\"https:\\\/\\\/jornaldasoficinas.com\\\/pt\\\/author\\\/joredacao\\\/\"}]}<\/script>\n<!-- \/ Yoast SEO plugin. -->","yoast_head_json":{"title":"NAPA chega \u00e0s Can\u00e1rias com o Grupo Directo - Jornal das Oficinas","description":"A NAPA, marca global de pe\u00e7as autom\u00f3veis, iniciou opera\u00e7\u00f5es nas Can\u00e1rias com o Grupo Directo como distribuidor oficial","robots":{"index":"index","follow":"follow","max-snippet":"max-snippet:-1","max-image-preview":"max-image-preview:large","max-video-preview":"max-video-preview:-1"},"canonical":"https:\/\/jornaldasoficinas.com\/pt\/napa-chega-as-canarias-com-o-grupo-directo\/","og_locale":"pt_PT","og_type":"article","og_title":"NAPA chega \u00e0s Can\u00e1rias com o Grupo Directo - Jornal das Oficinas","og_description":"A NAPA, marca global de pe\u00e7as autom\u00f3veis, iniciou opera\u00e7\u00f5es nas Can\u00e1rias com o Grupo Directo como distribuidor oficial","og_url":"https:\/\/jornaldasoficinas.com\/pt\/napa-chega-as-canarias-com-o-grupo-directo\/","og_site_name":"Jornal das Oficinas","article_publisher":"https:\/\/www.facebook.com\/jornaloficinas","article_published_time":"2025-07-21T13:00:01+00:00","og_image":[{"width":1024,"height":581,"url":"https:\/\/jornaldasoficinas.com\/pt\/wp-content\/uploads\/2025\/07\/NAPA-chega-as-Canarias-com-o-Grupo-Directo-como-parceiro.jpg","type":"image\/jpeg"}],"author":"Reda\u00e7\u00e3o JO","twitter_card":"summary_large_image","twitter_creator":"@jornaloficinas","twitter_site":"@jornaloficinas","twitter_misc":{"Escrito por":"Reda\u00e7\u00e3o JO","Tempo estimado de leitura":"3 minutos"},"schema":{"@context":"https:\/\/schema.org","@graph":[{"@type":"Article","@id":"https:\/\/jornaldasoficinas.com\/pt\/napa-chega-as-canarias-com-o-grupo-directo\/#article","isPartOf":{"@id":"https:\/\/jornaldasoficinas.com\/pt\/napa-chega-as-canarias-com-o-grupo-directo\/"},"author":{"name":"Reda\u00e7\u00e3o JO","@id":"https:\/\/jornaldasoficinas.com\/pt\/#\/schema\/person\/a38eef5de2c41d9e7c9ac10141afddf3"},"headline":"NAPA chega \u00e0s Can\u00e1rias com o Grupo Directo","datePublished":"2025-07-21T13:00:01+00:00","mainEntityOfPage":{"@id":"https:\/\/jornaldasoficinas.com\/pt\/napa-chega-as-canarias-com-o-grupo-directo\/"},"wordCount":381,"publisher":{"@id":"https:\/\/jornaldasoficinas.com\/pt\/#organization"},"image":{"@id":"https:\/\/jornaldasoficinas.com\/pt\/napa-chega-as-canarias-com-o-grupo-directo\/#primaryimage"},"thumbnailUrl":"https:\/\/jornaldasoficinas.com\/pt\/wp-content\/uploads\/2025\/07\/NAPA-chega-as-Canarias-com-o-Grupo-Directo-como-parceiro.jpg","keywords":["Archiauto","Distribui\u00e7\u00e3o de pe\u00e7as","Grupo Directo","NAPA","Parceiro Oficial","servi\u00e7o t\u00e9cnico especializado","vasto cat\u00e1logo"],"articleSection":["Empresas"],"inLanguage":"pt-PT"},{"@type":"WebPage","@id":"https:\/\/jornaldasoficinas.com\/pt\/napa-chega-as-canarias-com-o-grupo-directo\/","url":"https:\/\/jornaldasoficinas.com\/pt\/napa-chega-as-canarias-com-o-grupo-directo\/","name":"NAPA chega \u00e0s Can\u00e1rias com o Grupo Directo - Jornal das Oficinas","isPartOf":{"@id":"https:\/\/jornaldasoficinas.com\/pt\/#website"},"primaryImageOfPage":{"@id":"https:\/\/jornaldasoficinas.com\/pt\/napa-chega-as-canarias-com-o-grupo-directo\/#primaryimage"},"image":{"@id":"https:\/\/jornaldasoficinas.com\/pt\/napa-chega-as-canarias-com-o-grupo-directo\/#primaryimage"},"thumbnailUrl":"https:\/\/jornaldasoficinas.com\/pt\/wp-content\/uploads\/2025\/07\/NAPA-chega-as-Canarias-com-o-Grupo-Directo-como-parceiro.jpg","datePublished":"2025-07-21T13:00:01+00:00","description":"A NAPA, marca global de pe\u00e7as autom\u00f3veis, iniciou opera\u00e7\u00f5es nas Can\u00e1rias com o Grupo Directo como distribuidor oficial","breadcrumb":{"@id":"https:\/\/jornaldasoficinas.com\/pt\/napa-chega-as-canarias-com-o-grupo-directo\/#breadcrumb"},"inLanguage":"pt-PT","potentialAction":[{"@type":"ReadAction","target":["https:\/\/jornaldasoficinas.com\/pt\/napa-chega-as-canarias-com-o-grupo-directo\/"]}]},{"@type":"ImageObject","inLanguage":"pt-PT","@id":"https:\/\/jornaldasoficinas.com\/pt\/napa-chega-as-canarias-com-o-grupo-directo\/#primaryimage","url":"https:\/\/jornaldasoficinas.com\/pt\/wp-content\/uploads\/2025\/07\/NAPA-chega-as-Canarias-com-o-Grupo-Directo-como-parceiro.jpg","contentUrl":"https:\/\/jornaldasoficinas.com\/pt\/wp-content\/uploads\/2025\/07\/NAPA-chega-as-Canarias-com-o-Grupo-Directo-como-parceiro.jpg","width":1024,"height":581,"caption":"07 - NAPA chega as Canarias com o Grupo Directo como parceiro"},{"@type":"BreadcrumbList","@id":"https:\/\/jornaldasoficinas.com\/pt\/napa-chega-as-canarias-com-o-grupo-directo\/#breadcrumb","itemListElement":[{"@type":"ListItem","position":1,"name":"In\u00edcio","item":"https:\/\/jornaldasoficinas.com\/pt\/"},{"@type":"ListItem","position":2,"name":"NAPA chega \u00e0s Can\u00e1rias com o Grupo Directo"}]},{"@type":"WebSite","@id":"https:\/\/jornaldasoficinas.com\/pt\/#website","url":"https:\/\/jornaldasoficinas.com\/pt\/","name":"Jornal das Oficinas","description":"Jornal independente do Aftermarket Autom\u00f3vel em Portugal","publisher":{"@id":"https:\/\/jornaldasoficinas.com\/pt\/#organization"},"potentialAction":[{"@type":"SearchAction","target":{"@type":"EntryPoint","urlTemplate":"https:\/\/jornaldasoficinas.com\/pt\/?s={search_term_string}"},"query-input":{"@type":"PropertyValueSpecification","valueRequired":true,"valueName":"search_term_string"}}],"inLanguage":"pt-PT"},{"@type":"Organization","@id":"https:\/\/jornaldasoficinas.com\/pt\/#organization","name":"Jornal das Oficinas","url":"https:\/\/jornaldasoficinas.com\/pt\/","logo":{"@type":"ImageObject","inLanguage":"pt-PT","@id":"https:\/\/jornaldasoficinas.com\/pt\/#\/schema\/logo\/image\/","url":"https:\/\/jornaldasoficinas.com\/pt\/wp-content\/uploads\/logoJO-SEO.png","contentUrl":"https:\/\/jornaldasoficinas.com\/pt\/wp-content\/uploads\/logoJO-SEO.png","width":285,"height":450,"caption":"Jornal das Oficinas"},"image":{"@id":"https:\/\/jornaldasoficinas.com\/pt\/#\/schema\/logo\/image\/"},"sameAs":["https:\/\/www.facebook.com\/jornaloficinas","https:\/\/x.com\/jornaloficinas","https:\/\/www.instagram.com\/jornal_oficinas\/","https:\/\/www.linkedin.com\/company\/jornal-das-oficinas\/","https:\/\/www.youtube.com\/channel\/UCbQZBqtcvV-oSQrr7RzINGg"]},{"@type":"Person","@id":"https:\/\/jornaldasoficinas.com\/pt\/#\/schema\/person\/a38eef5de2c41d9e7c9ac10141afddf3","name":"Reda\u00e7\u00e3o JO","image":{"@type":"ImageObject","inLanguage":"pt-PT","@id":"https:\/\/secure.gravatar.com\/avatar\/71f2fa71737ad68a84fea94bc708ddac8ea5b0c4788dc2ad202f3ccb2887742f?s=96&d=wp_user_avatar&r=g","url":"https:\/\/secure.gravatar.com\/avatar\/71f2fa71737ad68a84fea94bc708ddac8ea5b0c4788dc2ad202f3ccb2887742f?s=96&d=wp_user_avatar&r=g","contentUrl":"https:\/\/secure.gravatar.com\/avatar\/71f2fa71737ad68a84fea94bc708ddac8ea5b0c4788dc2ad202f3ccb2887742f?s=96&d=wp_user_avatar&r=g","caption":"Reda\u00e7\u00e3o JO"},"url":"https:\/\/jornaldasoficinas.com\/pt\/author\/joredacao\/"}]}},"_links":{"self":[{"href":"https:\/\/jornaldasoficinas.com\/pt\/wp-json\/wp\/v2\/posts\/104632","targetHints":{"allow":["GET"]}}],"collection":[{"href":"https:\/\/jornaldasoficinas.com\/pt\/wp-json\/wp\/v2\/posts"}],"about":[{"href":"https:\/\/jornaldasoficinas.com\/pt\/wp-json\/wp\/v2\/types\/post"}],"author":[{"embeddable":true,"href":"https:\/\/jornaldasoficinas.com\/pt\/wp-json\/wp\/v2\/users\/15"}],"replies":[{"embeddable":true,"href":"https:\/\/jornaldasoficinas.com\/pt\/wp-json\/wp\/v2\/comments?post=104632"}],"version-history":[{"count":4,"href":"https:\/\/jornaldasoficinas.com\/pt\/wp-json\/wp\/v2\/posts\/104632\/revisions"}],"predecessor-version":[{"id":104662,"href":"https:\/\/jornaldasoficinas.com\/pt\/wp-json\/wp\/v2\/posts\/104632\/revisions\/104662"}],"wp:featuredmedia":[{"embeddable":true,"href":"https:\/\/jornaldasoficinas.com\/pt\/wp-json\/wp\/v2\/media\/104636"}],"wp:attachment":[{"href":"https:\/\/jornaldasoficinas.com\/pt\/wp-json\/wp\/v2\/media?parent=104632"}],"wp:term":[{"taxonomy":"category","embeddable":true,"href":"https:\/\/jornaldasoficinas.com\/pt\/wp-json\/wp\/v2\/categories?post=104632"},{"taxonomy":"post_tag","embeddable":true,"href":"https:\/\/jornaldasoficinas.com\/pt\/wp-json\/wp\/v2\/tags?post=104632"}],"curies":[{"name":"wp","href":"https:\/\/api.w.org\/{rel}","templated":true}]}}