{"id":10466,"date":"2020-03-05T16:51:48","date_gmt":"2020-03-05T16:51:48","guid":{"rendered":"https:\/\/jornaldasoficinas.com\/pt\/?p=10466"},"modified":"2023-07-18T19:04:23","modified_gmt":"2023-07-18T18:04:23","slug":"coronavirus-adia-expomecanica-para-daqui-a-dois-meses","status":"publish","type":"post","link":"https:\/\/jornaldasoficinas.com\/pt\/coronavirus-adia-expomecanica-para-daqui-a-dois-meses\/","title":{"rendered":"Coronav\u00edrus adia expoMEC\u00c2NICA para junho"},"content":{"rendered":"<p><img loading=\"lazy\" decoding=\"async\" class=\"alignnone wp-image-10467 size-full\" src=\"https:\/\/jornaldasoficinas.com\/pt\/wp-content\/uploads\/imagem-face-01.png\" alt=\"\" width=\"1024\" height=\"581\" srcset=\"https:\/\/jornaldasoficinas.com\/pt\/wp-content\/uploads\/imagem-face-01.png 1024w, https:\/\/jornaldasoficinas.com\/pt\/wp-content\/uploads\/imagem-face-01-300x170.png 300w, https:\/\/jornaldasoficinas.com\/pt\/wp-content\/uploads\/imagem-face-01-150x85.png 150w, https:\/\/jornaldasoficinas.com\/pt\/wp-content\/uploads\/imagem-face-01-768x436.png 768w\" sizes=\"auto, (max-width: 1024px) 100vw, 1024px\" \/><\/p>\n<p><strong>Evento ter\u00e1 lugar entre 5 e 7 de junho, na Exponor, no Porto. As iniciativas Plateau TV, Melhor Mecatr\u00f3nico e Challenge Oficinas, organizados pelo Jornal das Oficinas, mudam-se para novas datas. <\/strong><\/p>\n<p>A expoMEC\u00c2NICA \u00e9 a mais recente \u201cv\u00edtima\u201d do Coronav\u00edrus (Covid-19). Por precau\u00e7\u00e3o, a organiza\u00e7\u00e3o do evento optou por adi\u00e1-lo para os dias 5, 6 e 7 de junho, na Exponor, na Feira Internacional do Porto. Recorde-se que as iniciativas <a href=\"https:\/\/www.plateautv.pt\/\" target=\"_blank\" rel=\"noopener noreferrer\">Plateau TV<\/a>, <a href=\"https:\/\/www.melhormecatronico.pt\/\" target=\"_blank\" rel=\"noopener noreferrer\">Melhor Mecatr\u00f3nico<\/a> e <a href=\"https:\/\/www.challengeoficinas.pt\/\" target=\"_blank\" rel=\"noopener noreferrer\">Challenge Oficinas<\/a>, organizadas pelo Jornal das Oficinas e inseridas na feira, acompanhar\u00e3o as novas datas agora reveladas.<\/p>\n<p>Segundo a organiza\u00e7\u00e3o, \u201cperante o clima de preocupa\u00e7\u00e3o e incerteza generalizada, provocado pela dissemina\u00e7\u00e3o global do Coronav\u00edrus (Covid-19), a seguran\u00e7a e a sa\u00fade de todos os funcion\u00e1rios, expositores, parceiros e visitantes deve sempre falar mais alto\u201d, afirma.<\/p>\n<p>Em comunicado oficial, a organiza\u00e7\u00e3o, pela voz de Jos\u00e9 Manuel Costa, diretor-geral da Kikai Eventos, reconhece a \u201ccrescente dificuldade por parte dos expositores em garantir as mercadorias previstas para a feira<strong>, <\/strong>bem como algumas restri\u00e7\u00f5es ao n\u00edvel do apoio t\u00e9cnico, levando a organiza\u00e7\u00e3o do expoMEC\u00c2NICA &#8211; Sal\u00e3o de Equipamentos, Servi\u00e7os e Pe\u00e7as Auto, cuja 7.\u00aa edi\u00e7\u00e3o estava prevista para 17 a 19 de abril, na Exponor &#8211; Feira Internacional do Porto, \u00e0 decis\u00e3o de adiar o certame&#8221;.<\/p>\n<p>A mesma fonte refere ainda: \u201cEstamos a acompanhar a situa\u00e7\u00e3o desde o in\u00edcio e em contacto constante com as autoridades nacionais competentes. O desenvolvimento din\u00e2mico em rela\u00e7\u00e3o ao Covid-19 em Portugal obrigou-nos a uma redobrada aten\u00e7\u00e3o. E, percebendo, inclusivamente, o impacto que o tema est\u00e1 a ter em muitos eventos pela Europa fora e j\u00e1 em alguns no nosso pa\u00eds, decidimos que era melhor reprogramar a feira. Decorrer\u00e1 de 5 a 7 de junho\u201d.<\/p>\n<p><strong>Maior de sempre<\/strong><br \/>\nA 7.\u00aa edi\u00e7\u00e3o do <a href=\"http:\/\/www.expomecanica.pt\/\" target=\"_blank\" rel=\"noopener noreferrer\">expoMEC\u00c2NICA<\/a> ser\u00e1, inclusivamente, a maior de sempre, tamb\u00e9m no plano da representatividade internacional. Dos 260 expositores confirmados at\u00e9 \u00e0 data, quase 60 empresas v\u00eam do estrangeiro, de nove pa\u00edses diferentes (Espanha, It\u00e1lia Fran\u00e7a, Pa\u00edses Baixos, Luxemburgo, B\u00e9lgica, EUA, Brasil e Jap\u00e3o), mas, predominantemente, do pa\u00eds vizinho \u2013 de onde vieram perto de 1.300 visitantes na edi\u00e7\u00e3o de 2019.<\/p>\n<p>\u201cIgualmente por isso, para termos uma feira tranquila, plena de atividades e neg\u00f3cios, sem qualquer espectro a pairar e com um \u00edndice de visita\u00e7\u00e3o na senda das \u00faltimas edi\u00e7\u00f5es, decidimos adi\u00e1-la dois meses, ap\u00f3s consulta com os nossos clientes, parceiros associativos e <em>media partners<\/em>, que se congratularam com a decis\u00e3o e reiteraram a sua aposta em estar presentes no expoMEC\u00c2NICA 2020\u201d, conclui.<\/p>\n<p>&nbsp;<\/p>\n","protected":false},"excerpt":{"rendered":"<p>Evento ter\u00e1 lugar entre 5 e&#8230;<\/p>\n","protected":false},"author":15,"featured_media":10467,"comment_status":"closed","ping_status":"closed","sticky":false,"template":"","format":"standard","meta":{"footnotes":""},"categories":[4632,37],"tags":[78],"class_list":["post-10466","post","type-post","status-publish","format-standard","has-post-thumbnail","hentry","category-expomecanica","category-mercado","tag-expomecanica"],"yoast_head":"<!-- This site is optimized with the Yoast SEO plugin v27.4 - https:\/\/yoast.com\/product\/yoast-seo-wordpress\/ -->\n<title>Coronav\u00edrus adia expoMEC\u00c2NICA para junho - Jornal das Oficinas<\/title>\n<meta name=\"robots\" content=\"index, follow, max-snippet:-1, max-image-preview:large, max-video-preview:-1\" \/>\n<link rel=\"canonical\" href=\"https:\/\/jornaldasoficinas.com\/pt\/coronavirus-adia-expomecanica-para-daqui-a-dois-meses\/\" \/>\n<meta property=\"og:locale\" content=\"pt_PT\" \/>\n<meta property=\"og:type\" content=\"article\" \/>\n<meta property=\"og:title\" content=\"Coronav\u00edrus adia expoMEC\u00c2NICA para junho - Jornal das Oficinas\" \/>\n<meta property=\"og:description\" content=\"Evento ter\u00e1 lugar entre 5 e...\" \/>\n<meta property=\"og:url\" content=\"https:\/\/jornaldasoficinas.com\/pt\/coronavirus-adia-expomecanica-para-daqui-a-dois-meses\/\" \/>\n<meta property=\"og:site_name\" content=\"Jornal das Oficinas\" \/>\n<meta property=\"article:publisher\" content=\"https:\/\/www.facebook.com\/jornaloficinas\" \/>\n<meta property=\"article:published_time\" content=\"2020-03-05T16:51:48+00:00\" \/>\n<meta property=\"article:modified_time\" content=\"2023-07-18T18:04:23+00:00\" \/>\n<meta property=\"og:image\" content=\"https:\/\/jornaldasoficinas.com\/pt\/wp-content\/uploads\/imagem-face-01.png\" \/>\n\t<meta property=\"og:image:width\" content=\"1024\" \/>\n\t<meta property=\"og:image:height\" content=\"581\" \/>\n\t<meta property=\"og:image:type\" content=\"image\/png\" \/>\n<meta name=\"author\" content=\"Reda\u00e7\u00e3o JO\" \/>\n<meta name=\"twitter:card\" content=\"summary_large_image\" \/>\n<meta name=\"twitter:creator\" content=\"@jornaloficinas\" \/>\n<meta name=\"twitter:site\" content=\"@jornaloficinas\" \/>\n<meta name=\"twitter:label1\" content=\"Escrito por\" \/>\n\t<meta name=\"twitter:data1\" content=\"Reda\u00e7\u00e3o JO\" \/>\n\t<meta name=\"twitter:label2\" content=\"Tempo estimado de leitura\" \/>\n\t<meta name=\"twitter:data2\" content=\"2 minutos\" \/>\n<script type=\"application\/ld+json\" class=\"yoast-schema-graph\">{\"@context\":\"https:\\\/\\\/schema.org\",\"@graph\":[{\"@type\":\"Article\",\"@id\":\"https:\\\/\\\/jornaldasoficinas.com\\\/pt\\\/coronavirus-adia-expomecanica-para-daqui-a-dois-meses\\\/#article\",\"isPartOf\":{\"@id\":\"https:\\\/\\\/jornaldasoficinas.com\\\/pt\\\/coronavirus-adia-expomecanica-para-daqui-a-dois-meses\\\/\"},\"author\":{\"name\":\"Reda\u00e7\u00e3o JO\",\"@id\":\"https:\\\/\\\/jornaldasoficinas.com\\\/pt\\\/#\\\/schema\\\/person\\\/a38eef5de2c41d9e7c9ac10141afddf3\"},\"headline\":\"Coronav\u00edrus adia expoMEC\u00c2NICA para junho\",\"datePublished\":\"2020-03-05T16:51:48+00:00\",\"dateModified\":\"2023-07-18T18:04:23+00:00\",\"mainEntityOfPage\":{\"@id\":\"https:\\\/\\\/jornaldasoficinas.com\\\/pt\\\/coronavirus-adia-expomecanica-para-daqui-a-dois-meses\\\/\"},\"wordCount\":447,\"publisher\":{\"@id\":\"https:\\\/\\\/jornaldasoficinas.com\\\/pt\\\/#organization\"},\"image\":{\"@id\":\"https:\\\/\\\/jornaldasoficinas.com\\\/pt\\\/coronavirus-adia-expomecanica-para-daqui-a-dois-meses\\\/#primaryimage\"},\"thumbnailUrl\":\"https:\\\/\\\/jornaldasoficinas.com\\\/pt\\\/wp-content\\\/uploads\\\/imagem-face-01.png\",\"keywords\":[\"expoMEC\u00c2NICA\"],\"articleSection\":[\"expoMEC\u00c2NICA\",\"Mercado\"],\"inLanguage\":\"pt-PT\"},{\"@type\":\"WebPage\",\"@id\":\"https:\\\/\\\/jornaldasoficinas.com\\\/pt\\\/coronavirus-adia-expomecanica-para-daqui-a-dois-meses\\\/\",\"url\":\"https:\\\/\\\/jornaldasoficinas.com\\\/pt\\\/coronavirus-adia-expomecanica-para-daqui-a-dois-meses\\\/\",\"name\":\"Coronav\u00edrus adia expoMEC\u00c2NICA para junho - Jornal das Oficinas\",\"isPartOf\":{\"@id\":\"https:\\\/\\\/jornaldasoficinas.com\\\/pt\\\/#website\"},\"primaryImageOfPage\":{\"@id\":\"https:\\\/\\\/jornaldasoficinas.com\\\/pt\\\/coronavirus-adia-expomecanica-para-daqui-a-dois-meses\\\/#primaryimage\"},\"image\":{\"@id\":\"https:\\\/\\\/jornaldasoficinas.com\\\/pt\\\/coronavirus-adia-expomecanica-para-daqui-a-dois-meses\\\/#primaryimage\"},\"thumbnailUrl\":\"https:\\\/\\\/jornaldasoficinas.com\\\/pt\\\/wp-content\\\/uploads\\\/imagem-face-01.png\",\"datePublished\":\"2020-03-05T16:51:48+00:00\",\"dateModified\":\"2023-07-18T18:04:23+00:00\",\"breadcrumb\":{\"@id\":\"https:\\\/\\\/jornaldasoficinas.com\\\/pt\\\/coronavirus-adia-expomecanica-para-daqui-a-dois-meses\\\/#breadcrumb\"},\"inLanguage\":\"pt-PT\",\"potentialAction\":[{\"@type\":\"ReadAction\",\"target\":[\"https:\\\/\\\/jornaldasoficinas.com\\\/pt\\\/coronavirus-adia-expomecanica-para-daqui-a-dois-meses\\\/\"]}]},{\"@type\":\"ImageObject\",\"inLanguage\":\"pt-PT\",\"@id\":\"https:\\\/\\\/jornaldasoficinas.com\\\/pt\\\/coronavirus-adia-expomecanica-para-daqui-a-dois-meses\\\/#primaryimage\",\"url\":\"https:\\\/\\\/jornaldasoficinas.com\\\/pt\\\/wp-content\\\/uploads\\\/imagem-face-01.png\",\"contentUrl\":\"https:\\\/\\\/jornaldasoficinas.com\\\/pt\\\/wp-content\\\/uploads\\\/imagem-face-01.png\",\"width\":1024,\"height\":581},{\"@type\":\"BreadcrumbList\",\"@id\":\"https:\\\/\\\/jornaldasoficinas.com\\\/pt\\\/coronavirus-adia-expomecanica-para-daqui-a-dois-meses\\\/#breadcrumb\",\"itemListElement\":[{\"@type\":\"ListItem\",\"position\":1,\"name\":\"In\u00edcio\",\"item\":\"https:\\\/\\\/jornaldasoficinas.com\\\/pt\\\/\"},{\"@type\":\"ListItem\",\"position\":2,\"name\":\"Coronav\u00edrus adia expoMEC\u00c2NICA para junho\"}]},{\"@type\":\"WebSite\",\"@id\":\"https:\\\/\\\/jornaldasoficinas.com\\\/pt\\\/#website\",\"url\":\"https:\\\/\\\/jornaldasoficinas.com\\\/pt\\\/\",\"name\":\"Jornal das Oficinas\",\"description\":\"Jornal independente do Aftermarket Autom\u00f3vel em Portugal\",\"publisher\":{\"@id\":\"https:\\\/\\\/jornaldasoficinas.com\\\/pt\\\/#organization\"},\"potentialAction\":[{\"@type\":\"SearchAction\",\"target\":{\"@type\":\"EntryPoint\",\"urlTemplate\":\"https:\\\/\\\/jornaldasoficinas.com\\\/pt\\\/?s={search_term_string}\"},\"query-input\":{\"@type\":\"PropertyValueSpecification\",\"valueRequired\":true,\"valueName\":\"search_term_string\"}}],\"inLanguage\":\"pt-PT\"},{\"@type\":\"Organization\",\"@id\":\"https:\\\/\\\/jornaldasoficinas.com\\\/pt\\\/#organization\",\"name\":\"Jornal das Oficinas\",\"url\":\"https:\\\/\\\/jornaldasoficinas.com\\\/pt\\\/\",\"logo\":{\"@type\":\"ImageObject\",\"inLanguage\":\"pt-PT\",\"@id\":\"https:\\\/\\\/jornaldasoficinas.com\\\/pt\\\/#\\\/schema\\\/logo\\\/image\\\/\",\"url\":\"https:\\\/\\\/jornaldasoficinas.com\\\/pt\\\/wp-content\\\/uploads\\\/logoJO-SEO.png\",\"contentUrl\":\"https:\\\/\\\/jornaldasoficinas.com\\\/pt\\\/wp-content\\\/uploads\\\/logoJO-SEO.png\",\"width\":285,\"height\":450,\"caption\":\"Jornal das Oficinas\"},\"image\":{\"@id\":\"https:\\\/\\\/jornaldasoficinas.com\\\/pt\\\/#\\\/schema\\\/logo\\\/image\\\/\"},\"sameAs\":[\"https:\\\/\\\/www.facebook.com\\\/jornaloficinas\",\"https:\\\/\\\/x.com\\\/jornaloficinas\",\"https:\\\/\\\/www.instagram.com\\\/jornal_oficinas\\\/\",\"https:\\\/\\\/www.linkedin.com\\\/company\\\/jornal-das-oficinas\\\/\",\"https:\\\/\\\/www.youtube.com\\\/channel\\\/UCbQZBqtcvV-oSQrr7RzINGg\"]},{\"@type\":\"Person\",\"@id\":\"https:\\\/\\\/jornaldasoficinas.com\\\/pt\\\/#\\\/schema\\\/person\\\/a38eef5de2c41d9e7c9ac10141afddf3\",\"name\":\"Reda\u00e7\u00e3o JO\",\"image\":{\"@type\":\"ImageObject\",\"inLanguage\":\"pt-PT\",\"@id\":\"https:\\\/\\\/secure.gravatar.com\\\/avatar\\\/71f2fa71737ad68a84fea94bc708ddac8ea5b0c4788dc2ad202f3ccb2887742f?s=96&d=wp_user_avatar&r=g\",\"url\":\"https:\\\/\\\/secure.gravatar.com\\\/avatar\\\/71f2fa71737ad68a84fea94bc708ddac8ea5b0c4788dc2ad202f3ccb2887742f?s=96&d=wp_user_avatar&r=g\",\"contentUrl\":\"https:\\\/\\\/secure.gravatar.com\\\/avatar\\\/71f2fa71737ad68a84fea94bc708ddac8ea5b0c4788dc2ad202f3ccb2887742f?s=96&d=wp_user_avatar&r=g\",\"caption\":\"Reda\u00e7\u00e3o JO\"},\"url\":\"https:\\\/\\\/jornaldasoficinas.com\\\/pt\\\/author\\\/joredacao\\\/\"}]}<\/script>\n<!-- \/ Yoast SEO plugin. -->","yoast_head_json":{"title":"Coronav\u00edrus adia expoMEC\u00c2NICA para junho - Jornal das Oficinas","robots":{"index":"index","follow":"follow","max-snippet":"max-snippet:-1","max-image-preview":"max-image-preview:large","max-video-preview":"max-video-preview:-1"},"canonical":"https:\/\/jornaldasoficinas.com\/pt\/coronavirus-adia-expomecanica-para-daqui-a-dois-meses\/","og_locale":"pt_PT","og_type":"article","og_title":"Coronav\u00edrus adia expoMEC\u00c2NICA para junho - Jornal das Oficinas","og_description":"Evento ter\u00e1 lugar entre 5 e...","og_url":"https:\/\/jornaldasoficinas.com\/pt\/coronavirus-adia-expomecanica-para-daqui-a-dois-meses\/","og_site_name":"Jornal das Oficinas","article_publisher":"https:\/\/www.facebook.com\/jornaloficinas","article_published_time":"2020-03-05T16:51:48+00:00","article_modified_time":"2023-07-18T18:04:23+00:00","og_image":[{"width":1024,"height":581,"url":"https:\/\/jornaldasoficinas.com\/pt\/wp-content\/uploads\/imagem-face-01.png","type":"image\/png"}],"author":"Reda\u00e7\u00e3o JO","twitter_card":"summary_large_image","twitter_creator":"@jornaloficinas","twitter_site":"@jornaloficinas","twitter_misc":{"Escrito por":"Reda\u00e7\u00e3o JO","Tempo estimado de leitura":"2 minutos"},"schema":{"@context":"https:\/\/schema.org","@graph":[{"@type":"Article","@id":"https:\/\/jornaldasoficinas.com\/pt\/coronavirus-adia-expomecanica-para-daqui-a-dois-meses\/#article","isPartOf":{"@id":"https:\/\/jornaldasoficinas.com\/pt\/coronavirus-adia-expomecanica-para-daqui-a-dois-meses\/"},"author":{"name":"Reda\u00e7\u00e3o JO","@id":"https:\/\/jornaldasoficinas.com\/pt\/#\/schema\/person\/a38eef5de2c41d9e7c9ac10141afddf3"},"headline":"Coronav\u00edrus adia expoMEC\u00c2NICA para junho","datePublished":"2020-03-05T16:51:48+00:00","dateModified":"2023-07-18T18:04:23+00:00","mainEntityOfPage":{"@id":"https:\/\/jornaldasoficinas.com\/pt\/coronavirus-adia-expomecanica-para-daqui-a-dois-meses\/"},"wordCount":447,"publisher":{"@id":"https:\/\/jornaldasoficinas.com\/pt\/#organization"},"image":{"@id":"https:\/\/jornaldasoficinas.com\/pt\/coronavirus-adia-expomecanica-para-daqui-a-dois-meses\/#primaryimage"},"thumbnailUrl":"https:\/\/jornaldasoficinas.com\/pt\/wp-content\/uploads\/imagem-face-01.png","keywords":["expoMEC\u00c2NICA"],"articleSection":["expoMEC\u00c2NICA","Mercado"],"inLanguage":"pt-PT"},{"@type":"WebPage","@id":"https:\/\/jornaldasoficinas.com\/pt\/coronavirus-adia-expomecanica-para-daqui-a-dois-meses\/","url":"https:\/\/jornaldasoficinas.com\/pt\/coronavirus-adia-expomecanica-para-daqui-a-dois-meses\/","name":"Coronav\u00edrus adia expoMEC\u00c2NICA para junho - Jornal das Oficinas","isPartOf":{"@id":"https:\/\/jornaldasoficinas.com\/pt\/#website"},"primaryImageOfPage":{"@id":"https:\/\/jornaldasoficinas.com\/pt\/coronavirus-adia-expomecanica-para-daqui-a-dois-meses\/#primaryimage"},"image":{"@id":"https:\/\/jornaldasoficinas.com\/pt\/coronavirus-adia-expomecanica-para-daqui-a-dois-meses\/#primaryimage"},"thumbnailUrl":"https:\/\/jornaldasoficinas.com\/pt\/wp-content\/uploads\/imagem-face-01.png","datePublished":"2020-03-05T16:51:48+00:00","dateModified":"2023-07-18T18:04:23+00:00","breadcrumb":{"@id":"https:\/\/jornaldasoficinas.com\/pt\/coronavirus-adia-expomecanica-para-daqui-a-dois-meses\/#breadcrumb"},"inLanguage":"pt-PT","potentialAction":[{"@type":"ReadAction","target":["https:\/\/jornaldasoficinas.com\/pt\/coronavirus-adia-expomecanica-para-daqui-a-dois-meses\/"]}]},{"@type":"ImageObject","inLanguage":"pt-PT","@id":"https:\/\/jornaldasoficinas.com\/pt\/coronavirus-adia-expomecanica-para-daqui-a-dois-meses\/#primaryimage","url":"https:\/\/jornaldasoficinas.com\/pt\/wp-content\/uploads\/imagem-face-01.png","contentUrl":"https:\/\/jornaldasoficinas.com\/pt\/wp-content\/uploads\/imagem-face-01.png","width":1024,"height":581},{"@type":"BreadcrumbList","@id":"https:\/\/jornaldasoficinas.com\/pt\/coronavirus-adia-expomecanica-para-daqui-a-dois-meses\/#breadcrumb","itemListElement":[{"@type":"ListItem","position":1,"name":"In\u00edcio","item":"https:\/\/jornaldasoficinas.com\/pt\/"},{"@type":"ListItem","position":2,"name":"Coronav\u00edrus adia expoMEC\u00c2NICA para junho"}]},{"@type":"WebSite","@id":"https:\/\/jornaldasoficinas.com\/pt\/#website","url":"https:\/\/jornaldasoficinas.com\/pt\/","name":"Jornal das Oficinas","description":"Jornal independente do Aftermarket Autom\u00f3vel em Portugal","publisher":{"@id":"https:\/\/jornaldasoficinas.com\/pt\/#organization"},"potentialAction":[{"@type":"SearchAction","target":{"@type":"EntryPoint","urlTemplate":"https:\/\/jornaldasoficinas.com\/pt\/?s={search_term_string}"},"query-input":{"@type":"PropertyValueSpecification","valueRequired":true,"valueName":"search_term_string"}}],"inLanguage":"pt-PT"},{"@type":"Organization","@id":"https:\/\/jornaldasoficinas.com\/pt\/#organization","name":"Jornal das Oficinas","url":"https:\/\/jornaldasoficinas.com\/pt\/","logo":{"@type":"ImageObject","inLanguage":"pt-PT","@id":"https:\/\/jornaldasoficinas.com\/pt\/#\/schema\/logo\/image\/","url":"https:\/\/jornaldasoficinas.com\/pt\/wp-content\/uploads\/logoJO-SEO.png","contentUrl":"https:\/\/jornaldasoficinas.com\/pt\/wp-content\/uploads\/logoJO-SEO.png","width":285,"height":450,"caption":"Jornal das Oficinas"},"image":{"@id":"https:\/\/jornaldasoficinas.com\/pt\/#\/schema\/logo\/image\/"},"sameAs":["https:\/\/www.facebook.com\/jornaloficinas","https:\/\/x.com\/jornaloficinas","https:\/\/www.instagram.com\/jornal_oficinas\/","https:\/\/www.linkedin.com\/company\/jornal-das-oficinas\/","https:\/\/www.youtube.com\/channel\/UCbQZBqtcvV-oSQrr7RzINGg"]},{"@type":"Person","@id":"https:\/\/jornaldasoficinas.com\/pt\/#\/schema\/person\/a38eef5de2c41d9e7c9ac10141afddf3","name":"Reda\u00e7\u00e3o JO","image":{"@type":"ImageObject","inLanguage":"pt-PT","@id":"https:\/\/secure.gravatar.com\/avatar\/71f2fa71737ad68a84fea94bc708ddac8ea5b0c4788dc2ad202f3ccb2887742f?s=96&d=wp_user_avatar&r=g","url":"https:\/\/secure.gravatar.com\/avatar\/71f2fa71737ad68a84fea94bc708ddac8ea5b0c4788dc2ad202f3ccb2887742f?s=96&d=wp_user_avatar&r=g","contentUrl":"https:\/\/secure.gravatar.com\/avatar\/71f2fa71737ad68a84fea94bc708ddac8ea5b0c4788dc2ad202f3ccb2887742f?s=96&d=wp_user_avatar&r=g","caption":"Reda\u00e7\u00e3o JO"},"url":"https:\/\/jornaldasoficinas.com\/pt\/author\/joredacao\/"}]}},"_links":{"self":[{"href":"https:\/\/jornaldasoficinas.com\/pt\/wp-json\/wp\/v2\/posts\/10466","targetHints":{"allow":["GET"]}}],"collection":[{"href":"https:\/\/jornaldasoficinas.com\/pt\/wp-json\/wp\/v2\/posts"}],"about":[{"href":"https:\/\/jornaldasoficinas.com\/pt\/wp-json\/wp\/v2\/types\/post"}],"author":[{"embeddable":true,"href":"https:\/\/jornaldasoficinas.com\/pt\/wp-json\/wp\/v2\/users\/15"}],"replies":[{"embeddable":true,"href":"https:\/\/jornaldasoficinas.com\/pt\/wp-json\/wp\/v2\/comments?post=10466"}],"version-history":[{"count":0,"href":"https:\/\/jornaldasoficinas.com\/pt\/wp-json\/wp\/v2\/posts\/10466\/revisions"}],"wp:featuredmedia":[{"embeddable":true,"href":"https:\/\/jornaldasoficinas.com\/pt\/wp-json\/wp\/v2\/media\/10467"}],"wp:attachment":[{"href":"https:\/\/jornaldasoficinas.com\/pt\/wp-json\/wp\/v2\/media?parent=10466"}],"wp:term":[{"taxonomy":"category","embeddable":true,"href":"https:\/\/jornaldasoficinas.com\/pt\/wp-json\/wp\/v2\/categories?post=10466"},{"taxonomy":"post_tag","embeddable":true,"href":"https:\/\/jornaldasoficinas.com\/pt\/wp-json\/wp\/v2\/tags?post=10466"}],"curies":[{"name":"wp","href":"https:\/\/api.w.org\/{rel}","templated":true}]}}