{"id":104821,"date":"2025-07-25T12:30:26","date_gmt":"2025-07-25T11:30:26","guid":{"rendered":"https:\/\/jornaldasoficinas.com\/pt\/?p=104821"},"modified":"2025-07-23T22:56:57","modified_gmt":"2025-07-23T21:56:57","slug":"fpt-industrial-celebra-150-anos-em-bourbon-lancy","status":"publish","type":"post","link":"https:\/\/jornaldasoficinas.com\/pt\/fpt-industrial-celebra-150-anos-em-bourbon-lancy\/","title":{"rendered":"FPT Industrial celebra 150 anos em Bourbon-Lancy"},"content":{"rendered":"<p><strong><img loading=\"lazy\" decoding=\"async\" class=\"alignnone size-full wp-image-104825\" src=\"https:\/\/jornaldasoficinas.com\/pt\/wp-content\/uploads\/2025\/07\/FPT-Industrial-celebra-150-anos-na-fabrica-de-Bourbon-Lancy.jpeg\" alt=\"07 - FPT Industrial celebra 150 anos na fabrica de Bourbon Lancy\" width=\"1024\" height=\"581\" srcset=\"https:\/\/jornaldasoficinas.com\/pt\/wp-content\/uploads\/2025\/07\/FPT-Industrial-celebra-150-anos-na-fabrica-de-Bourbon-Lancy.jpeg 1024w, https:\/\/jornaldasoficinas.com\/pt\/wp-content\/uploads\/2025\/07\/FPT-Industrial-celebra-150-anos-na-fabrica-de-Bourbon-Lancy-300x170.jpeg 300w, https:\/\/jornaldasoficinas.com\/pt\/wp-content\/uploads\/2025\/07\/FPT-Industrial-celebra-150-anos-na-fabrica-de-Bourbon-Lancy-150x85.jpeg 150w, https:\/\/jornaldasoficinas.com\/pt\/wp-content\/uploads\/2025\/07\/FPT-Industrial-celebra-150-anos-na-fabrica-de-Bourbon-Lancy-768x436.jpeg 768w\" sizes=\"auto, (max-width: 1024px) 100vw, 1024px\" \/><\/strong><\/p>\n<p><strong>No ano dos 50 anos da <a href=\"https:\/\/www.iveco.com\/\" target=\"_blank\" rel=\"noopener\">IVECO<\/a>, a <a href=\"https:\/\/www.fptindustrial.com\/\" target=\"_blank\" rel=\"noopener\">FPT Industrial<\/a> comemora mais de 150 anos da sua f\u00e1brica em Bourdon-Lancy. Um evento especial que destacou a heran\u00e7a, inova\u00e7\u00e3o e excel\u00eancia da marca em territ\u00f3rio franc\u00eas<\/strong><\/p>\n<p>\u00c9 tempo de comemorar mais uma vez na FPT Industrial. No \u00faltimo fim de semana, a marca do Iveco Group recebeu convidados na sua f\u00e1brica de Bourbon-Lancy, dando continuidade \u00e0s comemora\u00e7\u00f5es dos 50 anos da IVECO e, simultaneamente, destacando outro marco hist\u00f3rico: a longa trajet\u00f3ria da FPT Industrial no panorama industrial franc\u00eas. A unidade de Bourbon-Lancy conta com mais de 150 anos de opera\u00e7\u00e3o \u2014 cinquenta dos quais sob a bandeira da IVECO e, desde 2005, integrada na FPT Industrial.<\/p>\n<p>Durante o evento, a f\u00e1brica promoveu o Dia da Fam\u00edlia, abrindo as portas aos colaboradores e seus familiares, que tiveram a oportunidade de embarcar numa verdadeira viagem no tempo por meio de uma exposi\u00e7\u00e3o com mais de 40 ve\u00edculos, motores e componentes hist\u00f3ricos.<\/p>\n<p>Sylvain Blaise, presidente da unidade de neg\u00f3cios de powertrain do Iveco Group, declarou: &#8220;Hoje reunimo-nos para reconhecer um marco extraordin\u00e1rio da FPT Industrial e para celebr\u00e1-lo junto aos 50 anos da IVECO. A comemora\u00e7\u00e3o dos 150 anos desta f\u00e1brica ganha um significado ainda mais profundo, ao lan\u00e7ar luz sobre como o sucesso da marca IVECO est\u00e1 enraizado em hist\u00f3rias de excel\u00eancia que remontam a um passado distante&#8221;.<\/p>\n<p>E, acrescentou: &#8220;A hist\u00f3ria da f\u00e1brica de Bourbon-Lancy \u00e9, sem d\u00favida, uma delas. Hoje, esta unidade \u00e9 um verdadeiro manifesto da excel\u00eancia da FPT Industrial \u2013 resultado de uma f\u00f3rmula vencedora que combina talento humano com tecnologia de ponta e inova\u00e7\u00e3o. Aqui, todos os dias, 1.200 pessoas trabalham com paix\u00e3o e dedica\u00e7\u00e3o, transformando mat\u00e9rias-primas em motores que movem o mundo&#8221;.<\/p>\n<p>A hist\u00f3ria da f\u00e1brica come\u00e7ou em 1874, tendo-se rapidamente afirmado como um centro de refer\u00eancia na produ\u00e7\u00e3o de inova\u00e7\u00f5es para o setor agr\u00edcola. A partir da metade do s\u00e9culo XX, diversificou as suas opera\u00e7\u00f5es industriais e comerciais, sendo adquirida pela SIMCA para a fabrica\u00e7\u00e3o de tratores SOMECA. Em 1975, a IVECO assumiu o controlo da unidade, marcando o in\u00edcio de sua especializa\u00e7\u00e3o na produ\u00e7\u00e3o de motores de combust\u00e3o interna.<\/p>\n<p>Em 1998, a f\u00e1brica tornou-se ber\u00e7o de uma das linhas de motores mais emblem\u00e1ticas da FPT Industrial: a fam\u00edlia CURSOR. Os motores CURSOR 8 e CURSOR 10 foram os primeiros do setor de transporte pesado a contar com turbocompressor de geometria vari\u00e1vel (VGT), otimizando o fluxo de ar no motor. Essa s\u00e9rie trouxe uma nova abordagem ao desenvolvimento de motores pesados, com novos conceitos, materiais, componentes e sistemas electr\u00f3nicos avan\u00e7ados.<\/p>\n<p>A inova\u00e7\u00e3o continua a moldar o DNA da linha CURSOR, culminando no lan\u00e7amento do XCURSOR 13, apresentado em 2022 e atualizado com a vers\u00e3o 2024. Este \u00e9 o primeiro motor de base \u00fanica multicombust\u00edvel da FPT Industrial, oferecendo pot\u00eancia, bin\u00e1rio e travagem l\u00edderes na categoria \u2014 al\u00e9m de ser um elemento estrat\u00e9gico no programa de descarboniza\u00e7\u00e3o do Iveco Group.<\/p>\n<p>Atualmente, a f\u00e1brica de Bourbon-Lancy \u00e9 um s\u00edmbolo da excel\u00eancia industrial e do legado global da FPT Industrial. Desempenha um papel crucial na cadeia de valor da marca, sendo tamb\u00e9m um \u00edcone da manufatura francesa e um importante agente econ\u00f3mico e empregador regional. Com mais de 1.200 profissionais qualificados e apaixonados, a unidade alia compet\u00eancias humanas a tecnologias avan\u00e7adas para garantir os mais altos padr\u00f5es de qualidade.<\/p>\n<p>Gra\u00e7as a essa combina\u00e7\u00e3o \u00fanica, a f\u00e1brica conquistou, em 2021, o N\u00edvel Ouro da metodologia World Class Manufacturing \u2014 o reconhecimento m\u00e1ximo em excel\u00eancia operacional. Em 2022, adotou o programa DOT (Driving Operations Together), uma iniciativa orientada para resultados, com foco na seguran\u00e7a, qualidade, performance e na promo\u00e7\u00e3o de uma cultura cont\u00ednua de melhoria e excel\u00eancia em toda a opera\u00e7\u00e3o industrial da marca.<\/p>\n","protected":false},"excerpt":{"rendered":"<p>No ano dos 50 anos da&#8230;<\/p>\n","protected":false},"author":15,"featured_media":104825,"comment_status":"closed","ping_status":"closed","sticky":false,"template":"","format":"standard","meta":{"footnotes":""},"categories":[36],"tags":[6377,3844,3611,3971,3778,470,8183],"class_list":["post-104821","post","type-post","status-publish","format-standard","has-post-thumbnail","hentry","category-pesados","tag-150-anos","tag-50-anos","tag-comemoracao","tag-fpt-industrial","tag-inovacao","tag-iveco","tag-marco-historico"],"yoast_head":"<!-- This site is optimized with the Yoast SEO plugin v27.4 - https:\/\/yoast.com\/product\/yoast-seo-wordpress\/ -->\n<title>FPT Industrial celebra 150 anos em Bourbon-Lancy - Jornal das Oficinas<\/title>\n<meta name=\"description\" content=\"No ano em que a IVECO celebra 50 anos, a FPT Industrial comemora mais de 150 anos da sua f\u00e1brica em Bourdon-Lancy\" \/>\n<meta name=\"robots\" content=\"index, follow, max-snippet:-1, max-image-preview:large, max-video-preview:-1\" \/>\n<link rel=\"canonical\" href=\"https:\/\/jornaldasoficinas.com\/pt\/fpt-industrial-celebra-150-anos-em-bourbon-lancy\/\" \/>\n<meta property=\"og:locale\" content=\"pt_PT\" \/>\n<meta property=\"og:type\" content=\"article\" \/>\n<meta property=\"og:title\" content=\"FPT Industrial celebra 150 anos em Bourbon-Lancy - Jornal das Oficinas\" \/>\n<meta property=\"og:description\" content=\"No ano em que a IVECO celebra 50 anos, a FPT Industrial comemora mais de 150 anos da sua f\u00e1brica em Bourdon-Lancy\" \/>\n<meta property=\"og:url\" content=\"https:\/\/jornaldasoficinas.com\/pt\/fpt-industrial-celebra-150-anos-em-bourbon-lancy\/\" \/>\n<meta property=\"og:site_name\" content=\"Jornal das Oficinas\" \/>\n<meta property=\"article:publisher\" content=\"https:\/\/www.facebook.com\/jornaloficinas\" \/>\n<meta property=\"article:published_time\" content=\"2025-07-25T11:30:26+00:00\" \/>\n<meta property=\"og:image\" content=\"https:\/\/jornaldasoficinas.com\/pt\/wp-content\/uploads\/2025\/07\/FPT-Industrial-celebra-150-anos-na-fabrica-de-Bourbon-Lancy.jpeg\" \/>\n\t<meta property=\"og:image:width\" content=\"1024\" \/>\n\t<meta property=\"og:image:height\" content=\"581\" \/>\n\t<meta property=\"og:image:type\" content=\"image\/jpeg\" \/>\n<meta name=\"author\" content=\"Reda\u00e7\u00e3o JO\" \/>\n<meta name=\"twitter:card\" content=\"summary_large_image\" \/>\n<meta name=\"twitter:creator\" content=\"@jornaloficinas\" \/>\n<meta name=\"twitter:site\" content=\"@jornaloficinas\" \/>\n<meta name=\"twitter:label1\" content=\"Escrito por\" \/>\n\t<meta name=\"twitter:data1\" content=\"Reda\u00e7\u00e3o JO\" \/>\n\t<meta name=\"twitter:label2\" content=\"Tempo estimado de leitura\" \/>\n\t<meta name=\"twitter:data2\" content=\"4 minutos\" \/>\n<script type=\"application\/ld+json\" class=\"yoast-schema-graph\">{\"@context\":\"https:\\\/\\\/schema.org\",\"@graph\":[{\"@type\":\"Article\",\"@id\":\"https:\\\/\\\/jornaldasoficinas.com\\\/pt\\\/fpt-industrial-celebra-150-anos-em-bourbon-lancy\\\/#article\",\"isPartOf\":{\"@id\":\"https:\\\/\\\/jornaldasoficinas.com\\\/pt\\\/fpt-industrial-celebra-150-anos-em-bourbon-lancy\\\/\"},\"author\":{\"name\":\"Reda\u00e7\u00e3o JO\",\"@id\":\"https:\\\/\\\/jornaldasoficinas.com\\\/pt\\\/#\\\/schema\\\/person\\\/a38eef5de2c41d9e7c9ac10141afddf3\"},\"headline\":\"FPT Industrial celebra 150 anos em Bourbon-Lancy\",\"datePublished\":\"2025-07-25T11:30:26+00:00\",\"mainEntityOfPage\":{\"@id\":\"https:\\\/\\\/jornaldasoficinas.com\\\/pt\\\/fpt-industrial-celebra-150-anos-em-bourbon-lancy\\\/\"},\"wordCount\":675,\"publisher\":{\"@id\":\"https:\\\/\\\/jornaldasoficinas.com\\\/pt\\\/#organization\"},\"image\":{\"@id\":\"https:\\\/\\\/jornaldasoficinas.com\\\/pt\\\/fpt-industrial-celebra-150-anos-em-bourbon-lancy\\\/#primaryimage\"},\"thumbnailUrl\":\"https:\\\/\\\/jornaldasoficinas.com\\\/pt\\\/wp-content\\\/uploads\\\/2025\\\/07\\\/FPT-Industrial-celebra-150-anos-na-fabrica-de-Bourbon-Lancy.jpeg\",\"keywords\":[\"150 anos\",\"50 anos\",\"Comemora\u00e7\u00e3o\",\"FPT Industrial\",\"Inova\u00e7\u00e3o\",\"Iveco\",\"marco hist\u00f3rico\"],\"articleSection\":[\"Pesados\"],\"inLanguage\":\"pt-PT\"},{\"@type\":\"WebPage\",\"@id\":\"https:\\\/\\\/jornaldasoficinas.com\\\/pt\\\/fpt-industrial-celebra-150-anos-em-bourbon-lancy\\\/\",\"url\":\"https:\\\/\\\/jornaldasoficinas.com\\\/pt\\\/fpt-industrial-celebra-150-anos-em-bourbon-lancy\\\/\",\"name\":\"FPT Industrial celebra 150 anos em Bourbon-Lancy - Jornal das Oficinas\",\"isPartOf\":{\"@id\":\"https:\\\/\\\/jornaldasoficinas.com\\\/pt\\\/#website\"},\"primaryImageOfPage\":{\"@id\":\"https:\\\/\\\/jornaldasoficinas.com\\\/pt\\\/fpt-industrial-celebra-150-anos-em-bourbon-lancy\\\/#primaryimage\"},\"image\":{\"@id\":\"https:\\\/\\\/jornaldasoficinas.com\\\/pt\\\/fpt-industrial-celebra-150-anos-em-bourbon-lancy\\\/#primaryimage\"},\"thumbnailUrl\":\"https:\\\/\\\/jornaldasoficinas.com\\\/pt\\\/wp-content\\\/uploads\\\/2025\\\/07\\\/FPT-Industrial-celebra-150-anos-na-fabrica-de-Bourbon-Lancy.jpeg\",\"datePublished\":\"2025-07-25T11:30:26+00:00\",\"description\":\"No ano em que a IVECO celebra 50 anos, a FPT Industrial comemora mais de 150 anos da sua f\u00e1brica em Bourdon-Lancy\",\"breadcrumb\":{\"@id\":\"https:\\\/\\\/jornaldasoficinas.com\\\/pt\\\/fpt-industrial-celebra-150-anos-em-bourbon-lancy\\\/#breadcrumb\"},\"inLanguage\":\"pt-PT\",\"potentialAction\":[{\"@type\":\"ReadAction\",\"target\":[\"https:\\\/\\\/jornaldasoficinas.com\\\/pt\\\/fpt-industrial-celebra-150-anos-em-bourbon-lancy\\\/\"]}]},{\"@type\":\"ImageObject\",\"inLanguage\":\"pt-PT\",\"@id\":\"https:\\\/\\\/jornaldasoficinas.com\\\/pt\\\/fpt-industrial-celebra-150-anos-em-bourbon-lancy\\\/#primaryimage\",\"url\":\"https:\\\/\\\/jornaldasoficinas.com\\\/pt\\\/wp-content\\\/uploads\\\/2025\\\/07\\\/FPT-Industrial-celebra-150-anos-na-fabrica-de-Bourbon-Lancy.jpeg\",\"contentUrl\":\"https:\\\/\\\/jornaldasoficinas.com\\\/pt\\\/wp-content\\\/uploads\\\/2025\\\/07\\\/FPT-Industrial-celebra-150-anos-na-fabrica-de-Bourbon-Lancy.jpeg\",\"width\":1024,\"height\":581,\"caption\":\"07 - FPT Industrial celebra 150 anos na fabrica de Bourbon Lancy\"},{\"@type\":\"BreadcrumbList\",\"@id\":\"https:\\\/\\\/jornaldasoficinas.com\\\/pt\\\/fpt-industrial-celebra-150-anos-em-bourbon-lancy\\\/#breadcrumb\",\"itemListElement\":[{\"@type\":\"ListItem\",\"position\":1,\"name\":\"In\u00edcio\",\"item\":\"https:\\\/\\\/jornaldasoficinas.com\\\/pt\\\/\"},{\"@type\":\"ListItem\",\"position\":2,\"name\":\"FPT Industrial celebra 150 anos em Bourbon-Lancy\"}]},{\"@type\":\"WebSite\",\"@id\":\"https:\\\/\\\/jornaldasoficinas.com\\\/pt\\\/#website\",\"url\":\"https:\\\/\\\/jornaldasoficinas.com\\\/pt\\\/\",\"name\":\"Jornal das Oficinas\",\"description\":\"Jornal independente do Aftermarket Autom\u00f3vel em Portugal\",\"publisher\":{\"@id\":\"https:\\\/\\\/jornaldasoficinas.com\\\/pt\\\/#organization\"},\"potentialAction\":[{\"@type\":\"SearchAction\",\"target\":{\"@type\":\"EntryPoint\",\"urlTemplate\":\"https:\\\/\\\/jornaldasoficinas.com\\\/pt\\\/?s={search_term_string}\"},\"query-input\":{\"@type\":\"PropertyValueSpecification\",\"valueRequired\":true,\"valueName\":\"search_term_string\"}}],\"inLanguage\":\"pt-PT\"},{\"@type\":\"Organization\",\"@id\":\"https:\\\/\\\/jornaldasoficinas.com\\\/pt\\\/#organization\",\"name\":\"Jornal das Oficinas\",\"url\":\"https:\\\/\\\/jornaldasoficinas.com\\\/pt\\\/\",\"logo\":{\"@type\":\"ImageObject\",\"inLanguage\":\"pt-PT\",\"@id\":\"https:\\\/\\\/jornaldasoficinas.com\\\/pt\\\/#\\\/schema\\\/logo\\\/image\\\/\",\"url\":\"https:\\\/\\\/jornaldasoficinas.com\\\/pt\\\/wp-content\\\/uploads\\\/logoJO-SEO.png\",\"contentUrl\":\"https:\\\/\\\/jornaldasoficinas.com\\\/pt\\\/wp-content\\\/uploads\\\/logoJO-SEO.png\",\"width\":285,\"height\":450,\"caption\":\"Jornal das Oficinas\"},\"image\":{\"@id\":\"https:\\\/\\\/jornaldasoficinas.com\\\/pt\\\/#\\\/schema\\\/logo\\\/image\\\/\"},\"sameAs\":[\"https:\\\/\\\/www.facebook.com\\\/jornaloficinas\",\"https:\\\/\\\/x.com\\\/jornaloficinas\",\"https:\\\/\\\/www.instagram.com\\\/jornal_oficinas\\\/\",\"https:\\\/\\\/www.linkedin.com\\\/company\\\/jornal-das-oficinas\\\/\",\"https:\\\/\\\/www.youtube.com\\\/channel\\\/UCbQZBqtcvV-oSQrr7RzINGg\"]},{\"@type\":\"Person\",\"@id\":\"https:\\\/\\\/jornaldasoficinas.com\\\/pt\\\/#\\\/schema\\\/person\\\/a38eef5de2c41d9e7c9ac10141afddf3\",\"name\":\"Reda\u00e7\u00e3o JO\",\"image\":{\"@type\":\"ImageObject\",\"inLanguage\":\"pt-PT\",\"@id\":\"https:\\\/\\\/secure.gravatar.com\\\/avatar\\\/71f2fa71737ad68a84fea94bc708ddac8ea5b0c4788dc2ad202f3ccb2887742f?s=96&d=wp_user_avatar&r=g\",\"url\":\"https:\\\/\\\/secure.gravatar.com\\\/avatar\\\/71f2fa71737ad68a84fea94bc708ddac8ea5b0c4788dc2ad202f3ccb2887742f?s=96&d=wp_user_avatar&r=g\",\"contentUrl\":\"https:\\\/\\\/secure.gravatar.com\\\/avatar\\\/71f2fa71737ad68a84fea94bc708ddac8ea5b0c4788dc2ad202f3ccb2887742f?s=96&d=wp_user_avatar&r=g\",\"caption\":\"Reda\u00e7\u00e3o JO\"},\"url\":\"https:\\\/\\\/jornaldasoficinas.com\\\/pt\\\/author\\\/joredacao\\\/\"}]}<\/script>\n<!-- \/ Yoast SEO plugin. -->","yoast_head_json":{"title":"FPT Industrial celebra 150 anos em Bourbon-Lancy - Jornal das Oficinas","description":"No ano em que a IVECO celebra 50 anos, a FPT Industrial comemora mais de 150 anos da sua f\u00e1brica em Bourdon-Lancy","robots":{"index":"index","follow":"follow","max-snippet":"max-snippet:-1","max-image-preview":"max-image-preview:large","max-video-preview":"max-video-preview:-1"},"canonical":"https:\/\/jornaldasoficinas.com\/pt\/fpt-industrial-celebra-150-anos-em-bourbon-lancy\/","og_locale":"pt_PT","og_type":"article","og_title":"FPT Industrial celebra 150 anos em Bourbon-Lancy - Jornal das Oficinas","og_description":"No ano em que a IVECO celebra 50 anos, a FPT Industrial comemora mais de 150 anos da sua f\u00e1brica em Bourdon-Lancy","og_url":"https:\/\/jornaldasoficinas.com\/pt\/fpt-industrial-celebra-150-anos-em-bourbon-lancy\/","og_site_name":"Jornal das Oficinas","article_publisher":"https:\/\/www.facebook.com\/jornaloficinas","article_published_time":"2025-07-25T11:30:26+00:00","og_image":[{"width":1024,"height":581,"url":"https:\/\/jornaldasoficinas.com\/pt\/wp-content\/uploads\/2025\/07\/FPT-Industrial-celebra-150-anos-na-fabrica-de-Bourbon-Lancy.jpeg","type":"image\/jpeg"}],"author":"Reda\u00e7\u00e3o JO","twitter_card":"summary_large_image","twitter_creator":"@jornaloficinas","twitter_site":"@jornaloficinas","twitter_misc":{"Escrito por":"Reda\u00e7\u00e3o JO","Tempo estimado de leitura":"4 minutos"},"schema":{"@context":"https:\/\/schema.org","@graph":[{"@type":"Article","@id":"https:\/\/jornaldasoficinas.com\/pt\/fpt-industrial-celebra-150-anos-em-bourbon-lancy\/#article","isPartOf":{"@id":"https:\/\/jornaldasoficinas.com\/pt\/fpt-industrial-celebra-150-anos-em-bourbon-lancy\/"},"author":{"name":"Reda\u00e7\u00e3o JO","@id":"https:\/\/jornaldasoficinas.com\/pt\/#\/schema\/person\/a38eef5de2c41d9e7c9ac10141afddf3"},"headline":"FPT Industrial celebra 150 anos em Bourbon-Lancy","datePublished":"2025-07-25T11:30:26+00:00","mainEntityOfPage":{"@id":"https:\/\/jornaldasoficinas.com\/pt\/fpt-industrial-celebra-150-anos-em-bourbon-lancy\/"},"wordCount":675,"publisher":{"@id":"https:\/\/jornaldasoficinas.com\/pt\/#organization"},"image":{"@id":"https:\/\/jornaldasoficinas.com\/pt\/fpt-industrial-celebra-150-anos-em-bourbon-lancy\/#primaryimage"},"thumbnailUrl":"https:\/\/jornaldasoficinas.com\/pt\/wp-content\/uploads\/2025\/07\/FPT-Industrial-celebra-150-anos-na-fabrica-de-Bourbon-Lancy.jpeg","keywords":["150 anos","50 anos","Comemora\u00e7\u00e3o","FPT Industrial","Inova\u00e7\u00e3o","Iveco","marco hist\u00f3rico"],"articleSection":["Pesados"],"inLanguage":"pt-PT"},{"@type":"WebPage","@id":"https:\/\/jornaldasoficinas.com\/pt\/fpt-industrial-celebra-150-anos-em-bourbon-lancy\/","url":"https:\/\/jornaldasoficinas.com\/pt\/fpt-industrial-celebra-150-anos-em-bourbon-lancy\/","name":"FPT Industrial celebra 150 anos em Bourbon-Lancy - Jornal das Oficinas","isPartOf":{"@id":"https:\/\/jornaldasoficinas.com\/pt\/#website"},"primaryImageOfPage":{"@id":"https:\/\/jornaldasoficinas.com\/pt\/fpt-industrial-celebra-150-anos-em-bourbon-lancy\/#primaryimage"},"image":{"@id":"https:\/\/jornaldasoficinas.com\/pt\/fpt-industrial-celebra-150-anos-em-bourbon-lancy\/#primaryimage"},"thumbnailUrl":"https:\/\/jornaldasoficinas.com\/pt\/wp-content\/uploads\/2025\/07\/FPT-Industrial-celebra-150-anos-na-fabrica-de-Bourbon-Lancy.jpeg","datePublished":"2025-07-25T11:30:26+00:00","description":"No ano em que a IVECO celebra 50 anos, a FPT Industrial comemora mais de 150 anos da sua f\u00e1brica em Bourdon-Lancy","breadcrumb":{"@id":"https:\/\/jornaldasoficinas.com\/pt\/fpt-industrial-celebra-150-anos-em-bourbon-lancy\/#breadcrumb"},"inLanguage":"pt-PT","potentialAction":[{"@type":"ReadAction","target":["https:\/\/jornaldasoficinas.com\/pt\/fpt-industrial-celebra-150-anos-em-bourbon-lancy\/"]}]},{"@type":"ImageObject","inLanguage":"pt-PT","@id":"https:\/\/jornaldasoficinas.com\/pt\/fpt-industrial-celebra-150-anos-em-bourbon-lancy\/#primaryimage","url":"https:\/\/jornaldasoficinas.com\/pt\/wp-content\/uploads\/2025\/07\/FPT-Industrial-celebra-150-anos-na-fabrica-de-Bourbon-Lancy.jpeg","contentUrl":"https:\/\/jornaldasoficinas.com\/pt\/wp-content\/uploads\/2025\/07\/FPT-Industrial-celebra-150-anos-na-fabrica-de-Bourbon-Lancy.jpeg","width":1024,"height":581,"caption":"07 - FPT Industrial celebra 150 anos na fabrica de Bourbon Lancy"},{"@type":"BreadcrumbList","@id":"https:\/\/jornaldasoficinas.com\/pt\/fpt-industrial-celebra-150-anos-em-bourbon-lancy\/#breadcrumb","itemListElement":[{"@type":"ListItem","position":1,"name":"In\u00edcio","item":"https:\/\/jornaldasoficinas.com\/pt\/"},{"@type":"ListItem","position":2,"name":"FPT Industrial celebra 150 anos em Bourbon-Lancy"}]},{"@type":"WebSite","@id":"https:\/\/jornaldasoficinas.com\/pt\/#website","url":"https:\/\/jornaldasoficinas.com\/pt\/","name":"Jornal das Oficinas","description":"Jornal independente do Aftermarket Autom\u00f3vel em Portugal","publisher":{"@id":"https:\/\/jornaldasoficinas.com\/pt\/#organization"},"potentialAction":[{"@type":"SearchAction","target":{"@type":"EntryPoint","urlTemplate":"https:\/\/jornaldasoficinas.com\/pt\/?s={search_term_string}"},"query-input":{"@type":"PropertyValueSpecification","valueRequired":true,"valueName":"search_term_string"}}],"inLanguage":"pt-PT"},{"@type":"Organization","@id":"https:\/\/jornaldasoficinas.com\/pt\/#organization","name":"Jornal das Oficinas","url":"https:\/\/jornaldasoficinas.com\/pt\/","logo":{"@type":"ImageObject","inLanguage":"pt-PT","@id":"https:\/\/jornaldasoficinas.com\/pt\/#\/schema\/logo\/image\/","url":"https:\/\/jornaldasoficinas.com\/pt\/wp-content\/uploads\/logoJO-SEO.png","contentUrl":"https:\/\/jornaldasoficinas.com\/pt\/wp-content\/uploads\/logoJO-SEO.png","width":285,"height":450,"caption":"Jornal das Oficinas"},"image":{"@id":"https:\/\/jornaldasoficinas.com\/pt\/#\/schema\/logo\/image\/"},"sameAs":["https:\/\/www.facebook.com\/jornaloficinas","https:\/\/x.com\/jornaloficinas","https:\/\/www.instagram.com\/jornal_oficinas\/","https:\/\/www.linkedin.com\/company\/jornal-das-oficinas\/","https:\/\/www.youtube.com\/channel\/UCbQZBqtcvV-oSQrr7RzINGg"]},{"@type":"Person","@id":"https:\/\/jornaldasoficinas.com\/pt\/#\/schema\/person\/a38eef5de2c41d9e7c9ac10141afddf3","name":"Reda\u00e7\u00e3o JO","image":{"@type":"ImageObject","inLanguage":"pt-PT","@id":"https:\/\/secure.gravatar.com\/avatar\/71f2fa71737ad68a84fea94bc708ddac8ea5b0c4788dc2ad202f3ccb2887742f?s=96&d=wp_user_avatar&r=g","url":"https:\/\/secure.gravatar.com\/avatar\/71f2fa71737ad68a84fea94bc708ddac8ea5b0c4788dc2ad202f3ccb2887742f?s=96&d=wp_user_avatar&r=g","contentUrl":"https:\/\/secure.gravatar.com\/avatar\/71f2fa71737ad68a84fea94bc708ddac8ea5b0c4788dc2ad202f3ccb2887742f?s=96&d=wp_user_avatar&r=g","caption":"Reda\u00e7\u00e3o JO"},"url":"https:\/\/jornaldasoficinas.com\/pt\/author\/joredacao\/"}]}},"_links":{"self":[{"href":"https:\/\/jornaldasoficinas.com\/pt\/wp-json\/wp\/v2\/posts\/104821","targetHints":{"allow":["GET"]}}],"collection":[{"href":"https:\/\/jornaldasoficinas.com\/pt\/wp-json\/wp\/v2\/posts"}],"about":[{"href":"https:\/\/jornaldasoficinas.com\/pt\/wp-json\/wp\/v2\/types\/post"}],"author":[{"embeddable":true,"href":"https:\/\/jornaldasoficinas.com\/pt\/wp-json\/wp\/v2\/users\/15"}],"replies":[{"embeddable":true,"href":"https:\/\/jornaldasoficinas.com\/pt\/wp-json\/wp\/v2\/comments?post=104821"}],"version-history":[{"count":5,"href":"https:\/\/jornaldasoficinas.com\/pt\/wp-json\/wp\/v2\/posts\/104821\/revisions"}],"predecessor-version":[{"id":104845,"href":"https:\/\/jornaldasoficinas.com\/pt\/wp-json\/wp\/v2\/posts\/104821\/revisions\/104845"}],"wp:featuredmedia":[{"embeddable":true,"href":"https:\/\/jornaldasoficinas.com\/pt\/wp-json\/wp\/v2\/media\/104825"}],"wp:attachment":[{"href":"https:\/\/jornaldasoficinas.com\/pt\/wp-json\/wp\/v2\/media?parent=104821"}],"wp:term":[{"taxonomy":"category","embeddable":true,"href":"https:\/\/jornaldasoficinas.com\/pt\/wp-json\/wp\/v2\/categories?post=104821"},{"taxonomy":"post_tag","embeddable":true,"href":"https:\/\/jornaldasoficinas.com\/pt\/wp-json\/wp\/v2\/tags?post=104821"}],"curies":[{"name":"wp","href":"https:\/\/api.w.org\/{rel}","templated":true}]}}