{"id":104884,"date":"2025-07-29T08:00:24","date_gmt":"2025-07-29T07:00:24","guid":{"rendered":"https:\/\/jornaldasoficinas.com\/pt\/?p=104884"},"modified":"2025-07-28T10:54:47","modified_gmt":"2025-07-28T09:54:47","slug":"bolt-cria-primeira-subscricao-de-mobilidade-integrada","status":"publish","type":"post","link":"https:\/\/jornaldasoficinas.com\/pt\/bolt-cria-primeira-subscricao-de-mobilidade-integrada\/","title":{"rendered":"Bolt cria primeira subscri\u00e7\u00e3o de mobilidade integrada"},"content":{"rendered":"<p><strong><img loading=\"lazy\" decoding=\"async\" class=\"alignnone size-full wp-image-104892\" src=\"https:\/\/jornaldasoficinas.com\/pt\/wp-content\/uploads\/2025\/07\/Bolt-cria-primeira-subscricao-de-mobilidade-integrada.jpg\" alt=\"07 - Bolt cria primeira subscricao de mobilidade integrada\" width=\"1024\" height=\"581\" srcset=\"https:\/\/jornaldasoficinas.com\/pt\/wp-content\/uploads\/2025\/07\/Bolt-cria-primeira-subscricao-de-mobilidade-integrada.jpg 1024w, https:\/\/jornaldasoficinas.com\/pt\/wp-content\/uploads\/2025\/07\/Bolt-cria-primeira-subscricao-de-mobilidade-integrada-300x170.jpg 300w, https:\/\/jornaldasoficinas.com\/pt\/wp-content\/uploads\/2025\/07\/Bolt-cria-primeira-subscricao-de-mobilidade-integrada-150x85.jpg 150w, https:\/\/jornaldasoficinas.com\/pt\/wp-content\/uploads\/2025\/07\/Bolt-cria-primeira-subscricao-de-mobilidade-integrada-768x436.jpg 768w\" sizes=\"auto, (max-width: 1024px) 100vw, 1024px\" \/><\/strong><\/p>\n<p><strong>A nova subscri\u00e7\u00e3o representa a evolu\u00e7\u00e3o do servi\u00e7o <a href=\"https:\/\/bolt.eu\/pt-pt\/\" target=\"_blank\" rel=\"noopener\">Bolt<\/a> Plus, lan\u00e7ado no pa\u00eds no final do ano passado, que agora passa a integrar trotinetes, bicicletas e TVDE<\/strong><\/p>\n<p>Depois de ter sido lan\u00e7ado no final do ano passado em Portugal, o servi\u00e7o de subscri\u00e7\u00e3o da Bolt, Bolt Plus, ganha uma nova vertente e passa a incluir os ve\u00edculos de micromobilidade (trotinetes e bicicletas el\u00e9tricas) da operadora estoniana. Esta \u00e9, assim, a primeira subscri\u00e7\u00e3o de mobilidade integrada lan\u00e7ada no mercado nacional.<\/p>\n<p>A partir de agora, os subscritores poder\u00e3o passar a usufruir desta modalidade nas 15 cidades onde o servi\u00e7o est\u00e1 dispon\u00edvel. Al\u00e9m disso, durante a \u00e9poca de ver\u00e3o, os clientes recebem 120 minutos de tempo de viagem gratuito por m\u00eas, reduzindo significativamente os custos mensais.<\/p>\n<p>A expans\u00e3o est\u00e1 alinhada com a economia de subscri\u00e7\u00f5es em r\u00e1pido crescimento em Portugal. Segundo o mais recente bar\u00f3metro BStream da Marktest, os consumidores portugueses est\u00e3o a aderir cada vez mais a subscri\u00e7\u00f5es nas \u00e1reas do entretenimento, fitness e mobilidade. A Bolt responde a esta tend\u00eancia oferecendo uma solu\u00e7\u00e3o de transporte flex\u00edvel e tudo-em-um, adaptada aos estilos de vida modernos e urbanos.<\/p>\n<p>Isto faz do Bolt Plus mais do que um simples servi\u00e7o de mobilidade \u2014 \u00e9 uma subscri\u00e7\u00e3o inteligente de estilo de vida, refor\u00e7ando a vis\u00e3o da Bolt de construir cidades para pessoas, e n\u00e3o para carros.<\/p>\n<p>&#8220;Queremos ser, acima de tudo, uma aplica\u00e7\u00e3o de e pela mobilidade nas cidades. A mobilidade partilhada, seja TVDE, trotinetes ou bicicletas, t\u00eam visto um crescimento exponencial na sua ado\u00e7\u00e3o ao longo dos \u00faltimos anos. N\u00f3s queremos ajudar a solidificar este fen\u00f3meno, oferecendo-o de forma mais acess\u00edvel a quem procura deixar o carro em casa e deslocar-se de forma mais consciente&#8221;, afirmou Frederico Ven\u00e2ncio, respons\u00e1vel de Micromobilidade da Bolt em Portugal e Espanha.<\/p>\n<p>&#8220;Os membros do Bolt Plus usufruem de benef\u00edcios que permitem poupar tempo e dinheiro como recolhas priorit\u00e1rias sempre que pedirem um TVDE, reduzindo os tempos de espera. T\u00eam tamb\u00e9m 15% de cashback (retorno do valor) em viagens ao aeroporto, agendadas e premium; e 10% em todas as outras categorias. Os valores acumulados podem ser utilizados atrav\u00e9s do saldo Bolt Balance. Os membros t\u00eam ainda direito a tr\u00eas cancelamentos gratuitos por m\u00eas, dando-lhes flexibilidade para desistir de uma viagem caso necess\u00e1rio&#8221;, informou a Bolt.<\/p>\n<p>O primeiro m\u00eas \u00e9 gratuito e, ap\u00f3s esse per\u00edodo, a subscri\u00e7\u00e3o tem um custo de 4,99\u20ac, com poupan\u00e7as m\u00e9dias de 17\u20ac mensais por utilizador. Os servi\u00e7os de TVDE da Bolt est\u00e3o atualmente dispon\u00edveis virtualmente em todo o territ\u00f3rio nacional, enquanto a Bolt Food opera em mais de 20 cidades. A subscri\u00e7\u00e3o ao Bolt Plus \u00e9 v\u00e1lida em todas as regi\u00f5es de Portugal onde a Bolt est\u00e1 presente.<\/p>\n","protected":false},"excerpt":{"rendered":"<p>A nova subscri\u00e7\u00e3o representa a evolu\u00e7\u00e3o&#8230;<\/p>\n","protected":false},"author":15,"featured_media":104892,"comment_status":"closed","ping_status":"closed","sticky":false,"template":"","format":"standard","meta":{"footnotes":""},"categories":[29],"tags":[752,13225,7834,13227,7465,13226],"class_list":["post-104884","post","type-post","status-publish","format-standard","has-post-thumbnail","hentry","category-empresas","tag-bolt","tag-bolt-plus","tag-lancamento","tag-mobilidade-integrada","tag-novidade","tag-subscricao"],"yoast_head":"<!-- This site is optimized with the Yoast SEO plugin v27.4 - https:\/\/yoast.com\/product\/yoast-seo-wordpress\/ -->\n<title>Bolt cria primeira subscri\u00e7\u00e3o de mobilidade integrada - Jornal das Oficinas<\/title>\n<meta name=\"description\" content=\"A nova subscri\u00e7\u00e3o representa a evolu\u00e7\u00e3o do servi\u00e7o Bolt Plus que agora passa a integrar trotinetes, bicicletas e TVDE\" \/>\n<meta name=\"robots\" content=\"index, follow, max-snippet:-1, max-image-preview:large, max-video-preview:-1\" \/>\n<link rel=\"canonical\" href=\"https:\/\/jornaldasoficinas.com\/pt\/bolt-cria-primeira-subscricao-de-mobilidade-integrada\/\" \/>\n<meta property=\"og:locale\" content=\"pt_PT\" \/>\n<meta property=\"og:type\" content=\"article\" \/>\n<meta property=\"og:title\" content=\"Bolt cria primeira subscri\u00e7\u00e3o de mobilidade integrada - Jornal das Oficinas\" \/>\n<meta property=\"og:description\" content=\"A nova subscri\u00e7\u00e3o representa a evolu\u00e7\u00e3o do servi\u00e7o Bolt Plus que agora passa a integrar trotinetes, bicicletas e TVDE\" \/>\n<meta property=\"og:url\" content=\"https:\/\/jornaldasoficinas.com\/pt\/bolt-cria-primeira-subscricao-de-mobilidade-integrada\/\" \/>\n<meta property=\"og:site_name\" content=\"Jornal das Oficinas\" \/>\n<meta property=\"article:publisher\" content=\"https:\/\/www.facebook.com\/jornaloficinas\" \/>\n<meta property=\"article:published_time\" content=\"2025-07-29T07:00:24+00:00\" \/>\n<meta property=\"og:image\" content=\"https:\/\/jornaldasoficinas.com\/pt\/wp-content\/uploads\/2025\/07\/Bolt-cria-primeira-subscricao-de-mobilidade-integrada.jpg\" \/>\n\t<meta property=\"og:image:width\" content=\"1024\" \/>\n\t<meta property=\"og:image:height\" content=\"581\" \/>\n\t<meta property=\"og:image:type\" content=\"image\/jpeg\" \/>\n<meta name=\"author\" content=\"Reda\u00e7\u00e3o JO\" \/>\n<meta name=\"twitter:card\" content=\"summary_large_image\" \/>\n<meta name=\"twitter:creator\" content=\"@jornaloficinas\" \/>\n<meta name=\"twitter:site\" content=\"@jornaloficinas\" \/>\n<meta name=\"twitter:label1\" content=\"Escrito por\" \/>\n\t<meta name=\"twitter:data1\" content=\"Reda\u00e7\u00e3o JO\" \/>\n\t<meta name=\"twitter:label2\" content=\"Tempo estimado de leitura\" \/>\n\t<meta name=\"twitter:data2\" content=\"3 minutos\" \/>\n<script type=\"application\/ld+json\" class=\"yoast-schema-graph\">{\"@context\":\"https:\\\/\\\/schema.org\",\"@graph\":[{\"@type\":\"Article\",\"@id\":\"https:\\\/\\\/jornaldasoficinas.com\\\/pt\\\/bolt-cria-primeira-subscricao-de-mobilidade-integrada\\\/#article\",\"isPartOf\":{\"@id\":\"https:\\\/\\\/jornaldasoficinas.com\\\/pt\\\/bolt-cria-primeira-subscricao-de-mobilidade-integrada\\\/\"},\"author\":{\"name\":\"Reda\u00e7\u00e3o JO\",\"@id\":\"https:\\\/\\\/jornaldasoficinas.com\\\/pt\\\/#\\\/schema\\\/person\\\/a38eef5de2c41d9e7c9ac10141afddf3\"},\"headline\":\"Bolt cria primeira subscri\u00e7\u00e3o de mobilidade integrada\",\"datePublished\":\"2025-07-29T07:00:24+00:00\",\"mainEntityOfPage\":{\"@id\":\"https:\\\/\\\/jornaldasoficinas.com\\\/pt\\\/bolt-cria-primeira-subscricao-de-mobilidade-integrada\\\/\"},\"wordCount\":501,\"publisher\":{\"@id\":\"https:\\\/\\\/jornaldasoficinas.com\\\/pt\\\/#organization\"},\"image\":{\"@id\":\"https:\\\/\\\/jornaldasoficinas.com\\\/pt\\\/bolt-cria-primeira-subscricao-de-mobilidade-integrada\\\/#primaryimage\"},\"thumbnailUrl\":\"https:\\\/\\\/jornaldasoficinas.com\\\/pt\\\/wp-content\\\/uploads\\\/2025\\\/07\\\/Bolt-cria-primeira-subscricao-de-mobilidade-integrada.jpg\",\"keywords\":[\"Bolt\",\"Bolt Plus\",\"lan\u00e7amento\",\"mobilidade integrada\",\"novidade\",\"subscri\u00e7\u00e3o\"],\"articleSection\":[\"Empresas\"],\"inLanguage\":\"pt-PT\"},{\"@type\":\"WebPage\",\"@id\":\"https:\\\/\\\/jornaldasoficinas.com\\\/pt\\\/bolt-cria-primeira-subscricao-de-mobilidade-integrada\\\/\",\"url\":\"https:\\\/\\\/jornaldasoficinas.com\\\/pt\\\/bolt-cria-primeira-subscricao-de-mobilidade-integrada\\\/\",\"name\":\"Bolt cria primeira subscri\u00e7\u00e3o de mobilidade integrada - Jornal das Oficinas\",\"isPartOf\":{\"@id\":\"https:\\\/\\\/jornaldasoficinas.com\\\/pt\\\/#website\"},\"primaryImageOfPage\":{\"@id\":\"https:\\\/\\\/jornaldasoficinas.com\\\/pt\\\/bolt-cria-primeira-subscricao-de-mobilidade-integrada\\\/#primaryimage\"},\"image\":{\"@id\":\"https:\\\/\\\/jornaldasoficinas.com\\\/pt\\\/bolt-cria-primeira-subscricao-de-mobilidade-integrada\\\/#primaryimage\"},\"thumbnailUrl\":\"https:\\\/\\\/jornaldasoficinas.com\\\/pt\\\/wp-content\\\/uploads\\\/2025\\\/07\\\/Bolt-cria-primeira-subscricao-de-mobilidade-integrada.jpg\",\"datePublished\":\"2025-07-29T07:00:24+00:00\",\"description\":\"A nova subscri\u00e7\u00e3o representa a evolu\u00e7\u00e3o do servi\u00e7o Bolt Plus que agora passa a integrar trotinetes, bicicletas e TVDE\",\"breadcrumb\":{\"@id\":\"https:\\\/\\\/jornaldasoficinas.com\\\/pt\\\/bolt-cria-primeira-subscricao-de-mobilidade-integrada\\\/#breadcrumb\"},\"inLanguage\":\"pt-PT\",\"potentialAction\":[{\"@type\":\"ReadAction\",\"target\":[\"https:\\\/\\\/jornaldasoficinas.com\\\/pt\\\/bolt-cria-primeira-subscricao-de-mobilidade-integrada\\\/\"]}]},{\"@type\":\"ImageObject\",\"inLanguage\":\"pt-PT\",\"@id\":\"https:\\\/\\\/jornaldasoficinas.com\\\/pt\\\/bolt-cria-primeira-subscricao-de-mobilidade-integrada\\\/#primaryimage\",\"url\":\"https:\\\/\\\/jornaldasoficinas.com\\\/pt\\\/wp-content\\\/uploads\\\/2025\\\/07\\\/Bolt-cria-primeira-subscricao-de-mobilidade-integrada.jpg\",\"contentUrl\":\"https:\\\/\\\/jornaldasoficinas.com\\\/pt\\\/wp-content\\\/uploads\\\/2025\\\/07\\\/Bolt-cria-primeira-subscricao-de-mobilidade-integrada.jpg\",\"width\":1024,\"height\":581,\"caption\":\"07 - Bolt cria primeira subscricao de mobilidade integrada\"},{\"@type\":\"BreadcrumbList\",\"@id\":\"https:\\\/\\\/jornaldasoficinas.com\\\/pt\\\/bolt-cria-primeira-subscricao-de-mobilidade-integrada\\\/#breadcrumb\",\"itemListElement\":[{\"@type\":\"ListItem\",\"position\":1,\"name\":\"In\u00edcio\",\"item\":\"https:\\\/\\\/jornaldasoficinas.com\\\/pt\\\/\"},{\"@type\":\"ListItem\",\"position\":2,\"name\":\"Bolt cria primeira subscri\u00e7\u00e3o de mobilidade integrada\"}]},{\"@type\":\"WebSite\",\"@id\":\"https:\\\/\\\/jornaldasoficinas.com\\\/pt\\\/#website\",\"url\":\"https:\\\/\\\/jornaldasoficinas.com\\\/pt\\\/\",\"name\":\"Jornal das Oficinas\",\"description\":\"Jornal independente do Aftermarket Autom\u00f3vel em Portugal\",\"publisher\":{\"@id\":\"https:\\\/\\\/jornaldasoficinas.com\\\/pt\\\/#organization\"},\"potentialAction\":[{\"@type\":\"SearchAction\",\"target\":{\"@type\":\"EntryPoint\",\"urlTemplate\":\"https:\\\/\\\/jornaldasoficinas.com\\\/pt\\\/?s={search_term_string}\"},\"query-input\":{\"@type\":\"PropertyValueSpecification\",\"valueRequired\":true,\"valueName\":\"search_term_string\"}}],\"inLanguage\":\"pt-PT\"},{\"@type\":\"Organization\",\"@id\":\"https:\\\/\\\/jornaldasoficinas.com\\\/pt\\\/#organization\",\"name\":\"Jornal das Oficinas\",\"url\":\"https:\\\/\\\/jornaldasoficinas.com\\\/pt\\\/\",\"logo\":{\"@type\":\"ImageObject\",\"inLanguage\":\"pt-PT\",\"@id\":\"https:\\\/\\\/jornaldasoficinas.com\\\/pt\\\/#\\\/schema\\\/logo\\\/image\\\/\",\"url\":\"https:\\\/\\\/jornaldasoficinas.com\\\/pt\\\/wp-content\\\/uploads\\\/logoJO-SEO.png\",\"contentUrl\":\"https:\\\/\\\/jornaldasoficinas.com\\\/pt\\\/wp-content\\\/uploads\\\/logoJO-SEO.png\",\"width\":285,\"height\":450,\"caption\":\"Jornal das Oficinas\"},\"image\":{\"@id\":\"https:\\\/\\\/jornaldasoficinas.com\\\/pt\\\/#\\\/schema\\\/logo\\\/image\\\/\"},\"sameAs\":[\"https:\\\/\\\/www.facebook.com\\\/jornaloficinas\",\"https:\\\/\\\/x.com\\\/jornaloficinas\",\"https:\\\/\\\/www.instagram.com\\\/jornal_oficinas\\\/\",\"https:\\\/\\\/www.linkedin.com\\\/company\\\/jornal-das-oficinas\\\/\",\"https:\\\/\\\/www.youtube.com\\\/channel\\\/UCbQZBqtcvV-oSQrr7RzINGg\"]},{\"@type\":\"Person\",\"@id\":\"https:\\\/\\\/jornaldasoficinas.com\\\/pt\\\/#\\\/schema\\\/person\\\/a38eef5de2c41d9e7c9ac10141afddf3\",\"name\":\"Reda\u00e7\u00e3o JO\",\"image\":{\"@type\":\"ImageObject\",\"inLanguage\":\"pt-PT\",\"@id\":\"https:\\\/\\\/secure.gravatar.com\\\/avatar\\\/71f2fa71737ad68a84fea94bc708ddac8ea5b0c4788dc2ad202f3ccb2887742f?s=96&d=wp_user_avatar&r=g\",\"url\":\"https:\\\/\\\/secure.gravatar.com\\\/avatar\\\/71f2fa71737ad68a84fea94bc708ddac8ea5b0c4788dc2ad202f3ccb2887742f?s=96&d=wp_user_avatar&r=g\",\"contentUrl\":\"https:\\\/\\\/secure.gravatar.com\\\/avatar\\\/71f2fa71737ad68a84fea94bc708ddac8ea5b0c4788dc2ad202f3ccb2887742f?s=96&d=wp_user_avatar&r=g\",\"caption\":\"Reda\u00e7\u00e3o JO\"},\"url\":\"https:\\\/\\\/jornaldasoficinas.com\\\/pt\\\/author\\\/joredacao\\\/\"}]}<\/script>\n<!-- \/ Yoast SEO plugin. -->","yoast_head_json":{"title":"Bolt cria primeira subscri\u00e7\u00e3o de mobilidade integrada - Jornal das Oficinas","description":"A nova subscri\u00e7\u00e3o representa a evolu\u00e7\u00e3o do servi\u00e7o Bolt Plus que agora passa a integrar trotinetes, bicicletas e TVDE","robots":{"index":"index","follow":"follow","max-snippet":"max-snippet:-1","max-image-preview":"max-image-preview:large","max-video-preview":"max-video-preview:-1"},"canonical":"https:\/\/jornaldasoficinas.com\/pt\/bolt-cria-primeira-subscricao-de-mobilidade-integrada\/","og_locale":"pt_PT","og_type":"article","og_title":"Bolt cria primeira subscri\u00e7\u00e3o de mobilidade integrada - Jornal das Oficinas","og_description":"A nova subscri\u00e7\u00e3o representa a evolu\u00e7\u00e3o do servi\u00e7o Bolt Plus que agora passa a integrar trotinetes, bicicletas e TVDE","og_url":"https:\/\/jornaldasoficinas.com\/pt\/bolt-cria-primeira-subscricao-de-mobilidade-integrada\/","og_site_name":"Jornal das Oficinas","article_publisher":"https:\/\/www.facebook.com\/jornaloficinas","article_published_time":"2025-07-29T07:00:24+00:00","og_image":[{"width":1024,"height":581,"url":"https:\/\/jornaldasoficinas.com\/pt\/wp-content\/uploads\/2025\/07\/Bolt-cria-primeira-subscricao-de-mobilidade-integrada.jpg","type":"image\/jpeg"}],"author":"Reda\u00e7\u00e3o JO","twitter_card":"summary_large_image","twitter_creator":"@jornaloficinas","twitter_site":"@jornaloficinas","twitter_misc":{"Escrito por":"Reda\u00e7\u00e3o JO","Tempo estimado de leitura":"3 minutos"},"schema":{"@context":"https:\/\/schema.org","@graph":[{"@type":"Article","@id":"https:\/\/jornaldasoficinas.com\/pt\/bolt-cria-primeira-subscricao-de-mobilidade-integrada\/#article","isPartOf":{"@id":"https:\/\/jornaldasoficinas.com\/pt\/bolt-cria-primeira-subscricao-de-mobilidade-integrada\/"},"author":{"name":"Reda\u00e7\u00e3o JO","@id":"https:\/\/jornaldasoficinas.com\/pt\/#\/schema\/person\/a38eef5de2c41d9e7c9ac10141afddf3"},"headline":"Bolt cria primeira subscri\u00e7\u00e3o de mobilidade integrada","datePublished":"2025-07-29T07:00:24+00:00","mainEntityOfPage":{"@id":"https:\/\/jornaldasoficinas.com\/pt\/bolt-cria-primeira-subscricao-de-mobilidade-integrada\/"},"wordCount":501,"publisher":{"@id":"https:\/\/jornaldasoficinas.com\/pt\/#organization"},"image":{"@id":"https:\/\/jornaldasoficinas.com\/pt\/bolt-cria-primeira-subscricao-de-mobilidade-integrada\/#primaryimage"},"thumbnailUrl":"https:\/\/jornaldasoficinas.com\/pt\/wp-content\/uploads\/2025\/07\/Bolt-cria-primeira-subscricao-de-mobilidade-integrada.jpg","keywords":["Bolt","Bolt Plus","lan\u00e7amento","mobilidade integrada","novidade","subscri\u00e7\u00e3o"],"articleSection":["Empresas"],"inLanguage":"pt-PT"},{"@type":"WebPage","@id":"https:\/\/jornaldasoficinas.com\/pt\/bolt-cria-primeira-subscricao-de-mobilidade-integrada\/","url":"https:\/\/jornaldasoficinas.com\/pt\/bolt-cria-primeira-subscricao-de-mobilidade-integrada\/","name":"Bolt cria primeira subscri\u00e7\u00e3o de mobilidade integrada - Jornal das Oficinas","isPartOf":{"@id":"https:\/\/jornaldasoficinas.com\/pt\/#website"},"primaryImageOfPage":{"@id":"https:\/\/jornaldasoficinas.com\/pt\/bolt-cria-primeira-subscricao-de-mobilidade-integrada\/#primaryimage"},"image":{"@id":"https:\/\/jornaldasoficinas.com\/pt\/bolt-cria-primeira-subscricao-de-mobilidade-integrada\/#primaryimage"},"thumbnailUrl":"https:\/\/jornaldasoficinas.com\/pt\/wp-content\/uploads\/2025\/07\/Bolt-cria-primeira-subscricao-de-mobilidade-integrada.jpg","datePublished":"2025-07-29T07:00:24+00:00","description":"A nova subscri\u00e7\u00e3o representa a evolu\u00e7\u00e3o do servi\u00e7o Bolt Plus que agora passa a integrar trotinetes, bicicletas e TVDE","breadcrumb":{"@id":"https:\/\/jornaldasoficinas.com\/pt\/bolt-cria-primeira-subscricao-de-mobilidade-integrada\/#breadcrumb"},"inLanguage":"pt-PT","potentialAction":[{"@type":"ReadAction","target":["https:\/\/jornaldasoficinas.com\/pt\/bolt-cria-primeira-subscricao-de-mobilidade-integrada\/"]}]},{"@type":"ImageObject","inLanguage":"pt-PT","@id":"https:\/\/jornaldasoficinas.com\/pt\/bolt-cria-primeira-subscricao-de-mobilidade-integrada\/#primaryimage","url":"https:\/\/jornaldasoficinas.com\/pt\/wp-content\/uploads\/2025\/07\/Bolt-cria-primeira-subscricao-de-mobilidade-integrada.jpg","contentUrl":"https:\/\/jornaldasoficinas.com\/pt\/wp-content\/uploads\/2025\/07\/Bolt-cria-primeira-subscricao-de-mobilidade-integrada.jpg","width":1024,"height":581,"caption":"07 - Bolt cria primeira subscricao de mobilidade integrada"},{"@type":"BreadcrumbList","@id":"https:\/\/jornaldasoficinas.com\/pt\/bolt-cria-primeira-subscricao-de-mobilidade-integrada\/#breadcrumb","itemListElement":[{"@type":"ListItem","position":1,"name":"In\u00edcio","item":"https:\/\/jornaldasoficinas.com\/pt\/"},{"@type":"ListItem","position":2,"name":"Bolt cria primeira subscri\u00e7\u00e3o de mobilidade integrada"}]},{"@type":"WebSite","@id":"https:\/\/jornaldasoficinas.com\/pt\/#website","url":"https:\/\/jornaldasoficinas.com\/pt\/","name":"Jornal das Oficinas","description":"Jornal independente do Aftermarket Autom\u00f3vel em Portugal","publisher":{"@id":"https:\/\/jornaldasoficinas.com\/pt\/#organization"},"potentialAction":[{"@type":"SearchAction","target":{"@type":"EntryPoint","urlTemplate":"https:\/\/jornaldasoficinas.com\/pt\/?s={search_term_string}"},"query-input":{"@type":"PropertyValueSpecification","valueRequired":true,"valueName":"search_term_string"}}],"inLanguage":"pt-PT"},{"@type":"Organization","@id":"https:\/\/jornaldasoficinas.com\/pt\/#organization","name":"Jornal das Oficinas","url":"https:\/\/jornaldasoficinas.com\/pt\/","logo":{"@type":"ImageObject","inLanguage":"pt-PT","@id":"https:\/\/jornaldasoficinas.com\/pt\/#\/schema\/logo\/image\/","url":"https:\/\/jornaldasoficinas.com\/pt\/wp-content\/uploads\/logoJO-SEO.png","contentUrl":"https:\/\/jornaldasoficinas.com\/pt\/wp-content\/uploads\/logoJO-SEO.png","width":285,"height":450,"caption":"Jornal das Oficinas"},"image":{"@id":"https:\/\/jornaldasoficinas.com\/pt\/#\/schema\/logo\/image\/"},"sameAs":["https:\/\/www.facebook.com\/jornaloficinas","https:\/\/x.com\/jornaloficinas","https:\/\/www.instagram.com\/jornal_oficinas\/","https:\/\/www.linkedin.com\/company\/jornal-das-oficinas\/","https:\/\/www.youtube.com\/channel\/UCbQZBqtcvV-oSQrr7RzINGg"]},{"@type":"Person","@id":"https:\/\/jornaldasoficinas.com\/pt\/#\/schema\/person\/a38eef5de2c41d9e7c9ac10141afddf3","name":"Reda\u00e7\u00e3o JO","image":{"@type":"ImageObject","inLanguage":"pt-PT","@id":"https:\/\/secure.gravatar.com\/avatar\/71f2fa71737ad68a84fea94bc708ddac8ea5b0c4788dc2ad202f3ccb2887742f?s=96&d=wp_user_avatar&r=g","url":"https:\/\/secure.gravatar.com\/avatar\/71f2fa71737ad68a84fea94bc708ddac8ea5b0c4788dc2ad202f3ccb2887742f?s=96&d=wp_user_avatar&r=g","contentUrl":"https:\/\/secure.gravatar.com\/avatar\/71f2fa71737ad68a84fea94bc708ddac8ea5b0c4788dc2ad202f3ccb2887742f?s=96&d=wp_user_avatar&r=g","caption":"Reda\u00e7\u00e3o JO"},"url":"https:\/\/jornaldasoficinas.com\/pt\/author\/joredacao\/"}]}},"_links":{"self":[{"href":"https:\/\/jornaldasoficinas.com\/pt\/wp-json\/wp\/v2\/posts\/104884","targetHints":{"allow":["GET"]}}],"collection":[{"href":"https:\/\/jornaldasoficinas.com\/pt\/wp-json\/wp\/v2\/posts"}],"about":[{"href":"https:\/\/jornaldasoficinas.com\/pt\/wp-json\/wp\/v2\/types\/post"}],"author":[{"embeddable":true,"href":"https:\/\/jornaldasoficinas.com\/pt\/wp-json\/wp\/v2\/users\/15"}],"replies":[{"embeddable":true,"href":"https:\/\/jornaldasoficinas.com\/pt\/wp-json\/wp\/v2\/comments?post=104884"}],"version-history":[{"count":6,"href":"https:\/\/jornaldasoficinas.com\/pt\/wp-json\/wp\/v2\/posts\/104884\/revisions"}],"predecessor-version":[{"id":104893,"href":"https:\/\/jornaldasoficinas.com\/pt\/wp-json\/wp\/v2\/posts\/104884\/revisions\/104893"}],"wp:featuredmedia":[{"embeddable":true,"href":"https:\/\/jornaldasoficinas.com\/pt\/wp-json\/wp\/v2\/media\/104892"}],"wp:attachment":[{"href":"https:\/\/jornaldasoficinas.com\/pt\/wp-json\/wp\/v2\/media?parent=104884"}],"wp:term":[{"taxonomy":"category","embeddable":true,"href":"https:\/\/jornaldasoficinas.com\/pt\/wp-json\/wp\/v2\/categories?post=104884"},{"taxonomy":"post_tag","embeddable":true,"href":"https:\/\/jornaldasoficinas.com\/pt\/wp-json\/wp\/v2\/tags?post=104884"}],"curies":[{"name":"wp","href":"https:\/\/api.w.org\/{rel}","templated":true}]}}