{"id":104895,"date":"2025-07-29T18:00:07","date_gmt":"2025-07-29T17:00:07","guid":{"rendered":"https:\/\/jornaldasoficinas.com\/pt\/?p=104895"},"modified":"2025-07-28T10:57:41","modified_gmt":"2025-07-28T09:57:41","slug":"ascendi-e-waze-juntas-pela-seguranca-rodoviaria","status":"publish","type":"post","link":"https:\/\/jornaldasoficinas.com\/pt\/ascendi-e-waze-juntas-pela-seguranca-rodoviaria\/","title":{"rendered":"Ascendi e Waze juntas pela seguran\u00e7a rodovi\u00e1ria"},"content":{"rendered":"<p><strong><img loading=\"lazy\" decoding=\"async\" class=\"alignnone size-full wp-image-104898\" src=\"https:\/\/jornaldasoficinas.com\/pt\/wp-content\/uploads\/2025\/07\/Ascendi-e-Waze-juntas-em-campanha-pela-seguranca-rodoviaria.jpg\" alt=\"07 - Ascendi e Waze juntas em campanha pela seguranca rodoviaria\" width=\"1024\" height=\"581\" srcset=\"https:\/\/jornaldasoficinas.com\/pt\/wp-content\/uploads\/2025\/07\/Ascendi-e-Waze-juntas-em-campanha-pela-seguranca-rodoviaria.jpg 1024w, https:\/\/jornaldasoficinas.com\/pt\/wp-content\/uploads\/2025\/07\/Ascendi-e-Waze-juntas-em-campanha-pela-seguranca-rodoviaria-300x170.jpg 300w, https:\/\/jornaldasoficinas.com\/pt\/wp-content\/uploads\/2025\/07\/Ascendi-e-Waze-juntas-em-campanha-pela-seguranca-rodoviaria-150x85.jpg 150w, https:\/\/jornaldasoficinas.com\/pt\/wp-content\/uploads\/2025\/07\/Ascendi-e-Waze-juntas-em-campanha-pela-seguranca-rodoviaria-768x436.jpg 768w\" sizes=\"auto, (max-width: 1024px) 100vw, 1024px\" \/><\/strong><\/p>\n<p><strong>A <a href=\"https:\/\/portal.ascendi.pt\/\" target=\"_blank\" rel=\"noopener\">Ascendi<\/a> volta a refor\u00e7ar a sua parceria com a <a href=\"https:\/\/www.waze.com\/\" target=\"_blank\" rel=\"noopener\">Waze<\/a> numa nova campanha para alertar os condutores sobre altera\u00e7\u00f5es nos limites de velocidade<\/strong><\/p>\n<p>&#8220;Esta nova vaga tem como objetivo apoiar os condutores em zonas onde foram introduzidas recentemente altera\u00e7\u00f5es nos limites m\u00e1ximos de velocidade, concretamente em alguns sublan\u00e7os da A25, entre Albergaria e a Ponte da Barra, ajudando a refor\u00e7ar a seguran\u00e7a rodovi\u00e1ria&#8221;, esclareceu a Ascendi.<\/p>\n<p>Atrav\u00e9s desta campanha, os utilizadores da Waze que circulem nestas \u00e1reas recebem alertas sobre a exist\u00eancia de altera\u00e7\u00f5es nos limites de velocidade, funcionando como um complemento \u00e0 sinaliza\u00e7\u00e3o rodovi\u00e1ria. Esta a\u00e7\u00e3o visa promover uma melhor adapta\u00e7\u00e3o \u00e0s condi\u00e7\u00f5es e regras espec\u00edficas de cada tro\u00e7o.<\/p>\n<p>&#8220;Esta medida adicional, realizada em parceria com a Waze Portugal, integra-se no compromisso cont\u00ednuo da Ascendi em adotar solu\u00e7\u00f5es inovadoras e tecnol\u00f3gicas que apoiem os condutores, contribuindo para decis\u00f5es de condu\u00e7\u00e3o mais seguras e informadas&#8221;, sublinhou.<\/p>\n<p>A 2.\u00aa edi\u00e7\u00e3o da campanha vem dar continuidade ao trabalho iniciado com a primeira fase desta parceria, refor\u00e7ando a aposta da Ascendi na preven\u00e7\u00e3o de comportamentos de risco e na promo\u00e7\u00e3o de uma mobilidade mais segura ao longo da sua rede de autoestradas.<\/p>\n","protected":false},"excerpt":{"rendered":"<p>A Ascendi volta a refor\u00e7ar a&#8230;<\/p>\n","protected":false},"author":15,"featured_media":104898,"comment_status":"closed","ping_status":"closed","sticky":false,"template":"","format":"standard","meta":{"footnotes":""},"categories":[29],"tags":[2397,3131,13229,13230,3217,3563,13228],"class_list":["post-104895","post","type-post","status-publish","format-standard","has-post-thumbnail","hentry","category-empresas","tag-ascendi","tag-campanha","tag-limites-de-velocidade","tag-mobilidade-segura","tag-parceria","tag-seguranca-rodoviaria","tag-waze"],"yoast_head":"<!-- This site is optimized with the Yoast SEO plugin v27.4 - https:\/\/yoast.com\/product\/yoast-seo-wordpress\/ -->\n<title>Ascendi e Waze juntas pela seguran\u00e7a rodovi\u00e1ria - Jornal das Oficinas<\/title>\n<meta name=\"description\" content=\"A Ascendi volta a refor\u00e7ar a sua parceria com a Waze numa nova campanha para alertar os condutores sobre altera\u00e7\u00f5es nos limites de velocidade\" \/>\n<meta name=\"robots\" content=\"index, follow, max-snippet:-1, max-image-preview:large, max-video-preview:-1\" \/>\n<link rel=\"canonical\" href=\"https:\/\/jornaldasoficinas.com\/pt\/ascendi-e-waze-juntas-pela-seguranca-rodoviaria\/\" \/>\n<meta property=\"og:locale\" content=\"pt_PT\" \/>\n<meta property=\"og:type\" content=\"article\" \/>\n<meta property=\"og:title\" content=\"Ascendi e Waze juntas pela seguran\u00e7a rodovi\u00e1ria - Jornal das Oficinas\" \/>\n<meta property=\"og:description\" content=\"A Ascendi volta a refor\u00e7ar a sua parceria com a Waze numa nova campanha para alertar os condutores sobre altera\u00e7\u00f5es nos limites de velocidade\" \/>\n<meta property=\"og:url\" content=\"https:\/\/jornaldasoficinas.com\/pt\/ascendi-e-waze-juntas-pela-seguranca-rodoviaria\/\" \/>\n<meta property=\"og:site_name\" content=\"Jornal das Oficinas\" \/>\n<meta property=\"article:publisher\" content=\"https:\/\/www.facebook.com\/jornaloficinas\" \/>\n<meta property=\"article:published_time\" content=\"2025-07-29T17:00:07+00:00\" \/>\n<meta property=\"og:image\" content=\"https:\/\/jornaldasoficinas.com\/pt\/wp-content\/uploads\/2025\/07\/Ascendi-e-Waze-juntas-em-campanha-pela-seguranca-rodoviaria.jpg\" \/>\n\t<meta property=\"og:image:width\" content=\"1024\" \/>\n\t<meta property=\"og:image:height\" content=\"581\" \/>\n\t<meta property=\"og:image:type\" content=\"image\/jpeg\" \/>\n<meta name=\"author\" content=\"Reda\u00e7\u00e3o JO\" \/>\n<meta name=\"twitter:card\" content=\"summary_large_image\" \/>\n<meta name=\"twitter:creator\" content=\"@jornaloficinas\" \/>\n<meta name=\"twitter:site\" content=\"@jornaloficinas\" \/>\n<meta name=\"twitter:label1\" content=\"Escrito por\" \/>\n\t<meta name=\"twitter:data1\" content=\"Reda\u00e7\u00e3o JO\" \/>\n\t<meta name=\"twitter:label2\" content=\"Tempo estimado de leitura\" \/>\n\t<meta name=\"twitter:data2\" content=\"2 minutos\" \/>\n<script type=\"application\/ld+json\" class=\"yoast-schema-graph\">{\"@context\":\"https:\\\/\\\/schema.org\",\"@graph\":[{\"@type\":\"Article\",\"@id\":\"https:\\\/\\\/jornaldasoficinas.com\\\/pt\\\/ascendi-e-waze-juntas-pela-seguranca-rodoviaria\\\/#article\",\"isPartOf\":{\"@id\":\"https:\\\/\\\/jornaldasoficinas.com\\\/pt\\\/ascendi-e-waze-juntas-pela-seguranca-rodoviaria\\\/\"},\"author\":{\"name\":\"Reda\u00e7\u00e3o JO\",\"@id\":\"https:\\\/\\\/jornaldasoficinas.com\\\/pt\\\/#\\\/schema\\\/person\\\/a38eef5de2c41d9e7c9ac10141afddf3\"},\"headline\":\"Ascendi e Waze juntas pela seguran\u00e7a rodovi\u00e1ria\",\"datePublished\":\"2025-07-29T17:00:07+00:00\",\"mainEntityOfPage\":{\"@id\":\"https:\\\/\\\/jornaldasoficinas.com\\\/pt\\\/ascendi-e-waze-juntas-pela-seguranca-rodoviaria\\\/\"},\"wordCount\":224,\"publisher\":{\"@id\":\"https:\\\/\\\/jornaldasoficinas.com\\\/pt\\\/#organization\"},\"image\":{\"@id\":\"https:\\\/\\\/jornaldasoficinas.com\\\/pt\\\/ascendi-e-waze-juntas-pela-seguranca-rodoviaria\\\/#primaryimage\"},\"thumbnailUrl\":\"https:\\\/\\\/jornaldasoficinas.com\\\/pt\\\/wp-content\\\/uploads\\\/2025\\\/07\\\/Ascendi-e-Waze-juntas-em-campanha-pela-seguranca-rodoviaria.jpg\",\"keywords\":[\"Ascendi\",\"Campanha\",\"limites de velocidade\",\"mobilidade segura\",\"Parceria\",\"Seguran\u00e7a rodovi\u00e1ria\",\"Waze\"],\"articleSection\":[\"Empresas\"],\"inLanguage\":\"pt-PT\"},{\"@type\":\"WebPage\",\"@id\":\"https:\\\/\\\/jornaldasoficinas.com\\\/pt\\\/ascendi-e-waze-juntas-pela-seguranca-rodoviaria\\\/\",\"url\":\"https:\\\/\\\/jornaldasoficinas.com\\\/pt\\\/ascendi-e-waze-juntas-pela-seguranca-rodoviaria\\\/\",\"name\":\"Ascendi e Waze juntas pela seguran\u00e7a rodovi\u00e1ria - Jornal das Oficinas\",\"isPartOf\":{\"@id\":\"https:\\\/\\\/jornaldasoficinas.com\\\/pt\\\/#website\"},\"primaryImageOfPage\":{\"@id\":\"https:\\\/\\\/jornaldasoficinas.com\\\/pt\\\/ascendi-e-waze-juntas-pela-seguranca-rodoviaria\\\/#primaryimage\"},\"image\":{\"@id\":\"https:\\\/\\\/jornaldasoficinas.com\\\/pt\\\/ascendi-e-waze-juntas-pela-seguranca-rodoviaria\\\/#primaryimage\"},\"thumbnailUrl\":\"https:\\\/\\\/jornaldasoficinas.com\\\/pt\\\/wp-content\\\/uploads\\\/2025\\\/07\\\/Ascendi-e-Waze-juntas-em-campanha-pela-seguranca-rodoviaria.jpg\",\"datePublished\":\"2025-07-29T17:00:07+00:00\",\"description\":\"A Ascendi volta a refor\u00e7ar a sua parceria com a Waze numa nova campanha para alertar os condutores sobre altera\u00e7\u00f5es nos limites de velocidade\",\"breadcrumb\":{\"@id\":\"https:\\\/\\\/jornaldasoficinas.com\\\/pt\\\/ascendi-e-waze-juntas-pela-seguranca-rodoviaria\\\/#breadcrumb\"},\"inLanguage\":\"pt-PT\",\"potentialAction\":[{\"@type\":\"ReadAction\",\"target\":[\"https:\\\/\\\/jornaldasoficinas.com\\\/pt\\\/ascendi-e-waze-juntas-pela-seguranca-rodoviaria\\\/\"]}]},{\"@type\":\"ImageObject\",\"inLanguage\":\"pt-PT\",\"@id\":\"https:\\\/\\\/jornaldasoficinas.com\\\/pt\\\/ascendi-e-waze-juntas-pela-seguranca-rodoviaria\\\/#primaryimage\",\"url\":\"https:\\\/\\\/jornaldasoficinas.com\\\/pt\\\/wp-content\\\/uploads\\\/2025\\\/07\\\/Ascendi-e-Waze-juntas-em-campanha-pela-seguranca-rodoviaria.jpg\",\"contentUrl\":\"https:\\\/\\\/jornaldasoficinas.com\\\/pt\\\/wp-content\\\/uploads\\\/2025\\\/07\\\/Ascendi-e-Waze-juntas-em-campanha-pela-seguranca-rodoviaria.jpg\",\"width\":1024,\"height\":581,\"caption\":\"07 - Ascendi e Waze juntas em campanha pela seguranca rodoviaria\"},{\"@type\":\"BreadcrumbList\",\"@id\":\"https:\\\/\\\/jornaldasoficinas.com\\\/pt\\\/ascendi-e-waze-juntas-pela-seguranca-rodoviaria\\\/#breadcrumb\",\"itemListElement\":[{\"@type\":\"ListItem\",\"position\":1,\"name\":\"In\u00edcio\",\"item\":\"https:\\\/\\\/jornaldasoficinas.com\\\/pt\\\/\"},{\"@type\":\"ListItem\",\"position\":2,\"name\":\"Ascendi e Waze juntas pela seguran\u00e7a rodovi\u00e1ria\"}]},{\"@type\":\"WebSite\",\"@id\":\"https:\\\/\\\/jornaldasoficinas.com\\\/pt\\\/#website\",\"url\":\"https:\\\/\\\/jornaldasoficinas.com\\\/pt\\\/\",\"name\":\"Jornal das Oficinas\",\"description\":\"Jornal independente do Aftermarket Autom\u00f3vel em Portugal\",\"publisher\":{\"@id\":\"https:\\\/\\\/jornaldasoficinas.com\\\/pt\\\/#organization\"},\"potentialAction\":[{\"@type\":\"SearchAction\",\"target\":{\"@type\":\"EntryPoint\",\"urlTemplate\":\"https:\\\/\\\/jornaldasoficinas.com\\\/pt\\\/?s={search_term_string}\"},\"query-input\":{\"@type\":\"PropertyValueSpecification\",\"valueRequired\":true,\"valueName\":\"search_term_string\"}}],\"inLanguage\":\"pt-PT\"},{\"@type\":\"Organization\",\"@id\":\"https:\\\/\\\/jornaldasoficinas.com\\\/pt\\\/#organization\",\"name\":\"Jornal das Oficinas\",\"url\":\"https:\\\/\\\/jornaldasoficinas.com\\\/pt\\\/\",\"logo\":{\"@type\":\"ImageObject\",\"inLanguage\":\"pt-PT\",\"@id\":\"https:\\\/\\\/jornaldasoficinas.com\\\/pt\\\/#\\\/schema\\\/logo\\\/image\\\/\",\"url\":\"https:\\\/\\\/jornaldasoficinas.com\\\/pt\\\/wp-content\\\/uploads\\\/logoJO-SEO.png\",\"contentUrl\":\"https:\\\/\\\/jornaldasoficinas.com\\\/pt\\\/wp-content\\\/uploads\\\/logoJO-SEO.png\",\"width\":285,\"height\":450,\"caption\":\"Jornal das Oficinas\"},\"image\":{\"@id\":\"https:\\\/\\\/jornaldasoficinas.com\\\/pt\\\/#\\\/schema\\\/logo\\\/image\\\/\"},\"sameAs\":[\"https:\\\/\\\/www.facebook.com\\\/jornaloficinas\",\"https:\\\/\\\/x.com\\\/jornaloficinas\",\"https:\\\/\\\/www.instagram.com\\\/jornal_oficinas\\\/\",\"https:\\\/\\\/www.linkedin.com\\\/company\\\/jornal-das-oficinas\\\/\",\"https:\\\/\\\/www.youtube.com\\\/channel\\\/UCbQZBqtcvV-oSQrr7RzINGg\"]},{\"@type\":\"Person\",\"@id\":\"https:\\\/\\\/jornaldasoficinas.com\\\/pt\\\/#\\\/schema\\\/person\\\/a38eef5de2c41d9e7c9ac10141afddf3\",\"name\":\"Reda\u00e7\u00e3o JO\",\"image\":{\"@type\":\"ImageObject\",\"inLanguage\":\"pt-PT\",\"@id\":\"https:\\\/\\\/secure.gravatar.com\\\/avatar\\\/71f2fa71737ad68a84fea94bc708ddac8ea5b0c4788dc2ad202f3ccb2887742f?s=96&d=wp_user_avatar&r=g\",\"url\":\"https:\\\/\\\/secure.gravatar.com\\\/avatar\\\/71f2fa71737ad68a84fea94bc708ddac8ea5b0c4788dc2ad202f3ccb2887742f?s=96&d=wp_user_avatar&r=g\",\"contentUrl\":\"https:\\\/\\\/secure.gravatar.com\\\/avatar\\\/71f2fa71737ad68a84fea94bc708ddac8ea5b0c4788dc2ad202f3ccb2887742f?s=96&d=wp_user_avatar&r=g\",\"caption\":\"Reda\u00e7\u00e3o JO\"},\"url\":\"https:\\\/\\\/jornaldasoficinas.com\\\/pt\\\/author\\\/joredacao\\\/\"}]}<\/script>\n<!-- \/ Yoast SEO plugin. -->","yoast_head_json":{"title":"Ascendi e Waze juntas pela seguran\u00e7a rodovi\u00e1ria - Jornal das Oficinas","description":"A Ascendi volta a refor\u00e7ar a sua parceria com a Waze numa nova campanha para alertar os condutores sobre altera\u00e7\u00f5es nos limites de velocidade","robots":{"index":"index","follow":"follow","max-snippet":"max-snippet:-1","max-image-preview":"max-image-preview:large","max-video-preview":"max-video-preview:-1"},"canonical":"https:\/\/jornaldasoficinas.com\/pt\/ascendi-e-waze-juntas-pela-seguranca-rodoviaria\/","og_locale":"pt_PT","og_type":"article","og_title":"Ascendi e Waze juntas pela seguran\u00e7a rodovi\u00e1ria - Jornal das Oficinas","og_description":"A Ascendi volta a refor\u00e7ar a sua parceria com a Waze numa nova campanha para alertar os condutores sobre altera\u00e7\u00f5es nos limites de velocidade","og_url":"https:\/\/jornaldasoficinas.com\/pt\/ascendi-e-waze-juntas-pela-seguranca-rodoviaria\/","og_site_name":"Jornal das Oficinas","article_publisher":"https:\/\/www.facebook.com\/jornaloficinas","article_published_time":"2025-07-29T17:00:07+00:00","og_image":[{"width":1024,"height":581,"url":"https:\/\/jornaldasoficinas.com\/pt\/wp-content\/uploads\/2025\/07\/Ascendi-e-Waze-juntas-em-campanha-pela-seguranca-rodoviaria.jpg","type":"image\/jpeg"}],"author":"Reda\u00e7\u00e3o JO","twitter_card":"summary_large_image","twitter_creator":"@jornaloficinas","twitter_site":"@jornaloficinas","twitter_misc":{"Escrito por":"Reda\u00e7\u00e3o JO","Tempo estimado de leitura":"2 minutos"},"schema":{"@context":"https:\/\/schema.org","@graph":[{"@type":"Article","@id":"https:\/\/jornaldasoficinas.com\/pt\/ascendi-e-waze-juntas-pela-seguranca-rodoviaria\/#article","isPartOf":{"@id":"https:\/\/jornaldasoficinas.com\/pt\/ascendi-e-waze-juntas-pela-seguranca-rodoviaria\/"},"author":{"name":"Reda\u00e7\u00e3o JO","@id":"https:\/\/jornaldasoficinas.com\/pt\/#\/schema\/person\/a38eef5de2c41d9e7c9ac10141afddf3"},"headline":"Ascendi e Waze juntas pela seguran\u00e7a rodovi\u00e1ria","datePublished":"2025-07-29T17:00:07+00:00","mainEntityOfPage":{"@id":"https:\/\/jornaldasoficinas.com\/pt\/ascendi-e-waze-juntas-pela-seguranca-rodoviaria\/"},"wordCount":224,"publisher":{"@id":"https:\/\/jornaldasoficinas.com\/pt\/#organization"},"image":{"@id":"https:\/\/jornaldasoficinas.com\/pt\/ascendi-e-waze-juntas-pela-seguranca-rodoviaria\/#primaryimage"},"thumbnailUrl":"https:\/\/jornaldasoficinas.com\/pt\/wp-content\/uploads\/2025\/07\/Ascendi-e-Waze-juntas-em-campanha-pela-seguranca-rodoviaria.jpg","keywords":["Ascendi","Campanha","limites de velocidade","mobilidade segura","Parceria","Seguran\u00e7a rodovi\u00e1ria","Waze"],"articleSection":["Empresas"],"inLanguage":"pt-PT"},{"@type":"WebPage","@id":"https:\/\/jornaldasoficinas.com\/pt\/ascendi-e-waze-juntas-pela-seguranca-rodoviaria\/","url":"https:\/\/jornaldasoficinas.com\/pt\/ascendi-e-waze-juntas-pela-seguranca-rodoviaria\/","name":"Ascendi e Waze juntas pela seguran\u00e7a rodovi\u00e1ria - Jornal das Oficinas","isPartOf":{"@id":"https:\/\/jornaldasoficinas.com\/pt\/#website"},"primaryImageOfPage":{"@id":"https:\/\/jornaldasoficinas.com\/pt\/ascendi-e-waze-juntas-pela-seguranca-rodoviaria\/#primaryimage"},"image":{"@id":"https:\/\/jornaldasoficinas.com\/pt\/ascendi-e-waze-juntas-pela-seguranca-rodoviaria\/#primaryimage"},"thumbnailUrl":"https:\/\/jornaldasoficinas.com\/pt\/wp-content\/uploads\/2025\/07\/Ascendi-e-Waze-juntas-em-campanha-pela-seguranca-rodoviaria.jpg","datePublished":"2025-07-29T17:00:07+00:00","description":"A Ascendi volta a refor\u00e7ar a sua parceria com a Waze numa nova campanha para alertar os condutores sobre altera\u00e7\u00f5es nos limites de velocidade","breadcrumb":{"@id":"https:\/\/jornaldasoficinas.com\/pt\/ascendi-e-waze-juntas-pela-seguranca-rodoviaria\/#breadcrumb"},"inLanguage":"pt-PT","potentialAction":[{"@type":"ReadAction","target":["https:\/\/jornaldasoficinas.com\/pt\/ascendi-e-waze-juntas-pela-seguranca-rodoviaria\/"]}]},{"@type":"ImageObject","inLanguage":"pt-PT","@id":"https:\/\/jornaldasoficinas.com\/pt\/ascendi-e-waze-juntas-pela-seguranca-rodoviaria\/#primaryimage","url":"https:\/\/jornaldasoficinas.com\/pt\/wp-content\/uploads\/2025\/07\/Ascendi-e-Waze-juntas-em-campanha-pela-seguranca-rodoviaria.jpg","contentUrl":"https:\/\/jornaldasoficinas.com\/pt\/wp-content\/uploads\/2025\/07\/Ascendi-e-Waze-juntas-em-campanha-pela-seguranca-rodoviaria.jpg","width":1024,"height":581,"caption":"07 - Ascendi e Waze juntas em campanha pela seguranca rodoviaria"},{"@type":"BreadcrumbList","@id":"https:\/\/jornaldasoficinas.com\/pt\/ascendi-e-waze-juntas-pela-seguranca-rodoviaria\/#breadcrumb","itemListElement":[{"@type":"ListItem","position":1,"name":"In\u00edcio","item":"https:\/\/jornaldasoficinas.com\/pt\/"},{"@type":"ListItem","position":2,"name":"Ascendi e Waze juntas pela seguran\u00e7a rodovi\u00e1ria"}]},{"@type":"WebSite","@id":"https:\/\/jornaldasoficinas.com\/pt\/#website","url":"https:\/\/jornaldasoficinas.com\/pt\/","name":"Jornal das Oficinas","description":"Jornal independente do Aftermarket Autom\u00f3vel em Portugal","publisher":{"@id":"https:\/\/jornaldasoficinas.com\/pt\/#organization"},"potentialAction":[{"@type":"SearchAction","target":{"@type":"EntryPoint","urlTemplate":"https:\/\/jornaldasoficinas.com\/pt\/?s={search_term_string}"},"query-input":{"@type":"PropertyValueSpecification","valueRequired":true,"valueName":"search_term_string"}}],"inLanguage":"pt-PT"},{"@type":"Organization","@id":"https:\/\/jornaldasoficinas.com\/pt\/#organization","name":"Jornal das Oficinas","url":"https:\/\/jornaldasoficinas.com\/pt\/","logo":{"@type":"ImageObject","inLanguage":"pt-PT","@id":"https:\/\/jornaldasoficinas.com\/pt\/#\/schema\/logo\/image\/","url":"https:\/\/jornaldasoficinas.com\/pt\/wp-content\/uploads\/logoJO-SEO.png","contentUrl":"https:\/\/jornaldasoficinas.com\/pt\/wp-content\/uploads\/logoJO-SEO.png","width":285,"height":450,"caption":"Jornal das Oficinas"},"image":{"@id":"https:\/\/jornaldasoficinas.com\/pt\/#\/schema\/logo\/image\/"},"sameAs":["https:\/\/www.facebook.com\/jornaloficinas","https:\/\/x.com\/jornaloficinas","https:\/\/www.instagram.com\/jornal_oficinas\/","https:\/\/www.linkedin.com\/company\/jornal-das-oficinas\/","https:\/\/www.youtube.com\/channel\/UCbQZBqtcvV-oSQrr7RzINGg"]},{"@type":"Person","@id":"https:\/\/jornaldasoficinas.com\/pt\/#\/schema\/person\/a38eef5de2c41d9e7c9ac10141afddf3","name":"Reda\u00e7\u00e3o JO","image":{"@type":"ImageObject","inLanguage":"pt-PT","@id":"https:\/\/secure.gravatar.com\/avatar\/71f2fa71737ad68a84fea94bc708ddac8ea5b0c4788dc2ad202f3ccb2887742f?s=96&d=wp_user_avatar&r=g","url":"https:\/\/secure.gravatar.com\/avatar\/71f2fa71737ad68a84fea94bc708ddac8ea5b0c4788dc2ad202f3ccb2887742f?s=96&d=wp_user_avatar&r=g","contentUrl":"https:\/\/secure.gravatar.com\/avatar\/71f2fa71737ad68a84fea94bc708ddac8ea5b0c4788dc2ad202f3ccb2887742f?s=96&d=wp_user_avatar&r=g","caption":"Reda\u00e7\u00e3o JO"},"url":"https:\/\/jornaldasoficinas.com\/pt\/author\/joredacao\/"}]}},"_links":{"self":[{"href":"https:\/\/jornaldasoficinas.com\/pt\/wp-json\/wp\/v2\/posts\/104895","targetHints":{"allow":["GET"]}}],"collection":[{"href":"https:\/\/jornaldasoficinas.com\/pt\/wp-json\/wp\/v2\/posts"}],"about":[{"href":"https:\/\/jornaldasoficinas.com\/pt\/wp-json\/wp\/v2\/types\/post"}],"author":[{"embeddable":true,"href":"https:\/\/jornaldasoficinas.com\/pt\/wp-json\/wp\/v2\/users\/15"}],"replies":[{"embeddable":true,"href":"https:\/\/jornaldasoficinas.com\/pt\/wp-json\/wp\/v2\/comments?post=104895"}],"version-history":[{"count":4,"href":"https:\/\/jornaldasoficinas.com\/pt\/wp-json\/wp\/v2\/posts\/104895\/revisions"}],"predecessor-version":[{"id":104963,"href":"https:\/\/jornaldasoficinas.com\/pt\/wp-json\/wp\/v2\/posts\/104895\/revisions\/104963"}],"wp:featuredmedia":[{"embeddable":true,"href":"https:\/\/jornaldasoficinas.com\/pt\/wp-json\/wp\/v2\/media\/104898"}],"wp:attachment":[{"href":"https:\/\/jornaldasoficinas.com\/pt\/wp-json\/wp\/v2\/media?parent=104895"}],"wp:term":[{"taxonomy":"category","embeddable":true,"href":"https:\/\/jornaldasoficinas.com\/pt\/wp-json\/wp\/v2\/categories?post=104895"},{"taxonomy":"post_tag","embeddable":true,"href":"https:\/\/jornaldasoficinas.com\/pt\/wp-json\/wp\/v2\/tags?post=104895"}],"curies":[{"name":"wp","href":"https:\/\/api.w.org\/{rel}","templated":true}]}}