{"id":104913,"date":"2025-07-28T18:00:03","date_gmt":"2025-07-28T17:00:03","guid":{"rendered":"https:\/\/jornaldasoficinas.com\/pt\/?p=104913"},"modified":"2025-07-28T10:15:29","modified_gmt":"2025-07-28T09:15:29","slug":"portugal-lidera-eletrificacao-dos-usados","status":"publish","type":"post","link":"https:\/\/jornaldasoficinas.com\/pt\/portugal-lidera-eletrificacao-dos-usados\/","title":{"rendered":"Portugal lidera eletrifica\u00e7\u00e3o dos usados"},"content":{"rendered":"<p><strong><img loading=\"lazy\" decoding=\"async\" class=\"alignnone size-full wp-image-104915\" src=\"https:\/\/jornaldasoficinas.com\/pt\/wp-content\/uploads\/2025\/07\/Portugal-lidera-eletrificacao-dos-usados.jpg\" alt=\"07 - Portugal lidera eletrificacao dos usados\" width=\"1024\" height=\"581\" srcset=\"https:\/\/jornaldasoficinas.com\/pt\/wp-content\/uploads\/2025\/07\/Portugal-lidera-eletrificacao-dos-usados.jpg 1024w, https:\/\/jornaldasoficinas.com\/pt\/wp-content\/uploads\/2025\/07\/Portugal-lidera-eletrificacao-dos-usados-300x170.jpg 300w, https:\/\/jornaldasoficinas.com\/pt\/wp-content\/uploads\/2025\/07\/Portugal-lidera-eletrificacao-dos-usados-150x85.jpg 150w, https:\/\/jornaldasoficinas.com\/pt\/wp-content\/uploads\/2025\/07\/Portugal-lidera-eletrificacao-dos-usados-768x436.jpg 768w\" sizes=\"auto, (max-width: 1024px) 100vw, 1024px\" \/><\/strong><\/p>\n<p><strong>O mais recente relat\u00f3rio do <a href=\"https:\/\/indicata.pt\/\" target=\"_blank\" rel=\"noopener\">Observat\u00f3rio INDICATA<\/a> mostra que os ve\u00edculos el\u00e9tricos usados est\u00e3o a transformar o mercado europeu, com Portugal na vanguarda<\/strong><\/p>\n<p>O mais recente relat\u00f3rio do Observat\u00f3rio INDICATA (Edi\u00e7\u00e3o 65) comprova que a eletrifica\u00e7\u00e3o est\u00e1 a reformular o mercado autom\u00f3vel usado em toda a Europa. Os BEV matriculados em massa entre 2022 e 2023 acabam de ingressar no canal dos 3-4 anos, refor\u00e7ando substancialmente a oferta el\u00e9trica, enquanto quase 70% dos autom\u00f3veis diesel dispon\u00edveis j\u00e1 ultrapassaram os cinco anos.<\/p>\n<p>Este afluxo de ve\u00edculos el\u00e9tricos e o recuo do diesel explicam a descida do Market Days&#8217; Supply (MDS) m\u00e9dio para 77 dias nos ve\u00edculos com at\u00e9 dois anos e para 45 dias nos de 3-4 anos. Mesmo os BEV, que anteriormente registavam valores de tr\u00eas d\u00edgitos, apresentam agora apenas um excesso de stock moderado. A normaliza\u00e7\u00e3o p\u00f3s-COVID e p\u00f3s-in\u00edcio da guerra na Ucr\u00e2nia mant\u00e9m as cota\u00e7\u00f5es dos motores de combust\u00e3o relativamente elevadas, mas exerce press\u00e3o descendente sobre os pre\u00e7os dos BEV \u00e0 medida que a oferta se expande.<\/p>\n<p>No plano dos modelos, o Volkswagen Golf, o Peugeot 208 e o VW T-ROC lideram as vendas europeias at\u00e9 aos quatro anos, ao passo que o Mini Aceman e os Tesla Model 3 e Y apresentam a rota\u00e7\u00e3o mais acelerada, com MDS compreendido entre 27 e 36 dias. A Tesla e a Volkswagen disputam frequentemente as primeiras posi\u00e7\u00f5es tanto em volume de vendas como em velocidade de rota\u00e7\u00e3o, enquanto a Toyota domina o segmento dos h\u00edbridos completos. Nos pa\u00edses n\u00f3rdicos, metade dos usados muito recentes j\u00e1 \u00e9 100% el\u00e9ctrica, evidenciando o ritmo vertiginoso da transi\u00e7\u00e3o.<\/p>\n<p>Esta din\u00e2mica continental encontra em Portugal um reflexo ainda mais acentuado, merc\u00ea do pacote de incentivos de 2025, que conjuga subs\u00eddios directos, benef\u00edcios fiscais e b\u00f3nus de abate. O programa impulsionou a quota de BEV nos ligeiros novos para al\u00e9m dos 20% e, no mercado de usados, traduz-se num salto not\u00e1vel da oferta el\u00e9ctrica inferior a 2 anos, de 16% para quase 21% num \u00fanico trimestre.<\/p>\n<p>As vendas, contudo, situaram-se nos 12%, prenunciando maior press\u00e3o sobre pre\u00e7os e MDS no curt\u00edssimo prazo. No segmento dos 3-4 anos, o desfasamento replica-se (17% de stock versus 11% de transac\u00e7\u00f5es), prolongando a trajet\u00f3ria descendente do \u00edndice de pre\u00e7os el\u00e9ctrico.<\/p>\n<p>Ao n\u00edvel dos modelos, todavia, registam-se j\u00e1 os primeiros sinais de paridade de pre\u00e7os entre ve\u00edculos el\u00e9ctricos e os seus cong\u00e9neres de combust\u00e3o, fator que contribuir\u00e1 para travar futuras deprecia\u00e7\u00f5es. Mesmo no segmento com cinco ou mais anos, os BEV j\u00e1 superam 5% da oferta nacional, percentagem que ultrapassa mercados tradicionalmente &#8220;amigos dos el\u00e9tricos&#8221;, como os Pa\u00edses Baixos, a B\u00e9lgica ou a Dinamarca.<\/p>\n<p>Portugal assume igualmente a dianteira nos comerciais ligeiros: um em cada dez furg\u00f5es novos \u00e9 el\u00e9trico e, nos usados inferiores a 2 anos, os BEV representam mais de 15% da oferta e mais de 12% das vendas, preservando o MDS equilibrado em 111 dias. Nos ligeiros de passageiros at\u00e9 quatro anos, destacam-se nas vendas o Peugeot 2008, o Renault Captur e o Renault Clio, enquanto o Hyundai Bayon, o VW Passat e o Toyota Yaris Cross registam a rota\u00e7\u00e3o mais c\u00e9lere, com MDS situado entre 37 e 41 dias.<\/p>\n<p><strong>Perspetivas<\/strong><\/p>\n<p>&#8220;A converg\u00eancia europeia rumo \u00e0 electrifica\u00e7\u00e3o encontra-se bem consolidada, mas a sustentabilidade desta tend\u00eancia depender\u00e1 da capacidade de harmonizar a procura com o fluxo crescente de BEV usados. Em Portugal, a continuidade dos apoios, a expans\u00e3o da rede de carregamento e a confian\u00e7a do consumidor constituir\u00e3o factores determinantes para absorver um stock que cresce a ritmo sem precedentes, mitigando press\u00f5es adicionais sobre pre\u00e7os e MDS&#8221;, afirmou Andy Shields, diretor global do INDICATA.<\/p>\n","protected":false},"excerpt":{"rendered":"<p>O mais recente relat\u00f3rio do Observat\u00f3rio&#8230;<\/p>\n","protected":false},"author":15,"featured_media":104915,"comment_status":"closed","ping_status":"closed","sticky":false,"template":"","format":"standard","meta":{"footnotes":""},"categories":[37],"tags":[12107,6548,5951,3082,2103,7196,89],"class_list":["post-104913","post","type-post","status-publish","format-standard","has-post-thumbnail","hentry","category-mercado","tag-carros-usados","tag-lideranca","tag-mercado-europeu","tag-mercado-portugues","tag-observatorio-indicata","tag-relatorio","tag-veiculos-eletricos"],"yoast_head":"<!-- This site is optimized with the Yoast SEO plugin v27.4 - https:\/\/yoast.com\/product\/yoast-seo-wordpress\/ -->\n<title>Portugal lidera eletrifica\u00e7\u00e3o dos usados - Jornal das Oficinas<\/title>\n<meta name=\"description\" content=\"O relat\u00f3rio do Observat\u00f3rio INDICATA mostra que os ve\u00edculos el\u00e9tricos usados est\u00e3o a transformar o mercado europeu, com Portugal na vanguarda\" \/>\n<meta name=\"robots\" content=\"index, follow, max-snippet:-1, max-image-preview:large, max-video-preview:-1\" \/>\n<link rel=\"canonical\" href=\"https:\/\/jornaldasoficinas.com\/pt\/portugal-lidera-eletrificacao-dos-usados\/\" \/>\n<meta property=\"og:locale\" content=\"pt_PT\" \/>\n<meta property=\"og:type\" content=\"article\" \/>\n<meta property=\"og:title\" content=\"Portugal lidera eletrifica\u00e7\u00e3o dos usados - Jornal das Oficinas\" \/>\n<meta property=\"og:description\" content=\"O relat\u00f3rio do Observat\u00f3rio INDICATA mostra que os ve\u00edculos el\u00e9tricos usados est\u00e3o a transformar o mercado europeu, com Portugal na vanguarda\" \/>\n<meta property=\"og:url\" content=\"https:\/\/jornaldasoficinas.com\/pt\/portugal-lidera-eletrificacao-dos-usados\/\" \/>\n<meta property=\"og:site_name\" content=\"Jornal das Oficinas\" \/>\n<meta property=\"article:publisher\" content=\"https:\/\/www.facebook.com\/jornaloficinas\" \/>\n<meta property=\"article:published_time\" content=\"2025-07-28T17:00:03+00:00\" \/>\n<meta property=\"og:image\" content=\"https:\/\/jornaldasoficinas.com\/pt\/wp-content\/uploads\/2025\/07\/Portugal-lidera-eletrificacao-dos-usados.jpg\" \/>\n\t<meta property=\"og:image:width\" content=\"1024\" \/>\n\t<meta property=\"og:image:height\" content=\"581\" \/>\n\t<meta property=\"og:image:type\" content=\"image\/jpeg\" \/>\n<meta name=\"author\" content=\"Reda\u00e7\u00e3o JO\" \/>\n<meta name=\"twitter:card\" content=\"summary_large_image\" \/>\n<meta name=\"twitter:creator\" content=\"@jornaloficinas\" \/>\n<meta name=\"twitter:site\" content=\"@jornaloficinas\" \/>\n<meta name=\"twitter:label1\" content=\"Escrito por\" \/>\n\t<meta name=\"twitter:data1\" content=\"Reda\u00e7\u00e3o JO\" \/>\n\t<meta name=\"twitter:label2\" content=\"Tempo estimado de leitura\" \/>\n\t<meta name=\"twitter:data2\" content=\"4 minutos\" \/>\n<script type=\"application\/ld+json\" class=\"yoast-schema-graph\">{\"@context\":\"https:\\\/\\\/schema.org\",\"@graph\":[{\"@type\":\"Article\",\"@id\":\"https:\\\/\\\/jornaldasoficinas.com\\\/pt\\\/portugal-lidera-eletrificacao-dos-usados\\\/#article\",\"isPartOf\":{\"@id\":\"https:\\\/\\\/jornaldasoficinas.com\\\/pt\\\/portugal-lidera-eletrificacao-dos-usados\\\/\"},\"author\":{\"name\":\"Reda\u00e7\u00e3o JO\",\"@id\":\"https:\\\/\\\/jornaldasoficinas.com\\\/pt\\\/#\\\/schema\\\/person\\\/a38eef5de2c41d9e7c9ac10141afddf3\"},\"headline\":\"Portugal lidera eletrifica\u00e7\u00e3o dos usados\",\"datePublished\":\"2025-07-28T17:00:03+00:00\",\"mainEntityOfPage\":{\"@id\":\"https:\\\/\\\/jornaldasoficinas.com\\\/pt\\\/portugal-lidera-eletrificacao-dos-usados\\\/\"},\"wordCount\":644,\"publisher\":{\"@id\":\"https:\\\/\\\/jornaldasoficinas.com\\\/pt\\\/#organization\"},\"image\":{\"@id\":\"https:\\\/\\\/jornaldasoficinas.com\\\/pt\\\/portugal-lidera-eletrificacao-dos-usados\\\/#primaryimage\"},\"thumbnailUrl\":\"https:\\\/\\\/jornaldasoficinas.com\\\/pt\\\/wp-content\\\/uploads\\\/2025\\\/07\\\/Portugal-lidera-eletrificacao-dos-usados.jpg\",\"keywords\":[\"carros usados\",\"Lideran\u00e7a\",\"Mercado Europeu\",\"Mercado Portugu\u00eas\",\"Observat\u00f3rio INDICATA\",\"Relat\u00f3rio\",\"Ve\u00edculos el\u00e9tricos\"],\"articleSection\":[\"Mercado\"],\"inLanguage\":\"pt-PT\"},{\"@type\":\"WebPage\",\"@id\":\"https:\\\/\\\/jornaldasoficinas.com\\\/pt\\\/portugal-lidera-eletrificacao-dos-usados\\\/\",\"url\":\"https:\\\/\\\/jornaldasoficinas.com\\\/pt\\\/portugal-lidera-eletrificacao-dos-usados\\\/\",\"name\":\"Portugal lidera eletrifica\u00e7\u00e3o dos usados - Jornal das Oficinas\",\"isPartOf\":{\"@id\":\"https:\\\/\\\/jornaldasoficinas.com\\\/pt\\\/#website\"},\"primaryImageOfPage\":{\"@id\":\"https:\\\/\\\/jornaldasoficinas.com\\\/pt\\\/portugal-lidera-eletrificacao-dos-usados\\\/#primaryimage\"},\"image\":{\"@id\":\"https:\\\/\\\/jornaldasoficinas.com\\\/pt\\\/portugal-lidera-eletrificacao-dos-usados\\\/#primaryimage\"},\"thumbnailUrl\":\"https:\\\/\\\/jornaldasoficinas.com\\\/pt\\\/wp-content\\\/uploads\\\/2025\\\/07\\\/Portugal-lidera-eletrificacao-dos-usados.jpg\",\"datePublished\":\"2025-07-28T17:00:03+00:00\",\"description\":\"O relat\u00f3rio do Observat\u00f3rio INDICATA mostra que os ve\u00edculos el\u00e9tricos usados est\u00e3o a transformar o mercado europeu, com Portugal na vanguarda\",\"breadcrumb\":{\"@id\":\"https:\\\/\\\/jornaldasoficinas.com\\\/pt\\\/portugal-lidera-eletrificacao-dos-usados\\\/#breadcrumb\"},\"inLanguage\":\"pt-PT\",\"potentialAction\":[{\"@type\":\"ReadAction\",\"target\":[\"https:\\\/\\\/jornaldasoficinas.com\\\/pt\\\/portugal-lidera-eletrificacao-dos-usados\\\/\"]}]},{\"@type\":\"ImageObject\",\"inLanguage\":\"pt-PT\",\"@id\":\"https:\\\/\\\/jornaldasoficinas.com\\\/pt\\\/portugal-lidera-eletrificacao-dos-usados\\\/#primaryimage\",\"url\":\"https:\\\/\\\/jornaldasoficinas.com\\\/pt\\\/wp-content\\\/uploads\\\/2025\\\/07\\\/Portugal-lidera-eletrificacao-dos-usados.jpg\",\"contentUrl\":\"https:\\\/\\\/jornaldasoficinas.com\\\/pt\\\/wp-content\\\/uploads\\\/2025\\\/07\\\/Portugal-lidera-eletrificacao-dos-usados.jpg\",\"width\":1024,\"height\":581,\"caption\":\"07 - Portugal lidera eletrificacao dos usados\"},{\"@type\":\"BreadcrumbList\",\"@id\":\"https:\\\/\\\/jornaldasoficinas.com\\\/pt\\\/portugal-lidera-eletrificacao-dos-usados\\\/#breadcrumb\",\"itemListElement\":[{\"@type\":\"ListItem\",\"position\":1,\"name\":\"In\u00edcio\",\"item\":\"https:\\\/\\\/jornaldasoficinas.com\\\/pt\\\/\"},{\"@type\":\"ListItem\",\"position\":2,\"name\":\"Portugal lidera eletrifica\u00e7\u00e3o dos usados\"}]},{\"@type\":\"WebSite\",\"@id\":\"https:\\\/\\\/jornaldasoficinas.com\\\/pt\\\/#website\",\"url\":\"https:\\\/\\\/jornaldasoficinas.com\\\/pt\\\/\",\"name\":\"Jornal das Oficinas\",\"description\":\"Jornal independente do Aftermarket Autom\u00f3vel em Portugal\",\"publisher\":{\"@id\":\"https:\\\/\\\/jornaldasoficinas.com\\\/pt\\\/#organization\"},\"potentialAction\":[{\"@type\":\"SearchAction\",\"target\":{\"@type\":\"EntryPoint\",\"urlTemplate\":\"https:\\\/\\\/jornaldasoficinas.com\\\/pt\\\/?s={search_term_string}\"},\"query-input\":{\"@type\":\"PropertyValueSpecification\",\"valueRequired\":true,\"valueName\":\"search_term_string\"}}],\"inLanguage\":\"pt-PT\"},{\"@type\":\"Organization\",\"@id\":\"https:\\\/\\\/jornaldasoficinas.com\\\/pt\\\/#organization\",\"name\":\"Jornal das Oficinas\",\"url\":\"https:\\\/\\\/jornaldasoficinas.com\\\/pt\\\/\",\"logo\":{\"@type\":\"ImageObject\",\"inLanguage\":\"pt-PT\",\"@id\":\"https:\\\/\\\/jornaldasoficinas.com\\\/pt\\\/#\\\/schema\\\/logo\\\/image\\\/\",\"url\":\"https:\\\/\\\/jornaldasoficinas.com\\\/pt\\\/wp-content\\\/uploads\\\/logoJO-SEO.png\",\"contentUrl\":\"https:\\\/\\\/jornaldasoficinas.com\\\/pt\\\/wp-content\\\/uploads\\\/logoJO-SEO.png\",\"width\":285,\"height\":450,\"caption\":\"Jornal das Oficinas\"},\"image\":{\"@id\":\"https:\\\/\\\/jornaldasoficinas.com\\\/pt\\\/#\\\/schema\\\/logo\\\/image\\\/\"},\"sameAs\":[\"https:\\\/\\\/www.facebook.com\\\/jornaloficinas\",\"https:\\\/\\\/x.com\\\/jornaloficinas\",\"https:\\\/\\\/www.instagram.com\\\/jornal_oficinas\\\/\",\"https:\\\/\\\/www.linkedin.com\\\/company\\\/jornal-das-oficinas\\\/\",\"https:\\\/\\\/www.youtube.com\\\/channel\\\/UCbQZBqtcvV-oSQrr7RzINGg\"]},{\"@type\":\"Person\",\"@id\":\"https:\\\/\\\/jornaldasoficinas.com\\\/pt\\\/#\\\/schema\\\/person\\\/a38eef5de2c41d9e7c9ac10141afddf3\",\"name\":\"Reda\u00e7\u00e3o JO\",\"image\":{\"@type\":\"ImageObject\",\"inLanguage\":\"pt-PT\",\"@id\":\"https:\\\/\\\/secure.gravatar.com\\\/avatar\\\/71f2fa71737ad68a84fea94bc708ddac8ea5b0c4788dc2ad202f3ccb2887742f?s=96&d=wp_user_avatar&r=g\",\"url\":\"https:\\\/\\\/secure.gravatar.com\\\/avatar\\\/71f2fa71737ad68a84fea94bc708ddac8ea5b0c4788dc2ad202f3ccb2887742f?s=96&d=wp_user_avatar&r=g\",\"contentUrl\":\"https:\\\/\\\/secure.gravatar.com\\\/avatar\\\/71f2fa71737ad68a84fea94bc708ddac8ea5b0c4788dc2ad202f3ccb2887742f?s=96&d=wp_user_avatar&r=g\",\"caption\":\"Reda\u00e7\u00e3o JO\"},\"url\":\"https:\\\/\\\/jornaldasoficinas.com\\\/pt\\\/author\\\/joredacao\\\/\"}]}<\/script>\n<!-- \/ Yoast SEO plugin. -->","yoast_head_json":{"title":"Portugal lidera eletrifica\u00e7\u00e3o dos usados - Jornal das Oficinas","description":"O relat\u00f3rio do Observat\u00f3rio INDICATA mostra que os ve\u00edculos el\u00e9tricos usados est\u00e3o a transformar o mercado europeu, com Portugal na vanguarda","robots":{"index":"index","follow":"follow","max-snippet":"max-snippet:-1","max-image-preview":"max-image-preview:large","max-video-preview":"max-video-preview:-1"},"canonical":"https:\/\/jornaldasoficinas.com\/pt\/portugal-lidera-eletrificacao-dos-usados\/","og_locale":"pt_PT","og_type":"article","og_title":"Portugal lidera eletrifica\u00e7\u00e3o dos usados - Jornal das Oficinas","og_description":"O relat\u00f3rio do Observat\u00f3rio INDICATA mostra que os ve\u00edculos el\u00e9tricos usados est\u00e3o a transformar o mercado europeu, com Portugal na vanguarda","og_url":"https:\/\/jornaldasoficinas.com\/pt\/portugal-lidera-eletrificacao-dos-usados\/","og_site_name":"Jornal das Oficinas","article_publisher":"https:\/\/www.facebook.com\/jornaloficinas","article_published_time":"2025-07-28T17:00:03+00:00","og_image":[{"width":1024,"height":581,"url":"https:\/\/jornaldasoficinas.com\/pt\/wp-content\/uploads\/2025\/07\/Portugal-lidera-eletrificacao-dos-usados.jpg","type":"image\/jpeg"}],"author":"Reda\u00e7\u00e3o JO","twitter_card":"summary_large_image","twitter_creator":"@jornaloficinas","twitter_site":"@jornaloficinas","twitter_misc":{"Escrito por":"Reda\u00e7\u00e3o JO","Tempo estimado de leitura":"4 minutos"},"schema":{"@context":"https:\/\/schema.org","@graph":[{"@type":"Article","@id":"https:\/\/jornaldasoficinas.com\/pt\/portugal-lidera-eletrificacao-dos-usados\/#article","isPartOf":{"@id":"https:\/\/jornaldasoficinas.com\/pt\/portugal-lidera-eletrificacao-dos-usados\/"},"author":{"name":"Reda\u00e7\u00e3o JO","@id":"https:\/\/jornaldasoficinas.com\/pt\/#\/schema\/person\/a38eef5de2c41d9e7c9ac10141afddf3"},"headline":"Portugal lidera eletrifica\u00e7\u00e3o dos usados","datePublished":"2025-07-28T17:00:03+00:00","mainEntityOfPage":{"@id":"https:\/\/jornaldasoficinas.com\/pt\/portugal-lidera-eletrificacao-dos-usados\/"},"wordCount":644,"publisher":{"@id":"https:\/\/jornaldasoficinas.com\/pt\/#organization"},"image":{"@id":"https:\/\/jornaldasoficinas.com\/pt\/portugal-lidera-eletrificacao-dos-usados\/#primaryimage"},"thumbnailUrl":"https:\/\/jornaldasoficinas.com\/pt\/wp-content\/uploads\/2025\/07\/Portugal-lidera-eletrificacao-dos-usados.jpg","keywords":["carros usados","Lideran\u00e7a","Mercado Europeu","Mercado Portugu\u00eas","Observat\u00f3rio INDICATA","Relat\u00f3rio","Ve\u00edculos el\u00e9tricos"],"articleSection":["Mercado"],"inLanguage":"pt-PT"},{"@type":"WebPage","@id":"https:\/\/jornaldasoficinas.com\/pt\/portugal-lidera-eletrificacao-dos-usados\/","url":"https:\/\/jornaldasoficinas.com\/pt\/portugal-lidera-eletrificacao-dos-usados\/","name":"Portugal lidera eletrifica\u00e7\u00e3o dos usados - Jornal das Oficinas","isPartOf":{"@id":"https:\/\/jornaldasoficinas.com\/pt\/#website"},"primaryImageOfPage":{"@id":"https:\/\/jornaldasoficinas.com\/pt\/portugal-lidera-eletrificacao-dos-usados\/#primaryimage"},"image":{"@id":"https:\/\/jornaldasoficinas.com\/pt\/portugal-lidera-eletrificacao-dos-usados\/#primaryimage"},"thumbnailUrl":"https:\/\/jornaldasoficinas.com\/pt\/wp-content\/uploads\/2025\/07\/Portugal-lidera-eletrificacao-dos-usados.jpg","datePublished":"2025-07-28T17:00:03+00:00","description":"O relat\u00f3rio do Observat\u00f3rio INDICATA mostra que os ve\u00edculos el\u00e9tricos usados est\u00e3o a transformar o mercado europeu, com Portugal na vanguarda","breadcrumb":{"@id":"https:\/\/jornaldasoficinas.com\/pt\/portugal-lidera-eletrificacao-dos-usados\/#breadcrumb"},"inLanguage":"pt-PT","potentialAction":[{"@type":"ReadAction","target":["https:\/\/jornaldasoficinas.com\/pt\/portugal-lidera-eletrificacao-dos-usados\/"]}]},{"@type":"ImageObject","inLanguage":"pt-PT","@id":"https:\/\/jornaldasoficinas.com\/pt\/portugal-lidera-eletrificacao-dos-usados\/#primaryimage","url":"https:\/\/jornaldasoficinas.com\/pt\/wp-content\/uploads\/2025\/07\/Portugal-lidera-eletrificacao-dos-usados.jpg","contentUrl":"https:\/\/jornaldasoficinas.com\/pt\/wp-content\/uploads\/2025\/07\/Portugal-lidera-eletrificacao-dos-usados.jpg","width":1024,"height":581,"caption":"07 - Portugal lidera eletrificacao dos usados"},{"@type":"BreadcrumbList","@id":"https:\/\/jornaldasoficinas.com\/pt\/portugal-lidera-eletrificacao-dos-usados\/#breadcrumb","itemListElement":[{"@type":"ListItem","position":1,"name":"In\u00edcio","item":"https:\/\/jornaldasoficinas.com\/pt\/"},{"@type":"ListItem","position":2,"name":"Portugal lidera eletrifica\u00e7\u00e3o dos usados"}]},{"@type":"WebSite","@id":"https:\/\/jornaldasoficinas.com\/pt\/#website","url":"https:\/\/jornaldasoficinas.com\/pt\/","name":"Jornal das Oficinas","description":"Jornal independente do Aftermarket Autom\u00f3vel em Portugal","publisher":{"@id":"https:\/\/jornaldasoficinas.com\/pt\/#organization"},"potentialAction":[{"@type":"SearchAction","target":{"@type":"EntryPoint","urlTemplate":"https:\/\/jornaldasoficinas.com\/pt\/?s={search_term_string}"},"query-input":{"@type":"PropertyValueSpecification","valueRequired":true,"valueName":"search_term_string"}}],"inLanguage":"pt-PT"},{"@type":"Organization","@id":"https:\/\/jornaldasoficinas.com\/pt\/#organization","name":"Jornal das Oficinas","url":"https:\/\/jornaldasoficinas.com\/pt\/","logo":{"@type":"ImageObject","inLanguage":"pt-PT","@id":"https:\/\/jornaldasoficinas.com\/pt\/#\/schema\/logo\/image\/","url":"https:\/\/jornaldasoficinas.com\/pt\/wp-content\/uploads\/logoJO-SEO.png","contentUrl":"https:\/\/jornaldasoficinas.com\/pt\/wp-content\/uploads\/logoJO-SEO.png","width":285,"height":450,"caption":"Jornal das Oficinas"},"image":{"@id":"https:\/\/jornaldasoficinas.com\/pt\/#\/schema\/logo\/image\/"},"sameAs":["https:\/\/www.facebook.com\/jornaloficinas","https:\/\/x.com\/jornaloficinas","https:\/\/www.instagram.com\/jornal_oficinas\/","https:\/\/www.linkedin.com\/company\/jornal-das-oficinas\/","https:\/\/www.youtube.com\/channel\/UCbQZBqtcvV-oSQrr7RzINGg"]},{"@type":"Person","@id":"https:\/\/jornaldasoficinas.com\/pt\/#\/schema\/person\/a38eef5de2c41d9e7c9ac10141afddf3","name":"Reda\u00e7\u00e3o JO","image":{"@type":"ImageObject","inLanguage":"pt-PT","@id":"https:\/\/secure.gravatar.com\/avatar\/71f2fa71737ad68a84fea94bc708ddac8ea5b0c4788dc2ad202f3ccb2887742f?s=96&d=wp_user_avatar&r=g","url":"https:\/\/secure.gravatar.com\/avatar\/71f2fa71737ad68a84fea94bc708ddac8ea5b0c4788dc2ad202f3ccb2887742f?s=96&d=wp_user_avatar&r=g","contentUrl":"https:\/\/secure.gravatar.com\/avatar\/71f2fa71737ad68a84fea94bc708ddac8ea5b0c4788dc2ad202f3ccb2887742f?s=96&d=wp_user_avatar&r=g","caption":"Reda\u00e7\u00e3o JO"},"url":"https:\/\/jornaldasoficinas.com\/pt\/author\/joredacao\/"}]}},"_links":{"self":[{"href":"https:\/\/jornaldasoficinas.com\/pt\/wp-json\/wp\/v2\/posts\/104913","targetHints":{"allow":["GET"]}}],"collection":[{"href":"https:\/\/jornaldasoficinas.com\/pt\/wp-json\/wp\/v2\/posts"}],"about":[{"href":"https:\/\/jornaldasoficinas.com\/pt\/wp-json\/wp\/v2\/types\/post"}],"author":[{"embeddable":true,"href":"https:\/\/jornaldasoficinas.com\/pt\/wp-json\/wp\/v2\/users\/15"}],"replies":[{"embeddable":true,"href":"https:\/\/jornaldasoficinas.com\/pt\/wp-json\/wp\/v2\/comments?post=104913"}],"version-history":[{"count":4,"href":"https:\/\/jornaldasoficinas.com\/pt\/wp-json\/wp\/v2\/posts\/104913\/revisions"}],"predecessor-version":[{"id":104945,"href":"https:\/\/jornaldasoficinas.com\/pt\/wp-json\/wp\/v2\/posts\/104913\/revisions\/104945"}],"wp:featuredmedia":[{"embeddable":true,"href":"https:\/\/jornaldasoficinas.com\/pt\/wp-json\/wp\/v2\/media\/104915"}],"wp:attachment":[{"href":"https:\/\/jornaldasoficinas.com\/pt\/wp-json\/wp\/v2\/media?parent=104913"}],"wp:term":[{"taxonomy":"category","embeddable":true,"href":"https:\/\/jornaldasoficinas.com\/pt\/wp-json\/wp\/v2\/categories?post=104913"},{"taxonomy":"post_tag","embeddable":true,"href":"https:\/\/jornaldasoficinas.com\/pt\/wp-json\/wp\/v2\/tags?post=104913"}],"curies":[{"name":"wp","href":"https:\/\/api.w.org\/{rel}","templated":true}]}}