{"id":104954,"date":"2025-08-03T21:00:23","date_gmt":"2025-08-03T20:00:23","guid":{"rendered":"https:\/\/jornaldasoficinas.com\/pt\/?p=104954"},"modified":"2025-07-31T23:45:37","modified_gmt":"2025-07-31T22:45:37","slug":"ja-estamos-a-preparar-o-futuro-drive360-parts-solutions","status":"publish","type":"post","link":"https:\/\/jornaldasoficinas.com\/pt\/ja-estamos-a-preparar-o-futuro-drive360-parts-solutions\/","title":{"rendered":"&#8220;J\u00e1 estamos a preparar o futuro!&#8221;, Drive360 Parts &#038; Solutions"},"content":{"rendered":"<p><img loading=\"lazy\" decoding=\"async\" class=\"alignnone size-full wp-image-104947\" src=\"https:\/\/jornaldasoficinas.com\/pt\/wp-content\/uploads\/2025\/07\/N2_pedro_proenca-create_business.jpeg\" alt=\"07 - N2_pedro_proenca create_business\" width=\"1024\" height=\"581\" srcset=\"https:\/\/jornaldasoficinas.com\/pt\/wp-content\/uploads\/2025\/07\/N2_pedro_proenca-create_business.jpeg 1024w, https:\/\/jornaldasoficinas.com\/pt\/wp-content\/uploads\/2025\/07\/N2_pedro_proenca-create_business-300x170.jpeg 300w, https:\/\/jornaldasoficinas.com\/pt\/wp-content\/uploads\/2025\/07\/N2_pedro_proenca-create_business-150x85.jpeg 150w, https:\/\/jornaldasoficinas.com\/pt\/wp-content\/uploads\/2025\/07\/N2_pedro_proenca-create_business-768x436.jpeg 768w\" sizes=\"auto, (max-width: 1024px) 100vw, 1024px\" \/><\/p>\n<p><strong>A <a href=\"https:\/\/drive360.pt\/\" target=\"_blank\" rel=\"noopener\">NAPS Parts &amp; Solutions<\/a>, o maior parceiro do grupo <a href=\"https:\/\/intranet.createbusiness.pt\/\" target=\"_blank\" rel=\"noopener\">Create Business<\/a>, alterou a sua designa\u00e7\u00e3o comercial, passando agora a chamar-se <a href=\"https:\/\/drive360.pt\/\" target=\"_blank\" rel=\"noopener\">Drive360<\/a>. Esta mudan\u00e7a reflete um novo posicionamento, que procura responder aos enormes desafios do setor e aos problemas do presente e do futuro. Pedro Proen\u00e7a, CEO da Drive360, explica a estrat\u00e9gia da empresa para se manter competitiva e continuar a crescer<\/strong><\/p>\n<p>O nome \u201cDrive 360\u201d exprime a liga\u00e7\u00e3o da empresa ao mundo autom\u00f3vel e ao objetivo de liderar a atual distribui\u00e7\u00e3o de pe\u00e7as, servi\u00e7os e equipamento oficinal \u2013 numa perspetiva de 360 graus \u2013 com uma oferta global refor\u00e7ada para responder \u00e0s necessidades de diagn\u00f3stico, manuten\u00e7\u00e3o e repara\u00e7\u00e3o de viaturas a combust\u00e3o, h\u00edbridas e el\u00e9tricas. A designa\u00e7\u00e3o \u201cCreate Business by Drive360\u201d ser\u00e1 utilizada para que os clientes identifiquem o novo nome da NAPS, que continua em expans\u00e3o estando j\u00e1 em 6 distritos (Lisboa, Porto, Braga, Aveiro, Viseu e Coimbra), com 10 armaz\u00e9ns e v\u00e1rias rotas di\u00e1rias de distribui\u00e7\u00e3o que n\u00e3o deixam ningu\u00e9m de fora. O facto da Drive360 ser uma continua\u00e7\u00e3o de outras empresas do ramo, permitiu-lhe beneficiar da experi\u00eancia acumulada e de um conhecimento profundo sobre o mercado do aftermarket.<\/p>\n<p><strong>Porque decidiram alterar a designa\u00e7\u00e3o comercial da empresa?<\/strong><br \/>\nA designa\u00e7\u00e3o anterior resultou da fus\u00e3o das empresas anteriores, que agora quisemos reposicionar. O novo nome exprime a nossa vontade de alargar as nossas ofertas, em produtos e servi\u00e7os, de forma a responder, do modo mais abrangente poss\u00edvel, \u00e0s necessidades dos nossos clientes.<\/p>\n<p><strong>Como est\u00e1 constitu\u00edda a Drive360 a n\u00edvel de instala\u00e7\u00f5es e recursos humanos?<\/strong><br \/>\nNeste momento temos 14 armaz\u00e9ns distribu\u00eddos pelos distritos de Lisboa, Set\u00fabal, Coimbra, Aveiro, Viseu, Porto, Braga, Vila Real e Bragan\u00e7a. O nosso armaz\u00e9m principal, em Santa Maria da Feira, atua como hub log\u00edstico na distribui\u00e7\u00e3o para os diversos armaz\u00e9ns: Albergaria-a-Velha, Braga, Bragan\u00e7a, Coimbra, Loures, Lousada, Macedo de Cavaleiros, Maia, Mirandela, Seixal, Sintra, Vila Real e Viseu. Ao n\u00edvel dos recursos humanos, a estrat\u00e9gia tem sido manter e capitalizar a experi\u00eancia e incluir novos quadros estrat\u00e9gicos para o desenvolvimento do neg\u00f3cio. Neste momento temos cerca de 220 colaboradores.<\/p>\n<p><strong>Entre o final de mar\u00e7o e o in\u00edcio de abril de 2025, a Drive360 alterou os sistemas em todos os seus armaz\u00e9ns. Porque decidiram avan\u00e7ar com esta altera\u00e7\u00e3o?<\/strong><br \/>\nO contexto tecnol\u00f3gico \u00e9 muito din\u00e2mico, o que significa que as solu\u00e7\u00f5es implementadas carecem de revis\u00e3o sistem\u00e1tica, para verificar a sua adequa\u00e7\u00e3o ao mercado. Os nossos sistemas anteriores, tanto a plataforma de compras (loja) como o sistema interno (ERP), evidenciavam algumas limita\u00e7\u00f5es que quer\u00edamos ultrapassar, e nesse sentido mud\u00e1mos os dois sistemas, assim como a sua integra\u00e7\u00e3o um com o outro. Com esta mudan\u00e7a de sistemas de gest\u00e3o, a loja ficou mais r\u00e1pida e din\u00e2mica, oferecendo uma interface de utiliza\u00e7\u00e3o mais moderna e apelativa. O sistema de gest\u00e3o \u00e9 mais r\u00e1pido e inclui funcionalidades automatizadas que permitem poupar tempo em processos repetitivos e oferecer mais rapidez no processamento comercial e log\u00edstico.<\/p>\n<p><strong>A Create \u00e9 s\u00f3cia da ATR Internacional desde o in\u00edcio. Como avalia esta parceria a n\u00edvel de acesso a marcas premium, programas de gest\u00e3o, forma\u00e7\u00e3o e outros?<\/strong><br \/>\nN\u00f3s costumamos dizer que existia uma Create antes da ATR e outra depois. O acesso a marcas e condi\u00e7\u00f5es especiais de aquisi\u00e7\u00e3o s\u00e3o sem d\u00favida diferenciadoras, mas, para al\u00e9m disso, temos grupos de trabalho e muita partilha com os nossos parceiros presentes nos mercados de toda a Europa. A\u00ed conseguimos aprender melhores pr\u00e1ticas, afinar ideias e perceber tend\u00eancias futuras que nos ajudam a clarificar a nossa estrat\u00e9gia de mercado.<\/p>\n<p><strong>Est\u00e1 planeada a aquisi\u00e7\u00e3o de mais casas de pe\u00e7as?<\/strong><br \/>\nMais do que aquisi\u00e7\u00f5es de casas de pe\u00e7as a Drive360 tem integrado neg\u00f3cios de parceiros Create que se identificam com a nossa vis\u00e3o e forma de operar e que acreditam que \u00e9 a melhor forma de garantirem a continuidade dos neg\u00f3cios num mercado, mais competitivo e exigente. Iremos continuar a investir na nossa expans\u00e3o, mas os modelos podem ser diversos.<\/p>\n<p><strong>Como \u00e9 constitu\u00edda a oferta atual da Drive360, a n\u00edvel de marcas e gamas de produtos?<\/strong><br \/>\nA nossa oferta tem aumentado porque as necessidades dos nossos clientes s\u00e3o mais variadas, o parque \u00e9 mais heterog\u00e9neo e queremos disponibilizar mais solu\u00e7\u00f5es. Somos uma empresa que acredita nas marcas, no valor e na garantia que aportam e por isso faz parte do nosso modelo de neg\u00f3cio defend\u00ea-las. Procuramos constantemente novas marcas para enriquecer o nosso portef\u00f3lio, que inclu\u00edmos em fun\u00e7\u00e3o do nosso interesse estrat\u00e9gico do posicionamento ou de alargamento da oferta.<\/p>\n<p><strong>Distribuem alguma marca em exclusivo?<\/strong><br \/>\nSim, a Indie Parts que \u00e9 uma marca exclusiva Create Business, que inclui v\u00e1rias categorias de produto como lubrificantes, refrigerantes, limpa-vidros e turbos, entre outros.<\/p>\n<p><strong>As pe\u00e7as recondicionadas fazem parte do vosso portf\u00f3lio? Considera que h\u00e1 uma tend\u00eancia de crescimento deste tipo de pe\u00e7as?<\/strong><br \/>\nExistem produtos espec\u00edficos em que as pe\u00e7as recondicionadas t\u00eam peso e sim comercializamos esse tipo de pe\u00e7as. O crescimento das mesmas estar\u00e1 sempre condicionado, por um lado \u00e0 exist\u00eancia da oferta e por outro pela procura. O discurso ambiental fica sempre bem, mas as pessoas podem pagar o que podem, e muitas vezes o recondicionado \u00e9 mais caro e a oferta \u00e9 muito limitada.<\/p>\n<p><strong>Como tem evolu\u00eddo a vossa plataforma B2B? Quais as principais funcionalidades?<\/strong><br \/>\nA nossa plataforma funciona em exclusivo no canal B2B, sendo que todos os nossos clientes s\u00e3o oficinas. A loja online oferece facilidades de identifica\u00e7\u00e3o de pe\u00e7as muito baseadas numa l\u00f3gica de pesquisa, que permitem saber rapidamente quais as pe\u00e7as necess\u00e1rias, e quais as etapas do servi\u00e7o a efetuar na viatura.<\/p>\n<p><strong>Como \u00e9 constitu\u00eddo o vosso Contact Center a n\u00edvel de recursos humanos e quantidade de pedidos processados por dia?<\/strong><br \/>\nO nosso Contact Center \u00e9 multicanal, ou seja, inclui tr\u00eas canais diferentes: telefone, Whatsapp e email. Trata-se de uma parte muito importante do nosso departamento comercial, que neste momento conta com cerca de 28 consultores, que processam aproximadamente 3.000 intera\u00e7\u00f5es por dia.<\/p>\n<p><strong>Como funciona o vosso departamento de log\u00edstica? Quantas viaturas possuem e quantas entregas di\u00e1rias fazem?<\/strong><br \/>\nO nosso departamento de log\u00edstica integra armazenamento e distribui\u00e7\u00e3o, que est\u00e3o perfeitamente coordenados para garantir entregas mais r\u00e1pidas. Neste momento contamos com cerca de 100 viaturas que fazem diariamente mais de 100 rotas de distribui\u00e7\u00e3o.<\/p>\n<p><strong>T\u00eam realizado a\u00e7\u00f5es de forma\u00e7\u00e3o para os vossos clientes? Qual tem sido a recetividade?<\/strong><br \/>\nSim, neste momento temos em curso v\u00e1rias forma\u00e7\u00f5es, que t\u00eam incidido mais em temas como meios de diagn\u00f3stico, eletrifica\u00e7\u00e3o e lideran\u00e7a. A recetividade tem sido boa, julgo que os nossos clientes j\u00e1 est\u00e3o habituados \u00e0 nossa qualidade e profissionalismo, e essa confian\u00e7a \u00e9 extremamente importante.<\/p>\n<p><strong>Relativamente \u00e0s devolu\u00e7\u00f5es de pe\u00e7as, qual a dimens\u00e3o do problema para a vossa organiza\u00e7\u00e3o?<\/strong><br \/>\nN\u00e3o gostamos de lhe chamar um problema, mas \u00e9 seguramente um desafio (risos)\u2026 A transi\u00e7\u00e3o de sistemas que fizemos recentemente alterou alguns processos internos que infelizmente n\u00e3o operacionalizamos com a velocidades que gostar\u00edamos, mas as devolu\u00e7\u00f5es j\u00e1 est\u00e3o a ser processadas normalmente. \u00c9, sem d\u00favida, um passo cr\u00edtico para o nosso setor, onde o erro ou a duplica\u00e7\u00e3o acontecem com mais frequ\u00eancia que noutros ramos, e por isso \u00e9 sempre um \u201cdesafio\u201d que tentamos ultrapassar diariamente.<\/p>\n<p><strong>A Create tem desenvolvido os conceitos oficinais A Oficina e Auto Check Center. Como a Drive360 vai contribuir para o crescimento destas redes?<\/strong><br \/>\nAs redes de oficinas s\u00e3o parte fundamental da nossa oferta. Acreditamos que o futuro \u00e9 em rede. Temos uma rela\u00e7\u00e3o de especial proximidade com as oficinas das nossa redes e, parte das altera\u00e7\u00f5es que estamos a fazer nas nossas solu\u00e7\u00f5es internas \u00e9 para termos melhores solu\u00e7\u00f5es de futuro para as servirmos melhor. Para concluir, investimos nas redes e continuaremos a investir.<\/p>\n<p><strong>Como est\u00e1 a acompanhar o crescimento do parque de ve\u00edculos el\u00e9tricos? Que gamas de produto j\u00e1 t\u00eam dispon\u00edveis para estes ve\u00edculos?<\/strong><br \/>\nSaiba a resposta a esta e a outras quest\u00f5es na edi\u00e7\u00e3o impressa ou online do Jornal das Oficinas n\u00ba223, <a href=\"https:\/\/www.yumpu.com\/pt\/document\/read\/70603628\/jornal-das-oficinas-223\/54\">aqui<\/a>.<\/p>\n<p>&nbsp;<\/p>\n<p>&nbsp;<\/p>\n","protected":false},"excerpt":{"rendered":"<p>A NAPS Parts &amp; Solutions, o&#8230;<\/p>\n","protected":false},"author":15,"featured_media":104947,"comment_status":"closed","ping_status":"closed","sticky":false,"template":"","format":"standard","meta":{"footnotes":""},"categories":[38],"tags":[874,3157,12889,145,4002,11370,5696,13292],"class_list":["post-104954","post","type-post","status-publish","format-standard","has-post-thumbnail","hentry","category-entrevistas","tag-create-business","tag-distribuicao-de-pecas","tag-drive360","tag-equipamento-oficinal","tag-expansao","tag-naps-parts-solutions","tag-pedro-proenca","tag-preparar-futuro"],"yoast_head":"<!-- This site is optimized with the Yoast SEO plugin v27.4 - https:\/\/yoast.com\/product\/yoast-seo-wordpress\/ -->\n<title>&quot;J\u00e1 estamos a preparar o futuro!&quot;, Drive360 Parts &amp; Solutions - Jornal das Oficinas<\/title>\n<meta name=\"description\" content=\"A NAPS Parts &amp; Solutions, o maior parceiro do grupo Create Business, alterou a sua designa\u00e7\u00e3o comercial, passando agora a chamar-se Drive360\" \/>\n<meta name=\"robots\" content=\"index, follow, max-snippet:-1, max-image-preview:large, max-video-preview:-1\" \/>\n<link rel=\"canonical\" href=\"https:\/\/jornaldasoficinas.com\/pt\/ja-estamos-a-preparar-o-futuro-drive360-parts-solutions\/\" \/>\n<meta property=\"og:locale\" content=\"pt_PT\" \/>\n<meta property=\"og:type\" content=\"article\" \/>\n<meta property=\"og:title\" content=\"&quot;J\u00e1 estamos a preparar o futuro!&quot;, Drive360 Parts &amp; Solutions - Jornal das Oficinas\" \/>\n<meta property=\"og:description\" content=\"A NAPS Parts &amp; Solutions, o maior parceiro do grupo Create Business, alterou a sua designa\u00e7\u00e3o comercial, passando agora a chamar-se Drive360\" \/>\n<meta property=\"og:url\" content=\"https:\/\/jornaldasoficinas.com\/pt\/ja-estamos-a-preparar-o-futuro-drive360-parts-solutions\/\" \/>\n<meta property=\"og:site_name\" content=\"Jornal das Oficinas\" \/>\n<meta property=\"article:publisher\" content=\"https:\/\/www.facebook.com\/jornaloficinas\" \/>\n<meta property=\"article:published_time\" content=\"2025-08-03T20:00:23+00:00\" \/>\n<meta property=\"og:image\" content=\"https:\/\/jornaldasoficinas.com\/pt\/wp-content\/uploads\/2025\/07\/N2_pedro_proenca-create_business.jpeg\" \/>\n\t<meta property=\"og:image:width\" content=\"1024\" \/>\n\t<meta property=\"og:image:height\" content=\"581\" \/>\n\t<meta property=\"og:image:type\" content=\"image\/jpeg\" \/>\n<meta name=\"author\" content=\"Reda\u00e7\u00e3o JO\" \/>\n<meta name=\"twitter:card\" content=\"summary_large_image\" \/>\n<meta name=\"twitter:creator\" content=\"@jornaloficinas\" \/>\n<meta name=\"twitter:site\" content=\"@jornaloficinas\" \/>\n<meta name=\"twitter:label1\" content=\"Escrito por\" \/>\n\t<meta name=\"twitter:data1\" content=\"Reda\u00e7\u00e3o JO\" \/>\n\t<meta name=\"twitter:label2\" content=\"Tempo estimado de leitura\" \/>\n\t<meta name=\"twitter:data2\" content=\"8 minutos\" \/>\n<script type=\"application\/ld+json\" class=\"yoast-schema-graph\">{\"@context\":\"https:\\\/\\\/schema.org\",\"@graph\":[{\"@type\":\"Article\",\"@id\":\"https:\\\/\\\/jornaldasoficinas.com\\\/pt\\\/ja-estamos-a-preparar-o-futuro-drive360-parts-solutions\\\/#article\",\"isPartOf\":{\"@id\":\"https:\\\/\\\/jornaldasoficinas.com\\\/pt\\\/ja-estamos-a-preparar-o-futuro-drive360-parts-solutions\\\/\"},\"author\":{\"name\":\"Reda\u00e7\u00e3o JO\",\"@id\":\"https:\\\/\\\/jornaldasoficinas.com\\\/pt\\\/#\\\/schema\\\/person\\\/a38eef5de2c41d9e7c9ac10141afddf3\"},\"headline\":\"&#8220;J\u00e1 estamos a preparar o futuro!&#8221;, Drive360 Parts &#038; Solutions\",\"datePublished\":\"2025-08-03T20:00:23+00:00\",\"mainEntityOfPage\":{\"@id\":\"https:\\\/\\\/jornaldasoficinas.com\\\/pt\\\/ja-estamos-a-preparar-o-futuro-drive360-parts-solutions\\\/\"},\"wordCount\":1445,\"publisher\":{\"@id\":\"https:\\\/\\\/jornaldasoficinas.com\\\/pt\\\/#organization\"},\"image\":{\"@id\":\"https:\\\/\\\/jornaldasoficinas.com\\\/pt\\\/ja-estamos-a-preparar-o-futuro-drive360-parts-solutions\\\/#primaryimage\"},\"thumbnailUrl\":\"https:\\\/\\\/jornaldasoficinas.com\\\/pt\\\/wp-content\\\/uploads\\\/2025\\\/07\\\/N2_pedro_proenca-create_business.jpeg\",\"keywords\":[\"Create Business\",\"Distribui\u00e7\u00e3o de pe\u00e7as\",\"Drive360\",\"Equipamento Oficinal\",\"expans\u00e3o\",\"NAPS Parts &amp; Solutions\",\"Pedro Proen\u00e7a\",\"preparar futuro\"],\"articleSection\":[\"Entrevistas\"],\"inLanguage\":\"pt-PT\"},{\"@type\":\"WebPage\",\"@id\":\"https:\\\/\\\/jornaldasoficinas.com\\\/pt\\\/ja-estamos-a-preparar-o-futuro-drive360-parts-solutions\\\/\",\"url\":\"https:\\\/\\\/jornaldasoficinas.com\\\/pt\\\/ja-estamos-a-preparar-o-futuro-drive360-parts-solutions\\\/\",\"name\":\"\\\"J\u00e1 estamos a preparar o futuro!\\\", Drive360 Parts & Solutions - Jornal das Oficinas\",\"isPartOf\":{\"@id\":\"https:\\\/\\\/jornaldasoficinas.com\\\/pt\\\/#website\"},\"primaryImageOfPage\":{\"@id\":\"https:\\\/\\\/jornaldasoficinas.com\\\/pt\\\/ja-estamos-a-preparar-o-futuro-drive360-parts-solutions\\\/#primaryimage\"},\"image\":{\"@id\":\"https:\\\/\\\/jornaldasoficinas.com\\\/pt\\\/ja-estamos-a-preparar-o-futuro-drive360-parts-solutions\\\/#primaryimage\"},\"thumbnailUrl\":\"https:\\\/\\\/jornaldasoficinas.com\\\/pt\\\/wp-content\\\/uploads\\\/2025\\\/07\\\/N2_pedro_proenca-create_business.jpeg\",\"datePublished\":\"2025-08-03T20:00:23+00:00\",\"description\":\"A NAPS Parts & Solutions, o maior parceiro do grupo Create Business, alterou a sua designa\u00e7\u00e3o comercial, passando agora a chamar-se Drive360\",\"breadcrumb\":{\"@id\":\"https:\\\/\\\/jornaldasoficinas.com\\\/pt\\\/ja-estamos-a-preparar-o-futuro-drive360-parts-solutions\\\/#breadcrumb\"},\"inLanguage\":\"pt-PT\",\"potentialAction\":[{\"@type\":\"ReadAction\",\"target\":[\"https:\\\/\\\/jornaldasoficinas.com\\\/pt\\\/ja-estamos-a-preparar-o-futuro-drive360-parts-solutions\\\/\"]}]},{\"@type\":\"ImageObject\",\"inLanguage\":\"pt-PT\",\"@id\":\"https:\\\/\\\/jornaldasoficinas.com\\\/pt\\\/ja-estamos-a-preparar-o-futuro-drive360-parts-solutions\\\/#primaryimage\",\"url\":\"https:\\\/\\\/jornaldasoficinas.com\\\/pt\\\/wp-content\\\/uploads\\\/2025\\\/07\\\/N2_pedro_proenca-create_business.jpeg\",\"contentUrl\":\"https:\\\/\\\/jornaldasoficinas.com\\\/pt\\\/wp-content\\\/uploads\\\/2025\\\/07\\\/N2_pedro_proenca-create_business.jpeg\",\"width\":1024,\"height\":581,\"caption\":\"07 - N2_pedro_proenca create_business\"},{\"@type\":\"BreadcrumbList\",\"@id\":\"https:\\\/\\\/jornaldasoficinas.com\\\/pt\\\/ja-estamos-a-preparar-o-futuro-drive360-parts-solutions\\\/#breadcrumb\",\"itemListElement\":[{\"@type\":\"ListItem\",\"position\":1,\"name\":\"In\u00edcio\",\"item\":\"https:\\\/\\\/jornaldasoficinas.com\\\/pt\\\/\"},{\"@type\":\"ListItem\",\"position\":2,\"name\":\"&#8220;J\u00e1 estamos a preparar o futuro!&#8221;, Drive360 Parts &#038; Solutions\"}]},{\"@type\":\"WebSite\",\"@id\":\"https:\\\/\\\/jornaldasoficinas.com\\\/pt\\\/#website\",\"url\":\"https:\\\/\\\/jornaldasoficinas.com\\\/pt\\\/\",\"name\":\"Jornal das Oficinas\",\"description\":\"Jornal independente do Aftermarket Autom\u00f3vel em Portugal\",\"publisher\":{\"@id\":\"https:\\\/\\\/jornaldasoficinas.com\\\/pt\\\/#organization\"},\"potentialAction\":[{\"@type\":\"SearchAction\",\"target\":{\"@type\":\"EntryPoint\",\"urlTemplate\":\"https:\\\/\\\/jornaldasoficinas.com\\\/pt\\\/?s={search_term_string}\"},\"query-input\":{\"@type\":\"PropertyValueSpecification\",\"valueRequired\":true,\"valueName\":\"search_term_string\"}}],\"inLanguage\":\"pt-PT\"},{\"@type\":\"Organization\",\"@id\":\"https:\\\/\\\/jornaldasoficinas.com\\\/pt\\\/#organization\",\"name\":\"Jornal das Oficinas\",\"url\":\"https:\\\/\\\/jornaldasoficinas.com\\\/pt\\\/\",\"logo\":{\"@type\":\"ImageObject\",\"inLanguage\":\"pt-PT\",\"@id\":\"https:\\\/\\\/jornaldasoficinas.com\\\/pt\\\/#\\\/schema\\\/logo\\\/image\\\/\",\"url\":\"https:\\\/\\\/jornaldasoficinas.com\\\/pt\\\/wp-content\\\/uploads\\\/logoJO-SEO.png\",\"contentUrl\":\"https:\\\/\\\/jornaldasoficinas.com\\\/pt\\\/wp-content\\\/uploads\\\/logoJO-SEO.png\",\"width\":285,\"height\":450,\"caption\":\"Jornal das Oficinas\"},\"image\":{\"@id\":\"https:\\\/\\\/jornaldasoficinas.com\\\/pt\\\/#\\\/schema\\\/logo\\\/image\\\/\"},\"sameAs\":[\"https:\\\/\\\/www.facebook.com\\\/jornaloficinas\",\"https:\\\/\\\/x.com\\\/jornaloficinas\",\"https:\\\/\\\/www.instagram.com\\\/jornal_oficinas\\\/\",\"https:\\\/\\\/www.linkedin.com\\\/company\\\/jornal-das-oficinas\\\/\",\"https:\\\/\\\/www.youtube.com\\\/channel\\\/UCbQZBqtcvV-oSQrr7RzINGg\"]},{\"@type\":\"Person\",\"@id\":\"https:\\\/\\\/jornaldasoficinas.com\\\/pt\\\/#\\\/schema\\\/person\\\/a38eef5de2c41d9e7c9ac10141afddf3\",\"name\":\"Reda\u00e7\u00e3o JO\",\"image\":{\"@type\":\"ImageObject\",\"inLanguage\":\"pt-PT\",\"@id\":\"https:\\\/\\\/secure.gravatar.com\\\/avatar\\\/71f2fa71737ad68a84fea94bc708ddac8ea5b0c4788dc2ad202f3ccb2887742f?s=96&d=wp_user_avatar&r=g\",\"url\":\"https:\\\/\\\/secure.gravatar.com\\\/avatar\\\/71f2fa71737ad68a84fea94bc708ddac8ea5b0c4788dc2ad202f3ccb2887742f?s=96&d=wp_user_avatar&r=g\",\"contentUrl\":\"https:\\\/\\\/secure.gravatar.com\\\/avatar\\\/71f2fa71737ad68a84fea94bc708ddac8ea5b0c4788dc2ad202f3ccb2887742f?s=96&d=wp_user_avatar&r=g\",\"caption\":\"Reda\u00e7\u00e3o JO\"},\"url\":\"https:\\\/\\\/jornaldasoficinas.com\\\/pt\\\/author\\\/joredacao\\\/\"}]}<\/script>\n<!-- \/ Yoast SEO plugin. -->","yoast_head_json":{"title":"\"J\u00e1 estamos a preparar o futuro!\", Drive360 Parts & Solutions - Jornal das Oficinas","description":"A NAPS Parts & Solutions, o maior parceiro do grupo Create Business, alterou a sua designa\u00e7\u00e3o comercial, passando agora a chamar-se Drive360","robots":{"index":"index","follow":"follow","max-snippet":"max-snippet:-1","max-image-preview":"max-image-preview:large","max-video-preview":"max-video-preview:-1"},"canonical":"https:\/\/jornaldasoficinas.com\/pt\/ja-estamos-a-preparar-o-futuro-drive360-parts-solutions\/","og_locale":"pt_PT","og_type":"article","og_title":"\"J\u00e1 estamos a preparar o futuro!\", Drive360 Parts & Solutions - Jornal das Oficinas","og_description":"A NAPS Parts & Solutions, o maior parceiro do grupo Create Business, alterou a sua designa\u00e7\u00e3o comercial, passando agora a chamar-se Drive360","og_url":"https:\/\/jornaldasoficinas.com\/pt\/ja-estamos-a-preparar-o-futuro-drive360-parts-solutions\/","og_site_name":"Jornal das Oficinas","article_publisher":"https:\/\/www.facebook.com\/jornaloficinas","article_published_time":"2025-08-03T20:00:23+00:00","og_image":[{"width":1024,"height":581,"url":"https:\/\/jornaldasoficinas.com\/pt\/wp-content\/uploads\/2025\/07\/N2_pedro_proenca-create_business.jpeg","type":"image\/jpeg"}],"author":"Reda\u00e7\u00e3o JO","twitter_card":"summary_large_image","twitter_creator":"@jornaloficinas","twitter_site":"@jornaloficinas","twitter_misc":{"Escrito por":"Reda\u00e7\u00e3o JO","Tempo estimado de leitura":"8 minutos"},"schema":{"@context":"https:\/\/schema.org","@graph":[{"@type":"Article","@id":"https:\/\/jornaldasoficinas.com\/pt\/ja-estamos-a-preparar-o-futuro-drive360-parts-solutions\/#article","isPartOf":{"@id":"https:\/\/jornaldasoficinas.com\/pt\/ja-estamos-a-preparar-o-futuro-drive360-parts-solutions\/"},"author":{"name":"Reda\u00e7\u00e3o JO","@id":"https:\/\/jornaldasoficinas.com\/pt\/#\/schema\/person\/a38eef5de2c41d9e7c9ac10141afddf3"},"headline":"&#8220;J\u00e1 estamos a preparar o futuro!&#8221;, Drive360 Parts &#038; Solutions","datePublished":"2025-08-03T20:00:23+00:00","mainEntityOfPage":{"@id":"https:\/\/jornaldasoficinas.com\/pt\/ja-estamos-a-preparar-o-futuro-drive360-parts-solutions\/"},"wordCount":1445,"publisher":{"@id":"https:\/\/jornaldasoficinas.com\/pt\/#organization"},"image":{"@id":"https:\/\/jornaldasoficinas.com\/pt\/ja-estamos-a-preparar-o-futuro-drive360-parts-solutions\/#primaryimage"},"thumbnailUrl":"https:\/\/jornaldasoficinas.com\/pt\/wp-content\/uploads\/2025\/07\/N2_pedro_proenca-create_business.jpeg","keywords":["Create Business","Distribui\u00e7\u00e3o de pe\u00e7as","Drive360","Equipamento Oficinal","expans\u00e3o","NAPS Parts &amp; Solutions","Pedro Proen\u00e7a","preparar futuro"],"articleSection":["Entrevistas"],"inLanguage":"pt-PT"},{"@type":"WebPage","@id":"https:\/\/jornaldasoficinas.com\/pt\/ja-estamos-a-preparar-o-futuro-drive360-parts-solutions\/","url":"https:\/\/jornaldasoficinas.com\/pt\/ja-estamos-a-preparar-o-futuro-drive360-parts-solutions\/","name":"\"J\u00e1 estamos a preparar o futuro!\", Drive360 Parts & Solutions - Jornal das Oficinas","isPartOf":{"@id":"https:\/\/jornaldasoficinas.com\/pt\/#website"},"primaryImageOfPage":{"@id":"https:\/\/jornaldasoficinas.com\/pt\/ja-estamos-a-preparar-o-futuro-drive360-parts-solutions\/#primaryimage"},"image":{"@id":"https:\/\/jornaldasoficinas.com\/pt\/ja-estamos-a-preparar-o-futuro-drive360-parts-solutions\/#primaryimage"},"thumbnailUrl":"https:\/\/jornaldasoficinas.com\/pt\/wp-content\/uploads\/2025\/07\/N2_pedro_proenca-create_business.jpeg","datePublished":"2025-08-03T20:00:23+00:00","description":"A NAPS Parts & Solutions, o maior parceiro do grupo Create Business, alterou a sua designa\u00e7\u00e3o comercial, passando agora a chamar-se Drive360","breadcrumb":{"@id":"https:\/\/jornaldasoficinas.com\/pt\/ja-estamos-a-preparar-o-futuro-drive360-parts-solutions\/#breadcrumb"},"inLanguage":"pt-PT","potentialAction":[{"@type":"ReadAction","target":["https:\/\/jornaldasoficinas.com\/pt\/ja-estamos-a-preparar-o-futuro-drive360-parts-solutions\/"]}]},{"@type":"ImageObject","inLanguage":"pt-PT","@id":"https:\/\/jornaldasoficinas.com\/pt\/ja-estamos-a-preparar-o-futuro-drive360-parts-solutions\/#primaryimage","url":"https:\/\/jornaldasoficinas.com\/pt\/wp-content\/uploads\/2025\/07\/N2_pedro_proenca-create_business.jpeg","contentUrl":"https:\/\/jornaldasoficinas.com\/pt\/wp-content\/uploads\/2025\/07\/N2_pedro_proenca-create_business.jpeg","width":1024,"height":581,"caption":"07 - N2_pedro_proenca create_business"},{"@type":"BreadcrumbList","@id":"https:\/\/jornaldasoficinas.com\/pt\/ja-estamos-a-preparar-o-futuro-drive360-parts-solutions\/#breadcrumb","itemListElement":[{"@type":"ListItem","position":1,"name":"In\u00edcio","item":"https:\/\/jornaldasoficinas.com\/pt\/"},{"@type":"ListItem","position":2,"name":"&#8220;J\u00e1 estamos a preparar o futuro!&#8221;, Drive360 Parts &#038; Solutions"}]},{"@type":"WebSite","@id":"https:\/\/jornaldasoficinas.com\/pt\/#website","url":"https:\/\/jornaldasoficinas.com\/pt\/","name":"Jornal das Oficinas","description":"Jornal independente do Aftermarket Autom\u00f3vel em Portugal","publisher":{"@id":"https:\/\/jornaldasoficinas.com\/pt\/#organization"},"potentialAction":[{"@type":"SearchAction","target":{"@type":"EntryPoint","urlTemplate":"https:\/\/jornaldasoficinas.com\/pt\/?s={search_term_string}"},"query-input":{"@type":"PropertyValueSpecification","valueRequired":true,"valueName":"search_term_string"}}],"inLanguage":"pt-PT"},{"@type":"Organization","@id":"https:\/\/jornaldasoficinas.com\/pt\/#organization","name":"Jornal das Oficinas","url":"https:\/\/jornaldasoficinas.com\/pt\/","logo":{"@type":"ImageObject","inLanguage":"pt-PT","@id":"https:\/\/jornaldasoficinas.com\/pt\/#\/schema\/logo\/image\/","url":"https:\/\/jornaldasoficinas.com\/pt\/wp-content\/uploads\/logoJO-SEO.png","contentUrl":"https:\/\/jornaldasoficinas.com\/pt\/wp-content\/uploads\/logoJO-SEO.png","width":285,"height":450,"caption":"Jornal das Oficinas"},"image":{"@id":"https:\/\/jornaldasoficinas.com\/pt\/#\/schema\/logo\/image\/"},"sameAs":["https:\/\/www.facebook.com\/jornaloficinas","https:\/\/x.com\/jornaloficinas","https:\/\/www.instagram.com\/jornal_oficinas\/","https:\/\/www.linkedin.com\/company\/jornal-das-oficinas\/","https:\/\/www.youtube.com\/channel\/UCbQZBqtcvV-oSQrr7RzINGg"]},{"@type":"Person","@id":"https:\/\/jornaldasoficinas.com\/pt\/#\/schema\/person\/a38eef5de2c41d9e7c9ac10141afddf3","name":"Reda\u00e7\u00e3o JO","image":{"@type":"ImageObject","inLanguage":"pt-PT","@id":"https:\/\/secure.gravatar.com\/avatar\/71f2fa71737ad68a84fea94bc708ddac8ea5b0c4788dc2ad202f3ccb2887742f?s=96&d=wp_user_avatar&r=g","url":"https:\/\/secure.gravatar.com\/avatar\/71f2fa71737ad68a84fea94bc708ddac8ea5b0c4788dc2ad202f3ccb2887742f?s=96&d=wp_user_avatar&r=g","contentUrl":"https:\/\/secure.gravatar.com\/avatar\/71f2fa71737ad68a84fea94bc708ddac8ea5b0c4788dc2ad202f3ccb2887742f?s=96&d=wp_user_avatar&r=g","caption":"Reda\u00e7\u00e3o JO"},"url":"https:\/\/jornaldasoficinas.com\/pt\/author\/joredacao\/"}]}},"_links":{"self":[{"href":"https:\/\/jornaldasoficinas.com\/pt\/wp-json\/wp\/v2\/posts\/104954","targetHints":{"allow":["GET"]}}],"collection":[{"href":"https:\/\/jornaldasoficinas.com\/pt\/wp-json\/wp\/v2\/posts"}],"about":[{"href":"https:\/\/jornaldasoficinas.com\/pt\/wp-json\/wp\/v2\/types\/post"}],"author":[{"embeddable":true,"href":"https:\/\/jornaldasoficinas.com\/pt\/wp-json\/wp\/v2\/users\/15"}],"replies":[{"embeddable":true,"href":"https:\/\/jornaldasoficinas.com\/pt\/wp-json\/wp\/v2\/comments?post=104954"}],"version-history":[{"count":7,"href":"https:\/\/jornaldasoficinas.com\/pt\/wp-json\/wp\/v2\/posts\/104954\/revisions"}],"predecessor-version":[{"id":105237,"href":"https:\/\/jornaldasoficinas.com\/pt\/wp-json\/wp\/v2\/posts\/104954\/revisions\/105237"}],"wp:featuredmedia":[{"embeddable":true,"href":"https:\/\/jornaldasoficinas.com\/pt\/wp-json\/wp\/v2\/media\/104947"}],"wp:attachment":[{"href":"https:\/\/jornaldasoficinas.com\/pt\/wp-json\/wp\/v2\/media?parent=104954"}],"wp:term":[{"taxonomy":"category","embeddable":true,"href":"https:\/\/jornaldasoficinas.com\/pt\/wp-json\/wp\/v2\/categories?post=104954"},{"taxonomy":"post_tag","embeddable":true,"href":"https:\/\/jornaldasoficinas.com\/pt\/wp-json\/wp\/v2\/tags?post=104954"}],"curies":[{"name":"wp","href":"https:\/\/api.w.org\/{rel}","templated":true}]}}