{"id":104989,"date":"2025-08-10T21:30:12","date_gmt":"2025-08-10T20:30:12","guid":{"rendered":"https:\/\/jornaldasoficinas.com\/pt\/?p=104989"},"modified":"2025-08-01T00:25:19","modified_gmt":"2025-07-31T23:25:19","slug":"queremos-continuar-a-alargar-a-nossa-presenca-nacional-midas","status":"publish","type":"post","link":"https:\/\/jornaldasoficinas.com\/pt\/queremos-continuar-a-alargar-a-nossa-presenca-nacional-midas\/","title":{"rendered":"&#8220;Queremos continuar a alargar a nossa presen\u00e7a nacional!&#8221;, Midas"},"content":{"rendered":"<p><img loading=\"lazy\" decoding=\"async\" class=\"alignnone size-full wp-image-104967\" src=\"https:\/\/jornaldasoficinas.com\/pt\/wp-content\/uploads\/2025\/07\/N3_midas.jpeg\" alt=\"07 - N3_midas\" width=\"1024\" height=\"581\" srcset=\"https:\/\/jornaldasoficinas.com\/pt\/wp-content\/uploads\/2025\/07\/N3_midas.jpeg 1024w, https:\/\/jornaldasoficinas.com\/pt\/wp-content\/uploads\/2025\/07\/N3_midas-300x170.jpeg 300w, https:\/\/jornaldasoficinas.com\/pt\/wp-content\/uploads\/2025\/07\/N3_midas-150x85.jpeg 150w, https:\/\/jornaldasoficinas.com\/pt\/wp-content\/uploads\/2025\/07\/N3_midas-768x436.jpeg 768w\" sizes=\"auto, (max-width: 1024px) 100vw, 1024px\" \/><\/p>\n<p><strong>Em abril de 2021 a <a href=\"https:\/\/www.midas.pt\/\" target=\"_blank\" rel=\"noopener\">Midas<\/a> abriu a primeira oficina sob gest\u00e3o do <a href=\"https:\/\/salvadorcaetano.pt\/\" target=\"_blank\" rel=\"noopener\">Grupo Salvador Caetano<\/a>. Desde ent\u00e3o tem vindo a crescer de forma sustentada, tanto em n\u00famero de oficinas como na qualidade do servi\u00e7o prestado. Miguel Silva, COO da Midas Portugal, diz que este \u00e9 s\u00f3 o come\u00e7o e que o futuro traz novos desafios, mas tamb\u00e9m muitas oportunidades que est\u00e1 pronto para abra\u00e7ar<\/strong><\/p>\n<p>Nos \u00faltimos anos, a Midas tem investido fortemente na moderniza\u00e7\u00e3o da rede, na digitaliza\u00e7\u00e3o dos processos e no refor\u00e7o da proximidade com os seus franqueados e clientes. Conseguiu ampliar a sua presen\u00e7a no territ\u00f3rio nacional, atrair novos parceiros e desenvolver projetos inovadores. Mas, acima de tudo, conseguiu manter o compromisso com a confian\u00e7a, a conveni\u00eancia e a qualidade \u2014 valores que definem a marca Midas.<\/p>\n<p><strong>O que distingue a marca Midas?<\/strong><br \/>\nA Midas \u00e9 muito mais do que uma oficina: \u00e9 uma solu\u00e7\u00e3o de mobilidade de confian\u00e7a. Trabalhamos com todas as marcas, temos t\u00e9cnicos especializados e apostamos fortemente na inova\u00e7\u00e3o e na forma\u00e7\u00e3o. O que nos distingue \u00e9 a proximidade ao cliente, a transpar\u00eancia no servi\u00e7o e o compromisso com a mobilidade segura e sustent\u00e1vel. O nosso know-how vem de d\u00e9cadas de experi\u00eancia internacional, adaptado \u00e0 realidade local com o ADN do Grupo Salvador Caetano. Atualmente temos vinte e sete oficinas em funcionamento em Portugal. Onze operam em regime de franchising, um modelo que nos tem permitido crescer de forma sustentada, com parceiros que partilham os nossos valores e a nossa vis\u00e3o de futuro.<\/p>\n<p><strong>E como funciona o vosso modelo de franchising? Trata-se de uma solu\u00e7\u00e3o de gest\u00e3o de neg\u00f3cio chave na m\u00e3o?<\/strong><br \/>\nSim, \u00e9 um verdadeiro modelo chave na m\u00e3o. Acompanhamos o franqueado desde o primeiro dia \u2014 na escolha da localiza\u00e7\u00e3o, na forma\u00e7\u00e3o t\u00e9cnica e comercial, na comunica\u00e7\u00e3o e gest\u00e3o di\u00e1ria do neg\u00f3cio. Temos vindo a registar um aumento significativo de interesse no nosso modelo, tanto de novos empreendedores como de oficinas j\u00e1 existentes que querem crescer com uma marca forte.<\/p>\n<p><strong>Quais os crit\u00e9rios para entrar na rede?<\/strong><br \/>\nAcima de tudo, procuramos parceiros com esp\u00edrito empreendedor, orienta\u00e7\u00e3o para o cliente e vontade de inovar. A experi\u00eancia no setor autom\u00f3vel \u00e9 valorizada, mas n\u00e3o \u00e9 obrigat\u00f3ria. Analisamos tamb\u00e9m a localiza\u00e7\u00e3o, o potencial de mercado e o alinhamento com os nossos padr\u00f5es de qualidade.<\/p>\n<p><strong>Quais os aspetos mais valorizados pelos vosso franqueados?<\/strong><br \/>\nS\u00e3o a for\u00e7a da marca, o apoio cont\u00ednuo, as ferramentas digitais e a forma\u00e7\u00e3o constante. Sentem que fazem parte de uma rede unida, com processos bem definidos e com espa\u00e7o para crescer.<\/p>\n<p><strong>Que servi\u00e7os s\u00e3o prestados pelas oficinas Midas?<\/strong><br \/>\nPrestamos praticamente todos os servi\u00e7os de manuten\u00e7\u00e3o e repara\u00e7\u00e3o autom\u00f3vel, incluindo revis\u00f5es, trav\u00f5es, pneus, baterias, ar condicionado, diagn\u00f3sticos eletr\u00f3nicos, entre muitos outros. Estamos tamb\u00e9m preparados e certificados para intervir em ve\u00edculos h\u00edbridos e el\u00e9tricos, com t\u00e9cnicos formados e equipamento adequado. O cliente sabe que encontra na Midas um servi\u00e7o r\u00e1pido, profissional e de confian\u00e7a.<\/p>\n<p><strong>Qual o perfil do cliente Midas?<\/strong><br \/>\nTemos um equil\u00edbrio entre clientes particulares e empresariais. O que todos valorizam \u00e9 a confian\u00e7a, o atendimento personalizado e a conveni\u00eancia. Sabem que podem contar connosco para cuidar da sua viatura, sem surpresas.<\/p>\n<p><strong>Como est\u00e1 a decorrer o processo de digitaliza\u00e7\u00e3o da rede?<\/strong><br \/>\nA digitaliza\u00e7\u00e3o \u00e9 uma das grandes apostas da Midas. J\u00e1 disponibilizamos marca\u00e7\u00f5es online, or\u00e7amentos digitais, notifica\u00e7\u00f5es autom\u00e1ticas para os clientes e tamb\u00e9m fatura digital \u2014 uma solu\u00e7\u00e3o mais pr\u00e1tica, r\u00e1pida e sustent\u00e1vel. Internamente, estamos a implementar ferramentas de gest\u00e3o que ajudam as oficinas a operar com maior efici\u00eancia, desde o agendamento at\u00e9 ao controlo de desempenho em tempo real. Tamb\u00e9m investimos na forma\u00e7\u00e3o cont\u00ednua das equipas, com uma plataforma de e-learning, a Academia Midas, que permite aos nossos colaboradores acederem a conte\u00fados t\u00e9cnicos e comerciais atualizados, em qualquer altura e em qualquer lugar. Para n\u00f3s, digitalizar n\u00e3o \u00e9 apenas adotar tecnologia \u2014 \u00e9 melhorar a experi\u00eancia do cliente e tornar o dia a dia das oficinas mais \u00e1gil, simples e eficiente.<\/p>\n<p><strong>Considera que uma oficina em rede est\u00e1 mais preparada para os desafios da digitaliza\u00e7\u00e3o?<\/strong><br \/>\nSem d\u00favida. Estar em rede permite partilhar boas pr\u00e1ticas, ter acesso a tecnologias e forma\u00e7\u00f5es que, de forma isolada, seriam mais dif\u00edceis de obter e implementar. Al\u00e9m disso, o apoio central facilita muito a transi\u00e7\u00e3o digital.<\/p>\n<p><strong>Relativamente ao tema da sustentabilidade, o que est\u00e1 a ser feito?<\/strong><br \/>\nTemos v\u00e1rias iniciativas em curso: desde a gest\u00e3o de res\u00edduos, \u00e0 utiliza\u00e7\u00e3o de materiais recicl\u00e1veis e produtos mais ecol\u00f3gicos, at\u00e9 ao investimento em forma\u00e7\u00e3o ambiental para as equipas. Acreditamos que uma oficina moderna tem de ser tamb\u00e9m uma oficina respons\u00e1vel.<\/p>\n<p><strong>A diversifica\u00e7\u00e3o de marcas e modelos autom\u00f3veis \u00e9 ben\u00e9fica ou prejudicial para o neg\u00f3cio das oficinas da rede?<\/strong><br \/>\nPara n\u00f3s, \u00e9 uma oportunidade. A Midas \u00e9 uma rede multimarca por natureza, e isso exige que estejamos sempre atualizados e preparados para responder a diferentes necessidades. Essa diversidade desafia-nos a evoluir, a investir em forma\u00e7\u00e3o e tecnologia e, no final, permite-nos prestar um servi\u00e7o de excel\u00eancia a todos os tipos de clientes.<\/p>\n<p><strong>Que forma\u00e7\u00e3o \u00e9 dada aos funcion\u00e1rios das oficinas Midas?<\/strong><\/p>\n<p>Saiba a resposta a esta e a outras quest\u00f5es na edi\u00e7\u00e3o impressa e online do Jornal das Oficinas n\u00ba223, <a href=\"https:\/\/www.yumpu.com\/pt\/document\/read\/70603628\/jornal-das-oficinas-223\/38\">aqui<\/a>.<\/p>\n<p>&nbsp;<\/p>\n<p>&nbsp;<\/p>\n","protected":false},"excerpt":{"rendered":"<p>Em abril de 2021 a Midas&#8230;<\/p>\n","protected":false},"author":15,"featured_media":104967,"comment_status":"closed","ping_status":"closed","sticky":false,"template":"","format":"standard","meta":{"footnotes":""},"categories":[38],"tags":[336,1173,939,13244,6645,1767],"class_list":["post-104989","post","type-post","status-publish","format-standard","has-post-thumbnail","hentry","category-entrevistas","tag-digitalizacao","tag-grupo-salvador-caetano","tag-midas","tag-miguel-silva","tag-oficinas-de-rede","tag-sustentabilidade"],"yoast_head":"<!-- This site is optimized with the Yoast SEO plugin v27.4 - https:\/\/yoast.com\/product\/yoast-seo-wordpress\/ -->\n<title>&quot;Queremos continuar a alargar a nossa presen\u00e7a nacional!&quot;, Midas - Jornal das Oficinas<\/title>\n<meta name=\"description\" content=\"Em abril de 2021 a Midas abriu a primeira oficina sob gest\u00e3o do Grupo Salvador Caetano. Desde ent\u00e3o tem vindo a crescer de forma sustentada\" \/>\n<meta name=\"robots\" content=\"index, follow, max-snippet:-1, max-image-preview:large, max-video-preview:-1\" \/>\n<link rel=\"canonical\" href=\"https:\/\/jornaldasoficinas.com\/pt\/queremos-continuar-a-alargar-a-nossa-presenca-nacional-midas\/\" \/>\n<meta property=\"og:locale\" content=\"pt_PT\" \/>\n<meta property=\"og:type\" content=\"article\" \/>\n<meta property=\"og:title\" content=\"&quot;Queremos continuar a alargar a nossa presen\u00e7a nacional!&quot;, Midas - Jornal das Oficinas\" \/>\n<meta property=\"og:description\" content=\"Em abril de 2021 a Midas abriu a primeira oficina sob gest\u00e3o do Grupo Salvador Caetano. Desde ent\u00e3o tem vindo a crescer de forma sustentada\" \/>\n<meta property=\"og:url\" content=\"https:\/\/jornaldasoficinas.com\/pt\/queremos-continuar-a-alargar-a-nossa-presenca-nacional-midas\/\" \/>\n<meta property=\"og:site_name\" content=\"Jornal das Oficinas\" \/>\n<meta property=\"article:publisher\" content=\"https:\/\/www.facebook.com\/jornaloficinas\" \/>\n<meta property=\"article:published_time\" content=\"2025-08-10T20:30:12+00:00\" \/>\n<meta property=\"og:image\" content=\"https:\/\/jornaldasoficinas.com\/pt\/wp-content\/uploads\/2025\/07\/N3_midas.jpeg\" \/>\n\t<meta property=\"og:image:width\" content=\"1024\" \/>\n\t<meta property=\"og:image:height\" content=\"581\" \/>\n\t<meta property=\"og:image:type\" content=\"image\/jpeg\" \/>\n<meta name=\"author\" content=\"Reda\u00e7\u00e3o JO\" \/>\n<meta name=\"twitter:card\" content=\"summary_large_image\" \/>\n<meta name=\"twitter:creator\" content=\"@jornaloficinas\" \/>\n<meta name=\"twitter:site\" content=\"@jornaloficinas\" \/>\n<meta name=\"twitter:label1\" content=\"Escrito por\" \/>\n\t<meta name=\"twitter:data1\" content=\"Reda\u00e7\u00e3o JO\" \/>\n\t<meta name=\"twitter:label2\" content=\"Tempo estimado de leitura\" \/>\n\t<meta name=\"twitter:data2\" content=\"6 minutos\" \/>\n<script type=\"application\/ld+json\" class=\"yoast-schema-graph\">{\"@context\":\"https:\\\/\\\/schema.org\",\"@graph\":[{\"@type\":\"Article\",\"@id\":\"https:\\\/\\\/jornaldasoficinas.com\\\/pt\\\/queremos-continuar-a-alargar-a-nossa-presenca-nacional-midas\\\/#article\",\"isPartOf\":{\"@id\":\"https:\\\/\\\/jornaldasoficinas.com\\\/pt\\\/queremos-continuar-a-alargar-a-nossa-presenca-nacional-midas\\\/\"},\"author\":{\"name\":\"Reda\u00e7\u00e3o JO\",\"@id\":\"https:\\\/\\\/jornaldasoficinas.com\\\/pt\\\/#\\\/schema\\\/person\\\/a38eef5de2c41d9e7c9ac10141afddf3\"},\"headline\":\"&#8220;Queremos continuar a alargar a nossa presen\u00e7a nacional!&#8221;, Midas\",\"datePublished\":\"2025-08-10T20:30:12+00:00\",\"mainEntityOfPage\":{\"@id\":\"https:\\\/\\\/jornaldasoficinas.com\\\/pt\\\/queremos-continuar-a-alargar-a-nossa-presenca-nacional-midas\\\/\"},\"wordCount\":963,\"publisher\":{\"@id\":\"https:\\\/\\\/jornaldasoficinas.com\\\/pt\\\/#organization\"},\"image\":{\"@id\":\"https:\\\/\\\/jornaldasoficinas.com\\\/pt\\\/queremos-continuar-a-alargar-a-nossa-presenca-nacional-midas\\\/#primaryimage\"},\"thumbnailUrl\":\"https:\\\/\\\/jornaldasoficinas.com\\\/pt\\\/wp-content\\\/uploads\\\/2025\\\/07\\\/N3_midas.jpeg\",\"keywords\":[\"Digitaliza\u00e7\u00e3o\",\"Grupo Salvador Caetano\",\"Midas\",\"Miguel Silva\",\"Oficinas de rede\",\"Sustentabilidade\"],\"articleSection\":[\"Entrevistas\"],\"inLanguage\":\"pt-PT\"},{\"@type\":\"WebPage\",\"@id\":\"https:\\\/\\\/jornaldasoficinas.com\\\/pt\\\/queremos-continuar-a-alargar-a-nossa-presenca-nacional-midas\\\/\",\"url\":\"https:\\\/\\\/jornaldasoficinas.com\\\/pt\\\/queremos-continuar-a-alargar-a-nossa-presenca-nacional-midas\\\/\",\"name\":\"\\\"Queremos continuar a alargar a nossa presen\u00e7a nacional!\\\", Midas - Jornal das Oficinas\",\"isPartOf\":{\"@id\":\"https:\\\/\\\/jornaldasoficinas.com\\\/pt\\\/#website\"},\"primaryImageOfPage\":{\"@id\":\"https:\\\/\\\/jornaldasoficinas.com\\\/pt\\\/queremos-continuar-a-alargar-a-nossa-presenca-nacional-midas\\\/#primaryimage\"},\"image\":{\"@id\":\"https:\\\/\\\/jornaldasoficinas.com\\\/pt\\\/queremos-continuar-a-alargar-a-nossa-presenca-nacional-midas\\\/#primaryimage\"},\"thumbnailUrl\":\"https:\\\/\\\/jornaldasoficinas.com\\\/pt\\\/wp-content\\\/uploads\\\/2025\\\/07\\\/N3_midas.jpeg\",\"datePublished\":\"2025-08-10T20:30:12+00:00\",\"description\":\"Em abril de 2021 a Midas abriu a primeira oficina sob gest\u00e3o do Grupo Salvador Caetano. Desde ent\u00e3o tem vindo a crescer de forma sustentada\",\"breadcrumb\":{\"@id\":\"https:\\\/\\\/jornaldasoficinas.com\\\/pt\\\/queremos-continuar-a-alargar-a-nossa-presenca-nacional-midas\\\/#breadcrumb\"},\"inLanguage\":\"pt-PT\",\"potentialAction\":[{\"@type\":\"ReadAction\",\"target\":[\"https:\\\/\\\/jornaldasoficinas.com\\\/pt\\\/queremos-continuar-a-alargar-a-nossa-presenca-nacional-midas\\\/\"]}]},{\"@type\":\"ImageObject\",\"inLanguage\":\"pt-PT\",\"@id\":\"https:\\\/\\\/jornaldasoficinas.com\\\/pt\\\/queremos-continuar-a-alargar-a-nossa-presenca-nacional-midas\\\/#primaryimage\",\"url\":\"https:\\\/\\\/jornaldasoficinas.com\\\/pt\\\/wp-content\\\/uploads\\\/2025\\\/07\\\/N3_midas.jpeg\",\"contentUrl\":\"https:\\\/\\\/jornaldasoficinas.com\\\/pt\\\/wp-content\\\/uploads\\\/2025\\\/07\\\/N3_midas.jpeg\",\"width\":1024,\"height\":581,\"caption\":\"07 - N3_midas\"},{\"@type\":\"BreadcrumbList\",\"@id\":\"https:\\\/\\\/jornaldasoficinas.com\\\/pt\\\/queremos-continuar-a-alargar-a-nossa-presenca-nacional-midas\\\/#breadcrumb\",\"itemListElement\":[{\"@type\":\"ListItem\",\"position\":1,\"name\":\"In\u00edcio\",\"item\":\"https:\\\/\\\/jornaldasoficinas.com\\\/pt\\\/\"},{\"@type\":\"ListItem\",\"position\":2,\"name\":\"&#8220;Queremos continuar a alargar a nossa presen\u00e7a nacional!&#8221;, Midas\"}]},{\"@type\":\"WebSite\",\"@id\":\"https:\\\/\\\/jornaldasoficinas.com\\\/pt\\\/#website\",\"url\":\"https:\\\/\\\/jornaldasoficinas.com\\\/pt\\\/\",\"name\":\"Jornal das Oficinas\",\"description\":\"Jornal independente do Aftermarket Autom\u00f3vel em Portugal\",\"publisher\":{\"@id\":\"https:\\\/\\\/jornaldasoficinas.com\\\/pt\\\/#organization\"},\"potentialAction\":[{\"@type\":\"SearchAction\",\"target\":{\"@type\":\"EntryPoint\",\"urlTemplate\":\"https:\\\/\\\/jornaldasoficinas.com\\\/pt\\\/?s={search_term_string}\"},\"query-input\":{\"@type\":\"PropertyValueSpecification\",\"valueRequired\":true,\"valueName\":\"search_term_string\"}}],\"inLanguage\":\"pt-PT\"},{\"@type\":\"Organization\",\"@id\":\"https:\\\/\\\/jornaldasoficinas.com\\\/pt\\\/#organization\",\"name\":\"Jornal das Oficinas\",\"url\":\"https:\\\/\\\/jornaldasoficinas.com\\\/pt\\\/\",\"logo\":{\"@type\":\"ImageObject\",\"inLanguage\":\"pt-PT\",\"@id\":\"https:\\\/\\\/jornaldasoficinas.com\\\/pt\\\/#\\\/schema\\\/logo\\\/image\\\/\",\"url\":\"https:\\\/\\\/jornaldasoficinas.com\\\/pt\\\/wp-content\\\/uploads\\\/logoJO-SEO.png\",\"contentUrl\":\"https:\\\/\\\/jornaldasoficinas.com\\\/pt\\\/wp-content\\\/uploads\\\/logoJO-SEO.png\",\"width\":285,\"height\":450,\"caption\":\"Jornal das Oficinas\"},\"image\":{\"@id\":\"https:\\\/\\\/jornaldasoficinas.com\\\/pt\\\/#\\\/schema\\\/logo\\\/image\\\/\"},\"sameAs\":[\"https:\\\/\\\/www.facebook.com\\\/jornaloficinas\",\"https:\\\/\\\/x.com\\\/jornaloficinas\",\"https:\\\/\\\/www.instagram.com\\\/jornal_oficinas\\\/\",\"https:\\\/\\\/www.linkedin.com\\\/company\\\/jornal-das-oficinas\\\/\",\"https:\\\/\\\/www.youtube.com\\\/channel\\\/UCbQZBqtcvV-oSQrr7RzINGg\"]},{\"@type\":\"Person\",\"@id\":\"https:\\\/\\\/jornaldasoficinas.com\\\/pt\\\/#\\\/schema\\\/person\\\/a38eef5de2c41d9e7c9ac10141afddf3\",\"name\":\"Reda\u00e7\u00e3o JO\",\"image\":{\"@type\":\"ImageObject\",\"inLanguage\":\"pt-PT\",\"@id\":\"https:\\\/\\\/secure.gravatar.com\\\/avatar\\\/71f2fa71737ad68a84fea94bc708ddac8ea5b0c4788dc2ad202f3ccb2887742f?s=96&d=wp_user_avatar&r=g\",\"url\":\"https:\\\/\\\/secure.gravatar.com\\\/avatar\\\/71f2fa71737ad68a84fea94bc708ddac8ea5b0c4788dc2ad202f3ccb2887742f?s=96&d=wp_user_avatar&r=g\",\"contentUrl\":\"https:\\\/\\\/secure.gravatar.com\\\/avatar\\\/71f2fa71737ad68a84fea94bc708ddac8ea5b0c4788dc2ad202f3ccb2887742f?s=96&d=wp_user_avatar&r=g\",\"caption\":\"Reda\u00e7\u00e3o JO\"},\"url\":\"https:\\\/\\\/jornaldasoficinas.com\\\/pt\\\/author\\\/joredacao\\\/\"}]}<\/script>\n<!-- \/ Yoast SEO plugin. -->","yoast_head_json":{"title":"\"Queremos continuar a alargar a nossa presen\u00e7a nacional!\", Midas - Jornal das Oficinas","description":"Em abril de 2021 a Midas abriu a primeira oficina sob gest\u00e3o do Grupo Salvador Caetano. Desde ent\u00e3o tem vindo a crescer de forma sustentada","robots":{"index":"index","follow":"follow","max-snippet":"max-snippet:-1","max-image-preview":"max-image-preview:large","max-video-preview":"max-video-preview:-1"},"canonical":"https:\/\/jornaldasoficinas.com\/pt\/queremos-continuar-a-alargar-a-nossa-presenca-nacional-midas\/","og_locale":"pt_PT","og_type":"article","og_title":"\"Queremos continuar a alargar a nossa presen\u00e7a nacional!\", Midas - Jornal das Oficinas","og_description":"Em abril de 2021 a Midas abriu a primeira oficina sob gest\u00e3o do Grupo Salvador Caetano. Desde ent\u00e3o tem vindo a crescer de forma sustentada","og_url":"https:\/\/jornaldasoficinas.com\/pt\/queremos-continuar-a-alargar-a-nossa-presenca-nacional-midas\/","og_site_name":"Jornal das Oficinas","article_publisher":"https:\/\/www.facebook.com\/jornaloficinas","article_published_time":"2025-08-10T20:30:12+00:00","og_image":[{"width":1024,"height":581,"url":"https:\/\/jornaldasoficinas.com\/pt\/wp-content\/uploads\/2025\/07\/N3_midas.jpeg","type":"image\/jpeg"}],"author":"Reda\u00e7\u00e3o JO","twitter_card":"summary_large_image","twitter_creator":"@jornaloficinas","twitter_site":"@jornaloficinas","twitter_misc":{"Escrito por":"Reda\u00e7\u00e3o JO","Tempo estimado de leitura":"6 minutos"},"schema":{"@context":"https:\/\/schema.org","@graph":[{"@type":"Article","@id":"https:\/\/jornaldasoficinas.com\/pt\/queremos-continuar-a-alargar-a-nossa-presenca-nacional-midas\/#article","isPartOf":{"@id":"https:\/\/jornaldasoficinas.com\/pt\/queremos-continuar-a-alargar-a-nossa-presenca-nacional-midas\/"},"author":{"name":"Reda\u00e7\u00e3o JO","@id":"https:\/\/jornaldasoficinas.com\/pt\/#\/schema\/person\/a38eef5de2c41d9e7c9ac10141afddf3"},"headline":"&#8220;Queremos continuar a alargar a nossa presen\u00e7a nacional!&#8221;, Midas","datePublished":"2025-08-10T20:30:12+00:00","mainEntityOfPage":{"@id":"https:\/\/jornaldasoficinas.com\/pt\/queremos-continuar-a-alargar-a-nossa-presenca-nacional-midas\/"},"wordCount":963,"publisher":{"@id":"https:\/\/jornaldasoficinas.com\/pt\/#organization"},"image":{"@id":"https:\/\/jornaldasoficinas.com\/pt\/queremos-continuar-a-alargar-a-nossa-presenca-nacional-midas\/#primaryimage"},"thumbnailUrl":"https:\/\/jornaldasoficinas.com\/pt\/wp-content\/uploads\/2025\/07\/N3_midas.jpeg","keywords":["Digitaliza\u00e7\u00e3o","Grupo Salvador Caetano","Midas","Miguel Silva","Oficinas de rede","Sustentabilidade"],"articleSection":["Entrevistas"],"inLanguage":"pt-PT"},{"@type":"WebPage","@id":"https:\/\/jornaldasoficinas.com\/pt\/queremos-continuar-a-alargar-a-nossa-presenca-nacional-midas\/","url":"https:\/\/jornaldasoficinas.com\/pt\/queremos-continuar-a-alargar-a-nossa-presenca-nacional-midas\/","name":"\"Queremos continuar a alargar a nossa presen\u00e7a nacional!\", Midas - Jornal das Oficinas","isPartOf":{"@id":"https:\/\/jornaldasoficinas.com\/pt\/#website"},"primaryImageOfPage":{"@id":"https:\/\/jornaldasoficinas.com\/pt\/queremos-continuar-a-alargar-a-nossa-presenca-nacional-midas\/#primaryimage"},"image":{"@id":"https:\/\/jornaldasoficinas.com\/pt\/queremos-continuar-a-alargar-a-nossa-presenca-nacional-midas\/#primaryimage"},"thumbnailUrl":"https:\/\/jornaldasoficinas.com\/pt\/wp-content\/uploads\/2025\/07\/N3_midas.jpeg","datePublished":"2025-08-10T20:30:12+00:00","description":"Em abril de 2021 a Midas abriu a primeira oficina sob gest\u00e3o do Grupo Salvador Caetano. Desde ent\u00e3o tem vindo a crescer de forma sustentada","breadcrumb":{"@id":"https:\/\/jornaldasoficinas.com\/pt\/queremos-continuar-a-alargar-a-nossa-presenca-nacional-midas\/#breadcrumb"},"inLanguage":"pt-PT","potentialAction":[{"@type":"ReadAction","target":["https:\/\/jornaldasoficinas.com\/pt\/queremos-continuar-a-alargar-a-nossa-presenca-nacional-midas\/"]}]},{"@type":"ImageObject","inLanguage":"pt-PT","@id":"https:\/\/jornaldasoficinas.com\/pt\/queremos-continuar-a-alargar-a-nossa-presenca-nacional-midas\/#primaryimage","url":"https:\/\/jornaldasoficinas.com\/pt\/wp-content\/uploads\/2025\/07\/N3_midas.jpeg","contentUrl":"https:\/\/jornaldasoficinas.com\/pt\/wp-content\/uploads\/2025\/07\/N3_midas.jpeg","width":1024,"height":581,"caption":"07 - N3_midas"},{"@type":"BreadcrumbList","@id":"https:\/\/jornaldasoficinas.com\/pt\/queremos-continuar-a-alargar-a-nossa-presenca-nacional-midas\/#breadcrumb","itemListElement":[{"@type":"ListItem","position":1,"name":"In\u00edcio","item":"https:\/\/jornaldasoficinas.com\/pt\/"},{"@type":"ListItem","position":2,"name":"&#8220;Queremos continuar a alargar a nossa presen\u00e7a nacional!&#8221;, Midas"}]},{"@type":"WebSite","@id":"https:\/\/jornaldasoficinas.com\/pt\/#website","url":"https:\/\/jornaldasoficinas.com\/pt\/","name":"Jornal das Oficinas","description":"Jornal independente do Aftermarket Autom\u00f3vel em Portugal","publisher":{"@id":"https:\/\/jornaldasoficinas.com\/pt\/#organization"},"potentialAction":[{"@type":"SearchAction","target":{"@type":"EntryPoint","urlTemplate":"https:\/\/jornaldasoficinas.com\/pt\/?s={search_term_string}"},"query-input":{"@type":"PropertyValueSpecification","valueRequired":true,"valueName":"search_term_string"}}],"inLanguage":"pt-PT"},{"@type":"Organization","@id":"https:\/\/jornaldasoficinas.com\/pt\/#organization","name":"Jornal das Oficinas","url":"https:\/\/jornaldasoficinas.com\/pt\/","logo":{"@type":"ImageObject","inLanguage":"pt-PT","@id":"https:\/\/jornaldasoficinas.com\/pt\/#\/schema\/logo\/image\/","url":"https:\/\/jornaldasoficinas.com\/pt\/wp-content\/uploads\/logoJO-SEO.png","contentUrl":"https:\/\/jornaldasoficinas.com\/pt\/wp-content\/uploads\/logoJO-SEO.png","width":285,"height":450,"caption":"Jornal das Oficinas"},"image":{"@id":"https:\/\/jornaldasoficinas.com\/pt\/#\/schema\/logo\/image\/"},"sameAs":["https:\/\/www.facebook.com\/jornaloficinas","https:\/\/x.com\/jornaloficinas","https:\/\/www.instagram.com\/jornal_oficinas\/","https:\/\/www.linkedin.com\/company\/jornal-das-oficinas\/","https:\/\/www.youtube.com\/channel\/UCbQZBqtcvV-oSQrr7RzINGg"]},{"@type":"Person","@id":"https:\/\/jornaldasoficinas.com\/pt\/#\/schema\/person\/a38eef5de2c41d9e7c9ac10141afddf3","name":"Reda\u00e7\u00e3o JO","image":{"@type":"ImageObject","inLanguage":"pt-PT","@id":"https:\/\/secure.gravatar.com\/avatar\/71f2fa71737ad68a84fea94bc708ddac8ea5b0c4788dc2ad202f3ccb2887742f?s=96&d=wp_user_avatar&r=g","url":"https:\/\/secure.gravatar.com\/avatar\/71f2fa71737ad68a84fea94bc708ddac8ea5b0c4788dc2ad202f3ccb2887742f?s=96&d=wp_user_avatar&r=g","contentUrl":"https:\/\/secure.gravatar.com\/avatar\/71f2fa71737ad68a84fea94bc708ddac8ea5b0c4788dc2ad202f3ccb2887742f?s=96&d=wp_user_avatar&r=g","caption":"Reda\u00e7\u00e3o JO"},"url":"https:\/\/jornaldasoficinas.com\/pt\/author\/joredacao\/"}]}},"_links":{"self":[{"href":"https:\/\/jornaldasoficinas.com\/pt\/wp-json\/wp\/v2\/posts\/104989","targetHints":{"allow":["GET"]}}],"collection":[{"href":"https:\/\/jornaldasoficinas.com\/pt\/wp-json\/wp\/v2\/posts"}],"about":[{"href":"https:\/\/jornaldasoficinas.com\/pt\/wp-json\/wp\/v2\/types\/post"}],"author":[{"embeddable":true,"href":"https:\/\/jornaldasoficinas.com\/pt\/wp-json\/wp\/v2\/users\/15"}],"replies":[{"embeddable":true,"href":"https:\/\/jornaldasoficinas.com\/pt\/wp-json\/wp\/v2\/comments?post=104989"}],"version-history":[{"count":9,"href":"https:\/\/jornaldasoficinas.com\/pt\/wp-json\/wp\/v2\/posts\/104989\/revisions"}],"predecessor-version":[{"id":105248,"href":"https:\/\/jornaldasoficinas.com\/pt\/wp-json\/wp\/v2\/posts\/104989\/revisions\/105248"}],"wp:featuredmedia":[{"embeddable":true,"href":"https:\/\/jornaldasoficinas.com\/pt\/wp-json\/wp\/v2\/media\/104967"}],"wp:attachment":[{"href":"https:\/\/jornaldasoficinas.com\/pt\/wp-json\/wp\/v2\/media?parent=104989"}],"wp:term":[{"taxonomy":"category","embeddable":true,"href":"https:\/\/jornaldasoficinas.com\/pt\/wp-json\/wp\/v2\/categories?post=104989"},{"taxonomy":"post_tag","embeddable":true,"href":"https:\/\/jornaldasoficinas.com\/pt\/wp-json\/wp\/v2\/tags?post=104989"}],"curies":[{"name":"wp","href":"https:\/\/api.w.org\/{rel}","templated":true}]}}