{"id":105048,"date":"2025-07-31T08:00:43","date_gmt":"2025-07-31T07:00:43","guid":{"rendered":"https:\/\/jornaldasoficinas.com\/pt\/?p=105048"},"modified":"2025-07-29T17:34:14","modified_gmt":"2025-07-29T16:34:14","slug":"ue-pondera-fim-dos-carros-a-combustao-nas-frotas-de-aluguer","status":"publish","type":"post","link":"https:\/\/jornaldasoficinas.com\/pt\/ue-pondera-fim-dos-carros-a-combustao-nas-frotas-de-aluguer\/","title":{"rendered":"UE pondera fim dos carros a combust\u00e3o nas frotas de aluguer"},"content":{"rendered":"<p><img loading=\"lazy\" decoding=\"async\" class=\"size-full wp-image-105060\" src=\"https:\/\/jornaldasoficinas.com\/pt\/wp-content\/uploads\/2025\/07\/mulher-elegante-e-elegante-em-um-salao-de-beleza-carro.jpg\" alt=\"07 - mulher elegante e elegante em um salao de beleza carro\" width=\"1024\" height=\"581\" srcset=\"https:\/\/jornaldasoficinas.com\/pt\/wp-content\/uploads\/2025\/07\/mulher-elegante-e-elegante-em-um-salao-de-beleza-carro.jpg 1024w, https:\/\/jornaldasoficinas.com\/pt\/wp-content\/uploads\/2025\/07\/mulher-elegante-e-elegante-em-um-salao-de-beleza-carro-300x170.jpg 300w, https:\/\/jornaldasoficinas.com\/pt\/wp-content\/uploads\/2025\/07\/mulher-elegante-e-elegante-em-um-salao-de-beleza-carro-150x85.jpg 150w, https:\/\/jornaldasoficinas.com\/pt\/wp-content\/uploads\/2025\/07\/mulher-elegante-e-elegante-em-um-salao-de-beleza-carro-768x436.jpg 768w\" sizes=\"auto, (max-width: 1024px) 100vw, 1024px\" \/><\/p>\n<p><strong>A <a href=\"https:\/\/european-union.europa.eu\/\" target=\"_blank\" rel=\"noopener\">Uni\u00e3o Europeia<\/a> est\u00e1 a considerar proibir a compra de ve\u00edculos com motor de combust\u00e3o pelas empresas de aluguer j\u00e1 a partir de 2030. A medida poder\u00e1 acelerar a eletrifica\u00e7\u00e3o das frotas e influenciar o mercado de usados e a produ\u00e7\u00e3o autom\u00f3vel<\/strong><\/p>\n<p>A Uni\u00e3o Europeia est\u00e1 a analisar novas medidas que poder\u00e3o acelerar o fim dos ve\u00edculos com motor de combust\u00e3o interna. Embora o plano atual preveja o fim das vendas deste tipo de ve\u00edculos at\u00e9 2035, um novo relat\u00f3rio aponta para restri\u00e7\u00f5es mais cedo \u2014 especialmente para o sector das empresas de aluguer de autom\u00f3veis.<\/p>\n<p>Segundo avan\u00e7a o jornal alem\u00e3o <a href=\"https:\/\/www.bild.de\/politik\/inland\/manuel-hagel-warnt-vor-eu-kommissions-beschluss-687f45c232459b34e22d2d91\" target=\"_blank\" rel=\"noopener\">Bild<\/a>, com base em fontes ligadas \u00e0 Comiss\u00e3o Europeia, est\u00e1 em cima da mesa a possibilidade de proibir as empresas de aluguer de adquirirem ve\u00edculos a combust\u00e3o j\u00e1 a partir de 2030. Caso a proposta se concretize, gigantes do setor como a Europcar e a Sixt ter\u00e3o de optar exclusivamente por viaturas el\u00e9tricas nas suas novas aquisi\u00e7\u00f5es.<\/p>\n<p>Esta altera\u00e7\u00e3o poder\u00e1 acelerar significativamente a eletrifica\u00e7\u00e3o do setor, j\u00e1 que as frotas de aluguer s\u00e3o, por norma, renovadas com frequ\u00eancia \u2014 muitas vezes em ciclos de um a dois anos. A meta apontada seria alcan\u00e7ar uma frota predominantemente el\u00e9trica at\u00e9 2032. No entanto, o custo ainda elevado do aluguer de el\u00e9tricos tem limitado a sua popularidade entre os consumidores.<\/p>\n<p>Al\u00e9m das empresas de rent-a-car, tamb\u00e9m as grandes frotas empresariais poder\u00e3o ser abrangidas por esta proposta. Atualmente, cerca de 20% das vendas de carros novos na Europa s\u00e3o feitas para aluguer, e 60% destinam-se a frotas corporativas. Assim, uma regula\u00e7\u00e3o deste tipo poder\u00e1 antecipar consideravelmente os efeitos da futura proibi\u00e7\u00e3o total prevista para 2035.<\/p>\n<p>A transi\u00e7\u00e3o antecipada ter\u00e1 impacto direto no mercado de autom\u00f3veis usados, uma vez que as frotas s\u00e3o uma das principais fontes de renova\u00e7\u00e3o do parque autom\u00f3vel. A m\u00e9dio prazo, a oferta de ve\u00edculos usados a combust\u00e3o poder\u00e1 diminuir consideravelmente ap\u00f3s 2030.<\/p>\n<p>Do lado dos fabricantes, o impacto poder\u00e1 igualmente ser significativo. A redu\u00e7\u00e3o das encomendas para frotas poder\u00e1 inviabilizar a continuidade da produ\u00e7\u00e3o de alguns modelos com motor t\u00e9rmico, levando eventualmente \u00e0 sua retirada antecipada do mercado.<\/p>\n<p>Embora a Comiss\u00e3o Europeia tenha confirmado que est\u00e1 a trabalhar em novas regulamenta\u00e7\u00f5es para o setor autom\u00f3vel, ainda n\u00e3o h\u00e1 uma decis\u00e3o oficial relativamente \u00e0s frotas. Fontes do setor revelam, no entanto, que o objetivo passa por acelerar a transi\u00e7\u00e3o energ\u00e9tica e refor\u00e7ar a presen\u00e7a dos ve\u00edculos el\u00e9tricos no mercado europeu.<\/p>\n","protected":false},"excerpt":{"rendered":"<p>A Uni\u00e3o Europeia est\u00e1 a considerar&#8230;<\/p>\n","protected":false},"author":15,"featured_media":105060,"comment_status":"closed","ping_status":"closed","sticky":false,"template":"","format":"standard","meta":{"footnotes":""},"categories":[37],"tags":[603,5435,5301,2258,13253,1819,89],"class_list":["post-105048","post","type-post","status-publish","format-standard","has-post-thumbnail","hentry","category-mercado","tag-aluguer","tag-mercado-de-usados","tag-motor-de-combustao","tag-producao-automovel","tag-proibicao","tag-uniao-europeia","tag-veiculos-eletricos"],"yoast_head":"<!-- This site is optimized with the Yoast SEO plugin v27.4 - https:\/\/yoast.com\/product\/yoast-seo-wordpress\/ -->\n<title>UE pondera fim dos carros a combust\u00e3o nas frotas de aluguer - Jornal das Oficinas<\/title>\n<meta name=\"description\" content=\"A Uni\u00e3o Europeia est\u00e1 a considerar proibir a compra de ve\u00edculos com motor de combust\u00e3o pelas empresas de aluguer j\u00e1 a partir de 2030\" \/>\n<meta name=\"robots\" content=\"index, follow, max-snippet:-1, max-image-preview:large, max-video-preview:-1\" \/>\n<link rel=\"canonical\" href=\"https:\/\/jornaldasoficinas.com\/pt\/ue-pondera-fim-dos-carros-a-combustao-nas-frotas-de-aluguer\/\" \/>\n<meta property=\"og:locale\" content=\"pt_PT\" \/>\n<meta property=\"og:type\" content=\"article\" \/>\n<meta property=\"og:title\" content=\"UE pondera fim dos carros a combust\u00e3o nas frotas de aluguer - Jornal das Oficinas\" \/>\n<meta property=\"og:description\" content=\"A Uni\u00e3o Europeia est\u00e1 a considerar proibir a compra de ve\u00edculos com motor de combust\u00e3o pelas empresas de aluguer j\u00e1 a partir de 2030\" \/>\n<meta property=\"og:url\" content=\"https:\/\/jornaldasoficinas.com\/pt\/ue-pondera-fim-dos-carros-a-combustao-nas-frotas-de-aluguer\/\" \/>\n<meta property=\"og:site_name\" content=\"Jornal das Oficinas\" \/>\n<meta property=\"article:publisher\" content=\"https:\/\/www.facebook.com\/jornaloficinas\" \/>\n<meta property=\"article:published_time\" content=\"2025-07-31T07:00:43+00:00\" \/>\n<meta property=\"og:image\" content=\"https:\/\/jornaldasoficinas.com\/pt\/wp-content\/uploads\/2025\/07\/mulher-elegante-e-elegante-em-um-salao-de-beleza-carro.jpg\" \/>\n\t<meta property=\"og:image:width\" content=\"1024\" \/>\n\t<meta property=\"og:image:height\" content=\"581\" \/>\n\t<meta property=\"og:image:type\" content=\"image\/jpeg\" \/>\n<meta name=\"author\" content=\"Reda\u00e7\u00e3o JO\" \/>\n<meta name=\"twitter:card\" content=\"summary_large_image\" \/>\n<meta name=\"twitter:creator\" content=\"@jornaloficinas\" \/>\n<meta name=\"twitter:site\" content=\"@jornaloficinas\" \/>\n<meta name=\"twitter:label1\" content=\"Escrito por\" \/>\n\t<meta name=\"twitter:data1\" content=\"Reda\u00e7\u00e3o JO\" \/>\n\t<meta name=\"twitter:label2\" content=\"Tempo estimado de leitura\" \/>\n\t<meta name=\"twitter:data2\" content=\"3 minutos\" \/>\n<script type=\"application\/ld+json\" class=\"yoast-schema-graph\">{\"@context\":\"https:\\\/\\\/schema.org\",\"@graph\":[{\"@type\":\"Article\",\"@id\":\"https:\\\/\\\/jornaldasoficinas.com\\\/pt\\\/ue-pondera-fim-dos-carros-a-combustao-nas-frotas-de-aluguer\\\/#article\",\"isPartOf\":{\"@id\":\"https:\\\/\\\/jornaldasoficinas.com\\\/pt\\\/ue-pondera-fim-dos-carros-a-combustao-nas-frotas-de-aluguer\\\/\"},\"author\":{\"name\":\"Reda\u00e7\u00e3o JO\",\"@id\":\"https:\\\/\\\/jornaldasoficinas.com\\\/pt\\\/#\\\/schema\\\/person\\\/a38eef5de2c41d9e7c9ac10141afddf3\"},\"headline\":\"UE pondera fim dos carros a combust\u00e3o nas frotas de aluguer\",\"datePublished\":\"2025-07-31T07:00:43+00:00\",\"mainEntityOfPage\":{\"@id\":\"https:\\\/\\\/jornaldasoficinas.com\\\/pt\\\/ue-pondera-fim-dos-carros-a-combustao-nas-frotas-de-aluguer\\\/\"},\"wordCount\":458,\"publisher\":{\"@id\":\"https:\\\/\\\/jornaldasoficinas.com\\\/pt\\\/#organization\"},\"image\":{\"@id\":\"https:\\\/\\\/jornaldasoficinas.com\\\/pt\\\/ue-pondera-fim-dos-carros-a-combustao-nas-frotas-de-aluguer\\\/#primaryimage\"},\"thumbnailUrl\":\"https:\\\/\\\/jornaldasoficinas.com\\\/pt\\\/wp-content\\\/uploads\\\/2025\\\/07\\\/mulher-elegante-e-elegante-em-um-salao-de-beleza-carro.jpg\",\"keywords\":[\"Aluguer\",\"Mercado de usados\",\"motor de combust\u00e3o\",\"Produ\u00e7\u00e3o autom\u00f3vel\",\"proibi\u00e7\u00e3o\",\"Uni\u00e3o Europeia\",\"Ve\u00edculos el\u00e9tricos\"],\"articleSection\":[\"Mercado\"],\"inLanguage\":\"pt-PT\"},{\"@type\":\"WebPage\",\"@id\":\"https:\\\/\\\/jornaldasoficinas.com\\\/pt\\\/ue-pondera-fim-dos-carros-a-combustao-nas-frotas-de-aluguer\\\/\",\"url\":\"https:\\\/\\\/jornaldasoficinas.com\\\/pt\\\/ue-pondera-fim-dos-carros-a-combustao-nas-frotas-de-aluguer\\\/\",\"name\":\"UE pondera fim dos carros a combust\u00e3o nas frotas de aluguer - Jornal das Oficinas\",\"isPartOf\":{\"@id\":\"https:\\\/\\\/jornaldasoficinas.com\\\/pt\\\/#website\"},\"primaryImageOfPage\":{\"@id\":\"https:\\\/\\\/jornaldasoficinas.com\\\/pt\\\/ue-pondera-fim-dos-carros-a-combustao-nas-frotas-de-aluguer\\\/#primaryimage\"},\"image\":{\"@id\":\"https:\\\/\\\/jornaldasoficinas.com\\\/pt\\\/ue-pondera-fim-dos-carros-a-combustao-nas-frotas-de-aluguer\\\/#primaryimage\"},\"thumbnailUrl\":\"https:\\\/\\\/jornaldasoficinas.com\\\/pt\\\/wp-content\\\/uploads\\\/2025\\\/07\\\/mulher-elegante-e-elegante-em-um-salao-de-beleza-carro.jpg\",\"datePublished\":\"2025-07-31T07:00:43+00:00\",\"description\":\"A Uni\u00e3o Europeia est\u00e1 a considerar proibir a compra de ve\u00edculos com motor de combust\u00e3o pelas empresas de aluguer j\u00e1 a partir de 2030\",\"breadcrumb\":{\"@id\":\"https:\\\/\\\/jornaldasoficinas.com\\\/pt\\\/ue-pondera-fim-dos-carros-a-combustao-nas-frotas-de-aluguer\\\/#breadcrumb\"},\"inLanguage\":\"pt-PT\",\"potentialAction\":[{\"@type\":\"ReadAction\",\"target\":[\"https:\\\/\\\/jornaldasoficinas.com\\\/pt\\\/ue-pondera-fim-dos-carros-a-combustao-nas-frotas-de-aluguer\\\/\"]}]},{\"@type\":\"ImageObject\",\"inLanguage\":\"pt-PT\",\"@id\":\"https:\\\/\\\/jornaldasoficinas.com\\\/pt\\\/ue-pondera-fim-dos-carros-a-combustao-nas-frotas-de-aluguer\\\/#primaryimage\",\"url\":\"https:\\\/\\\/jornaldasoficinas.com\\\/pt\\\/wp-content\\\/uploads\\\/2025\\\/07\\\/mulher-elegante-e-elegante-em-um-salao-de-beleza-carro.jpg\",\"contentUrl\":\"https:\\\/\\\/jornaldasoficinas.com\\\/pt\\\/wp-content\\\/uploads\\\/2025\\\/07\\\/mulher-elegante-e-elegante-em-um-salao-de-beleza-carro.jpg\",\"width\":1024,\"height\":581,\"caption\":\"Woman buying the car. Lady in a car salon. Manager with a client\"},{\"@type\":\"BreadcrumbList\",\"@id\":\"https:\\\/\\\/jornaldasoficinas.com\\\/pt\\\/ue-pondera-fim-dos-carros-a-combustao-nas-frotas-de-aluguer\\\/#breadcrumb\",\"itemListElement\":[{\"@type\":\"ListItem\",\"position\":1,\"name\":\"In\u00edcio\",\"item\":\"https:\\\/\\\/jornaldasoficinas.com\\\/pt\\\/\"},{\"@type\":\"ListItem\",\"position\":2,\"name\":\"UE pondera fim dos carros a combust\u00e3o nas frotas de aluguer\"}]},{\"@type\":\"WebSite\",\"@id\":\"https:\\\/\\\/jornaldasoficinas.com\\\/pt\\\/#website\",\"url\":\"https:\\\/\\\/jornaldasoficinas.com\\\/pt\\\/\",\"name\":\"Jornal das Oficinas\",\"description\":\"Jornal independente do Aftermarket Autom\u00f3vel em Portugal\",\"publisher\":{\"@id\":\"https:\\\/\\\/jornaldasoficinas.com\\\/pt\\\/#organization\"},\"potentialAction\":[{\"@type\":\"SearchAction\",\"target\":{\"@type\":\"EntryPoint\",\"urlTemplate\":\"https:\\\/\\\/jornaldasoficinas.com\\\/pt\\\/?s={search_term_string}\"},\"query-input\":{\"@type\":\"PropertyValueSpecification\",\"valueRequired\":true,\"valueName\":\"search_term_string\"}}],\"inLanguage\":\"pt-PT\"},{\"@type\":\"Organization\",\"@id\":\"https:\\\/\\\/jornaldasoficinas.com\\\/pt\\\/#organization\",\"name\":\"Jornal das Oficinas\",\"url\":\"https:\\\/\\\/jornaldasoficinas.com\\\/pt\\\/\",\"logo\":{\"@type\":\"ImageObject\",\"inLanguage\":\"pt-PT\",\"@id\":\"https:\\\/\\\/jornaldasoficinas.com\\\/pt\\\/#\\\/schema\\\/logo\\\/image\\\/\",\"url\":\"https:\\\/\\\/jornaldasoficinas.com\\\/pt\\\/wp-content\\\/uploads\\\/logoJO-SEO.png\",\"contentUrl\":\"https:\\\/\\\/jornaldasoficinas.com\\\/pt\\\/wp-content\\\/uploads\\\/logoJO-SEO.png\",\"width\":285,\"height\":450,\"caption\":\"Jornal das Oficinas\"},\"image\":{\"@id\":\"https:\\\/\\\/jornaldasoficinas.com\\\/pt\\\/#\\\/schema\\\/logo\\\/image\\\/\"},\"sameAs\":[\"https:\\\/\\\/www.facebook.com\\\/jornaloficinas\",\"https:\\\/\\\/x.com\\\/jornaloficinas\",\"https:\\\/\\\/www.instagram.com\\\/jornal_oficinas\\\/\",\"https:\\\/\\\/www.linkedin.com\\\/company\\\/jornal-das-oficinas\\\/\",\"https:\\\/\\\/www.youtube.com\\\/channel\\\/UCbQZBqtcvV-oSQrr7RzINGg\"]},{\"@type\":\"Person\",\"@id\":\"https:\\\/\\\/jornaldasoficinas.com\\\/pt\\\/#\\\/schema\\\/person\\\/a38eef5de2c41d9e7c9ac10141afddf3\",\"name\":\"Reda\u00e7\u00e3o JO\",\"image\":{\"@type\":\"ImageObject\",\"inLanguage\":\"pt-PT\",\"@id\":\"https:\\\/\\\/secure.gravatar.com\\\/avatar\\\/71f2fa71737ad68a84fea94bc708ddac8ea5b0c4788dc2ad202f3ccb2887742f?s=96&d=wp_user_avatar&r=g\",\"url\":\"https:\\\/\\\/secure.gravatar.com\\\/avatar\\\/71f2fa71737ad68a84fea94bc708ddac8ea5b0c4788dc2ad202f3ccb2887742f?s=96&d=wp_user_avatar&r=g\",\"contentUrl\":\"https:\\\/\\\/secure.gravatar.com\\\/avatar\\\/71f2fa71737ad68a84fea94bc708ddac8ea5b0c4788dc2ad202f3ccb2887742f?s=96&d=wp_user_avatar&r=g\",\"caption\":\"Reda\u00e7\u00e3o JO\"},\"url\":\"https:\\\/\\\/jornaldasoficinas.com\\\/pt\\\/author\\\/joredacao\\\/\"}]}<\/script>\n<!-- \/ Yoast SEO plugin. -->","yoast_head_json":{"title":"UE pondera fim dos carros a combust\u00e3o nas frotas de aluguer - Jornal das Oficinas","description":"A Uni\u00e3o Europeia est\u00e1 a considerar proibir a compra de ve\u00edculos com motor de combust\u00e3o pelas empresas de aluguer j\u00e1 a partir de 2030","robots":{"index":"index","follow":"follow","max-snippet":"max-snippet:-1","max-image-preview":"max-image-preview:large","max-video-preview":"max-video-preview:-1"},"canonical":"https:\/\/jornaldasoficinas.com\/pt\/ue-pondera-fim-dos-carros-a-combustao-nas-frotas-de-aluguer\/","og_locale":"pt_PT","og_type":"article","og_title":"UE pondera fim dos carros a combust\u00e3o nas frotas de aluguer - Jornal das Oficinas","og_description":"A Uni\u00e3o Europeia est\u00e1 a considerar proibir a compra de ve\u00edculos com motor de combust\u00e3o pelas empresas de aluguer j\u00e1 a partir de 2030","og_url":"https:\/\/jornaldasoficinas.com\/pt\/ue-pondera-fim-dos-carros-a-combustao-nas-frotas-de-aluguer\/","og_site_name":"Jornal das Oficinas","article_publisher":"https:\/\/www.facebook.com\/jornaloficinas","article_published_time":"2025-07-31T07:00:43+00:00","og_image":[{"width":1024,"height":581,"url":"https:\/\/jornaldasoficinas.com\/pt\/wp-content\/uploads\/2025\/07\/mulher-elegante-e-elegante-em-um-salao-de-beleza-carro.jpg","type":"image\/jpeg"}],"author":"Reda\u00e7\u00e3o JO","twitter_card":"summary_large_image","twitter_creator":"@jornaloficinas","twitter_site":"@jornaloficinas","twitter_misc":{"Escrito por":"Reda\u00e7\u00e3o JO","Tempo estimado de leitura":"3 minutos"},"schema":{"@context":"https:\/\/schema.org","@graph":[{"@type":"Article","@id":"https:\/\/jornaldasoficinas.com\/pt\/ue-pondera-fim-dos-carros-a-combustao-nas-frotas-de-aluguer\/#article","isPartOf":{"@id":"https:\/\/jornaldasoficinas.com\/pt\/ue-pondera-fim-dos-carros-a-combustao-nas-frotas-de-aluguer\/"},"author":{"name":"Reda\u00e7\u00e3o JO","@id":"https:\/\/jornaldasoficinas.com\/pt\/#\/schema\/person\/a38eef5de2c41d9e7c9ac10141afddf3"},"headline":"UE pondera fim dos carros a combust\u00e3o nas frotas de aluguer","datePublished":"2025-07-31T07:00:43+00:00","mainEntityOfPage":{"@id":"https:\/\/jornaldasoficinas.com\/pt\/ue-pondera-fim-dos-carros-a-combustao-nas-frotas-de-aluguer\/"},"wordCount":458,"publisher":{"@id":"https:\/\/jornaldasoficinas.com\/pt\/#organization"},"image":{"@id":"https:\/\/jornaldasoficinas.com\/pt\/ue-pondera-fim-dos-carros-a-combustao-nas-frotas-de-aluguer\/#primaryimage"},"thumbnailUrl":"https:\/\/jornaldasoficinas.com\/pt\/wp-content\/uploads\/2025\/07\/mulher-elegante-e-elegante-em-um-salao-de-beleza-carro.jpg","keywords":["Aluguer","Mercado de usados","motor de combust\u00e3o","Produ\u00e7\u00e3o autom\u00f3vel","proibi\u00e7\u00e3o","Uni\u00e3o Europeia","Ve\u00edculos el\u00e9tricos"],"articleSection":["Mercado"],"inLanguage":"pt-PT"},{"@type":"WebPage","@id":"https:\/\/jornaldasoficinas.com\/pt\/ue-pondera-fim-dos-carros-a-combustao-nas-frotas-de-aluguer\/","url":"https:\/\/jornaldasoficinas.com\/pt\/ue-pondera-fim-dos-carros-a-combustao-nas-frotas-de-aluguer\/","name":"UE pondera fim dos carros a combust\u00e3o nas frotas de aluguer - Jornal das Oficinas","isPartOf":{"@id":"https:\/\/jornaldasoficinas.com\/pt\/#website"},"primaryImageOfPage":{"@id":"https:\/\/jornaldasoficinas.com\/pt\/ue-pondera-fim-dos-carros-a-combustao-nas-frotas-de-aluguer\/#primaryimage"},"image":{"@id":"https:\/\/jornaldasoficinas.com\/pt\/ue-pondera-fim-dos-carros-a-combustao-nas-frotas-de-aluguer\/#primaryimage"},"thumbnailUrl":"https:\/\/jornaldasoficinas.com\/pt\/wp-content\/uploads\/2025\/07\/mulher-elegante-e-elegante-em-um-salao-de-beleza-carro.jpg","datePublished":"2025-07-31T07:00:43+00:00","description":"A Uni\u00e3o Europeia est\u00e1 a considerar proibir a compra de ve\u00edculos com motor de combust\u00e3o pelas empresas de aluguer j\u00e1 a partir de 2030","breadcrumb":{"@id":"https:\/\/jornaldasoficinas.com\/pt\/ue-pondera-fim-dos-carros-a-combustao-nas-frotas-de-aluguer\/#breadcrumb"},"inLanguage":"pt-PT","potentialAction":[{"@type":"ReadAction","target":["https:\/\/jornaldasoficinas.com\/pt\/ue-pondera-fim-dos-carros-a-combustao-nas-frotas-de-aluguer\/"]}]},{"@type":"ImageObject","inLanguage":"pt-PT","@id":"https:\/\/jornaldasoficinas.com\/pt\/ue-pondera-fim-dos-carros-a-combustao-nas-frotas-de-aluguer\/#primaryimage","url":"https:\/\/jornaldasoficinas.com\/pt\/wp-content\/uploads\/2025\/07\/mulher-elegante-e-elegante-em-um-salao-de-beleza-carro.jpg","contentUrl":"https:\/\/jornaldasoficinas.com\/pt\/wp-content\/uploads\/2025\/07\/mulher-elegante-e-elegante-em-um-salao-de-beleza-carro.jpg","width":1024,"height":581,"caption":"Woman buying the car. Lady in a car salon. Manager with a client"},{"@type":"BreadcrumbList","@id":"https:\/\/jornaldasoficinas.com\/pt\/ue-pondera-fim-dos-carros-a-combustao-nas-frotas-de-aluguer\/#breadcrumb","itemListElement":[{"@type":"ListItem","position":1,"name":"In\u00edcio","item":"https:\/\/jornaldasoficinas.com\/pt\/"},{"@type":"ListItem","position":2,"name":"UE pondera fim dos carros a combust\u00e3o nas frotas de aluguer"}]},{"@type":"WebSite","@id":"https:\/\/jornaldasoficinas.com\/pt\/#website","url":"https:\/\/jornaldasoficinas.com\/pt\/","name":"Jornal das Oficinas","description":"Jornal independente do Aftermarket Autom\u00f3vel em Portugal","publisher":{"@id":"https:\/\/jornaldasoficinas.com\/pt\/#organization"},"potentialAction":[{"@type":"SearchAction","target":{"@type":"EntryPoint","urlTemplate":"https:\/\/jornaldasoficinas.com\/pt\/?s={search_term_string}"},"query-input":{"@type":"PropertyValueSpecification","valueRequired":true,"valueName":"search_term_string"}}],"inLanguage":"pt-PT"},{"@type":"Organization","@id":"https:\/\/jornaldasoficinas.com\/pt\/#organization","name":"Jornal das Oficinas","url":"https:\/\/jornaldasoficinas.com\/pt\/","logo":{"@type":"ImageObject","inLanguage":"pt-PT","@id":"https:\/\/jornaldasoficinas.com\/pt\/#\/schema\/logo\/image\/","url":"https:\/\/jornaldasoficinas.com\/pt\/wp-content\/uploads\/logoJO-SEO.png","contentUrl":"https:\/\/jornaldasoficinas.com\/pt\/wp-content\/uploads\/logoJO-SEO.png","width":285,"height":450,"caption":"Jornal das Oficinas"},"image":{"@id":"https:\/\/jornaldasoficinas.com\/pt\/#\/schema\/logo\/image\/"},"sameAs":["https:\/\/www.facebook.com\/jornaloficinas","https:\/\/x.com\/jornaloficinas","https:\/\/www.instagram.com\/jornal_oficinas\/","https:\/\/www.linkedin.com\/company\/jornal-das-oficinas\/","https:\/\/www.youtube.com\/channel\/UCbQZBqtcvV-oSQrr7RzINGg"]},{"@type":"Person","@id":"https:\/\/jornaldasoficinas.com\/pt\/#\/schema\/person\/a38eef5de2c41d9e7c9ac10141afddf3","name":"Reda\u00e7\u00e3o JO","image":{"@type":"ImageObject","inLanguage":"pt-PT","@id":"https:\/\/secure.gravatar.com\/avatar\/71f2fa71737ad68a84fea94bc708ddac8ea5b0c4788dc2ad202f3ccb2887742f?s=96&d=wp_user_avatar&r=g","url":"https:\/\/secure.gravatar.com\/avatar\/71f2fa71737ad68a84fea94bc708ddac8ea5b0c4788dc2ad202f3ccb2887742f?s=96&d=wp_user_avatar&r=g","contentUrl":"https:\/\/secure.gravatar.com\/avatar\/71f2fa71737ad68a84fea94bc708ddac8ea5b0c4788dc2ad202f3ccb2887742f?s=96&d=wp_user_avatar&r=g","caption":"Reda\u00e7\u00e3o JO"},"url":"https:\/\/jornaldasoficinas.com\/pt\/author\/joredacao\/"}]}},"_links":{"self":[{"href":"https:\/\/jornaldasoficinas.com\/pt\/wp-json\/wp\/v2\/posts\/105048","targetHints":{"allow":["GET"]}}],"collection":[{"href":"https:\/\/jornaldasoficinas.com\/pt\/wp-json\/wp\/v2\/posts"}],"about":[{"href":"https:\/\/jornaldasoficinas.com\/pt\/wp-json\/wp\/v2\/types\/post"}],"author":[{"embeddable":true,"href":"https:\/\/jornaldasoficinas.com\/pt\/wp-json\/wp\/v2\/users\/15"}],"replies":[{"embeddable":true,"href":"https:\/\/jornaldasoficinas.com\/pt\/wp-json\/wp\/v2\/comments?post=105048"}],"version-history":[{"count":7,"href":"https:\/\/jornaldasoficinas.com\/pt\/wp-json\/wp\/v2\/posts\/105048\/revisions"}],"predecessor-version":[{"id":105061,"href":"https:\/\/jornaldasoficinas.com\/pt\/wp-json\/wp\/v2\/posts\/105048\/revisions\/105061"}],"wp:featuredmedia":[{"embeddable":true,"href":"https:\/\/jornaldasoficinas.com\/pt\/wp-json\/wp\/v2\/media\/105060"}],"wp:attachment":[{"href":"https:\/\/jornaldasoficinas.com\/pt\/wp-json\/wp\/v2\/media?parent=105048"}],"wp:term":[{"taxonomy":"category","embeddable":true,"href":"https:\/\/jornaldasoficinas.com\/pt\/wp-json\/wp\/v2\/categories?post=105048"},{"taxonomy":"post_tag","embeddable":true,"href":"https:\/\/jornaldasoficinas.com\/pt\/wp-json\/wp\/v2\/tags?post=105048"}],"curies":[{"name":"wp","href":"https:\/\/api.w.org\/{rel}","templated":true}]}}