{"id":105062,"date":"2025-07-30T18:00:47","date_gmt":"2025-07-30T17:00:47","guid":{"rendered":"https:\/\/jornaldasoficinas.com\/pt\/?p=105062"},"modified":"2025-07-29T17:33:15","modified_gmt":"2025-07-29T16:33:15","slug":"grupo-serca-reage-a-saida-da-recambios-colon","status":"publish","type":"post","link":"https:\/\/jornaldasoficinas.com\/pt\/grupo-serca-reage-a-saida-da-recambios-colon\/","title":{"rendered":"Grupo Serca reage \u00e0 sa\u00edda da Recambios Col\u00f3n"},"content":{"rendered":"<p><strong><img loading=\"lazy\" decoding=\"async\" class=\"alignnone size-full wp-image-105077\" src=\"https:\/\/jornaldasoficinas.com\/pt\/wp-content\/uploads\/2025\/07\/Grupo-Serca-reage-a-saida-da-Recambios-Colon.png\" alt=\"07 - Grupo Serca reage a saida da Recambios Colon\" width=\"1024\" height=\"581\" srcset=\"https:\/\/jornaldasoficinas.com\/pt\/wp-content\/uploads\/2025\/07\/Grupo-Serca-reage-a-saida-da-Recambios-Colon.png 1024w, https:\/\/jornaldasoficinas.com\/pt\/wp-content\/uploads\/2025\/07\/Grupo-Serca-reage-a-saida-da-Recambios-Colon-300x170.png 300w, https:\/\/jornaldasoficinas.com\/pt\/wp-content\/uploads\/2025\/07\/Grupo-Serca-reage-a-saida-da-Recambios-Colon-150x85.png 150w, https:\/\/jornaldasoficinas.com\/pt\/wp-content\/uploads\/2025\/07\/Grupo-Serca-reage-a-saida-da-Recambios-Colon-768x436.png 768w\" sizes=\"auto, (max-width: 1024px) 100vw, 1024px\" \/><\/strong><\/p>\n<p><strong>Ap\u00f3s a sa\u00edda da <a href=\"https:\/\/recambioscolon.com\/\" target=\"_blank\" rel=\"noopener\">Recambios Col\u00f3n<\/a>, o <a href=\"https:\/\/www.serca.es\/\" target=\"_blank\" rel=\"noopener\">Grupo Serca<\/a> reage com surpresa e preocupa\u00e7\u00e3o, mas refor\u00e7a o compromisso com a sua vis\u00e3o estrat\u00e9gica. Durante o congresso de outubro, em Palma de Maiorca, ser\u00e3o apresentados novos projetos para refor\u00e7ar a competitividade do grupo at\u00e9 2028<\/strong><\/p>\n<p>A decis\u00e3o que culminou na sa\u00edda da Recambios Col\u00f3n do Grupo Serca surpreendeu a estrutura da organiza\u00e7\u00e3o. Em comunicado assinado pela Dire\u00e7\u00e3o Geral, o grupo expressou &#8220;dor e preocupa\u00e7\u00e3o&#8221;, embora tenha tamb\u00e9m manifestado &#8220;alegria&#8221; pela concretiza\u00e7\u00e3o de um objetivo pessoal da distribuidora valenciana, que vinha a ser perseguido h\u00e1 j\u00e1 algum tempo.<\/p>\n<p>Apesar deste rev\u00e9s, o Grupo Serca assegura manter-se firme na sua miss\u00e3o de longo prazo no setor do p\u00f3s-venda, apostando numa estrat\u00e9gia centrada em &#8220;maior rentabilidade, mais servi\u00e7os, mais oportunidades de crescer, diversificar e tornar cada neg\u00f3cio \u2014 e cada projeto pessoal \u2014 mais forte&#8221;.<\/p>\n<p>Na regi\u00e3o de Levante, o grupo continuar\u00e1 a contar com a Recambios Segorbe. Ainda que reconhe\u00e7a a relev\u00e2ncia da Recambios Col\u00f3n, a Serca aproveitou o momento para esclarecer publicamente que continua a trabalhar com &#8220;empenho e entusiasmo&#8221; na sua proposta de valor \u2014 refor\u00e7ando o apoio aos seus associados atrav\u00e9s de solu\u00e7\u00f5es focadas em crescimento, rentabilidade e consolida\u00e7\u00e3o empresarial.<\/p>\n<p>No comunicado oficial, a Serca reagiu \u00e0 aquisi\u00e7\u00e3o da Recambios Col\u00f3n pela AAG Iberia (Lausan + Gaud\u00ed), concretizada no dia 21 de julho. Classificando a opera\u00e7\u00e3o como &#8220;um golpe significativo&#8221; para a distribui\u00e7\u00e3o independente, o grupo reconheceu o m\u00e9rito de Juan e da sua equipa pela conquista de um objetivo pessoal de longa data, desejando-lhes &#8220;o melhor&#8221;.<\/p>\n<p>Ainda assim, a dire\u00e7\u00e3o do grupo confessou estar &#8220;magoada e preocupada&#8221;, referindo que &#8220;\u00e9 doloroso ver como o trabalho de tantos anos, a estrat\u00e9gia comum e os valores partilhados nem sempre s\u00e3o tidos em conta&#8221; em decis\u00f5es desta natureza. Afirmam que, face ao poder de grandes capitais, a sua for\u00e7a reside na unidade, vis\u00e3o de longo prazo e experi\u00eancia conjunta. &#8220;Decis\u00f5es como esta tamb\u00e9m nos quebram um pouco por dentro&#8221;, l\u00ea-se na carta.<\/p>\n<p>\u00c9 com este esp\u00edrito de resili\u00eancia que o Grupo Serca refor\u00e7a a sua mensagem de confian\u00e7a e continuidade: &#8220;continuamos a acreditar firmemente no futuro que todos estamos a construir&#8221;.<\/p>\n<p>O pr\u00f3ximo grande momento do grupo ser\u00e1 o 36.\u00ba Congresso Serca, marcado para 23 de outubro de 2025, no emblem\u00e1tico Audit\u00f3rio de Palma de Maiorca. Durante o evento, ser\u00e3o reveladas as estrat\u00e9gias, projetos e iniciativas que ir\u00e3o moldar o caminho at\u00e9 2028, com o objetivo de manter o grupo competitivo e em constante evolu\u00e7\u00e3o.<\/p>\n<p>A imagem oficial do congresso, que combina a ic\u00f3nica Catedral de Palma com um iceberg submerso, simboliza o trabalho silencioso que tem sido desenvolvido nos bastidores, em benef\u00edcio da comunidade Serca, dos fornecedores, distribuidores e clientes.<\/p>\n<p>&#8220;Nem sempre vis\u00edvel a olho nu, mas essencial para nos mantermos fortes e competitivos&#8221;, destacou Llu\u00eds Tarr\u00e9s, diretor geral do grupo, na sua carta-convite ao congresso. Segundo o respons\u00e1vel, o evento em Palma ser\u00e1 uma experi\u00eancia repleta de &#8220;revela\u00e7\u00f5es, aprendizagens e motiva\u00e7\u00e3o&#8221;.<\/p>\n","protected":false},"excerpt":{"rendered":"<p>Ap\u00f3s a sa\u00edda da Recambios Col\u00f3n,&#8230;<\/p>\n","protected":false},"author":15,"featured_media":105077,"comment_status":"closed","ping_status":"closed","sticky":false,"template":"","format":"standard","meta":{"footnotes":""},"categories":[29],"tags":[13254,3165,2689,4252,13255,13181,13256],"class_list":["post-105062","post","type-post","status-publish","format-standard","has-post-thumbnail","hentry","category-empresas","tag-comunicado-oficial","tag-congresso","tag-grupo-serca","tag-novos-projetos","tag-reacao","tag-recambios-colon","tag-saida"],"yoast_head":"<!-- This site is optimized with the Yoast SEO plugin v27.4 - https:\/\/yoast.com\/product\/yoast-seo-wordpress\/ -->\n<title>Grupo Serca reage \u00e0 sa\u00edda da Recambios Col\u00f3n - Jornal das Oficinas<\/title>\n<meta name=\"description\" content=\"Ap\u00f3s a sa\u00edda da Recambios Col\u00f3n, o Grupo Serca reage com surpresa e preocupa\u00e7\u00e3o, mas refor\u00e7a o compromisso com a sua vis\u00e3o estrat\u00e9gica\" \/>\n<meta name=\"robots\" content=\"index, follow, max-snippet:-1, max-image-preview:large, max-video-preview:-1\" \/>\n<link rel=\"canonical\" href=\"https:\/\/jornaldasoficinas.com\/pt\/grupo-serca-reage-a-saida-da-recambios-colon\/\" \/>\n<meta property=\"og:locale\" content=\"pt_PT\" \/>\n<meta property=\"og:type\" content=\"article\" \/>\n<meta property=\"og:title\" content=\"Grupo Serca reage \u00e0 sa\u00edda da Recambios Col\u00f3n - Jornal das Oficinas\" \/>\n<meta property=\"og:description\" content=\"Ap\u00f3s a sa\u00edda da Recambios Col\u00f3n, o Grupo Serca reage com surpresa e preocupa\u00e7\u00e3o, mas refor\u00e7a o compromisso com a sua vis\u00e3o estrat\u00e9gica\" \/>\n<meta property=\"og:url\" content=\"https:\/\/jornaldasoficinas.com\/pt\/grupo-serca-reage-a-saida-da-recambios-colon\/\" \/>\n<meta property=\"og:site_name\" content=\"Jornal das Oficinas\" \/>\n<meta property=\"article:publisher\" content=\"https:\/\/www.facebook.com\/jornaloficinas\" \/>\n<meta property=\"article:published_time\" content=\"2025-07-30T17:00:47+00:00\" \/>\n<meta property=\"og:image\" content=\"https:\/\/jornaldasoficinas.com\/pt\/wp-content\/uploads\/2025\/07\/Grupo-Serca-reage-a-saida-da-Recambios-Colon.png\" \/>\n\t<meta property=\"og:image:width\" content=\"1024\" \/>\n\t<meta property=\"og:image:height\" content=\"581\" \/>\n\t<meta property=\"og:image:type\" content=\"image\/png\" \/>\n<meta name=\"author\" content=\"Reda\u00e7\u00e3o JO\" \/>\n<meta name=\"twitter:card\" content=\"summary_large_image\" \/>\n<meta name=\"twitter:creator\" content=\"@jornaloficinas\" \/>\n<meta name=\"twitter:site\" content=\"@jornaloficinas\" \/>\n<meta name=\"twitter:label1\" content=\"Escrito por\" \/>\n\t<meta name=\"twitter:data1\" content=\"Reda\u00e7\u00e3o JO\" \/>\n\t<meta name=\"twitter:label2\" content=\"Tempo estimado de leitura\" \/>\n\t<meta name=\"twitter:data2\" content=\"4 minutos\" \/>\n<script type=\"application\/ld+json\" class=\"yoast-schema-graph\">{\"@context\":\"https:\\\/\\\/schema.org\",\"@graph\":[{\"@type\":\"Article\",\"@id\":\"https:\\\/\\\/jornaldasoficinas.com\\\/pt\\\/grupo-serca-reage-a-saida-da-recambios-colon\\\/#article\",\"isPartOf\":{\"@id\":\"https:\\\/\\\/jornaldasoficinas.com\\\/pt\\\/grupo-serca-reage-a-saida-da-recambios-colon\\\/\"},\"author\":{\"name\":\"Reda\u00e7\u00e3o JO\",\"@id\":\"https:\\\/\\\/jornaldasoficinas.com\\\/pt\\\/#\\\/schema\\\/person\\\/a38eef5de2c41d9e7c9ac10141afddf3\"},\"headline\":\"Grupo Serca reage \u00e0 sa\u00edda da Recambios Col\u00f3n\",\"datePublished\":\"2025-07-30T17:00:47+00:00\",\"mainEntityOfPage\":{\"@id\":\"https:\\\/\\\/jornaldasoficinas.com\\\/pt\\\/grupo-serca-reage-a-saida-da-recambios-colon\\\/\"},\"wordCount\":553,\"publisher\":{\"@id\":\"https:\\\/\\\/jornaldasoficinas.com\\\/pt\\\/#organization\"},\"image\":{\"@id\":\"https:\\\/\\\/jornaldasoficinas.com\\\/pt\\\/grupo-serca-reage-a-saida-da-recambios-colon\\\/#primaryimage\"},\"thumbnailUrl\":\"https:\\\/\\\/jornaldasoficinas.com\\\/pt\\\/wp-content\\\/uploads\\\/2025\\\/07\\\/Grupo-Serca-reage-a-saida-da-Recambios-Colon.png\",\"keywords\":[\"comunicado oficial\",\"Congresso\",\"Grupo Serca\",\"novos projetos\",\"rea\u00e7\u00e3o\",\"Recambios Col\u00f3n\",\"sa\u00edda\"],\"articleSection\":[\"Empresas\"],\"inLanguage\":\"pt-PT\"},{\"@type\":\"WebPage\",\"@id\":\"https:\\\/\\\/jornaldasoficinas.com\\\/pt\\\/grupo-serca-reage-a-saida-da-recambios-colon\\\/\",\"url\":\"https:\\\/\\\/jornaldasoficinas.com\\\/pt\\\/grupo-serca-reage-a-saida-da-recambios-colon\\\/\",\"name\":\"Grupo Serca reage \u00e0 sa\u00edda da Recambios Col\u00f3n - Jornal das Oficinas\",\"isPartOf\":{\"@id\":\"https:\\\/\\\/jornaldasoficinas.com\\\/pt\\\/#website\"},\"primaryImageOfPage\":{\"@id\":\"https:\\\/\\\/jornaldasoficinas.com\\\/pt\\\/grupo-serca-reage-a-saida-da-recambios-colon\\\/#primaryimage\"},\"image\":{\"@id\":\"https:\\\/\\\/jornaldasoficinas.com\\\/pt\\\/grupo-serca-reage-a-saida-da-recambios-colon\\\/#primaryimage\"},\"thumbnailUrl\":\"https:\\\/\\\/jornaldasoficinas.com\\\/pt\\\/wp-content\\\/uploads\\\/2025\\\/07\\\/Grupo-Serca-reage-a-saida-da-Recambios-Colon.png\",\"datePublished\":\"2025-07-30T17:00:47+00:00\",\"description\":\"Ap\u00f3s a sa\u00edda da Recambios Col\u00f3n, o Grupo Serca reage com surpresa e preocupa\u00e7\u00e3o, mas refor\u00e7a o compromisso com a sua vis\u00e3o estrat\u00e9gica\",\"breadcrumb\":{\"@id\":\"https:\\\/\\\/jornaldasoficinas.com\\\/pt\\\/grupo-serca-reage-a-saida-da-recambios-colon\\\/#breadcrumb\"},\"inLanguage\":\"pt-PT\",\"potentialAction\":[{\"@type\":\"ReadAction\",\"target\":[\"https:\\\/\\\/jornaldasoficinas.com\\\/pt\\\/grupo-serca-reage-a-saida-da-recambios-colon\\\/\"]}]},{\"@type\":\"ImageObject\",\"inLanguage\":\"pt-PT\",\"@id\":\"https:\\\/\\\/jornaldasoficinas.com\\\/pt\\\/grupo-serca-reage-a-saida-da-recambios-colon\\\/#primaryimage\",\"url\":\"https:\\\/\\\/jornaldasoficinas.com\\\/pt\\\/wp-content\\\/uploads\\\/2025\\\/07\\\/Grupo-Serca-reage-a-saida-da-Recambios-Colon.png\",\"contentUrl\":\"https:\\\/\\\/jornaldasoficinas.com\\\/pt\\\/wp-content\\\/uploads\\\/2025\\\/07\\\/Grupo-Serca-reage-a-saida-da-Recambios-Colon.png\",\"width\":1024,\"height\":581,\"caption\":\"07 - Grupo Serca reage a saida da Recambios Colon\"},{\"@type\":\"BreadcrumbList\",\"@id\":\"https:\\\/\\\/jornaldasoficinas.com\\\/pt\\\/grupo-serca-reage-a-saida-da-recambios-colon\\\/#breadcrumb\",\"itemListElement\":[{\"@type\":\"ListItem\",\"position\":1,\"name\":\"In\u00edcio\",\"item\":\"https:\\\/\\\/jornaldasoficinas.com\\\/pt\\\/\"},{\"@type\":\"ListItem\",\"position\":2,\"name\":\"Grupo Serca reage \u00e0 sa\u00edda da Recambios Col\u00f3n\"}]},{\"@type\":\"WebSite\",\"@id\":\"https:\\\/\\\/jornaldasoficinas.com\\\/pt\\\/#website\",\"url\":\"https:\\\/\\\/jornaldasoficinas.com\\\/pt\\\/\",\"name\":\"Jornal das Oficinas\",\"description\":\"Jornal independente do Aftermarket Autom\u00f3vel em Portugal\",\"publisher\":{\"@id\":\"https:\\\/\\\/jornaldasoficinas.com\\\/pt\\\/#organization\"},\"potentialAction\":[{\"@type\":\"SearchAction\",\"target\":{\"@type\":\"EntryPoint\",\"urlTemplate\":\"https:\\\/\\\/jornaldasoficinas.com\\\/pt\\\/?s={search_term_string}\"},\"query-input\":{\"@type\":\"PropertyValueSpecification\",\"valueRequired\":true,\"valueName\":\"search_term_string\"}}],\"inLanguage\":\"pt-PT\"},{\"@type\":\"Organization\",\"@id\":\"https:\\\/\\\/jornaldasoficinas.com\\\/pt\\\/#organization\",\"name\":\"Jornal das Oficinas\",\"url\":\"https:\\\/\\\/jornaldasoficinas.com\\\/pt\\\/\",\"logo\":{\"@type\":\"ImageObject\",\"inLanguage\":\"pt-PT\",\"@id\":\"https:\\\/\\\/jornaldasoficinas.com\\\/pt\\\/#\\\/schema\\\/logo\\\/image\\\/\",\"url\":\"https:\\\/\\\/jornaldasoficinas.com\\\/pt\\\/wp-content\\\/uploads\\\/logoJO-SEO.png\",\"contentUrl\":\"https:\\\/\\\/jornaldasoficinas.com\\\/pt\\\/wp-content\\\/uploads\\\/logoJO-SEO.png\",\"width\":285,\"height\":450,\"caption\":\"Jornal das Oficinas\"},\"image\":{\"@id\":\"https:\\\/\\\/jornaldasoficinas.com\\\/pt\\\/#\\\/schema\\\/logo\\\/image\\\/\"},\"sameAs\":[\"https:\\\/\\\/www.facebook.com\\\/jornaloficinas\",\"https:\\\/\\\/x.com\\\/jornaloficinas\",\"https:\\\/\\\/www.instagram.com\\\/jornal_oficinas\\\/\",\"https:\\\/\\\/www.linkedin.com\\\/company\\\/jornal-das-oficinas\\\/\",\"https:\\\/\\\/www.youtube.com\\\/channel\\\/UCbQZBqtcvV-oSQrr7RzINGg\"]},{\"@type\":\"Person\",\"@id\":\"https:\\\/\\\/jornaldasoficinas.com\\\/pt\\\/#\\\/schema\\\/person\\\/a38eef5de2c41d9e7c9ac10141afddf3\",\"name\":\"Reda\u00e7\u00e3o JO\",\"image\":{\"@type\":\"ImageObject\",\"inLanguage\":\"pt-PT\",\"@id\":\"https:\\\/\\\/secure.gravatar.com\\\/avatar\\\/71f2fa71737ad68a84fea94bc708ddac8ea5b0c4788dc2ad202f3ccb2887742f?s=96&d=wp_user_avatar&r=g\",\"url\":\"https:\\\/\\\/secure.gravatar.com\\\/avatar\\\/71f2fa71737ad68a84fea94bc708ddac8ea5b0c4788dc2ad202f3ccb2887742f?s=96&d=wp_user_avatar&r=g\",\"contentUrl\":\"https:\\\/\\\/secure.gravatar.com\\\/avatar\\\/71f2fa71737ad68a84fea94bc708ddac8ea5b0c4788dc2ad202f3ccb2887742f?s=96&d=wp_user_avatar&r=g\",\"caption\":\"Reda\u00e7\u00e3o JO\"},\"url\":\"https:\\\/\\\/jornaldasoficinas.com\\\/pt\\\/author\\\/joredacao\\\/\"}]}<\/script>\n<!-- \/ Yoast SEO plugin. -->","yoast_head_json":{"title":"Grupo Serca reage \u00e0 sa\u00edda da Recambios Col\u00f3n - Jornal das Oficinas","description":"Ap\u00f3s a sa\u00edda da Recambios Col\u00f3n, o Grupo Serca reage com surpresa e preocupa\u00e7\u00e3o, mas refor\u00e7a o compromisso com a sua vis\u00e3o estrat\u00e9gica","robots":{"index":"index","follow":"follow","max-snippet":"max-snippet:-1","max-image-preview":"max-image-preview:large","max-video-preview":"max-video-preview:-1"},"canonical":"https:\/\/jornaldasoficinas.com\/pt\/grupo-serca-reage-a-saida-da-recambios-colon\/","og_locale":"pt_PT","og_type":"article","og_title":"Grupo Serca reage \u00e0 sa\u00edda da Recambios Col\u00f3n - Jornal das Oficinas","og_description":"Ap\u00f3s a sa\u00edda da Recambios Col\u00f3n, o Grupo Serca reage com surpresa e preocupa\u00e7\u00e3o, mas refor\u00e7a o compromisso com a sua vis\u00e3o estrat\u00e9gica","og_url":"https:\/\/jornaldasoficinas.com\/pt\/grupo-serca-reage-a-saida-da-recambios-colon\/","og_site_name":"Jornal das Oficinas","article_publisher":"https:\/\/www.facebook.com\/jornaloficinas","article_published_time":"2025-07-30T17:00:47+00:00","og_image":[{"width":1024,"height":581,"url":"https:\/\/jornaldasoficinas.com\/pt\/wp-content\/uploads\/2025\/07\/Grupo-Serca-reage-a-saida-da-Recambios-Colon.png","type":"image\/png"}],"author":"Reda\u00e7\u00e3o JO","twitter_card":"summary_large_image","twitter_creator":"@jornaloficinas","twitter_site":"@jornaloficinas","twitter_misc":{"Escrito por":"Reda\u00e7\u00e3o JO","Tempo estimado de leitura":"4 minutos"},"schema":{"@context":"https:\/\/schema.org","@graph":[{"@type":"Article","@id":"https:\/\/jornaldasoficinas.com\/pt\/grupo-serca-reage-a-saida-da-recambios-colon\/#article","isPartOf":{"@id":"https:\/\/jornaldasoficinas.com\/pt\/grupo-serca-reage-a-saida-da-recambios-colon\/"},"author":{"name":"Reda\u00e7\u00e3o JO","@id":"https:\/\/jornaldasoficinas.com\/pt\/#\/schema\/person\/a38eef5de2c41d9e7c9ac10141afddf3"},"headline":"Grupo Serca reage \u00e0 sa\u00edda da Recambios Col\u00f3n","datePublished":"2025-07-30T17:00:47+00:00","mainEntityOfPage":{"@id":"https:\/\/jornaldasoficinas.com\/pt\/grupo-serca-reage-a-saida-da-recambios-colon\/"},"wordCount":553,"publisher":{"@id":"https:\/\/jornaldasoficinas.com\/pt\/#organization"},"image":{"@id":"https:\/\/jornaldasoficinas.com\/pt\/grupo-serca-reage-a-saida-da-recambios-colon\/#primaryimage"},"thumbnailUrl":"https:\/\/jornaldasoficinas.com\/pt\/wp-content\/uploads\/2025\/07\/Grupo-Serca-reage-a-saida-da-Recambios-Colon.png","keywords":["comunicado oficial","Congresso","Grupo Serca","novos projetos","rea\u00e7\u00e3o","Recambios Col\u00f3n","sa\u00edda"],"articleSection":["Empresas"],"inLanguage":"pt-PT"},{"@type":"WebPage","@id":"https:\/\/jornaldasoficinas.com\/pt\/grupo-serca-reage-a-saida-da-recambios-colon\/","url":"https:\/\/jornaldasoficinas.com\/pt\/grupo-serca-reage-a-saida-da-recambios-colon\/","name":"Grupo Serca reage \u00e0 sa\u00edda da Recambios Col\u00f3n - Jornal das Oficinas","isPartOf":{"@id":"https:\/\/jornaldasoficinas.com\/pt\/#website"},"primaryImageOfPage":{"@id":"https:\/\/jornaldasoficinas.com\/pt\/grupo-serca-reage-a-saida-da-recambios-colon\/#primaryimage"},"image":{"@id":"https:\/\/jornaldasoficinas.com\/pt\/grupo-serca-reage-a-saida-da-recambios-colon\/#primaryimage"},"thumbnailUrl":"https:\/\/jornaldasoficinas.com\/pt\/wp-content\/uploads\/2025\/07\/Grupo-Serca-reage-a-saida-da-Recambios-Colon.png","datePublished":"2025-07-30T17:00:47+00:00","description":"Ap\u00f3s a sa\u00edda da Recambios Col\u00f3n, o Grupo Serca reage com surpresa e preocupa\u00e7\u00e3o, mas refor\u00e7a o compromisso com a sua vis\u00e3o estrat\u00e9gica","breadcrumb":{"@id":"https:\/\/jornaldasoficinas.com\/pt\/grupo-serca-reage-a-saida-da-recambios-colon\/#breadcrumb"},"inLanguage":"pt-PT","potentialAction":[{"@type":"ReadAction","target":["https:\/\/jornaldasoficinas.com\/pt\/grupo-serca-reage-a-saida-da-recambios-colon\/"]}]},{"@type":"ImageObject","inLanguage":"pt-PT","@id":"https:\/\/jornaldasoficinas.com\/pt\/grupo-serca-reage-a-saida-da-recambios-colon\/#primaryimage","url":"https:\/\/jornaldasoficinas.com\/pt\/wp-content\/uploads\/2025\/07\/Grupo-Serca-reage-a-saida-da-Recambios-Colon.png","contentUrl":"https:\/\/jornaldasoficinas.com\/pt\/wp-content\/uploads\/2025\/07\/Grupo-Serca-reage-a-saida-da-Recambios-Colon.png","width":1024,"height":581,"caption":"07 - Grupo Serca reage a saida da Recambios Colon"},{"@type":"BreadcrumbList","@id":"https:\/\/jornaldasoficinas.com\/pt\/grupo-serca-reage-a-saida-da-recambios-colon\/#breadcrumb","itemListElement":[{"@type":"ListItem","position":1,"name":"In\u00edcio","item":"https:\/\/jornaldasoficinas.com\/pt\/"},{"@type":"ListItem","position":2,"name":"Grupo Serca reage \u00e0 sa\u00edda da Recambios Col\u00f3n"}]},{"@type":"WebSite","@id":"https:\/\/jornaldasoficinas.com\/pt\/#website","url":"https:\/\/jornaldasoficinas.com\/pt\/","name":"Jornal das Oficinas","description":"Jornal independente do Aftermarket Autom\u00f3vel em Portugal","publisher":{"@id":"https:\/\/jornaldasoficinas.com\/pt\/#organization"},"potentialAction":[{"@type":"SearchAction","target":{"@type":"EntryPoint","urlTemplate":"https:\/\/jornaldasoficinas.com\/pt\/?s={search_term_string}"},"query-input":{"@type":"PropertyValueSpecification","valueRequired":true,"valueName":"search_term_string"}}],"inLanguage":"pt-PT"},{"@type":"Organization","@id":"https:\/\/jornaldasoficinas.com\/pt\/#organization","name":"Jornal das Oficinas","url":"https:\/\/jornaldasoficinas.com\/pt\/","logo":{"@type":"ImageObject","inLanguage":"pt-PT","@id":"https:\/\/jornaldasoficinas.com\/pt\/#\/schema\/logo\/image\/","url":"https:\/\/jornaldasoficinas.com\/pt\/wp-content\/uploads\/logoJO-SEO.png","contentUrl":"https:\/\/jornaldasoficinas.com\/pt\/wp-content\/uploads\/logoJO-SEO.png","width":285,"height":450,"caption":"Jornal das Oficinas"},"image":{"@id":"https:\/\/jornaldasoficinas.com\/pt\/#\/schema\/logo\/image\/"},"sameAs":["https:\/\/www.facebook.com\/jornaloficinas","https:\/\/x.com\/jornaloficinas","https:\/\/www.instagram.com\/jornal_oficinas\/","https:\/\/www.linkedin.com\/company\/jornal-das-oficinas\/","https:\/\/www.youtube.com\/channel\/UCbQZBqtcvV-oSQrr7RzINGg"]},{"@type":"Person","@id":"https:\/\/jornaldasoficinas.com\/pt\/#\/schema\/person\/a38eef5de2c41d9e7c9ac10141afddf3","name":"Reda\u00e7\u00e3o JO","image":{"@type":"ImageObject","inLanguage":"pt-PT","@id":"https:\/\/secure.gravatar.com\/avatar\/71f2fa71737ad68a84fea94bc708ddac8ea5b0c4788dc2ad202f3ccb2887742f?s=96&d=wp_user_avatar&r=g","url":"https:\/\/secure.gravatar.com\/avatar\/71f2fa71737ad68a84fea94bc708ddac8ea5b0c4788dc2ad202f3ccb2887742f?s=96&d=wp_user_avatar&r=g","contentUrl":"https:\/\/secure.gravatar.com\/avatar\/71f2fa71737ad68a84fea94bc708ddac8ea5b0c4788dc2ad202f3ccb2887742f?s=96&d=wp_user_avatar&r=g","caption":"Reda\u00e7\u00e3o JO"},"url":"https:\/\/jornaldasoficinas.com\/pt\/author\/joredacao\/"}]}},"_links":{"self":[{"href":"https:\/\/jornaldasoficinas.com\/pt\/wp-json\/wp\/v2\/posts\/105062","targetHints":{"allow":["GET"]}}],"collection":[{"href":"https:\/\/jornaldasoficinas.com\/pt\/wp-json\/wp\/v2\/posts"}],"about":[{"href":"https:\/\/jornaldasoficinas.com\/pt\/wp-json\/wp\/v2\/types\/post"}],"author":[{"embeddable":true,"href":"https:\/\/jornaldasoficinas.com\/pt\/wp-json\/wp\/v2\/users\/15"}],"replies":[{"embeddable":true,"href":"https:\/\/jornaldasoficinas.com\/pt\/wp-json\/wp\/v2\/comments?post=105062"}],"version-history":[{"count":7,"href":"https:\/\/jornaldasoficinas.com\/pt\/wp-json\/wp\/v2\/posts\/105062\/revisions"}],"predecessor-version":[{"id":105080,"href":"https:\/\/jornaldasoficinas.com\/pt\/wp-json\/wp\/v2\/posts\/105062\/revisions\/105080"}],"wp:featuredmedia":[{"embeddable":true,"href":"https:\/\/jornaldasoficinas.com\/pt\/wp-json\/wp\/v2\/media\/105077"}],"wp:attachment":[{"href":"https:\/\/jornaldasoficinas.com\/pt\/wp-json\/wp\/v2\/media?parent=105062"}],"wp:term":[{"taxonomy":"category","embeddable":true,"href":"https:\/\/jornaldasoficinas.com\/pt\/wp-json\/wp\/v2\/categories?post=105062"},{"taxonomy":"post_tag","embeddable":true,"href":"https:\/\/jornaldasoficinas.com\/pt\/wp-json\/wp\/v2\/tags?post=105062"}],"curies":[{"name":"wp","href":"https:\/\/api.w.org\/{rel}","templated":true}]}}