{"id":105069,"date":"2025-07-30T12:30:14","date_gmt":"2025-07-30T11:30:14","guid":{"rendered":"https:\/\/jornaldasoficinas.com\/pt\/?p=105069"},"modified":"2025-07-29T17:25:06","modified_gmt":"2025-07-29T16:25:06","slug":"napa-apresenta-lava-maos-eficaz-ecologico-e-amigo-da-pele","status":"publish","type":"post","link":"https:\/\/jornaldasoficinas.com\/pt\/napa-apresenta-lava-maos-eficaz-ecologico-e-amigo-da-pele\/","title":{"rendered":"NAPA apresenta lava-m\u00e3os eficaz, ecol\u00f3gico e amigo da pele"},"content":{"rendered":"<p><strong><img loading=\"lazy\" decoding=\"async\" class=\"alignnone size-full wp-image-105078\" src=\"https:\/\/jornaldasoficinas.com\/pt\/wp-content\/uploads\/2025\/07\/NAPA-apresenta-lava-maos-eficaz-ecologico-e-amigo-da-pele.jpg\" alt=\"07 - NAPA apresenta lava maos eficaz ecologico e amigo da pele\" width=\"1024\" height=\"581\" srcset=\"https:\/\/jornaldasoficinas.com\/pt\/wp-content\/uploads\/2025\/07\/NAPA-apresenta-lava-maos-eficaz-ecologico-e-amigo-da-pele.jpg 1024w, https:\/\/jornaldasoficinas.com\/pt\/wp-content\/uploads\/2025\/07\/NAPA-apresenta-lava-maos-eficaz-ecologico-e-amigo-da-pele-300x170.jpg 300w, https:\/\/jornaldasoficinas.com\/pt\/wp-content\/uploads\/2025\/07\/NAPA-apresenta-lava-maos-eficaz-ecologico-e-amigo-da-pele-150x85.jpg 150w, https:\/\/jornaldasoficinas.com\/pt\/wp-content\/uploads\/2025\/07\/NAPA-apresenta-lava-maos-eficaz-ecologico-e-amigo-da-pele-768x436.jpg 768w\" sizes=\"auto, (max-width: 1024px) 100vw, 1024px\" \/><\/strong><\/p>\n<p><strong>A <a href=\"https:\/\/www.napaautoparts.es\/pt\" target=\"_blank\" rel=\"noopener\">NAPA<\/a> acaba de lan\u00e7ar no mercado ib\u00e9rico um novo lava-m\u00e3os em pasta, formulado para remover at\u00e9 a sujidade mais dif\u00edcil sem agredir a pele ou o ambiente<\/strong><\/p>\n<p>Concebido para utiliza\u00e7\u00e3o intensiva, tanto profissional como dom\u00e9stica, este novo produto oferece &#8220;uma limpeza r\u00e1pida, profunda e delicada&#8221;, com um &#8220;agrad\u00e1vel aroma a lavanda&#8221;. A sua f\u00f3rmula respeita a pele e integra-se nos regulamentos de seguran\u00e7a mais exigentes, estando registado no Portal Europeu de Produtos Cosm\u00e9ticos (CPNP) e no Instituto Nacional de Toxicologia e Ci\u00eancias Forenses (INTCF).<\/p>\n<p>A NAPA disponibiliza este lava-m\u00e3os em v\u00e1rios formatos, desde embalagens de 0,5 e 0,9 litros, ideais para pequenas oficinas ou uso dom\u00e9stico, at\u00e9 baldes de 4, 15 e 25 litros, indicados para ambientes industriais com maior volume de trabalho. Todos os formatos s\u00e3o compat\u00edveis com o dispensador de parede exclusivo, que permite uma dose precisa e sem contacto, promovendo a higiene e otimizando o consumo \u2013 com capacidade para at\u00e9 400 lavagens por balde.<\/p>\n<p>Este lan\u00e7amento reflete o compromisso da NAPA com solu\u00e7\u00f5es que combinam desempenho, responsabilidade ambiental e seguran\u00e7a, integrando-se na estrat\u00e9gia da marca de oferecer uma gama global de produtos de manuten\u00e7\u00e3o e pe\u00e7as sobressalentes de qualidade equivalente \u00e0 do fabricante original.<\/p>\n<p>Na Pen\u00ednsula Ib\u00e9rica, a NAPA disp\u00f5e de uma das ofertas mais amplas do mercado, com mais de 20 linhas de produto que incluem filtros, trav\u00f5es, baterias, \u00f3leos, escovas, ferramentas e muito mais. Com a chegada deste novo lava-m\u00e3os em pasta, a NAPA refor\u00e7a a sua posi\u00e7\u00e3o como fornecedor integral para profissionais da repara\u00e7\u00e3o autom\u00f3vel \u2013 e para um ambiente de trabalho mais limpo, seguro e eficiente.<\/p>\n","protected":false},"excerpt":{"rendered":"<p>A NAPA acaba de lan\u00e7ar no&#8230;<\/p>\n","protected":false},"author":15,"featured_media":105078,"comment_status":"closed","ping_status":"closed","sticky":false,"template":"","format":"standard","meta":{"footnotes":""},"categories":[29],"tags":[7834,13257,2975,4140,7465,9839,1767],"class_list":["post-105069","post","type-post","status-publish","format-standard","has-post-thumbnail","hentry","category-empresas","tag-lancamento","tag-lava-maos-em-pasta","tag-mercado-iberico","tag-napa","tag-novidade","tag-responsabilidade-ambiental","tag-sustentabilidade"],"yoast_head":"<!-- This site is optimized with the Yoast SEO plugin v27.4 - https:\/\/yoast.com\/product\/yoast-seo-wordpress\/ -->\n<title>NAPA apresenta lava-m\u00e3os eficaz, ecol\u00f3gico e amigo da pele - Jornal das Oficinas<\/title>\n<meta name=\"description\" content=\"A NAPA lan\u00e7ou um novo lava-m\u00e3os em pasta, formulado para remover at\u00e9 a sujidade mais dif\u00edcil sem agredir a pele ou o ambiente\" \/>\n<meta name=\"robots\" content=\"index, follow, max-snippet:-1, max-image-preview:large, max-video-preview:-1\" \/>\n<link rel=\"canonical\" href=\"https:\/\/jornaldasoficinas.com\/pt\/napa-apresenta-lava-maos-eficaz-ecologico-e-amigo-da-pele\/\" \/>\n<meta property=\"og:locale\" content=\"pt_PT\" \/>\n<meta property=\"og:type\" content=\"article\" \/>\n<meta property=\"og:title\" content=\"NAPA apresenta lava-m\u00e3os eficaz, ecol\u00f3gico e amigo da pele - Jornal das Oficinas\" \/>\n<meta property=\"og:description\" content=\"A NAPA lan\u00e7ou um novo lava-m\u00e3os em pasta, formulado para remover at\u00e9 a sujidade mais dif\u00edcil sem agredir a pele ou o ambiente\" \/>\n<meta property=\"og:url\" content=\"https:\/\/jornaldasoficinas.com\/pt\/napa-apresenta-lava-maos-eficaz-ecologico-e-amigo-da-pele\/\" \/>\n<meta property=\"og:site_name\" content=\"Jornal das Oficinas\" \/>\n<meta property=\"article:publisher\" content=\"https:\/\/www.facebook.com\/jornaloficinas\" \/>\n<meta property=\"article:published_time\" content=\"2025-07-30T11:30:14+00:00\" \/>\n<meta property=\"og:image\" content=\"https:\/\/jornaldasoficinas.com\/pt\/wp-content\/uploads\/2025\/07\/NAPA-apresenta-lava-maos-eficaz-ecologico-e-amigo-da-pele.jpg\" \/>\n\t<meta property=\"og:image:width\" content=\"1024\" \/>\n\t<meta property=\"og:image:height\" content=\"581\" \/>\n\t<meta property=\"og:image:type\" content=\"image\/jpeg\" \/>\n<meta name=\"author\" content=\"Reda\u00e7\u00e3o JO\" \/>\n<meta name=\"twitter:card\" content=\"summary_large_image\" \/>\n<meta name=\"twitter:creator\" content=\"@jornaloficinas\" \/>\n<meta name=\"twitter:site\" content=\"@jornaloficinas\" \/>\n<meta name=\"twitter:label1\" content=\"Escrito por\" \/>\n\t<meta name=\"twitter:data1\" content=\"Reda\u00e7\u00e3o JO\" \/>\n\t<meta name=\"twitter:label2\" content=\"Tempo estimado de leitura\" \/>\n\t<meta name=\"twitter:data2\" content=\"2 minutos\" \/>\n<script type=\"application\/ld+json\" class=\"yoast-schema-graph\">{\"@context\":\"https:\\\/\\\/schema.org\",\"@graph\":[{\"@type\":\"Article\",\"@id\":\"https:\\\/\\\/jornaldasoficinas.com\\\/pt\\\/napa-apresenta-lava-maos-eficaz-ecologico-e-amigo-da-pele\\\/#article\",\"isPartOf\":{\"@id\":\"https:\\\/\\\/jornaldasoficinas.com\\\/pt\\\/napa-apresenta-lava-maos-eficaz-ecologico-e-amigo-da-pele\\\/\"},\"author\":{\"name\":\"Reda\u00e7\u00e3o JO\",\"@id\":\"https:\\\/\\\/jornaldasoficinas.com\\\/pt\\\/#\\\/schema\\\/person\\\/a38eef5de2c41d9e7c9ac10141afddf3\"},\"headline\":\"NAPA apresenta lava-m\u00e3os eficaz, ecol\u00f3gico e amigo da pele\",\"datePublished\":\"2025-07-30T11:30:14+00:00\",\"mainEntityOfPage\":{\"@id\":\"https:\\\/\\\/jornaldasoficinas.com\\\/pt\\\/napa-apresenta-lava-maos-eficaz-ecologico-e-amigo-da-pele\\\/\"},\"wordCount\":298,\"publisher\":{\"@id\":\"https:\\\/\\\/jornaldasoficinas.com\\\/pt\\\/#organization\"},\"image\":{\"@id\":\"https:\\\/\\\/jornaldasoficinas.com\\\/pt\\\/napa-apresenta-lava-maos-eficaz-ecologico-e-amigo-da-pele\\\/#primaryimage\"},\"thumbnailUrl\":\"https:\\\/\\\/jornaldasoficinas.com\\\/pt\\\/wp-content\\\/uploads\\\/2025\\\/07\\\/NAPA-apresenta-lava-maos-eficaz-ecologico-e-amigo-da-pele.jpg\",\"keywords\":[\"lan\u00e7amento\",\"lava-m\u00e3os em pasta\",\"mercado iberico\",\"NAPA\",\"novidade\",\"responsabilidade ambiental\",\"Sustentabilidade\"],\"articleSection\":[\"Empresas\"],\"inLanguage\":\"pt-PT\"},{\"@type\":\"WebPage\",\"@id\":\"https:\\\/\\\/jornaldasoficinas.com\\\/pt\\\/napa-apresenta-lava-maos-eficaz-ecologico-e-amigo-da-pele\\\/\",\"url\":\"https:\\\/\\\/jornaldasoficinas.com\\\/pt\\\/napa-apresenta-lava-maos-eficaz-ecologico-e-amigo-da-pele\\\/\",\"name\":\"NAPA apresenta lava-m\u00e3os eficaz, ecol\u00f3gico e amigo da pele - Jornal das Oficinas\",\"isPartOf\":{\"@id\":\"https:\\\/\\\/jornaldasoficinas.com\\\/pt\\\/#website\"},\"primaryImageOfPage\":{\"@id\":\"https:\\\/\\\/jornaldasoficinas.com\\\/pt\\\/napa-apresenta-lava-maos-eficaz-ecologico-e-amigo-da-pele\\\/#primaryimage\"},\"image\":{\"@id\":\"https:\\\/\\\/jornaldasoficinas.com\\\/pt\\\/napa-apresenta-lava-maos-eficaz-ecologico-e-amigo-da-pele\\\/#primaryimage\"},\"thumbnailUrl\":\"https:\\\/\\\/jornaldasoficinas.com\\\/pt\\\/wp-content\\\/uploads\\\/2025\\\/07\\\/NAPA-apresenta-lava-maos-eficaz-ecologico-e-amigo-da-pele.jpg\",\"datePublished\":\"2025-07-30T11:30:14+00:00\",\"description\":\"A NAPA lan\u00e7ou um novo lava-m\u00e3os em pasta, formulado para remover at\u00e9 a sujidade mais dif\u00edcil sem agredir a pele ou o ambiente\",\"breadcrumb\":{\"@id\":\"https:\\\/\\\/jornaldasoficinas.com\\\/pt\\\/napa-apresenta-lava-maos-eficaz-ecologico-e-amigo-da-pele\\\/#breadcrumb\"},\"inLanguage\":\"pt-PT\",\"potentialAction\":[{\"@type\":\"ReadAction\",\"target\":[\"https:\\\/\\\/jornaldasoficinas.com\\\/pt\\\/napa-apresenta-lava-maos-eficaz-ecologico-e-amigo-da-pele\\\/\"]}]},{\"@type\":\"ImageObject\",\"inLanguage\":\"pt-PT\",\"@id\":\"https:\\\/\\\/jornaldasoficinas.com\\\/pt\\\/napa-apresenta-lava-maos-eficaz-ecologico-e-amigo-da-pele\\\/#primaryimage\",\"url\":\"https:\\\/\\\/jornaldasoficinas.com\\\/pt\\\/wp-content\\\/uploads\\\/2025\\\/07\\\/NAPA-apresenta-lava-maos-eficaz-ecologico-e-amigo-da-pele.jpg\",\"contentUrl\":\"https:\\\/\\\/jornaldasoficinas.com\\\/pt\\\/wp-content\\\/uploads\\\/2025\\\/07\\\/NAPA-apresenta-lava-maos-eficaz-ecologico-e-amigo-da-pele.jpg\",\"width\":1024,\"height\":581,\"caption\":\"07 - NAPA apresenta lava maos eficaz ecologico e amigo da pele\"},{\"@type\":\"BreadcrumbList\",\"@id\":\"https:\\\/\\\/jornaldasoficinas.com\\\/pt\\\/napa-apresenta-lava-maos-eficaz-ecologico-e-amigo-da-pele\\\/#breadcrumb\",\"itemListElement\":[{\"@type\":\"ListItem\",\"position\":1,\"name\":\"In\u00edcio\",\"item\":\"https:\\\/\\\/jornaldasoficinas.com\\\/pt\\\/\"},{\"@type\":\"ListItem\",\"position\":2,\"name\":\"NAPA apresenta lava-m\u00e3os eficaz, ecol\u00f3gico e amigo da pele\"}]},{\"@type\":\"WebSite\",\"@id\":\"https:\\\/\\\/jornaldasoficinas.com\\\/pt\\\/#website\",\"url\":\"https:\\\/\\\/jornaldasoficinas.com\\\/pt\\\/\",\"name\":\"Jornal das Oficinas\",\"description\":\"Jornal independente do Aftermarket Autom\u00f3vel em Portugal\",\"publisher\":{\"@id\":\"https:\\\/\\\/jornaldasoficinas.com\\\/pt\\\/#organization\"},\"potentialAction\":[{\"@type\":\"SearchAction\",\"target\":{\"@type\":\"EntryPoint\",\"urlTemplate\":\"https:\\\/\\\/jornaldasoficinas.com\\\/pt\\\/?s={search_term_string}\"},\"query-input\":{\"@type\":\"PropertyValueSpecification\",\"valueRequired\":true,\"valueName\":\"search_term_string\"}}],\"inLanguage\":\"pt-PT\"},{\"@type\":\"Organization\",\"@id\":\"https:\\\/\\\/jornaldasoficinas.com\\\/pt\\\/#organization\",\"name\":\"Jornal das Oficinas\",\"url\":\"https:\\\/\\\/jornaldasoficinas.com\\\/pt\\\/\",\"logo\":{\"@type\":\"ImageObject\",\"inLanguage\":\"pt-PT\",\"@id\":\"https:\\\/\\\/jornaldasoficinas.com\\\/pt\\\/#\\\/schema\\\/logo\\\/image\\\/\",\"url\":\"https:\\\/\\\/jornaldasoficinas.com\\\/pt\\\/wp-content\\\/uploads\\\/logoJO-SEO.png\",\"contentUrl\":\"https:\\\/\\\/jornaldasoficinas.com\\\/pt\\\/wp-content\\\/uploads\\\/logoJO-SEO.png\",\"width\":285,\"height\":450,\"caption\":\"Jornal das Oficinas\"},\"image\":{\"@id\":\"https:\\\/\\\/jornaldasoficinas.com\\\/pt\\\/#\\\/schema\\\/logo\\\/image\\\/\"},\"sameAs\":[\"https:\\\/\\\/www.facebook.com\\\/jornaloficinas\",\"https:\\\/\\\/x.com\\\/jornaloficinas\",\"https:\\\/\\\/www.instagram.com\\\/jornal_oficinas\\\/\",\"https:\\\/\\\/www.linkedin.com\\\/company\\\/jornal-das-oficinas\\\/\",\"https:\\\/\\\/www.youtube.com\\\/channel\\\/UCbQZBqtcvV-oSQrr7RzINGg\"]},{\"@type\":\"Person\",\"@id\":\"https:\\\/\\\/jornaldasoficinas.com\\\/pt\\\/#\\\/schema\\\/person\\\/a38eef5de2c41d9e7c9ac10141afddf3\",\"name\":\"Reda\u00e7\u00e3o JO\",\"image\":{\"@type\":\"ImageObject\",\"inLanguage\":\"pt-PT\",\"@id\":\"https:\\\/\\\/secure.gravatar.com\\\/avatar\\\/71f2fa71737ad68a84fea94bc708ddac8ea5b0c4788dc2ad202f3ccb2887742f?s=96&d=wp_user_avatar&r=g\",\"url\":\"https:\\\/\\\/secure.gravatar.com\\\/avatar\\\/71f2fa71737ad68a84fea94bc708ddac8ea5b0c4788dc2ad202f3ccb2887742f?s=96&d=wp_user_avatar&r=g\",\"contentUrl\":\"https:\\\/\\\/secure.gravatar.com\\\/avatar\\\/71f2fa71737ad68a84fea94bc708ddac8ea5b0c4788dc2ad202f3ccb2887742f?s=96&d=wp_user_avatar&r=g\",\"caption\":\"Reda\u00e7\u00e3o JO\"},\"url\":\"https:\\\/\\\/jornaldasoficinas.com\\\/pt\\\/author\\\/joredacao\\\/\"}]}<\/script>\n<!-- \/ Yoast SEO plugin. -->","yoast_head_json":{"title":"NAPA apresenta lava-m\u00e3os eficaz, ecol\u00f3gico e amigo da pele - Jornal das Oficinas","description":"A NAPA lan\u00e7ou um novo lava-m\u00e3os em pasta, formulado para remover at\u00e9 a sujidade mais dif\u00edcil sem agredir a pele ou o ambiente","robots":{"index":"index","follow":"follow","max-snippet":"max-snippet:-1","max-image-preview":"max-image-preview:large","max-video-preview":"max-video-preview:-1"},"canonical":"https:\/\/jornaldasoficinas.com\/pt\/napa-apresenta-lava-maos-eficaz-ecologico-e-amigo-da-pele\/","og_locale":"pt_PT","og_type":"article","og_title":"NAPA apresenta lava-m\u00e3os eficaz, ecol\u00f3gico e amigo da pele - Jornal das Oficinas","og_description":"A NAPA lan\u00e7ou um novo lava-m\u00e3os em pasta, formulado para remover at\u00e9 a sujidade mais dif\u00edcil sem agredir a pele ou o ambiente","og_url":"https:\/\/jornaldasoficinas.com\/pt\/napa-apresenta-lava-maos-eficaz-ecologico-e-amigo-da-pele\/","og_site_name":"Jornal das Oficinas","article_publisher":"https:\/\/www.facebook.com\/jornaloficinas","article_published_time":"2025-07-30T11:30:14+00:00","og_image":[{"width":1024,"height":581,"url":"https:\/\/jornaldasoficinas.com\/pt\/wp-content\/uploads\/2025\/07\/NAPA-apresenta-lava-maos-eficaz-ecologico-e-amigo-da-pele.jpg","type":"image\/jpeg"}],"author":"Reda\u00e7\u00e3o JO","twitter_card":"summary_large_image","twitter_creator":"@jornaloficinas","twitter_site":"@jornaloficinas","twitter_misc":{"Escrito por":"Reda\u00e7\u00e3o JO","Tempo estimado de leitura":"2 minutos"},"schema":{"@context":"https:\/\/schema.org","@graph":[{"@type":"Article","@id":"https:\/\/jornaldasoficinas.com\/pt\/napa-apresenta-lava-maos-eficaz-ecologico-e-amigo-da-pele\/#article","isPartOf":{"@id":"https:\/\/jornaldasoficinas.com\/pt\/napa-apresenta-lava-maos-eficaz-ecologico-e-amigo-da-pele\/"},"author":{"name":"Reda\u00e7\u00e3o JO","@id":"https:\/\/jornaldasoficinas.com\/pt\/#\/schema\/person\/a38eef5de2c41d9e7c9ac10141afddf3"},"headline":"NAPA apresenta lava-m\u00e3os eficaz, ecol\u00f3gico e amigo da pele","datePublished":"2025-07-30T11:30:14+00:00","mainEntityOfPage":{"@id":"https:\/\/jornaldasoficinas.com\/pt\/napa-apresenta-lava-maos-eficaz-ecologico-e-amigo-da-pele\/"},"wordCount":298,"publisher":{"@id":"https:\/\/jornaldasoficinas.com\/pt\/#organization"},"image":{"@id":"https:\/\/jornaldasoficinas.com\/pt\/napa-apresenta-lava-maos-eficaz-ecologico-e-amigo-da-pele\/#primaryimage"},"thumbnailUrl":"https:\/\/jornaldasoficinas.com\/pt\/wp-content\/uploads\/2025\/07\/NAPA-apresenta-lava-maos-eficaz-ecologico-e-amigo-da-pele.jpg","keywords":["lan\u00e7amento","lava-m\u00e3os em pasta","mercado iberico","NAPA","novidade","responsabilidade ambiental","Sustentabilidade"],"articleSection":["Empresas"],"inLanguage":"pt-PT"},{"@type":"WebPage","@id":"https:\/\/jornaldasoficinas.com\/pt\/napa-apresenta-lava-maos-eficaz-ecologico-e-amigo-da-pele\/","url":"https:\/\/jornaldasoficinas.com\/pt\/napa-apresenta-lava-maos-eficaz-ecologico-e-amigo-da-pele\/","name":"NAPA apresenta lava-m\u00e3os eficaz, ecol\u00f3gico e amigo da pele - Jornal das Oficinas","isPartOf":{"@id":"https:\/\/jornaldasoficinas.com\/pt\/#website"},"primaryImageOfPage":{"@id":"https:\/\/jornaldasoficinas.com\/pt\/napa-apresenta-lava-maos-eficaz-ecologico-e-amigo-da-pele\/#primaryimage"},"image":{"@id":"https:\/\/jornaldasoficinas.com\/pt\/napa-apresenta-lava-maos-eficaz-ecologico-e-amigo-da-pele\/#primaryimage"},"thumbnailUrl":"https:\/\/jornaldasoficinas.com\/pt\/wp-content\/uploads\/2025\/07\/NAPA-apresenta-lava-maos-eficaz-ecologico-e-amigo-da-pele.jpg","datePublished":"2025-07-30T11:30:14+00:00","description":"A NAPA lan\u00e7ou um novo lava-m\u00e3os em pasta, formulado para remover at\u00e9 a sujidade mais dif\u00edcil sem agredir a pele ou o ambiente","breadcrumb":{"@id":"https:\/\/jornaldasoficinas.com\/pt\/napa-apresenta-lava-maos-eficaz-ecologico-e-amigo-da-pele\/#breadcrumb"},"inLanguage":"pt-PT","potentialAction":[{"@type":"ReadAction","target":["https:\/\/jornaldasoficinas.com\/pt\/napa-apresenta-lava-maos-eficaz-ecologico-e-amigo-da-pele\/"]}]},{"@type":"ImageObject","inLanguage":"pt-PT","@id":"https:\/\/jornaldasoficinas.com\/pt\/napa-apresenta-lava-maos-eficaz-ecologico-e-amigo-da-pele\/#primaryimage","url":"https:\/\/jornaldasoficinas.com\/pt\/wp-content\/uploads\/2025\/07\/NAPA-apresenta-lava-maos-eficaz-ecologico-e-amigo-da-pele.jpg","contentUrl":"https:\/\/jornaldasoficinas.com\/pt\/wp-content\/uploads\/2025\/07\/NAPA-apresenta-lava-maos-eficaz-ecologico-e-amigo-da-pele.jpg","width":1024,"height":581,"caption":"07 - NAPA apresenta lava maos eficaz ecologico e amigo da pele"},{"@type":"BreadcrumbList","@id":"https:\/\/jornaldasoficinas.com\/pt\/napa-apresenta-lava-maos-eficaz-ecologico-e-amigo-da-pele\/#breadcrumb","itemListElement":[{"@type":"ListItem","position":1,"name":"In\u00edcio","item":"https:\/\/jornaldasoficinas.com\/pt\/"},{"@type":"ListItem","position":2,"name":"NAPA apresenta lava-m\u00e3os eficaz, ecol\u00f3gico e amigo da pele"}]},{"@type":"WebSite","@id":"https:\/\/jornaldasoficinas.com\/pt\/#website","url":"https:\/\/jornaldasoficinas.com\/pt\/","name":"Jornal das Oficinas","description":"Jornal independente do Aftermarket Autom\u00f3vel em Portugal","publisher":{"@id":"https:\/\/jornaldasoficinas.com\/pt\/#organization"},"potentialAction":[{"@type":"SearchAction","target":{"@type":"EntryPoint","urlTemplate":"https:\/\/jornaldasoficinas.com\/pt\/?s={search_term_string}"},"query-input":{"@type":"PropertyValueSpecification","valueRequired":true,"valueName":"search_term_string"}}],"inLanguage":"pt-PT"},{"@type":"Organization","@id":"https:\/\/jornaldasoficinas.com\/pt\/#organization","name":"Jornal das Oficinas","url":"https:\/\/jornaldasoficinas.com\/pt\/","logo":{"@type":"ImageObject","inLanguage":"pt-PT","@id":"https:\/\/jornaldasoficinas.com\/pt\/#\/schema\/logo\/image\/","url":"https:\/\/jornaldasoficinas.com\/pt\/wp-content\/uploads\/logoJO-SEO.png","contentUrl":"https:\/\/jornaldasoficinas.com\/pt\/wp-content\/uploads\/logoJO-SEO.png","width":285,"height":450,"caption":"Jornal das Oficinas"},"image":{"@id":"https:\/\/jornaldasoficinas.com\/pt\/#\/schema\/logo\/image\/"},"sameAs":["https:\/\/www.facebook.com\/jornaloficinas","https:\/\/x.com\/jornaloficinas","https:\/\/www.instagram.com\/jornal_oficinas\/","https:\/\/www.linkedin.com\/company\/jornal-das-oficinas\/","https:\/\/www.youtube.com\/channel\/UCbQZBqtcvV-oSQrr7RzINGg"]},{"@type":"Person","@id":"https:\/\/jornaldasoficinas.com\/pt\/#\/schema\/person\/a38eef5de2c41d9e7c9ac10141afddf3","name":"Reda\u00e7\u00e3o JO","image":{"@type":"ImageObject","inLanguage":"pt-PT","@id":"https:\/\/secure.gravatar.com\/avatar\/71f2fa71737ad68a84fea94bc708ddac8ea5b0c4788dc2ad202f3ccb2887742f?s=96&d=wp_user_avatar&r=g","url":"https:\/\/secure.gravatar.com\/avatar\/71f2fa71737ad68a84fea94bc708ddac8ea5b0c4788dc2ad202f3ccb2887742f?s=96&d=wp_user_avatar&r=g","contentUrl":"https:\/\/secure.gravatar.com\/avatar\/71f2fa71737ad68a84fea94bc708ddac8ea5b0c4788dc2ad202f3ccb2887742f?s=96&d=wp_user_avatar&r=g","caption":"Reda\u00e7\u00e3o JO"},"url":"https:\/\/jornaldasoficinas.com\/pt\/author\/joredacao\/"}]}},"_links":{"self":[{"href":"https:\/\/jornaldasoficinas.com\/pt\/wp-json\/wp\/v2\/posts\/105069","targetHints":{"allow":["GET"]}}],"collection":[{"href":"https:\/\/jornaldasoficinas.com\/pt\/wp-json\/wp\/v2\/posts"}],"about":[{"href":"https:\/\/jornaldasoficinas.com\/pt\/wp-json\/wp\/v2\/types\/post"}],"author":[{"embeddable":true,"href":"https:\/\/jornaldasoficinas.com\/pt\/wp-json\/wp\/v2\/users\/15"}],"replies":[{"embeddable":true,"href":"https:\/\/jornaldasoficinas.com\/pt\/wp-json\/wp\/v2\/comments?post=105069"}],"version-history":[{"count":4,"href":"https:\/\/jornaldasoficinas.com\/pt\/wp-json\/wp\/v2\/posts\/105069\/revisions"}],"predecessor-version":[{"id":105079,"href":"https:\/\/jornaldasoficinas.com\/pt\/wp-json\/wp\/v2\/posts\/105069\/revisions\/105079"}],"wp:featuredmedia":[{"embeddable":true,"href":"https:\/\/jornaldasoficinas.com\/pt\/wp-json\/wp\/v2\/media\/105078"}],"wp:attachment":[{"href":"https:\/\/jornaldasoficinas.com\/pt\/wp-json\/wp\/v2\/media?parent=105069"}],"wp:term":[{"taxonomy":"category","embeddable":true,"href":"https:\/\/jornaldasoficinas.com\/pt\/wp-json\/wp\/v2\/categories?post=105069"},{"taxonomy":"post_tag","embeddable":true,"href":"https:\/\/jornaldasoficinas.com\/pt\/wp-json\/wp\/v2\/tags?post=105069"}],"curies":[{"name":"wp","href":"https:\/\/api.w.org\/{rel}","templated":true}]}}