{"id":105158,"date":"2025-08-01T18:00:04","date_gmt":"2025-08-01T17:00:04","guid":{"rendered":"https:\/\/jornaldasoficinas.com\/pt\/?p=105158"},"modified":"2025-07-31T09:06:34","modified_gmt":"2025-07-31T08:06:34","slug":"bosch-ventures-investe-na-plataforma-automovel-4screen","status":"publish","type":"post","link":"https:\/\/jornaldasoficinas.com\/pt\/bosch-ventures-investe-na-plataforma-automovel-4screen\/","title":{"rendered":"Bosch Ventures investe na plataforma autom\u00f3vel 4screen"},"content":{"rendered":"<p><strong><img loading=\"lazy\" decoding=\"async\" class=\"alignnone size-full wp-image-105172\" src=\"https:\/\/jornaldasoficinas.com\/pt\/wp-content\/uploads\/2025\/07\/Bosch-Ventures-investe-na-plataforma-automovel-4screen.jpg\" alt=\"07 - Bosch Ventures investe na plataforma automovel 4screen\" width=\"1024\" height=\"581\" srcset=\"https:\/\/jornaldasoficinas.com\/pt\/wp-content\/uploads\/2025\/07\/Bosch-Ventures-investe-na-plataforma-automovel-4screen.jpg 1024w, https:\/\/jornaldasoficinas.com\/pt\/wp-content\/uploads\/2025\/07\/Bosch-Ventures-investe-na-plataforma-automovel-4screen-300x170.jpg 300w, https:\/\/jornaldasoficinas.com\/pt\/wp-content\/uploads\/2025\/07\/Bosch-Ventures-investe-na-plataforma-automovel-4screen-150x85.jpg 150w, https:\/\/jornaldasoficinas.com\/pt\/wp-content\/uploads\/2025\/07\/Bosch-Ventures-investe-na-plataforma-automovel-4screen-768x436.jpg 768w\" sizes=\"auto, (max-width: 1024px) 100vw, 1024px\" \/><\/strong><\/p>\n<p><strong>A <a href=\"https:\/\/4screen.com\/\" target=\"_blank\" rel=\"noopener\">4screen<\/a>, plataforma de intera\u00e7\u00e3o com motoristas integrada nas telas dos autom\u00f3veis, fechou uma ronda de financiamento S\u00e9rie B de 21 milh\u00f5es de d\u00f3lares. Com o investimento da <a href=\"https:\/\/bosch.ventures\/\" target=\"_blank\" rel=\"noopener\">Bosch Ventures<\/a>, prepara-se para expandir globalmente, especialmente nos EUA<\/strong><\/p>\n<p>A 4screen, plataforma pioneira de intera\u00e7\u00e3o com motoristas atrav\u00e9s das telas nativas dos autom\u00f3veis, anunciou uma ronda de financiamento S\u00e9rie B no valor de 21 milh\u00f5es de d\u00f3lares. A Bosch Ventures lidera o grupo de novos investidores, ao lado da NewRoad Capital Partners e da Bayern Kapital.<\/p>\n<p>Fundada em 2020, em Munique, a 4screen j\u00e1 opera em 12 pa\u00edses e est\u00e1 integrada nos sistemas operativos de 15 marcas autom\u00f3veis. A plataforma permite que empresas comuniquem com condutores em tempo real, de forma \u00fatil e n\u00e3o intrusiva, apresentando sugest\u00f5es como locais de estacionamento, esta\u00e7\u00f5es de carregamento ou pontos de interesse pr\u00f3ximos, diretamente no painel do carro.<\/p>\n<p>Ao contr\u00e1rio de aplica\u00e7\u00f5es m\u00f3veis, a 4screen est\u00e1 profundamente integrada nos sistemas nativos dos ve\u00edculos, oferecendo uma experi\u00eancia fluida, segura e sem necessidade de downloads. A empresa posiciona-se como um novo canal publicit\u00e1rio de grande potencial, aproveitando um espa\u00e7o ainda pouco explorado: as telas dos autom\u00f3veis conectados.<\/p>\n<p>&#8220;\u00c0 medida que a mobilidade continua a evoluir, a experi\u00eancia no carro est\u00e1 a tornar-se numa extens\u00e3o crucial das nossas vidas digitais. As telas dos carros tornaram-se 10 vezes maiores que as dos smartphones, e o 4screen transforma esse espa\u00e7o num hub de intera\u00e7\u00e3o inteligente&#8221;, afirmou Ingo Ramesohl, diretor-geral da Bosch Ventures.<\/p>\n<p>Com esta nova ronda de financiamento, a 4screen pretende acelerar a sua presen\u00e7a internacional, nomeadamente nos Estados Unidos, expandir a sua oferta tecnol\u00f3gica e aprofundar parcerias com fabricantes (OEMs), marcas e parceiros de dados. O foco inclui o aproveitamento de mais de 200 pontos de dados em tempo real, dispon\u00edveis em ve\u00edculos conectados, para uma experi\u00eancia altamente personalizada.<\/p>\n","protected":false},"excerpt":{"rendered":"<p>A 4screen, plataforma de intera\u00e7\u00e3o com&#8230;<\/p>\n","protected":false},"author":15,"featured_media":105172,"comment_status":"closed","ping_status":"closed","sticky":false,"template":"","format":"standard","meta":{"footnotes":""},"categories":[29],"tags":[10673,13275,9087,9118,5537,4272,13274],"class_list":["post-105158","post","type-post","status-publish","format-standard","has-post-thumbnail","hentry","category-empresas","tag-21-milhoes-de-dolares","tag-4screen","tag-bosch-ventures","tag-expansao-global","tag-financiamento","tag-investimento","tag-plataforma-automovel"],"yoast_head":"<!-- This site is optimized with the Yoast SEO plugin v27.4 - https:\/\/yoast.com\/product\/yoast-seo-wordpress\/ -->\n<title>Bosch Ventures investe na plataforma autom\u00f3vel 4screen - Jornal das Oficinas<\/title>\n<meta name=\"description\" content=\"A 4screen fechou um financiamento de 21 milh\u00f5es de d\u00f3lares. Com o investimento da Bosch Ventures, prepara-se para expandir globalmente\" \/>\n<meta name=\"robots\" content=\"index, follow, max-snippet:-1, max-image-preview:large, max-video-preview:-1\" \/>\n<link rel=\"canonical\" href=\"https:\/\/jornaldasoficinas.com\/pt\/bosch-ventures-investe-na-plataforma-automovel-4screen\/\" \/>\n<meta property=\"og:locale\" content=\"pt_PT\" \/>\n<meta property=\"og:type\" content=\"article\" \/>\n<meta property=\"og:title\" content=\"Bosch Ventures investe na plataforma autom\u00f3vel 4screen - Jornal das Oficinas\" \/>\n<meta property=\"og:description\" content=\"A 4screen fechou um financiamento de 21 milh\u00f5es de d\u00f3lares. Com o investimento da Bosch Ventures, prepara-se para expandir globalmente\" \/>\n<meta property=\"og:url\" content=\"https:\/\/jornaldasoficinas.com\/pt\/bosch-ventures-investe-na-plataforma-automovel-4screen\/\" \/>\n<meta property=\"og:site_name\" content=\"Jornal das Oficinas\" \/>\n<meta property=\"article:publisher\" content=\"https:\/\/www.facebook.com\/jornaloficinas\" \/>\n<meta property=\"article:published_time\" content=\"2025-08-01T17:00:04+00:00\" \/>\n<meta property=\"og:image\" content=\"https:\/\/jornaldasoficinas.com\/pt\/wp-content\/uploads\/2025\/07\/Bosch-Ventures-investe-na-plataforma-automovel-4screen.jpg\" \/>\n\t<meta property=\"og:image:width\" content=\"1024\" \/>\n\t<meta property=\"og:image:height\" content=\"581\" \/>\n\t<meta property=\"og:image:type\" content=\"image\/jpeg\" \/>\n<meta name=\"author\" content=\"Reda\u00e7\u00e3o JO\" \/>\n<meta name=\"twitter:card\" content=\"summary_large_image\" \/>\n<meta name=\"twitter:creator\" content=\"@jornaloficinas\" \/>\n<meta name=\"twitter:site\" content=\"@jornaloficinas\" \/>\n<meta name=\"twitter:label1\" content=\"Escrito por\" \/>\n\t<meta name=\"twitter:data1\" content=\"Reda\u00e7\u00e3o JO\" \/>\n\t<meta name=\"twitter:label2\" content=\"Tempo estimado de leitura\" \/>\n\t<meta name=\"twitter:data2\" content=\"3 minutos\" \/>\n<script type=\"application\/ld+json\" class=\"yoast-schema-graph\">{\"@context\":\"https:\\\/\\\/schema.org\",\"@graph\":[{\"@type\":\"Article\",\"@id\":\"https:\\\/\\\/jornaldasoficinas.com\\\/pt\\\/bosch-ventures-investe-na-plataforma-automovel-4screen\\\/#article\",\"isPartOf\":{\"@id\":\"https:\\\/\\\/jornaldasoficinas.com\\\/pt\\\/bosch-ventures-investe-na-plataforma-automovel-4screen\\\/\"},\"author\":{\"name\":\"Reda\u00e7\u00e3o JO\",\"@id\":\"https:\\\/\\\/jornaldasoficinas.com\\\/pt\\\/#\\\/schema\\\/person\\\/a38eef5de2c41d9e7c9ac10141afddf3\"},\"headline\":\"Bosch Ventures investe na plataforma autom\u00f3vel 4screen\",\"datePublished\":\"2025-08-01T17:00:04+00:00\",\"mainEntityOfPage\":{\"@id\":\"https:\\\/\\\/jornaldasoficinas.com\\\/pt\\\/bosch-ventures-investe-na-plataforma-automovel-4screen\\\/\"},\"wordCount\":333,\"publisher\":{\"@id\":\"https:\\\/\\\/jornaldasoficinas.com\\\/pt\\\/#organization\"},\"image\":{\"@id\":\"https:\\\/\\\/jornaldasoficinas.com\\\/pt\\\/bosch-ventures-investe-na-plataforma-automovel-4screen\\\/#primaryimage\"},\"thumbnailUrl\":\"https:\\\/\\\/jornaldasoficinas.com\\\/pt\\\/wp-content\\\/uploads\\\/2025\\\/07\\\/Bosch-Ventures-investe-na-plataforma-automovel-4screen.jpg\",\"keywords\":[\"21 milh\u00f5es de d\u00f3lares\",\"4screen\",\"Bosch Ventures\",\"expans\u00e3o global\",\"Financiamento\",\"Investimento\",\"plataforma autom\u00f3vel\"],\"articleSection\":[\"Empresas\"],\"inLanguage\":\"pt-PT\"},{\"@type\":\"WebPage\",\"@id\":\"https:\\\/\\\/jornaldasoficinas.com\\\/pt\\\/bosch-ventures-investe-na-plataforma-automovel-4screen\\\/\",\"url\":\"https:\\\/\\\/jornaldasoficinas.com\\\/pt\\\/bosch-ventures-investe-na-plataforma-automovel-4screen\\\/\",\"name\":\"Bosch Ventures investe na plataforma autom\u00f3vel 4screen - Jornal das Oficinas\",\"isPartOf\":{\"@id\":\"https:\\\/\\\/jornaldasoficinas.com\\\/pt\\\/#website\"},\"primaryImageOfPage\":{\"@id\":\"https:\\\/\\\/jornaldasoficinas.com\\\/pt\\\/bosch-ventures-investe-na-plataforma-automovel-4screen\\\/#primaryimage\"},\"image\":{\"@id\":\"https:\\\/\\\/jornaldasoficinas.com\\\/pt\\\/bosch-ventures-investe-na-plataforma-automovel-4screen\\\/#primaryimage\"},\"thumbnailUrl\":\"https:\\\/\\\/jornaldasoficinas.com\\\/pt\\\/wp-content\\\/uploads\\\/2025\\\/07\\\/Bosch-Ventures-investe-na-plataforma-automovel-4screen.jpg\",\"datePublished\":\"2025-08-01T17:00:04+00:00\",\"description\":\"A 4screen fechou um financiamento de 21 milh\u00f5es de d\u00f3lares. Com o investimento da Bosch Ventures, prepara-se para expandir globalmente\",\"breadcrumb\":{\"@id\":\"https:\\\/\\\/jornaldasoficinas.com\\\/pt\\\/bosch-ventures-investe-na-plataforma-automovel-4screen\\\/#breadcrumb\"},\"inLanguage\":\"pt-PT\",\"potentialAction\":[{\"@type\":\"ReadAction\",\"target\":[\"https:\\\/\\\/jornaldasoficinas.com\\\/pt\\\/bosch-ventures-investe-na-plataforma-automovel-4screen\\\/\"]}]},{\"@type\":\"ImageObject\",\"inLanguage\":\"pt-PT\",\"@id\":\"https:\\\/\\\/jornaldasoficinas.com\\\/pt\\\/bosch-ventures-investe-na-plataforma-automovel-4screen\\\/#primaryimage\",\"url\":\"https:\\\/\\\/jornaldasoficinas.com\\\/pt\\\/wp-content\\\/uploads\\\/2025\\\/07\\\/Bosch-Ventures-investe-na-plataforma-automovel-4screen.jpg\",\"contentUrl\":\"https:\\\/\\\/jornaldasoficinas.com\\\/pt\\\/wp-content\\\/uploads\\\/2025\\\/07\\\/Bosch-Ventures-investe-na-plataforma-automovel-4screen.jpg\",\"width\":1024,\"height\":581,\"caption\":\"07 - Bosch Ventures investe na plataforma automovel 4screen\"},{\"@type\":\"BreadcrumbList\",\"@id\":\"https:\\\/\\\/jornaldasoficinas.com\\\/pt\\\/bosch-ventures-investe-na-plataforma-automovel-4screen\\\/#breadcrumb\",\"itemListElement\":[{\"@type\":\"ListItem\",\"position\":1,\"name\":\"In\u00edcio\",\"item\":\"https:\\\/\\\/jornaldasoficinas.com\\\/pt\\\/\"},{\"@type\":\"ListItem\",\"position\":2,\"name\":\"Bosch Ventures investe na plataforma autom\u00f3vel 4screen\"}]},{\"@type\":\"WebSite\",\"@id\":\"https:\\\/\\\/jornaldasoficinas.com\\\/pt\\\/#website\",\"url\":\"https:\\\/\\\/jornaldasoficinas.com\\\/pt\\\/\",\"name\":\"Jornal das Oficinas\",\"description\":\"Jornal independente do Aftermarket Autom\u00f3vel em Portugal\",\"publisher\":{\"@id\":\"https:\\\/\\\/jornaldasoficinas.com\\\/pt\\\/#organization\"},\"potentialAction\":[{\"@type\":\"SearchAction\",\"target\":{\"@type\":\"EntryPoint\",\"urlTemplate\":\"https:\\\/\\\/jornaldasoficinas.com\\\/pt\\\/?s={search_term_string}\"},\"query-input\":{\"@type\":\"PropertyValueSpecification\",\"valueRequired\":true,\"valueName\":\"search_term_string\"}}],\"inLanguage\":\"pt-PT\"},{\"@type\":\"Organization\",\"@id\":\"https:\\\/\\\/jornaldasoficinas.com\\\/pt\\\/#organization\",\"name\":\"Jornal das Oficinas\",\"url\":\"https:\\\/\\\/jornaldasoficinas.com\\\/pt\\\/\",\"logo\":{\"@type\":\"ImageObject\",\"inLanguage\":\"pt-PT\",\"@id\":\"https:\\\/\\\/jornaldasoficinas.com\\\/pt\\\/#\\\/schema\\\/logo\\\/image\\\/\",\"url\":\"https:\\\/\\\/jornaldasoficinas.com\\\/pt\\\/wp-content\\\/uploads\\\/logoJO-SEO.png\",\"contentUrl\":\"https:\\\/\\\/jornaldasoficinas.com\\\/pt\\\/wp-content\\\/uploads\\\/logoJO-SEO.png\",\"width\":285,\"height\":450,\"caption\":\"Jornal das Oficinas\"},\"image\":{\"@id\":\"https:\\\/\\\/jornaldasoficinas.com\\\/pt\\\/#\\\/schema\\\/logo\\\/image\\\/\"},\"sameAs\":[\"https:\\\/\\\/www.facebook.com\\\/jornaloficinas\",\"https:\\\/\\\/x.com\\\/jornaloficinas\",\"https:\\\/\\\/www.instagram.com\\\/jornal_oficinas\\\/\",\"https:\\\/\\\/www.linkedin.com\\\/company\\\/jornal-das-oficinas\\\/\",\"https:\\\/\\\/www.youtube.com\\\/channel\\\/UCbQZBqtcvV-oSQrr7RzINGg\"]},{\"@type\":\"Person\",\"@id\":\"https:\\\/\\\/jornaldasoficinas.com\\\/pt\\\/#\\\/schema\\\/person\\\/a38eef5de2c41d9e7c9ac10141afddf3\",\"name\":\"Reda\u00e7\u00e3o JO\",\"image\":{\"@type\":\"ImageObject\",\"inLanguage\":\"pt-PT\",\"@id\":\"https:\\\/\\\/secure.gravatar.com\\\/avatar\\\/71f2fa71737ad68a84fea94bc708ddac8ea5b0c4788dc2ad202f3ccb2887742f?s=96&d=wp_user_avatar&r=g\",\"url\":\"https:\\\/\\\/secure.gravatar.com\\\/avatar\\\/71f2fa71737ad68a84fea94bc708ddac8ea5b0c4788dc2ad202f3ccb2887742f?s=96&d=wp_user_avatar&r=g\",\"contentUrl\":\"https:\\\/\\\/secure.gravatar.com\\\/avatar\\\/71f2fa71737ad68a84fea94bc708ddac8ea5b0c4788dc2ad202f3ccb2887742f?s=96&d=wp_user_avatar&r=g\",\"caption\":\"Reda\u00e7\u00e3o JO\"},\"url\":\"https:\\\/\\\/jornaldasoficinas.com\\\/pt\\\/author\\\/joredacao\\\/\"}]}<\/script>\n<!-- \/ Yoast SEO plugin. -->","yoast_head_json":{"title":"Bosch Ventures investe na plataforma autom\u00f3vel 4screen - Jornal das Oficinas","description":"A 4screen fechou um financiamento de 21 milh\u00f5es de d\u00f3lares. Com o investimento da Bosch Ventures, prepara-se para expandir globalmente","robots":{"index":"index","follow":"follow","max-snippet":"max-snippet:-1","max-image-preview":"max-image-preview:large","max-video-preview":"max-video-preview:-1"},"canonical":"https:\/\/jornaldasoficinas.com\/pt\/bosch-ventures-investe-na-plataforma-automovel-4screen\/","og_locale":"pt_PT","og_type":"article","og_title":"Bosch Ventures investe na plataforma autom\u00f3vel 4screen - Jornal das Oficinas","og_description":"A 4screen fechou um financiamento de 21 milh\u00f5es de d\u00f3lares. Com o investimento da Bosch Ventures, prepara-se para expandir globalmente","og_url":"https:\/\/jornaldasoficinas.com\/pt\/bosch-ventures-investe-na-plataforma-automovel-4screen\/","og_site_name":"Jornal das Oficinas","article_publisher":"https:\/\/www.facebook.com\/jornaloficinas","article_published_time":"2025-08-01T17:00:04+00:00","og_image":[{"width":1024,"height":581,"url":"https:\/\/jornaldasoficinas.com\/pt\/wp-content\/uploads\/2025\/07\/Bosch-Ventures-investe-na-plataforma-automovel-4screen.jpg","type":"image\/jpeg"}],"author":"Reda\u00e7\u00e3o JO","twitter_card":"summary_large_image","twitter_creator":"@jornaloficinas","twitter_site":"@jornaloficinas","twitter_misc":{"Escrito por":"Reda\u00e7\u00e3o JO","Tempo estimado de leitura":"3 minutos"},"schema":{"@context":"https:\/\/schema.org","@graph":[{"@type":"Article","@id":"https:\/\/jornaldasoficinas.com\/pt\/bosch-ventures-investe-na-plataforma-automovel-4screen\/#article","isPartOf":{"@id":"https:\/\/jornaldasoficinas.com\/pt\/bosch-ventures-investe-na-plataforma-automovel-4screen\/"},"author":{"name":"Reda\u00e7\u00e3o JO","@id":"https:\/\/jornaldasoficinas.com\/pt\/#\/schema\/person\/a38eef5de2c41d9e7c9ac10141afddf3"},"headline":"Bosch Ventures investe na plataforma autom\u00f3vel 4screen","datePublished":"2025-08-01T17:00:04+00:00","mainEntityOfPage":{"@id":"https:\/\/jornaldasoficinas.com\/pt\/bosch-ventures-investe-na-plataforma-automovel-4screen\/"},"wordCount":333,"publisher":{"@id":"https:\/\/jornaldasoficinas.com\/pt\/#organization"},"image":{"@id":"https:\/\/jornaldasoficinas.com\/pt\/bosch-ventures-investe-na-plataforma-automovel-4screen\/#primaryimage"},"thumbnailUrl":"https:\/\/jornaldasoficinas.com\/pt\/wp-content\/uploads\/2025\/07\/Bosch-Ventures-investe-na-plataforma-automovel-4screen.jpg","keywords":["21 milh\u00f5es de d\u00f3lares","4screen","Bosch Ventures","expans\u00e3o global","Financiamento","Investimento","plataforma autom\u00f3vel"],"articleSection":["Empresas"],"inLanguage":"pt-PT"},{"@type":"WebPage","@id":"https:\/\/jornaldasoficinas.com\/pt\/bosch-ventures-investe-na-plataforma-automovel-4screen\/","url":"https:\/\/jornaldasoficinas.com\/pt\/bosch-ventures-investe-na-plataforma-automovel-4screen\/","name":"Bosch Ventures investe na plataforma autom\u00f3vel 4screen - Jornal das Oficinas","isPartOf":{"@id":"https:\/\/jornaldasoficinas.com\/pt\/#website"},"primaryImageOfPage":{"@id":"https:\/\/jornaldasoficinas.com\/pt\/bosch-ventures-investe-na-plataforma-automovel-4screen\/#primaryimage"},"image":{"@id":"https:\/\/jornaldasoficinas.com\/pt\/bosch-ventures-investe-na-plataforma-automovel-4screen\/#primaryimage"},"thumbnailUrl":"https:\/\/jornaldasoficinas.com\/pt\/wp-content\/uploads\/2025\/07\/Bosch-Ventures-investe-na-plataforma-automovel-4screen.jpg","datePublished":"2025-08-01T17:00:04+00:00","description":"A 4screen fechou um financiamento de 21 milh\u00f5es de d\u00f3lares. Com o investimento da Bosch Ventures, prepara-se para expandir globalmente","breadcrumb":{"@id":"https:\/\/jornaldasoficinas.com\/pt\/bosch-ventures-investe-na-plataforma-automovel-4screen\/#breadcrumb"},"inLanguage":"pt-PT","potentialAction":[{"@type":"ReadAction","target":["https:\/\/jornaldasoficinas.com\/pt\/bosch-ventures-investe-na-plataforma-automovel-4screen\/"]}]},{"@type":"ImageObject","inLanguage":"pt-PT","@id":"https:\/\/jornaldasoficinas.com\/pt\/bosch-ventures-investe-na-plataforma-automovel-4screen\/#primaryimage","url":"https:\/\/jornaldasoficinas.com\/pt\/wp-content\/uploads\/2025\/07\/Bosch-Ventures-investe-na-plataforma-automovel-4screen.jpg","contentUrl":"https:\/\/jornaldasoficinas.com\/pt\/wp-content\/uploads\/2025\/07\/Bosch-Ventures-investe-na-plataforma-automovel-4screen.jpg","width":1024,"height":581,"caption":"07 - Bosch Ventures investe na plataforma automovel 4screen"},{"@type":"BreadcrumbList","@id":"https:\/\/jornaldasoficinas.com\/pt\/bosch-ventures-investe-na-plataforma-automovel-4screen\/#breadcrumb","itemListElement":[{"@type":"ListItem","position":1,"name":"In\u00edcio","item":"https:\/\/jornaldasoficinas.com\/pt\/"},{"@type":"ListItem","position":2,"name":"Bosch Ventures investe na plataforma autom\u00f3vel 4screen"}]},{"@type":"WebSite","@id":"https:\/\/jornaldasoficinas.com\/pt\/#website","url":"https:\/\/jornaldasoficinas.com\/pt\/","name":"Jornal das Oficinas","description":"Jornal independente do Aftermarket Autom\u00f3vel em Portugal","publisher":{"@id":"https:\/\/jornaldasoficinas.com\/pt\/#organization"},"potentialAction":[{"@type":"SearchAction","target":{"@type":"EntryPoint","urlTemplate":"https:\/\/jornaldasoficinas.com\/pt\/?s={search_term_string}"},"query-input":{"@type":"PropertyValueSpecification","valueRequired":true,"valueName":"search_term_string"}}],"inLanguage":"pt-PT"},{"@type":"Organization","@id":"https:\/\/jornaldasoficinas.com\/pt\/#organization","name":"Jornal das Oficinas","url":"https:\/\/jornaldasoficinas.com\/pt\/","logo":{"@type":"ImageObject","inLanguage":"pt-PT","@id":"https:\/\/jornaldasoficinas.com\/pt\/#\/schema\/logo\/image\/","url":"https:\/\/jornaldasoficinas.com\/pt\/wp-content\/uploads\/logoJO-SEO.png","contentUrl":"https:\/\/jornaldasoficinas.com\/pt\/wp-content\/uploads\/logoJO-SEO.png","width":285,"height":450,"caption":"Jornal das Oficinas"},"image":{"@id":"https:\/\/jornaldasoficinas.com\/pt\/#\/schema\/logo\/image\/"},"sameAs":["https:\/\/www.facebook.com\/jornaloficinas","https:\/\/x.com\/jornaloficinas","https:\/\/www.instagram.com\/jornal_oficinas\/","https:\/\/www.linkedin.com\/company\/jornal-das-oficinas\/","https:\/\/www.youtube.com\/channel\/UCbQZBqtcvV-oSQrr7RzINGg"]},{"@type":"Person","@id":"https:\/\/jornaldasoficinas.com\/pt\/#\/schema\/person\/a38eef5de2c41d9e7c9ac10141afddf3","name":"Reda\u00e7\u00e3o JO","image":{"@type":"ImageObject","inLanguage":"pt-PT","@id":"https:\/\/secure.gravatar.com\/avatar\/71f2fa71737ad68a84fea94bc708ddac8ea5b0c4788dc2ad202f3ccb2887742f?s=96&d=wp_user_avatar&r=g","url":"https:\/\/secure.gravatar.com\/avatar\/71f2fa71737ad68a84fea94bc708ddac8ea5b0c4788dc2ad202f3ccb2887742f?s=96&d=wp_user_avatar&r=g","contentUrl":"https:\/\/secure.gravatar.com\/avatar\/71f2fa71737ad68a84fea94bc708ddac8ea5b0c4788dc2ad202f3ccb2887742f?s=96&d=wp_user_avatar&r=g","caption":"Reda\u00e7\u00e3o JO"},"url":"https:\/\/jornaldasoficinas.com\/pt\/author\/joredacao\/"}]}},"_links":{"self":[{"href":"https:\/\/jornaldasoficinas.com\/pt\/wp-json\/wp\/v2\/posts\/105158","targetHints":{"allow":["GET"]}}],"collection":[{"href":"https:\/\/jornaldasoficinas.com\/pt\/wp-json\/wp\/v2\/posts"}],"about":[{"href":"https:\/\/jornaldasoficinas.com\/pt\/wp-json\/wp\/v2\/types\/post"}],"author":[{"embeddable":true,"href":"https:\/\/jornaldasoficinas.com\/pt\/wp-json\/wp\/v2\/users\/15"}],"replies":[{"embeddable":true,"href":"https:\/\/jornaldasoficinas.com\/pt\/wp-json\/wp\/v2\/comments?post=105158"}],"version-history":[{"count":6,"href":"https:\/\/jornaldasoficinas.com\/pt\/wp-json\/wp\/v2\/posts\/105158\/revisions"}],"predecessor-version":[{"id":105174,"href":"https:\/\/jornaldasoficinas.com\/pt\/wp-json\/wp\/v2\/posts\/105158\/revisions\/105174"}],"wp:featuredmedia":[{"embeddable":true,"href":"https:\/\/jornaldasoficinas.com\/pt\/wp-json\/wp\/v2\/media\/105172"}],"wp:attachment":[{"href":"https:\/\/jornaldasoficinas.com\/pt\/wp-json\/wp\/v2\/media?parent=105158"}],"wp:term":[{"taxonomy":"category","embeddable":true,"href":"https:\/\/jornaldasoficinas.com\/pt\/wp-json\/wp\/v2\/categories?post=105158"},{"taxonomy":"post_tag","embeddable":true,"href":"https:\/\/jornaldasoficinas.com\/pt\/wp-json\/wp\/v2\/tags?post=105158"}],"curies":[{"name":"wp","href":"https:\/\/api.w.org\/{rel}","templated":true}]}}