{"id":105183,"date":"2025-08-05T18:00:43","date_gmt":"2025-08-05T17:00:43","guid":{"rendered":"https:\/\/jornaldasoficinas.com\/pt\/?p=105183"},"modified":"2025-07-31T23:53:40","modified_gmt":"2025-07-31T22:53:40","slug":"globaldata-projeta-crescimento-no-setor-de-assentos-na-apac","status":"publish","type":"post","link":"https:\/\/jornaldasoficinas.com\/pt\/globaldata-projeta-crescimento-no-setor-de-assentos-na-apac\/","title":{"rendered":"GlobalData projeta crescimento no setor de assentos na APAC"},"content":{"rendered":"<p><img loading=\"lazy\" decoding=\"async\" class=\"size-full wp-image-105195\" src=\"https:\/\/jornaldasoficinas.com\/pt\/wp-content\/uploads\/2025\/07\/GlobalData-projeta-crescimento-no-setor-de-assentos-na-APAC.jpg\" alt=\"07 - GlobalData projeta crescimento no setor de assentos na APAC\" width=\"1024\" height=\"581\" srcset=\"https:\/\/jornaldasoficinas.com\/pt\/wp-content\/uploads\/2025\/07\/GlobalData-projeta-crescimento-no-setor-de-assentos-na-APAC.jpg 1024w, https:\/\/jornaldasoficinas.com\/pt\/wp-content\/uploads\/2025\/07\/GlobalData-projeta-crescimento-no-setor-de-assentos-na-APAC-300x170.jpg 300w, https:\/\/jornaldasoficinas.com\/pt\/wp-content\/uploads\/2025\/07\/GlobalData-projeta-crescimento-no-setor-de-assentos-na-APAC-150x85.jpg 150w, https:\/\/jornaldasoficinas.com\/pt\/wp-content\/uploads\/2025\/07\/GlobalData-projeta-crescimento-no-setor-de-assentos-na-APAC-768x436.jpg 768w\" sizes=\"auto, (max-width: 1024px) 100vw, 1024px\" \/><\/p>\n<p><strong>A regi\u00e3o \u00c1sia-Pac\u00edfico (APAC) dever\u00e1 registar um crescimento anual de 1,2% no mercado de assentos autom\u00f3veis entre 2025 e 2030, segundo a<a href=\"https:\/\/www.globaldata.com\/\" target=\"_blank\" rel=\"noopener\"> GlobalData<\/a>. A procura por conforto, seguran\u00e7a e tecnologia est\u00e1 a impulsionar a inova\u00e7\u00e3o no setor<\/strong><\/p>\n<p>O mercado de assentos autom\u00f3veis na regi\u00e3o \u00c1sia-Pac\u00edfico (APAC) atravessa uma fase de transforma\u00e7\u00e3o, impulsionada pela procura crescente por conforto, seguran\u00e7a e tecnologia avan\u00e7ada. De acordo com a empresa de dados e an\u00e1lises GlobalData, o setor dever\u00e1 registar uma taxa de crescimento anual composta de 1,2% entre 2025 e 2030.<\/p>\n<p>O mais recente relat\u00f3rio da GlobalData, intitulado &#8220;<a href=\"https:\/\/www.globaldata.com\/store\/report\/automotive-seating-market-analysis\/?utm_source=cision&amp;utm_medium=press-release&amp;utm_campaign=gd_pr_automotive_seating_market&amp;CampaignValue=701Ti00000PW9l0IAD\">Global Sector Overview &amp; Forecast: Automotive Seating Q2 2025<\/a>&#8220;, prev\u00ea que o volume de assentos autom\u00f3veis na regi\u00e3o aumente de 151,8 milh\u00f5es de unidades em 2025 para 161,2 milh\u00f5es em 2030.<\/p>\n<p>Segundo Madhuchhanda Palit, analista autom\u00f3vel da GlobalData: &#8220;As recentes inova\u00e7\u00f5es em bancos autom\u00f3veis est\u00e3o a remodelar a experi\u00eancia de condu\u00e7\u00e3o em toda a regi\u00e3o da \u00c1sia-Pac\u00edfico. Os fabricantes est\u00e3o a dar prioridade aos designs ergon\u00f3micos que aumentam o conforto e o suporte, atendendo \u00e0s necessidades de uma base de consumidores diversificada&#8221;.<\/p>\n<p>Entre as caracter\u00edsticas que ganham destaque est\u00e3o o apoio lombar ajust\u00e1vel, acolchoamento com espuma de mem\u00f3ria e controlo clim\u00e1tico. Estas inova\u00e7\u00f5es refletem uma maior personaliza\u00e7\u00e3o da experi\u00eancia de condu\u00e7\u00e3o. A integra\u00e7\u00e3o de tecnologias inteligentes, como fun\u00e7\u00f5es de massagem, aquecimento e feedback t\u00e1til, tamb\u00e9m demonstra um compromisso com o bem-estar e seguran\u00e7a dos ocupantes.<\/p>\n<p>A crescente procura por solu\u00e7\u00f5es de assentos avan\u00e7adas deve-se, sobretudo, ao foco dos consumidores em conforto e seguran\u00e7a. O aumento da urbaniza\u00e7\u00e3o e dos rendimentos dispon\u00edveis est\u00e1 a levar os compradores a procurarem ve\u00edculos que ofere\u00e7am mais do que apenas transporte \u2013 querem experi\u00eancias de condu\u00e7\u00e3o melhoradas.<\/p>\n<p>A popularidade crescente de ve\u00edculos de luxo e off-road em mercados como a China e a \u00cdndia tamb\u00e9m est\u00e1 a impulsionar a procura por assentos autom\u00f3veis de maior qualidade. A personaliza\u00e7\u00e3o e o design sob medida ganham peso, \u00e0 medida que os consumidores procuram autom\u00f3veis que reflitam os seus gostos e estilos de vida.<\/p>\n<p>Com o crescimento dos ve\u00edculos el\u00e9tricos (VE), espera-se tamb\u00e9m uma maior necessidade de assentos leves e compactos, otimizando o espa\u00e7o interior. A integra\u00e7\u00e3o de materiais ecol\u00f3gicos e funcionalidades ligadas ao bem-estar ser\u00e3o tend\u00eancias dominantes num mercado cada vez mais consciente do impacto ambiental.<\/p>\n","protected":false},"excerpt":{"rendered":"<p>A regi\u00e3o \u00c1sia-Pac\u00edfico (APAC) dever\u00e1 registar&#8230;<\/p>\n","protected":false},"author":15,"featured_media":105195,"comment_status":"closed","ping_status":"closed","sticky":false,"template":"","format":"standard","meta":{"footnotes":""},"categories":[37],"tags":[13278,13277,6335,2869,13279,7196],"class_list":["post-105183","post","type-post","status-publish","format-standard","has-post-thumbnail","hentry","category-mercado","tag-assentos-automoveis","tag-crescimento-anual","tag-fabricantes","tag-globaldata","tag-regiao-asia-pacifico","tag-relatorio"],"yoast_head":"<!-- This site is optimized with the Yoast SEO plugin v27.4 - https:\/\/yoast.com\/product\/yoast-seo-wordpress\/ -->\n<title>GlobalData projeta crescimento no setor de assentos na APAC - Jornal das Oficinas<\/title>\n<meta name=\"description\" content=\"A regi\u00e3o \u00c1sia-Pac\u00edfico (APAC) dever\u00e1 registar um crescimento anual de 1,2% no mercado de assentos entre 2025 e 2030, segundo a GlobalData\" \/>\n<meta name=\"robots\" content=\"index, follow, max-snippet:-1, max-image-preview:large, max-video-preview:-1\" \/>\n<link rel=\"canonical\" href=\"https:\/\/jornaldasoficinas.com\/pt\/globaldata-projeta-crescimento-no-setor-de-assentos-na-apac\/\" \/>\n<meta property=\"og:locale\" content=\"pt_PT\" \/>\n<meta property=\"og:type\" content=\"article\" \/>\n<meta property=\"og:title\" content=\"GlobalData projeta crescimento no setor de assentos na APAC - Jornal das Oficinas\" \/>\n<meta property=\"og:description\" content=\"A regi\u00e3o \u00c1sia-Pac\u00edfico (APAC) dever\u00e1 registar um crescimento anual de 1,2% no mercado de assentos entre 2025 e 2030, segundo a GlobalData\" \/>\n<meta property=\"og:url\" content=\"https:\/\/jornaldasoficinas.com\/pt\/globaldata-projeta-crescimento-no-setor-de-assentos-na-apac\/\" \/>\n<meta property=\"og:site_name\" content=\"Jornal das Oficinas\" \/>\n<meta property=\"article:publisher\" content=\"https:\/\/www.facebook.com\/jornaloficinas\" \/>\n<meta property=\"article:published_time\" content=\"2025-08-05T17:00:43+00:00\" \/>\n<meta property=\"og:image\" content=\"https:\/\/jornaldasoficinas.com\/pt\/wp-content\/uploads\/2025\/07\/GlobalData-projeta-crescimento-no-setor-de-assentos-na-APAC.jpg\" \/>\n\t<meta property=\"og:image:width\" content=\"1024\" \/>\n\t<meta property=\"og:image:height\" content=\"581\" \/>\n\t<meta property=\"og:image:type\" content=\"image\/jpeg\" \/>\n<meta name=\"author\" content=\"Reda\u00e7\u00e3o JO\" \/>\n<meta name=\"twitter:card\" content=\"summary_large_image\" \/>\n<meta name=\"twitter:creator\" content=\"@jornaloficinas\" \/>\n<meta name=\"twitter:site\" content=\"@jornaloficinas\" \/>\n<meta name=\"twitter:label1\" content=\"Escrito por\" \/>\n\t<meta name=\"twitter:data1\" content=\"Reda\u00e7\u00e3o JO\" \/>\n\t<meta name=\"twitter:label2\" content=\"Tempo estimado de leitura\" \/>\n\t<meta name=\"twitter:data2\" content=\"3 minutos\" \/>\n<script type=\"application\/ld+json\" class=\"yoast-schema-graph\">{\"@context\":\"https:\\\/\\\/schema.org\",\"@graph\":[{\"@type\":\"Article\",\"@id\":\"https:\\\/\\\/jornaldasoficinas.com\\\/pt\\\/globaldata-projeta-crescimento-no-setor-de-assentos-na-apac\\\/#article\",\"isPartOf\":{\"@id\":\"https:\\\/\\\/jornaldasoficinas.com\\\/pt\\\/globaldata-projeta-crescimento-no-setor-de-assentos-na-apac\\\/\"},\"author\":{\"name\":\"Reda\u00e7\u00e3o JO\",\"@id\":\"https:\\\/\\\/jornaldasoficinas.com\\\/pt\\\/#\\\/schema\\\/person\\\/a38eef5de2c41d9e7c9ac10141afddf3\"},\"headline\":\"GlobalData projeta crescimento no setor de assentos na APAC\",\"datePublished\":\"2025-08-05T17:00:43+00:00\",\"mainEntityOfPage\":{\"@id\":\"https:\\\/\\\/jornaldasoficinas.com\\\/pt\\\/globaldata-projeta-crescimento-no-setor-de-assentos-na-apac\\\/\"},\"wordCount\":432,\"publisher\":{\"@id\":\"https:\\\/\\\/jornaldasoficinas.com\\\/pt\\\/#organization\"},\"image\":{\"@id\":\"https:\\\/\\\/jornaldasoficinas.com\\\/pt\\\/globaldata-projeta-crescimento-no-setor-de-assentos-na-apac\\\/#primaryimage\"},\"thumbnailUrl\":\"https:\\\/\\\/jornaldasoficinas.com\\\/pt\\\/wp-content\\\/uploads\\\/2025\\\/07\\\/GlobalData-projeta-crescimento-no-setor-de-assentos-na-APAC.jpg\",\"keywords\":[\"assentos autom\u00f3veis\",\"crescimento anual\",\"Fabricantes\",\"GlobalData\",\"regi\u00e3o \u00c1sia-Pac\u00edfico\",\"Relat\u00f3rio\"],\"articleSection\":[\"Mercado\"],\"inLanguage\":\"pt-PT\"},{\"@type\":\"WebPage\",\"@id\":\"https:\\\/\\\/jornaldasoficinas.com\\\/pt\\\/globaldata-projeta-crescimento-no-setor-de-assentos-na-apac\\\/\",\"url\":\"https:\\\/\\\/jornaldasoficinas.com\\\/pt\\\/globaldata-projeta-crescimento-no-setor-de-assentos-na-apac\\\/\",\"name\":\"GlobalData projeta crescimento no setor de assentos na APAC - Jornal das Oficinas\",\"isPartOf\":{\"@id\":\"https:\\\/\\\/jornaldasoficinas.com\\\/pt\\\/#website\"},\"primaryImageOfPage\":{\"@id\":\"https:\\\/\\\/jornaldasoficinas.com\\\/pt\\\/globaldata-projeta-crescimento-no-setor-de-assentos-na-apac\\\/#primaryimage\"},\"image\":{\"@id\":\"https:\\\/\\\/jornaldasoficinas.com\\\/pt\\\/globaldata-projeta-crescimento-no-setor-de-assentos-na-apac\\\/#primaryimage\"},\"thumbnailUrl\":\"https:\\\/\\\/jornaldasoficinas.com\\\/pt\\\/wp-content\\\/uploads\\\/2025\\\/07\\\/GlobalData-projeta-crescimento-no-setor-de-assentos-na-APAC.jpg\",\"datePublished\":\"2025-08-05T17:00:43+00:00\",\"description\":\"A regi\u00e3o \u00c1sia-Pac\u00edfico (APAC) dever\u00e1 registar um crescimento anual de 1,2% no mercado de assentos entre 2025 e 2030, segundo a GlobalData\",\"breadcrumb\":{\"@id\":\"https:\\\/\\\/jornaldasoficinas.com\\\/pt\\\/globaldata-projeta-crescimento-no-setor-de-assentos-na-apac\\\/#breadcrumb\"},\"inLanguage\":\"pt-PT\",\"potentialAction\":[{\"@type\":\"ReadAction\",\"target\":[\"https:\\\/\\\/jornaldasoficinas.com\\\/pt\\\/globaldata-projeta-crescimento-no-setor-de-assentos-na-apac\\\/\"]}]},{\"@type\":\"ImageObject\",\"inLanguage\":\"pt-PT\",\"@id\":\"https:\\\/\\\/jornaldasoficinas.com\\\/pt\\\/globaldata-projeta-crescimento-no-setor-de-assentos-na-apac\\\/#primaryimage\",\"url\":\"https:\\\/\\\/jornaldasoficinas.com\\\/pt\\\/wp-content\\\/uploads\\\/2025\\\/07\\\/GlobalData-projeta-crescimento-no-setor-de-assentos-na-APAC.jpg\",\"contentUrl\":\"https:\\\/\\\/jornaldasoficinas.com\\\/pt\\\/wp-content\\\/uploads\\\/2025\\\/07\\\/GlobalData-projeta-crescimento-no-setor-de-assentos-na-APAC.jpg\",\"width\":1024,\"height\":581,\"caption\":\"The black interior details of a modern luxury car\"},{\"@type\":\"BreadcrumbList\",\"@id\":\"https:\\\/\\\/jornaldasoficinas.com\\\/pt\\\/globaldata-projeta-crescimento-no-setor-de-assentos-na-apac\\\/#breadcrumb\",\"itemListElement\":[{\"@type\":\"ListItem\",\"position\":1,\"name\":\"In\u00edcio\",\"item\":\"https:\\\/\\\/jornaldasoficinas.com\\\/pt\\\/\"},{\"@type\":\"ListItem\",\"position\":2,\"name\":\"GlobalData projeta crescimento no setor de assentos na APAC\"}]},{\"@type\":\"WebSite\",\"@id\":\"https:\\\/\\\/jornaldasoficinas.com\\\/pt\\\/#website\",\"url\":\"https:\\\/\\\/jornaldasoficinas.com\\\/pt\\\/\",\"name\":\"Jornal das Oficinas\",\"description\":\"Jornal independente do Aftermarket Autom\u00f3vel em Portugal\",\"publisher\":{\"@id\":\"https:\\\/\\\/jornaldasoficinas.com\\\/pt\\\/#organization\"},\"potentialAction\":[{\"@type\":\"SearchAction\",\"target\":{\"@type\":\"EntryPoint\",\"urlTemplate\":\"https:\\\/\\\/jornaldasoficinas.com\\\/pt\\\/?s={search_term_string}\"},\"query-input\":{\"@type\":\"PropertyValueSpecification\",\"valueRequired\":true,\"valueName\":\"search_term_string\"}}],\"inLanguage\":\"pt-PT\"},{\"@type\":\"Organization\",\"@id\":\"https:\\\/\\\/jornaldasoficinas.com\\\/pt\\\/#organization\",\"name\":\"Jornal das Oficinas\",\"url\":\"https:\\\/\\\/jornaldasoficinas.com\\\/pt\\\/\",\"logo\":{\"@type\":\"ImageObject\",\"inLanguage\":\"pt-PT\",\"@id\":\"https:\\\/\\\/jornaldasoficinas.com\\\/pt\\\/#\\\/schema\\\/logo\\\/image\\\/\",\"url\":\"https:\\\/\\\/jornaldasoficinas.com\\\/pt\\\/wp-content\\\/uploads\\\/logoJO-SEO.png\",\"contentUrl\":\"https:\\\/\\\/jornaldasoficinas.com\\\/pt\\\/wp-content\\\/uploads\\\/logoJO-SEO.png\",\"width\":285,\"height\":450,\"caption\":\"Jornal das Oficinas\"},\"image\":{\"@id\":\"https:\\\/\\\/jornaldasoficinas.com\\\/pt\\\/#\\\/schema\\\/logo\\\/image\\\/\"},\"sameAs\":[\"https:\\\/\\\/www.facebook.com\\\/jornaloficinas\",\"https:\\\/\\\/x.com\\\/jornaloficinas\",\"https:\\\/\\\/www.instagram.com\\\/jornal_oficinas\\\/\",\"https:\\\/\\\/www.linkedin.com\\\/company\\\/jornal-das-oficinas\\\/\",\"https:\\\/\\\/www.youtube.com\\\/channel\\\/UCbQZBqtcvV-oSQrr7RzINGg\"]},{\"@type\":\"Person\",\"@id\":\"https:\\\/\\\/jornaldasoficinas.com\\\/pt\\\/#\\\/schema\\\/person\\\/a38eef5de2c41d9e7c9ac10141afddf3\",\"name\":\"Reda\u00e7\u00e3o JO\",\"image\":{\"@type\":\"ImageObject\",\"inLanguage\":\"pt-PT\",\"@id\":\"https:\\\/\\\/secure.gravatar.com\\\/avatar\\\/71f2fa71737ad68a84fea94bc708ddac8ea5b0c4788dc2ad202f3ccb2887742f?s=96&d=wp_user_avatar&r=g\",\"url\":\"https:\\\/\\\/secure.gravatar.com\\\/avatar\\\/71f2fa71737ad68a84fea94bc708ddac8ea5b0c4788dc2ad202f3ccb2887742f?s=96&d=wp_user_avatar&r=g\",\"contentUrl\":\"https:\\\/\\\/secure.gravatar.com\\\/avatar\\\/71f2fa71737ad68a84fea94bc708ddac8ea5b0c4788dc2ad202f3ccb2887742f?s=96&d=wp_user_avatar&r=g\",\"caption\":\"Reda\u00e7\u00e3o JO\"},\"url\":\"https:\\\/\\\/jornaldasoficinas.com\\\/pt\\\/author\\\/joredacao\\\/\"}]}<\/script>\n<!-- \/ Yoast SEO plugin. -->","yoast_head_json":{"title":"GlobalData projeta crescimento no setor de assentos na APAC - Jornal das Oficinas","description":"A regi\u00e3o \u00c1sia-Pac\u00edfico (APAC) dever\u00e1 registar um crescimento anual de 1,2% no mercado de assentos entre 2025 e 2030, segundo a GlobalData","robots":{"index":"index","follow":"follow","max-snippet":"max-snippet:-1","max-image-preview":"max-image-preview:large","max-video-preview":"max-video-preview:-1"},"canonical":"https:\/\/jornaldasoficinas.com\/pt\/globaldata-projeta-crescimento-no-setor-de-assentos-na-apac\/","og_locale":"pt_PT","og_type":"article","og_title":"GlobalData projeta crescimento no setor de assentos na APAC - Jornal das Oficinas","og_description":"A regi\u00e3o \u00c1sia-Pac\u00edfico (APAC) dever\u00e1 registar um crescimento anual de 1,2% no mercado de assentos entre 2025 e 2030, segundo a GlobalData","og_url":"https:\/\/jornaldasoficinas.com\/pt\/globaldata-projeta-crescimento-no-setor-de-assentos-na-apac\/","og_site_name":"Jornal das Oficinas","article_publisher":"https:\/\/www.facebook.com\/jornaloficinas","article_published_time":"2025-08-05T17:00:43+00:00","og_image":[{"width":1024,"height":581,"url":"https:\/\/jornaldasoficinas.com\/pt\/wp-content\/uploads\/2025\/07\/GlobalData-projeta-crescimento-no-setor-de-assentos-na-APAC.jpg","type":"image\/jpeg"}],"author":"Reda\u00e7\u00e3o JO","twitter_card":"summary_large_image","twitter_creator":"@jornaloficinas","twitter_site":"@jornaloficinas","twitter_misc":{"Escrito por":"Reda\u00e7\u00e3o JO","Tempo estimado de leitura":"3 minutos"},"schema":{"@context":"https:\/\/schema.org","@graph":[{"@type":"Article","@id":"https:\/\/jornaldasoficinas.com\/pt\/globaldata-projeta-crescimento-no-setor-de-assentos-na-apac\/#article","isPartOf":{"@id":"https:\/\/jornaldasoficinas.com\/pt\/globaldata-projeta-crescimento-no-setor-de-assentos-na-apac\/"},"author":{"name":"Reda\u00e7\u00e3o JO","@id":"https:\/\/jornaldasoficinas.com\/pt\/#\/schema\/person\/a38eef5de2c41d9e7c9ac10141afddf3"},"headline":"GlobalData projeta crescimento no setor de assentos na APAC","datePublished":"2025-08-05T17:00:43+00:00","mainEntityOfPage":{"@id":"https:\/\/jornaldasoficinas.com\/pt\/globaldata-projeta-crescimento-no-setor-de-assentos-na-apac\/"},"wordCount":432,"publisher":{"@id":"https:\/\/jornaldasoficinas.com\/pt\/#organization"},"image":{"@id":"https:\/\/jornaldasoficinas.com\/pt\/globaldata-projeta-crescimento-no-setor-de-assentos-na-apac\/#primaryimage"},"thumbnailUrl":"https:\/\/jornaldasoficinas.com\/pt\/wp-content\/uploads\/2025\/07\/GlobalData-projeta-crescimento-no-setor-de-assentos-na-APAC.jpg","keywords":["assentos autom\u00f3veis","crescimento anual","Fabricantes","GlobalData","regi\u00e3o \u00c1sia-Pac\u00edfico","Relat\u00f3rio"],"articleSection":["Mercado"],"inLanguage":"pt-PT"},{"@type":"WebPage","@id":"https:\/\/jornaldasoficinas.com\/pt\/globaldata-projeta-crescimento-no-setor-de-assentos-na-apac\/","url":"https:\/\/jornaldasoficinas.com\/pt\/globaldata-projeta-crescimento-no-setor-de-assentos-na-apac\/","name":"GlobalData projeta crescimento no setor de assentos na APAC - Jornal das Oficinas","isPartOf":{"@id":"https:\/\/jornaldasoficinas.com\/pt\/#website"},"primaryImageOfPage":{"@id":"https:\/\/jornaldasoficinas.com\/pt\/globaldata-projeta-crescimento-no-setor-de-assentos-na-apac\/#primaryimage"},"image":{"@id":"https:\/\/jornaldasoficinas.com\/pt\/globaldata-projeta-crescimento-no-setor-de-assentos-na-apac\/#primaryimage"},"thumbnailUrl":"https:\/\/jornaldasoficinas.com\/pt\/wp-content\/uploads\/2025\/07\/GlobalData-projeta-crescimento-no-setor-de-assentos-na-APAC.jpg","datePublished":"2025-08-05T17:00:43+00:00","description":"A regi\u00e3o \u00c1sia-Pac\u00edfico (APAC) dever\u00e1 registar um crescimento anual de 1,2% no mercado de assentos entre 2025 e 2030, segundo a GlobalData","breadcrumb":{"@id":"https:\/\/jornaldasoficinas.com\/pt\/globaldata-projeta-crescimento-no-setor-de-assentos-na-apac\/#breadcrumb"},"inLanguage":"pt-PT","potentialAction":[{"@type":"ReadAction","target":["https:\/\/jornaldasoficinas.com\/pt\/globaldata-projeta-crescimento-no-setor-de-assentos-na-apac\/"]}]},{"@type":"ImageObject","inLanguage":"pt-PT","@id":"https:\/\/jornaldasoficinas.com\/pt\/globaldata-projeta-crescimento-no-setor-de-assentos-na-apac\/#primaryimage","url":"https:\/\/jornaldasoficinas.com\/pt\/wp-content\/uploads\/2025\/07\/GlobalData-projeta-crescimento-no-setor-de-assentos-na-APAC.jpg","contentUrl":"https:\/\/jornaldasoficinas.com\/pt\/wp-content\/uploads\/2025\/07\/GlobalData-projeta-crescimento-no-setor-de-assentos-na-APAC.jpg","width":1024,"height":581,"caption":"The black interior details of a modern luxury car"},{"@type":"BreadcrumbList","@id":"https:\/\/jornaldasoficinas.com\/pt\/globaldata-projeta-crescimento-no-setor-de-assentos-na-apac\/#breadcrumb","itemListElement":[{"@type":"ListItem","position":1,"name":"In\u00edcio","item":"https:\/\/jornaldasoficinas.com\/pt\/"},{"@type":"ListItem","position":2,"name":"GlobalData projeta crescimento no setor de assentos na APAC"}]},{"@type":"WebSite","@id":"https:\/\/jornaldasoficinas.com\/pt\/#website","url":"https:\/\/jornaldasoficinas.com\/pt\/","name":"Jornal das Oficinas","description":"Jornal independente do Aftermarket Autom\u00f3vel em Portugal","publisher":{"@id":"https:\/\/jornaldasoficinas.com\/pt\/#organization"},"potentialAction":[{"@type":"SearchAction","target":{"@type":"EntryPoint","urlTemplate":"https:\/\/jornaldasoficinas.com\/pt\/?s={search_term_string}"},"query-input":{"@type":"PropertyValueSpecification","valueRequired":true,"valueName":"search_term_string"}}],"inLanguage":"pt-PT"},{"@type":"Organization","@id":"https:\/\/jornaldasoficinas.com\/pt\/#organization","name":"Jornal das Oficinas","url":"https:\/\/jornaldasoficinas.com\/pt\/","logo":{"@type":"ImageObject","inLanguage":"pt-PT","@id":"https:\/\/jornaldasoficinas.com\/pt\/#\/schema\/logo\/image\/","url":"https:\/\/jornaldasoficinas.com\/pt\/wp-content\/uploads\/logoJO-SEO.png","contentUrl":"https:\/\/jornaldasoficinas.com\/pt\/wp-content\/uploads\/logoJO-SEO.png","width":285,"height":450,"caption":"Jornal das Oficinas"},"image":{"@id":"https:\/\/jornaldasoficinas.com\/pt\/#\/schema\/logo\/image\/"},"sameAs":["https:\/\/www.facebook.com\/jornaloficinas","https:\/\/x.com\/jornaloficinas","https:\/\/www.instagram.com\/jornal_oficinas\/","https:\/\/www.linkedin.com\/company\/jornal-das-oficinas\/","https:\/\/www.youtube.com\/channel\/UCbQZBqtcvV-oSQrr7RzINGg"]},{"@type":"Person","@id":"https:\/\/jornaldasoficinas.com\/pt\/#\/schema\/person\/a38eef5de2c41d9e7c9ac10141afddf3","name":"Reda\u00e7\u00e3o JO","image":{"@type":"ImageObject","inLanguage":"pt-PT","@id":"https:\/\/secure.gravatar.com\/avatar\/71f2fa71737ad68a84fea94bc708ddac8ea5b0c4788dc2ad202f3ccb2887742f?s=96&d=wp_user_avatar&r=g","url":"https:\/\/secure.gravatar.com\/avatar\/71f2fa71737ad68a84fea94bc708ddac8ea5b0c4788dc2ad202f3ccb2887742f?s=96&d=wp_user_avatar&r=g","contentUrl":"https:\/\/secure.gravatar.com\/avatar\/71f2fa71737ad68a84fea94bc708ddac8ea5b0c4788dc2ad202f3ccb2887742f?s=96&d=wp_user_avatar&r=g","caption":"Reda\u00e7\u00e3o JO"},"url":"https:\/\/jornaldasoficinas.com\/pt\/author\/joredacao\/"}]}},"_links":{"self":[{"href":"https:\/\/jornaldasoficinas.com\/pt\/wp-json\/wp\/v2\/posts\/105183","targetHints":{"allow":["GET"]}}],"collection":[{"href":"https:\/\/jornaldasoficinas.com\/pt\/wp-json\/wp\/v2\/posts"}],"about":[{"href":"https:\/\/jornaldasoficinas.com\/pt\/wp-json\/wp\/v2\/types\/post"}],"author":[{"embeddable":true,"href":"https:\/\/jornaldasoficinas.com\/pt\/wp-json\/wp\/v2\/users\/15"}],"replies":[{"embeddable":true,"href":"https:\/\/jornaldasoficinas.com\/pt\/wp-json\/wp\/v2\/comments?post=105183"}],"version-history":[{"count":4,"href":"https:\/\/jornaldasoficinas.com\/pt\/wp-json\/wp\/v2\/posts\/105183\/revisions"}],"predecessor-version":[{"id":105196,"href":"https:\/\/jornaldasoficinas.com\/pt\/wp-json\/wp\/v2\/posts\/105183\/revisions\/105196"}],"wp:featuredmedia":[{"embeddable":true,"href":"https:\/\/jornaldasoficinas.com\/pt\/wp-json\/wp\/v2\/media\/105195"}],"wp:attachment":[{"href":"https:\/\/jornaldasoficinas.com\/pt\/wp-json\/wp\/v2\/media?parent=105183"}],"wp:term":[{"taxonomy":"category","embeddable":true,"href":"https:\/\/jornaldasoficinas.com\/pt\/wp-json\/wp\/v2\/categories?post=105183"},{"taxonomy":"post_tag","embeddable":true,"href":"https:\/\/jornaldasoficinas.com\/pt\/wp-json\/wp\/v2\/tags?post=105183"}],"curies":[{"name":"wp","href":"https:\/\/api.w.org\/{rel}","templated":true}]}}