{"id":105280,"date":"2025-08-08T08:00:03","date_gmt":"2025-08-08T07:00:03","guid":{"rendered":"https:\/\/jornaldasoficinas.com\/pt\/?p=105280"},"modified":"2025-08-07T12:57:29","modified_gmt":"2025-08-07T11:57:29","slug":"valeo-equipa-fabricante-chines-com-head-up-display-panoramico","status":"publish","type":"post","link":"https:\/\/jornaldasoficinas.com\/pt\/valeo-equipa-fabricante-chines-com-head-up-display-panoramico\/","title":{"rendered":"Valeo equipa fabricante chin\u00eas com Head-Up Display panor\u00e2mico"},"content":{"rendered":"<p><strong><img loading=\"lazy\" decoding=\"async\" class=\"alignnone size-full wp-image-105290\" src=\"https:\/\/jornaldasoficinas.com\/pt\/wp-content\/uploads\/2025\/08\/Valeo-equipa-fabricante-chines-com-Head-Up-Display-panoramico.png\" alt=\"08 - Valeo equipa fabricante chines com Head Up Display panoramico\" width=\"1024\" height=\"581\" srcset=\"https:\/\/jornaldasoficinas.com\/pt\/wp-content\/uploads\/2025\/08\/Valeo-equipa-fabricante-chines-com-Head-Up-Display-panoramico.png 1024w, https:\/\/jornaldasoficinas.com\/pt\/wp-content\/uploads\/2025\/08\/Valeo-equipa-fabricante-chines-com-Head-Up-Display-panoramico-300x170.png 300w, https:\/\/jornaldasoficinas.com\/pt\/wp-content\/uploads\/2025\/08\/Valeo-equipa-fabricante-chines-com-Head-Up-Display-panoramico-150x85.png 150w, https:\/\/jornaldasoficinas.com\/pt\/wp-content\/uploads\/2025\/08\/Valeo-equipa-fabricante-chines-com-Head-Up-Display-panoramico-768x436.png 768w\" sizes=\"auto, (max-width: 1024px) 100vw, 1024px\" \/><\/strong><\/p>\n<p><strong>A <a href=\"https:\/\/www.valeoservice.pt\/\" target=\"_blank\" rel=\"noopener\">Valeo<\/a> foi selecionada por um grande fabricante chin\u00eas para equipar futuros modelos com o seu novo Head-Up Display panor\u00e2mico. O sistema, que transforma o para-brisa num ecr\u00e3 interativo, eleva a seguran\u00e7a, conforto e experi\u00eancia imersiva a bordo<\/strong><\/p>\n<p>Este sistema de proje\u00e7\u00e3o de ponta, que vai de coluna a coluna, exibe informa\u00e7\u00f5es essenciais como velocidade, navega\u00e7\u00e3o e alertas diretamente na linha de vis\u00e3o do condutor. Atrav\u00e9s de imagens virtuais flutuantes, o sistema melhora a consci\u00eancia situacional ao reduzir distra\u00e7\u00f5es, proporcionando maior seguran\u00e7a e conforto na condu\u00e7\u00e3o.<\/p>\n<p>O display utiliza um tratamento refletivo na parte inferior do para-brisa, com imagens projetadas a partir de m\u00f3dulos discretos integrados no painel de instrumentos. O design minimalista do cockpit \u00e9 mantido gra\u00e7as \u00e0 integra\u00e7\u00e3o elegante da tecnologia, que tamb\u00e9m oferece \u00f3tima visibilidade para condutor e passageiros, cumprindo todas as normas de campo de vis\u00e3o e para-brisa.<\/p>\n<p>Marc Vrecko, CEO da Divis\u00e3o Brain da Valeo, afirmou: &#8220;Estamos entusiasmados com esta parceria com uma fabricante chinesa l\u00edder para levar o nosso inovador Head-Up Display panor\u00e2mico para as ruas. Este novo sistema representa um avan\u00e7o significativo na tecnologia de displays e refor\u00e7a o compromisso da Valeo em fornecer solu\u00e7\u00f5es inovadoras e centradas no ser humano para aprimorar a seguran\u00e7a e o conforto ao dirigir&#8221;.<\/p>\n<p>Al\u00e9m da seguran\u00e7a, o sistema permite experi\u00eancias imersivas para todos os ocupantes. Gra\u00e7as \u00e0 luz de fundo com escurecimento local, otimiza o consumo de energia e melhora o contraste. Este projeto exemplifica a capacidade da Valeo de acelerar o ciclo entre desenvolvimento e aplica\u00e7\u00e3o, com um demonstrador funcional criado em apenas seis meses.<\/p>\n<p>O in\u00edcio da produ\u00e7\u00e3o est\u00e1 previsto para 2026.<\/p>\n","protected":false},"excerpt":{"rendered":"<p>A Valeo foi selecionada por um&#8230;<\/p>\n","protected":false},"author":15,"featured_media":105290,"comment_status":"closed","ping_status":"closed","sticky":false,"template":"","format":"standard","meta":{"footnotes":""},"categories":[29],"tags":[13300,13146,13302,13301,917],"class_list":["post-105280","post","type-post","status-publish","format-standard","has-post-thumbnail","hentry","category-empresas","tag-ecra-interativo","tag-fabricante-chines","tag-head-up-display-panoramico","tag-previsto-para-2026","tag-valeo"],"yoast_head":"<!-- This site is optimized with the Yoast SEO plugin v27.4 - https:\/\/yoast.com\/product\/yoast-seo-wordpress\/ -->\n<title>Valeo equipa fabricante chin\u00eas com Head-Up Display panor\u00e2mico - Jornal das Oficinas<\/title>\n<meta name=\"description\" content=\"A Valeo foi selecionada por um grande fabricante chin\u00eas para equipar futuros modelos com o seu novo Head-Up Display panor\u00e2mico\" \/>\n<meta name=\"robots\" content=\"index, follow, max-snippet:-1, max-image-preview:large, max-video-preview:-1\" \/>\n<link rel=\"canonical\" href=\"https:\/\/jornaldasoficinas.com\/pt\/valeo-equipa-fabricante-chines-com-head-up-display-panoramico\/\" \/>\n<meta property=\"og:locale\" content=\"pt_PT\" \/>\n<meta property=\"og:type\" content=\"article\" \/>\n<meta property=\"og:title\" content=\"Valeo equipa fabricante chin\u00eas com Head-Up Display panor\u00e2mico - Jornal das Oficinas\" \/>\n<meta property=\"og:description\" content=\"A Valeo foi selecionada por um grande fabricante chin\u00eas para equipar futuros modelos com o seu novo Head-Up Display panor\u00e2mico\" \/>\n<meta property=\"og:url\" content=\"https:\/\/jornaldasoficinas.com\/pt\/valeo-equipa-fabricante-chines-com-head-up-display-panoramico\/\" \/>\n<meta property=\"og:site_name\" content=\"Jornal das Oficinas\" \/>\n<meta property=\"article:publisher\" content=\"https:\/\/www.facebook.com\/jornaloficinas\" \/>\n<meta property=\"article:published_time\" content=\"2025-08-08T07:00:03+00:00\" \/>\n<meta property=\"og:image\" content=\"https:\/\/jornaldasoficinas.com\/pt\/wp-content\/uploads\/2025\/08\/Valeo-equipa-fabricante-chines-com-Head-Up-Display-panoramico.png\" \/>\n\t<meta property=\"og:image:width\" content=\"1024\" \/>\n\t<meta property=\"og:image:height\" content=\"581\" \/>\n\t<meta property=\"og:image:type\" content=\"image\/png\" \/>\n<meta name=\"author\" content=\"Reda\u00e7\u00e3o JO\" \/>\n<meta name=\"twitter:card\" content=\"summary_large_image\" \/>\n<meta name=\"twitter:creator\" content=\"@jornaloficinas\" \/>\n<meta name=\"twitter:site\" content=\"@jornaloficinas\" \/>\n<meta name=\"twitter:label1\" content=\"Escrito por\" \/>\n\t<meta name=\"twitter:data1\" content=\"Reda\u00e7\u00e3o JO\" \/>\n\t<meta name=\"twitter:label2\" content=\"Tempo estimado de leitura\" \/>\n\t<meta name=\"twitter:data2\" content=\"2 minutos\" \/>\n<script type=\"application\/ld+json\" class=\"yoast-schema-graph\">{\"@context\":\"https:\\\/\\\/schema.org\",\"@graph\":[{\"@type\":\"Article\",\"@id\":\"https:\\\/\\\/jornaldasoficinas.com\\\/pt\\\/valeo-equipa-fabricante-chines-com-head-up-display-panoramico\\\/#article\",\"isPartOf\":{\"@id\":\"https:\\\/\\\/jornaldasoficinas.com\\\/pt\\\/valeo-equipa-fabricante-chines-com-head-up-display-panoramico\\\/\"},\"author\":{\"name\":\"Reda\u00e7\u00e3o JO\",\"@id\":\"https:\\\/\\\/jornaldasoficinas.com\\\/pt\\\/#\\\/schema\\\/person\\\/a38eef5de2c41d9e7c9ac10141afddf3\"},\"headline\":\"Valeo equipa fabricante chin\u00eas com Head-Up Display panor\u00e2mico\",\"datePublished\":\"2025-08-08T07:00:03+00:00\",\"mainEntityOfPage\":{\"@id\":\"https:\\\/\\\/jornaldasoficinas.com\\\/pt\\\/valeo-equipa-fabricante-chines-com-head-up-display-panoramico\\\/\"},\"wordCount\":306,\"publisher\":{\"@id\":\"https:\\\/\\\/jornaldasoficinas.com\\\/pt\\\/#organization\"},\"image\":{\"@id\":\"https:\\\/\\\/jornaldasoficinas.com\\\/pt\\\/valeo-equipa-fabricante-chines-com-head-up-display-panoramico\\\/#primaryimage\"},\"thumbnailUrl\":\"https:\\\/\\\/jornaldasoficinas.com\\\/pt\\\/wp-content\\\/uploads\\\/2025\\\/08\\\/Valeo-equipa-fabricante-chines-com-Head-Up-Display-panoramico.png\",\"keywords\":[\"ecr\u00e3 interativo\",\"fabricante chin\u00eas\",\"Head-Up Display panor\u00e2mico\",\"previsto para 2026\",\"Valeo\"],\"articleSection\":[\"Empresas\"],\"inLanguage\":\"pt-PT\"},{\"@type\":\"WebPage\",\"@id\":\"https:\\\/\\\/jornaldasoficinas.com\\\/pt\\\/valeo-equipa-fabricante-chines-com-head-up-display-panoramico\\\/\",\"url\":\"https:\\\/\\\/jornaldasoficinas.com\\\/pt\\\/valeo-equipa-fabricante-chines-com-head-up-display-panoramico\\\/\",\"name\":\"Valeo equipa fabricante chin\u00eas com Head-Up Display panor\u00e2mico - Jornal das Oficinas\",\"isPartOf\":{\"@id\":\"https:\\\/\\\/jornaldasoficinas.com\\\/pt\\\/#website\"},\"primaryImageOfPage\":{\"@id\":\"https:\\\/\\\/jornaldasoficinas.com\\\/pt\\\/valeo-equipa-fabricante-chines-com-head-up-display-panoramico\\\/#primaryimage\"},\"image\":{\"@id\":\"https:\\\/\\\/jornaldasoficinas.com\\\/pt\\\/valeo-equipa-fabricante-chines-com-head-up-display-panoramico\\\/#primaryimage\"},\"thumbnailUrl\":\"https:\\\/\\\/jornaldasoficinas.com\\\/pt\\\/wp-content\\\/uploads\\\/2025\\\/08\\\/Valeo-equipa-fabricante-chines-com-Head-Up-Display-panoramico.png\",\"datePublished\":\"2025-08-08T07:00:03+00:00\",\"description\":\"A Valeo foi selecionada por um grande fabricante chin\u00eas para equipar futuros modelos com o seu novo Head-Up Display panor\u00e2mico\",\"breadcrumb\":{\"@id\":\"https:\\\/\\\/jornaldasoficinas.com\\\/pt\\\/valeo-equipa-fabricante-chines-com-head-up-display-panoramico\\\/#breadcrumb\"},\"inLanguage\":\"pt-PT\",\"potentialAction\":[{\"@type\":\"ReadAction\",\"target\":[\"https:\\\/\\\/jornaldasoficinas.com\\\/pt\\\/valeo-equipa-fabricante-chines-com-head-up-display-panoramico\\\/\"]}]},{\"@type\":\"ImageObject\",\"inLanguage\":\"pt-PT\",\"@id\":\"https:\\\/\\\/jornaldasoficinas.com\\\/pt\\\/valeo-equipa-fabricante-chines-com-head-up-display-panoramico\\\/#primaryimage\",\"url\":\"https:\\\/\\\/jornaldasoficinas.com\\\/pt\\\/wp-content\\\/uploads\\\/2025\\\/08\\\/Valeo-equipa-fabricante-chines-com-Head-Up-Display-panoramico.png\",\"contentUrl\":\"https:\\\/\\\/jornaldasoficinas.com\\\/pt\\\/wp-content\\\/uploads\\\/2025\\\/08\\\/Valeo-equipa-fabricante-chines-com-Head-Up-Display-panoramico.png\",\"width\":1024,\"height\":581,\"caption\":\"08 - Valeo equipa fabricante chines com Head Up Display panoramico\"},{\"@type\":\"BreadcrumbList\",\"@id\":\"https:\\\/\\\/jornaldasoficinas.com\\\/pt\\\/valeo-equipa-fabricante-chines-com-head-up-display-panoramico\\\/#breadcrumb\",\"itemListElement\":[{\"@type\":\"ListItem\",\"position\":1,\"name\":\"In\u00edcio\",\"item\":\"https:\\\/\\\/jornaldasoficinas.com\\\/pt\\\/\"},{\"@type\":\"ListItem\",\"position\":2,\"name\":\"Valeo equipa fabricante chin\u00eas com Head-Up Display panor\u00e2mico\"}]},{\"@type\":\"WebSite\",\"@id\":\"https:\\\/\\\/jornaldasoficinas.com\\\/pt\\\/#website\",\"url\":\"https:\\\/\\\/jornaldasoficinas.com\\\/pt\\\/\",\"name\":\"Jornal das Oficinas\",\"description\":\"Jornal independente do Aftermarket Autom\u00f3vel em Portugal\",\"publisher\":{\"@id\":\"https:\\\/\\\/jornaldasoficinas.com\\\/pt\\\/#organization\"},\"potentialAction\":[{\"@type\":\"SearchAction\",\"target\":{\"@type\":\"EntryPoint\",\"urlTemplate\":\"https:\\\/\\\/jornaldasoficinas.com\\\/pt\\\/?s={search_term_string}\"},\"query-input\":{\"@type\":\"PropertyValueSpecification\",\"valueRequired\":true,\"valueName\":\"search_term_string\"}}],\"inLanguage\":\"pt-PT\"},{\"@type\":\"Organization\",\"@id\":\"https:\\\/\\\/jornaldasoficinas.com\\\/pt\\\/#organization\",\"name\":\"Jornal das Oficinas\",\"url\":\"https:\\\/\\\/jornaldasoficinas.com\\\/pt\\\/\",\"logo\":{\"@type\":\"ImageObject\",\"inLanguage\":\"pt-PT\",\"@id\":\"https:\\\/\\\/jornaldasoficinas.com\\\/pt\\\/#\\\/schema\\\/logo\\\/image\\\/\",\"url\":\"https:\\\/\\\/jornaldasoficinas.com\\\/pt\\\/wp-content\\\/uploads\\\/logoJO-SEO.png\",\"contentUrl\":\"https:\\\/\\\/jornaldasoficinas.com\\\/pt\\\/wp-content\\\/uploads\\\/logoJO-SEO.png\",\"width\":285,\"height\":450,\"caption\":\"Jornal das Oficinas\"},\"image\":{\"@id\":\"https:\\\/\\\/jornaldasoficinas.com\\\/pt\\\/#\\\/schema\\\/logo\\\/image\\\/\"},\"sameAs\":[\"https:\\\/\\\/www.facebook.com\\\/jornaloficinas\",\"https:\\\/\\\/x.com\\\/jornaloficinas\",\"https:\\\/\\\/www.instagram.com\\\/jornal_oficinas\\\/\",\"https:\\\/\\\/www.linkedin.com\\\/company\\\/jornal-das-oficinas\\\/\",\"https:\\\/\\\/www.youtube.com\\\/channel\\\/UCbQZBqtcvV-oSQrr7RzINGg\"]},{\"@type\":\"Person\",\"@id\":\"https:\\\/\\\/jornaldasoficinas.com\\\/pt\\\/#\\\/schema\\\/person\\\/a38eef5de2c41d9e7c9ac10141afddf3\",\"name\":\"Reda\u00e7\u00e3o JO\",\"image\":{\"@type\":\"ImageObject\",\"inLanguage\":\"pt-PT\",\"@id\":\"https:\\\/\\\/secure.gravatar.com\\\/avatar\\\/71f2fa71737ad68a84fea94bc708ddac8ea5b0c4788dc2ad202f3ccb2887742f?s=96&d=wp_user_avatar&r=g\",\"url\":\"https:\\\/\\\/secure.gravatar.com\\\/avatar\\\/71f2fa71737ad68a84fea94bc708ddac8ea5b0c4788dc2ad202f3ccb2887742f?s=96&d=wp_user_avatar&r=g\",\"contentUrl\":\"https:\\\/\\\/secure.gravatar.com\\\/avatar\\\/71f2fa71737ad68a84fea94bc708ddac8ea5b0c4788dc2ad202f3ccb2887742f?s=96&d=wp_user_avatar&r=g\",\"caption\":\"Reda\u00e7\u00e3o JO\"},\"url\":\"https:\\\/\\\/jornaldasoficinas.com\\\/pt\\\/author\\\/joredacao\\\/\"}]}<\/script>\n<!-- \/ Yoast SEO plugin. -->","yoast_head_json":{"title":"Valeo equipa fabricante chin\u00eas com Head-Up Display panor\u00e2mico - Jornal das Oficinas","description":"A Valeo foi selecionada por um grande fabricante chin\u00eas para equipar futuros modelos com o seu novo Head-Up Display panor\u00e2mico","robots":{"index":"index","follow":"follow","max-snippet":"max-snippet:-1","max-image-preview":"max-image-preview:large","max-video-preview":"max-video-preview:-1"},"canonical":"https:\/\/jornaldasoficinas.com\/pt\/valeo-equipa-fabricante-chines-com-head-up-display-panoramico\/","og_locale":"pt_PT","og_type":"article","og_title":"Valeo equipa fabricante chin\u00eas com Head-Up Display panor\u00e2mico - Jornal das Oficinas","og_description":"A Valeo foi selecionada por um grande fabricante chin\u00eas para equipar futuros modelos com o seu novo Head-Up Display panor\u00e2mico","og_url":"https:\/\/jornaldasoficinas.com\/pt\/valeo-equipa-fabricante-chines-com-head-up-display-panoramico\/","og_site_name":"Jornal das Oficinas","article_publisher":"https:\/\/www.facebook.com\/jornaloficinas","article_published_time":"2025-08-08T07:00:03+00:00","og_image":[{"width":1024,"height":581,"url":"https:\/\/jornaldasoficinas.com\/pt\/wp-content\/uploads\/2025\/08\/Valeo-equipa-fabricante-chines-com-Head-Up-Display-panoramico.png","type":"image\/png"}],"author":"Reda\u00e7\u00e3o JO","twitter_card":"summary_large_image","twitter_creator":"@jornaloficinas","twitter_site":"@jornaloficinas","twitter_misc":{"Escrito por":"Reda\u00e7\u00e3o JO","Tempo estimado de leitura":"2 minutos"},"schema":{"@context":"https:\/\/schema.org","@graph":[{"@type":"Article","@id":"https:\/\/jornaldasoficinas.com\/pt\/valeo-equipa-fabricante-chines-com-head-up-display-panoramico\/#article","isPartOf":{"@id":"https:\/\/jornaldasoficinas.com\/pt\/valeo-equipa-fabricante-chines-com-head-up-display-panoramico\/"},"author":{"name":"Reda\u00e7\u00e3o JO","@id":"https:\/\/jornaldasoficinas.com\/pt\/#\/schema\/person\/a38eef5de2c41d9e7c9ac10141afddf3"},"headline":"Valeo equipa fabricante chin\u00eas com Head-Up Display panor\u00e2mico","datePublished":"2025-08-08T07:00:03+00:00","mainEntityOfPage":{"@id":"https:\/\/jornaldasoficinas.com\/pt\/valeo-equipa-fabricante-chines-com-head-up-display-panoramico\/"},"wordCount":306,"publisher":{"@id":"https:\/\/jornaldasoficinas.com\/pt\/#organization"},"image":{"@id":"https:\/\/jornaldasoficinas.com\/pt\/valeo-equipa-fabricante-chines-com-head-up-display-panoramico\/#primaryimage"},"thumbnailUrl":"https:\/\/jornaldasoficinas.com\/pt\/wp-content\/uploads\/2025\/08\/Valeo-equipa-fabricante-chines-com-Head-Up-Display-panoramico.png","keywords":["ecr\u00e3 interativo","fabricante chin\u00eas","Head-Up Display panor\u00e2mico","previsto para 2026","Valeo"],"articleSection":["Empresas"],"inLanguage":"pt-PT"},{"@type":"WebPage","@id":"https:\/\/jornaldasoficinas.com\/pt\/valeo-equipa-fabricante-chines-com-head-up-display-panoramico\/","url":"https:\/\/jornaldasoficinas.com\/pt\/valeo-equipa-fabricante-chines-com-head-up-display-panoramico\/","name":"Valeo equipa fabricante chin\u00eas com Head-Up Display panor\u00e2mico - Jornal das Oficinas","isPartOf":{"@id":"https:\/\/jornaldasoficinas.com\/pt\/#website"},"primaryImageOfPage":{"@id":"https:\/\/jornaldasoficinas.com\/pt\/valeo-equipa-fabricante-chines-com-head-up-display-panoramico\/#primaryimage"},"image":{"@id":"https:\/\/jornaldasoficinas.com\/pt\/valeo-equipa-fabricante-chines-com-head-up-display-panoramico\/#primaryimage"},"thumbnailUrl":"https:\/\/jornaldasoficinas.com\/pt\/wp-content\/uploads\/2025\/08\/Valeo-equipa-fabricante-chines-com-Head-Up-Display-panoramico.png","datePublished":"2025-08-08T07:00:03+00:00","description":"A Valeo foi selecionada por um grande fabricante chin\u00eas para equipar futuros modelos com o seu novo Head-Up Display panor\u00e2mico","breadcrumb":{"@id":"https:\/\/jornaldasoficinas.com\/pt\/valeo-equipa-fabricante-chines-com-head-up-display-panoramico\/#breadcrumb"},"inLanguage":"pt-PT","potentialAction":[{"@type":"ReadAction","target":["https:\/\/jornaldasoficinas.com\/pt\/valeo-equipa-fabricante-chines-com-head-up-display-panoramico\/"]}]},{"@type":"ImageObject","inLanguage":"pt-PT","@id":"https:\/\/jornaldasoficinas.com\/pt\/valeo-equipa-fabricante-chines-com-head-up-display-panoramico\/#primaryimage","url":"https:\/\/jornaldasoficinas.com\/pt\/wp-content\/uploads\/2025\/08\/Valeo-equipa-fabricante-chines-com-Head-Up-Display-panoramico.png","contentUrl":"https:\/\/jornaldasoficinas.com\/pt\/wp-content\/uploads\/2025\/08\/Valeo-equipa-fabricante-chines-com-Head-Up-Display-panoramico.png","width":1024,"height":581,"caption":"08 - Valeo equipa fabricante chines com Head Up Display panoramico"},{"@type":"BreadcrumbList","@id":"https:\/\/jornaldasoficinas.com\/pt\/valeo-equipa-fabricante-chines-com-head-up-display-panoramico\/#breadcrumb","itemListElement":[{"@type":"ListItem","position":1,"name":"In\u00edcio","item":"https:\/\/jornaldasoficinas.com\/pt\/"},{"@type":"ListItem","position":2,"name":"Valeo equipa fabricante chin\u00eas com Head-Up Display panor\u00e2mico"}]},{"@type":"WebSite","@id":"https:\/\/jornaldasoficinas.com\/pt\/#website","url":"https:\/\/jornaldasoficinas.com\/pt\/","name":"Jornal das Oficinas","description":"Jornal independente do Aftermarket Autom\u00f3vel em Portugal","publisher":{"@id":"https:\/\/jornaldasoficinas.com\/pt\/#organization"},"potentialAction":[{"@type":"SearchAction","target":{"@type":"EntryPoint","urlTemplate":"https:\/\/jornaldasoficinas.com\/pt\/?s={search_term_string}"},"query-input":{"@type":"PropertyValueSpecification","valueRequired":true,"valueName":"search_term_string"}}],"inLanguage":"pt-PT"},{"@type":"Organization","@id":"https:\/\/jornaldasoficinas.com\/pt\/#organization","name":"Jornal das Oficinas","url":"https:\/\/jornaldasoficinas.com\/pt\/","logo":{"@type":"ImageObject","inLanguage":"pt-PT","@id":"https:\/\/jornaldasoficinas.com\/pt\/#\/schema\/logo\/image\/","url":"https:\/\/jornaldasoficinas.com\/pt\/wp-content\/uploads\/logoJO-SEO.png","contentUrl":"https:\/\/jornaldasoficinas.com\/pt\/wp-content\/uploads\/logoJO-SEO.png","width":285,"height":450,"caption":"Jornal das Oficinas"},"image":{"@id":"https:\/\/jornaldasoficinas.com\/pt\/#\/schema\/logo\/image\/"},"sameAs":["https:\/\/www.facebook.com\/jornaloficinas","https:\/\/x.com\/jornaloficinas","https:\/\/www.instagram.com\/jornal_oficinas\/","https:\/\/www.linkedin.com\/company\/jornal-das-oficinas\/","https:\/\/www.youtube.com\/channel\/UCbQZBqtcvV-oSQrr7RzINGg"]},{"@type":"Person","@id":"https:\/\/jornaldasoficinas.com\/pt\/#\/schema\/person\/a38eef5de2c41d9e7c9ac10141afddf3","name":"Reda\u00e7\u00e3o JO","image":{"@type":"ImageObject","inLanguage":"pt-PT","@id":"https:\/\/secure.gravatar.com\/avatar\/71f2fa71737ad68a84fea94bc708ddac8ea5b0c4788dc2ad202f3ccb2887742f?s=96&d=wp_user_avatar&r=g","url":"https:\/\/secure.gravatar.com\/avatar\/71f2fa71737ad68a84fea94bc708ddac8ea5b0c4788dc2ad202f3ccb2887742f?s=96&d=wp_user_avatar&r=g","contentUrl":"https:\/\/secure.gravatar.com\/avatar\/71f2fa71737ad68a84fea94bc708ddac8ea5b0c4788dc2ad202f3ccb2887742f?s=96&d=wp_user_avatar&r=g","caption":"Reda\u00e7\u00e3o JO"},"url":"https:\/\/jornaldasoficinas.com\/pt\/author\/joredacao\/"}]}},"_links":{"self":[{"href":"https:\/\/jornaldasoficinas.com\/pt\/wp-json\/wp\/v2\/posts\/105280","targetHints":{"allow":["GET"]}}],"collection":[{"href":"https:\/\/jornaldasoficinas.com\/pt\/wp-json\/wp\/v2\/posts"}],"about":[{"href":"https:\/\/jornaldasoficinas.com\/pt\/wp-json\/wp\/v2\/types\/post"}],"author":[{"embeddable":true,"href":"https:\/\/jornaldasoficinas.com\/pt\/wp-json\/wp\/v2\/users\/15"}],"replies":[{"embeddable":true,"href":"https:\/\/jornaldasoficinas.com\/pt\/wp-json\/wp\/v2\/comments?post=105280"}],"version-history":[{"count":5,"href":"https:\/\/jornaldasoficinas.com\/pt\/wp-json\/wp\/v2\/posts\/105280\/revisions"}],"predecessor-version":[{"id":105291,"href":"https:\/\/jornaldasoficinas.com\/pt\/wp-json\/wp\/v2\/posts\/105280\/revisions\/105291"}],"wp:featuredmedia":[{"embeddable":true,"href":"https:\/\/jornaldasoficinas.com\/pt\/wp-json\/wp\/v2\/media\/105290"}],"wp:attachment":[{"href":"https:\/\/jornaldasoficinas.com\/pt\/wp-json\/wp\/v2\/media?parent=105280"}],"wp:term":[{"taxonomy":"category","embeddable":true,"href":"https:\/\/jornaldasoficinas.com\/pt\/wp-json\/wp\/v2\/categories?post=105280"},{"taxonomy":"post_tag","embeddable":true,"href":"https:\/\/jornaldasoficinas.com\/pt\/wp-json\/wp\/v2\/tags?post=105280"}],"curies":[{"name":"wp","href":"https:\/\/api.w.org\/{rel}","templated":true}]}}