{"id":105414,"date":"2025-08-12T12:30:35","date_gmt":"2025-08-12T11:30:35","guid":{"rendered":"https:\/\/jornaldasoficinas.com\/pt\/?p=105414"},"modified":"2025-08-12T09:51:02","modified_gmt":"2025-08-12T08:51:02","slug":"tata-motors-adquire-grupo-iveco-por-38-mil-milhoes","status":"publish","type":"post","link":"https:\/\/jornaldasoficinas.com\/pt\/tata-motors-adquire-grupo-iveco-por-38-mil-milhoes\/","title":{"rendered":"Tata Motors adquire Grupo Iveco por 3,8 mil milh\u00f5es"},"content":{"rendered":"<p><img loading=\"lazy\" decoding=\"async\" class=\"alignnone size-full wp-image-105299\" src=\"https:\/\/jornaldasoficinas.com\/pt\/wp-content\/uploads\/2025\/08\/IVECO.jpg\" alt=\"\" width=\"1024\" height=\"581\" srcset=\"https:\/\/jornaldasoficinas.com\/pt\/wp-content\/uploads\/2025\/08\/IVECO.jpg 1024w, https:\/\/jornaldasoficinas.com\/pt\/wp-content\/uploads\/2025\/08\/IVECO-300x170.jpg 300w, https:\/\/jornaldasoficinas.com\/pt\/wp-content\/uploads\/2025\/08\/IVECO-150x85.jpg 150w, https:\/\/jornaldasoficinas.com\/pt\/wp-content\/uploads\/2025\/08\/IVECO-768x436.jpg 768w\" sizes=\"auto, (max-width: 1024px) 100vw, 1024px\" \/><\/p>\n<p><strong>O grupo italiano <a href=\"https:\/\/www.ivecogroup.com\/\" target=\"_blank\" rel=\"noopener\">Iveco<\/a>, refer\u00eancia na produ\u00e7\u00e3o de cami\u00f5es, vai ser comprado pela indiana <a href=\"https:\/\/www.tatamotors.com\/\" target=\"_blank\" rel=\"noopener\">Tata Motors<\/a> por 3,8 mil milh\u00f5es de euros, numa opera\u00e7\u00e3o que dever\u00e1 concluir-se no segundo trimestre de 2026<\/strong><\/p>\n<p>Num comunicado, a Iveco destacou o car\u00e1ter estrat\u00e9gico desta uni\u00e3o, sublinhando que &#8220;a combina\u00e7\u00e3o re\u00fane capacidades complementares, alcance global e uma vis\u00e3o estrat\u00e9gica compartilhada para impulsionar o crescimento a longo prazo e desbloquear valor significativo&#8221;. O objetivo \u00e9 criar um &#8220;campe\u00e3o global neste setor t\u00e3o din\u00e2mico&#8221;.<\/p>\n<p>A aquisi\u00e7\u00e3o ser\u00e1 efetuada atrav\u00e9s da TML CV Holdings PTE LTD, subsidi\u00e1ria da Tata Motors, ou por uma nova entidade a ser estabelecida sob a legisla\u00e7\u00e3o holandesa, detida integralmente pelo grupo.<\/p>\n<p>Esta opera\u00e7\u00e3o permitir\u00e1 \u00e0 Tata Motors expandir a sua influ\u00eancia para al\u00e9m dos mercados onde j\u00e1 atua, utilizando a estrutura da Iveco para entrar em novos segmentos e geografias.<\/p>\n<p>Importa ainda salientar que a divis\u00e3o de defesa da Iveco (IDV), respons\u00e1vel pelos ve\u00edculos militares, ficar\u00e1 exclu\u00edda do neg\u00f3cio. Esta unidade tem atra\u00eddo propostas importantes, incluindo uma oferta conjunta de 1,9 mil milh\u00f5es de euros da italiana Leonardo e da alem\u00e3 Rheinmetall, al\u00e9m de interesses do cons\u00f3rcio franco-alem\u00e3o KNDS e do Czechoslovak Group da Rep\u00fablica Checa, evidenciando o seu valor estrat\u00e9gico.<\/p>\n","protected":false},"excerpt":{"rendered":"<p>O grupo italiano Iveco, refer\u00eancia na&#8230;<\/p>\n","protected":false},"author":15,"featured_media":105299,"comment_status":"closed","ping_status":"closed","sticky":false,"template":"","format":"standard","meta":{"footnotes":""},"categories":[36],"tags":[13184,5470,13311,10245,13310],"class_list":["post-105414","post","type-post","status-publish","format-standard","has-post-thumbnail","hentry","category-pesados","tag-aquisicao-estrategica","tag-iveco-group","tag-novos-mercados","tag-segundo-trimestre","tag-tata-motors"],"yoast_head":"<!-- This site is optimized with the Yoast SEO plugin v27.4 - https:\/\/yoast.com\/product\/yoast-seo-wordpress\/ -->\n<title>Tata Motors adquire Grupo Iveco por 3,8 mil milh\u00f5es - Jornal das Oficinas<\/title>\n<meta name=\"description\" content=\"O grupo italiano Iveco, refer\u00eancia na produ\u00e7\u00e3o de cami\u00f5es, vai ser comprado pela indiana Tata Motors por 3,8 mil milh\u00f5es de euros\" \/>\n<meta name=\"robots\" content=\"index, follow, max-snippet:-1, max-image-preview:large, max-video-preview:-1\" \/>\n<link rel=\"canonical\" href=\"https:\/\/jornaldasoficinas.com\/pt\/tata-motors-adquire-grupo-iveco-por-38-mil-milhoes\/\" \/>\n<meta property=\"og:locale\" content=\"pt_PT\" \/>\n<meta property=\"og:type\" content=\"article\" \/>\n<meta property=\"og:title\" content=\"Tata Motors adquire Grupo Iveco por 3,8 mil milh\u00f5es - Jornal das Oficinas\" \/>\n<meta property=\"og:description\" content=\"O grupo italiano Iveco, refer\u00eancia na produ\u00e7\u00e3o de cami\u00f5es, vai ser comprado pela indiana Tata Motors por 3,8 mil milh\u00f5es de euros\" \/>\n<meta property=\"og:url\" content=\"https:\/\/jornaldasoficinas.com\/pt\/tata-motors-adquire-grupo-iveco-por-38-mil-milhoes\/\" \/>\n<meta property=\"og:site_name\" content=\"Jornal das Oficinas\" \/>\n<meta property=\"article:publisher\" content=\"https:\/\/www.facebook.com\/jornaloficinas\" \/>\n<meta property=\"article:published_time\" content=\"2025-08-12T11:30:35+00:00\" \/>\n<meta property=\"og:image\" content=\"https:\/\/jornaldasoficinas.com\/pt\/wp-content\/uploads\/2025\/08\/IVECO.jpg\" \/>\n\t<meta property=\"og:image:width\" content=\"1024\" \/>\n\t<meta property=\"og:image:height\" content=\"581\" \/>\n\t<meta property=\"og:image:type\" content=\"image\/jpeg\" \/>\n<meta name=\"author\" content=\"Reda\u00e7\u00e3o JO\" \/>\n<meta name=\"twitter:card\" content=\"summary_large_image\" \/>\n<meta name=\"twitter:creator\" content=\"@jornaloficinas\" \/>\n<meta name=\"twitter:site\" content=\"@jornaloficinas\" \/>\n<meta name=\"twitter:label1\" content=\"Escrito por\" \/>\n\t<meta name=\"twitter:data1\" content=\"Reda\u00e7\u00e3o JO\" \/>\n\t<meta name=\"twitter:label2\" content=\"Tempo estimado de leitura\" \/>\n\t<meta name=\"twitter:data2\" content=\"2 minutos\" \/>\n<script type=\"application\/ld+json\" class=\"yoast-schema-graph\">{\"@context\":\"https:\\\/\\\/schema.org\",\"@graph\":[{\"@type\":\"Article\",\"@id\":\"https:\\\/\\\/jornaldasoficinas.com\\\/pt\\\/tata-motors-adquire-grupo-iveco-por-38-mil-milhoes\\\/#article\",\"isPartOf\":{\"@id\":\"https:\\\/\\\/jornaldasoficinas.com\\\/pt\\\/tata-motors-adquire-grupo-iveco-por-38-mil-milhoes\\\/\"},\"author\":{\"name\":\"Reda\u00e7\u00e3o JO\",\"@id\":\"https:\\\/\\\/jornaldasoficinas.com\\\/pt\\\/#\\\/schema\\\/person\\\/a38eef5de2c41d9e7c9ac10141afddf3\"},\"headline\":\"Tata Motors adquire Grupo Iveco por 3,8 mil milh\u00f5es\",\"datePublished\":\"2025-08-12T11:30:35+00:00\",\"mainEntityOfPage\":{\"@id\":\"https:\\\/\\\/jornaldasoficinas.com\\\/pt\\\/tata-motors-adquire-grupo-iveco-por-38-mil-milhoes\\\/\"},\"wordCount\":237,\"publisher\":{\"@id\":\"https:\\\/\\\/jornaldasoficinas.com\\\/pt\\\/#organization\"},\"image\":{\"@id\":\"https:\\\/\\\/jornaldasoficinas.com\\\/pt\\\/tata-motors-adquire-grupo-iveco-por-38-mil-milhoes\\\/#primaryimage\"},\"thumbnailUrl\":\"https:\\\/\\\/jornaldasoficinas.com\\\/pt\\\/wp-content\\\/uploads\\\/2025\\\/08\\\/IVECO.jpg\",\"keywords\":[\"aquisi\u00e7\u00e3o estrat\u00e9gica\",\"Iveco Group\",\"novos mercados\",\"segundo trimestre\",\"Tata Motors\"],\"articleSection\":[\"Pesados\"],\"inLanguage\":\"pt-PT\"},{\"@type\":\"WebPage\",\"@id\":\"https:\\\/\\\/jornaldasoficinas.com\\\/pt\\\/tata-motors-adquire-grupo-iveco-por-38-mil-milhoes\\\/\",\"url\":\"https:\\\/\\\/jornaldasoficinas.com\\\/pt\\\/tata-motors-adquire-grupo-iveco-por-38-mil-milhoes\\\/\",\"name\":\"Tata Motors adquire Grupo Iveco por 3,8 mil milh\u00f5es - Jornal das Oficinas\",\"isPartOf\":{\"@id\":\"https:\\\/\\\/jornaldasoficinas.com\\\/pt\\\/#website\"},\"primaryImageOfPage\":{\"@id\":\"https:\\\/\\\/jornaldasoficinas.com\\\/pt\\\/tata-motors-adquire-grupo-iveco-por-38-mil-milhoes\\\/#primaryimage\"},\"image\":{\"@id\":\"https:\\\/\\\/jornaldasoficinas.com\\\/pt\\\/tata-motors-adquire-grupo-iveco-por-38-mil-milhoes\\\/#primaryimage\"},\"thumbnailUrl\":\"https:\\\/\\\/jornaldasoficinas.com\\\/pt\\\/wp-content\\\/uploads\\\/2025\\\/08\\\/IVECO.jpg\",\"datePublished\":\"2025-08-12T11:30:35+00:00\",\"description\":\"O grupo italiano Iveco, refer\u00eancia na produ\u00e7\u00e3o de cami\u00f5es, vai ser comprado pela indiana Tata Motors por 3,8 mil milh\u00f5es de euros\",\"breadcrumb\":{\"@id\":\"https:\\\/\\\/jornaldasoficinas.com\\\/pt\\\/tata-motors-adquire-grupo-iveco-por-38-mil-milhoes\\\/#breadcrumb\"},\"inLanguage\":\"pt-PT\",\"potentialAction\":[{\"@type\":\"ReadAction\",\"target\":[\"https:\\\/\\\/jornaldasoficinas.com\\\/pt\\\/tata-motors-adquire-grupo-iveco-por-38-mil-milhoes\\\/\"]}]},{\"@type\":\"ImageObject\",\"inLanguage\":\"pt-PT\",\"@id\":\"https:\\\/\\\/jornaldasoficinas.com\\\/pt\\\/tata-motors-adquire-grupo-iveco-por-38-mil-milhoes\\\/#primaryimage\",\"url\":\"https:\\\/\\\/jornaldasoficinas.com\\\/pt\\\/wp-content\\\/uploads\\\/2025\\\/08\\\/IVECO.jpg\",\"contentUrl\":\"https:\\\/\\\/jornaldasoficinas.com\\\/pt\\\/wp-content\\\/uploads\\\/2025\\\/08\\\/IVECO.jpg\",\"width\":1024,\"height\":581,\"caption\":\"Tata Motors adquire Grupo Iveco por 3,8 mil milh\u00f5es\"},{\"@type\":\"BreadcrumbList\",\"@id\":\"https:\\\/\\\/jornaldasoficinas.com\\\/pt\\\/tata-motors-adquire-grupo-iveco-por-38-mil-milhoes\\\/#breadcrumb\",\"itemListElement\":[{\"@type\":\"ListItem\",\"position\":1,\"name\":\"In\u00edcio\",\"item\":\"https:\\\/\\\/jornaldasoficinas.com\\\/pt\\\/\"},{\"@type\":\"ListItem\",\"position\":2,\"name\":\"Tata Motors adquire Grupo Iveco por 3,8 mil milh\u00f5es\"}]},{\"@type\":\"WebSite\",\"@id\":\"https:\\\/\\\/jornaldasoficinas.com\\\/pt\\\/#website\",\"url\":\"https:\\\/\\\/jornaldasoficinas.com\\\/pt\\\/\",\"name\":\"Jornal das Oficinas\",\"description\":\"Jornal independente do Aftermarket Autom\u00f3vel em Portugal\",\"publisher\":{\"@id\":\"https:\\\/\\\/jornaldasoficinas.com\\\/pt\\\/#organization\"},\"potentialAction\":[{\"@type\":\"SearchAction\",\"target\":{\"@type\":\"EntryPoint\",\"urlTemplate\":\"https:\\\/\\\/jornaldasoficinas.com\\\/pt\\\/?s={search_term_string}\"},\"query-input\":{\"@type\":\"PropertyValueSpecification\",\"valueRequired\":true,\"valueName\":\"search_term_string\"}}],\"inLanguage\":\"pt-PT\"},{\"@type\":\"Organization\",\"@id\":\"https:\\\/\\\/jornaldasoficinas.com\\\/pt\\\/#organization\",\"name\":\"Jornal das Oficinas\",\"url\":\"https:\\\/\\\/jornaldasoficinas.com\\\/pt\\\/\",\"logo\":{\"@type\":\"ImageObject\",\"inLanguage\":\"pt-PT\",\"@id\":\"https:\\\/\\\/jornaldasoficinas.com\\\/pt\\\/#\\\/schema\\\/logo\\\/image\\\/\",\"url\":\"https:\\\/\\\/jornaldasoficinas.com\\\/pt\\\/wp-content\\\/uploads\\\/logoJO-SEO.png\",\"contentUrl\":\"https:\\\/\\\/jornaldasoficinas.com\\\/pt\\\/wp-content\\\/uploads\\\/logoJO-SEO.png\",\"width\":285,\"height\":450,\"caption\":\"Jornal das Oficinas\"},\"image\":{\"@id\":\"https:\\\/\\\/jornaldasoficinas.com\\\/pt\\\/#\\\/schema\\\/logo\\\/image\\\/\"},\"sameAs\":[\"https:\\\/\\\/www.facebook.com\\\/jornaloficinas\",\"https:\\\/\\\/x.com\\\/jornaloficinas\",\"https:\\\/\\\/www.instagram.com\\\/jornal_oficinas\\\/\",\"https:\\\/\\\/www.linkedin.com\\\/company\\\/jornal-das-oficinas\\\/\",\"https:\\\/\\\/www.youtube.com\\\/channel\\\/UCbQZBqtcvV-oSQrr7RzINGg\"]},{\"@type\":\"Person\",\"@id\":\"https:\\\/\\\/jornaldasoficinas.com\\\/pt\\\/#\\\/schema\\\/person\\\/a38eef5de2c41d9e7c9ac10141afddf3\",\"name\":\"Reda\u00e7\u00e3o JO\",\"image\":{\"@type\":\"ImageObject\",\"inLanguage\":\"pt-PT\",\"@id\":\"https:\\\/\\\/secure.gravatar.com\\\/avatar\\\/71f2fa71737ad68a84fea94bc708ddac8ea5b0c4788dc2ad202f3ccb2887742f?s=96&d=wp_user_avatar&r=g\",\"url\":\"https:\\\/\\\/secure.gravatar.com\\\/avatar\\\/71f2fa71737ad68a84fea94bc708ddac8ea5b0c4788dc2ad202f3ccb2887742f?s=96&d=wp_user_avatar&r=g\",\"contentUrl\":\"https:\\\/\\\/secure.gravatar.com\\\/avatar\\\/71f2fa71737ad68a84fea94bc708ddac8ea5b0c4788dc2ad202f3ccb2887742f?s=96&d=wp_user_avatar&r=g\",\"caption\":\"Reda\u00e7\u00e3o JO\"},\"url\":\"https:\\\/\\\/jornaldasoficinas.com\\\/pt\\\/author\\\/joredacao\\\/\"}]}<\/script>\n<!-- \/ Yoast SEO plugin. -->","yoast_head_json":{"title":"Tata Motors adquire Grupo Iveco por 3,8 mil milh\u00f5es - Jornal das Oficinas","description":"O grupo italiano Iveco, refer\u00eancia na produ\u00e7\u00e3o de cami\u00f5es, vai ser comprado pela indiana Tata Motors por 3,8 mil milh\u00f5es de euros","robots":{"index":"index","follow":"follow","max-snippet":"max-snippet:-1","max-image-preview":"max-image-preview:large","max-video-preview":"max-video-preview:-1"},"canonical":"https:\/\/jornaldasoficinas.com\/pt\/tata-motors-adquire-grupo-iveco-por-38-mil-milhoes\/","og_locale":"pt_PT","og_type":"article","og_title":"Tata Motors adquire Grupo Iveco por 3,8 mil milh\u00f5es - Jornal das Oficinas","og_description":"O grupo italiano Iveco, refer\u00eancia na produ\u00e7\u00e3o de cami\u00f5es, vai ser comprado pela indiana Tata Motors por 3,8 mil milh\u00f5es de euros","og_url":"https:\/\/jornaldasoficinas.com\/pt\/tata-motors-adquire-grupo-iveco-por-38-mil-milhoes\/","og_site_name":"Jornal das Oficinas","article_publisher":"https:\/\/www.facebook.com\/jornaloficinas","article_published_time":"2025-08-12T11:30:35+00:00","og_image":[{"width":1024,"height":581,"url":"https:\/\/jornaldasoficinas.com\/pt\/wp-content\/uploads\/2025\/08\/IVECO.jpg","type":"image\/jpeg"}],"author":"Reda\u00e7\u00e3o JO","twitter_card":"summary_large_image","twitter_creator":"@jornaloficinas","twitter_site":"@jornaloficinas","twitter_misc":{"Escrito por":"Reda\u00e7\u00e3o JO","Tempo estimado de leitura":"2 minutos"},"schema":{"@context":"https:\/\/schema.org","@graph":[{"@type":"Article","@id":"https:\/\/jornaldasoficinas.com\/pt\/tata-motors-adquire-grupo-iveco-por-38-mil-milhoes\/#article","isPartOf":{"@id":"https:\/\/jornaldasoficinas.com\/pt\/tata-motors-adquire-grupo-iveco-por-38-mil-milhoes\/"},"author":{"name":"Reda\u00e7\u00e3o JO","@id":"https:\/\/jornaldasoficinas.com\/pt\/#\/schema\/person\/a38eef5de2c41d9e7c9ac10141afddf3"},"headline":"Tata Motors adquire Grupo Iveco por 3,8 mil milh\u00f5es","datePublished":"2025-08-12T11:30:35+00:00","mainEntityOfPage":{"@id":"https:\/\/jornaldasoficinas.com\/pt\/tata-motors-adquire-grupo-iveco-por-38-mil-milhoes\/"},"wordCount":237,"publisher":{"@id":"https:\/\/jornaldasoficinas.com\/pt\/#organization"},"image":{"@id":"https:\/\/jornaldasoficinas.com\/pt\/tata-motors-adquire-grupo-iveco-por-38-mil-milhoes\/#primaryimage"},"thumbnailUrl":"https:\/\/jornaldasoficinas.com\/pt\/wp-content\/uploads\/2025\/08\/IVECO.jpg","keywords":["aquisi\u00e7\u00e3o estrat\u00e9gica","Iveco Group","novos mercados","segundo trimestre","Tata Motors"],"articleSection":["Pesados"],"inLanguage":"pt-PT"},{"@type":"WebPage","@id":"https:\/\/jornaldasoficinas.com\/pt\/tata-motors-adquire-grupo-iveco-por-38-mil-milhoes\/","url":"https:\/\/jornaldasoficinas.com\/pt\/tata-motors-adquire-grupo-iveco-por-38-mil-milhoes\/","name":"Tata Motors adquire Grupo Iveco por 3,8 mil milh\u00f5es - Jornal das Oficinas","isPartOf":{"@id":"https:\/\/jornaldasoficinas.com\/pt\/#website"},"primaryImageOfPage":{"@id":"https:\/\/jornaldasoficinas.com\/pt\/tata-motors-adquire-grupo-iveco-por-38-mil-milhoes\/#primaryimage"},"image":{"@id":"https:\/\/jornaldasoficinas.com\/pt\/tata-motors-adquire-grupo-iveco-por-38-mil-milhoes\/#primaryimage"},"thumbnailUrl":"https:\/\/jornaldasoficinas.com\/pt\/wp-content\/uploads\/2025\/08\/IVECO.jpg","datePublished":"2025-08-12T11:30:35+00:00","description":"O grupo italiano Iveco, refer\u00eancia na produ\u00e7\u00e3o de cami\u00f5es, vai ser comprado pela indiana Tata Motors por 3,8 mil milh\u00f5es de euros","breadcrumb":{"@id":"https:\/\/jornaldasoficinas.com\/pt\/tata-motors-adquire-grupo-iveco-por-38-mil-milhoes\/#breadcrumb"},"inLanguage":"pt-PT","potentialAction":[{"@type":"ReadAction","target":["https:\/\/jornaldasoficinas.com\/pt\/tata-motors-adquire-grupo-iveco-por-38-mil-milhoes\/"]}]},{"@type":"ImageObject","inLanguage":"pt-PT","@id":"https:\/\/jornaldasoficinas.com\/pt\/tata-motors-adquire-grupo-iveco-por-38-mil-milhoes\/#primaryimage","url":"https:\/\/jornaldasoficinas.com\/pt\/wp-content\/uploads\/2025\/08\/IVECO.jpg","contentUrl":"https:\/\/jornaldasoficinas.com\/pt\/wp-content\/uploads\/2025\/08\/IVECO.jpg","width":1024,"height":581,"caption":"Tata Motors adquire Grupo Iveco por 3,8 mil milh\u00f5es"},{"@type":"BreadcrumbList","@id":"https:\/\/jornaldasoficinas.com\/pt\/tata-motors-adquire-grupo-iveco-por-38-mil-milhoes\/#breadcrumb","itemListElement":[{"@type":"ListItem","position":1,"name":"In\u00edcio","item":"https:\/\/jornaldasoficinas.com\/pt\/"},{"@type":"ListItem","position":2,"name":"Tata Motors adquire Grupo Iveco por 3,8 mil milh\u00f5es"}]},{"@type":"WebSite","@id":"https:\/\/jornaldasoficinas.com\/pt\/#website","url":"https:\/\/jornaldasoficinas.com\/pt\/","name":"Jornal das Oficinas","description":"Jornal independente do Aftermarket Autom\u00f3vel em Portugal","publisher":{"@id":"https:\/\/jornaldasoficinas.com\/pt\/#organization"},"potentialAction":[{"@type":"SearchAction","target":{"@type":"EntryPoint","urlTemplate":"https:\/\/jornaldasoficinas.com\/pt\/?s={search_term_string}"},"query-input":{"@type":"PropertyValueSpecification","valueRequired":true,"valueName":"search_term_string"}}],"inLanguage":"pt-PT"},{"@type":"Organization","@id":"https:\/\/jornaldasoficinas.com\/pt\/#organization","name":"Jornal das Oficinas","url":"https:\/\/jornaldasoficinas.com\/pt\/","logo":{"@type":"ImageObject","inLanguage":"pt-PT","@id":"https:\/\/jornaldasoficinas.com\/pt\/#\/schema\/logo\/image\/","url":"https:\/\/jornaldasoficinas.com\/pt\/wp-content\/uploads\/logoJO-SEO.png","contentUrl":"https:\/\/jornaldasoficinas.com\/pt\/wp-content\/uploads\/logoJO-SEO.png","width":285,"height":450,"caption":"Jornal das Oficinas"},"image":{"@id":"https:\/\/jornaldasoficinas.com\/pt\/#\/schema\/logo\/image\/"},"sameAs":["https:\/\/www.facebook.com\/jornaloficinas","https:\/\/x.com\/jornaloficinas","https:\/\/www.instagram.com\/jornal_oficinas\/","https:\/\/www.linkedin.com\/company\/jornal-das-oficinas\/","https:\/\/www.youtube.com\/channel\/UCbQZBqtcvV-oSQrr7RzINGg"]},{"@type":"Person","@id":"https:\/\/jornaldasoficinas.com\/pt\/#\/schema\/person\/a38eef5de2c41d9e7c9ac10141afddf3","name":"Reda\u00e7\u00e3o JO","image":{"@type":"ImageObject","inLanguage":"pt-PT","@id":"https:\/\/secure.gravatar.com\/avatar\/71f2fa71737ad68a84fea94bc708ddac8ea5b0c4788dc2ad202f3ccb2887742f?s=96&d=wp_user_avatar&r=g","url":"https:\/\/secure.gravatar.com\/avatar\/71f2fa71737ad68a84fea94bc708ddac8ea5b0c4788dc2ad202f3ccb2887742f?s=96&d=wp_user_avatar&r=g","contentUrl":"https:\/\/secure.gravatar.com\/avatar\/71f2fa71737ad68a84fea94bc708ddac8ea5b0c4788dc2ad202f3ccb2887742f?s=96&d=wp_user_avatar&r=g","caption":"Reda\u00e7\u00e3o JO"},"url":"https:\/\/jornaldasoficinas.com\/pt\/author\/joredacao\/"}]}},"_links":{"self":[{"href":"https:\/\/jornaldasoficinas.com\/pt\/wp-json\/wp\/v2\/posts\/105414","targetHints":{"allow":["GET"]}}],"collection":[{"href":"https:\/\/jornaldasoficinas.com\/pt\/wp-json\/wp\/v2\/posts"}],"about":[{"href":"https:\/\/jornaldasoficinas.com\/pt\/wp-json\/wp\/v2\/types\/post"}],"author":[{"embeddable":true,"href":"https:\/\/jornaldasoficinas.com\/pt\/wp-json\/wp\/v2\/users\/15"}],"replies":[{"embeddable":true,"href":"https:\/\/jornaldasoficinas.com\/pt\/wp-json\/wp\/v2\/comments?post=105414"}],"version-history":[{"count":3,"href":"https:\/\/jornaldasoficinas.com\/pt\/wp-json\/wp\/v2\/posts\/105414\/revisions"}],"predecessor-version":[{"id":105418,"href":"https:\/\/jornaldasoficinas.com\/pt\/wp-json\/wp\/v2\/posts\/105414\/revisions\/105418"}],"wp:featuredmedia":[{"embeddable":true,"href":"https:\/\/jornaldasoficinas.com\/pt\/wp-json\/wp\/v2\/media\/105299"}],"wp:attachment":[{"href":"https:\/\/jornaldasoficinas.com\/pt\/wp-json\/wp\/v2\/media?parent=105414"}],"wp:term":[{"taxonomy":"category","embeddable":true,"href":"https:\/\/jornaldasoficinas.com\/pt\/wp-json\/wp\/v2\/categories?post=105414"},{"taxonomy":"post_tag","embeddable":true,"href":"https:\/\/jornaldasoficinas.com\/pt\/wp-json\/wp\/v2\/tags?post=105414"}],"curies":[{"name":"wp","href":"https:\/\/api.w.org\/{rel}","templated":true}]}}