{"id":105430,"date":"2025-08-12T09:49:22","date_gmt":"2025-08-12T08:49:22","guid":{"rendered":"https:\/\/jornaldasoficinas.com\/pt\/?p=105430"},"modified":"2025-08-12T09:49:22","modified_gmt":"2025-08-12T08:49:22","slug":"mercado-de-veiculos-eletrificados-subiu-30-em-julho","status":"publish","type":"post","link":"https:\/\/jornaldasoficinas.com\/pt\/mercado-de-veiculos-eletrificados-subiu-30-em-julho\/","title":{"rendered":"Mercado de Ve\u00edculos Eletrificados subiu 30% em julho"},"content":{"rendered":"<p><img loading=\"lazy\" decoding=\"async\" class=\"alignnone size-full wp-image-105436\" src=\"https:\/\/jornaldasoficinas.com\/pt\/wp-content\/uploads\/2025\/08\/dois-carros-eletricos-de-carregamento-na-estacao-de-carregamento-da-cidade.jpg\" alt=\"Mercado de Ve\u00edculos Eletrificados regista subida de 30% em julho\" width=\"1024\" height=\"580\" srcset=\"https:\/\/jornaldasoficinas.com\/pt\/wp-content\/uploads\/2025\/08\/dois-carros-eletricos-de-carregamento-na-estacao-de-carregamento-da-cidade.jpg 1024w, https:\/\/jornaldasoficinas.com\/pt\/wp-content\/uploads\/2025\/08\/dois-carros-eletricos-de-carregamento-na-estacao-de-carregamento-da-cidade-300x170.jpg 300w, https:\/\/jornaldasoficinas.com\/pt\/wp-content\/uploads\/2025\/08\/dois-carros-eletricos-de-carregamento-na-estacao-de-carregamento-da-cidade-150x85.jpg 150w, https:\/\/jornaldasoficinas.com\/pt\/wp-content\/uploads\/2025\/08\/dois-carros-eletricos-de-carregamento-na-estacao-de-carregamento-da-cidade-768x435.jpg 768w\" sizes=\"auto, (max-width: 1024px) 100vw, 1024px\" \/><\/p>\n<p><strong>Segundo dados da <a href=\"https:\/\/www.acap.pt\/\" target=\"_blank\" rel=\"noopener\">ACAP<\/a>, julho de 2025 registou um aumento de 30% nas vendas de ve\u00edculos eletrificados em Portugal, com destaque para o forte crescimento nos segmentos de mercadorias e pesados<\/strong><\/p>\n<p>O mercado autom\u00f3vel portugu\u00eas de ve\u00edculos eletrificados \u2014 que inclui el\u00e9tricos a bateria (BEV), h\u00edbridos plug-in e h\u00edbridos convencionais \u2014 manteve a tend\u00eancia de crescimento em julho de 2025, com um aumento global de 30% face ao mesmo m\u00eas do ano anterior.<\/p>\n<p><strong>Autom\u00f3veis ligeiros de passageiros<\/strong><\/p>\n<p>Em julho foram matriculados 10.733 ligeiros de passageiros novos eletrificados, o que representa um crescimento de 28,1% em compara\u00e7\u00e3o com igual m\u00eas de 2024. Entre estes, 3.632 eram el\u00e9tricos a bateria, um aumento de 9,5%. No acumulado de janeiro a julho, o segmento somou 81.516 unidades, mais 35,5% do que no ano passado, sendo 28.649 el\u00e9tricos (mais 27,2%).<\/p>\n<p><strong>Ve\u00edculos ligeiros de mercadorias<\/strong><\/p>\n<p>O mercado de el\u00e9tricos, plug-in e h\u00edbridos el\u00e9tricos de ligeiros de mercadorias registou, no s\u00e9timo m\u00eas do ano de 2025, uma evolu\u00e7\u00e3o positiva de 141,4% face ao m\u00eas hom\u00f3logo do ano de 2024, situando-se em 268 unidades matriculadas.<\/p>\n<p>Em termos acumulados, este mercado atingiu 1.832 unidades, o que representou um crescimento de 27,2 % face ao ano de 2024.<\/p>\n<p>Em julho de 2025 verificou-se um crescimento de 129,7% nas matr\u00edculas de ve\u00edculos ligeiros de mercadorias novos el\u00e9tricos em compara\u00e7\u00e3o com o mesmo m\u00eas do ano anterior. De janeiro a julho de 2025 verificou-se um crescimento de 25,6% face ao mesmo per\u00edodo do ano anterior.<\/p>\n<p><strong>Ve\u00edculos Pesados <\/strong><\/p>\n<p>Quanto ao mercado de ve\u00edculos pesados, o qual engloba os tipos de passageiros e de mercadorias, no m\u00eas de julho de 2025 matricularam-se 44 ve\u00edculos pesados eletrificados novos, o que representou um crescimento de 340,0%.<\/p>\n<p>Em termos acumulados, nos sete meses de 2025, verificou-se uma evolu\u00e7\u00e3o positiva de 72,1 % face ao mesmo per\u00edodo do ano de 2024, tendo sido matriculados 105 ve\u00edculos.<\/p>\n","protected":false},"excerpt":{"rendered":"<p>Segundo dados da ACAP, julho de&#8230;<\/p>\n","protected":false},"author":15,"featured_media":105436,"comment_status":"closed","ping_status":"closed","sticky":false,"template":"","format":"standard","meta":{"footnotes":""},"categories":[37],"tags":[157,2781,6003,13308,11671],"class_list":["post-105430","post","type-post","status-publish","format-standard","has-post-thumbnail","hentry","category-mercado","tag-acap","tag-crescimento","tag-estudo-de-mercado","tag-julho-de-2025","tag-mercado-de-veiculos-eletrificados"],"yoast_head":"<!-- This site is optimized with the Yoast SEO plugin v27.4 - https:\/\/yoast.com\/product\/yoast-seo-wordpress\/ -->\n<title>Mercado de Ve\u00edculos Eletrificados subiu 30% em julho - Jornal das Oficinas<\/title>\n<meta name=\"description\" content=\"Segundo dados da ACAP, julho de 2025 registou um aumento de 30% nas vendas de ve\u00edculos eletrificados em Portugal\" \/>\n<meta name=\"robots\" content=\"index, follow, max-snippet:-1, max-image-preview:large, max-video-preview:-1\" \/>\n<link rel=\"canonical\" href=\"https:\/\/jornaldasoficinas.com\/pt\/mercado-de-veiculos-eletrificados-subiu-30-em-julho\/\" \/>\n<meta property=\"og:locale\" content=\"pt_PT\" \/>\n<meta property=\"og:type\" content=\"article\" \/>\n<meta property=\"og:title\" content=\"Mercado de Ve\u00edculos Eletrificados subiu 30% em julho - Jornal das Oficinas\" \/>\n<meta property=\"og:description\" content=\"Segundo dados da ACAP, julho de 2025 registou um aumento de 30% nas vendas de ve\u00edculos eletrificados em Portugal\" \/>\n<meta property=\"og:url\" content=\"https:\/\/jornaldasoficinas.com\/pt\/mercado-de-veiculos-eletrificados-subiu-30-em-julho\/\" \/>\n<meta property=\"og:site_name\" content=\"Jornal das Oficinas\" \/>\n<meta property=\"article:publisher\" content=\"https:\/\/www.facebook.com\/jornaloficinas\" \/>\n<meta property=\"article:published_time\" content=\"2025-08-12T08:49:22+00:00\" \/>\n<meta property=\"og:image\" content=\"https:\/\/jornaldasoficinas.com\/pt\/wp-content\/uploads\/2025\/08\/dois-carros-eletricos-de-carregamento-na-estacao-de-carregamento-da-cidade.jpg\" \/>\n\t<meta property=\"og:image:width\" content=\"1024\" \/>\n\t<meta property=\"og:image:height\" content=\"580\" \/>\n\t<meta property=\"og:image:type\" content=\"image\/jpeg\" \/>\n<meta name=\"author\" content=\"Reda\u00e7\u00e3o JO\" \/>\n<meta name=\"twitter:card\" content=\"summary_large_image\" \/>\n<meta name=\"twitter:creator\" content=\"@jornaloficinas\" \/>\n<meta name=\"twitter:site\" content=\"@jornaloficinas\" \/>\n<meta name=\"twitter:label1\" content=\"Escrito por\" \/>\n\t<meta name=\"twitter:data1\" content=\"Reda\u00e7\u00e3o JO\" \/>\n\t<meta name=\"twitter:label2\" content=\"Tempo estimado de leitura\" \/>\n\t<meta name=\"twitter:data2\" content=\"3 minutos\" \/>\n<script type=\"application\/ld+json\" class=\"yoast-schema-graph\">{\"@context\":\"https:\\\/\\\/schema.org\",\"@graph\":[{\"@type\":\"Article\",\"@id\":\"https:\\\/\\\/jornaldasoficinas.com\\\/pt\\\/mercado-de-veiculos-eletrificados-subiu-30-em-julho\\\/#article\",\"isPartOf\":{\"@id\":\"https:\\\/\\\/jornaldasoficinas.com\\\/pt\\\/mercado-de-veiculos-eletrificados-subiu-30-em-julho\\\/\"},\"author\":{\"name\":\"Reda\u00e7\u00e3o JO\",\"@id\":\"https:\\\/\\\/jornaldasoficinas.com\\\/pt\\\/#\\\/schema\\\/person\\\/a38eef5de2c41d9e7c9ac10141afddf3\"},\"headline\":\"Mercado de Ve\u00edculos Eletrificados subiu 30% em julho\",\"datePublished\":\"2025-08-12T08:49:22+00:00\",\"mainEntityOfPage\":{\"@id\":\"https:\\\/\\\/jornaldasoficinas.com\\\/pt\\\/mercado-de-veiculos-eletrificados-subiu-30-em-julho\\\/\"},\"wordCount\":317,\"publisher\":{\"@id\":\"https:\\\/\\\/jornaldasoficinas.com\\\/pt\\\/#organization\"},\"image\":{\"@id\":\"https:\\\/\\\/jornaldasoficinas.com\\\/pt\\\/mercado-de-veiculos-eletrificados-subiu-30-em-julho\\\/#primaryimage\"},\"thumbnailUrl\":\"https:\\\/\\\/jornaldasoficinas.com\\\/pt\\\/wp-content\\\/uploads\\\/2025\\\/08\\\/dois-carros-eletricos-de-carregamento-na-estacao-de-carregamento-da-cidade.jpg\",\"keywords\":[\"ACAP\",\"Crescimento\",\"Estudo de mercado\",\"julho de 2025\",\"Mercado de Ve\u00edculos Eletrificados\"],\"articleSection\":[\"Mercado\"],\"inLanguage\":\"pt-PT\"},{\"@type\":\"WebPage\",\"@id\":\"https:\\\/\\\/jornaldasoficinas.com\\\/pt\\\/mercado-de-veiculos-eletrificados-subiu-30-em-julho\\\/\",\"url\":\"https:\\\/\\\/jornaldasoficinas.com\\\/pt\\\/mercado-de-veiculos-eletrificados-subiu-30-em-julho\\\/\",\"name\":\"Mercado de Ve\u00edculos Eletrificados subiu 30% em julho - Jornal das Oficinas\",\"isPartOf\":{\"@id\":\"https:\\\/\\\/jornaldasoficinas.com\\\/pt\\\/#website\"},\"primaryImageOfPage\":{\"@id\":\"https:\\\/\\\/jornaldasoficinas.com\\\/pt\\\/mercado-de-veiculos-eletrificados-subiu-30-em-julho\\\/#primaryimage\"},\"image\":{\"@id\":\"https:\\\/\\\/jornaldasoficinas.com\\\/pt\\\/mercado-de-veiculos-eletrificados-subiu-30-em-julho\\\/#primaryimage\"},\"thumbnailUrl\":\"https:\\\/\\\/jornaldasoficinas.com\\\/pt\\\/wp-content\\\/uploads\\\/2025\\\/08\\\/dois-carros-eletricos-de-carregamento-na-estacao-de-carregamento-da-cidade.jpg\",\"datePublished\":\"2025-08-12T08:49:22+00:00\",\"description\":\"Segundo dados da ACAP, julho de 2025 registou um aumento de 30% nas vendas de ve\u00edculos eletrificados em Portugal\",\"breadcrumb\":{\"@id\":\"https:\\\/\\\/jornaldasoficinas.com\\\/pt\\\/mercado-de-veiculos-eletrificados-subiu-30-em-julho\\\/#breadcrumb\"},\"inLanguage\":\"pt-PT\",\"potentialAction\":[{\"@type\":\"ReadAction\",\"target\":[\"https:\\\/\\\/jornaldasoficinas.com\\\/pt\\\/mercado-de-veiculos-eletrificados-subiu-30-em-julho\\\/\"]}]},{\"@type\":\"ImageObject\",\"inLanguage\":\"pt-PT\",\"@id\":\"https:\\\/\\\/jornaldasoficinas.com\\\/pt\\\/mercado-de-veiculos-eletrificados-subiu-30-em-julho\\\/#primaryimage\",\"url\":\"https:\\\/\\\/jornaldasoficinas.com\\\/pt\\\/wp-content\\\/uploads\\\/2025\\\/08\\\/dois-carros-eletricos-de-carregamento-na-estacao-de-carregamento-da-cidade.jpg\",\"contentUrl\":\"https:\\\/\\\/jornaldasoficinas.com\\\/pt\\\/wp-content\\\/uploads\\\/2025\\\/08\\\/dois-carros-eletricos-de-carregamento-na-estacao-de-carregamento-da-cidade.jpg\",\"width\":1024,\"height\":580,\"caption\":\"Mercado de Ve\u00edculos Eletrificados regista subida de 30% em julho\"},{\"@type\":\"BreadcrumbList\",\"@id\":\"https:\\\/\\\/jornaldasoficinas.com\\\/pt\\\/mercado-de-veiculos-eletrificados-subiu-30-em-julho\\\/#breadcrumb\",\"itemListElement\":[{\"@type\":\"ListItem\",\"position\":1,\"name\":\"In\u00edcio\",\"item\":\"https:\\\/\\\/jornaldasoficinas.com\\\/pt\\\/\"},{\"@type\":\"ListItem\",\"position\":2,\"name\":\"Mercado de Ve\u00edculos Eletrificados subiu 30% em julho\"}]},{\"@type\":\"WebSite\",\"@id\":\"https:\\\/\\\/jornaldasoficinas.com\\\/pt\\\/#website\",\"url\":\"https:\\\/\\\/jornaldasoficinas.com\\\/pt\\\/\",\"name\":\"Jornal das Oficinas\",\"description\":\"Jornal independente do Aftermarket Autom\u00f3vel em Portugal\",\"publisher\":{\"@id\":\"https:\\\/\\\/jornaldasoficinas.com\\\/pt\\\/#organization\"},\"potentialAction\":[{\"@type\":\"SearchAction\",\"target\":{\"@type\":\"EntryPoint\",\"urlTemplate\":\"https:\\\/\\\/jornaldasoficinas.com\\\/pt\\\/?s={search_term_string}\"},\"query-input\":{\"@type\":\"PropertyValueSpecification\",\"valueRequired\":true,\"valueName\":\"search_term_string\"}}],\"inLanguage\":\"pt-PT\"},{\"@type\":\"Organization\",\"@id\":\"https:\\\/\\\/jornaldasoficinas.com\\\/pt\\\/#organization\",\"name\":\"Jornal das Oficinas\",\"url\":\"https:\\\/\\\/jornaldasoficinas.com\\\/pt\\\/\",\"logo\":{\"@type\":\"ImageObject\",\"inLanguage\":\"pt-PT\",\"@id\":\"https:\\\/\\\/jornaldasoficinas.com\\\/pt\\\/#\\\/schema\\\/logo\\\/image\\\/\",\"url\":\"https:\\\/\\\/jornaldasoficinas.com\\\/pt\\\/wp-content\\\/uploads\\\/logoJO-SEO.png\",\"contentUrl\":\"https:\\\/\\\/jornaldasoficinas.com\\\/pt\\\/wp-content\\\/uploads\\\/logoJO-SEO.png\",\"width\":285,\"height\":450,\"caption\":\"Jornal das Oficinas\"},\"image\":{\"@id\":\"https:\\\/\\\/jornaldasoficinas.com\\\/pt\\\/#\\\/schema\\\/logo\\\/image\\\/\"},\"sameAs\":[\"https:\\\/\\\/www.facebook.com\\\/jornaloficinas\",\"https:\\\/\\\/x.com\\\/jornaloficinas\",\"https:\\\/\\\/www.instagram.com\\\/jornal_oficinas\\\/\",\"https:\\\/\\\/www.linkedin.com\\\/company\\\/jornal-das-oficinas\\\/\",\"https:\\\/\\\/www.youtube.com\\\/channel\\\/UCbQZBqtcvV-oSQrr7RzINGg\"]},{\"@type\":\"Person\",\"@id\":\"https:\\\/\\\/jornaldasoficinas.com\\\/pt\\\/#\\\/schema\\\/person\\\/a38eef5de2c41d9e7c9ac10141afddf3\",\"name\":\"Reda\u00e7\u00e3o JO\",\"image\":{\"@type\":\"ImageObject\",\"inLanguage\":\"pt-PT\",\"@id\":\"https:\\\/\\\/secure.gravatar.com\\\/avatar\\\/71f2fa71737ad68a84fea94bc708ddac8ea5b0c4788dc2ad202f3ccb2887742f?s=96&d=wp_user_avatar&r=g\",\"url\":\"https:\\\/\\\/secure.gravatar.com\\\/avatar\\\/71f2fa71737ad68a84fea94bc708ddac8ea5b0c4788dc2ad202f3ccb2887742f?s=96&d=wp_user_avatar&r=g\",\"contentUrl\":\"https:\\\/\\\/secure.gravatar.com\\\/avatar\\\/71f2fa71737ad68a84fea94bc708ddac8ea5b0c4788dc2ad202f3ccb2887742f?s=96&d=wp_user_avatar&r=g\",\"caption\":\"Reda\u00e7\u00e3o JO\"},\"url\":\"https:\\\/\\\/jornaldasoficinas.com\\\/pt\\\/author\\\/joredacao\\\/\"}]}<\/script>\n<!-- \/ Yoast SEO plugin. -->","yoast_head_json":{"title":"Mercado de Ve\u00edculos Eletrificados subiu 30% em julho - Jornal das Oficinas","description":"Segundo dados da ACAP, julho de 2025 registou um aumento de 30% nas vendas de ve\u00edculos eletrificados em Portugal","robots":{"index":"index","follow":"follow","max-snippet":"max-snippet:-1","max-image-preview":"max-image-preview:large","max-video-preview":"max-video-preview:-1"},"canonical":"https:\/\/jornaldasoficinas.com\/pt\/mercado-de-veiculos-eletrificados-subiu-30-em-julho\/","og_locale":"pt_PT","og_type":"article","og_title":"Mercado de Ve\u00edculos Eletrificados subiu 30% em julho - Jornal das Oficinas","og_description":"Segundo dados da ACAP, julho de 2025 registou um aumento de 30% nas vendas de ve\u00edculos eletrificados em Portugal","og_url":"https:\/\/jornaldasoficinas.com\/pt\/mercado-de-veiculos-eletrificados-subiu-30-em-julho\/","og_site_name":"Jornal das Oficinas","article_publisher":"https:\/\/www.facebook.com\/jornaloficinas","article_published_time":"2025-08-12T08:49:22+00:00","og_image":[{"width":1024,"height":580,"url":"https:\/\/jornaldasoficinas.com\/pt\/wp-content\/uploads\/2025\/08\/dois-carros-eletricos-de-carregamento-na-estacao-de-carregamento-da-cidade.jpg","type":"image\/jpeg"}],"author":"Reda\u00e7\u00e3o JO","twitter_card":"summary_large_image","twitter_creator":"@jornaloficinas","twitter_site":"@jornaloficinas","twitter_misc":{"Escrito por":"Reda\u00e7\u00e3o JO","Tempo estimado de leitura":"3 minutos"},"schema":{"@context":"https:\/\/schema.org","@graph":[{"@type":"Article","@id":"https:\/\/jornaldasoficinas.com\/pt\/mercado-de-veiculos-eletrificados-subiu-30-em-julho\/#article","isPartOf":{"@id":"https:\/\/jornaldasoficinas.com\/pt\/mercado-de-veiculos-eletrificados-subiu-30-em-julho\/"},"author":{"name":"Reda\u00e7\u00e3o JO","@id":"https:\/\/jornaldasoficinas.com\/pt\/#\/schema\/person\/a38eef5de2c41d9e7c9ac10141afddf3"},"headline":"Mercado de Ve\u00edculos Eletrificados subiu 30% em julho","datePublished":"2025-08-12T08:49:22+00:00","mainEntityOfPage":{"@id":"https:\/\/jornaldasoficinas.com\/pt\/mercado-de-veiculos-eletrificados-subiu-30-em-julho\/"},"wordCount":317,"publisher":{"@id":"https:\/\/jornaldasoficinas.com\/pt\/#organization"},"image":{"@id":"https:\/\/jornaldasoficinas.com\/pt\/mercado-de-veiculos-eletrificados-subiu-30-em-julho\/#primaryimage"},"thumbnailUrl":"https:\/\/jornaldasoficinas.com\/pt\/wp-content\/uploads\/2025\/08\/dois-carros-eletricos-de-carregamento-na-estacao-de-carregamento-da-cidade.jpg","keywords":["ACAP","Crescimento","Estudo de mercado","julho de 2025","Mercado de Ve\u00edculos Eletrificados"],"articleSection":["Mercado"],"inLanguage":"pt-PT"},{"@type":"WebPage","@id":"https:\/\/jornaldasoficinas.com\/pt\/mercado-de-veiculos-eletrificados-subiu-30-em-julho\/","url":"https:\/\/jornaldasoficinas.com\/pt\/mercado-de-veiculos-eletrificados-subiu-30-em-julho\/","name":"Mercado de Ve\u00edculos Eletrificados subiu 30% em julho - Jornal das Oficinas","isPartOf":{"@id":"https:\/\/jornaldasoficinas.com\/pt\/#website"},"primaryImageOfPage":{"@id":"https:\/\/jornaldasoficinas.com\/pt\/mercado-de-veiculos-eletrificados-subiu-30-em-julho\/#primaryimage"},"image":{"@id":"https:\/\/jornaldasoficinas.com\/pt\/mercado-de-veiculos-eletrificados-subiu-30-em-julho\/#primaryimage"},"thumbnailUrl":"https:\/\/jornaldasoficinas.com\/pt\/wp-content\/uploads\/2025\/08\/dois-carros-eletricos-de-carregamento-na-estacao-de-carregamento-da-cidade.jpg","datePublished":"2025-08-12T08:49:22+00:00","description":"Segundo dados da ACAP, julho de 2025 registou um aumento de 30% nas vendas de ve\u00edculos eletrificados em Portugal","breadcrumb":{"@id":"https:\/\/jornaldasoficinas.com\/pt\/mercado-de-veiculos-eletrificados-subiu-30-em-julho\/#breadcrumb"},"inLanguage":"pt-PT","potentialAction":[{"@type":"ReadAction","target":["https:\/\/jornaldasoficinas.com\/pt\/mercado-de-veiculos-eletrificados-subiu-30-em-julho\/"]}]},{"@type":"ImageObject","inLanguage":"pt-PT","@id":"https:\/\/jornaldasoficinas.com\/pt\/mercado-de-veiculos-eletrificados-subiu-30-em-julho\/#primaryimage","url":"https:\/\/jornaldasoficinas.com\/pt\/wp-content\/uploads\/2025\/08\/dois-carros-eletricos-de-carregamento-na-estacao-de-carregamento-da-cidade.jpg","contentUrl":"https:\/\/jornaldasoficinas.com\/pt\/wp-content\/uploads\/2025\/08\/dois-carros-eletricos-de-carregamento-na-estacao-de-carregamento-da-cidade.jpg","width":1024,"height":580,"caption":"Mercado de Ve\u00edculos Eletrificados regista subida de 30% em julho"},{"@type":"BreadcrumbList","@id":"https:\/\/jornaldasoficinas.com\/pt\/mercado-de-veiculos-eletrificados-subiu-30-em-julho\/#breadcrumb","itemListElement":[{"@type":"ListItem","position":1,"name":"In\u00edcio","item":"https:\/\/jornaldasoficinas.com\/pt\/"},{"@type":"ListItem","position":2,"name":"Mercado de Ve\u00edculos Eletrificados subiu 30% em julho"}]},{"@type":"WebSite","@id":"https:\/\/jornaldasoficinas.com\/pt\/#website","url":"https:\/\/jornaldasoficinas.com\/pt\/","name":"Jornal das Oficinas","description":"Jornal independente do Aftermarket Autom\u00f3vel em Portugal","publisher":{"@id":"https:\/\/jornaldasoficinas.com\/pt\/#organization"},"potentialAction":[{"@type":"SearchAction","target":{"@type":"EntryPoint","urlTemplate":"https:\/\/jornaldasoficinas.com\/pt\/?s={search_term_string}"},"query-input":{"@type":"PropertyValueSpecification","valueRequired":true,"valueName":"search_term_string"}}],"inLanguage":"pt-PT"},{"@type":"Organization","@id":"https:\/\/jornaldasoficinas.com\/pt\/#organization","name":"Jornal das Oficinas","url":"https:\/\/jornaldasoficinas.com\/pt\/","logo":{"@type":"ImageObject","inLanguage":"pt-PT","@id":"https:\/\/jornaldasoficinas.com\/pt\/#\/schema\/logo\/image\/","url":"https:\/\/jornaldasoficinas.com\/pt\/wp-content\/uploads\/logoJO-SEO.png","contentUrl":"https:\/\/jornaldasoficinas.com\/pt\/wp-content\/uploads\/logoJO-SEO.png","width":285,"height":450,"caption":"Jornal das Oficinas"},"image":{"@id":"https:\/\/jornaldasoficinas.com\/pt\/#\/schema\/logo\/image\/"},"sameAs":["https:\/\/www.facebook.com\/jornaloficinas","https:\/\/x.com\/jornaloficinas","https:\/\/www.instagram.com\/jornal_oficinas\/","https:\/\/www.linkedin.com\/company\/jornal-das-oficinas\/","https:\/\/www.youtube.com\/channel\/UCbQZBqtcvV-oSQrr7RzINGg"]},{"@type":"Person","@id":"https:\/\/jornaldasoficinas.com\/pt\/#\/schema\/person\/a38eef5de2c41d9e7c9ac10141afddf3","name":"Reda\u00e7\u00e3o JO","image":{"@type":"ImageObject","inLanguage":"pt-PT","@id":"https:\/\/secure.gravatar.com\/avatar\/71f2fa71737ad68a84fea94bc708ddac8ea5b0c4788dc2ad202f3ccb2887742f?s=96&d=wp_user_avatar&r=g","url":"https:\/\/secure.gravatar.com\/avatar\/71f2fa71737ad68a84fea94bc708ddac8ea5b0c4788dc2ad202f3ccb2887742f?s=96&d=wp_user_avatar&r=g","contentUrl":"https:\/\/secure.gravatar.com\/avatar\/71f2fa71737ad68a84fea94bc708ddac8ea5b0c4788dc2ad202f3ccb2887742f?s=96&d=wp_user_avatar&r=g","caption":"Reda\u00e7\u00e3o JO"},"url":"https:\/\/jornaldasoficinas.com\/pt\/author\/joredacao\/"}]}},"_links":{"self":[{"href":"https:\/\/jornaldasoficinas.com\/pt\/wp-json\/wp\/v2\/posts\/105430","targetHints":{"allow":["GET"]}}],"collection":[{"href":"https:\/\/jornaldasoficinas.com\/pt\/wp-json\/wp\/v2\/posts"}],"about":[{"href":"https:\/\/jornaldasoficinas.com\/pt\/wp-json\/wp\/v2\/types\/post"}],"author":[{"embeddable":true,"href":"https:\/\/jornaldasoficinas.com\/pt\/wp-json\/wp\/v2\/users\/15"}],"replies":[{"embeddable":true,"href":"https:\/\/jornaldasoficinas.com\/pt\/wp-json\/wp\/v2\/comments?post=105430"}],"version-history":[{"count":6,"href":"https:\/\/jornaldasoficinas.com\/pt\/wp-json\/wp\/v2\/posts\/105430\/revisions"}],"predecessor-version":[{"id":105481,"href":"https:\/\/jornaldasoficinas.com\/pt\/wp-json\/wp\/v2\/posts\/105430\/revisions\/105481"}],"wp:featuredmedia":[{"embeddable":true,"href":"https:\/\/jornaldasoficinas.com\/pt\/wp-json\/wp\/v2\/media\/105436"}],"wp:attachment":[{"href":"https:\/\/jornaldasoficinas.com\/pt\/wp-json\/wp\/v2\/media?parent=105430"}],"wp:term":[{"taxonomy":"category","embeddable":true,"href":"https:\/\/jornaldasoficinas.com\/pt\/wp-json\/wp\/v2\/categories?post=105430"},{"taxonomy":"post_tag","embeddable":true,"href":"https:\/\/jornaldasoficinas.com\/pt\/wp-json\/wp\/v2\/tags?post=105430"}],"curies":[{"name":"wp","href":"https:\/\/api.w.org\/{rel}","templated":true}]}}