{"id":105454,"date":"2025-08-12T18:00:57","date_gmt":"2025-08-12T17:00:57","guid":{"rendered":"https:\/\/jornaldasoficinas.com\/pt\/?p=105454"},"modified":"2025-08-12T09:54:23","modified_gmt":"2025-08-12T08:54:23","slug":"bosch-e-cariad-aceleram-conducao-autonoma-com-ia","status":"publish","type":"post","link":"https:\/\/jornaldasoficinas.com\/pt\/bosch-e-cariad-aceleram-conducao-autonoma-com-ia\/","title":{"rendered":"Bosch e Cariad aceleram condu\u00e7\u00e3o aut\u00f3noma com IA"},"content":{"rendered":"<p><img loading=\"lazy\" decoding=\"async\" class=\"alignnone size-full wp-image-105458\" src=\"https:\/\/jornaldasoficinas.com\/pt\/wp-content\/uploads\/2025\/08\/Bosch_CARIAD_AI.jpg\" alt=\"Bosch e Cariad aceleram condu\u00e7\u00e3o aut\u00f3noma com IA\" width=\"1024\" height=\"580\" srcset=\"https:\/\/jornaldasoficinas.com\/pt\/wp-content\/uploads\/2025\/08\/Bosch_CARIAD_AI.jpg 1024w, https:\/\/jornaldasoficinas.com\/pt\/wp-content\/uploads\/2025\/08\/Bosch_CARIAD_AI-300x170.jpg 300w, https:\/\/jornaldasoficinas.com\/pt\/wp-content\/uploads\/2025\/08\/Bosch_CARIAD_AI-150x85.jpg 150w, https:\/\/jornaldasoficinas.com\/pt\/wp-content\/uploads\/2025\/08\/Bosch_CARIAD_AI-768x435.jpg 768w\" sizes=\"auto, (max-width: 1024px) 100vw, 1024px\" \/><\/p>\n<p><strong>A <a href=\"https:\/\/www.bosch.pt\/\" target=\"_blank\" rel=\"noopener\">Bosch<\/a> e a <a href=\"https:\/\/cariad.technology\/\" target=\"_blank\" rel=\"noopener\">Cariad<\/a> est\u00e3o a desenvolver, de forma independente, uma pilha de software completa para condu\u00e7\u00e3o assistida e automatizada de N\u00edvel 2 e 3, explorando o potencial total da intelig\u00eancia artificial para aumentar a seguran\u00e7a e a conveni\u00eancia na estrada<\/strong><\/p>\n<p>A Bosch e a Cariad refor\u00e7am a sua parceria no \u00e2mbito da Automated Driving Alliance, apostando em m\u00e9todos de intelig\u00eancia artificial (IA) de \u00faltima gera\u00e7\u00e3o para tornar os sistemas de assist\u00eancia ao condutor mais potentes e inteligentes. O objetivo \u00e9 aproximar a experi\u00eancia de condu\u00e7\u00e3o do comportamento natural de um condutor humano, elevando a seguran\u00e7a e o conforto a um novo patamar.<\/p>\n<p>A nova pilha de software abrange todas as tarefas essenciais \u2014 perce\u00e7\u00e3o, interpreta\u00e7\u00e3o, tomada de decis\u00e3o e a\u00e7\u00e3o \u2014 e dever\u00e1 permitir que, em diversas situa\u00e7\u00f5es, os condutores possam tirar as m\u00e3os do volante. As primeiras vers\u00f5es est\u00e3o j\u00e1 a ser testadas em estrada, com lan\u00e7amento previsto para projetos de produ\u00e7\u00e3o a partir de meados de 2026.<\/p>\n<p>O Grupo Volkswagen planeia integrar estas fun\u00e7\u00f5es na sua nova arquitetura para ve\u00edculos definidos por software, enquanto a Bosch ir\u00e1 disponibilizar a solu\u00e7\u00e3o a outros fabricantes a n\u00edvel global, promovendo a ado\u00e7\u00e3o da condu\u00e7\u00e3o automatizada em larga escala.<\/p>\n<p><strong>IA em todos os componentes tecnol\u00f3gicos<\/strong><\/p>\n<p><strong>\u00a0<\/strong>O uso de IA estende-se a toda a cadeia tecnol\u00f3gica: desde o reconhecimento de objetos e fus\u00e3o de dados de c\u00e2maras e radares, at\u00e9 ao controlo automatizado do sistema de propuls\u00e3o, dire\u00e7\u00e3o e travagem. Inspirada em abordagens de IA generativa, a tecnologia consegue analisar cen\u00e1rios de tr\u00e1fego complexos e antecipar comportamentos, tirando partido de dados multimodais e estrat\u00e9gias de Vis\u00e3o-Linguagem-A\u00e7\u00e3o (VLA) para melhorar a dete\u00e7\u00e3o de riscos e a resposta do ve\u00edculo.<\/p>\n<p>Todo o desenvolvimento \u00e9 feito com c\u00f3digo-fonte e propriedade intelectual pr\u00f3prios, assegurando controlo t\u00e9cnico total, prote\u00e7\u00e3o de dados, rastreabilidade e transpar\u00eancia das decis\u00f5es da IA.<\/p>\n<p><strong>Frotas de teste e recolha de dados massiva<\/strong><\/p>\n<p>O desempenho da pilha de IA \u00e9 continuamente otimizado atrav\u00e9s de uma frota global de testes \u2014 na Europa, Jap\u00e3o e EUA \u2014 que recolhe grandes volumes de dados, incluindo casos extremos de condu\u00e7\u00e3o. Modelos como o ID.Buzz e o Audi Q8 j\u00e1 integram a tecnologia, e centenas de novos ve\u00edculos de teste ser\u00e3o equipados com sensores avan\u00e7ados at\u00e9 ao final deste ano.<\/p>\n<p>Gra\u00e7as a este desenvolvimento integral, a condu\u00e7\u00e3o assistida e automatizada baseada em IA promete chegar ao mercado mais robusta, segura e conveniente para milh\u00f5es de condutores em todo o mundo.<\/p>\n","protected":false},"excerpt":{"rendered":"<p>A Bosch e a Cariad est\u00e3o&#8230;<\/p>\n","protected":false},"author":15,"featured_media":105458,"comment_status":"closed","ping_status":"closed","sticky":false,"template":"","format":"standard","meta":{"footnotes":""},"categories":[29],"tags":[123,2758,832,566,1087,3217],"class_list":["post-105454","post","type-post","status-publish","format-standard","has-post-thumbnail","hentry","category-empresas","tag-bosch","tag-cariad","tag-conducao-autonoma","tag-grupo-volkswagen","tag-inteligencia-artificial","tag-parceria"],"yoast_head":"<!-- This site is optimized with the Yoast SEO plugin v27.4 - https:\/\/yoast.com\/product\/yoast-seo-wordpress\/ -->\n<title>Bosch e Cariad aceleram condu\u00e7\u00e3o aut\u00f3noma com IA - Jornal das Oficinas<\/title>\n<meta name=\"description\" content=\"A Bosch e a Cariad est\u00e3o a desenvolver, de forma independente, uma pilha de software completa para condu\u00e7\u00e3o assistida e automatizada\" \/>\n<meta name=\"robots\" content=\"index, follow, max-snippet:-1, max-image-preview:large, max-video-preview:-1\" \/>\n<link rel=\"canonical\" href=\"https:\/\/jornaldasoficinas.com\/pt\/bosch-e-cariad-aceleram-conducao-autonoma-com-ia\/\" \/>\n<meta property=\"og:locale\" content=\"pt_PT\" \/>\n<meta property=\"og:type\" content=\"article\" \/>\n<meta property=\"og:title\" content=\"Bosch e Cariad aceleram condu\u00e7\u00e3o aut\u00f3noma com IA - Jornal das Oficinas\" \/>\n<meta property=\"og:description\" content=\"A Bosch e a Cariad est\u00e3o a desenvolver, de forma independente, uma pilha de software completa para condu\u00e7\u00e3o assistida e automatizada\" \/>\n<meta property=\"og:url\" content=\"https:\/\/jornaldasoficinas.com\/pt\/bosch-e-cariad-aceleram-conducao-autonoma-com-ia\/\" \/>\n<meta property=\"og:site_name\" content=\"Jornal das Oficinas\" \/>\n<meta property=\"article:publisher\" content=\"https:\/\/www.facebook.com\/jornaloficinas\" \/>\n<meta property=\"article:published_time\" content=\"2025-08-12T17:00:57+00:00\" \/>\n<meta property=\"og:image\" content=\"https:\/\/jornaldasoficinas.com\/pt\/wp-content\/uploads\/2025\/08\/Bosch_CARIAD_AI.jpg\" \/>\n\t<meta property=\"og:image:width\" content=\"1024\" \/>\n\t<meta property=\"og:image:height\" content=\"580\" \/>\n\t<meta property=\"og:image:type\" content=\"image\/jpeg\" \/>\n<meta name=\"author\" content=\"Reda\u00e7\u00e3o JO\" \/>\n<meta name=\"twitter:card\" content=\"summary_large_image\" \/>\n<meta name=\"twitter:creator\" content=\"@jornaloficinas\" \/>\n<meta name=\"twitter:site\" content=\"@jornaloficinas\" \/>\n<meta name=\"twitter:label1\" content=\"Escrito por\" \/>\n\t<meta name=\"twitter:data1\" content=\"Reda\u00e7\u00e3o JO\" \/>\n\t<meta name=\"twitter:label2\" content=\"Tempo estimado de leitura\" \/>\n\t<meta name=\"twitter:data2\" content=\"3 minutos\" \/>\n<script type=\"application\/ld+json\" class=\"yoast-schema-graph\">{\"@context\":\"https:\\\/\\\/schema.org\",\"@graph\":[{\"@type\":\"Article\",\"@id\":\"https:\\\/\\\/jornaldasoficinas.com\\\/pt\\\/bosch-e-cariad-aceleram-conducao-autonoma-com-ia\\\/#article\",\"isPartOf\":{\"@id\":\"https:\\\/\\\/jornaldasoficinas.com\\\/pt\\\/bosch-e-cariad-aceleram-conducao-autonoma-com-ia\\\/\"},\"author\":{\"name\":\"Reda\u00e7\u00e3o JO\",\"@id\":\"https:\\\/\\\/jornaldasoficinas.com\\\/pt\\\/#\\\/schema\\\/person\\\/a38eef5de2c41d9e7c9ac10141afddf3\"},\"headline\":\"Bosch e Cariad aceleram condu\u00e7\u00e3o aut\u00f3noma com IA\",\"datePublished\":\"2025-08-12T17:00:57+00:00\",\"mainEntityOfPage\":{\"@id\":\"https:\\\/\\\/jornaldasoficinas.com\\\/pt\\\/bosch-e-cariad-aceleram-conducao-autonoma-com-ia\\\/\"},\"wordCount\":462,\"publisher\":{\"@id\":\"https:\\\/\\\/jornaldasoficinas.com\\\/pt\\\/#organization\"},\"image\":{\"@id\":\"https:\\\/\\\/jornaldasoficinas.com\\\/pt\\\/bosch-e-cariad-aceleram-conducao-autonoma-com-ia\\\/#primaryimage\"},\"thumbnailUrl\":\"https:\\\/\\\/jornaldasoficinas.com\\\/pt\\\/wp-content\\\/uploads\\\/2025\\\/08\\\/Bosch_CARIAD_AI.jpg\",\"keywords\":[\"Bosch\",\"Cariad\",\"Condu\u00e7\u00e3o aut\u00f3noma\",\"Grupo Volkswagen\",\"Intelig\u00eancia artificial\",\"Parceria\"],\"articleSection\":[\"Empresas\"],\"inLanguage\":\"pt-PT\"},{\"@type\":\"WebPage\",\"@id\":\"https:\\\/\\\/jornaldasoficinas.com\\\/pt\\\/bosch-e-cariad-aceleram-conducao-autonoma-com-ia\\\/\",\"url\":\"https:\\\/\\\/jornaldasoficinas.com\\\/pt\\\/bosch-e-cariad-aceleram-conducao-autonoma-com-ia\\\/\",\"name\":\"Bosch e Cariad aceleram condu\u00e7\u00e3o aut\u00f3noma com IA - Jornal das Oficinas\",\"isPartOf\":{\"@id\":\"https:\\\/\\\/jornaldasoficinas.com\\\/pt\\\/#website\"},\"primaryImageOfPage\":{\"@id\":\"https:\\\/\\\/jornaldasoficinas.com\\\/pt\\\/bosch-e-cariad-aceleram-conducao-autonoma-com-ia\\\/#primaryimage\"},\"image\":{\"@id\":\"https:\\\/\\\/jornaldasoficinas.com\\\/pt\\\/bosch-e-cariad-aceleram-conducao-autonoma-com-ia\\\/#primaryimage\"},\"thumbnailUrl\":\"https:\\\/\\\/jornaldasoficinas.com\\\/pt\\\/wp-content\\\/uploads\\\/2025\\\/08\\\/Bosch_CARIAD_AI.jpg\",\"datePublished\":\"2025-08-12T17:00:57+00:00\",\"description\":\"A Bosch e a Cariad est\u00e3o a desenvolver, de forma independente, uma pilha de software completa para condu\u00e7\u00e3o assistida e automatizada\",\"breadcrumb\":{\"@id\":\"https:\\\/\\\/jornaldasoficinas.com\\\/pt\\\/bosch-e-cariad-aceleram-conducao-autonoma-com-ia\\\/#breadcrumb\"},\"inLanguage\":\"pt-PT\",\"potentialAction\":[{\"@type\":\"ReadAction\",\"target\":[\"https:\\\/\\\/jornaldasoficinas.com\\\/pt\\\/bosch-e-cariad-aceleram-conducao-autonoma-com-ia\\\/\"]}]},{\"@type\":\"ImageObject\",\"inLanguage\":\"pt-PT\",\"@id\":\"https:\\\/\\\/jornaldasoficinas.com\\\/pt\\\/bosch-e-cariad-aceleram-conducao-autonoma-com-ia\\\/#primaryimage\",\"url\":\"https:\\\/\\\/jornaldasoficinas.com\\\/pt\\\/wp-content\\\/uploads\\\/2025\\\/08\\\/Bosch_CARIAD_AI.jpg\",\"contentUrl\":\"https:\\\/\\\/jornaldasoficinas.com\\\/pt\\\/wp-content\\\/uploads\\\/2025\\\/08\\\/Bosch_CARIAD_AI.jpg\",\"width\":1024,\"height\":580,\"caption\":\"Bosch e Cariad aceleram condu\u00e7\u00e3o aut\u00f3noma com IA\"},{\"@type\":\"BreadcrumbList\",\"@id\":\"https:\\\/\\\/jornaldasoficinas.com\\\/pt\\\/bosch-e-cariad-aceleram-conducao-autonoma-com-ia\\\/#breadcrumb\",\"itemListElement\":[{\"@type\":\"ListItem\",\"position\":1,\"name\":\"In\u00edcio\",\"item\":\"https:\\\/\\\/jornaldasoficinas.com\\\/pt\\\/\"},{\"@type\":\"ListItem\",\"position\":2,\"name\":\"Bosch e Cariad aceleram condu\u00e7\u00e3o aut\u00f3noma com IA\"}]},{\"@type\":\"WebSite\",\"@id\":\"https:\\\/\\\/jornaldasoficinas.com\\\/pt\\\/#website\",\"url\":\"https:\\\/\\\/jornaldasoficinas.com\\\/pt\\\/\",\"name\":\"Jornal das Oficinas\",\"description\":\"Jornal independente do Aftermarket Autom\u00f3vel em Portugal\",\"publisher\":{\"@id\":\"https:\\\/\\\/jornaldasoficinas.com\\\/pt\\\/#organization\"},\"potentialAction\":[{\"@type\":\"SearchAction\",\"target\":{\"@type\":\"EntryPoint\",\"urlTemplate\":\"https:\\\/\\\/jornaldasoficinas.com\\\/pt\\\/?s={search_term_string}\"},\"query-input\":{\"@type\":\"PropertyValueSpecification\",\"valueRequired\":true,\"valueName\":\"search_term_string\"}}],\"inLanguage\":\"pt-PT\"},{\"@type\":\"Organization\",\"@id\":\"https:\\\/\\\/jornaldasoficinas.com\\\/pt\\\/#organization\",\"name\":\"Jornal das Oficinas\",\"url\":\"https:\\\/\\\/jornaldasoficinas.com\\\/pt\\\/\",\"logo\":{\"@type\":\"ImageObject\",\"inLanguage\":\"pt-PT\",\"@id\":\"https:\\\/\\\/jornaldasoficinas.com\\\/pt\\\/#\\\/schema\\\/logo\\\/image\\\/\",\"url\":\"https:\\\/\\\/jornaldasoficinas.com\\\/pt\\\/wp-content\\\/uploads\\\/logoJO-SEO.png\",\"contentUrl\":\"https:\\\/\\\/jornaldasoficinas.com\\\/pt\\\/wp-content\\\/uploads\\\/logoJO-SEO.png\",\"width\":285,\"height\":450,\"caption\":\"Jornal das Oficinas\"},\"image\":{\"@id\":\"https:\\\/\\\/jornaldasoficinas.com\\\/pt\\\/#\\\/schema\\\/logo\\\/image\\\/\"},\"sameAs\":[\"https:\\\/\\\/www.facebook.com\\\/jornaloficinas\",\"https:\\\/\\\/x.com\\\/jornaloficinas\",\"https:\\\/\\\/www.instagram.com\\\/jornal_oficinas\\\/\",\"https:\\\/\\\/www.linkedin.com\\\/company\\\/jornal-das-oficinas\\\/\",\"https:\\\/\\\/www.youtube.com\\\/channel\\\/UCbQZBqtcvV-oSQrr7RzINGg\"]},{\"@type\":\"Person\",\"@id\":\"https:\\\/\\\/jornaldasoficinas.com\\\/pt\\\/#\\\/schema\\\/person\\\/a38eef5de2c41d9e7c9ac10141afddf3\",\"name\":\"Reda\u00e7\u00e3o JO\",\"image\":{\"@type\":\"ImageObject\",\"inLanguage\":\"pt-PT\",\"@id\":\"https:\\\/\\\/secure.gravatar.com\\\/avatar\\\/71f2fa71737ad68a84fea94bc708ddac8ea5b0c4788dc2ad202f3ccb2887742f?s=96&d=wp_user_avatar&r=g\",\"url\":\"https:\\\/\\\/secure.gravatar.com\\\/avatar\\\/71f2fa71737ad68a84fea94bc708ddac8ea5b0c4788dc2ad202f3ccb2887742f?s=96&d=wp_user_avatar&r=g\",\"contentUrl\":\"https:\\\/\\\/secure.gravatar.com\\\/avatar\\\/71f2fa71737ad68a84fea94bc708ddac8ea5b0c4788dc2ad202f3ccb2887742f?s=96&d=wp_user_avatar&r=g\",\"caption\":\"Reda\u00e7\u00e3o JO\"},\"url\":\"https:\\\/\\\/jornaldasoficinas.com\\\/pt\\\/author\\\/joredacao\\\/\"}]}<\/script>\n<!-- \/ Yoast SEO plugin. -->","yoast_head_json":{"title":"Bosch e Cariad aceleram condu\u00e7\u00e3o aut\u00f3noma com IA - Jornal das Oficinas","description":"A Bosch e a Cariad est\u00e3o a desenvolver, de forma independente, uma pilha de software completa para condu\u00e7\u00e3o assistida e automatizada","robots":{"index":"index","follow":"follow","max-snippet":"max-snippet:-1","max-image-preview":"max-image-preview:large","max-video-preview":"max-video-preview:-1"},"canonical":"https:\/\/jornaldasoficinas.com\/pt\/bosch-e-cariad-aceleram-conducao-autonoma-com-ia\/","og_locale":"pt_PT","og_type":"article","og_title":"Bosch e Cariad aceleram condu\u00e7\u00e3o aut\u00f3noma com IA - Jornal das Oficinas","og_description":"A Bosch e a Cariad est\u00e3o a desenvolver, de forma independente, uma pilha de software completa para condu\u00e7\u00e3o assistida e automatizada","og_url":"https:\/\/jornaldasoficinas.com\/pt\/bosch-e-cariad-aceleram-conducao-autonoma-com-ia\/","og_site_name":"Jornal das Oficinas","article_publisher":"https:\/\/www.facebook.com\/jornaloficinas","article_published_time":"2025-08-12T17:00:57+00:00","og_image":[{"width":1024,"height":580,"url":"https:\/\/jornaldasoficinas.com\/pt\/wp-content\/uploads\/2025\/08\/Bosch_CARIAD_AI.jpg","type":"image\/jpeg"}],"author":"Reda\u00e7\u00e3o JO","twitter_card":"summary_large_image","twitter_creator":"@jornaloficinas","twitter_site":"@jornaloficinas","twitter_misc":{"Escrito por":"Reda\u00e7\u00e3o JO","Tempo estimado de leitura":"3 minutos"},"schema":{"@context":"https:\/\/schema.org","@graph":[{"@type":"Article","@id":"https:\/\/jornaldasoficinas.com\/pt\/bosch-e-cariad-aceleram-conducao-autonoma-com-ia\/#article","isPartOf":{"@id":"https:\/\/jornaldasoficinas.com\/pt\/bosch-e-cariad-aceleram-conducao-autonoma-com-ia\/"},"author":{"name":"Reda\u00e7\u00e3o JO","@id":"https:\/\/jornaldasoficinas.com\/pt\/#\/schema\/person\/a38eef5de2c41d9e7c9ac10141afddf3"},"headline":"Bosch e Cariad aceleram condu\u00e7\u00e3o aut\u00f3noma com IA","datePublished":"2025-08-12T17:00:57+00:00","mainEntityOfPage":{"@id":"https:\/\/jornaldasoficinas.com\/pt\/bosch-e-cariad-aceleram-conducao-autonoma-com-ia\/"},"wordCount":462,"publisher":{"@id":"https:\/\/jornaldasoficinas.com\/pt\/#organization"},"image":{"@id":"https:\/\/jornaldasoficinas.com\/pt\/bosch-e-cariad-aceleram-conducao-autonoma-com-ia\/#primaryimage"},"thumbnailUrl":"https:\/\/jornaldasoficinas.com\/pt\/wp-content\/uploads\/2025\/08\/Bosch_CARIAD_AI.jpg","keywords":["Bosch","Cariad","Condu\u00e7\u00e3o aut\u00f3noma","Grupo Volkswagen","Intelig\u00eancia artificial","Parceria"],"articleSection":["Empresas"],"inLanguage":"pt-PT"},{"@type":"WebPage","@id":"https:\/\/jornaldasoficinas.com\/pt\/bosch-e-cariad-aceleram-conducao-autonoma-com-ia\/","url":"https:\/\/jornaldasoficinas.com\/pt\/bosch-e-cariad-aceleram-conducao-autonoma-com-ia\/","name":"Bosch e Cariad aceleram condu\u00e7\u00e3o aut\u00f3noma com IA - Jornal das Oficinas","isPartOf":{"@id":"https:\/\/jornaldasoficinas.com\/pt\/#website"},"primaryImageOfPage":{"@id":"https:\/\/jornaldasoficinas.com\/pt\/bosch-e-cariad-aceleram-conducao-autonoma-com-ia\/#primaryimage"},"image":{"@id":"https:\/\/jornaldasoficinas.com\/pt\/bosch-e-cariad-aceleram-conducao-autonoma-com-ia\/#primaryimage"},"thumbnailUrl":"https:\/\/jornaldasoficinas.com\/pt\/wp-content\/uploads\/2025\/08\/Bosch_CARIAD_AI.jpg","datePublished":"2025-08-12T17:00:57+00:00","description":"A Bosch e a Cariad est\u00e3o a desenvolver, de forma independente, uma pilha de software completa para condu\u00e7\u00e3o assistida e automatizada","breadcrumb":{"@id":"https:\/\/jornaldasoficinas.com\/pt\/bosch-e-cariad-aceleram-conducao-autonoma-com-ia\/#breadcrumb"},"inLanguage":"pt-PT","potentialAction":[{"@type":"ReadAction","target":["https:\/\/jornaldasoficinas.com\/pt\/bosch-e-cariad-aceleram-conducao-autonoma-com-ia\/"]}]},{"@type":"ImageObject","inLanguage":"pt-PT","@id":"https:\/\/jornaldasoficinas.com\/pt\/bosch-e-cariad-aceleram-conducao-autonoma-com-ia\/#primaryimage","url":"https:\/\/jornaldasoficinas.com\/pt\/wp-content\/uploads\/2025\/08\/Bosch_CARIAD_AI.jpg","contentUrl":"https:\/\/jornaldasoficinas.com\/pt\/wp-content\/uploads\/2025\/08\/Bosch_CARIAD_AI.jpg","width":1024,"height":580,"caption":"Bosch e Cariad aceleram condu\u00e7\u00e3o aut\u00f3noma com IA"},{"@type":"BreadcrumbList","@id":"https:\/\/jornaldasoficinas.com\/pt\/bosch-e-cariad-aceleram-conducao-autonoma-com-ia\/#breadcrumb","itemListElement":[{"@type":"ListItem","position":1,"name":"In\u00edcio","item":"https:\/\/jornaldasoficinas.com\/pt\/"},{"@type":"ListItem","position":2,"name":"Bosch e Cariad aceleram condu\u00e7\u00e3o aut\u00f3noma com IA"}]},{"@type":"WebSite","@id":"https:\/\/jornaldasoficinas.com\/pt\/#website","url":"https:\/\/jornaldasoficinas.com\/pt\/","name":"Jornal das Oficinas","description":"Jornal independente do Aftermarket Autom\u00f3vel em Portugal","publisher":{"@id":"https:\/\/jornaldasoficinas.com\/pt\/#organization"},"potentialAction":[{"@type":"SearchAction","target":{"@type":"EntryPoint","urlTemplate":"https:\/\/jornaldasoficinas.com\/pt\/?s={search_term_string}"},"query-input":{"@type":"PropertyValueSpecification","valueRequired":true,"valueName":"search_term_string"}}],"inLanguage":"pt-PT"},{"@type":"Organization","@id":"https:\/\/jornaldasoficinas.com\/pt\/#organization","name":"Jornal das Oficinas","url":"https:\/\/jornaldasoficinas.com\/pt\/","logo":{"@type":"ImageObject","inLanguage":"pt-PT","@id":"https:\/\/jornaldasoficinas.com\/pt\/#\/schema\/logo\/image\/","url":"https:\/\/jornaldasoficinas.com\/pt\/wp-content\/uploads\/logoJO-SEO.png","contentUrl":"https:\/\/jornaldasoficinas.com\/pt\/wp-content\/uploads\/logoJO-SEO.png","width":285,"height":450,"caption":"Jornal das Oficinas"},"image":{"@id":"https:\/\/jornaldasoficinas.com\/pt\/#\/schema\/logo\/image\/"},"sameAs":["https:\/\/www.facebook.com\/jornaloficinas","https:\/\/x.com\/jornaloficinas","https:\/\/www.instagram.com\/jornal_oficinas\/","https:\/\/www.linkedin.com\/company\/jornal-das-oficinas\/","https:\/\/www.youtube.com\/channel\/UCbQZBqtcvV-oSQrr7RzINGg"]},{"@type":"Person","@id":"https:\/\/jornaldasoficinas.com\/pt\/#\/schema\/person\/a38eef5de2c41d9e7c9ac10141afddf3","name":"Reda\u00e7\u00e3o JO","image":{"@type":"ImageObject","inLanguage":"pt-PT","@id":"https:\/\/secure.gravatar.com\/avatar\/71f2fa71737ad68a84fea94bc708ddac8ea5b0c4788dc2ad202f3ccb2887742f?s=96&d=wp_user_avatar&r=g","url":"https:\/\/secure.gravatar.com\/avatar\/71f2fa71737ad68a84fea94bc708ddac8ea5b0c4788dc2ad202f3ccb2887742f?s=96&d=wp_user_avatar&r=g","contentUrl":"https:\/\/secure.gravatar.com\/avatar\/71f2fa71737ad68a84fea94bc708ddac8ea5b0c4788dc2ad202f3ccb2887742f?s=96&d=wp_user_avatar&r=g","caption":"Reda\u00e7\u00e3o JO"},"url":"https:\/\/jornaldasoficinas.com\/pt\/author\/joredacao\/"}]}},"_links":{"self":[{"href":"https:\/\/jornaldasoficinas.com\/pt\/wp-json\/wp\/v2\/posts\/105454","targetHints":{"allow":["GET"]}}],"collection":[{"href":"https:\/\/jornaldasoficinas.com\/pt\/wp-json\/wp\/v2\/posts"}],"about":[{"href":"https:\/\/jornaldasoficinas.com\/pt\/wp-json\/wp\/v2\/types\/post"}],"author":[{"embeddable":true,"href":"https:\/\/jornaldasoficinas.com\/pt\/wp-json\/wp\/v2\/users\/15"}],"replies":[{"embeddable":true,"href":"https:\/\/jornaldasoficinas.com\/pt\/wp-json\/wp\/v2\/comments?post=105454"}],"version-history":[{"count":5,"href":"https:\/\/jornaldasoficinas.com\/pt\/wp-json\/wp\/v2\/posts\/105454\/revisions"}],"predecessor-version":[{"id":105459,"href":"https:\/\/jornaldasoficinas.com\/pt\/wp-json\/wp\/v2\/posts\/105454\/revisions\/105459"}],"wp:featuredmedia":[{"embeddable":true,"href":"https:\/\/jornaldasoficinas.com\/pt\/wp-json\/wp\/v2\/media\/105458"}],"wp:attachment":[{"href":"https:\/\/jornaldasoficinas.com\/pt\/wp-json\/wp\/v2\/media?parent=105454"}],"wp:term":[{"taxonomy":"category","embeddable":true,"href":"https:\/\/jornaldasoficinas.com\/pt\/wp-json\/wp\/v2\/categories?post=105454"},{"taxonomy":"post_tag","embeddable":true,"href":"https:\/\/jornaldasoficinas.com\/pt\/wp-json\/wp\/v2\/tags?post=105454"}],"curies":[{"name":"wp","href":"https:\/\/api.w.org\/{rel}","templated":true}]}}