{"id":105537,"date":"2025-08-18T14:00:15","date_gmt":"2025-08-18T13:00:15","guid":{"rendered":"https:\/\/jornaldasoficinas.com\/pt\/?p=105537"},"modified":"2025-08-18T09:28:45","modified_gmt":"2025-08-18T08:28:45","slug":"nissan-eletrifica-estacao-para-camioes-eletricos","status":"publish","type":"post","link":"https:\/\/jornaldasoficinas.com\/pt\/nissan-eletrifica-estacao-para-camioes-eletricos\/","title":{"rendered":"Nissan eletrifica esta\u00e7\u00e3o para cami\u00f5es el\u00e9tricos"},"content":{"rendered":"<p><img loading=\"lazy\" decoding=\"async\" class=\"alignnone size-full wp-image-105540\" src=\"https:\/\/jornaldasoficinas.com\/pt\/wp-content\/uploads\/2025\/08\/Nissan-eletrifica-cadeia-de-abastecimento-com-estacao-de-carregamento-para-camioes-eletricos-.jpg\" alt=\"Nissan eletrifica cadeia de abastecimento com estacao de carregamento para camioes eletricos \" width=\"1024\" height=\"580\" srcset=\"https:\/\/jornaldasoficinas.com\/pt\/wp-content\/uploads\/2025\/08\/Nissan-eletrifica-cadeia-de-abastecimento-com-estacao-de-carregamento-para-camioes-eletricos-.jpg 1024w, https:\/\/jornaldasoficinas.com\/pt\/wp-content\/uploads\/2025\/08\/Nissan-eletrifica-cadeia-de-abastecimento-com-estacao-de-carregamento-para-camioes-eletricos--300x170.jpg 300w, https:\/\/jornaldasoficinas.com\/pt\/wp-content\/uploads\/2025\/08\/Nissan-eletrifica-cadeia-de-abastecimento-com-estacao-de-carregamento-para-camioes-eletricos--150x85.jpg 150w, https:\/\/jornaldasoficinas.com\/pt\/wp-content\/uploads\/2025\/08\/Nissan-eletrifica-cadeia-de-abastecimento-com-estacao-de-carregamento-para-camioes-eletricos--768x435.jpg 768w\" sizes=\"auto, (max-width: 1024px) 100vw, 1024px\" \/><\/p>\n<p><strong>A <a href=\"https:\/\/www.nissan.pt\/\" target=\"_blank\" rel=\"noopener\">Nissan<\/a> inaugurou uma esta\u00e7\u00e3o de carregamento de cami\u00f5es el\u00e9tricos que poder\u00e1 poupar 1500 toneladas de CO2 por ano na sua f\u00e1brica em Sunderland<\/strong><\/p>\n<p>O projeto \u00e9 o primeiro na ind\u00fastria autom\u00f3vel do Reino Unido, estabelecendo uma cadeia de abastecimento totalmente el\u00e9trica de transporte de produtos para a f\u00e1brica da Nissan e entrega de ve\u00edculos novos. Al\u00e9m disso, tamb\u00e9m \u00e9 o primeiro projeto do g\u00e9nero com uma esta\u00e7\u00e3o de carregamento privada partilhada no Reino Unido.<\/p>\n<p>A instala\u00e7\u00e3o, que custou 1,4 milh\u00f5es de libras (cerca de 1,6 milh\u00f5es de euros), inclui sete esta\u00e7\u00f5es de carregamento capazes de alimentar at\u00e9 dez eHGVs em simult\u00e2neo. O projeto complementa a vis\u00e3o EV36Zero da f\u00e1brica para a produ\u00e7\u00e3o sustent\u00e1vel, reunindo ve\u00edculos el\u00e9tricos, energia renov\u00e1vel e produ\u00e7\u00e3o de baterias.<\/p>\n<p>Michael Simpson, vice-presidente da \u00e1rea de gest\u00e3o da cadeia de abastecimento da Nissan AMIEO, afirmou: &#8220;\u00c9 fant\u00e1stico que a nossa f\u00e1brica esteja a liderar a transi\u00e7\u00e3o para uma cadeia de abastecimento eletrificada com este projeto. Agradecemos o apoio que recebemos dos nossos parceiros para concretizar a esta\u00e7\u00e3o de carregamento e estamos orgulhosos do que alcan\u00e7\u00e1mos. A esta\u00e7\u00e3o de carregamento tem um excelente aspeto e \u00e9 um grande passo em frente na vis\u00e3o EV360 da Nissan, que re\u00fane ve\u00edculos el\u00e9tricos, energia sem emiss\u00f5es de carbono e fabrico de baterias&#8221;.<\/p>\n<p>A esta\u00e7\u00e3o ir\u00e1 apoiar 60 entregas di\u00e1rias feitas por eHGV de v\u00e1rios pontos do Reino Unido para a f\u00e1brica e representa apenas o in\u00edcio da jornada rumo \u00e0 eletrifica\u00e7\u00e3o da cadeia de abastecimento da f\u00e1brica de Sunderland. Michael Simpson acrescentou: &#8220;Estamos a explorar outras oportunidades para permitir que outras transportadoras utilizem a esta\u00e7\u00e3o de carregamento, bem como a analisar outras oportunidades para maximizar todo o seu potencial&#8221;.<\/p>\n<p>A esta\u00e7\u00e3o de carregamento ir\u00e1 suportar uma frota de 25 cami\u00f5es com uma capacidade de carregamento de at\u00e9 360 kW. Os cami\u00f5es ir\u00e3o recolher pe\u00e7as de fornecedores da Nissan no Reino Unido, que se estende at\u00e9 Derby, bem como entregar ve\u00edculos produzidos de e para o porto de Tyne. Isto equivale a mais de 2,4 milh\u00f5es de quil\u00f3metros percorridos por ano, totalmente eletrificados, poupando 1500 toneladas de CO2 anualmente.<\/p>\n<p>Reunindo a Nissan, a Fergusons, a Yusen e a BCA, o projeto faz parte do cons\u00f3rcio Electric Freightway que est\u00e1 a tornar sustent\u00e1vel a log\u00edstica de transporte atrav\u00e9s da ado\u00e7\u00e3o de eHGVs e infraestruturas de carregamento de alta pot\u00eancia.<\/p>\n<p>Liderado pela GRIDSERVE, o Electric Freightway faz parte do programa Zero Emission HGV and Infrastructure Demonstrator, financiado pelo governo do Reino Unido e realizado em parceria com a Innovate UK.<\/p>\n<p>A Ministra do Governo do Reino Unido para o Futuro das Estradas, Lilian Greenwood, afirmou: &#8220;Estamos a trabalhar em estreita colabora\u00e7\u00e3o com o setor do transporte rodovi\u00e1rio de mercadorias para reduzir as emiss\u00f5es dos transportes, e o nosso programa de ve\u00edculos pesados de mercadorias com emiss\u00f5es zero, no valor de 200 milh\u00f5es de libras, est\u00e1 a ajudar as empresas de todo o pa\u00eds a impulsionar a eletrifica\u00e7\u00e3o das suas frotas&#8221;.<\/p>\n<p>&#8220;\u00c9 \u00f3timo ver a Nissan a tirar partido do nosso programa, que est\u00e1 a apoiar a cria\u00e7\u00e3o de empregos bem remunerados \u2013 tudo isto faz parte da concretiza\u00e7\u00e3o do nosso Plano para a Mudan\u00e7a&#8221;, concluiu.<\/p>\n<p>Daniel Kunkel, CEO da GRIDSERVE, referiu ainda que: &#8220;A descarboniza\u00e7\u00e3o da log\u00edstica e transportes \u00e9 muito mais forte e tem um alcance muito maior quando feita em parceria. \u00c9 por isso que, como l\u00edderes do cons\u00f3rcio Electric Freightway, estamos muito satisfeitos por apoiar esta iniciativa pioneira no Reino Unido com a Nissan e os seus parceiros de transporte. O carregamento em dep\u00f3sitos \u00e9 fundamental para a eletrifica\u00e7\u00e3o dos ve\u00edculos pesados de mercadorias, acompanhando os futuros desenvolvimentos das infraestruturas p\u00fablicas. Como primeiro local de utiliza\u00e7\u00e3o partilhada, este local est\u00e1 a liderar o caminho na log\u00edstica sustent\u00e1vel de mercadorias&#8221;.<\/p>\n","protected":false},"excerpt":{"rendered":"<p>A Nissan inaugurou uma esta\u00e7\u00e3o de&#8230;<\/p>\n","protected":false},"author":15,"featured_media":105540,"comment_status":"closed","ping_status":"closed","sticky":false,"template":"","format":"standard","meta":{"footnotes":""},"categories":[36],"tags":[1503,6401,11829,312,13331,89],"class_list":["post-105537","post","type-post","status-publish","format-standard","has-post-thumbnail","hentry","category-pesados","tag-camioes-eletricos","tag-estacao-de-carregamento","tag-fabrica","tag-nissan","tag-producao-sustentavel","tag-veiculos-eletricos"],"yoast_head":"<!-- This site is optimized with the Yoast SEO plugin v27.4 - https:\/\/yoast.com\/product\/yoast-seo-wordpress\/ -->\n<title>Nissan eletrifica esta\u00e7\u00e3o para cami\u00f5es el\u00e9tricos - Jornal das Oficinas<\/title>\n<meta name=\"description\" content=\"A Nissan inaugurou uma esta\u00e7\u00e3o de carregamento de cami\u00f5es el\u00e9tricos que poder\u00e1 poupar 1500 toneladas de CO2 por ano\" \/>\n<meta name=\"robots\" content=\"index, follow, max-snippet:-1, max-image-preview:large, max-video-preview:-1\" \/>\n<link rel=\"canonical\" href=\"https:\/\/jornaldasoficinas.com\/pt\/nissan-eletrifica-estacao-para-camioes-eletricos\/\" \/>\n<meta property=\"og:locale\" content=\"pt_PT\" \/>\n<meta property=\"og:type\" content=\"article\" \/>\n<meta property=\"og:title\" content=\"Nissan eletrifica esta\u00e7\u00e3o para cami\u00f5es el\u00e9tricos - Jornal das Oficinas\" \/>\n<meta property=\"og:description\" content=\"A Nissan inaugurou uma esta\u00e7\u00e3o de carregamento de cami\u00f5es el\u00e9tricos que poder\u00e1 poupar 1500 toneladas de CO2 por ano\" \/>\n<meta property=\"og:url\" content=\"https:\/\/jornaldasoficinas.com\/pt\/nissan-eletrifica-estacao-para-camioes-eletricos\/\" \/>\n<meta property=\"og:site_name\" content=\"Jornal das Oficinas\" \/>\n<meta property=\"article:publisher\" content=\"https:\/\/www.facebook.com\/jornaloficinas\" \/>\n<meta property=\"article:published_time\" content=\"2025-08-18T13:00:15+00:00\" \/>\n<meta property=\"og:image\" content=\"https:\/\/jornaldasoficinas.com\/pt\/wp-content\/uploads\/2025\/08\/Nissan-eletrifica-cadeia-de-abastecimento-com-estacao-de-carregamento-para-camioes-eletricos-.jpg\" \/>\n\t<meta property=\"og:image:width\" content=\"1024\" \/>\n\t<meta property=\"og:image:height\" content=\"580\" \/>\n\t<meta property=\"og:image:type\" content=\"image\/jpeg\" \/>\n<meta name=\"author\" content=\"Reda\u00e7\u00e3o JO\" \/>\n<meta name=\"twitter:card\" content=\"summary_large_image\" \/>\n<meta name=\"twitter:creator\" content=\"@jornaloficinas\" \/>\n<meta name=\"twitter:site\" content=\"@jornaloficinas\" \/>\n<meta name=\"twitter:label1\" content=\"Escrito por\" \/>\n\t<meta name=\"twitter:data1\" content=\"Reda\u00e7\u00e3o JO\" \/>\n\t<meta name=\"twitter:label2\" content=\"Tempo estimado de leitura\" \/>\n\t<meta name=\"twitter:data2\" content=\"4 minutos\" \/>\n<script type=\"application\/ld+json\" class=\"yoast-schema-graph\">{\"@context\":\"https:\\\/\\\/schema.org\",\"@graph\":[{\"@type\":\"Article\",\"@id\":\"https:\\\/\\\/jornaldasoficinas.com\\\/pt\\\/nissan-eletrifica-estacao-para-camioes-eletricos\\\/#article\",\"isPartOf\":{\"@id\":\"https:\\\/\\\/jornaldasoficinas.com\\\/pt\\\/nissan-eletrifica-estacao-para-camioes-eletricos\\\/\"},\"author\":{\"name\":\"Reda\u00e7\u00e3o JO\",\"@id\":\"https:\\\/\\\/jornaldasoficinas.com\\\/pt\\\/#\\\/schema\\\/person\\\/a38eef5de2c41d9e7c9ac10141afddf3\"},\"headline\":\"Nissan eletrifica esta\u00e7\u00e3o para cami\u00f5es el\u00e9tricos\",\"datePublished\":\"2025-08-18T13:00:15+00:00\",\"mainEntityOfPage\":{\"@id\":\"https:\\\/\\\/jornaldasoficinas.com\\\/pt\\\/nissan-eletrifica-estacao-para-camioes-eletricos\\\/\"},\"wordCount\":691,\"publisher\":{\"@id\":\"https:\\\/\\\/jornaldasoficinas.com\\\/pt\\\/#organization\"},\"image\":{\"@id\":\"https:\\\/\\\/jornaldasoficinas.com\\\/pt\\\/nissan-eletrifica-estacao-para-camioes-eletricos\\\/#primaryimage\"},\"thumbnailUrl\":\"https:\\\/\\\/jornaldasoficinas.com\\\/pt\\\/wp-content\\\/uploads\\\/2025\\\/08\\\/Nissan-eletrifica-cadeia-de-abastecimento-com-estacao-de-carregamento-para-camioes-eletricos-.jpg\",\"keywords\":[\"Cami\u00f5es el\u00e9tricos\",\"esta\u00e7\u00e3o de carregamento\",\"f\u00e1brica\",\"Nissan\",\"produ\u00e7\u00e3o sustent\u00e1vel\",\"Ve\u00edculos el\u00e9tricos\"],\"articleSection\":[\"Pesados\"],\"inLanguage\":\"pt-PT\"},{\"@type\":\"WebPage\",\"@id\":\"https:\\\/\\\/jornaldasoficinas.com\\\/pt\\\/nissan-eletrifica-estacao-para-camioes-eletricos\\\/\",\"url\":\"https:\\\/\\\/jornaldasoficinas.com\\\/pt\\\/nissan-eletrifica-estacao-para-camioes-eletricos\\\/\",\"name\":\"Nissan eletrifica esta\u00e7\u00e3o para cami\u00f5es el\u00e9tricos - Jornal das Oficinas\",\"isPartOf\":{\"@id\":\"https:\\\/\\\/jornaldasoficinas.com\\\/pt\\\/#website\"},\"primaryImageOfPage\":{\"@id\":\"https:\\\/\\\/jornaldasoficinas.com\\\/pt\\\/nissan-eletrifica-estacao-para-camioes-eletricos\\\/#primaryimage\"},\"image\":{\"@id\":\"https:\\\/\\\/jornaldasoficinas.com\\\/pt\\\/nissan-eletrifica-estacao-para-camioes-eletricos\\\/#primaryimage\"},\"thumbnailUrl\":\"https:\\\/\\\/jornaldasoficinas.com\\\/pt\\\/wp-content\\\/uploads\\\/2025\\\/08\\\/Nissan-eletrifica-cadeia-de-abastecimento-com-estacao-de-carregamento-para-camioes-eletricos-.jpg\",\"datePublished\":\"2025-08-18T13:00:15+00:00\",\"description\":\"A Nissan inaugurou uma esta\u00e7\u00e3o de carregamento de cami\u00f5es el\u00e9tricos que poder\u00e1 poupar 1500 toneladas de CO2 por ano\",\"breadcrumb\":{\"@id\":\"https:\\\/\\\/jornaldasoficinas.com\\\/pt\\\/nissan-eletrifica-estacao-para-camioes-eletricos\\\/#breadcrumb\"},\"inLanguage\":\"pt-PT\",\"potentialAction\":[{\"@type\":\"ReadAction\",\"target\":[\"https:\\\/\\\/jornaldasoficinas.com\\\/pt\\\/nissan-eletrifica-estacao-para-camioes-eletricos\\\/\"]}]},{\"@type\":\"ImageObject\",\"inLanguage\":\"pt-PT\",\"@id\":\"https:\\\/\\\/jornaldasoficinas.com\\\/pt\\\/nissan-eletrifica-estacao-para-camioes-eletricos\\\/#primaryimage\",\"url\":\"https:\\\/\\\/jornaldasoficinas.com\\\/pt\\\/wp-content\\\/uploads\\\/2025\\\/08\\\/Nissan-eletrifica-cadeia-de-abastecimento-com-estacao-de-carregamento-para-camioes-eletricos-.jpg\",\"contentUrl\":\"https:\\\/\\\/jornaldasoficinas.com\\\/pt\\\/wp-content\\\/uploads\\\/2025\\\/08\\\/Nissan-eletrifica-cadeia-de-abastecimento-com-estacao-de-carregamento-para-camioes-eletricos-.jpg\",\"width\":1024,\"height\":580,\"caption\":\"Nissan eletrifica cadeia de abastecimento com estacao de carregamento para camioes eletricos\"},{\"@type\":\"BreadcrumbList\",\"@id\":\"https:\\\/\\\/jornaldasoficinas.com\\\/pt\\\/nissan-eletrifica-estacao-para-camioes-eletricos\\\/#breadcrumb\",\"itemListElement\":[{\"@type\":\"ListItem\",\"position\":1,\"name\":\"In\u00edcio\",\"item\":\"https:\\\/\\\/jornaldasoficinas.com\\\/pt\\\/\"},{\"@type\":\"ListItem\",\"position\":2,\"name\":\"Nissan eletrifica esta\u00e7\u00e3o para cami\u00f5es el\u00e9tricos\"}]},{\"@type\":\"WebSite\",\"@id\":\"https:\\\/\\\/jornaldasoficinas.com\\\/pt\\\/#website\",\"url\":\"https:\\\/\\\/jornaldasoficinas.com\\\/pt\\\/\",\"name\":\"Jornal das Oficinas\",\"description\":\"Jornal independente do Aftermarket Autom\u00f3vel em Portugal\",\"publisher\":{\"@id\":\"https:\\\/\\\/jornaldasoficinas.com\\\/pt\\\/#organization\"},\"potentialAction\":[{\"@type\":\"SearchAction\",\"target\":{\"@type\":\"EntryPoint\",\"urlTemplate\":\"https:\\\/\\\/jornaldasoficinas.com\\\/pt\\\/?s={search_term_string}\"},\"query-input\":{\"@type\":\"PropertyValueSpecification\",\"valueRequired\":true,\"valueName\":\"search_term_string\"}}],\"inLanguage\":\"pt-PT\"},{\"@type\":\"Organization\",\"@id\":\"https:\\\/\\\/jornaldasoficinas.com\\\/pt\\\/#organization\",\"name\":\"Jornal das Oficinas\",\"url\":\"https:\\\/\\\/jornaldasoficinas.com\\\/pt\\\/\",\"logo\":{\"@type\":\"ImageObject\",\"inLanguage\":\"pt-PT\",\"@id\":\"https:\\\/\\\/jornaldasoficinas.com\\\/pt\\\/#\\\/schema\\\/logo\\\/image\\\/\",\"url\":\"https:\\\/\\\/jornaldasoficinas.com\\\/pt\\\/wp-content\\\/uploads\\\/logoJO-SEO.png\",\"contentUrl\":\"https:\\\/\\\/jornaldasoficinas.com\\\/pt\\\/wp-content\\\/uploads\\\/logoJO-SEO.png\",\"width\":285,\"height\":450,\"caption\":\"Jornal das Oficinas\"},\"image\":{\"@id\":\"https:\\\/\\\/jornaldasoficinas.com\\\/pt\\\/#\\\/schema\\\/logo\\\/image\\\/\"},\"sameAs\":[\"https:\\\/\\\/www.facebook.com\\\/jornaloficinas\",\"https:\\\/\\\/x.com\\\/jornaloficinas\",\"https:\\\/\\\/www.instagram.com\\\/jornal_oficinas\\\/\",\"https:\\\/\\\/www.linkedin.com\\\/company\\\/jornal-das-oficinas\\\/\",\"https:\\\/\\\/www.youtube.com\\\/channel\\\/UCbQZBqtcvV-oSQrr7RzINGg\"]},{\"@type\":\"Person\",\"@id\":\"https:\\\/\\\/jornaldasoficinas.com\\\/pt\\\/#\\\/schema\\\/person\\\/a38eef5de2c41d9e7c9ac10141afddf3\",\"name\":\"Reda\u00e7\u00e3o JO\",\"image\":{\"@type\":\"ImageObject\",\"inLanguage\":\"pt-PT\",\"@id\":\"https:\\\/\\\/secure.gravatar.com\\\/avatar\\\/71f2fa71737ad68a84fea94bc708ddac8ea5b0c4788dc2ad202f3ccb2887742f?s=96&d=wp_user_avatar&r=g\",\"url\":\"https:\\\/\\\/secure.gravatar.com\\\/avatar\\\/71f2fa71737ad68a84fea94bc708ddac8ea5b0c4788dc2ad202f3ccb2887742f?s=96&d=wp_user_avatar&r=g\",\"contentUrl\":\"https:\\\/\\\/secure.gravatar.com\\\/avatar\\\/71f2fa71737ad68a84fea94bc708ddac8ea5b0c4788dc2ad202f3ccb2887742f?s=96&d=wp_user_avatar&r=g\",\"caption\":\"Reda\u00e7\u00e3o JO\"},\"url\":\"https:\\\/\\\/jornaldasoficinas.com\\\/pt\\\/author\\\/joredacao\\\/\"}]}<\/script>\n<!-- \/ Yoast SEO plugin. -->","yoast_head_json":{"title":"Nissan eletrifica esta\u00e7\u00e3o para cami\u00f5es el\u00e9tricos - Jornal das Oficinas","description":"A Nissan inaugurou uma esta\u00e7\u00e3o de carregamento de cami\u00f5es el\u00e9tricos que poder\u00e1 poupar 1500 toneladas de CO2 por ano","robots":{"index":"index","follow":"follow","max-snippet":"max-snippet:-1","max-image-preview":"max-image-preview:large","max-video-preview":"max-video-preview:-1"},"canonical":"https:\/\/jornaldasoficinas.com\/pt\/nissan-eletrifica-estacao-para-camioes-eletricos\/","og_locale":"pt_PT","og_type":"article","og_title":"Nissan eletrifica esta\u00e7\u00e3o para cami\u00f5es el\u00e9tricos - Jornal das Oficinas","og_description":"A Nissan inaugurou uma esta\u00e7\u00e3o de carregamento de cami\u00f5es el\u00e9tricos que poder\u00e1 poupar 1500 toneladas de CO2 por ano","og_url":"https:\/\/jornaldasoficinas.com\/pt\/nissan-eletrifica-estacao-para-camioes-eletricos\/","og_site_name":"Jornal das Oficinas","article_publisher":"https:\/\/www.facebook.com\/jornaloficinas","article_published_time":"2025-08-18T13:00:15+00:00","og_image":[{"width":1024,"height":580,"url":"https:\/\/jornaldasoficinas.com\/pt\/wp-content\/uploads\/2025\/08\/Nissan-eletrifica-cadeia-de-abastecimento-com-estacao-de-carregamento-para-camioes-eletricos-.jpg","type":"image\/jpeg"}],"author":"Reda\u00e7\u00e3o JO","twitter_card":"summary_large_image","twitter_creator":"@jornaloficinas","twitter_site":"@jornaloficinas","twitter_misc":{"Escrito por":"Reda\u00e7\u00e3o JO","Tempo estimado de leitura":"4 minutos"},"schema":{"@context":"https:\/\/schema.org","@graph":[{"@type":"Article","@id":"https:\/\/jornaldasoficinas.com\/pt\/nissan-eletrifica-estacao-para-camioes-eletricos\/#article","isPartOf":{"@id":"https:\/\/jornaldasoficinas.com\/pt\/nissan-eletrifica-estacao-para-camioes-eletricos\/"},"author":{"name":"Reda\u00e7\u00e3o JO","@id":"https:\/\/jornaldasoficinas.com\/pt\/#\/schema\/person\/a38eef5de2c41d9e7c9ac10141afddf3"},"headline":"Nissan eletrifica esta\u00e7\u00e3o para cami\u00f5es el\u00e9tricos","datePublished":"2025-08-18T13:00:15+00:00","mainEntityOfPage":{"@id":"https:\/\/jornaldasoficinas.com\/pt\/nissan-eletrifica-estacao-para-camioes-eletricos\/"},"wordCount":691,"publisher":{"@id":"https:\/\/jornaldasoficinas.com\/pt\/#organization"},"image":{"@id":"https:\/\/jornaldasoficinas.com\/pt\/nissan-eletrifica-estacao-para-camioes-eletricos\/#primaryimage"},"thumbnailUrl":"https:\/\/jornaldasoficinas.com\/pt\/wp-content\/uploads\/2025\/08\/Nissan-eletrifica-cadeia-de-abastecimento-com-estacao-de-carregamento-para-camioes-eletricos-.jpg","keywords":["Cami\u00f5es el\u00e9tricos","esta\u00e7\u00e3o de carregamento","f\u00e1brica","Nissan","produ\u00e7\u00e3o sustent\u00e1vel","Ve\u00edculos el\u00e9tricos"],"articleSection":["Pesados"],"inLanguage":"pt-PT"},{"@type":"WebPage","@id":"https:\/\/jornaldasoficinas.com\/pt\/nissan-eletrifica-estacao-para-camioes-eletricos\/","url":"https:\/\/jornaldasoficinas.com\/pt\/nissan-eletrifica-estacao-para-camioes-eletricos\/","name":"Nissan eletrifica esta\u00e7\u00e3o para cami\u00f5es el\u00e9tricos - Jornal das Oficinas","isPartOf":{"@id":"https:\/\/jornaldasoficinas.com\/pt\/#website"},"primaryImageOfPage":{"@id":"https:\/\/jornaldasoficinas.com\/pt\/nissan-eletrifica-estacao-para-camioes-eletricos\/#primaryimage"},"image":{"@id":"https:\/\/jornaldasoficinas.com\/pt\/nissan-eletrifica-estacao-para-camioes-eletricos\/#primaryimage"},"thumbnailUrl":"https:\/\/jornaldasoficinas.com\/pt\/wp-content\/uploads\/2025\/08\/Nissan-eletrifica-cadeia-de-abastecimento-com-estacao-de-carregamento-para-camioes-eletricos-.jpg","datePublished":"2025-08-18T13:00:15+00:00","description":"A Nissan inaugurou uma esta\u00e7\u00e3o de carregamento de cami\u00f5es el\u00e9tricos que poder\u00e1 poupar 1500 toneladas de CO2 por ano","breadcrumb":{"@id":"https:\/\/jornaldasoficinas.com\/pt\/nissan-eletrifica-estacao-para-camioes-eletricos\/#breadcrumb"},"inLanguage":"pt-PT","potentialAction":[{"@type":"ReadAction","target":["https:\/\/jornaldasoficinas.com\/pt\/nissan-eletrifica-estacao-para-camioes-eletricos\/"]}]},{"@type":"ImageObject","inLanguage":"pt-PT","@id":"https:\/\/jornaldasoficinas.com\/pt\/nissan-eletrifica-estacao-para-camioes-eletricos\/#primaryimage","url":"https:\/\/jornaldasoficinas.com\/pt\/wp-content\/uploads\/2025\/08\/Nissan-eletrifica-cadeia-de-abastecimento-com-estacao-de-carregamento-para-camioes-eletricos-.jpg","contentUrl":"https:\/\/jornaldasoficinas.com\/pt\/wp-content\/uploads\/2025\/08\/Nissan-eletrifica-cadeia-de-abastecimento-com-estacao-de-carregamento-para-camioes-eletricos-.jpg","width":1024,"height":580,"caption":"Nissan eletrifica cadeia de abastecimento com estacao de carregamento para camioes eletricos"},{"@type":"BreadcrumbList","@id":"https:\/\/jornaldasoficinas.com\/pt\/nissan-eletrifica-estacao-para-camioes-eletricos\/#breadcrumb","itemListElement":[{"@type":"ListItem","position":1,"name":"In\u00edcio","item":"https:\/\/jornaldasoficinas.com\/pt\/"},{"@type":"ListItem","position":2,"name":"Nissan eletrifica esta\u00e7\u00e3o para cami\u00f5es el\u00e9tricos"}]},{"@type":"WebSite","@id":"https:\/\/jornaldasoficinas.com\/pt\/#website","url":"https:\/\/jornaldasoficinas.com\/pt\/","name":"Jornal das Oficinas","description":"Jornal independente do Aftermarket Autom\u00f3vel em Portugal","publisher":{"@id":"https:\/\/jornaldasoficinas.com\/pt\/#organization"},"potentialAction":[{"@type":"SearchAction","target":{"@type":"EntryPoint","urlTemplate":"https:\/\/jornaldasoficinas.com\/pt\/?s={search_term_string}"},"query-input":{"@type":"PropertyValueSpecification","valueRequired":true,"valueName":"search_term_string"}}],"inLanguage":"pt-PT"},{"@type":"Organization","@id":"https:\/\/jornaldasoficinas.com\/pt\/#organization","name":"Jornal das Oficinas","url":"https:\/\/jornaldasoficinas.com\/pt\/","logo":{"@type":"ImageObject","inLanguage":"pt-PT","@id":"https:\/\/jornaldasoficinas.com\/pt\/#\/schema\/logo\/image\/","url":"https:\/\/jornaldasoficinas.com\/pt\/wp-content\/uploads\/logoJO-SEO.png","contentUrl":"https:\/\/jornaldasoficinas.com\/pt\/wp-content\/uploads\/logoJO-SEO.png","width":285,"height":450,"caption":"Jornal das Oficinas"},"image":{"@id":"https:\/\/jornaldasoficinas.com\/pt\/#\/schema\/logo\/image\/"},"sameAs":["https:\/\/www.facebook.com\/jornaloficinas","https:\/\/x.com\/jornaloficinas","https:\/\/www.instagram.com\/jornal_oficinas\/","https:\/\/www.linkedin.com\/company\/jornal-das-oficinas\/","https:\/\/www.youtube.com\/channel\/UCbQZBqtcvV-oSQrr7RzINGg"]},{"@type":"Person","@id":"https:\/\/jornaldasoficinas.com\/pt\/#\/schema\/person\/a38eef5de2c41d9e7c9ac10141afddf3","name":"Reda\u00e7\u00e3o JO","image":{"@type":"ImageObject","inLanguage":"pt-PT","@id":"https:\/\/secure.gravatar.com\/avatar\/71f2fa71737ad68a84fea94bc708ddac8ea5b0c4788dc2ad202f3ccb2887742f?s=96&d=wp_user_avatar&r=g","url":"https:\/\/secure.gravatar.com\/avatar\/71f2fa71737ad68a84fea94bc708ddac8ea5b0c4788dc2ad202f3ccb2887742f?s=96&d=wp_user_avatar&r=g","contentUrl":"https:\/\/secure.gravatar.com\/avatar\/71f2fa71737ad68a84fea94bc708ddac8ea5b0c4788dc2ad202f3ccb2887742f?s=96&d=wp_user_avatar&r=g","caption":"Reda\u00e7\u00e3o JO"},"url":"https:\/\/jornaldasoficinas.com\/pt\/author\/joredacao\/"}]}},"_links":{"self":[{"href":"https:\/\/jornaldasoficinas.com\/pt\/wp-json\/wp\/v2\/posts\/105537","targetHints":{"allow":["GET"]}}],"collection":[{"href":"https:\/\/jornaldasoficinas.com\/pt\/wp-json\/wp\/v2\/posts"}],"about":[{"href":"https:\/\/jornaldasoficinas.com\/pt\/wp-json\/wp\/v2\/types\/post"}],"author":[{"embeddable":true,"href":"https:\/\/jornaldasoficinas.com\/pt\/wp-json\/wp\/v2\/users\/15"}],"replies":[{"embeddable":true,"href":"https:\/\/jornaldasoficinas.com\/pt\/wp-json\/wp\/v2\/comments?post=105537"}],"version-history":[{"count":3,"href":"https:\/\/jornaldasoficinas.com\/pt\/wp-json\/wp\/v2\/posts\/105537\/revisions"}],"predecessor-version":[{"id":105541,"href":"https:\/\/jornaldasoficinas.com\/pt\/wp-json\/wp\/v2\/posts\/105537\/revisions\/105541"}],"wp:featuredmedia":[{"embeddable":true,"href":"https:\/\/jornaldasoficinas.com\/pt\/wp-json\/wp\/v2\/media\/105540"}],"wp:attachment":[{"href":"https:\/\/jornaldasoficinas.com\/pt\/wp-json\/wp\/v2\/media?parent=105537"}],"wp:term":[{"taxonomy":"category","embeddable":true,"href":"https:\/\/jornaldasoficinas.com\/pt\/wp-json\/wp\/v2\/categories?post=105537"},{"taxonomy":"post_tag","embeddable":true,"href":"https:\/\/jornaldasoficinas.com\/pt\/wp-json\/wp\/v2\/tags?post=105537"}],"curies":[{"name":"wp","href":"https:\/\/api.w.org\/{rel}","templated":true}]}}