{"id":105550,"date":"2025-08-18T18:00:13","date_gmt":"2025-08-18T17:00:13","guid":{"rendered":"https:\/\/jornaldasoficinas.com\/pt\/?p=105550"},"modified":"2025-08-18T09:30:37","modified_gmt":"2025-08-18T08:30:37","slug":"auto-recto-torna-se-representante-oficial-da-mta-em-portugal","status":"publish","type":"post","link":"https:\/\/jornaldasoficinas.com\/pt\/auto-recto-torna-se-representante-oficial-da-mta-em-portugal\/","title":{"rendered":"Auto Recto torna-se representante oficial da MTA em Portugal"},"content":{"rendered":"<p><img loading=\"lazy\" decoding=\"async\" class=\"alignnone size-full wp-image-105555\" src=\"https:\/\/jornaldasoficinas.com\/pt\/wp-content\/uploads\/2025\/08\/Auto-Recto-torna-se-representante-oficial-da-MTA-em-Portugal-scaled.png\" alt=\"Auto Recto torna se representante oficial da MTA em Portugal\" width=\"2560\" height=\"1440\" srcset=\"https:\/\/jornaldasoficinas.com\/pt\/wp-content\/uploads\/2025\/08\/Auto-Recto-torna-se-representante-oficial-da-MTA-em-Portugal-scaled.png 2560w, https:\/\/jornaldasoficinas.com\/pt\/wp-content\/uploads\/2025\/08\/Auto-Recto-torna-se-representante-oficial-da-MTA-em-Portugal-300x169.png 300w, https:\/\/jornaldasoficinas.com\/pt\/wp-content\/uploads\/2025\/08\/Auto-Recto-torna-se-representante-oficial-da-MTA-em-Portugal-1024x576.png 1024w, https:\/\/jornaldasoficinas.com\/pt\/wp-content\/uploads\/2025\/08\/Auto-Recto-torna-se-representante-oficial-da-MTA-em-Portugal-150x85.png 150w, https:\/\/jornaldasoficinas.com\/pt\/wp-content\/uploads\/2025\/08\/Auto-Recto-torna-se-representante-oficial-da-MTA-em-Portugal-768x432.png 768w\" sizes=\"auto, (max-width: 2560px) 100vw, 2560px\" \/><\/p>\n<p><strong>A <a href=\"https:\/\/www.autorecto.com\/\" target=\"_blank\" rel=\"noopener\">Auto Recto<\/a> passou a representar oficialmente a <a href=\"https:\/\/www.mta.it\/\" target=\"_blank\" rel=\"noopener\">MTA<\/a> em Portugal, fabricante italiano de componentes el\u00e9tricos para o setor autom\u00f3vel. A parceria amplia a oferta de solu\u00e7\u00f5es inovadoras e de qualidade para ve\u00edculos, incluindo el\u00e9tricos e h\u00edbridos\u00a0<\/strong><\/p>\n<p>A Auto Recto, Lda., com quase 50 anos de experi\u00eancia no mercado nacional de acess\u00f3rios e pe\u00e7as para autom\u00f3veis, anunciou que \u00e9 agora representante oficial da MTA em Portugal.<\/p>\n<p>Fundada em 1954, a MTA \u00e9 um conceituado fabricante italiano de componentes el\u00e9tricos para o setor autom\u00f3vel, reconhecido internacionalmente pela sua qualidade, inova\u00e7\u00e3o e fiabilidade. Presente em v\u00e1rios continentes, fornece grandes construtores autom\u00f3veis e est\u00e1 na vanguarda das solu\u00e7\u00f5es el\u00e9tricas e electr\u00f3nicas para a mobilidade atual e futura.<\/p>\n<p>Gra\u00e7as a esta parceria, a Auto Recto disponibiliza em todo o territ\u00f3rio nacional uma ampla gama de produtos MTA, incluindo material el\u00e9trico diverso, suportes de fus\u00edveis e rel\u00e9s, terminais isolados e de bateria, adaptadores e placas de fixa\u00e7\u00e3o, unidades principais de distribui\u00e7\u00e3o, unidades de distribui\u00e7\u00e3o de energia, cabos, fus\u00edveis, tampas e conectores, bem como sensores de radiador, \u00f3leo e gasolina entre outros.<\/p>\n<p>Com um forte investimento em Investiga\u00e7\u00e3o &amp; Desenvolvimento e certifica\u00e7\u00f5es internacionais de qualidade, a MTA destaca-se pela produ\u00e7\u00e3o de solu\u00e7\u00f5es de alto desempenho, desenvolvidas para responder \u00e0s exig\u00eancias do mercado autom\u00f3vel moderno, incluindo ve\u00edculos el\u00e9tricos e h\u00edbridos. Esta alian\u00e7a estrat\u00e9gica refor\u00e7a o compromisso da Auto Recto em oferecer pe\u00e7as e solu\u00e7\u00f5es t\u00e9cnicas de excel\u00eancia, tanto em qualidade OE como Aftermarket, ao melhor pre\u00e7o do mercado.<\/p>\n<p>A representa\u00e7\u00e3o oficial da MTA em Portugal consolida a posi\u00e7\u00e3o da Auto Recto como refer\u00eancia no setor autom\u00f3vel, unindo a experi\u00eancia nacional \u00e0 inova\u00e7\u00e3o e tecnologia de uma marca l\u00edder mundial.<\/p>\n","protected":false},"excerpt":{"rendered":"<p>A Auto Recto passou a representar&#8230;<\/p>\n","protected":false},"author":15,"featured_media":105555,"comment_status":"closed","ping_status":"closed","sticky":false,"template":"","format":"standard","meta":{"footnotes":""},"categories":[29],"tags":[2060,13333,3217,13334,13332,2998],"class_list":["post-105550","post","type-post","status-publish","format-standard","has-post-thumbnail","hentry","category-empresas","tag-auto-recto","tag-mta","tag-parceria","tag-pecas-para-automoveis","tag-representacao-oficial","tag-solucoes-inovadoras"],"yoast_head":"<!-- This site is optimized with the Yoast SEO plugin v27.4 - https:\/\/yoast.com\/product\/yoast-seo-wordpress\/ -->\n<title>Auto Recto torna-se representante oficial da MTA em Portugal - Jornal das Oficinas<\/title>\n<meta name=\"description\" content=\"A Auto Recto passou a representar oficialmente em Portugal a MTA, fabricante italiano de componentes el\u00e9tricos para o setor autom\u00f3vel\" \/>\n<meta name=\"robots\" content=\"index, follow, max-snippet:-1, max-image-preview:large, max-video-preview:-1\" \/>\n<link rel=\"canonical\" href=\"https:\/\/jornaldasoficinas.com\/pt\/auto-recto-torna-se-representante-oficial-da-mta-em-portugal\/\" \/>\n<meta property=\"og:locale\" content=\"pt_PT\" \/>\n<meta property=\"og:type\" content=\"article\" \/>\n<meta property=\"og:title\" content=\"Auto Recto torna-se representante oficial da MTA em Portugal - Jornal das Oficinas\" \/>\n<meta property=\"og:description\" content=\"A Auto Recto passou a representar oficialmente em Portugal a MTA, fabricante italiano de componentes el\u00e9tricos para o setor autom\u00f3vel\" \/>\n<meta property=\"og:url\" content=\"https:\/\/jornaldasoficinas.com\/pt\/auto-recto-torna-se-representante-oficial-da-mta-em-portugal\/\" \/>\n<meta property=\"og:site_name\" content=\"Jornal das Oficinas\" \/>\n<meta property=\"article:publisher\" content=\"https:\/\/www.facebook.com\/jornaloficinas\" \/>\n<meta property=\"article:published_time\" content=\"2025-08-18T17:00:13+00:00\" \/>\n<meta property=\"og:image\" content=\"https:\/\/jornaldasoficinas.com\/pt\/wp-content\/uploads\/2025\/08\/Auto-Recto-torna-se-representante-oficial-da-MTA-em-Portugal-1024x576.png\" \/>\n\t<meta property=\"og:image:width\" content=\"1024\" \/>\n\t<meta property=\"og:image:height\" content=\"576\" \/>\n\t<meta property=\"og:image:type\" content=\"image\/png\" \/>\n<meta name=\"author\" content=\"Reda\u00e7\u00e3o JO\" \/>\n<meta name=\"twitter:card\" content=\"summary_large_image\" \/>\n<meta name=\"twitter:creator\" content=\"@jornaloficinas\" \/>\n<meta name=\"twitter:site\" content=\"@jornaloficinas\" \/>\n<meta name=\"twitter:label1\" content=\"Escrito por\" \/>\n\t<meta name=\"twitter:data1\" content=\"Reda\u00e7\u00e3o JO\" \/>\n\t<meta name=\"twitter:label2\" content=\"Tempo estimado de leitura\" \/>\n\t<meta name=\"twitter:data2\" content=\"2 minutos\" \/>\n<script type=\"application\/ld+json\" class=\"yoast-schema-graph\">{\"@context\":\"https:\\\/\\\/schema.org\",\"@graph\":[{\"@type\":\"Article\",\"@id\":\"https:\\\/\\\/jornaldasoficinas.com\\\/pt\\\/auto-recto-torna-se-representante-oficial-da-mta-em-portugal\\\/#article\",\"isPartOf\":{\"@id\":\"https:\\\/\\\/jornaldasoficinas.com\\\/pt\\\/auto-recto-torna-se-representante-oficial-da-mta-em-portugal\\\/\"},\"author\":{\"name\":\"Reda\u00e7\u00e3o JO\",\"@id\":\"https:\\\/\\\/jornaldasoficinas.com\\\/pt\\\/#\\\/schema\\\/person\\\/a38eef5de2c41d9e7c9ac10141afddf3\"},\"headline\":\"Auto Recto torna-se representante oficial da MTA em Portugal\",\"datePublished\":\"2025-08-18T17:00:13+00:00\",\"mainEntityOfPage\":{\"@id\":\"https:\\\/\\\/jornaldasoficinas.com\\\/pt\\\/auto-recto-torna-se-representante-oficial-da-mta-em-portugal\\\/\"},\"wordCount\":327,\"publisher\":{\"@id\":\"https:\\\/\\\/jornaldasoficinas.com\\\/pt\\\/#organization\"},\"image\":{\"@id\":\"https:\\\/\\\/jornaldasoficinas.com\\\/pt\\\/auto-recto-torna-se-representante-oficial-da-mta-em-portugal\\\/#primaryimage\"},\"thumbnailUrl\":\"https:\\\/\\\/jornaldasoficinas.com\\\/pt\\\/wp-content\\\/uploads\\\/2025\\\/08\\\/Auto-Recto-torna-se-representante-oficial-da-MTA-em-Portugal-scaled.png\",\"keywords\":[\"Auto Recto\",\"MTA\",\"Parceria\",\"pe\u00e7as para autom\u00f3veis\",\"representa\u00e7\u00e3o oficial\",\"Solu\u00e7\u00f5es Inovadoras\"],\"articleSection\":[\"Empresas\"],\"inLanguage\":\"pt-PT\"},{\"@type\":\"WebPage\",\"@id\":\"https:\\\/\\\/jornaldasoficinas.com\\\/pt\\\/auto-recto-torna-se-representante-oficial-da-mta-em-portugal\\\/\",\"url\":\"https:\\\/\\\/jornaldasoficinas.com\\\/pt\\\/auto-recto-torna-se-representante-oficial-da-mta-em-portugal\\\/\",\"name\":\"Auto Recto torna-se representante oficial da MTA em Portugal - Jornal das Oficinas\",\"isPartOf\":{\"@id\":\"https:\\\/\\\/jornaldasoficinas.com\\\/pt\\\/#website\"},\"primaryImageOfPage\":{\"@id\":\"https:\\\/\\\/jornaldasoficinas.com\\\/pt\\\/auto-recto-torna-se-representante-oficial-da-mta-em-portugal\\\/#primaryimage\"},\"image\":{\"@id\":\"https:\\\/\\\/jornaldasoficinas.com\\\/pt\\\/auto-recto-torna-se-representante-oficial-da-mta-em-portugal\\\/#primaryimage\"},\"thumbnailUrl\":\"https:\\\/\\\/jornaldasoficinas.com\\\/pt\\\/wp-content\\\/uploads\\\/2025\\\/08\\\/Auto-Recto-torna-se-representante-oficial-da-MTA-em-Portugal-scaled.png\",\"datePublished\":\"2025-08-18T17:00:13+00:00\",\"description\":\"A Auto Recto passou a representar oficialmente em Portugal a MTA, fabricante italiano de componentes el\u00e9tricos para o setor autom\u00f3vel\",\"breadcrumb\":{\"@id\":\"https:\\\/\\\/jornaldasoficinas.com\\\/pt\\\/auto-recto-torna-se-representante-oficial-da-mta-em-portugal\\\/#breadcrumb\"},\"inLanguage\":\"pt-PT\",\"potentialAction\":[{\"@type\":\"ReadAction\",\"target\":[\"https:\\\/\\\/jornaldasoficinas.com\\\/pt\\\/auto-recto-torna-se-representante-oficial-da-mta-em-portugal\\\/\"]}]},{\"@type\":\"ImageObject\",\"inLanguage\":\"pt-PT\",\"@id\":\"https:\\\/\\\/jornaldasoficinas.com\\\/pt\\\/auto-recto-torna-se-representante-oficial-da-mta-em-portugal\\\/#primaryimage\",\"url\":\"https:\\\/\\\/jornaldasoficinas.com\\\/pt\\\/wp-content\\\/uploads\\\/2025\\\/08\\\/Auto-Recto-torna-se-representante-oficial-da-MTA-em-Portugal-scaled.png\",\"contentUrl\":\"https:\\\/\\\/jornaldasoficinas.com\\\/pt\\\/wp-content\\\/uploads\\\/2025\\\/08\\\/Auto-Recto-torna-se-representante-oficial-da-MTA-em-Portugal-scaled.png\",\"width\":2560,\"height\":1440,\"caption\":\"Auto Recto torna se representante oficial da MTA em Portugal\"},{\"@type\":\"BreadcrumbList\",\"@id\":\"https:\\\/\\\/jornaldasoficinas.com\\\/pt\\\/auto-recto-torna-se-representante-oficial-da-mta-em-portugal\\\/#breadcrumb\",\"itemListElement\":[{\"@type\":\"ListItem\",\"position\":1,\"name\":\"In\u00edcio\",\"item\":\"https:\\\/\\\/jornaldasoficinas.com\\\/pt\\\/\"},{\"@type\":\"ListItem\",\"position\":2,\"name\":\"Auto Recto torna-se representante oficial da MTA em Portugal\"}]},{\"@type\":\"WebSite\",\"@id\":\"https:\\\/\\\/jornaldasoficinas.com\\\/pt\\\/#website\",\"url\":\"https:\\\/\\\/jornaldasoficinas.com\\\/pt\\\/\",\"name\":\"Jornal das Oficinas\",\"description\":\"Jornal independente do Aftermarket Autom\u00f3vel em Portugal\",\"publisher\":{\"@id\":\"https:\\\/\\\/jornaldasoficinas.com\\\/pt\\\/#organization\"},\"potentialAction\":[{\"@type\":\"SearchAction\",\"target\":{\"@type\":\"EntryPoint\",\"urlTemplate\":\"https:\\\/\\\/jornaldasoficinas.com\\\/pt\\\/?s={search_term_string}\"},\"query-input\":{\"@type\":\"PropertyValueSpecification\",\"valueRequired\":true,\"valueName\":\"search_term_string\"}}],\"inLanguage\":\"pt-PT\"},{\"@type\":\"Organization\",\"@id\":\"https:\\\/\\\/jornaldasoficinas.com\\\/pt\\\/#organization\",\"name\":\"Jornal das Oficinas\",\"url\":\"https:\\\/\\\/jornaldasoficinas.com\\\/pt\\\/\",\"logo\":{\"@type\":\"ImageObject\",\"inLanguage\":\"pt-PT\",\"@id\":\"https:\\\/\\\/jornaldasoficinas.com\\\/pt\\\/#\\\/schema\\\/logo\\\/image\\\/\",\"url\":\"https:\\\/\\\/jornaldasoficinas.com\\\/pt\\\/wp-content\\\/uploads\\\/logoJO-SEO.png\",\"contentUrl\":\"https:\\\/\\\/jornaldasoficinas.com\\\/pt\\\/wp-content\\\/uploads\\\/logoJO-SEO.png\",\"width\":285,\"height\":450,\"caption\":\"Jornal das Oficinas\"},\"image\":{\"@id\":\"https:\\\/\\\/jornaldasoficinas.com\\\/pt\\\/#\\\/schema\\\/logo\\\/image\\\/\"},\"sameAs\":[\"https:\\\/\\\/www.facebook.com\\\/jornaloficinas\",\"https:\\\/\\\/x.com\\\/jornaloficinas\",\"https:\\\/\\\/www.instagram.com\\\/jornal_oficinas\\\/\",\"https:\\\/\\\/www.linkedin.com\\\/company\\\/jornal-das-oficinas\\\/\",\"https:\\\/\\\/www.youtube.com\\\/channel\\\/UCbQZBqtcvV-oSQrr7RzINGg\"]},{\"@type\":\"Person\",\"@id\":\"https:\\\/\\\/jornaldasoficinas.com\\\/pt\\\/#\\\/schema\\\/person\\\/a38eef5de2c41d9e7c9ac10141afddf3\",\"name\":\"Reda\u00e7\u00e3o JO\",\"image\":{\"@type\":\"ImageObject\",\"inLanguage\":\"pt-PT\",\"@id\":\"https:\\\/\\\/secure.gravatar.com\\\/avatar\\\/71f2fa71737ad68a84fea94bc708ddac8ea5b0c4788dc2ad202f3ccb2887742f?s=96&d=wp_user_avatar&r=g\",\"url\":\"https:\\\/\\\/secure.gravatar.com\\\/avatar\\\/71f2fa71737ad68a84fea94bc708ddac8ea5b0c4788dc2ad202f3ccb2887742f?s=96&d=wp_user_avatar&r=g\",\"contentUrl\":\"https:\\\/\\\/secure.gravatar.com\\\/avatar\\\/71f2fa71737ad68a84fea94bc708ddac8ea5b0c4788dc2ad202f3ccb2887742f?s=96&d=wp_user_avatar&r=g\",\"caption\":\"Reda\u00e7\u00e3o JO\"},\"url\":\"https:\\\/\\\/jornaldasoficinas.com\\\/pt\\\/author\\\/joredacao\\\/\"}]}<\/script>\n<!-- \/ Yoast SEO plugin. -->","yoast_head_json":{"title":"Auto Recto torna-se representante oficial da MTA em Portugal - Jornal das Oficinas","description":"A Auto Recto passou a representar oficialmente em Portugal a MTA, fabricante italiano de componentes el\u00e9tricos para o setor autom\u00f3vel","robots":{"index":"index","follow":"follow","max-snippet":"max-snippet:-1","max-image-preview":"max-image-preview:large","max-video-preview":"max-video-preview:-1"},"canonical":"https:\/\/jornaldasoficinas.com\/pt\/auto-recto-torna-se-representante-oficial-da-mta-em-portugal\/","og_locale":"pt_PT","og_type":"article","og_title":"Auto Recto torna-se representante oficial da MTA em Portugal - Jornal das Oficinas","og_description":"A Auto Recto passou a representar oficialmente em Portugal a MTA, fabricante italiano de componentes el\u00e9tricos para o setor autom\u00f3vel","og_url":"https:\/\/jornaldasoficinas.com\/pt\/auto-recto-torna-se-representante-oficial-da-mta-em-portugal\/","og_site_name":"Jornal das Oficinas","article_publisher":"https:\/\/www.facebook.com\/jornaloficinas","article_published_time":"2025-08-18T17:00:13+00:00","og_image":[{"width":1024,"height":576,"url":"https:\/\/jornaldasoficinas.com\/pt\/wp-content\/uploads\/2025\/08\/Auto-Recto-torna-se-representante-oficial-da-MTA-em-Portugal-1024x576.png","type":"image\/png"}],"author":"Reda\u00e7\u00e3o JO","twitter_card":"summary_large_image","twitter_creator":"@jornaloficinas","twitter_site":"@jornaloficinas","twitter_misc":{"Escrito por":"Reda\u00e7\u00e3o JO","Tempo estimado de leitura":"2 minutos"},"schema":{"@context":"https:\/\/schema.org","@graph":[{"@type":"Article","@id":"https:\/\/jornaldasoficinas.com\/pt\/auto-recto-torna-se-representante-oficial-da-mta-em-portugal\/#article","isPartOf":{"@id":"https:\/\/jornaldasoficinas.com\/pt\/auto-recto-torna-se-representante-oficial-da-mta-em-portugal\/"},"author":{"name":"Reda\u00e7\u00e3o JO","@id":"https:\/\/jornaldasoficinas.com\/pt\/#\/schema\/person\/a38eef5de2c41d9e7c9ac10141afddf3"},"headline":"Auto Recto torna-se representante oficial da MTA em Portugal","datePublished":"2025-08-18T17:00:13+00:00","mainEntityOfPage":{"@id":"https:\/\/jornaldasoficinas.com\/pt\/auto-recto-torna-se-representante-oficial-da-mta-em-portugal\/"},"wordCount":327,"publisher":{"@id":"https:\/\/jornaldasoficinas.com\/pt\/#organization"},"image":{"@id":"https:\/\/jornaldasoficinas.com\/pt\/auto-recto-torna-se-representante-oficial-da-mta-em-portugal\/#primaryimage"},"thumbnailUrl":"https:\/\/jornaldasoficinas.com\/pt\/wp-content\/uploads\/2025\/08\/Auto-Recto-torna-se-representante-oficial-da-MTA-em-Portugal-scaled.png","keywords":["Auto Recto","MTA","Parceria","pe\u00e7as para autom\u00f3veis","representa\u00e7\u00e3o oficial","Solu\u00e7\u00f5es Inovadoras"],"articleSection":["Empresas"],"inLanguage":"pt-PT"},{"@type":"WebPage","@id":"https:\/\/jornaldasoficinas.com\/pt\/auto-recto-torna-se-representante-oficial-da-mta-em-portugal\/","url":"https:\/\/jornaldasoficinas.com\/pt\/auto-recto-torna-se-representante-oficial-da-mta-em-portugal\/","name":"Auto Recto torna-se representante oficial da MTA em Portugal - Jornal das Oficinas","isPartOf":{"@id":"https:\/\/jornaldasoficinas.com\/pt\/#website"},"primaryImageOfPage":{"@id":"https:\/\/jornaldasoficinas.com\/pt\/auto-recto-torna-se-representante-oficial-da-mta-em-portugal\/#primaryimage"},"image":{"@id":"https:\/\/jornaldasoficinas.com\/pt\/auto-recto-torna-se-representante-oficial-da-mta-em-portugal\/#primaryimage"},"thumbnailUrl":"https:\/\/jornaldasoficinas.com\/pt\/wp-content\/uploads\/2025\/08\/Auto-Recto-torna-se-representante-oficial-da-MTA-em-Portugal-scaled.png","datePublished":"2025-08-18T17:00:13+00:00","description":"A Auto Recto passou a representar oficialmente em Portugal a MTA, fabricante italiano de componentes el\u00e9tricos para o setor autom\u00f3vel","breadcrumb":{"@id":"https:\/\/jornaldasoficinas.com\/pt\/auto-recto-torna-se-representante-oficial-da-mta-em-portugal\/#breadcrumb"},"inLanguage":"pt-PT","potentialAction":[{"@type":"ReadAction","target":["https:\/\/jornaldasoficinas.com\/pt\/auto-recto-torna-se-representante-oficial-da-mta-em-portugal\/"]}]},{"@type":"ImageObject","inLanguage":"pt-PT","@id":"https:\/\/jornaldasoficinas.com\/pt\/auto-recto-torna-se-representante-oficial-da-mta-em-portugal\/#primaryimage","url":"https:\/\/jornaldasoficinas.com\/pt\/wp-content\/uploads\/2025\/08\/Auto-Recto-torna-se-representante-oficial-da-MTA-em-Portugal-scaled.png","contentUrl":"https:\/\/jornaldasoficinas.com\/pt\/wp-content\/uploads\/2025\/08\/Auto-Recto-torna-se-representante-oficial-da-MTA-em-Portugal-scaled.png","width":2560,"height":1440,"caption":"Auto Recto torna se representante oficial da MTA em Portugal"},{"@type":"BreadcrumbList","@id":"https:\/\/jornaldasoficinas.com\/pt\/auto-recto-torna-se-representante-oficial-da-mta-em-portugal\/#breadcrumb","itemListElement":[{"@type":"ListItem","position":1,"name":"In\u00edcio","item":"https:\/\/jornaldasoficinas.com\/pt\/"},{"@type":"ListItem","position":2,"name":"Auto Recto torna-se representante oficial da MTA em Portugal"}]},{"@type":"WebSite","@id":"https:\/\/jornaldasoficinas.com\/pt\/#website","url":"https:\/\/jornaldasoficinas.com\/pt\/","name":"Jornal das Oficinas","description":"Jornal independente do Aftermarket Autom\u00f3vel em Portugal","publisher":{"@id":"https:\/\/jornaldasoficinas.com\/pt\/#organization"},"potentialAction":[{"@type":"SearchAction","target":{"@type":"EntryPoint","urlTemplate":"https:\/\/jornaldasoficinas.com\/pt\/?s={search_term_string}"},"query-input":{"@type":"PropertyValueSpecification","valueRequired":true,"valueName":"search_term_string"}}],"inLanguage":"pt-PT"},{"@type":"Organization","@id":"https:\/\/jornaldasoficinas.com\/pt\/#organization","name":"Jornal das Oficinas","url":"https:\/\/jornaldasoficinas.com\/pt\/","logo":{"@type":"ImageObject","inLanguage":"pt-PT","@id":"https:\/\/jornaldasoficinas.com\/pt\/#\/schema\/logo\/image\/","url":"https:\/\/jornaldasoficinas.com\/pt\/wp-content\/uploads\/logoJO-SEO.png","contentUrl":"https:\/\/jornaldasoficinas.com\/pt\/wp-content\/uploads\/logoJO-SEO.png","width":285,"height":450,"caption":"Jornal das Oficinas"},"image":{"@id":"https:\/\/jornaldasoficinas.com\/pt\/#\/schema\/logo\/image\/"},"sameAs":["https:\/\/www.facebook.com\/jornaloficinas","https:\/\/x.com\/jornaloficinas","https:\/\/www.instagram.com\/jornal_oficinas\/","https:\/\/www.linkedin.com\/company\/jornal-das-oficinas\/","https:\/\/www.youtube.com\/channel\/UCbQZBqtcvV-oSQrr7RzINGg"]},{"@type":"Person","@id":"https:\/\/jornaldasoficinas.com\/pt\/#\/schema\/person\/a38eef5de2c41d9e7c9ac10141afddf3","name":"Reda\u00e7\u00e3o JO","image":{"@type":"ImageObject","inLanguage":"pt-PT","@id":"https:\/\/secure.gravatar.com\/avatar\/71f2fa71737ad68a84fea94bc708ddac8ea5b0c4788dc2ad202f3ccb2887742f?s=96&d=wp_user_avatar&r=g","url":"https:\/\/secure.gravatar.com\/avatar\/71f2fa71737ad68a84fea94bc708ddac8ea5b0c4788dc2ad202f3ccb2887742f?s=96&d=wp_user_avatar&r=g","contentUrl":"https:\/\/secure.gravatar.com\/avatar\/71f2fa71737ad68a84fea94bc708ddac8ea5b0c4788dc2ad202f3ccb2887742f?s=96&d=wp_user_avatar&r=g","caption":"Reda\u00e7\u00e3o JO"},"url":"https:\/\/jornaldasoficinas.com\/pt\/author\/joredacao\/"}]}},"_links":{"self":[{"href":"https:\/\/jornaldasoficinas.com\/pt\/wp-json\/wp\/v2\/posts\/105550","targetHints":{"allow":["GET"]}}],"collection":[{"href":"https:\/\/jornaldasoficinas.com\/pt\/wp-json\/wp\/v2\/posts"}],"about":[{"href":"https:\/\/jornaldasoficinas.com\/pt\/wp-json\/wp\/v2\/types\/post"}],"author":[{"embeddable":true,"href":"https:\/\/jornaldasoficinas.com\/pt\/wp-json\/wp\/v2\/users\/15"}],"replies":[{"embeddable":true,"href":"https:\/\/jornaldasoficinas.com\/pt\/wp-json\/wp\/v2\/comments?post=105550"}],"version-history":[{"count":5,"href":"https:\/\/jornaldasoficinas.com\/pt\/wp-json\/wp\/v2\/posts\/105550\/revisions"}],"predecessor-version":[{"id":105556,"href":"https:\/\/jornaldasoficinas.com\/pt\/wp-json\/wp\/v2\/posts\/105550\/revisions\/105556"}],"wp:featuredmedia":[{"embeddable":true,"href":"https:\/\/jornaldasoficinas.com\/pt\/wp-json\/wp\/v2\/media\/105555"}],"wp:attachment":[{"href":"https:\/\/jornaldasoficinas.com\/pt\/wp-json\/wp\/v2\/media?parent=105550"}],"wp:term":[{"taxonomy":"category","embeddable":true,"href":"https:\/\/jornaldasoficinas.com\/pt\/wp-json\/wp\/v2\/categories?post=105550"},{"taxonomy":"post_tag","embeddable":true,"href":"https:\/\/jornaldasoficinas.com\/pt\/wp-json\/wp\/v2\/tags?post=105550"}],"curies":[{"name":"wp","href":"https:\/\/api.w.org\/{rel}","templated":true}]}}