{"id":105578,"date":"2025-08-19T12:30:49","date_gmt":"2025-08-19T11:30:49","guid":{"rendered":"https:\/\/jornaldasoficinas.com\/pt\/?p=105578"},"modified":"2025-08-18T22:32:29","modified_gmt":"2025-08-18T21:32:29","slug":"continental-renomeia-divisao-automotive-para-aumovio","status":"publish","type":"post","link":"https:\/\/jornaldasoficinas.com\/pt\/continental-renomeia-divisao-automotive-para-aumovio\/","title":{"rendered":"Continental renomeia divis\u00e3o Automotive para AUMOVIO"},"content":{"rendered":"<p><strong><img loading=\"lazy\" decoding=\"async\" class=\"alignnone size-full wp-image-105581\" src=\"https:\/\/jornaldasoficinas.com\/pt\/wp-content\/uploads\/2025\/08\/Continental-renomeia-divisao-Automotive-para-AUMOVIO.jpg\" alt=\"08 - Continental renomeia divisao Automotive para AUMOVIO\" width=\"1024\" height=\"581\" srcset=\"https:\/\/jornaldasoficinas.com\/pt\/wp-content\/uploads\/2025\/08\/Continental-renomeia-divisao-Automotive-para-AUMOVIO.jpg 1024w, https:\/\/jornaldasoficinas.com\/pt\/wp-content\/uploads\/2025\/08\/Continental-renomeia-divisao-Automotive-para-AUMOVIO-300x170.jpg 300w, https:\/\/jornaldasoficinas.com\/pt\/wp-content\/uploads\/2025\/08\/Continental-renomeia-divisao-Automotive-para-AUMOVIO-150x85.jpg 150w, https:\/\/jornaldasoficinas.com\/pt\/wp-content\/uploads\/2025\/08\/Continental-renomeia-divisao-Automotive-para-AUMOVIO-768x436.jpg 768w\" sizes=\"auto, (max-width: 1024px) 100vw, 1024px\" \/><\/strong><\/p>\n<p><strong>A <a href=\"https:\/\/www.continental.com\/\" target=\"_blank\" rel=\"noopener\">Continental<\/a> apresentou em Xangai o novo nome da sua divis\u00e3o Automotive, que passar\u00e1 a chamar-se <a href=\"https:\/\/www.aumovio.com\/\" target=\"_blank\" rel=\"noopener\">AUMOVIO<\/a>. A futura empresa independente vai apostar em solu\u00e7\u00f5es eletr\u00f3nicas e de mobilidade avan\u00e7ada, com entrada prevista na bolsa de Frankfurt em setembro de 2025<\/strong><\/p>\n<p>A escolha da nova identidade pretende refletir a combina\u00e7\u00e3o entre a experi\u00eancia consolidada da Continental na ind\u00fastria autom\u00f3vel e a ambi\u00e7\u00e3o de liderar a mobilidade do futuro com inova\u00e7\u00e3o tecnol\u00f3gica. A AUMOVIO ir\u00e1 desenvolver produtos eletr\u00f3nicos e solu\u00e7\u00f5es de mobilidade para ve\u00edculos definidos por software, incluindo sistemas aut\u00f3nomos, conectados e mais seguros.<\/p>\n<p>Segundo uma an\u00e1lise de mercado da consultora Berylls, o valor m\u00e9dio das solu\u00e7\u00f5es por ve\u00edculo nestes segmentos dever\u00e1 crescer 4,7% ao ano at\u00e9 2029, mais rapidamente do que a produ\u00e7\u00e3o mundial de autom\u00f3veis ligeiros, de acordo com previs\u00f5es da S&amp;P Global Mobility.<\/p>\n<p>O an\u00fancio foi feito na Auto Shanghai 2025, onde o grupo tamb\u00e9m apresentou o seu conceito &#8220;in the market for the market&#8221;, focado em solu\u00e7\u00f5es espec\u00edficas para clientes e mercado chineses. Ap\u00f3s a aprova\u00e7\u00e3o esperada na Reuni\u00e3o Anual de Acionistas da Continental a 25 de abril de 2025, a AUMOVIO dever\u00e1 ser listada na Bolsa de Valores de Frankfurt em setembro de 2025.<\/p>\n<p>Philipp von Hirschheydt, membro do Conselho Executivo da Continental e CEO da divis\u00e3o Automotive, destacou: &#8220;Enquanto empresa independente, ganhamos muito mais capacidade criativa e rapidez. A AUMOVIO ser\u00e1 marcada por uma tr\u00edade de produtos tecnologicamente de ponta, uma estrat\u00e9gia consistente de cria\u00e7\u00e3o de valor e uma rede global de sinergias, combinada com uma forte presen\u00e7a local junto dos nossos clientes. O nosso objetivo \u00e9 refor\u00e7ar ainda mais a posi\u00e7\u00e3o nos dom\u00ednios e mercados em crescimento da mobilidade do futuro. Esta estrat\u00e9gia \u00e9 particularmente evidente na China, onde apostamos, entre outras coisas, na nossa forte presen\u00e7a local, produzindo e desenvolvendo diretamente para o mercado chin\u00eas&#8221;.<\/p>\n<p><strong>Forte aposta na China<\/strong><\/p>\n<p>A Continental Automotive est\u00e1 presente na China h\u00e1 30 anos e emprega cerca de 10 mil pessoas no pa\u00eds. Em 2024, a divis\u00e3o gerou 14% das suas vendas globais neste mercado, o maior do mundo no setor autom\u00f3vel. A expectativa \u00e9 que continue a crescer acima da m\u00e9dia mundial nos pr\u00f3ximos cinco anos.<\/p>\n<p>Nos \u00faltimos anos, a empresa refor\u00e7ou a sua cadeia de valor local, apoiando construtores chineses e internacionais com fabrico, fornecimento e inova\u00e7\u00e3o no pa\u00eds. Na Auto Shanghai, apresentou os sistemas de assist\u00eancia \u00e0 condu\u00e7\u00e3o Luna e Astra, desenvolvidos em parceria com a Horizon Continental Technology para o mercado chin\u00eas. O Luna foca-se em fun\u00e7\u00f5es b\u00e1sicas de seguran\u00e7a e estacionamento, enquanto o Astra permite condu\u00e7\u00e3o assistida sem mapas de alta resolu\u00e7\u00e3o e estacionamento com mem\u00f3ria.<\/p>\n<p><strong>AUMOVIO: eletr\u00f3nica e mobilidade inteligente<\/strong><\/p>\n<p>A futura AUMOVIO vai reunir o know-how em sensores, ecr\u00e3s, travagem e conforto, complementado por forte capacidade em software, plataformas de arquitetura e sistemas de assist\u00eancia. Com cerca de 92 mil colaboradores, a divis\u00e3o gerou vendas de 19,4 mil milh\u00f5es de euros em 2024.<\/p>\n","protected":false},"excerpt":{"rendered":"<p>A Continental apresentou em Xangai o&#8230;<\/p>\n","protected":false},"author":15,"featured_media":105581,"comment_status":"closed","ping_status":"closed","sticky":false,"template":"","format":"standard","meta":{"footnotes":""},"categories":[29],"tags":[13335,13339,58,13336,3194,13338,13337],"class_list":["post-105578","post","type-post","status-publish","format-standard","has-post-thumbnail","hentry","category-empresas","tag-aumovio","tag-bolsa-de-frankfurt","tag-continental","tag-empresa-independente","tag-industria-automovel","tag-mobilidade-avancada","tag-solucoes-eletronicas"],"yoast_head":"<!-- This site is optimized with the Yoast SEO plugin v27.4 - https:\/\/yoast.com\/product\/yoast-seo-wordpress\/ -->\n<title>Continental renomeia divis\u00e3o Automotive para AUMOVIO - Jornal das Oficinas<\/title>\n<meta name=\"description\" content=\"A Continental apresentou recentemente em Xangai o novo nome da sua divis\u00e3o Automotive, que passar\u00e1 a chamar-se AUMOVIO\" \/>\n<meta name=\"robots\" content=\"index, follow, max-snippet:-1, max-image-preview:large, max-video-preview:-1\" \/>\n<link rel=\"canonical\" href=\"https:\/\/jornaldasoficinas.com\/pt\/continental-renomeia-divisao-automotive-para-aumovio\/\" \/>\n<meta property=\"og:locale\" content=\"pt_PT\" \/>\n<meta property=\"og:type\" content=\"article\" \/>\n<meta property=\"og:title\" content=\"Continental renomeia divis\u00e3o Automotive para AUMOVIO - Jornal das Oficinas\" \/>\n<meta property=\"og:description\" content=\"A Continental apresentou recentemente em Xangai o novo nome da sua divis\u00e3o Automotive, que passar\u00e1 a chamar-se AUMOVIO\" \/>\n<meta property=\"og:url\" content=\"https:\/\/jornaldasoficinas.com\/pt\/continental-renomeia-divisao-automotive-para-aumovio\/\" \/>\n<meta property=\"og:site_name\" content=\"Jornal das Oficinas\" \/>\n<meta property=\"article:publisher\" content=\"https:\/\/www.facebook.com\/jornaloficinas\" \/>\n<meta property=\"article:published_time\" content=\"2025-08-19T11:30:49+00:00\" \/>\n<meta property=\"og:image\" content=\"https:\/\/jornaldasoficinas.com\/pt\/wp-content\/uploads\/2025\/08\/Continental-renomeia-divisao-Automotive-para-AUMOVIO.jpg\" \/>\n\t<meta property=\"og:image:width\" content=\"1024\" \/>\n\t<meta property=\"og:image:height\" content=\"581\" \/>\n\t<meta property=\"og:image:type\" content=\"image\/jpeg\" \/>\n<meta name=\"author\" content=\"Reda\u00e7\u00e3o JO\" \/>\n<meta name=\"twitter:card\" content=\"summary_large_image\" \/>\n<meta name=\"twitter:creator\" content=\"@jornaloficinas\" \/>\n<meta name=\"twitter:site\" content=\"@jornaloficinas\" \/>\n<meta name=\"twitter:label1\" content=\"Escrito por\" \/>\n\t<meta name=\"twitter:data1\" content=\"Reda\u00e7\u00e3o JO\" \/>\n\t<meta name=\"twitter:label2\" content=\"Tempo estimado de leitura\" \/>\n\t<meta name=\"twitter:data2\" content=\"4 minutos\" \/>\n<script type=\"application\/ld+json\" class=\"yoast-schema-graph\">{\"@context\":\"https:\\\/\\\/schema.org\",\"@graph\":[{\"@type\":\"Article\",\"@id\":\"https:\\\/\\\/jornaldasoficinas.com\\\/pt\\\/continental-renomeia-divisao-automotive-para-aumovio\\\/#article\",\"isPartOf\":{\"@id\":\"https:\\\/\\\/jornaldasoficinas.com\\\/pt\\\/continental-renomeia-divisao-automotive-para-aumovio\\\/\"},\"author\":{\"name\":\"Reda\u00e7\u00e3o JO\",\"@id\":\"https:\\\/\\\/jornaldasoficinas.com\\\/pt\\\/#\\\/schema\\\/person\\\/a38eef5de2c41d9e7c9ac10141afddf3\"},\"headline\":\"Continental renomeia divis\u00e3o Automotive para AUMOVIO\",\"datePublished\":\"2025-08-19T11:30:49+00:00\",\"mainEntityOfPage\":{\"@id\":\"https:\\\/\\\/jornaldasoficinas.com\\\/pt\\\/continental-renomeia-divisao-automotive-para-aumovio\\\/\"},\"wordCount\":535,\"publisher\":{\"@id\":\"https:\\\/\\\/jornaldasoficinas.com\\\/pt\\\/#organization\"},\"image\":{\"@id\":\"https:\\\/\\\/jornaldasoficinas.com\\\/pt\\\/continental-renomeia-divisao-automotive-para-aumovio\\\/#primaryimage\"},\"thumbnailUrl\":\"https:\\\/\\\/jornaldasoficinas.com\\\/pt\\\/wp-content\\\/uploads\\\/2025\\\/08\\\/Continental-renomeia-divisao-Automotive-para-AUMOVIO.jpg\",\"keywords\":[\"AUMOVIO\",\"bolsa de Frankfurt\",\"Continental\",\"empresa independente\",\"Ind\u00fastria autom\u00f3vel\",\"mobilidade avan\u00e7ada\",\"solu\u00e7\u00f5es eletr\u00f3nicas\"],\"articleSection\":[\"Empresas\"],\"inLanguage\":\"pt-PT\"},{\"@type\":\"WebPage\",\"@id\":\"https:\\\/\\\/jornaldasoficinas.com\\\/pt\\\/continental-renomeia-divisao-automotive-para-aumovio\\\/\",\"url\":\"https:\\\/\\\/jornaldasoficinas.com\\\/pt\\\/continental-renomeia-divisao-automotive-para-aumovio\\\/\",\"name\":\"Continental renomeia divis\u00e3o Automotive para AUMOVIO - Jornal das Oficinas\",\"isPartOf\":{\"@id\":\"https:\\\/\\\/jornaldasoficinas.com\\\/pt\\\/#website\"},\"primaryImageOfPage\":{\"@id\":\"https:\\\/\\\/jornaldasoficinas.com\\\/pt\\\/continental-renomeia-divisao-automotive-para-aumovio\\\/#primaryimage\"},\"image\":{\"@id\":\"https:\\\/\\\/jornaldasoficinas.com\\\/pt\\\/continental-renomeia-divisao-automotive-para-aumovio\\\/#primaryimage\"},\"thumbnailUrl\":\"https:\\\/\\\/jornaldasoficinas.com\\\/pt\\\/wp-content\\\/uploads\\\/2025\\\/08\\\/Continental-renomeia-divisao-Automotive-para-AUMOVIO.jpg\",\"datePublished\":\"2025-08-19T11:30:49+00:00\",\"description\":\"A Continental apresentou recentemente em Xangai o novo nome da sua divis\u00e3o Automotive, que passar\u00e1 a chamar-se AUMOVIO\",\"breadcrumb\":{\"@id\":\"https:\\\/\\\/jornaldasoficinas.com\\\/pt\\\/continental-renomeia-divisao-automotive-para-aumovio\\\/#breadcrumb\"},\"inLanguage\":\"pt-PT\",\"potentialAction\":[{\"@type\":\"ReadAction\",\"target\":[\"https:\\\/\\\/jornaldasoficinas.com\\\/pt\\\/continental-renomeia-divisao-automotive-para-aumovio\\\/\"]}]},{\"@type\":\"ImageObject\",\"inLanguage\":\"pt-PT\",\"@id\":\"https:\\\/\\\/jornaldasoficinas.com\\\/pt\\\/continental-renomeia-divisao-automotive-para-aumovio\\\/#primaryimage\",\"url\":\"https:\\\/\\\/jornaldasoficinas.com\\\/pt\\\/wp-content\\\/uploads\\\/2025\\\/08\\\/Continental-renomeia-divisao-Automotive-para-AUMOVIO.jpg\",\"contentUrl\":\"https:\\\/\\\/jornaldasoficinas.com\\\/pt\\\/wp-content\\\/uploads\\\/2025\\\/08\\\/Continental-renomeia-divisao-Automotive-para-AUMOVIO.jpg\",\"width\":1024,\"height\":581,\"caption\":\"08 - Continental renomeia divisao Automotive para AUMOVIO\"},{\"@type\":\"BreadcrumbList\",\"@id\":\"https:\\\/\\\/jornaldasoficinas.com\\\/pt\\\/continental-renomeia-divisao-automotive-para-aumovio\\\/#breadcrumb\",\"itemListElement\":[{\"@type\":\"ListItem\",\"position\":1,\"name\":\"In\u00edcio\",\"item\":\"https:\\\/\\\/jornaldasoficinas.com\\\/pt\\\/\"},{\"@type\":\"ListItem\",\"position\":2,\"name\":\"Continental renomeia divis\u00e3o Automotive para AUMOVIO\"}]},{\"@type\":\"WebSite\",\"@id\":\"https:\\\/\\\/jornaldasoficinas.com\\\/pt\\\/#website\",\"url\":\"https:\\\/\\\/jornaldasoficinas.com\\\/pt\\\/\",\"name\":\"Jornal das Oficinas\",\"description\":\"Jornal independente do Aftermarket Autom\u00f3vel em Portugal\",\"publisher\":{\"@id\":\"https:\\\/\\\/jornaldasoficinas.com\\\/pt\\\/#organization\"},\"potentialAction\":[{\"@type\":\"SearchAction\",\"target\":{\"@type\":\"EntryPoint\",\"urlTemplate\":\"https:\\\/\\\/jornaldasoficinas.com\\\/pt\\\/?s={search_term_string}\"},\"query-input\":{\"@type\":\"PropertyValueSpecification\",\"valueRequired\":true,\"valueName\":\"search_term_string\"}}],\"inLanguage\":\"pt-PT\"},{\"@type\":\"Organization\",\"@id\":\"https:\\\/\\\/jornaldasoficinas.com\\\/pt\\\/#organization\",\"name\":\"Jornal das Oficinas\",\"url\":\"https:\\\/\\\/jornaldasoficinas.com\\\/pt\\\/\",\"logo\":{\"@type\":\"ImageObject\",\"inLanguage\":\"pt-PT\",\"@id\":\"https:\\\/\\\/jornaldasoficinas.com\\\/pt\\\/#\\\/schema\\\/logo\\\/image\\\/\",\"url\":\"https:\\\/\\\/jornaldasoficinas.com\\\/pt\\\/wp-content\\\/uploads\\\/logoJO-SEO.png\",\"contentUrl\":\"https:\\\/\\\/jornaldasoficinas.com\\\/pt\\\/wp-content\\\/uploads\\\/logoJO-SEO.png\",\"width\":285,\"height\":450,\"caption\":\"Jornal das Oficinas\"},\"image\":{\"@id\":\"https:\\\/\\\/jornaldasoficinas.com\\\/pt\\\/#\\\/schema\\\/logo\\\/image\\\/\"},\"sameAs\":[\"https:\\\/\\\/www.facebook.com\\\/jornaloficinas\",\"https:\\\/\\\/x.com\\\/jornaloficinas\",\"https:\\\/\\\/www.instagram.com\\\/jornal_oficinas\\\/\",\"https:\\\/\\\/www.linkedin.com\\\/company\\\/jornal-das-oficinas\\\/\",\"https:\\\/\\\/www.youtube.com\\\/channel\\\/UCbQZBqtcvV-oSQrr7RzINGg\"]},{\"@type\":\"Person\",\"@id\":\"https:\\\/\\\/jornaldasoficinas.com\\\/pt\\\/#\\\/schema\\\/person\\\/a38eef5de2c41d9e7c9ac10141afddf3\",\"name\":\"Reda\u00e7\u00e3o JO\",\"image\":{\"@type\":\"ImageObject\",\"inLanguage\":\"pt-PT\",\"@id\":\"https:\\\/\\\/secure.gravatar.com\\\/avatar\\\/71f2fa71737ad68a84fea94bc708ddac8ea5b0c4788dc2ad202f3ccb2887742f?s=96&d=wp_user_avatar&r=g\",\"url\":\"https:\\\/\\\/secure.gravatar.com\\\/avatar\\\/71f2fa71737ad68a84fea94bc708ddac8ea5b0c4788dc2ad202f3ccb2887742f?s=96&d=wp_user_avatar&r=g\",\"contentUrl\":\"https:\\\/\\\/secure.gravatar.com\\\/avatar\\\/71f2fa71737ad68a84fea94bc708ddac8ea5b0c4788dc2ad202f3ccb2887742f?s=96&d=wp_user_avatar&r=g\",\"caption\":\"Reda\u00e7\u00e3o JO\"},\"url\":\"https:\\\/\\\/jornaldasoficinas.com\\\/pt\\\/author\\\/joredacao\\\/\"}]}<\/script>\n<!-- \/ Yoast SEO plugin. -->","yoast_head_json":{"title":"Continental renomeia divis\u00e3o Automotive para AUMOVIO - Jornal das Oficinas","description":"A Continental apresentou recentemente em Xangai o novo nome da sua divis\u00e3o Automotive, que passar\u00e1 a chamar-se AUMOVIO","robots":{"index":"index","follow":"follow","max-snippet":"max-snippet:-1","max-image-preview":"max-image-preview:large","max-video-preview":"max-video-preview:-1"},"canonical":"https:\/\/jornaldasoficinas.com\/pt\/continental-renomeia-divisao-automotive-para-aumovio\/","og_locale":"pt_PT","og_type":"article","og_title":"Continental renomeia divis\u00e3o Automotive para AUMOVIO - Jornal das Oficinas","og_description":"A Continental apresentou recentemente em Xangai o novo nome da sua divis\u00e3o Automotive, que passar\u00e1 a chamar-se AUMOVIO","og_url":"https:\/\/jornaldasoficinas.com\/pt\/continental-renomeia-divisao-automotive-para-aumovio\/","og_site_name":"Jornal das Oficinas","article_publisher":"https:\/\/www.facebook.com\/jornaloficinas","article_published_time":"2025-08-19T11:30:49+00:00","og_image":[{"width":1024,"height":581,"url":"https:\/\/jornaldasoficinas.com\/pt\/wp-content\/uploads\/2025\/08\/Continental-renomeia-divisao-Automotive-para-AUMOVIO.jpg","type":"image\/jpeg"}],"author":"Reda\u00e7\u00e3o JO","twitter_card":"summary_large_image","twitter_creator":"@jornaloficinas","twitter_site":"@jornaloficinas","twitter_misc":{"Escrito por":"Reda\u00e7\u00e3o JO","Tempo estimado de leitura":"4 minutos"},"schema":{"@context":"https:\/\/schema.org","@graph":[{"@type":"Article","@id":"https:\/\/jornaldasoficinas.com\/pt\/continental-renomeia-divisao-automotive-para-aumovio\/#article","isPartOf":{"@id":"https:\/\/jornaldasoficinas.com\/pt\/continental-renomeia-divisao-automotive-para-aumovio\/"},"author":{"name":"Reda\u00e7\u00e3o JO","@id":"https:\/\/jornaldasoficinas.com\/pt\/#\/schema\/person\/a38eef5de2c41d9e7c9ac10141afddf3"},"headline":"Continental renomeia divis\u00e3o Automotive para AUMOVIO","datePublished":"2025-08-19T11:30:49+00:00","mainEntityOfPage":{"@id":"https:\/\/jornaldasoficinas.com\/pt\/continental-renomeia-divisao-automotive-para-aumovio\/"},"wordCount":535,"publisher":{"@id":"https:\/\/jornaldasoficinas.com\/pt\/#organization"},"image":{"@id":"https:\/\/jornaldasoficinas.com\/pt\/continental-renomeia-divisao-automotive-para-aumovio\/#primaryimage"},"thumbnailUrl":"https:\/\/jornaldasoficinas.com\/pt\/wp-content\/uploads\/2025\/08\/Continental-renomeia-divisao-Automotive-para-AUMOVIO.jpg","keywords":["AUMOVIO","bolsa de Frankfurt","Continental","empresa independente","Ind\u00fastria autom\u00f3vel","mobilidade avan\u00e7ada","solu\u00e7\u00f5es eletr\u00f3nicas"],"articleSection":["Empresas"],"inLanguage":"pt-PT"},{"@type":"WebPage","@id":"https:\/\/jornaldasoficinas.com\/pt\/continental-renomeia-divisao-automotive-para-aumovio\/","url":"https:\/\/jornaldasoficinas.com\/pt\/continental-renomeia-divisao-automotive-para-aumovio\/","name":"Continental renomeia divis\u00e3o Automotive para AUMOVIO - Jornal das Oficinas","isPartOf":{"@id":"https:\/\/jornaldasoficinas.com\/pt\/#website"},"primaryImageOfPage":{"@id":"https:\/\/jornaldasoficinas.com\/pt\/continental-renomeia-divisao-automotive-para-aumovio\/#primaryimage"},"image":{"@id":"https:\/\/jornaldasoficinas.com\/pt\/continental-renomeia-divisao-automotive-para-aumovio\/#primaryimage"},"thumbnailUrl":"https:\/\/jornaldasoficinas.com\/pt\/wp-content\/uploads\/2025\/08\/Continental-renomeia-divisao-Automotive-para-AUMOVIO.jpg","datePublished":"2025-08-19T11:30:49+00:00","description":"A Continental apresentou recentemente em Xangai o novo nome da sua divis\u00e3o Automotive, que passar\u00e1 a chamar-se AUMOVIO","breadcrumb":{"@id":"https:\/\/jornaldasoficinas.com\/pt\/continental-renomeia-divisao-automotive-para-aumovio\/#breadcrumb"},"inLanguage":"pt-PT","potentialAction":[{"@type":"ReadAction","target":["https:\/\/jornaldasoficinas.com\/pt\/continental-renomeia-divisao-automotive-para-aumovio\/"]}]},{"@type":"ImageObject","inLanguage":"pt-PT","@id":"https:\/\/jornaldasoficinas.com\/pt\/continental-renomeia-divisao-automotive-para-aumovio\/#primaryimage","url":"https:\/\/jornaldasoficinas.com\/pt\/wp-content\/uploads\/2025\/08\/Continental-renomeia-divisao-Automotive-para-AUMOVIO.jpg","contentUrl":"https:\/\/jornaldasoficinas.com\/pt\/wp-content\/uploads\/2025\/08\/Continental-renomeia-divisao-Automotive-para-AUMOVIO.jpg","width":1024,"height":581,"caption":"08 - Continental renomeia divisao Automotive para AUMOVIO"},{"@type":"BreadcrumbList","@id":"https:\/\/jornaldasoficinas.com\/pt\/continental-renomeia-divisao-automotive-para-aumovio\/#breadcrumb","itemListElement":[{"@type":"ListItem","position":1,"name":"In\u00edcio","item":"https:\/\/jornaldasoficinas.com\/pt\/"},{"@type":"ListItem","position":2,"name":"Continental renomeia divis\u00e3o Automotive para AUMOVIO"}]},{"@type":"WebSite","@id":"https:\/\/jornaldasoficinas.com\/pt\/#website","url":"https:\/\/jornaldasoficinas.com\/pt\/","name":"Jornal das Oficinas","description":"Jornal independente do Aftermarket Autom\u00f3vel em Portugal","publisher":{"@id":"https:\/\/jornaldasoficinas.com\/pt\/#organization"},"potentialAction":[{"@type":"SearchAction","target":{"@type":"EntryPoint","urlTemplate":"https:\/\/jornaldasoficinas.com\/pt\/?s={search_term_string}"},"query-input":{"@type":"PropertyValueSpecification","valueRequired":true,"valueName":"search_term_string"}}],"inLanguage":"pt-PT"},{"@type":"Organization","@id":"https:\/\/jornaldasoficinas.com\/pt\/#organization","name":"Jornal das Oficinas","url":"https:\/\/jornaldasoficinas.com\/pt\/","logo":{"@type":"ImageObject","inLanguage":"pt-PT","@id":"https:\/\/jornaldasoficinas.com\/pt\/#\/schema\/logo\/image\/","url":"https:\/\/jornaldasoficinas.com\/pt\/wp-content\/uploads\/logoJO-SEO.png","contentUrl":"https:\/\/jornaldasoficinas.com\/pt\/wp-content\/uploads\/logoJO-SEO.png","width":285,"height":450,"caption":"Jornal das Oficinas"},"image":{"@id":"https:\/\/jornaldasoficinas.com\/pt\/#\/schema\/logo\/image\/"},"sameAs":["https:\/\/www.facebook.com\/jornaloficinas","https:\/\/x.com\/jornaloficinas","https:\/\/www.instagram.com\/jornal_oficinas\/","https:\/\/www.linkedin.com\/company\/jornal-das-oficinas\/","https:\/\/www.youtube.com\/channel\/UCbQZBqtcvV-oSQrr7RzINGg"]},{"@type":"Person","@id":"https:\/\/jornaldasoficinas.com\/pt\/#\/schema\/person\/a38eef5de2c41d9e7c9ac10141afddf3","name":"Reda\u00e7\u00e3o JO","image":{"@type":"ImageObject","inLanguage":"pt-PT","@id":"https:\/\/secure.gravatar.com\/avatar\/71f2fa71737ad68a84fea94bc708ddac8ea5b0c4788dc2ad202f3ccb2887742f?s=96&d=wp_user_avatar&r=g","url":"https:\/\/secure.gravatar.com\/avatar\/71f2fa71737ad68a84fea94bc708ddac8ea5b0c4788dc2ad202f3ccb2887742f?s=96&d=wp_user_avatar&r=g","contentUrl":"https:\/\/secure.gravatar.com\/avatar\/71f2fa71737ad68a84fea94bc708ddac8ea5b0c4788dc2ad202f3ccb2887742f?s=96&d=wp_user_avatar&r=g","caption":"Reda\u00e7\u00e3o JO"},"url":"https:\/\/jornaldasoficinas.com\/pt\/author\/joredacao\/"}]}},"_links":{"self":[{"href":"https:\/\/jornaldasoficinas.com\/pt\/wp-json\/wp\/v2\/posts\/105578","targetHints":{"allow":["GET"]}}],"collection":[{"href":"https:\/\/jornaldasoficinas.com\/pt\/wp-json\/wp\/v2\/posts"}],"about":[{"href":"https:\/\/jornaldasoficinas.com\/pt\/wp-json\/wp\/v2\/types\/post"}],"author":[{"embeddable":true,"href":"https:\/\/jornaldasoficinas.com\/pt\/wp-json\/wp\/v2\/users\/15"}],"replies":[{"embeddable":true,"href":"https:\/\/jornaldasoficinas.com\/pt\/wp-json\/wp\/v2\/comments?post=105578"}],"version-history":[{"count":3,"href":"https:\/\/jornaldasoficinas.com\/pt\/wp-json\/wp\/v2\/posts\/105578\/revisions"}],"predecessor-version":[{"id":105582,"href":"https:\/\/jornaldasoficinas.com\/pt\/wp-json\/wp\/v2\/posts\/105578\/revisions\/105582"}],"wp:featuredmedia":[{"embeddable":true,"href":"https:\/\/jornaldasoficinas.com\/pt\/wp-json\/wp\/v2\/media\/105581"}],"wp:attachment":[{"href":"https:\/\/jornaldasoficinas.com\/pt\/wp-json\/wp\/v2\/media?parent=105578"}],"wp:term":[{"taxonomy":"category","embeddable":true,"href":"https:\/\/jornaldasoficinas.com\/pt\/wp-json\/wp\/v2\/categories?post=105578"},{"taxonomy":"post_tag","embeddable":true,"href":"https:\/\/jornaldasoficinas.com\/pt\/wp-json\/wp\/v2\/tags?post=105578"}],"curies":[{"name":"wp","href":"https:\/\/api.w.org\/{rel}","templated":true}]}}