{"id":105593,"date":"2025-08-19T08:00:02","date_gmt":"2025-08-19T07:00:02","guid":{"rendered":"https:\/\/jornaldasoficinas.com\/pt\/?p=105593"},"modified":"2025-08-18T22:31:31","modified_gmt":"2025-08-18T21:31:31","slug":"age-firma-acordo-estrategico-com-a-texa","status":"publish","type":"post","link":"https:\/\/jornaldasoficinas.com\/pt\/age-firma-acordo-estrategico-com-a-texa\/","title":{"rendered":"AGE firma acordo estrat\u00e9gico com a TEXA"},"content":{"rendered":"<p><strong><img loading=\"lazy\" decoding=\"async\" class=\"alignnone size-full wp-image-105599\" src=\"https:\/\/jornaldasoficinas.com\/pt\/wp-content\/uploads\/2025\/08\/AGE-firma-acordo-estrategico-com-a-TEXA.jpg\" alt=\"08 - AGE firma acordo estrategico com a TEXA\" width=\"1024\" height=\"581\" srcset=\"https:\/\/jornaldasoficinas.com\/pt\/wp-content\/uploads\/2025\/08\/AGE-firma-acordo-estrategico-com-a-TEXA.jpg 1024w, https:\/\/jornaldasoficinas.com\/pt\/wp-content\/uploads\/2025\/08\/AGE-firma-acordo-estrategico-com-a-TEXA-300x170.jpg 300w, https:\/\/jornaldasoficinas.com\/pt\/wp-content\/uploads\/2025\/08\/AGE-firma-acordo-estrategico-com-a-TEXA-150x85.jpg 150w, https:\/\/jornaldasoficinas.com\/pt\/wp-content\/uploads\/2025\/08\/AGE-firma-acordo-estrategico-com-a-TEXA-768x436.jpg 768w\" sizes=\"auto, (max-width: 1024px) 100vw, 1024px\" \/><\/strong><\/p>\n<p><strong>A <a href=\"https:\/\/automotiveglassexperts.com\/\" target=\"_blank\" rel=\"noopener\">Automotive Glass Experts<\/a> (AGE), maior rede internacional de especialistas independentes em vidros autom\u00f3veis, assinou um acordo estrat\u00e9gico com a <a href=\"https:\/\/www.texa.com\/\" target=\"_blank\" rel=\"noopener\">TEXA<\/a>, focado em sistemas de diagn\u00f3stico e calibra\u00e7\u00e3o para ADAS\u00a0<\/strong><\/p>\n<p>O acordo garante que os membros da AGE tenham acesso \u00e0s ferramentas, forma\u00e7\u00e3o e suporte necess\u00e1rios para realizar calibra\u00e7\u00f5es precisas e rastre\u00e1veis, de acordo com os procedimentos dos fabricantes, sempre que um para-brisas de um ve\u00edculo equipado com ADAS seja substitu\u00eddo. Sem calibra\u00e7\u00e3o adequada, sistemas como assist\u00eancia de faixa ou travagem de emerg\u00eancia podem n\u00e3o funcionar corretamente, colocando em risco a seguran\u00e7a rodovi\u00e1ria.<\/p>\n<p>Giorgio Pompole, membro do conselho da AGE respons\u00e1vel pelas rela\u00e7\u00f5es com fornecedores, afirmou: &#8220;A calibra\u00e7\u00e3o de ADAS tornou-se uma medida de seguran\u00e7a ap\u00f3s a substitui\u00e7\u00e3o de vidros. As solu\u00e7\u00f5es da TEXA j\u00e1 s\u00e3o utilizadas por v\u00e1rios membros da AGE, sobretudo aqueles que oferecem servi\u00e7os de calibra\u00e7\u00e3o m\u00f3vel. O seu equipamento \u00e9 fi\u00e1vel, de confian\u00e7a e bem-adaptado tanto para oficinas como para opera\u00e7\u00f5es m\u00f3veis. Este acordo baseia-se nesse sucesso j\u00e1 existente e permite-nos alargar as boas pr\u00e1ticas em toda a nossa rede&#8221;.<\/p>\n<p>Roberto Rossi, diretor de vendas da TEXA, acrescentou: &#8220;A TEXA introduziu a sua linha de calibra\u00e7\u00e3o ADAS em 2016 e alcan\u00e7ou imediatamente um enorme sucesso a n\u00edvel mundial. Desde ent\u00e3o, temos trabalhado incansavelmente para a manter tecnicamente atualizada e cada vez mais simples e intuitiva. Este acordo importante com a AGE deixa-nos extremamente orgulhosos e confirma a excecional reputa\u00e7\u00e3o das nossas ferramentas, todas rigorosamente produzidas em It\u00e1lia em linhas de montagem de \u00faltima gera\u00e7\u00e3o&#8221;.<\/p>\n<p>\u00c0 medida que os ve\u00edculos equipados com ADAS se tornam cada vez mais comuns, este acordo fornece aos membros da AGE a infraestrutura necess\u00e1ria para responder \u00e0 crescente procura, refor\u00e7ando o papel da rede como parceiro de confian\u00e7a em servi\u00e7os de vidros autom\u00f3veis e consolidando a TEXA como um dos fornecedores preferenciais em tecnologia de calibra\u00e7\u00e3o ADAS.<\/p>\n","protected":false},"excerpt":{"rendered":"<p>A Automotive Glass Experts (AGE), maior&#8230;<\/p>\n","protected":false},"author":15,"featured_media":105599,"comment_status":"closed","ping_status":"closed","sticky":false,"template":"","format":"standard","meta":{"footnotes":""},"categories":[29],"tags":[8360,3838,5734,6432,2369,13340],"class_list":["post-105593","post","type-post","status-publish","format-standard","has-post-thumbnail","hentry","category-empresas","tag-acordo-estrategico","tag-automotive-glass-experts","tag-calibracao-adas","tag-sistemas-de-diagnostico","tag-texa","tag-vidros-automoveis"],"yoast_head":"<!-- This site is optimized with the Yoast SEO plugin v27.4 - https:\/\/yoast.com\/product\/yoast-seo-wordpress\/ -->\n<title>AGE firma acordo estrat\u00e9gico com a TEXA - Jornal das Oficinas<\/title>\n<meta name=\"description\" content=\"A AGE assinou recentemente um acordo estrat\u00e9gico com a TEXA, focado em sistemas de diagn\u00f3stico e calibra\u00e7\u00e3o para ADAS\u00a0\" \/>\n<meta name=\"robots\" content=\"index, follow, max-snippet:-1, max-image-preview:large, max-video-preview:-1\" \/>\n<link rel=\"canonical\" href=\"https:\/\/jornaldasoficinas.com\/pt\/age-firma-acordo-estrategico-com-a-texa\/\" \/>\n<meta property=\"og:locale\" content=\"pt_PT\" \/>\n<meta property=\"og:type\" content=\"article\" \/>\n<meta property=\"og:title\" content=\"AGE firma acordo estrat\u00e9gico com a TEXA - Jornal das Oficinas\" \/>\n<meta property=\"og:description\" content=\"A AGE assinou recentemente um acordo estrat\u00e9gico com a TEXA, focado em sistemas de diagn\u00f3stico e calibra\u00e7\u00e3o para ADAS\u00a0\" \/>\n<meta property=\"og:url\" content=\"https:\/\/jornaldasoficinas.com\/pt\/age-firma-acordo-estrategico-com-a-texa\/\" \/>\n<meta property=\"og:site_name\" content=\"Jornal das Oficinas\" \/>\n<meta property=\"article:publisher\" content=\"https:\/\/www.facebook.com\/jornaloficinas\" \/>\n<meta property=\"article:published_time\" content=\"2025-08-19T07:00:02+00:00\" \/>\n<meta property=\"og:image\" content=\"https:\/\/jornaldasoficinas.com\/pt\/wp-content\/uploads\/2025\/08\/AGE-firma-acordo-estrategico-com-a-TEXA.jpg\" \/>\n\t<meta property=\"og:image:width\" content=\"1024\" \/>\n\t<meta property=\"og:image:height\" content=\"581\" \/>\n\t<meta property=\"og:image:type\" content=\"image\/jpeg\" \/>\n<meta name=\"author\" content=\"Reda\u00e7\u00e3o JO\" \/>\n<meta name=\"twitter:card\" content=\"summary_large_image\" \/>\n<meta name=\"twitter:creator\" content=\"@jornaloficinas\" \/>\n<meta name=\"twitter:site\" content=\"@jornaloficinas\" \/>\n<meta name=\"twitter:label1\" content=\"Escrito por\" \/>\n\t<meta name=\"twitter:data1\" content=\"Reda\u00e7\u00e3o JO\" \/>\n\t<meta name=\"twitter:label2\" content=\"Tempo estimado de leitura\" \/>\n\t<meta name=\"twitter:data2\" content=\"3 minutos\" \/>\n<script type=\"application\/ld+json\" class=\"yoast-schema-graph\">{\"@context\":\"https:\\\/\\\/schema.org\",\"@graph\":[{\"@type\":\"Article\",\"@id\":\"https:\\\/\\\/jornaldasoficinas.com\\\/pt\\\/age-firma-acordo-estrategico-com-a-texa\\\/#article\",\"isPartOf\":{\"@id\":\"https:\\\/\\\/jornaldasoficinas.com\\\/pt\\\/age-firma-acordo-estrategico-com-a-texa\\\/\"},\"author\":{\"name\":\"Reda\u00e7\u00e3o JO\",\"@id\":\"https:\\\/\\\/jornaldasoficinas.com\\\/pt\\\/#\\\/schema\\\/person\\\/a38eef5de2c41d9e7c9ac10141afddf3\"},\"headline\":\"AGE firma acordo estrat\u00e9gico com a TEXA\",\"datePublished\":\"2025-08-19T07:00:02+00:00\",\"mainEntityOfPage\":{\"@id\":\"https:\\\/\\\/jornaldasoficinas.com\\\/pt\\\/age-firma-acordo-estrategico-com-a-texa\\\/\"},\"wordCount\":356,\"publisher\":{\"@id\":\"https:\\\/\\\/jornaldasoficinas.com\\\/pt\\\/#organization\"},\"image\":{\"@id\":\"https:\\\/\\\/jornaldasoficinas.com\\\/pt\\\/age-firma-acordo-estrategico-com-a-texa\\\/#primaryimage\"},\"thumbnailUrl\":\"https:\\\/\\\/jornaldasoficinas.com\\\/pt\\\/wp-content\\\/uploads\\\/2025\\\/08\\\/AGE-firma-acordo-estrategico-com-a-TEXA.jpg\",\"keywords\":[\"acordo estrat\u00e9gico\",\"Automotive Glass Experts\",\"calibra\u00e7\u00e3o ADAS\",\"Sistemas de diagn\u00f3stico\",\"TEXA\",\"vidros autom\u00f3veis\"],\"articleSection\":[\"Empresas\"],\"inLanguage\":\"pt-PT\"},{\"@type\":\"WebPage\",\"@id\":\"https:\\\/\\\/jornaldasoficinas.com\\\/pt\\\/age-firma-acordo-estrategico-com-a-texa\\\/\",\"url\":\"https:\\\/\\\/jornaldasoficinas.com\\\/pt\\\/age-firma-acordo-estrategico-com-a-texa\\\/\",\"name\":\"AGE firma acordo estrat\u00e9gico com a TEXA - Jornal das Oficinas\",\"isPartOf\":{\"@id\":\"https:\\\/\\\/jornaldasoficinas.com\\\/pt\\\/#website\"},\"primaryImageOfPage\":{\"@id\":\"https:\\\/\\\/jornaldasoficinas.com\\\/pt\\\/age-firma-acordo-estrategico-com-a-texa\\\/#primaryimage\"},\"image\":{\"@id\":\"https:\\\/\\\/jornaldasoficinas.com\\\/pt\\\/age-firma-acordo-estrategico-com-a-texa\\\/#primaryimage\"},\"thumbnailUrl\":\"https:\\\/\\\/jornaldasoficinas.com\\\/pt\\\/wp-content\\\/uploads\\\/2025\\\/08\\\/AGE-firma-acordo-estrategico-com-a-TEXA.jpg\",\"datePublished\":\"2025-08-19T07:00:02+00:00\",\"description\":\"A AGE assinou recentemente um acordo estrat\u00e9gico com a TEXA, focado em sistemas de diagn\u00f3stico e calibra\u00e7\u00e3o para ADAS\u00a0\",\"breadcrumb\":{\"@id\":\"https:\\\/\\\/jornaldasoficinas.com\\\/pt\\\/age-firma-acordo-estrategico-com-a-texa\\\/#breadcrumb\"},\"inLanguage\":\"pt-PT\",\"potentialAction\":[{\"@type\":\"ReadAction\",\"target\":[\"https:\\\/\\\/jornaldasoficinas.com\\\/pt\\\/age-firma-acordo-estrategico-com-a-texa\\\/\"]}]},{\"@type\":\"ImageObject\",\"inLanguage\":\"pt-PT\",\"@id\":\"https:\\\/\\\/jornaldasoficinas.com\\\/pt\\\/age-firma-acordo-estrategico-com-a-texa\\\/#primaryimage\",\"url\":\"https:\\\/\\\/jornaldasoficinas.com\\\/pt\\\/wp-content\\\/uploads\\\/2025\\\/08\\\/AGE-firma-acordo-estrategico-com-a-TEXA.jpg\",\"contentUrl\":\"https:\\\/\\\/jornaldasoficinas.com\\\/pt\\\/wp-content\\\/uploads\\\/2025\\\/08\\\/AGE-firma-acordo-estrategico-com-a-TEXA.jpg\",\"width\":1024,\"height\":581,\"caption\":\"08 - AGE firma acordo estrategico com a TEXA\"},{\"@type\":\"BreadcrumbList\",\"@id\":\"https:\\\/\\\/jornaldasoficinas.com\\\/pt\\\/age-firma-acordo-estrategico-com-a-texa\\\/#breadcrumb\",\"itemListElement\":[{\"@type\":\"ListItem\",\"position\":1,\"name\":\"In\u00edcio\",\"item\":\"https:\\\/\\\/jornaldasoficinas.com\\\/pt\\\/\"},{\"@type\":\"ListItem\",\"position\":2,\"name\":\"AGE firma acordo estrat\u00e9gico com a TEXA\"}]},{\"@type\":\"WebSite\",\"@id\":\"https:\\\/\\\/jornaldasoficinas.com\\\/pt\\\/#website\",\"url\":\"https:\\\/\\\/jornaldasoficinas.com\\\/pt\\\/\",\"name\":\"Jornal das Oficinas\",\"description\":\"Jornal independente do Aftermarket Autom\u00f3vel em Portugal\",\"publisher\":{\"@id\":\"https:\\\/\\\/jornaldasoficinas.com\\\/pt\\\/#organization\"},\"potentialAction\":[{\"@type\":\"SearchAction\",\"target\":{\"@type\":\"EntryPoint\",\"urlTemplate\":\"https:\\\/\\\/jornaldasoficinas.com\\\/pt\\\/?s={search_term_string}\"},\"query-input\":{\"@type\":\"PropertyValueSpecification\",\"valueRequired\":true,\"valueName\":\"search_term_string\"}}],\"inLanguage\":\"pt-PT\"},{\"@type\":\"Organization\",\"@id\":\"https:\\\/\\\/jornaldasoficinas.com\\\/pt\\\/#organization\",\"name\":\"Jornal das Oficinas\",\"url\":\"https:\\\/\\\/jornaldasoficinas.com\\\/pt\\\/\",\"logo\":{\"@type\":\"ImageObject\",\"inLanguage\":\"pt-PT\",\"@id\":\"https:\\\/\\\/jornaldasoficinas.com\\\/pt\\\/#\\\/schema\\\/logo\\\/image\\\/\",\"url\":\"https:\\\/\\\/jornaldasoficinas.com\\\/pt\\\/wp-content\\\/uploads\\\/logoJO-SEO.png\",\"contentUrl\":\"https:\\\/\\\/jornaldasoficinas.com\\\/pt\\\/wp-content\\\/uploads\\\/logoJO-SEO.png\",\"width\":285,\"height\":450,\"caption\":\"Jornal das Oficinas\"},\"image\":{\"@id\":\"https:\\\/\\\/jornaldasoficinas.com\\\/pt\\\/#\\\/schema\\\/logo\\\/image\\\/\"},\"sameAs\":[\"https:\\\/\\\/www.facebook.com\\\/jornaloficinas\",\"https:\\\/\\\/x.com\\\/jornaloficinas\",\"https:\\\/\\\/www.instagram.com\\\/jornal_oficinas\\\/\",\"https:\\\/\\\/www.linkedin.com\\\/company\\\/jornal-das-oficinas\\\/\",\"https:\\\/\\\/www.youtube.com\\\/channel\\\/UCbQZBqtcvV-oSQrr7RzINGg\"]},{\"@type\":\"Person\",\"@id\":\"https:\\\/\\\/jornaldasoficinas.com\\\/pt\\\/#\\\/schema\\\/person\\\/a38eef5de2c41d9e7c9ac10141afddf3\",\"name\":\"Reda\u00e7\u00e3o JO\",\"image\":{\"@type\":\"ImageObject\",\"inLanguage\":\"pt-PT\",\"@id\":\"https:\\\/\\\/secure.gravatar.com\\\/avatar\\\/71f2fa71737ad68a84fea94bc708ddac8ea5b0c4788dc2ad202f3ccb2887742f?s=96&d=wp_user_avatar&r=g\",\"url\":\"https:\\\/\\\/secure.gravatar.com\\\/avatar\\\/71f2fa71737ad68a84fea94bc708ddac8ea5b0c4788dc2ad202f3ccb2887742f?s=96&d=wp_user_avatar&r=g\",\"contentUrl\":\"https:\\\/\\\/secure.gravatar.com\\\/avatar\\\/71f2fa71737ad68a84fea94bc708ddac8ea5b0c4788dc2ad202f3ccb2887742f?s=96&d=wp_user_avatar&r=g\",\"caption\":\"Reda\u00e7\u00e3o JO\"},\"url\":\"https:\\\/\\\/jornaldasoficinas.com\\\/pt\\\/author\\\/joredacao\\\/\"}]}<\/script>\n<!-- \/ Yoast SEO plugin. -->","yoast_head_json":{"title":"AGE firma acordo estrat\u00e9gico com a TEXA - Jornal das Oficinas","description":"A AGE assinou recentemente um acordo estrat\u00e9gico com a TEXA, focado em sistemas de diagn\u00f3stico e calibra\u00e7\u00e3o para ADAS\u00a0","robots":{"index":"index","follow":"follow","max-snippet":"max-snippet:-1","max-image-preview":"max-image-preview:large","max-video-preview":"max-video-preview:-1"},"canonical":"https:\/\/jornaldasoficinas.com\/pt\/age-firma-acordo-estrategico-com-a-texa\/","og_locale":"pt_PT","og_type":"article","og_title":"AGE firma acordo estrat\u00e9gico com a TEXA - Jornal das Oficinas","og_description":"A AGE assinou recentemente um acordo estrat\u00e9gico com a TEXA, focado em sistemas de diagn\u00f3stico e calibra\u00e7\u00e3o para ADAS\u00a0","og_url":"https:\/\/jornaldasoficinas.com\/pt\/age-firma-acordo-estrategico-com-a-texa\/","og_site_name":"Jornal das Oficinas","article_publisher":"https:\/\/www.facebook.com\/jornaloficinas","article_published_time":"2025-08-19T07:00:02+00:00","og_image":[{"width":1024,"height":581,"url":"https:\/\/jornaldasoficinas.com\/pt\/wp-content\/uploads\/2025\/08\/AGE-firma-acordo-estrategico-com-a-TEXA.jpg","type":"image\/jpeg"}],"author":"Reda\u00e7\u00e3o JO","twitter_card":"summary_large_image","twitter_creator":"@jornaloficinas","twitter_site":"@jornaloficinas","twitter_misc":{"Escrito por":"Reda\u00e7\u00e3o JO","Tempo estimado de leitura":"3 minutos"},"schema":{"@context":"https:\/\/schema.org","@graph":[{"@type":"Article","@id":"https:\/\/jornaldasoficinas.com\/pt\/age-firma-acordo-estrategico-com-a-texa\/#article","isPartOf":{"@id":"https:\/\/jornaldasoficinas.com\/pt\/age-firma-acordo-estrategico-com-a-texa\/"},"author":{"name":"Reda\u00e7\u00e3o JO","@id":"https:\/\/jornaldasoficinas.com\/pt\/#\/schema\/person\/a38eef5de2c41d9e7c9ac10141afddf3"},"headline":"AGE firma acordo estrat\u00e9gico com a TEXA","datePublished":"2025-08-19T07:00:02+00:00","mainEntityOfPage":{"@id":"https:\/\/jornaldasoficinas.com\/pt\/age-firma-acordo-estrategico-com-a-texa\/"},"wordCount":356,"publisher":{"@id":"https:\/\/jornaldasoficinas.com\/pt\/#organization"},"image":{"@id":"https:\/\/jornaldasoficinas.com\/pt\/age-firma-acordo-estrategico-com-a-texa\/#primaryimage"},"thumbnailUrl":"https:\/\/jornaldasoficinas.com\/pt\/wp-content\/uploads\/2025\/08\/AGE-firma-acordo-estrategico-com-a-TEXA.jpg","keywords":["acordo estrat\u00e9gico","Automotive Glass Experts","calibra\u00e7\u00e3o ADAS","Sistemas de diagn\u00f3stico","TEXA","vidros autom\u00f3veis"],"articleSection":["Empresas"],"inLanguage":"pt-PT"},{"@type":"WebPage","@id":"https:\/\/jornaldasoficinas.com\/pt\/age-firma-acordo-estrategico-com-a-texa\/","url":"https:\/\/jornaldasoficinas.com\/pt\/age-firma-acordo-estrategico-com-a-texa\/","name":"AGE firma acordo estrat\u00e9gico com a TEXA - Jornal das Oficinas","isPartOf":{"@id":"https:\/\/jornaldasoficinas.com\/pt\/#website"},"primaryImageOfPage":{"@id":"https:\/\/jornaldasoficinas.com\/pt\/age-firma-acordo-estrategico-com-a-texa\/#primaryimage"},"image":{"@id":"https:\/\/jornaldasoficinas.com\/pt\/age-firma-acordo-estrategico-com-a-texa\/#primaryimage"},"thumbnailUrl":"https:\/\/jornaldasoficinas.com\/pt\/wp-content\/uploads\/2025\/08\/AGE-firma-acordo-estrategico-com-a-TEXA.jpg","datePublished":"2025-08-19T07:00:02+00:00","description":"A AGE assinou recentemente um acordo estrat\u00e9gico com a TEXA, focado em sistemas de diagn\u00f3stico e calibra\u00e7\u00e3o para ADAS\u00a0","breadcrumb":{"@id":"https:\/\/jornaldasoficinas.com\/pt\/age-firma-acordo-estrategico-com-a-texa\/#breadcrumb"},"inLanguage":"pt-PT","potentialAction":[{"@type":"ReadAction","target":["https:\/\/jornaldasoficinas.com\/pt\/age-firma-acordo-estrategico-com-a-texa\/"]}]},{"@type":"ImageObject","inLanguage":"pt-PT","@id":"https:\/\/jornaldasoficinas.com\/pt\/age-firma-acordo-estrategico-com-a-texa\/#primaryimage","url":"https:\/\/jornaldasoficinas.com\/pt\/wp-content\/uploads\/2025\/08\/AGE-firma-acordo-estrategico-com-a-TEXA.jpg","contentUrl":"https:\/\/jornaldasoficinas.com\/pt\/wp-content\/uploads\/2025\/08\/AGE-firma-acordo-estrategico-com-a-TEXA.jpg","width":1024,"height":581,"caption":"08 - AGE firma acordo estrategico com a TEXA"},{"@type":"BreadcrumbList","@id":"https:\/\/jornaldasoficinas.com\/pt\/age-firma-acordo-estrategico-com-a-texa\/#breadcrumb","itemListElement":[{"@type":"ListItem","position":1,"name":"In\u00edcio","item":"https:\/\/jornaldasoficinas.com\/pt\/"},{"@type":"ListItem","position":2,"name":"AGE firma acordo estrat\u00e9gico com a TEXA"}]},{"@type":"WebSite","@id":"https:\/\/jornaldasoficinas.com\/pt\/#website","url":"https:\/\/jornaldasoficinas.com\/pt\/","name":"Jornal das Oficinas","description":"Jornal independente do Aftermarket Autom\u00f3vel em Portugal","publisher":{"@id":"https:\/\/jornaldasoficinas.com\/pt\/#organization"},"potentialAction":[{"@type":"SearchAction","target":{"@type":"EntryPoint","urlTemplate":"https:\/\/jornaldasoficinas.com\/pt\/?s={search_term_string}"},"query-input":{"@type":"PropertyValueSpecification","valueRequired":true,"valueName":"search_term_string"}}],"inLanguage":"pt-PT"},{"@type":"Organization","@id":"https:\/\/jornaldasoficinas.com\/pt\/#organization","name":"Jornal das Oficinas","url":"https:\/\/jornaldasoficinas.com\/pt\/","logo":{"@type":"ImageObject","inLanguage":"pt-PT","@id":"https:\/\/jornaldasoficinas.com\/pt\/#\/schema\/logo\/image\/","url":"https:\/\/jornaldasoficinas.com\/pt\/wp-content\/uploads\/logoJO-SEO.png","contentUrl":"https:\/\/jornaldasoficinas.com\/pt\/wp-content\/uploads\/logoJO-SEO.png","width":285,"height":450,"caption":"Jornal das Oficinas"},"image":{"@id":"https:\/\/jornaldasoficinas.com\/pt\/#\/schema\/logo\/image\/"},"sameAs":["https:\/\/www.facebook.com\/jornaloficinas","https:\/\/x.com\/jornaloficinas","https:\/\/www.instagram.com\/jornal_oficinas\/","https:\/\/www.linkedin.com\/company\/jornal-das-oficinas\/","https:\/\/www.youtube.com\/channel\/UCbQZBqtcvV-oSQrr7RzINGg"]},{"@type":"Person","@id":"https:\/\/jornaldasoficinas.com\/pt\/#\/schema\/person\/a38eef5de2c41d9e7c9ac10141afddf3","name":"Reda\u00e7\u00e3o JO","image":{"@type":"ImageObject","inLanguage":"pt-PT","@id":"https:\/\/secure.gravatar.com\/avatar\/71f2fa71737ad68a84fea94bc708ddac8ea5b0c4788dc2ad202f3ccb2887742f?s=96&d=wp_user_avatar&r=g","url":"https:\/\/secure.gravatar.com\/avatar\/71f2fa71737ad68a84fea94bc708ddac8ea5b0c4788dc2ad202f3ccb2887742f?s=96&d=wp_user_avatar&r=g","contentUrl":"https:\/\/secure.gravatar.com\/avatar\/71f2fa71737ad68a84fea94bc708ddac8ea5b0c4788dc2ad202f3ccb2887742f?s=96&d=wp_user_avatar&r=g","caption":"Reda\u00e7\u00e3o JO"},"url":"https:\/\/jornaldasoficinas.com\/pt\/author\/joredacao\/"}]}},"_links":{"self":[{"href":"https:\/\/jornaldasoficinas.com\/pt\/wp-json\/wp\/v2\/posts\/105593","targetHints":{"allow":["GET"]}}],"collection":[{"href":"https:\/\/jornaldasoficinas.com\/pt\/wp-json\/wp\/v2\/posts"}],"about":[{"href":"https:\/\/jornaldasoficinas.com\/pt\/wp-json\/wp\/v2\/types\/post"}],"author":[{"embeddable":true,"href":"https:\/\/jornaldasoficinas.com\/pt\/wp-json\/wp\/v2\/users\/15"}],"replies":[{"embeddable":true,"href":"https:\/\/jornaldasoficinas.com\/pt\/wp-json\/wp\/v2\/comments?post=105593"}],"version-history":[{"count":6,"href":"https:\/\/jornaldasoficinas.com\/pt\/wp-json\/wp\/v2\/posts\/105593\/revisions"}],"predecessor-version":[{"id":105600,"href":"https:\/\/jornaldasoficinas.com\/pt\/wp-json\/wp\/v2\/posts\/105593\/revisions\/105600"}],"wp:featuredmedia":[{"embeddable":true,"href":"https:\/\/jornaldasoficinas.com\/pt\/wp-json\/wp\/v2\/media\/105599"}],"wp:attachment":[{"href":"https:\/\/jornaldasoficinas.com\/pt\/wp-json\/wp\/v2\/media?parent=105593"}],"wp:term":[{"taxonomy":"category","embeddable":true,"href":"https:\/\/jornaldasoficinas.com\/pt\/wp-json\/wp\/v2\/categories?post=105593"},{"taxonomy":"post_tag","embeddable":true,"href":"https:\/\/jornaldasoficinas.com\/pt\/wp-json\/wp\/v2\/tags?post=105593"}],"curies":[{"name":"wp","href":"https:\/\/api.w.org\/{rel}","templated":true}]}}