{"id":105612,"date":"2025-08-20T18:00:51","date_gmt":"2025-08-20T17:00:51","guid":{"rendered":"https:\/\/jornaldasoficinas.com\/pt\/?p=105612"},"modified":"2025-08-19T22:26:40","modified_gmt":"2025-08-19T21:26:40","slug":"eletricos-ganham-espaco-no-mercado-europeu-de-usados","status":"publish","type":"post","link":"https:\/\/jornaldasoficinas.com\/pt\/eletricos-ganham-espaco-no-mercado-europeu-de-usados\/","title":{"rendered":"El\u00e9tricos ganham espa\u00e7o no mercado europeu de usados"},"content":{"rendered":"<p><img loading=\"lazy\" decoding=\"async\" class=\"size-full wp-image-105618\" src=\"https:\/\/jornaldasoficinas.com\/pt\/wp-content\/uploads\/2025\/08\/Eletricos-ganham-espaco-no-mercado-europeu-de-usados.jpg\" alt=\"08 - Eletricos ganham espaco no mercado europeu de usados\" width=\"1024\" height=\"581\" srcset=\"https:\/\/jornaldasoficinas.com\/pt\/wp-content\/uploads\/2025\/08\/Eletricos-ganham-espaco-no-mercado-europeu-de-usados.jpg 1024w, https:\/\/jornaldasoficinas.com\/pt\/wp-content\/uploads\/2025\/08\/Eletricos-ganham-espaco-no-mercado-europeu-de-usados-300x170.jpg 300w, https:\/\/jornaldasoficinas.com\/pt\/wp-content\/uploads\/2025\/08\/Eletricos-ganham-espaco-no-mercado-europeu-de-usados-150x85.jpg 150w, https:\/\/jornaldasoficinas.com\/pt\/wp-content\/uploads\/2025\/08\/Eletricos-ganham-espaco-no-mercado-europeu-de-usados-768x436.jpg 768w\" sizes=\"auto, (max-width: 1024px) 100vw, 1024px\" \/><\/p>\n<p><strong>O Observat\u00f3rio <a href=\"https:\/\/indicata.pt\/\" target=\"_blank\" rel=\"noopener\">INDICATA<\/a> mostra que os BEVs e PHEVs continuam a crescer no mercado europeu de usados, enquanto o diesel e a gasolina perdem for\u00e7a. A <a href=\"https:\/\/www.google.com\/url?sa=t&amp;source=web&amp;rct=j&amp;opi=89978449&amp;url=https:\/\/www.tesla.com\/pt_pt&amp;ved=2ahUKEwiQ4deN6JePAxXeUaQEHY4APZMQFnoECAoQAQ&amp;usg=AOvVaw2tWVyp1PanL3BNfvjtHgvK\">Tesla<\/a> lidera entre os el\u00e9tricos, com o Model 3 e o Model Y a destacarem-se nas vendas r\u00e1pidas<\/strong><\/p>\n<p>A edi\u00e7\u00e3o de Agosto do Observat\u00f3rio INDICATA mostra um mercado europeu de usados em transi\u00e7\u00e3o, com a electrifica\u00e7\u00e3o a ganhar trac\u00e7\u00e3o enquanto os motores de combust\u00e3o perdem f\u00f4lego. No 1o semestre, as novas matr\u00edculas de diesel (-28%) e gasolina (-21%) recuaram em 630 mil unidades, sem que os mild hybrids conseguissem compensar. Em contrapartida, BEVs e PHEVs avan\u00e7aram +22% e +19,5%, respectivamente. A Turquia destacou-se, elevando a quota de BEVs de cerca de 8% para quase 18% e passando a 4.\u00ba maior mercado europeu neste indicador.<\/p>\n<p>Os dados mostram que o mercado reencontrou algum equil\u00edbrio: apesar da queda nas matr\u00edculas de diesel e gasolina, os eletrificados aceleram e os BEVs at\u00e9 dois anos melhoraram o Market Days\u2019 Supply em 20 pontos face ao ano passado. As corre\u00e7\u00f5es de pre\u00e7o tamb\u00e9m abrandaram (-3 a -4 pontos, contra -5 a -7 em 2024), ainda que as assimetrias persistam. Segundo Andy Shields, diretor global do INDICATA, &#8220;o al\u00edvio de volume nos usados de 3-4 anos s\u00f3 dever\u00e1 chegar em 2027&#8221;.<\/p>\n<p>Nos mercados observados, os diesel at\u00e9 2 anos (excluindo mild hybrids) tornaram-se o grupo mais pequeno, com apenas 9,55% das vendas de usados, enquanto o segmento com mais de 5 anos mant\u00e9m estabilidade perto dos 40% de quota. Nos comerciais ligeiros, a queda de 13,2% nas matr\u00edculas novas no 1o semestre (puxada pelo diesel, -16,5%) j\u00e1 se faz sentir no usado. Entre os mais jovens (&lt; 2 anos), a quota de eLCV subiu de cerca de 6% em 2023 para quase 10%.<\/p>\n<p>Ap\u00f3s um pico em junho, o MDS regressou a n\u00edveis m\u00e9dios, com melhorias estruturais claras nos el\u00e9tricos: BEVs \u22642 anos +20 pontos, PHEVs +16 e full hybrids +13, estes \u00faltimos j\u00e1 no topo entre os usados mais jovens, impulsionados por marcas asi\u00e1ticas. A Tesla mant\u00e9m a lideran\u00e7a nos BEVs usados, com o Model 3 e o Model Y a venderem rapidamente (MDS pouco acima de 30), enquanto no segmento a combust\u00e3o o MG HS ronda os 40.<\/p>\n<p>Entre os modelos at\u00e9 quatro anos, destacaram-se o Volkswagen Golf, Peugeot 208 e VW T-ROC. Nos &#8220;fast movers&#8221;, sobressa\u00edram o Tesla Model 3, Tesla Model Y e MG HS\/EHS. J\u00e1 nos comerciais el\u00e9tricos ligeiros at\u00e9 quatro anos, o MDS de 148 continua a ser problem\u00e1tico.<\/p>\n<p>Em termos de pre\u00e7os, os mercados com ajustes mais fortes registaram quedas m\u00e9dias de 3-4 pontos no \u00edndice YTD, menos acentuadas do que os -5 a -7 em 2024. Com a infla\u00e7\u00e3o da Zona Euro perto de 2%, as margens mostraram perdas moderadas. Pa\u00edses pequenos e com forte penetra\u00e7\u00e3o de el\u00e9tricos \u2014 como Dinamarca, Pa\u00edses Baixos e B\u00e9lgica \u2014 enfrentam corre\u00e7\u00f5es mais pronunciadas, enquanto It\u00e1lia e Pol\u00f3nia sofrem com excesso de oferta em gasolina e full hybrids.<\/p>\n","protected":false},"excerpt":{"rendered":"<p>O Observat\u00f3rio INDICATA mostra que os&#8230;<\/p>\n","protected":false},"author":15,"featured_media":105618,"comment_status":"closed","ping_status":"closed","sticky":false,"template":"","format":"standard","meta":{"footnotes":""},"categories":[37],"tags":[3034,2781,13341,5951,2103,986,1568],"class_list":["post-105612","post","type-post","status-publish","format-standard","has-post-thumbnail","hentry","category-mercado","tag-carros-eletricos","tag-crescimento","tag-edicao-de-agosto","tag-mercado-europeu","tag-observatorio-indicata","tag-tesla","tag-veiculos-usados"],"yoast_head":"<!-- This site is optimized with the Yoast SEO plugin v27.4 - https:\/\/yoast.com\/product\/yoast-seo-wordpress\/ -->\n<title>El\u00e9tricos ganham espa\u00e7o no mercado europeu de usados - Jornal das Oficinas<\/title>\n<meta name=\"description\" content=\"O Observat\u00f3rio INDICATA mostra que os BEVs e PHEVs continuam a crescer fortemente no mercado europeu de usados\" \/>\n<meta name=\"robots\" content=\"index, follow, max-snippet:-1, max-image-preview:large, max-video-preview:-1\" \/>\n<link rel=\"canonical\" href=\"https:\/\/jornaldasoficinas.com\/pt\/eletricos-ganham-espaco-no-mercado-europeu-de-usados\/\" \/>\n<meta property=\"og:locale\" content=\"pt_PT\" \/>\n<meta property=\"og:type\" content=\"article\" \/>\n<meta property=\"og:title\" content=\"El\u00e9tricos ganham espa\u00e7o no mercado europeu de usados - Jornal das Oficinas\" \/>\n<meta property=\"og:description\" content=\"O Observat\u00f3rio INDICATA mostra que os BEVs e PHEVs continuam a crescer fortemente no mercado europeu de usados\" \/>\n<meta property=\"og:url\" content=\"https:\/\/jornaldasoficinas.com\/pt\/eletricos-ganham-espaco-no-mercado-europeu-de-usados\/\" \/>\n<meta property=\"og:site_name\" content=\"Jornal das Oficinas\" \/>\n<meta property=\"article:publisher\" content=\"https:\/\/www.facebook.com\/jornaloficinas\" \/>\n<meta property=\"article:published_time\" content=\"2025-08-20T17:00:51+00:00\" \/>\n<meta property=\"og:image\" content=\"https:\/\/jornaldasoficinas.com\/pt\/wp-content\/uploads\/2025\/08\/Eletricos-ganham-espaco-no-mercado-europeu-de-usados.jpg\" \/>\n\t<meta property=\"og:image:width\" content=\"1024\" \/>\n\t<meta property=\"og:image:height\" content=\"581\" \/>\n\t<meta property=\"og:image:type\" content=\"image\/jpeg\" \/>\n<meta name=\"author\" content=\"Reda\u00e7\u00e3o JO\" \/>\n<meta name=\"twitter:card\" content=\"summary_large_image\" \/>\n<meta name=\"twitter:creator\" content=\"@jornaloficinas\" \/>\n<meta name=\"twitter:site\" content=\"@jornaloficinas\" \/>\n<meta name=\"twitter:label1\" content=\"Escrito por\" \/>\n\t<meta name=\"twitter:data1\" content=\"Reda\u00e7\u00e3o JO\" \/>\n\t<meta name=\"twitter:label2\" content=\"Tempo estimado de leitura\" \/>\n\t<meta name=\"twitter:data2\" content=\"4 minutos\" \/>\n<script type=\"application\/ld+json\" class=\"yoast-schema-graph\">{\"@context\":\"https:\\\/\\\/schema.org\",\"@graph\":[{\"@type\":\"Article\",\"@id\":\"https:\\\/\\\/jornaldasoficinas.com\\\/pt\\\/eletricos-ganham-espaco-no-mercado-europeu-de-usados\\\/#article\",\"isPartOf\":{\"@id\":\"https:\\\/\\\/jornaldasoficinas.com\\\/pt\\\/eletricos-ganham-espaco-no-mercado-europeu-de-usados\\\/\"},\"author\":{\"name\":\"Reda\u00e7\u00e3o JO\",\"@id\":\"https:\\\/\\\/jornaldasoficinas.com\\\/pt\\\/#\\\/schema\\\/person\\\/a38eef5de2c41d9e7c9ac10141afddf3\"},\"headline\":\"El\u00e9tricos ganham espa\u00e7o no mercado europeu de usados\",\"datePublished\":\"2025-08-20T17:00:51+00:00\",\"mainEntityOfPage\":{\"@id\":\"https:\\\/\\\/jornaldasoficinas.com\\\/pt\\\/eletricos-ganham-espaco-no-mercado-europeu-de-usados\\\/\"},\"wordCount\":513,\"publisher\":{\"@id\":\"https:\\\/\\\/jornaldasoficinas.com\\\/pt\\\/#organization\"},\"image\":{\"@id\":\"https:\\\/\\\/jornaldasoficinas.com\\\/pt\\\/eletricos-ganham-espaco-no-mercado-europeu-de-usados\\\/#primaryimage\"},\"thumbnailUrl\":\"https:\\\/\\\/jornaldasoficinas.com\\\/pt\\\/wp-content\\\/uploads\\\/2025\\\/08\\\/Eletricos-ganham-espaco-no-mercado-europeu-de-usados.jpg\",\"keywords\":[\"Carros eletricos\",\"Crescimento\",\"edi\u00e7\u00e3o de Agosto\",\"Mercado Europeu\",\"Observat\u00f3rio INDICATA\",\"Tesla\",\"Ve\u00edculos usados\"],\"articleSection\":[\"Mercado\"],\"inLanguage\":\"pt-PT\"},{\"@type\":\"WebPage\",\"@id\":\"https:\\\/\\\/jornaldasoficinas.com\\\/pt\\\/eletricos-ganham-espaco-no-mercado-europeu-de-usados\\\/\",\"url\":\"https:\\\/\\\/jornaldasoficinas.com\\\/pt\\\/eletricos-ganham-espaco-no-mercado-europeu-de-usados\\\/\",\"name\":\"El\u00e9tricos ganham espa\u00e7o no mercado europeu de usados - Jornal das Oficinas\",\"isPartOf\":{\"@id\":\"https:\\\/\\\/jornaldasoficinas.com\\\/pt\\\/#website\"},\"primaryImageOfPage\":{\"@id\":\"https:\\\/\\\/jornaldasoficinas.com\\\/pt\\\/eletricos-ganham-espaco-no-mercado-europeu-de-usados\\\/#primaryimage\"},\"image\":{\"@id\":\"https:\\\/\\\/jornaldasoficinas.com\\\/pt\\\/eletricos-ganham-espaco-no-mercado-europeu-de-usados\\\/#primaryimage\"},\"thumbnailUrl\":\"https:\\\/\\\/jornaldasoficinas.com\\\/pt\\\/wp-content\\\/uploads\\\/2025\\\/08\\\/Eletricos-ganham-espaco-no-mercado-europeu-de-usados.jpg\",\"datePublished\":\"2025-08-20T17:00:51+00:00\",\"description\":\"O Observat\u00f3rio INDICATA mostra que os BEVs e PHEVs continuam a crescer fortemente no mercado europeu de usados\",\"breadcrumb\":{\"@id\":\"https:\\\/\\\/jornaldasoficinas.com\\\/pt\\\/eletricos-ganham-espaco-no-mercado-europeu-de-usados\\\/#breadcrumb\"},\"inLanguage\":\"pt-PT\",\"potentialAction\":[{\"@type\":\"ReadAction\",\"target\":[\"https:\\\/\\\/jornaldasoficinas.com\\\/pt\\\/eletricos-ganham-espaco-no-mercado-europeu-de-usados\\\/\"]}]},{\"@type\":\"ImageObject\",\"inLanguage\":\"pt-PT\",\"@id\":\"https:\\\/\\\/jornaldasoficinas.com\\\/pt\\\/eletricos-ganham-espaco-no-mercado-europeu-de-usados\\\/#primaryimage\",\"url\":\"https:\\\/\\\/jornaldasoficinas.com\\\/pt\\\/wp-content\\\/uploads\\\/2025\\\/08\\\/Eletricos-ganham-espaco-no-mercado-europeu-de-usados.jpg\",\"contentUrl\":\"https:\\\/\\\/jornaldasoficinas.com\\\/pt\\\/wp-content\\\/uploads\\\/2025\\\/08\\\/Eletricos-ganham-espaco-no-mercado-europeu-de-usados.jpg\",\"width\":1024,\"height\":581,\"caption\":\"Woman near car. Vehicle charged at the charging station.\"},{\"@type\":\"BreadcrumbList\",\"@id\":\"https:\\\/\\\/jornaldasoficinas.com\\\/pt\\\/eletricos-ganham-espaco-no-mercado-europeu-de-usados\\\/#breadcrumb\",\"itemListElement\":[{\"@type\":\"ListItem\",\"position\":1,\"name\":\"In\u00edcio\",\"item\":\"https:\\\/\\\/jornaldasoficinas.com\\\/pt\\\/\"},{\"@type\":\"ListItem\",\"position\":2,\"name\":\"El\u00e9tricos ganham espa\u00e7o no mercado europeu de usados\"}]},{\"@type\":\"WebSite\",\"@id\":\"https:\\\/\\\/jornaldasoficinas.com\\\/pt\\\/#website\",\"url\":\"https:\\\/\\\/jornaldasoficinas.com\\\/pt\\\/\",\"name\":\"Jornal das Oficinas\",\"description\":\"Jornal independente do Aftermarket Autom\u00f3vel em Portugal\",\"publisher\":{\"@id\":\"https:\\\/\\\/jornaldasoficinas.com\\\/pt\\\/#organization\"},\"potentialAction\":[{\"@type\":\"SearchAction\",\"target\":{\"@type\":\"EntryPoint\",\"urlTemplate\":\"https:\\\/\\\/jornaldasoficinas.com\\\/pt\\\/?s={search_term_string}\"},\"query-input\":{\"@type\":\"PropertyValueSpecification\",\"valueRequired\":true,\"valueName\":\"search_term_string\"}}],\"inLanguage\":\"pt-PT\"},{\"@type\":\"Organization\",\"@id\":\"https:\\\/\\\/jornaldasoficinas.com\\\/pt\\\/#organization\",\"name\":\"Jornal das Oficinas\",\"url\":\"https:\\\/\\\/jornaldasoficinas.com\\\/pt\\\/\",\"logo\":{\"@type\":\"ImageObject\",\"inLanguage\":\"pt-PT\",\"@id\":\"https:\\\/\\\/jornaldasoficinas.com\\\/pt\\\/#\\\/schema\\\/logo\\\/image\\\/\",\"url\":\"https:\\\/\\\/jornaldasoficinas.com\\\/pt\\\/wp-content\\\/uploads\\\/logoJO-SEO.png\",\"contentUrl\":\"https:\\\/\\\/jornaldasoficinas.com\\\/pt\\\/wp-content\\\/uploads\\\/logoJO-SEO.png\",\"width\":285,\"height\":450,\"caption\":\"Jornal das Oficinas\"},\"image\":{\"@id\":\"https:\\\/\\\/jornaldasoficinas.com\\\/pt\\\/#\\\/schema\\\/logo\\\/image\\\/\"},\"sameAs\":[\"https:\\\/\\\/www.facebook.com\\\/jornaloficinas\",\"https:\\\/\\\/x.com\\\/jornaloficinas\",\"https:\\\/\\\/www.instagram.com\\\/jornal_oficinas\\\/\",\"https:\\\/\\\/www.linkedin.com\\\/company\\\/jornal-das-oficinas\\\/\",\"https:\\\/\\\/www.youtube.com\\\/channel\\\/UCbQZBqtcvV-oSQrr7RzINGg\"]},{\"@type\":\"Person\",\"@id\":\"https:\\\/\\\/jornaldasoficinas.com\\\/pt\\\/#\\\/schema\\\/person\\\/a38eef5de2c41d9e7c9ac10141afddf3\",\"name\":\"Reda\u00e7\u00e3o JO\",\"image\":{\"@type\":\"ImageObject\",\"inLanguage\":\"pt-PT\",\"@id\":\"https:\\\/\\\/secure.gravatar.com\\\/avatar\\\/71f2fa71737ad68a84fea94bc708ddac8ea5b0c4788dc2ad202f3ccb2887742f?s=96&d=wp_user_avatar&r=g\",\"url\":\"https:\\\/\\\/secure.gravatar.com\\\/avatar\\\/71f2fa71737ad68a84fea94bc708ddac8ea5b0c4788dc2ad202f3ccb2887742f?s=96&d=wp_user_avatar&r=g\",\"contentUrl\":\"https:\\\/\\\/secure.gravatar.com\\\/avatar\\\/71f2fa71737ad68a84fea94bc708ddac8ea5b0c4788dc2ad202f3ccb2887742f?s=96&d=wp_user_avatar&r=g\",\"caption\":\"Reda\u00e7\u00e3o JO\"},\"url\":\"https:\\\/\\\/jornaldasoficinas.com\\\/pt\\\/author\\\/joredacao\\\/\"}]}<\/script>\n<!-- \/ Yoast SEO plugin. -->","yoast_head_json":{"title":"El\u00e9tricos ganham espa\u00e7o no mercado europeu de usados - Jornal das Oficinas","description":"O Observat\u00f3rio INDICATA mostra que os BEVs e PHEVs continuam a crescer fortemente no mercado europeu de usados","robots":{"index":"index","follow":"follow","max-snippet":"max-snippet:-1","max-image-preview":"max-image-preview:large","max-video-preview":"max-video-preview:-1"},"canonical":"https:\/\/jornaldasoficinas.com\/pt\/eletricos-ganham-espaco-no-mercado-europeu-de-usados\/","og_locale":"pt_PT","og_type":"article","og_title":"El\u00e9tricos ganham espa\u00e7o no mercado europeu de usados - Jornal das Oficinas","og_description":"O Observat\u00f3rio INDICATA mostra que os BEVs e PHEVs continuam a crescer fortemente no mercado europeu de usados","og_url":"https:\/\/jornaldasoficinas.com\/pt\/eletricos-ganham-espaco-no-mercado-europeu-de-usados\/","og_site_name":"Jornal das Oficinas","article_publisher":"https:\/\/www.facebook.com\/jornaloficinas","article_published_time":"2025-08-20T17:00:51+00:00","og_image":[{"width":1024,"height":581,"url":"https:\/\/jornaldasoficinas.com\/pt\/wp-content\/uploads\/2025\/08\/Eletricos-ganham-espaco-no-mercado-europeu-de-usados.jpg","type":"image\/jpeg"}],"author":"Reda\u00e7\u00e3o JO","twitter_card":"summary_large_image","twitter_creator":"@jornaloficinas","twitter_site":"@jornaloficinas","twitter_misc":{"Escrito por":"Reda\u00e7\u00e3o JO","Tempo estimado de leitura":"4 minutos"},"schema":{"@context":"https:\/\/schema.org","@graph":[{"@type":"Article","@id":"https:\/\/jornaldasoficinas.com\/pt\/eletricos-ganham-espaco-no-mercado-europeu-de-usados\/#article","isPartOf":{"@id":"https:\/\/jornaldasoficinas.com\/pt\/eletricos-ganham-espaco-no-mercado-europeu-de-usados\/"},"author":{"name":"Reda\u00e7\u00e3o JO","@id":"https:\/\/jornaldasoficinas.com\/pt\/#\/schema\/person\/a38eef5de2c41d9e7c9ac10141afddf3"},"headline":"El\u00e9tricos ganham espa\u00e7o no mercado europeu de usados","datePublished":"2025-08-20T17:00:51+00:00","mainEntityOfPage":{"@id":"https:\/\/jornaldasoficinas.com\/pt\/eletricos-ganham-espaco-no-mercado-europeu-de-usados\/"},"wordCount":513,"publisher":{"@id":"https:\/\/jornaldasoficinas.com\/pt\/#organization"},"image":{"@id":"https:\/\/jornaldasoficinas.com\/pt\/eletricos-ganham-espaco-no-mercado-europeu-de-usados\/#primaryimage"},"thumbnailUrl":"https:\/\/jornaldasoficinas.com\/pt\/wp-content\/uploads\/2025\/08\/Eletricos-ganham-espaco-no-mercado-europeu-de-usados.jpg","keywords":["Carros eletricos","Crescimento","edi\u00e7\u00e3o de Agosto","Mercado Europeu","Observat\u00f3rio INDICATA","Tesla","Ve\u00edculos usados"],"articleSection":["Mercado"],"inLanguage":"pt-PT"},{"@type":"WebPage","@id":"https:\/\/jornaldasoficinas.com\/pt\/eletricos-ganham-espaco-no-mercado-europeu-de-usados\/","url":"https:\/\/jornaldasoficinas.com\/pt\/eletricos-ganham-espaco-no-mercado-europeu-de-usados\/","name":"El\u00e9tricos ganham espa\u00e7o no mercado europeu de usados - Jornal das Oficinas","isPartOf":{"@id":"https:\/\/jornaldasoficinas.com\/pt\/#website"},"primaryImageOfPage":{"@id":"https:\/\/jornaldasoficinas.com\/pt\/eletricos-ganham-espaco-no-mercado-europeu-de-usados\/#primaryimage"},"image":{"@id":"https:\/\/jornaldasoficinas.com\/pt\/eletricos-ganham-espaco-no-mercado-europeu-de-usados\/#primaryimage"},"thumbnailUrl":"https:\/\/jornaldasoficinas.com\/pt\/wp-content\/uploads\/2025\/08\/Eletricos-ganham-espaco-no-mercado-europeu-de-usados.jpg","datePublished":"2025-08-20T17:00:51+00:00","description":"O Observat\u00f3rio INDICATA mostra que os BEVs e PHEVs continuam a crescer fortemente no mercado europeu de usados","breadcrumb":{"@id":"https:\/\/jornaldasoficinas.com\/pt\/eletricos-ganham-espaco-no-mercado-europeu-de-usados\/#breadcrumb"},"inLanguage":"pt-PT","potentialAction":[{"@type":"ReadAction","target":["https:\/\/jornaldasoficinas.com\/pt\/eletricos-ganham-espaco-no-mercado-europeu-de-usados\/"]}]},{"@type":"ImageObject","inLanguage":"pt-PT","@id":"https:\/\/jornaldasoficinas.com\/pt\/eletricos-ganham-espaco-no-mercado-europeu-de-usados\/#primaryimage","url":"https:\/\/jornaldasoficinas.com\/pt\/wp-content\/uploads\/2025\/08\/Eletricos-ganham-espaco-no-mercado-europeu-de-usados.jpg","contentUrl":"https:\/\/jornaldasoficinas.com\/pt\/wp-content\/uploads\/2025\/08\/Eletricos-ganham-espaco-no-mercado-europeu-de-usados.jpg","width":1024,"height":581,"caption":"Woman near car. Vehicle charged at the charging station."},{"@type":"BreadcrumbList","@id":"https:\/\/jornaldasoficinas.com\/pt\/eletricos-ganham-espaco-no-mercado-europeu-de-usados\/#breadcrumb","itemListElement":[{"@type":"ListItem","position":1,"name":"In\u00edcio","item":"https:\/\/jornaldasoficinas.com\/pt\/"},{"@type":"ListItem","position":2,"name":"El\u00e9tricos ganham espa\u00e7o no mercado europeu de usados"}]},{"@type":"WebSite","@id":"https:\/\/jornaldasoficinas.com\/pt\/#website","url":"https:\/\/jornaldasoficinas.com\/pt\/","name":"Jornal das Oficinas","description":"Jornal independente do Aftermarket Autom\u00f3vel em Portugal","publisher":{"@id":"https:\/\/jornaldasoficinas.com\/pt\/#organization"},"potentialAction":[{"@type":"SearchAction","target":{"@type":"EntryPoint","urlTemplate":"https:\/\/jornaldasoficinas.com\/pt\/?s={search_term_string}"},"query-input":{"@type":"PropertyValueSpecification","valueRequired":true,"valueName":"search_term_string"}}],"inLanguage":"pt-PT"},{"@type":"Organization","@id":"https:\/\/jornaldasoficinas.com\/pt\/#organization","name":"Jornal das Oficinas","url":"https:\/\/jornaldasoficinas.com\/pt\/","logo":{"@type":"ImageObject","inLanguage":"pt-PT","@id":"https:\/\/jornaldasoficinas.com\/pt\/#\/schema\/logo\/image\/","url":"https:\/\/jornaldasoficinas.com\/pt\/wp-content\/uploads\/logoJO-SEO.png","contentUrl":"https:\/\/jornaldasoficinas.com\/pt\/wp-content\/uploads\/logoJO-SEO.png","width":285,"height":450,"caption":"Jornal das Oficinas"},"image":{"@id":"https:\/\/jornaldasoficinas.com\/pt\/#\/schema\/logo\/image\/"},"sameAs":["https:\/\/www.facebook.com\/jornaloficinas","https:\/\/x.com\/jornaloficinas","https:\/\/www.instagram.com\/jornal_oficinas\/","https:\/\/www.linkedin.com\/company\/jornal-das-oficinas\/","https:\/\/www.youtube.com\/channel\/UCbQZBqtcvV-oSQrr7RzINGg"]},{"@type":"Person","@id":"https:\/\/jornaldasoficinas.com\/pt\/#\/schema\/person\/a38eef5de2c41d9e7c9ac10141afddf3","name":"Reda\u00e7\u00e3o JO","image":{"@type":"ImageObject","inLanguage":"pt-PT","@id":"https:\/\/secure.gravatar.com\/avatar\/71f2fa71737ad68a84fea94bc708ddac8ea5b0c4788dc2ad202f3ccb2887742f?s=96&d=wp_user_avatar&r=g","url":"https:\/\/secure.gravatar.com\/avatar\/71f2fa71737ad68a84fea94bc708ddac8ea5b0c4788dc2ad202f3ccb2887742f?s=96&d=wp_user_avatar&r=g","contentUrl":"https:\/\/secure.gravatar.com\/avatar\/71f2fa71737ad68a84fea94bc708ddac8ea5b0c4788dc2ad202f3ccb2887742f?s=96&d=wp_user_avatar&r=g","caption":"Reda\u00e7\u00e3o JO"},"url":"https:\/\/jornaldasoficinas.com\/pt\/author\/joredacao\/"}]}},"_links":{"self":[{"href":"https:\/\/jornaldasoficinas.com\/pt\/wp-json\/wp\/v2\/posts\/105612","targetHints":{"allow":["GET"]}}],"collection":[{"href":"https:\/\/jornaldasoficinas.com\/pt\/wp-json\/wp\/v2\/posts"}],"about":[{"href":"https:\/\/jornaldasoficinas.com\/pt\/wp-json\/wp\/v2\/types\/post"}],"author":[{"embeddable":true,"href":"https:\/\/jornaldasoficinas.com\/pt\/wp-json\/wp\/v2\/users\/15"}],"replies":[{"embeddable":true,"href":"https:\/\/jornaldasoficinas.com\/pt\/wp-json\/wp\/v2\/comments?post=105612"}],"version-history":[{"count":5,"href":"https:\/\/jornaldasoficinas.com\/pt\/wp-json\/wp\/v2\/posts\/105612\/revisions"}],"predecessor-version":[{"id":105650,"href":"https:\/\/jornaldasoficinas.com\/pt\/wp-json\/wp\/v2\/posts\/105612\/revisions\/105650"}],"wp:featuredmedia":[{"embeddable":true,"href":"https:\/\/jornaldasoficinas.com\/pt\/wp-json\/wp\/v2\/media\/105618"}],"wp:attachment":[{"href":"https:\/\/jornaldasoficinas.com\/pt\/wp-json\/wp\/v2\/media?parent=105612"}],"wp:term":[{"taxonomy":"category","embeddable":true,"href":"https:\/\/jornaldasoficinas.com\/pt\/wp-json\/wp\/v2\/categories?post=105612"},{"taxonomy":"post_tag","embeddable":true,"href":"https:\/\/jornaldasoficinas.com\/pt\/wp-json\/wp\/v2\/tags?post=105612"}],"curies":[{"name":"wp","href":"https:\/\/api.w.org\/{rel}","templated":true}]}}