{"id":105664,"date":"2025-08-21T14:00:48","date_gmt":"2025-08-21T13:00:48","guid":{"rendered":"https:\/\/jornaldasoficinas.com\/pt\/?p=105664"},"modified":"2025-08-20T23:29:50","modified_gmt":"2025-08-20T22:29:50","slug":"spr-auto-lanca-flash-sale-online","status":"publish","type":"post","link":"https:\/\/jornaldasoficinas.com\/pt\/spr-auto-lanca-flash-sale-online\/","title":{"rendered":"SPR AUTO lan\u00e7a Flash Sale online"},"content":{"rendered":"<p><strong><img loading=\"lazy\" decoding=\"async\" class=\"alignnone size-full wp-image-105684\" src=\"https:\/\/jornaldasoficinas.com\/pt\/wp-content\/uploads\/2025\/08\/SPR-AUTO-lanca-Flash-Sale-online-com-desconto-do-valor-do-IVA.png\" alt=\"08 - SPR AUTO lanca Flash Sale online com desconto do valor do IVA\" width=\"1024\" height=\"581\" srcset=\"https:\/\/jornaldasoficinas.com\/pt\/wp-content\/uploads\/2025\/08\/SPR-AUTO-lanca-Flash-Sale-online-com-desconto-do-valor-do-IVA.png 1024w, https:\/\/jornaldasoficinas.com\/pt\/wp-content\/uploads\/2025\/08\/SPR-AUTO-lanca-Flash-Sale-online-com-desconto-do-valor-do-IVA-300x170.png 300w, https:\/\/jornaldasoficinas.com\/pt\/wp-content\/uploads\/2025\/08\/SPR-AUTO-lanca-Flash-Sale-online-com-desconto-do-valor-do-IVA-150x85.png 150w, https:\/\/jornaldasoficinas.com\/pt\/wp-content\/uploads\/2025\/08\/SPR-AUTO-lanca-Flash-Sale-online-com-desconto-do-valor-do-IVA-768x436.png 768w\" sizes=\"auto, (max-width: 1024px) 100vw, 1024px\" \/><\/strong><\/p>\n<p><strong>De 22 a 24 de agosto, a <a href=\"https:\/\/www.sprauto.pt\/\" target=\"_blank\" rel=\"noopener\">SPR AUTO<\/a> estar\u00e1 a promover uma Flash Sale online com desconto equivalente ao IVA em todos os produtos. A campanha integra as celebra\u00e7\u00f5es dos 20 anos da empresa em 2025<\/strong><\/p>\n<p>A SPR AUTO ter\u00e1 em vigor uma campanha Flash Sale exclusiva online, v\u00e1lida apenas nos dias 22, 23 e 24 de agosto. Durante este per\u00edodo, os clientes ir\u00e3o beneficiar de um desconto igual ao valor do IVA, aplicado em todos os artigos sem exce\u00e7\u00e3o.<\/p>\n<p>A oportunidade abrange uma vasta gama de produtos: pe\u00e7as de substitui\u00e7\u00e3o, \u00f3leos e lubrificantes, acess\u00f3rios, pneus, baterias e artigos de manuten\u00e7\u00e3o.<\/p>\n<p>Integrada nas comemora\u00e7\u00f5es dos 20 anos da SPR AUTO em 2025, esta iniciativa refor\u00e7a o compromisso da marca em criar oportunidades \u00fanicas e oferecer vantagens exclusivas aos seus clientes.<\/p>\n","protected":false},"excerpt":{"rendered":"<p>De 22 a 24 de agosto,&#8230;<\/p>\n","protected":false},"author":15,"featured_media":105684,"comment_status":"closed","ping_status":"closed","sticky":false,"template":"","format":"standard","meta":{"footnotes":""},"categories":[29],"tags":[4228,3131,13355,13354,11258,7401],"class_list":["post-105664","post","type-post","status-publish","format-standard","has-post-thumbnail","hentry","category-empresas","tag-aniversario","tag-campanha","tag-desconto-igual-ao-iva","tag-exclusivo-online","tag-spr-auto","tag-vasta-gama"],"yoast_head":"<!-- This site is optimized with the Yoast SEO plugin v27.4 - https:\/\/yoast.com\/product\/yoast-seo-wordpress\/ -->\n<title>SPR AUTO lan\u00e7a Flash Sale online - Jornal das Oficinas<\/title>\n<meta name=\"description\" content=\"De 22 a 24 de agosto, a SPR AUTO estar\u00e1 a promover uma Flash Sale online com desconto equivalente ao IVA em todos os produtos\" \/>\n<meta name=\"robots\" content=\"index, follow, max-snippet:-1, max-image-preview:large, max-video-preview:-1\" \/>\n<link rel=\"canonical\" href=\"https:\/\/jornaldasoficinas.com\/pt\/spr-auto-lanca-flash-sale-online\/\" \/>\n<meta property=\"og:locale\" content=\"pt_PT\" \/>\n<meta property=\"og:type\" content=\"article\" \/>\n<meta property=\"og:title\" content=\"SPR AUTO lan\u00e7a Flash Sale online - Jornal das Oficinas\" \/>\n<meta property=\"og:description\" content=\"De 22 a 24 de agosto, a SPR AUTO estar\u00e1 a promover uma Flash Sale online com desconto equivalente ao IVA em todos os produtos\" \/>\n<meta property=\"og:url\" content=\"https:\/\/jornaldasoficinas.com\/pt\/spr-auto-lanca-flash-sale-online\/\" \/>\n<meta property=\"og:site_name\" content=\"Jornal das Oficinas\" \/>\n<meta property=\"article:publisher\" content=\"https:\/\/www.facebook.com\/jornaloficinas\" \/>\n<meta property=\"article:published_time\" content=\"2025-08-21T13:00:48+00:00\" \/>\n<meta property=\"og:image\" content=\"https:\/\/jornaldasoficinas.com\/pt\/wp-content\/uploads\/2025\/08\/SPR-AUTO-lanca-Flash-Sale-online-com-desconto-do-valor-do-IVA.png\" \/>\n\t<meta property=\"og:image:width\" content=\"1024\" \/>\n\t<meta property=\"og:image:height\" content=\"581\" \/>\n\t<meta property=\"og:image:type\" content=\"image\/png\" \/>\n<meta name=\"author\" content=\"Reda\u00e7\u00e3o JO\" \/>\n<meta name=\"twitter:card\" content=\"summary_large_image\" \/>\n<meta name=\"twitter:creator\" content=\"@jornaloficinas\" \/>\n<meta name=\"twitter:site\" content=\"@jornaloficinas\" \/>\n<meta name=\"twitter:label1\" content=\"Escrito por\" \/>\n\t<meta name=\"twitter:data1\" content=\"Reda\u00e7\u00e3o JO\" \/>\n\t<meta name=\"twitter:label2\" content=\"Tempo estimado de leitura\" \/>\n\t<meta name=\"twitter:data2\" content=\"2 minutos\" \/>\n<script type=\"application\/ld+json\" class=\"yoast-schema-graph\">{\"@context\":\"https:\\\/\\\/schema.org\",\"@graph\":[{\"@type\":\"Article\",\"@id\":\"https:\\\/\\\/jornaldasoficinas.com\\\/pt\\\/spr-auto-lanca-flash-sale-online\\\/#article\",\"isPartOf\":{\"@id\":\"https:\\\/\\\/jornaldasoficinas.com\\\/pt\\\/spr-auto-lanca-flash-sale-online\\\/\"},\"author\":{\"name\":\"Reda\u00e7\u00e3o JO\",\"@id\":\"https:\\\/\\\/jornaldasoficinas.com\\\/pt\\\/#\\\/schema\\\/person\\\/a38eef5de2c41d9e7c9ac10141afddf3\"},\"headline\":\"SPR AUTO lan\u00e7a Flash Sale online\",\"datePublished\":\"2025-08-21T13:00:48+00:00\",\"mainEntityOfPage\":{\"@id\":\"https:\\\/\\\/jornaldasoficinas.com\\\/pt\\\/spr-auto-lanca-flash-sale-online\\\/\"},\"wordCount\":140,\"publisher\":{\"@id\":\"https:\\\/\\\/jornaldasoficinas.com\\\/pt\\\/#organization\"},\"image\":{\"@id\":\"https:\\\/\\\/jornaldasoficinas.com\\\/pt\\\/spr-auto-lanca-flash-sale-online\\\/#primaryimage\"},\"thumbnailUrl\":\"https:\\\/\\\/jornaldasoficinas.com\\\/pt\\\/wp-content\\\/uploads\\\/2025\\\/08\\\/SPR-AUTO-lanca-Flash-Sale-online-com-desconto-do-valor-do-IVA.png\",\"keywords\":[\"Anivers\u00e1rio\",\"Campanha\",\"desconto igual ao iva\",\"exclusivo online\",\"SPR Auto\",\"vasta gama\"],\"articleSection\":[\"Empresas\"],\"inLanguage\":\"pt-PT\"},{\"@type\":\"WebPage\",\"@id\":\"https:\\\/\\\/jornaldasoficinas.com\\\/pt\\\/spr-auto-lanca-flash-sale-online\\\/\",\"url\":\"https:\\\/\\\/jornaldasoficinas.com\\\/pt\\\/spr-auto-lanca-flash-sale-online\\\/\",\"name\":\"SPR AUTO lan\u00e7a Flash Sale online - Jornal das Oficinas\",\"isPartOf\":{\"@id\":\"https:\\\/\\\/jornaldasoficinas.com\\\/pt\\\/#website\"},\"primaryImageOfPage\":{\"@id\":\"https:\\\/\\\/jornaldasoficinas.com\\\/pt\\\/spr-auto-lanca-flash-sale-online\\\/#primaryimage\"},\"image\":{\"@id\":\"https:\\\/\\\/jornaldasoficinas.com\\\/pt\\\/spr-auto-lanca-flash-sale-online\\\/#primaryimage\"},\"thumbnailUrl\":\"https:\\\/\\\/jornaldasoficinas.com\\\/pt\\\/wp-content\\\/uploads\\\/2025\\\/08\\\/SPR-AUTO-lanca-Flash-Sale-online-com-desconto-do-valor-do-IVA.png\",\"datePublished\":\"2025-08-21T13:00:48+00:00\",\"description\":\"De 22 a 24 de agosto, a SPR AUTO estar\u00e1 a promover uma Flash Sale online com desconto equivalente ao IVA em todos os produtos\",\"breadcrumb\":{\"@id\":\"https:\\\/\\\/jornaldasoficinas.com\\\/pt\\\/spr-auto-lanca-flash-sale-online\\\/#breadcrumb\"},\"inLanguage\":\"pt-PT\",\"potentialAction\":[{\"@type\":\"ReadAction\",\"target\":[\"https:\\\/\\\/jornaldasoficinas.com\\\/pt\\\/spr-auto-lanca-flash-sale-online\\\/\"]}]},{\"@type\":\"ImageObject\",\"inLanguage\":\"pt-PT\",\"@id\":\"https:\\\/\\\/jornaldasoficinas.com\\\/pt\\\/spr-auto-lanca-flash-sale-online\\\/#primaryimage\",\"url\":\"https:\\\/\\\/jornaldasoficinas.com\\\/pt\\\/wp-content\\\/uploads\\\/2025\\\/08\\\/SPR-AUTO-lanca-Flash-Sale-online-com-desconto-do-valor-do-IVA.png\",\"contentUrl\":\"https:\\\/\\\/jornaldasoficinas.com\\\/pt\\\/wp-content\\\/uploads\\\/2025\\\/08\\\/SPR-AUTO-lanca-Flash-Sale-online-com-desconto-do-valor-do-IVA.png\",\"width\":1024,\"height\":581,\"caption\":\"08 - SPR AUTO lanca Flash Sale online com desconto do valor do IVA\"},{\"@type\":\"BreadcrumbList\",\"@id\":\"https:\\\/\\\/jornaldasoficinas.com\\\/pt\\\/spr-auto-lanca-flash-sale-online\\\/#breadcrumb\",\"itemListElement\":[{\"@type\":\"ListItem\",\"position\":1,\"name\":\"In\u00edcio\",\"item\":\"https:\\\/\\\/jornaldasoficinas.com\\\/pt\\\/\"},{\"@type\":\"ListItem\",\"position\":2,\"name\":\"SPR AUTO lan\u00e7a Flash Sale online\"}]},{\"@type\":\"WebSite\",\"@id\":\"https:\\\/\\\/jornaldasoficinas.com\\\/pt\\\/#website\",\"url\":\"https:\\\/\\\/jornaldasoficinas.com\\\/pt\\\/\",\"name\":\"Jornal das Oficinas\",\"description\":\"Jornal independente do Aftermarket Autom\u00f3vel em Portugal\",\"publisher\":{\"@id\":\"https:\\\/\\\/jornaldasoficinas.com\\\/pt\\\/#organization\"},\"potentialAction\":[{\"@type\":\"SearchAction\",\"target\":{\"@type\":\"EntryPoint\",\"urlTemplate\":\"https:\\\/\\\/jornaldasoficinas.com\\\/pt\\\/?s={search_term_string}\"},\"query-input\":{\"@type\":\"PropertyValueSpecification\",\"valueRequired\":true,\"valueName\":\"search_term_string\"}}],\"inLanguage\":\"pt-PT\"},{\"@type\":\"Organization\",\"@id\":\"https:\\\/\\\/jornaldasoficinas.com\\\/pt\\\/#organization\",\"name\":\"Jornal das Oficinas\",\"url\":\"https:\\\/\\\/jornaldasoficinas.com\\\/pt\\\/\",\"logo\":{\"@type\":\"ImageObject\",\"inLanguage\":\"pt-PT\",\"@id\":\"https:\\\/\\\/jornaldasoficinas.com\\\/pt\\\/#\\\/schema\\\/logo\\\/image\\\/\",\"url\":\"https:\\\/\\\/jornaldasoficinas.com\\\/pt\\\/wp-content\\\/uploads\\\/logoJO-SEO.png\",\"contentUrl\":\"https:\\\/\\\/jornaldasoficinas.com\\\/pt\\\/wp-content\\\/uploads\\\/logoJO-SEO.png\",\"width\":285,\"height\":450,\"caption\":\"Jornal das Oficinas\"},\"image\":{\"@id\":\"https:\\\/\\\/jornaldasoficinas.com\\\/pt\\\/#\\\/schema\\\/logo\\\/image\\\/\"},\"sameAs\":[\"https:\\\/\\\/www.facebook.com\\\/jornaloficinas\",\"https:\\\/\\\/x.com\\\/jornaloficinas\",\"https:\\\/\\\/www.instagram.com\\\/jornal_oficinas\\\/\",\"https:\\\/\\\/www.linkedin.com\\\/company\\\/jornal-das-oficinas\\\/\",\"https:\\\/\\\/www.youtube.com\\\/channel\\\/UCbQZBqtcvV-oSQrr7RzINGg\"]},{\"@type\":\"Person\",\"@id\":\"https:\\\/\\\/jornaldasoficinas.com\\\/pt\\\/#\\\/schema\\\/person\\\/a38eef5de2c41d9e7c9ac10141afddf3\",\"name\":\"Reda\u00e7\u00e3o JO\",\"image\":{\"@type\":\"ImageObject\",\"inLanguage\":\"pt-PT\",\"@id\":\"https:\\\/\\\/secure.gravatar.com\\\/avatar\\\/71f2fa71737ad68a84fea94bc708ddac8ea5b0c4788dc2ad202f3ccb2887742f?s=96&d=wp_user_avatar&r=g\",\"url\":\"https:\\\/\\\/secure.gravatar.com\\\/avatar\\\/71f2fa71737ad68a84fea94bc708ddac8ea5b0c4788dc2ad202f3ccb2887742f?s=96&d=wp_user_avatar&r=g\",\"contentUrl\":\"https:\\\/\\\/secure.gravatar.com\\\/avatar\\\/71f2fa71737ad68a84fea94bc708ddac8ea5b0c4788dc2ad202f3ccb2887742f?s=96&d=wp_user_avatar&r=g\",\"caption\":\"Reda\u00e7\u00e3o JO\"},\"url\":\"https:\\\/\\\/jornaldasoficinas.com\\\/pt\\\/author\\\/joredacao\\\/\"}]}<\/script>\n<!-- \/ Yoast SEO plugin. -->","yoast_head_json":{"title":"SPR AUTO lan\u00e7a Flash Sale online - Jornal das Oficinas","description":"De 22 a 24 de agosto, a SPR AUTO estar\u00e1 a promover uma Flash Sale online com desconto equivalente ao IVA em todos os produtos","robots":{"index":"index","follow":"follow","max-snippet":"max-snippet:-1","max-image-preview":"max-image-preview:large","max-video-preview":"max-video-preview:-1"},"canonical":"https:\/\/jornaldasoficinas.com\/pt\/spr-auto-lanca-flash-sale-online\/","og_locale":"pt_PT","og_type":"article","og_title":"SPR AUTO lan\u00e7a Flash Sale online - Jornal das Oficinas","og_description":"De 22 a 24 de agosto, a SPR AUTO estar\u00e1 a promover uma Flash Sale online com desconto equivalente ao IVA em todos os produtos","og_url":"https:\/\/jornaldasoficinas.com\/pt\/spr-auto-lanca-flash-sale-online\/","og_site_name":"Jornal das Oficinas","article_publisher":"https:\/\/www.facebook.com\/jornaloficinas","article_published_time":"2025-08-21T13:00:48+00:00","og_image":[{"width":1024,"height":581,"url":"https:\/\/jornaldasoficinas.com\/pt\/wp-content\/uploads\/2025\/08\/SPR-AUTO-lanca-Flash-Sale-online-com-desconto-do-valor-do-IVA.png","type":"image\/png"}],"author":"Reda\u00e7\u00e3o JO","twitter_card":"summary_large_image","twitter_creator":"@jornaloficinas","twitter_site":"@jornaloficinas","twitter_misc":{"Escrito por":"Reda\u00e7\u00e3o JO","Tempo estimado de leitura":"2 minutos"},"schema":{"@context":"https:\/\/schema.org","@graph":[{"@type":"Article","@id":"https:\/\/jornaldasoficinas.com\/pt\/spr-auto-lanca-flash-sale-online\/#article","isPartOf":{"@id":"https:\/\/jornaldasoficinas.com\/pt\/spr-auto-lanca-flash-sale-online\/"},"author":{"name":"Reda\u00e7\u00e3o JO","@id":"https:\/\/jornaldasoficinas.com\/pt\/#\/schema\/person\/a38eef5de2c41d9e7c9ac10141afddf3"},"headline":"SPR AUTO lan\u00e7a Flash Sale online","datePublished":"2025-08-21T13:00:48+00:00","mainEntityOfPage":{"@id":"https:\/\/jornaldasoficinas.com\/pt\/spr-auto-lanca-flash-sale-online\/"},"wordCount":140,"publisher":{"@id":"https:\/\/jornaldasoficinas.com\/pt\/#organization"},"image":{"@id":"https:\/\/jornaldasoficinas.com\/pt\/spr-auto-lanca-flash-sale-online\/#primaryimage"},"thumbnailUrl":"https:\/\/jornaldasoficinas.com\/pt\/wp-content\/uploads\/2025\/08\/SPR-AUTO-lanca-Flash-Sale-online-com-desconto-do-valor-do-IVA.png","keywords":["Anivers\u00e1rio","Campanha","desconto igual ao iva","exclusivo online","SPR Auto","vasta gama"],"articleSection":["Empresas"],"inLanguage":"pt-PT"},{"@type":"WebPage","@id":"https:\/\/jornaldasoficinas.com\/pt\/spr-auto-lanca-flash-sale-online\/","url":"https:\/\/jornaldasoficinas.com\/pt\/spr-auto-lanca-flash-sale-online\/","name":"SPR AUTO lan\u00e7a Flash Sale online - Jornal das Oficinas","isPartOf":{"@id":"https:\/\/jornaldasoficinas.com\/pt\/#website"},"primaryImageOfPage":{"@id":"https:\/\/jornaldasoficinas.com\/pt\/spr-auto-lanca-flash-sale-online\/#primaryimage"},"image":{"@id":"https:\/\/jornaldasoficinas.com\/pt\/spr-auto-lanca-flash-sale-online\/#primaryimage"},"thumbnailUrl":"https:\/\/jornaldasoficinas.com\/pt\/wp-content\/uploads\/2025\/08\/SPR-AUTO-lanca-Flash-Sale-online-com-desconto-do-valor-do-IVA.png","datePublished":"2025-08-21T13:00:48+00:00","description":"De 22 a 24 de agosto, a SPR AUTO estar\u00e1 a promover uma Flash Sale online com desconto equivalente ao IVA em todos os produtos","breadcrumb":{"@id":"https:\/\/jornaldasoficinas.com\/pt\/spr-auto-lanca-flash-sale-online\/#breadcrumb"},"inLanguage":"pt-PT","potentialAction":[{"@type":"ReadAction","target":["https:\/\/jornaldasoficinas.com\/pt\/spr-auto-lanca-flash-sale-online\/"]}]},{"@type":"ImageObject","inLanguage":"pt-PT","@id":"https:\/\/jornaldasoficinas.com\/pt\/spr-auto-lanca-flash-sale-online\/#primaryimage","url":"https:\/\/jornaldasoficinas.com\/pt\/wp-content\/uploads\/2025\/08\/SPR-AUTO-lanca-Flash-Sale-online-com-desconto-do-valor-do-IVA.png","contentUrl":"https:\/\/jornaldasoficinas.com\/pt\/wp-content\/uploads\/2025\/08\/SPR-AUTO-lanca-Flash-Sale-online-com-desconto-do-valor-do-IVA.png","width":1024,"height":581,"caption":"08 - SPR AUTO lanca Flash Sale online com desconto do valor do IVA"},{"@type":"BreadcrumbList","@id":"https:\/\/jornaldasoficinas.com\/pt\/spr-auto-lanca-flash-sale-online\/#breadcrumb","itemListElement":[{"@type":"ListItem","position":1,"name":"In\u00edcio","item":"https:\/\/jornaldasoficinas.com\/pt\/"},{"@type":"ListItem","position":2,"name":"SPR AUTO lan\u00e7a Flash Sale online"}]},{"@type":"WebSite","@id":"https:\/\/jornaldasoficinas.com\/pt\/#website","url":"https:\/\/jornaldasoficinas.com\/pt\/","name":"Jornal das Oficinas","description":"Jornal independente do Aftermarket Autom\u00f3vel em Portugal","publisher":{"@id":"https:\/\/jornaldasoficinas.com\/pt\/#organization"},"potentialAction":[{"@type":"SearchAction","target":{"@type":"EntryPoint","urlTemplate":"https:\/\/jornaldasoficinas.com\/pt\/?s={search_term_string}"},"query-input":{"@type":"PropertyValueSpecification","valueRequired":true,"valueName":"search_term_string"}}],"inLanguage":"pt-PT"},{"@type":"Organization","@id":"https:\/\/jornaldasoficinas.com\/pt\/#organization","name":"Jornal das Oficinas","url":"https:\/\/jornaldasoficinas.com\/pt\/","logo":{"@type":"ImageObject","inLanguage":"pt-PT","@id":"https:\/\/jornaldasoficinas.com\/pt\/#\/schema\/logo\/image\/","url":"https:\/\/jornaldasoficinas.com\/pt\/wp-content\/uploads\/logoJO-SEO.png","contentUrl":"https:\/\/jornaldasoficinas.com\/pt\/wp-content\/uploads\/logoJO-SEO.png","width":285,"height":450,"caption":"Jornal das Oficinas"},"image":{"@id":"https:\/\/jornaldasoficinas.com\/pt\/#\/schema\/logo\/image\/"},"sameAs":["https:\/\/www.facebook.com\/jornaloficinas","https:\/\/x.com\/jornaloficinas","https:\/\/www.instagram.com\/jornal_oficinas\/","https:\/\/www.linkedin.com\/company\/jornal-das-oficinas\/","https:\/\/www.youtube.com\/channel\/UCbQZBqtcvV-oSQrr7RzINGg"]},{"@type":"Person","@id":"https:\/\/jornaldasoficinas.com\/pt\/#\/schema\/person\/a38eef5de2c41d9e7c9ac10141afddf3","name":"Reda\u00e7\u00e3o JO","image":{"@type":"ImageObject","inLanguage":"pt-PT","@id":"https:\/\/secure.gravatar.com\/avatar\/71f2fa71737ad68a84fea94bc708ddac8ea5b0c4788dc2ad202f3ccb2887742f?s=96&d=wp_user_avatar&r=g","url":"https:\/\/secure.gravatar.com\/avatar\/71f2fa71737ad68a84fea94bc708ddac8ea5b0c4788dc2ad202f3ccb2887742f?s=96&d=wp_user_avatar&r=g","contentUrl":"https:\/\/secure.gravatar.com\/avatar\/71f2fa71737ad68a84fea94bc708ddac8ea5b0c4788dc2ad202f3ccb2887742f?s=96&d=wp_user_avatar&r=g","caption":"Reda\u00e7\u00e3o JO"},"url":"https:\/\/jornaldasoficinas.com\/pt\/author\/joredacao\/"}]}},"_links":{"self":[{"href":"https:\/\/jornaldasoficinas.com\/pt\/wp-json\/wp\/v2\/posts\/105664","targetHints":{"allow":["GET"]}}],"collection":[{"href":"https:\/\/jornaldasoficinas.com\/pt\/wp-json\/wp\/v2\/posts"}],"about":[{"href":"https:\/\/jornaldasoficinas.com\/pt\/wp-json\/wp\/v2\/types\/post"}],"author":[{"embeddable":true,"href":"https:\/\/jornaldasoficinas.com\/pt\/wp-json\/wp\/v2\/users\/15"}],"replies":[{"embeddable":true,"href":"https:\/\/jornaldasoficinas.com\/pt\/wp-json\/wp\/v2\/comments?post=105664"}],"version-history":[{"count":5,"href":"https:\/\/jornaldasoficinas.com\/pt\/wp-json\/wp\/v2\/posts\/105664\/revisions"}],"predecessor-version":[{"id":105724,"href":"https:\/\/jornaldasoficinas.com\/pt\/wp-json\/wp\/v2\/posts\/105664\/revisions\/105724"}],"wp:featuredmedia":[{"embeddable":true,"href":"https:\/\/jornaldasoficinas.com\/pt\/wp-json\/wp\/v2\/media\/105684"}],"wp:attachment":[{"href":"https:\/\/jornaldasoficinas.com\/pt\/wp-json\/wp\/v2\/media?parent=105664"}],"wp:term":[{"taxonomy":"category","embeddable":true,"href":"https:\/\/jornaldasoficinas.com\/pt\/wp-json\/wp\/v2\/categories?post=105664"},{"taxonomy":"post_tag","embeddable":true,"href":"https:\/\/jornaldasoficinas.com\/pt\/wp-json\/wp\/v2\/tags?post=105664"}],"curies":[{"name":"wp","href":"https:\/\/api.w.org\/{rel}","templated":true}]}}