{"id":105730,"date":"2025-08-21T10:17:48","date_gmt":"2025-08-21T09:17:48","guid":{"rendered":"https:\/\/jornaldasoficinas.com\/pt\/?p=105730"},"modified":"2025-08-21T10:17:48","modified_gmt":"2025-08-21T09:17:48","slug":"proxira-inaugura-nova-loja-de-ferramentas-em-sintra","status":"publish","type":"post","link":"https:\/\/jornaldasoficinas.com\/pt\/proxira-inaugura-nova-loja-de-ferramentas-em-sintra\/","title":{"rendered":"Proxira inaugura nova loja de ferramentas em Sintra"},"content":{"rendered":"<p><strong><img loading=\"lazy\" decoding=\"async\" class=\"alignnone size-full wp-image-105739\" src=\"https:\/\/jornaldasoficinas.com\/pt\/wp-content\/uploads\/2025\/08\/Proxira-inaugura-nova-loja-de-ferramentas-em-Sintra.png\" alt=\"08 - Proxira inaugura nova loja de ferramentas em Sintra\" width=\"1024\" height=\"581\" srcset=\"https:\/\/jornaldasoficinas.com\/pt\/wp-content\/uploads\/2025\/08\/Proxira-inaugura-nova-loja-de-ferramentas-em-Sintra.png 1024w, https:\/\/jornaldasoficinas.com\/pt\/wp-content\/uploads\/2025\/08\/Proxira-inaugura-nova-loja-de-ferramentas-em-Sintra-300x170.png 300w, https:\/\/jornaldasoficinas.com\/pt\/wp-content\/uploads\/2025\/08\/Proxira-inaugura-nova-loja-de-ferramentas-em-Sintra-150x85.png 150w, https:\/\/jornaldasoficinas.com\/pt\/wp-content\/uploads\/2025\/08\/Proxira-inaugura-nova-loja-de-ferramentas-em-Sintra-768x436.png 768w\" sizes=\"auto, (max-width: 1024px) 100vw, 1024px\" \/><\/strong><\/p>\n<p><strong>A <a href=\"https:\/\/proxira.pt\/\" target=\"_blank\" rel=\"noopener\">Proxira<\/a> abriu uma nova loja de ferramentas em Sintra, refor\u00e7ando a proximidade com os clientes da regi\u00e3o. O espa\u00e7o re\u00fane marcas de refer\u00eancia mundial e servi\u00e7os de apoio especializados\u00a0<\/strong><\/p>\n<p>A Proxira abriu portas recentemente \u00e0 sua <a href=\"https:\/\/proxira.pt\/\" target=\"_blank\" rel=\"noopener\">nova loja de ferramentas em Sintra<\/a>, um passo natural motivado pela forte procura dos clientes daquela regi\u00e3o. Ao longo dos \u00faltimos anos, muitas pessoas de Sintra e arredores visitaram o website da marca e questionaram sobre a possibilidade de abrir um espa\u00e7o f\u00edsico mais pr\u00f3ximo.<\/p>\n<p>Ap\u00f3s uma an\u00e1lise cuidada, a empresa escolheu o Centro Empresarial Sintra Estoril V como o local ideal para esta abertura. A escolha n\u00e3o foi ao acaso: trata-se de uma zona estrat\u00e9gica, de f\u00e1cil acesso, com bons acessos rodovi\u00e1rios e amplo estacionamento para maior comodidade dos clientes.<\/p>\n<p>A nova <a href=\"https:\/\/proxira.pt\/\" target=\"_blank\" rel=\"noopener\">loja de ferramentas<\/a> foi pensada para oferecer a maior variedade poss\u00edvel, sempre com a garantia de qualidade que a Proxira representa. Entre as marcas dispon\u00edveis destacam-se nomes de refer\u00eancia mundial como FACOM, Beta, Milwaukee, Metabo, RUPES e Telwin, entre muitas outras.<\/p>\n<p>O espa\u00e7o conta ainda com uma equipa de especialistas preparada para apoiar tanto na venda como no p\u00f3s-venda, garantindo acompanhamento personalizado e solu\u00e7\u00f5es adequadas a cada necessidade. Os profissionais da regi\u00e3o \u2014 mec\u00e2nicos, serralheiros, carpinteiros e t\u00e9cnicos da ind\u00fastria autom\u00f3vel, entre outros \u2014 passam a ter \u00e0 disposi\u00e7\u00e3o um local pr\u00f3ximo onde podem encontrar n\u00e3o s\u00f3 ferramentas, mas tamb\u00e9m conhecimento e aconselhamento t\u00e9cnico.<\/p>\n<p>Al\u00e9m da venda direta, a <a href=\"https:\/\/proxira.pt\/\" target=\"_blank\" rel=\"noopener\">Proxira<\/a> disponibiliza ainda servi\u00e7os como assist\u00eancia t\u00e9cnica especializada, encomendas online com levantamento em loja (&#8220;click &amp; collect&#8221;) e apoio p\u00f3s-venda dedicado, refor\u00e7ando a conveni\u00eancia para clientes particulares e empresariais.<\/p>\n<p>&#8220;Acreditamos que esta nova loja de ferramentas em Sintra ser\u00e1 uma mais-valia para todos os profissionais da regi\u00e3o. Queremos estar pr\u00f3ximos dos clientes, oferecendo n\u00e3o apenas produtos de excel\u00eancia, mas tamb\u00e9m confian\u00e7a, aconselhamento e pre\u00e7os competitivos&#8221;, afirmou a dire\u00e7\u00e3o da Proxira.<\/p>\n<p>Para a Proxira, este \u00e9 um momento de grande entusiasmo. A abertura do seu novo estabelecimento em Sintra refor\u00e7a o compromisso da empresa em estar pr\u00f3xima dos seus clientes, oferecendo-lhes n\u00e3o apenas produtos de excel\u00eancia, mas tamb\u00e9m uma rela\u00e7\u00e3o de proximidade e profissionalismo.<\/p>\n<p><strong>Contactos:<\/strong><\/p>\n<p><strong>Morada<\/strong><br \/>\nAv. Pedro \u00c1lvares Cabral, Centro Empresarial Sintra Estoril V B18, Linh\u00f3 2710-297 Sintra<\/p>\n<p><strong>Telefone<\/strong><br \/>\n(+351) 965 814 450 ou\u00a0 (+351) 210 474 356<\/p>\n<p><strong>E-mail<\/strong><br \/>\n<a href=\"mailto:sintra@proxira.pt\" target=\"_blank\" rel=\"noopener\">sintra@proxira.pt<\/a><\/p>\n<div class=\"wonderplugingallery-container\" id=\"wonderplugingallery-container-257\" style=\"max-width:960px;margin:0 auto;\"><div class=\"wonderplugingallery\" id=\"wonderplugingallery-257\" data-galleryid=\"257\" data-width=\"960\" data-height=\"540\" data-skin=\"gallery\" data-playsinline=\"false\" data-mutevideo=\"false\" data-random=\"false\" data-autoslide=\"false\" data-autoplayvideo=\"false\" data-schemamarkup=\"false\" data-stopallplaying=\"false\" data-reloadonvideoend=\"false\" data-donotuseposter=\"false\" data-enabletabindex=\"false\" data-loadnextonvideoend=\"false\" data-hidetitlewhenvideoisplaying=\"false\" data-disablehovereventontouch=\"false\" data-ratioresponsive=\"false\" data-autoslideandplayafterfirstplayed=\"false\" data-html5player=\"true\" data-responsive=\"true\" data-fullwidth=\"false\" data-showtitle=\"true\" data-showdescription=\"true\" data-showplaybutton=\"true\" data-showfullscreenbutton=\"true\" data-showtimer=\"true\" data-showcarousel=\"true\" data-galleryshadow=\"false\" data-slideshadow=\"true\" data-thumbshowtitle=\"false\" data-thumbshowimage=\"true\" data-thumbshadow=\"true\" data-lightboxshowtitle=\"true\" data-lightboxshowdescription=\"true\" data-specifyid=\"true\" data-donotinit=\"false\" data-addinitscript=\"false\" data-triggerresize=\"false\" data-thumbcolumnsresponsive=\"false\" data-thumbverticalmiddle=\"true\" data-removeinlinecss=\"true\" data-switchonmouseover=\"false\" data-showcategory=\"true\" data-carouselpagination=\"false\" data-showimgtitle=\"false\" data-titlesmallscreen=\"false\" data-initsocial=\"true\" data-showsocial=\"false\" data-showemail=\"false\" data-showfacebook=\"true\" data-showtwitter=\"true\" data-showpinterest=\"true\" data-socialrotateeffect=\"true\" data-doshortcodeontext=\"false\" data-loop=\"0\" data-duration=\"1500\" data-slideduration=\"1000\" data-slideshowinterval=\"6000\" data-googleanalyticsaccount=\"\" data-ga4account=\"\" data-resizemode=\"fill\" data-imagetoolboxmode=\"mouseover\" data-effect=\"fade\" data-padding=\"12\" data-bgcolor=\"\" data-bgimage=\"\" data-thumbwidth=\"120\" data-thumbheight=\"60\" data-thumbgap=\"8\" data-thumbrowgap=\"16\" data-lightboxtextheight=\"72\" data-lightboxtitlecss=\"{color:#333333; font:bold 12px Arial,Helvetica,sans-serif; overflow:hidden; white-space:normal; line-height:18px;}\" data-lightboxdescriptioncss=\"{color:#333333; font:normal 12px Arial,Helvetica,sans-serif; overflow:hidden; white-space:normal; line-height:14px;}\" data-titlecss=\"{color:#ffffff; font-size:14px; font-family:Armata, sans-serif, Arial; overflow:hidden; text-align:left; padding:10px 0px 10px 10px; background:rgb(102, 102, 102) transparent; background:rgba(102, 102, 102, 0.6);}\" data-descriptioncss=\"{color:#ffffff; font-size:13px; font-family:Armata, sans-serif, Arial; overflow:hidden; text-align:left; padding:0px 0px 10px 10px; background:rgb(102, 102, 102) transparent; background:rgba(102, 102, 102, 0.6);}\" data-titleheight=\"72\" data-titlesmallscreenwidth=\"640\" data-titleheightsmallscreen=\"148\" data-socialmode=\"mouseover\" data-socialposition=\"position:absolute;top:8px;right:8px;\" data-socialpositionlightbox=\"position:absolute;top:8px;right:8px;\" data-socialdirection=\"horizontal\" data-socialbuttonsize=\"32\" data-socialbuttonfontsize=\"18\" data-defaultvideovolume=\"1\" data-ratiomediumscreen=\"1024\" data-ratiomediumheight=\"1.6\" data-ratiosmallscreen=\"767\" data-ratiosmallheight=\"2.4\" data-thumbtitleheight=\"24\" data-thumbmediumtitleheight=\"48\" data-thumbsmalltitleheight=\"72\" data-categoryheight=\"48\" data-categorydefault=\"all\" data-triggerresizedelay=\"100\" data-thumbmediumsize=\"800\" data-thumbsmallsize=\"480\" data-thumbmediumwidth=\"64\" data-thumbmediumheight=\"64\" data-thumbsmallwidth=\"48\" data-thumbsmallheight=\"48\" data-imgtitle=\"title\" data-carouselpaginationrow=\"3\" data-categorystyle=\"dropdown\" data-categorylist=\"[{&quot;slug&quot;:&quot;all&quot;,&quot;caption&quot;:&quot;Show All&quot;}]\" data-jsfolder=\"https:\/\/jornaldasoficinas.com\/pt\/wp-content\/plugins\/wonderplugin-gallery\/engine\/\" style=\"display:none;\" ><a class=\"html5galleryimglink\" href=\"https:\/\/jornaldasoficinas.com\/pt\/wp-content\/uploads\/01Loja-de-Sintra-Frente.png\" data-mediatype=1><img decoding=\"async\" class=\"html5galleryimg html5gallery-tn-image\" src=\"https:\/\/jornaldasoficinas.com\/pt\/wp-content\/uploads\/01Loja-de-Sintra-Frente-150x85.png\" alt=\"01Loja de Sintra - Frente\"><\/a><div class=\"html5gallery-info\"><div class=\"html5gallery-title\">01Loja de Sintra - Frente<\/div><\/div><a class=\"html5galleryimglink\" href=\"https:\/\/jornaldasoficinas.com\/pt\/wp-content\/uploads\/02Loja-de-Sintra-Jonnesway-e-JBM.png\" data-mediatype=1><img decoding=\"async\" class=\"html5galleryimg html5gallery-tn-image\" src=\"https:\/\/jornaldasoficinas.com\/pt\/wp-content\/uploads\/02Loja-de-Sintra-Jonnesway-e-JBM-150x85.png\" alt=\"02Loja de Sintra - Jonnesway e JBM\"><\/a><div class=\"html5gallery-info\"><div class=\"html5gallery-title\">02Loja de Sintra - Jonnesway e JBM<\/div><\/div><a class=\"html5galleryimglink\" href=\"https:\/\/jornaldasoficinas.com\/pt\/wp-content\/uploads\/03Loja-de-Sintra-Beta-e-metabo.png\" data-mediatype=1><img decoding=\"async\" class=\"html5galleryimg html5gallery-tn-image\" src=\"https:\/\/jornaldasoficinas.com\/pt\/wp-content\/uploads\/03Loja-de-Sintra-Beta-e-metabo-150x85.png\" alt=\"03Loja de Sintra - Beta e metabo\"><\/a><div class=\"html5gallery-info\"><div class=\"html5gallery-title\">03Loja de Sintra - Beta e metabo<\/div><\/div><a class=\"html5galleryimglink\" href=\"https:\/\/jornaldasoficinas.com\/pt\/wp-content\/uploads\/04Loja-de-Sintra-FACOM.png\" data-mediatype=1><img decoding=\"async\" class=\"html5galleryimg html5gallery-tn-image\" src=\"https:\/\/jornaldasoficinas.com\/pt\/wp-content\/uploads\/04Loja-de-Sintra-FACOM-150x85.png\" alt=\"04Loja de Sintra - FACOM\"><\/a><div class=\"html5gallery-info\"><div class=\"html5gallery-title\">04Loja de Sintra - FACOM<\/div><\/div><a class=\"html5galleryimglink\" href=\"https:\/\/jornaldasoficinas.com\/pt\/wp-content\/uploads\/05zLoja-de-Sintra-Balcao.png\" data-mediatype=1><img decoding=\"async\" class=\"html5galleryimg html5gallery-tn-image\" src=\"https:\/\/jornaldasoficinas.com\/pt\/wp-content\/uploads\/05zLoja-de-Sintra-Balcao-150x85.png\" alt=\"05zLoja de Sintra - Balca\u0303o\"><\/a><div class=\"html5gallery-info\"><div class=\"html5gallery-title\">05zLoja de Sintra - Balca\u0303o<\/div><\/div><\/div><\/div><script>function wondergallery_257_appendcss(csscode) {var head=document.head || document.getElementsByTagName(\"head\")[0];var style=document.createElement(\"style\");head.appendChild(style);style.type=\"text\/css\";if (style.styleSheet){style.styleSheet.cssText=csscode;} else {style.appendChild(document.createTextNode(csscode));}};wondergallery_257_appendcss(\"#wonderplugingallery-257 .html5gallery-cat-selection-257 { \tbox-sizing: border-box; \ttext-align: center; }  #wonderplugingallery-257 .html5gallery-cat-selection-257 select { \tbox-sizing: border-box; \tmargin: 4px auto; }\");<\/script>\n","protected":false},"excerpt":{"rendered":"<p>A Proxira abriu uma nova loja&#8230;<\/p>\n","protected":false},"author":15,"featured_media":105739,"comment_status":"closed","ping_status":"closed","sticky":false,"template":"","format":"standard","meta":{"footnotes":""},"categories":[29],"tags":[10946,3501,13366,11922,2729,4542],"class_list":["post-105730","post","type-post","status-publish","format-standard","has-post-thumbnail","hentry","category-empresas","tag-apoio-especializado","tag-inauguracao","tag-loja-de-ferramentas","tag-marcas-de-referencia","tag-proxira","tag-sintra"],"yoast_head":"<!-- This site is optimized with the Yoast SEO plugin v27.4 - https:\/\/yoast.com\/product\/yoast-seo-wordpress\/ -->\n<title>Proxira inaugura nova loja de ferramentas em Sintra - Jornal das Oficinas<\/title>\n<meta name=\"description\" content=\"A Proxira abriu uma nova loja de ferramentas em Sintra, refor\u00e7ando a proximidade com os clientes da regi\u00e3o\" \/>\n<meta name=\"robots\" content=\"index, follow, max-snippet:-1, max-image-preview:large, max-video-preview:-1\" \/>\n<link rel=\"canonical\" href=\"https:\/\/jornaldasoficinas.com\/pt\/proxira-inaugura-nova-loja-de-ferramentas-em-sintra\/\" \/>\n<meta property=\"og:locale\" content=\"pt_PT\" \/>\n<meta property=\"og:type\" content=\"article\" \/>\n<meta property=\"og:title\" content=\"Proxira inaugura nova loja de ferramentas em Sintra - Jornal das Oficinas\" \/>\n<meta property=\"og:description\" content=\"A Proxira abriu uma nova loja de ferramentas em Sintra, refor\u00e7ando a proximidade com os clientes da regi\u00e3o\" \/>\n<meta property=\"og:url\" content=\"https:\/\/jornaldasoficinas.com\/pt\/proxira-inaugura-nova-loja-de-ferramentas-em-sintra\/\" \/>\n<meta property=\"og:site_name\" content=\"Jornal das Oficinas\" \/>\n<meta property=\"article:publisher\" content=\"https:\/\/www.facebook.com\/jornaloficinas\" \/>\n<meta property=\"article:published_time\" content=\"2025-08-21T09:17:48+00:00\" \/>\n<meta property=\"og:image\" content=\"https:\/\/jornaldasoficinas.com\/pt\/wp-content\/uploads\/2025\/08\/Proxira-inaugura-nova-loja-de-ferramentas-em-Sintra.png\" \/>\n\t<meta property=\"og:image:width\" content=\"1024\" \/>\n\t<meta property=\"og:image:height\" content=\"581\" \/>\n\t<meta property=\"og:image:type\" content=\"image\/png\" \/>\n<meta name=\"author\" content=\"Reda\u00e7\u00e3o JO\" \/>\n<meta name=\"twitter:card\" content=\"summary_large_image\" \/>\n<meta name=\"twitter:creator\" content=\"@jornaloficinas\" \/>\n<meta name=\"twitter:site\" content=\"@jornaloficinas\" \/>\n<meta name=\"twitter:label1\" content=\"Escrito por\" \/>\n\t<meta name=\"twitter:data1\" content=\"Reda\u00e7\u00e3o JO\" \/>\n\t<meta name=\"twitter:label2\" content=\"Tempo estimado de leitura\" \/>\n\t<meta name=\"twitter:data2\" content=\"3 minutos\" \/>\n<script type=\"application\/ld+json\" class=\"yoast-schema-graph\">{\"@context\":\"https:\\\/\\\/schema.org\",\"@graph\":[{\"@type\":\"Article\",\"@id\":\"https:\\\/\\\/jornaldasoficinas.com\\\/pt\\\/proxira-inaugura-nova-loja-de-ferramentas-em-sintra\\\/#article\",\"isPartOf\":{\"@id\":\"https:\\\/\\\/jornaldasoficinas.com\\\/pt\\\/proxira-inaugura-nova-loja-de-ferramentas-em-sintra\\\/\"},\"author\":{\"name\":\"Reda\u00e7\u00e3o JO\",\"@id\":\"https:\\\/\\\/jornaldasoficinas.com\\\/pt\\\/#\\\/schema\\\/person\\\/a38eef5de2c41d9e7c9ac10141afddf3\"},\"headline\":\"Proxira inaugura nova loja de ferramentas em Sintra\",\"datePublished\":\"2025-08-21T09:17:48+00:00\",\"mainEntityOfPage\":{\"@id\":\"https:\\\/\\\/jornaldasoficinas.com\\\/pt\\\/proxira-inaugura-nova-loja-de-ferramentas-em-sintra\\\/\"},\"wordCount\":432,\"publisher\":{\"@id\":\"https:\\\/\\\/jornaldasoficinas.com\\\/pt\\\/#organization\"},\"image\":{\"@id\":\"https:\\\/\\\/jornaldasoficinas.com\\\/pt\\\/proxira-inaugura-nova-loja-de-ferramentas-em-sintra\\\/#primaryimage\"},\"thumbnailUrl\":\"https:\\\/\\\/jornaldasoficinas.com\\\/pt\\\/wp-content\\\/uploads\\\/2025\\\/08\\\/Proxira-inaugura-nova-loja-de-ferramentas-em-Sintra.png\",\"keywords\":[\"apoio especializado\",\"Inaugura\u00e7\u00e3o\",\"loja de ferramentas\",\"Marcas de refer\u00eancia\",\"Proxira\",\"Sintra\"],\"articleSection\":[\"Empresas\"],\"inLanguage\":\"pt-PT\"},{\"@type\":\"WebPage\",\"@id\":\"https:\\\/\\\/jornaldasoficinas.com\\\/pt\\\/proxira-inaugura-nova-loja-de-ferramentas-em-sintra\\\/\",\"url\":\"https:\\\/\\\/jornaldasoficinas.com\\\/pt\\\/proxira-inaugura-nova-loja-de-ferramentas-em-sintra\\\/\",\"name\":\"Proxira inaugura nova loja de ferramentas em Sintra - Jornal das Oficinas\",\"isPartOf\":{\"@id\":\"https:\\\/\\\/jornaldasoficinas.com\\\/pt\\\/#website\"},\"primaryImageOfPage\":{\"@id\":\"https:\\\/\\\/jornaldasoficinas.com\\\/pt\\\/proxira-inaugura-nova-loja-de-ferramentas-em-sintra\\\/#primaryimage\"},\"image\":{\"@id\":\"https:\\\/\\\/jornaldasoficinas.com\\\/pt\\\/proxira-inaugura-nova-loja-de-ferramentas-em-sintra\\\/#primaryimage\"},\"thumbnailUrl\":\"https:\\\/\\\/jornaldasoficinas.com\\\/pt\\\/wp-content\\\/uploads\\\/2025\\\/08\\\/Proxira-inaugura-nova-loja-de-ferramentas-em-Sintra.png\",\"datePublished\":\"2025-08-21T09:17:48+00:00\",\"description\":\"A Proxira abriu uma nova loja de ferramentas em Sintra, refor\u00e7ando a proximidade com os clientes da regi\u00e3o\",\"breadcrumb\":{\"@id\":\"https:\\\/\\\/jornaldasoficinas.com\\\/pt\\\/proxira-inaugura-nova-loja-de-ferramentas-em-sintra\\\/#breadcrumb\"},\"inLanguage\":\"pt-PT\",\"potentialAction\":[{\"@type\":\"ReadAction\",\"target\":[\"https:\\\/\\\/jornaldasoficinas.com\\\/pt\\\/proxira-inaugura-nova-loja-de-ferramentas-em-sintra\\\/\"]}]},{\"@type\":\"ImageObject\",\"inLanguage\":\"pt-PT\",\"@id\":\"https:\\\/\\\/jornaldasoficinas.com\\\/pt\\\/proxira-inaugura-nova-loja-de-ferramentas-em-sintra\\\/#primaryimage\",\"url\":\"https:\\\/\\\/jornaldasoficinas.com\\\/pt\\\/wp-content\\\/uploads\\\/2025\\\/08\\\/Proxira-inaugura-nova-loja-de-ferramentas-em-Sintra.png\",\"contentUrl\":\"https:\\\/\\\/jornaldasoficinas.com\\\/pt\\\/wp-content\\\/uploads\\\/2025\\\/08\\\/Proxira-inaugura-nova-loja-de-ferramentas-em-Sintra.png\",\"width\":1024,\"height\":581,\"caption\":\"08 - Proxira inaugura nova loja de ferramentas em Sintra\"},{\"@type\":\"BreadcrumbList\",\"@id\":\"https:\\\/\\\/jornaldasoficinas.com\\\/pt\\\/proxira-inaugura-nova-loja-de-ferramentas-em-sintra\\\/#breadcrumb\",\"itemListElement\":[{\"@type\":\"ListItem\",\"position\":1,\"name\":\"In\u00edcio\",\"item\":\"https:\\\/\\\/jornaldasoficinas.com\\\/pt\\\/\"},{\"@type\":\"ListItem\",\"position\":2,\"name\":\"Proxira inaugura nova loja de ferramentas em Sintra\"}]},{\"@type\":\"WebSite\",\"@id\":\"https:\\\/\\\/jornaldasoficinas.com\\\/pt\\\/#website\",\"url\":\"https:\\\/\\\/jornaldasoficinas.com\\\/pt\\\/\",\"name\":\"Jornal das Oficinas\",\"description\":\"Jornal independente do Aftermarket Autom\u00f3vel em Portugal\",\"publisher\":{\"@id\":\"https:\\\/\\\/jornaldasoficinas.com\\\/pt\\\/#organization\"},\"potentialAction\":[{\"@type\":\"SearchAction\",\"target\":{\"@type\":\"EntryPoint\",\"urlTemplate\":\"https:\\\/\\\/jornaldasoficinas.com\\\/pt\\\/?s={search_term_string}\"},\"query-input\":{\"@type\":\"PropertyValueSpecification\",\"valueRequired\":true,\"valueName\":\"search_term_string\"}}],\"inLanguage\":\"pt-PT\"},{\"@type\":\"Organization\",\"@id\":\"https:\\\/\\\/jornaldasoficinas.com\\\/pt\\\/#organization\",\"name\":\"Jornal das Oficinas\",\"url\":\"https:\\\/\\\/jornaldasoficinas.com\\\/pt\\\/\",\"logo\":{\"@type\":\"ImageObject\",\"inLanguage\":\"pt-PT\",\"@id\":\"https:\\\/\\\/jornaldasoficinas.com\\\/pt\\\/#\\\/schema\\\/logo\\\/image\\\/\",\"url\":\"https:\\\/\\\/jornaldasoficinas.com\\\/pt\\\/wp-content\\\/uploads\\\/logoJO-SEO.png\",\"contentUrl\":\"https:\\\/\\\/jornaldasoficinas.com\\\/pt\\\/wp-content\\\/uploads\\\/logoJO-SEO.png\",\"width\":285,\"height\":450,\"caption\":\"Jornal das Oficinas\"},\"image\":{\"@id\":\"https:\\\/\\\/jornaldasoficinas.com\\\/pt\\\/#\\\/schema\\\/logo\\\/image\\\/\"},\"sameAs\":[\"https:\\\/\\\/www.facebook.com\\\/jornaloficinas\",\"https:\\\/\\\/x.com\\\/jornaloficinas\",\"https:\\\/\\\/www.instagram.com\\\/jornal_oficinas\\\/\",\"https:\\\/\\\/www.linkedin.com\\\/company\\\/jornal-das-oficinas\\\/\",\"https:\\\/\\\/www.youtube.com\\\/channel\\\/UCbQZBqtcvV-oSQrr7RzINGg\"]},{\"@type\":\"Person\",\"@id\":\"https:\\\/\\\/jornaldasoficinas.com\\\/pt\\\/#\\\/schema\\\/person\\\/a38eef5de2c41d9e7c9ac10141afddf3\",\"name\":\"Reda\u00e7\u00e3o JO\",\"image\":{\"@type\":\"ImageObject\",\"inLanguage\":\"pt-PT\",\"@id\":\"https:\\\/\\\/secure.gravatar.com\\\/avatar\\\/71f2fa71737ad68a84fea94bc708ddac8ea5b0c4788dc2ad202f3ccb2887742f?s=96&d=wp_user_avatar&r=g\",\"url\":\"https:\\\/\\\/secure.gravatar.com\\\/avatar\\\/71f2fa71737ad68a84fea94bc708ddac8ea5b0c4788dc2ad202f3ccb2887742f?s=96&d=wp_user_avatar&r=g\",\"contentUrl\":\"https:\\\/\\\/secure.gravatar.com\\\/avatar\\\/71f2fa71737ad68a84fea94bc708ddac8ea5b0c4788dc2ad202f3ccb2887742f?s=96&d=wp_user_avatar&r=g\",\"caption\":\"Reda\u00e7\u00e3o JO\"},\"url\":\"https:\\\/\\\/jornaldasoficinas.com\\\/pt\\\/author\\\/joredacao\\\/\"}]}<\/script>\n<!-- \/ Yoast SEO plugin. -->","yoast_head_json":{"title":"Proxira inaugura nova loja de ferramentas em Sintra - Jornal das Oficinas","description":"A Proxira abriu uma nova loja de ferramentas em Sintra, refor\u00e7ando a proximidade com os clientes da regi\u00e3o","robots":{"index":"index","follow":"follow","max-snippet":"max-snippet:-1","max-image-preview":"max-image-preview:large","max-video-preview":"max-video-preview:-1"},"canonical":"https:\/\/jornaldasoficinas.com\/pt\/proxira-inaugura-nova-loja-de-ferramentas-em-sintra\/","og_locale":"pt_PT","og_type":"article","og_title":"Proxira inaugura nova loja de ferramentas em Sintra - Jornal das Oficinas","og_description":"A Proxira abriu uma nova loja de ferramentas em Sintra, refor\u00e7ando a proximidade com os clientes da regi\u00e3o","og_url":"https:\/\/jornaldasoficinas.com\/pt\/proxira-inaugura-nova-loja-de-ferramentas-em-sintra\/","og_site_name":"Jornal das Oficinas","article_publisher":"https:\/\/www.facebook.com\/jornaloficinas","article_published_time":"2025-08-21T09:17:48+00:00","og_image":[{"width":1024,"height":581,"url":"https:\/\/jornaldasoficinas.com\/pt\/wp-content\/uploads\/2025\/08\/Proxira-inaugura-nova-loja-de-ferramentas-em-Sintra.png","type":"image\/png"}],"author":"Reda\u00e7\u00e3o JO","twitter_card":"summary_large_image","twitter_creator":"@jornaloficinas","twitter_site":"@jornaloficinas","twitter_misc":{"Escrito por":"Reda\u00e7\u00e3o JO","Tempo estimado de leitura":"3 minutos"},"schema":{"@context":"https:\/\/schema.org","@graph":[{"@type":"Article","@id":"https:\/\/jornaldasoficinas.com\/pt\/proxira-inaugura-nova-loja-de-ferramentas-em-sintra\/#article","isPartOf":{"@id":"https:\/\/jornaldasoficinas.com\/pt\/proxira-inaugura-nova-loja-de-ferramentas-em-sintra\/"},"author":{"name":"Reda\u00e7\u00e3o JO","@id":"https:\/\/jornaldasoficinas.com\/pt\/#\/schema\/person\/a38eef5de2c41d9e7c9ac10141afddf3"},"headline":"Proxira inaugura nova loja de ferramentas em Sintra","datePublished":"2025-08-21T09:17:48+00:00","mainEntityOfPage":{"@id":"https:\/\/jornaldasoficinas.com\/pt\/proxira-inaugura-nova-loja-de-ferramentas-em-sintra\/"},"wordCount":432,"publisher":{"@id":"https:\/\/jornaldasoficinas.com\/pt\/#organization"},"image":{"@id":"https:\/\/jornaldasoficinas.com\/pt\/proxira-inaugura-nova-loja-de-ferramentas-em-sintra\/#primaryimage"},"thumbnailUrl":"https:\/\/jornaldasoficinas.com\/pt\/wp-content\/uploads\/2025\/08\/Proxira-inaugura-nova-loja-de-ferramentas-em-Sintra.png","keywords":["apoio especializado","Inaugura\u00e7\u00e3o","loja de ferramentas","Marcas de refer\u00eancia","Proxira","Sintra"],"articleSection":["Empresas"],"inLanguage":"pt-PT"},{"@type":"WebPage","@id":"https:\/\/jornaldasoficinas.com\/pt\/proxira-inaugura-nova-loja-de-ferramentas-em-sintra\/","url":"https:\/\/jornaldasoficinas.com\/pt\/proxira-inaugura-nova-loja-de-ferramentas-em-sintra\/","name":"Proxira inaugura nova loja de ferramentas em Sintra - Jornal das Oficinas","isPartOf":{"@id":"https:\/\/jornaldasoficinas.com\/pt\/#website"},"primaryImageOfPage":{"@id":"https:\/\/jornaldasoficinas.com\/pt\/proxira-inaugura-nova-loja-de-ferramentas-em-sintra\/#primaryimage"},"image":{"@id":"https:\/\/jornaldasoficinas.com\/pt\/proxira-inaugura-nova-loja-de-ferramentas-em-sintra\/#primaryimage"},"thumbnailUrl":"https:\/\/jornaldasoficinas.com\/pt\/wp-content\/uploads\/2025\/08\/Proxira-inaugura-nova-loja-de-ferramentas-em-Sintra.png","datePublished":"2025-08-21T09:17:48+00:00","description":"A Proxira abriu uma nova loja de ferramentas em Sintra, refor\u00e7ando a proximidade com os clientes da regi\u00e3o","breadcrumb":{"@id":"https:\/\/jornaldasoficinas.com\/pt\/proxira-inaugura-nova-loja-de-ferramentas-em-sintra\/#breadcrumb"},"inLanguage":"pt-PT","potentialAction":[{"@type":"ReadAction","target":["https:\/\/jornaldasoficinas.com\/pt\/proxira-inaugura-nova-loja-de-ferramentas-em-sintra\/"]}]},{"@type":"ImageObject","inLanguage":"pt-PT","@id":"https:\/\/jornaldasoficinas.com\/pt\/proxira-inaugura-nova-loja-de-ferramentas-em-sintra\/#primaryimage","url":"https:\/\/jornaldasoficinas.com\/pt\/wp-content\/uploads\/2025\/08\/Proxira-inaugura-nova-loja-de-ferramentas-em-Sintra.png","contentUrl":"https:\/\/jornaldasoficinas.com\/pt\/wp-content\/uploads\/2025\/08\/Proxira-inaugura-nova-loja-de-ferramentas-em-Sintra.png","width":1024,"height":581,"caption":"08 - Proxira inaugura nova loja de ferramentas em Sintra"},{"@type":"BreadcrumbList","@id":"https:\/\/jornaldasoficinas.com\/pt\/proxira-inaugura-nova-loja-de-ferramentas-em-sintra\/#breadcrumb","itemListElement":[{"@type":"ListItem","position":1,"name":"In\u00edcio","item":"https:\/\/jornaldasoficinas.com\/pt\/"},{"@type":"ListItem","position":2,"name":"Proxira inaugura nova loja de ferramentas em Sintra"}]},{"@type":"WebSite","@id":"https:\/\/jornaldasoficinas.com\/pt\/#website","url":"https:\/\/jornaldasoficinas.com\/pt\/","name":"Jornal das Oficinas","description":"Jornal independente do Aftermarket Autom\u00f3vel em Portugal","publisher":{"@id":"https:\/\/jornaldasoficinas.com\/pt\/#organization"},"potentialAction":[{"@type":"SearchAction","target":{"@type":"EntryPoint","urlTemplate":"https:\/\/jornaldasoficinas.com\/pt\/?s={search_term_string}"},"query-input":{"@type":"PropertyValueSpecification","valueRequired":true,"valueName":"search_term_string"}}],"inLanguage":"pt-PT"},{"@type":"Organization","@id":"https:\/\/jornaldasoficinas.com\/pt\/#organization","name":"Jornal das Oficinas","url":"https:\/\/jornaldasoficinas.com\/pt\/","logo":{"@type":"ImageObject","inLanguage":"pt-PT","@id":"https:\/\/jornaldasoficinas.com\/pt\/#\/schema\/logo\/image\/","url":"https:\/\/jornaldasoficinas.com\/pt\/wp-content\/uploads\/logoJO-SEO.png","contentUrl":"https:\/\/jornaldasoficinas.com\/pt\/wp-content\/uploads\/logoJO-SEO.png","width":285,"height":450,"caption":"Jornal das Oficinas"},"image":{"@id":"https:\/\/jornaldasoficinas.com\/pt\/#\/schema\/logo\/image\/"},"sameAs":["https:\/\/www.facebook.com\/jornaloficinas","https:\/\/x.com\/jornaloficinas","https:\/\/www.instagram.com\/jornal_oficinas\/","https:\/\/www.linkedin.com\/company\/jornal-das-oficinas\/","https:\/\/www.youtube.com\/channel\/UCbQZBqtcvV-oSQrr7RzINGg"]},{"@type":"Person","@id":"https:\/\/jornaldasoficinas.com\/pt\/#\/schema\/person\/a38eef5de2c41d9e7c9ac10141afddf3","name":"Reda\u00e7\u00e3o JO","image":{"@type":"ImageObject","inLanguage":"pt-PT","@id":"https:\/\/secure.gravatar.com\/avatar\/71f2fa71737ad68a84fea94bc708ddac8ea5b0c4788dc2ad202f3ccb2887742f?s=96&d=wp_user_avatar&r=g","url":"https:\/\/secure.gravatar.com\/avatar\/71f2fa71737ad68a84fea94bc708ddac8ea5b0c4788dc2ad202f3ccb2887742f?s=96&d=wp_user_avatar&r=g","contentUrl":"https:\/\/secure.gravatar.com\/avatar\/71f2fa71737ad68a84fea94bc708ddac8ea5b0c4788dc2ad202f3ccb2887742f?s=96&d=wp_user_avatar&r=g","caption":"Reda\u00e7\u00e3o JO"},"url":"https:\/\/jornaldasoficinas.com\/pt\/author\/joredacao\/"}]}},"_links":{"self":[{"href":"https:\/\/jornaldasoficinas.com\/pt\/wp-json\/wp\/v2\/posts\/105730","targetHints":{"allow":["GET"]}}],"collection":[{"href":"https:\/\/jornaldasoficinas.com\/pt\/wp-json\/wp\/v2\/posts"}],"about":[{"href":"https:\/\/jornaldasoficinas.com\/pt\/wp-json\/wp\/v2\/types\/post"}],"author":[{"embeddable":true,"href":"https:\/\/jornaldasoficinas.com\/pt\/wp-json\/wp\/v2\/users\/15"}],"replies":[{"embeddable":true,"href":"https:\/\/jornaldasoficinas.com\/pt\/wp-json\/wp\/v2\/comments?post=105730"}],"version-history":[{"count":9,"href":"https:\/\/jornaldasoficinas.com\/pt\/wp-json\/wp\/v2\/posts\/105730\/revisions"}],"predecessor-version":[{"id":105746,"href":"https:\/\/jornaldasoficinas.com\/pt\/wp-json\/wp\/v2\/posts\/105730\/revisions\/105746"}],"wp:featuredmedia":[{"embeddable":true,"href":"https:\/\/jornaldasoficinas.com\/pt\/wp-json\/wp\/v2\/media\/105739"}],"wp:attachment":[{"href":"https:\/\/jornaldasoficinas.com\/pt\/wp-json\/wp\/v2\/media?parent=105730"}],"wp:term":[{"taxonomy":"category","embeddable":true,"href":"https:\/\/jornaldasoficinas.com\/pt\/wp-json\/wp\/v2\/categories?post=105730"},{"taxonomy":"post_tag","embeddable":true,"href":"https:\/\/jornaldasoficinas.com\/pt\/wp-json\/wp\/v2\/tags?post=105730"}],"curies":[{"name":"wp","href":"https:\/\/api.w.org\/{rel}","templated":true}]}}