{"id":105777,"date":"2025-08-22T12:30:21","date_gmt":"2025-08-22T11:30:21","guid":{"rendered":"https:\/\/jornaldasoficinas.com\/pt\/?p=105777"},"modified":"2025-08-21T22:59:48","modified_gmt":"2025-08-21T21:59:48","slug":"veneporte-distinguida-pela-global-brands-magazine","status":"publish","type":"post","link":"https:\/\/jornaldasoficinas.com\/pt\/veneporte-distinguida-pela-global-brands-magazine\/","title":{"rendered":"Veneporte distinguida pela Global Brands Magazine"},"content":{"rendered":"<p><strong><img loading=\"lazy\" decoding=\"async\" class=\"alignnone size-full wp-image-105780\" src=\"https:\/\/jornaldasoficinas.com\/pt\/wp-content\/uploads\/2025\/08\/Veneporte-distinguida-pela-Global-Brands-Magazine.jpg\" alt=\"08 - Veneporte distinguida pela Global Brands Magazine\" width=\"1024\" height=\"581\" srcset=\"https:\/\/jornaldasoficinas.com\/pt\/wp-content\/uploads\/2025\/08\/Veneporte-distinguida-pela-Global-Brands-Magazine.jpg 1024w, https:\/\/jornaldasoficinas.com\/pt\/wp-content\/uploads\/2025\/08\/Veneporte-distinguida-pela-Global-Brands-Magazine-300x170.jpg 300w, https:\/\/jornaldasoficinas.com\/pt\/wp-content\/uploads\/2025\/08\/Veneporte-distinguida-pela-Global-Brands-Magazine-150x85.jpg 150w, https:\/\/jornaldasoficinas.com\/pt\/wp-content\/uploads\/2025\/08\/Veneporte-distinguida-pela-Global-Brands-Magazine-768x436.jpg 768w\" sizes=\"auto, (max-width: 1024px) 100vw, 1024px\" \/><\/strong><\/p>\n<p><strong>A <a href=\"https:\/\/veneporte.pt\/pt\/\" target=\"_blank\" rel=\"noopener\">Veneporte<\/a> acaba de ser reconhecida com o pr\u00e9mio &#8220;Excellence in Sustainable Automotive Solutions \u2013 Portugal \u2013 2025&#8221; pela <a href=\"https:\/\/www.globalbrandsmagazine.com\/\" target=\"_blank\" rel=\"noopener\">Global Brands Magazine<\/a><\/strong><\/p>\n<p>Este pr\u00e9mio distingue o compromisso cont\u00ednuo da Veneporte com a inova\u00e7\u00e3o e sustentabilidade no setor autom\u00f3vel, reconhecendo os esfor\u00e7os da empresa no desenvolvimento de solu\u00e7\u00f5es amigas do ambiente e na redu\u00e7\u00e3o da pegada ecol\u00f3gica da sua atividade.<\/p>\n<p>&#8220;\u00c9 um reconhecimento do trabalho di\u00e1rio de toda a equipa Veneporte, e da nossa vis\u00e3o estrat\u00e9gica para um futuro mais sustent\u00e1vel e tecnologicamente avan\u00e7ado no setor autom\u00f3vel&#8221;, afirmou Ab\u00edlio Cardoso, CEO da empresa, sublinhando a import\u00e2ncia da aposta cont\u00ednua em tecnologia, efici\u00eancia energ\u00e9tica e responsabilidade ambiental.<\/p>\n<p>A distin\u00e7\u00e3o da Global Brands Magazine refor\u00e7a o posicionamento da Veneporte como uma marca de refer\u00eancia internacional, capaz de responder aos desafios do setor com solu\u00e7\u00f5es inovadoras, seguras e alinhadas com as exig\u00eancias ambientais e regulat\u00f3rias atuais.<\/p>\n","protected":false},"excerpt":{"rendered":"<p>A Veneporte acaba de ser reconhecida&#8230;<\/p>\n","protected":false},"author":15,"featured_media":105780,"comment_status":"closed","ping_status":"closed","sticky":false,"template":"","format":"standard","meta":{"footnotes":""},"categories":[29],"tags":[10503,13372,3778,3988,1497,1767,168],"class_list":["post-105777","post","type-post","status-publish","format-standard","has-post-thumbnail","hentry","category-empresas","tag-abilio-cardoso","tag-global-brands-magazine","tag-inovacao","tag-premio","tag-setor-automovel","tag-sustentabilidade","tag-veneporte"],"yoast_head":"<!-- This site is optimized with the Yoast SEO plugin v27.4 - https:\/\/yoast.com\/product\/yoast-seo-wordpress\/ -->\n<title>Veneporte distinguida pela Global Brands Magazine - Jornal das Oficinas<\/title>\n<meta name=\"description\" content=\"A Veneporte recebeu o pr\u00e9mio &quot;Excellence in Sustainable Automotive Solutions \u2013 Portugal \u2013 2025&quot; pela Global Brands Magazine\" \/>\n<meta name=\"robots\" content=\"index, follow, max-snippet:-1, max-image-preview:large, max-video-preview:-1\" \/>\n<link rel=\"canonical\" href=\"https:\/\/jornaldasoficinas.com\/pt\/veneporte-distinguida-pela-global-brands-magazine\/\" \/>\n<meta property=\"og:locale\" content=\"pt_PT\" \/>\n<meta property=\"og:type\" content=\"article\" \/>\n<meta property=\"og:title\" content=\"Veneporte distinguida pela Global Brands Magazine - Jornal das Oficinas\" \/>\n<meta property=\"og:description\" content=\"A Veneporte recebeu o pr\u00e9mio &quot;Excellence in Sustainable Automotive Solutions \u2013 Portugal \u2013 2025&quot; pela Global Brands Magazine\" \/>\n<meta property=\"og:url\" content=\"https:\/\/jornaldasoficinas.com\/pt\/veneporte-distinguida-pela-global-brands-magazine\/\" \/>\n<meta property=\"og:site_name\" content=\"Jornal das Oficinas\" \/>\n<meta property=\"article:publisher\" content=\"https:\/\/www.facebook.com\/jornaloficinas\" \/>\n<meta property=\"article:published_time\" content=\"2025-08-22T11:30:21+00:00\" \/>\n<meta property=\"og:image\" content=\"https:\/\/jornaldasoficinas.com\/pt\/wp-content\/uploads\/2025\/08\/Veneporte-distinguida-pela-Global-Brands-Magazine.jpg\" \/>\n\t<meta property=\"og:image:width\" content=\"1024\" \/>\n\t<meta property=\"og:image:height\" content=\"581\" \/>\n\t<meta property=\"og:image:type\" content=\"image\/jpeg\" \/>\n<meta name=\"author\" content=\"Reda\u00e7\u00e3o JO\" \/>\n<meta name=\"twitter:card\" content=\"summary_large_image\" \/>\n<meta name=\"twitter:creator\" content=\"@jornaloficinas\" \/>\n<meta name=\"twitter:site\" content=\"@jornaloficinas\" \/>\n<meta name=\"twitter:label1\" content=\"Escrito por\" \/>\n\t<meta name=\"twitter:data1\" content=\"Reda\u00e7\u00e3o JO\" \/>\n\t<meta name=\"twitter:label2\" content=\"Tempo estimado de leitura\" \/>\n\t<meta name=\"twitter:data2\" content=\"2 minutos\" \/>\n<script type=\"application\/ld+json\" class=\"yoast-schema-graph\">{\"@context\":\"https:\\\/\\\/schema.org\",\"@graph\":[{\"@type\":\"Article\",\"@id\":\"https:\\\/\\\/jornaldasoficinas.com\\\/pt\\\/veneporte-distinguida-pela-global-brands-magazine\\\/#article\",\"isPartOf\":{\"@id\":\"https:\\\/\\\/jornaldasoficinas.com\\\/pt\\\/veneporte-distinguida-pela-global-brands-magazine\\\/\"},\"author\":{\"name\":\"Reda\u00e7\u00e3o JO\",\"@id\":\"https:\\\/\\\/jornaldasoficinas.com\\\/pt\\\/#\\\/schema\\\/person\\\/a38eef5de2c41d9e7c9ac10141afddf3\"},\"headline\":\"Veneporte distinguida pela Global Brands Magazine\",\"datePublished\":\"2025-08-22T11:30:21+00:00\",\"mainEntityOfPage\":{\"@id\":\"https:\\\/\\\/jornaldasoficinas.com\\\/pt\\\/veneporte-distinguida-pela-global-brands-magazine\\\/\"},\"wordCount\":170,\"publisher\":{\"@id\":\"https:\\\/\\\/jornaldasoficinas.com\\\/pt\\\/#organization\"},\"image\":{\"@id\":\"https:\\\/\\\/jornaldasoficinas.com\\\/pt\\\/veneporte-distinguida-pela-global-brands-magazine\\\/#primaryimage\"},\"thumbnailUrl\":\"https:\\\/\\\/jornaldasoficinas.com\\\/pt\\\/wp-content\\\/uploads\\\/2025\\\/08\\\/Veneporte-distinguida-pela-Global-Brands-Magazine.jpg\",\"keywords\":[\"Ab\u00edlio Cardoso\",\"Global Brands Magazine\",\"Inova\u00e7\u00e3o\",\"Pr\u00e9mio\",\"Setor Autom\u00f3vel\",\"Sustentabilidade\",\"Veneporte\"],\"articleSection\":[\"Empresas\"],\"inLanguage\":\"pt-PT\"},{\"@type\":\"WebPage\",\"@id\":\"https:\\\/\\\/jornaldasoficinas.com\\\/pt\\\/veneporte-distinguida-pela-global-brands-magazine\\\/\",\"url\":\"https:\\\/\\\/jornaldasoficinas.com\\\/pt\\\/veneporte-distinguida-pela-global-brands-magazine\\\/\",\"name\":\"Veneporte distinguida pela Global Brands Magazine - Jornal das Oficinas\",\"isPartOf\":{\"@id\":\"https:\\\/\\\/jornaldasoficinas.com\\\/pt\\\/#website\"},\"primaryImageOfPage\":{\"@id\":\"https:\\\/\\\/jornaldasoficinas.com\\\/pt\\\/veneporte-distinguida-pela-global-brands-magazine\\\/#primaryimage\"},\"image\":{\"@id\":\"https:\\\/\\\/jornaldasoficinas.com\\\/pt\\\/veneporte-distinguida-pela-global-brands-magazine\\\/#primaryimage\"},\"thumbnailUrl\":\"https:\\\/\\\/jornaldasoficinas.com\\\/pt\\\/wp-content\\\/uploads\\\/2025\\\/08\\\/Veneporte-distinguida-pela-Global-Brands-Magazine.jpg\",\"datePublished\":\"2025-08-22T11:30:21+00:00\",\"description\":\"A Veneporte recebeu o pr\u00e9mio \\\"Excellence in Sustainable Automotive Solutions \u2013 Portugal \u2013 2025\\\" pela Global Brands Magazine\",\"breadcrumb\":{\"@id\":\"https:\\\/\\\/jornaldasoficinas.com\\\/pt\\\/veneporte-distinguida-pela-global-brands-magazine\\\/#breadcrumb\"},\"inLanguage\":\"pt-PT\",\"potentialAction\":[{\"@type\":\"ReadAction\",\"target\":[\"https:\\\/\\\/jornaldasoficinas.com\\\/pt\\\/veneporte-distinguida-pela-global-brands-magazine\\\/\"]}]},{\"@type\":\"ImageObject\",\"inLanguage\":\"pt-PT\",\"@id\":\"https:\\\/\\\/jornaldasoficinas.com\\\/pt\\\/veneporte-distinguida-pela-global-brands-magazine\\\/#primaryimage\",\"url\":\"https:\\\/\\\/jornaldasoficinas.com\\\/pt\\\/wp-content\\\/uploads\\\/2025\\\/08\\\/Veneporte-distinguida-pela-Global-Brands-Magazine.jpg\",\"contentUrl\":\"https:\\\/\\\/jornaldasoficinas.com\\\/pt\\\/wp-content\\\/uploads\\\/2025\\\/08\\\/Veneporte-distinguida-pela-Global-Brands-Magazine.jpg\",\"width\":1024,\"height\":581,\"caption\":\"08 - Veneporte distinguida pela Global Brands Magazine\"},{\"@type\":\"BreadcrumbList\",\"@id\":\"https:\\\/\\\/jornaldasoficinas.com\\\/pt\\\/veneporte-distinguida-pela-global-brands-magazine\\\/#breadcrumb\",\"itemListElement\":[{\"@type\":\"ListItem\",\"position\":1,\"name\":\"In\u00edcio\",\"item\":\"https:\\\/\\\/jornaldasoficinas.com\\\/pt\\\/\"},{\"@type\":\"ListItem\",\"position\":2,\"name\":\"Veneporte distinguida pela Global Brands Magazine\"}]},{\"@type\":\"WebSite\",\"@id\":\"https:\\\/\\\/jornaldasoficinas.com\\\/pt\\\/#website\",\"url\":\"https:\\\/\\\/jornaldasoficinas.com\\\/pt\\\/\",\"name\":\"Jornal das Oficinas\",\"description\":\"Jornal independente do Aftermarket Autom\u00f3vel em Portugal\",\"publisher\":{\"@id\":\"https:\\\/\\\/jornaldasoficinas.com\\\/pt\\\/#organization\"},\"potentialAction\":[{\"@type\":\"SearchAction\",\"target\":{\"@type\":\"EntryPoint\",\"urlTemplate\":\"https:\\\/\\\/jornaldasoficinas.com\\\/pt\\\/?s={search_term_string}\"},\"query-input\":{\"@type\":\"PropertyValueSpecification\",\"valueRequired\":true,\"valueName\":\"search_term_string\"}}],\"inLanguage\":\"pt-PT\"},{\"@type\":\"Organization\",\"@id\":\"https:\\\/\\\/jornaldasoficinas.com\\\/pt\\\/#organization\",\"name\":\"Jornal das Oficinas\",\"url\":\"https:\\\/\\\/jornaldasoficinas.com\\\/pt\\\/\",\"logo\":{\"@type\":\"ImageObject\",\"inLanguage\":\"pt-PT\",\"@id\":\"https:\\\/\\\/jornaldasoficinas.com\\\/pt\\\/#\\\/schema\\\/logo\\\/image\\\/\",\"url\":\"https:\\\/\\\/jornaldasoficinas.com\\\/pt\\\/wp-content\\\/uploads\\\/logoJO-SEO.png\",\"contentUrl\":\"https:\\\/\\\/jornaldasoficinas.com\\\/pt\\\/wp-content\\\/uploads\\\/logoJO-SEO.png\",\"width\":285,\"height\":450,\"caption\":\"Jornal das Oficinas\"},\"image\":{\"@id\":\"https:\\\/\\\/jornaldasoficinas.com\\\/pt\\\/#\\\/schema\\\/logo\\\/image\\\/\"},\"sameAs\":[\"https:\\\/\\\/www.facebook.com\\\/jornaloficinas\",\"https:\\\/\\\/x.com\\\/jornaloficinas\",\"https:\\\/\\\/www.instagram.com\\\/jornal_oficinas\\\/\",\"https:\\\/\\\/www.linkedin.com\\\/company\\\/jornal-das-oficinas\\\/\",\"https:\\\/\\\/www.youtube.com\\\/channel\\\/UCbQZBqtcvV-oSQrr7RzINGg\"]},{\"@type\":\"Person\",\"@id\":\"https:\\\/\\\/jornaldasoficinas.com\\\/pt\\\/#\\\/schema\\\/person\\\/a38eef5de2c41d9e7c9ac10141afddf3\",\"name\":\"Reda\u00e7\u00e3o JO\",\"image\":{\"@type\":\"ImageObject\",\"inLanguage\":\"pt-PT\",\"@id\":\"https:\\\/\\\/secure.gravatar.com\\\/avatar\\\/71f2fa71737ad68a84fea94bc708ddac8ea5b0c4788dc2ad202f3ccb2887742f?s=96&d=wp_user_avatar&r=g\",\"url\":\"https:\\\/\\\/secure.gravatar.com\\\/avatar\\\/71f2fa71737ad68a84fea94bc708ddac8ea5b0c4788dc2ad202f3ccb2887742f?s=96&d=wp_user_avatar&r=g\",\"contentUrl\":\"https:\\\/\\\/secure.gravatar.com\\\/avatar\\\/71f2fa71737ad68a84fea94bc708ddac8ea5b0c4788dc2ad202f3ccb2887742f?s=96&d=wp_user_avatar&r=g\",\"caption\":\"Reda\u00e7\u00e3o JO\"},\"url\":\"https:\\\/\\\/jornaldasoficinas.com\\\/pt\\\/author\\\/joredacao\\\/\"}]}<\/script>\n<!-- \/ Yoast SEO plugin. -->","yoast_head_json":{"title":"Veneporte distinguida pela Global Brands Magazine - Jornal das Oficinas","description":"A Veneporte recebeu o pr\u00e9mio \"Excellence in Sustainable Automotive Solutions \u2013 Portugal \u2013 2025\" pela Global Brands Magazine","robots":{"index":"index","follow":"follow","max-snippet":"max-snippet:-1","max-image-preview":"max-image-preview:large","max-video-preview":"max-video-preview:-1"},"canonical":"https:\/\/jornaldasoficinas.com\/pt\/veneporte-distinguida-pela-global-brands-magazine\/","og_locale":"pt_PT","og_type":"article","og_title":"Veneporte distinguida pela Global Brands Magazine - Jornal das Oficinas","og_description":"A Veneporte recebeu o pr\u00e9mio \"Excellence in Sustainable Automotive Solutions \u2013 Portugal \u2013 2025\" pela Global Brands Magazine","og_url":"https:\/\/jornaldasoficinas.com\/pt\/veneporte-distinguida-pela-global-brands-magazine\/","og_site_name":"Jornal das Oficinas","article_publisher":"https:\/\/www.facebook.com\/jornaloficinas","article_published_time":"2025-08-22T11:30:21+00:00","og_image":[{"width":1024,"height":581,"url":"https:\/\/jornaldasoficinas.com\/pt\/wp-content\/uploads\/2025\/08\/Veneporte-distinguida-pela-Global-Brands-Magazine.jpg","type":"image\/jpeg"}],"author":"Reda\u00e7\u00e3o JO","twitter_card":"summary_large_image","twitter_creator":"@jornaloficinas","twitter_site":"@jornaloficinas","twitter_misc":{"Escrito por":"Reda\u00e7\u00e3o JO","Tempo estimado de leitura":"2 minutos"},"schema":{"@context":"https:\/\/schema.org","@graph":[{"@type":"Article","@id":"https:\/\/jornaldasoficinas.com\/pt\/veneporte-distinguida-pela-global-brands-magazine\/#article","isPartOf":{"@id":"https:\/\/jornaldasoficinas.com\/pt\/veneporte-distinguida-pela-global-brands-magazine\/"},"author":{"name":"Reda\u00e7\u00e3o JO","@id":"https:\/\/jornaldasoficinas.com\/pt\/#\/schema\/person\/a38eef5de2c41d9e7c9ac10141afddf3"},"headline":"Veneporte distinguida pela Global Brands Magazine","datePublished":"2025-08-22T11:30:21+00:00","mainEntityOfPage":{"@id":"https:\/\/jornaldasoficinas.com\/pt\/veneporte-distinguida-pela-global-brands-magazine\/"},"wordCount":170,"publisher":{"@id":"https:\/\/jornaldasoficinas.com\/pt\/#organization"},"image":{"@id":"https:\/\/jornaldasoficinas.com\/pt\/veneporte-distinguida-pela-global-brands-magazine\/#primaryimage"},"thumbnailUrl":"https:\/\/jornaldasoficinas.com\/pt\/wp-content\/uploads\/2025\/08\/Veneporte-distinguida-pela-Global-Brands-Magazine.jpg","keywords":["Ab\u00edlio Cardoso","Global Brands Magazine","Inova\u00e7\u00e3o","Pr\u00e9mio","Setor Autom\u00f3vel","Sustentabilidade","Veneporte"],"articleSection":["Empresas"],"inLanguage":"pt-PT"},{"@type":"WebPage","@id":"https:\/\/jornaldasoficinas.com\/pt\/veneporte-distinguida-pela-global-brands-magazine\/","url":"https:\/\/jornaldasoficinas.com\/pt\/veneporte-distinguida-pela-global-brands-magazine\/","name":"Veneporte distinguida pela Global Brands Magazine - Jornal das Oficinas","isPartOf":{"@id":"https:\/\/jornaldasoficinas.com\/pt\/#website"},"primaryImageOfPage":{"@id":"https:\/\/jornaldasoficinas.com\/pt\/veneporte-distinguida-pela-global-brands-magazine\/#primaryimage"},"image":{"@id":"https:\/\/jornaldasoficinas.com\/pt\/veneporte-distinguida-pela-global-brands-magazine\/#primaryimage"},"thumbnailUrl":"https:\/\/jornaldasoficinas.com\/pt\/wp-content\/uploads\/2025\/08\/Veneporte-distinguida-pela-Global-Brands-Magazine.jpg","datePublished":"2025-08-22T11:30:21+00:00","description":"A Veneporte recebeu o pr\u00e9mio \"Excellence in Sustainable Automotive Solutions \u2013 Portugal \u2013 2025\" pela Global Brands Magazine","breadcrumb":{"@id":"https:\/\/jornaldasoficinas.com\/pt\/veneporte-distinguida-pela-global-brands-magazine\/#breadcrumb"},"inLanguage":"pt-PT","potentialAction":[{"@type":"ReadAction","target":["https:\/\/jornaldasoficinas.com\/pt\/veneporte-distinguida-pela-global-brands-magazine\/"]}]},{"@type":"ImageObject","inLanguage":"pt-PT","@id":"https:\/\/jornaldasoficinas.com\/pt\/veneporte-distinguida-pela-global-brands-magazine\/#primaryimage","url":"https:\/\/jornaldasoficinas.com\/pt\/wp-content\/uploads\/2025\/08\/Veneporte-distinguida-pela-Global-Brands-Magazine.jpg","contentUrl":"https:\/\/jornaldasoficinas.com\/pt\/wp-content\/uploads\/2025\/08\/Veneporte-distinguida-pela-Global-Brands-Magazine.jpg","width":1024,"height":581,"caption":"08 - Veneporte distinguida pela Global Brands Magazine"},{"@type":"BreadcrumbList","@id":"https:\/\/jornaldasoficinas.com\/pt\/veneporte-distinguida-pela-global-brands-magazine\/#breadcrumb","itemListElement":[{"@type":"ListItem","position":1,"name":"In\u00edcio","item":"https:\/\/jornaldasoficinas.com\/pt\/"},{"@type":"ListItem","position":2,"name":"Veneporte distinguida pela Global Brands Magazine"}]},{"@type":"WebSite","@id":"https:\/\/jornaldasoficinas.com\/pt\/#website","url":"https:\/\/jornaldasoficinas.com\/pt\/","name":"Jornal das Oficinas","description":"Jornal independente do Aftermarket Autom\u00f3vel em Portugal","publisher":{"@id":"https:\/\/jornaldasoficinas.com\/pt\/#organization"},"potentialAction":[{"@type":"SearchAction","target":{"@type":"EntryPoint","urlTemplate":"https:\/\/jornaldasoficinas.com\/pt\/?s={search_term_string}"},"query-input":{"@type":"PropertyValueSpecification","valueRequired":true,"valueName":"search_term_string"}}],"inLanguage":"pt-PT"},{"@type":"Organization","@id":"https:\/\/jornaldasoficinas.com\/pt\/#organization","name":"Jornal das Oficinas","url":"https:\/\/jornaldasoficinas.com\/pt\/","logo":{"@type":"ImageObject","inLanguage":"pt-PT","@id":"https:\/\/jornaldasoficinas.com\/pt\/#\/schema\/logo\/image\/","url":"https:\/\/jornaldasoficinas.com\/pt\/wp-content\/uploads\/logoJO-SEO.png","contentUrl":"https:\/\/jornaldasoficinas.com\/pt\/wp-content\/uploads\/logoJO-SEO.png","width":285,"height":450,"caption":"Jornal das Oficinas"},"image":{"@id":"https:\/\/jornaldasoficinas.com\/pt\/#\/schema\/logo\/image\/"},"sameAs":["https:\/\/www.facebook.com\/jornaloficinas","https:\/\/x.com\/jornaloficinas","https:\/\/www.instagram.com\/jornal_oficinas\/","https:\/\/www.linkedin.com\/company\/jornal-das-oficinas\/","https:\/\/www.youtube.com\/channel\/UCbQZBqtcvV-oSQrr7RzINGg"]},{"@type":"Person","@id":"https:\/\/jornaldasoficinas.com\/pt\/#\/schema\/person\/a38eef5de2c41d9e7c9ac10141afddf3","name":"Reda\u00e7\u00e3o JO","image":{"@type":"ImageObject","inLanguage":"pt-PT","@id":"https:\/\/secure.gravatar.com\/avatar\/71f2fa71737ad68a84fea94bc708ddac8ea5b0c4788dc2ad202f3ccb2887742f?s=96&d=wp_user_avatar&r=g","url":"https:\/\/secure.gravatar.com\/avatar\/71f2fa71737ad68a84fea94bc708ddac8ea5b0c4788dc2ad202f3ccb2887742f?s=96&d=wp_user_avatar&r=g","contentUrl":"https:\/\/secure.gravatar.com\/avatar\/71f2fa71737ad68a84fea94bc708ddac8ea5b0c4788dc2ad202f3ccb2887742f?s=96&d=wp_user_avatar&r=g","caption":"Reda\u00e7\u00e3o JO"},"url":"https:\/\/jornaldasoficinas.com\/pt\/author\/joredacao\/"}]}},"_links":{"self":[{"href":"https:\/\/jornaldasoficinas.com\/pt\/wp-json\/wp\/v2\/posts\/105777","targetHints":{"allow":["GET"]}}],"collection":[{"href":"https:\/\/jornaldasoficinas.com\/pt\/wp-json\/wp\/v2\/posts"}],"about":[{"href":"https:\/\/jornaldasoficinas.com\/pt\/wp-json\/wp\/v2\/types\/post"}],"author":[{"embeddable":true,"href":"https:\/\/jornaldasoficinas.com\/pt\/wp-json\/wp\/v2\/users\/15"}],"replies":[{"embeddable":true,"href":"https:\/\/jornaldasoficinas.com\/pt\/wp-json\/wp\/v2\/comments?post=105777"}],"version-history":[{"count":3,"href":"https:\/\/jornaldasoficinas.com\/pt\/wp-json\/wp\/v2\/posts\/105777\/revisions"}],"predecessor-version":[{"id":105781,"href":"https:\/\/jornaldasoficinas.com\/pt\/wp-json\/wp\/v2\/posts\/105777\/revisions\/105781"}],"wp:featuredmedia":[{"embeddable":true,"href":"https:\/\/jornaldasoficinas.com\/pt\/wp-json\/wp\/v2\/media\/105780"}],"wp:attachment":[{"href":"https:\/\/jornaldasoficinas.com\/pt\/wp-json\/wp\/v2\/media?parent=105777"}],"wp:term":[{"taxonomy":"category","embeddable":true,"href":"https:\/\/jornaldasoficinas.com\/pt\/wp-json\/wp\/v2\/categories?post=105777"},{"taxonomy":"post_tag","embeddable":true,"href":"https:\/\/jornaldasoficinas.com\/pt\/wp-json\/wp\/v2\/tags?post=105777"}],"curies":[{"name":"wp","href":"https:\/\/api.w.org\/{rel}","templated":true}]}}