{"id":105874,"date":"2025-08-26T14:00:42","date_gmt":"2025-08-26T13:00:42","guid":{"rendered":"https:\/\/jornaldasoficinas.com\/pt\/?p=105874"},"modified":"2025-08-25T16:39:36","modified_gmt":"2025-08-25T15:39:36","slug":"jose-euclides-batista-junta-se-a-rede-diagtec-em-sesimbra","status":"publish","type":"post","link":"https:\/\/jornaldasoficinas.com\/pt\/jose-euclides-batista-junta-se-a-rede-diagtec-em-sesimbra\/","title":{"rendered":"Jos\u00e9 Euclides Batista junta-se \u00e0 rede Diagtec+ em Sesimbra"},"content":{"rendered":"<p><strong><img loading=\"lazy\" decoding=\"async\" class=\"alignnone size-full wp-image-105880\" src=\"https:\/\/jornaldasoficinas.com\/pt\/wp-content\/uploads\/2025\/08\/Jose-Euclides-Batista-junta-se-a-rede-Diagtec-em-Sesimbra.jpg\" alt=\"08 - Jose Euclides Batista junta se a rede Diagtec em Sesimbra\" width=\"1024\" height=\"581\" srcset=\"https:\/\/jornaldasoficinas.com\/pt\/wp-content\/uploads\/2025\/08\/Jose-Euclides-Batista-junta-se-a-rede-Diagtec-em-Sesimbra.jpg 1024w, https:\/\/jornaldasoficinas.com\/pt\/wp-content\/uploads\/2025\/08\/Jose-Euclides-Batista-junta-se-a-rede-Diagtec-em-Sesimbra-300x170.jpg 300w, https:\/\/jornaldasoficinas.com\/pt\/wp-content\/uploads\/2025\/08\/Jose-Euclides-Batista-junta-se-a-rede-Diagtec-em-Sesimbra-150x85.jpg 150w, https:\/\/jornaldasoficinas.com\/pt\/wp-content\/uploads\/2025\/08\/Jose-Euclides-Batista-junta-se-a-rede-Diagtec-em-Sesimbra-768x436.jpg 768w\" sizes=\"auto, (max-width: 1024px) 100vw, 1024px\" \/><\/strong><\/p>\n<p><strong>A oficina Jos\u00e9 Euclides Batista acaba de integrar a rede nacional <a href=\"https:\/\/diagtecplus.pt\/\" target=\"_blank\" rel=\"noopener\">Diagtec+<\/a>, elevando o servi\u00e7o de diagn\u00f3stico e repara\u00e7\u00e3o multimarca em Sesimbra<\/strong><\/p>\n<p>Com esta ades\u00e3o, a oficina refor\u00e7a a sua capacidade t\u00e9cnica e tecnol\u00f3gica, disponibilizando aos clientes solu\u00e7\u00f5es de diagn\u00f3stico avan\u00e7ado e repara\u00e7\u00e3o multimarcas de \u00faltima gera\u00e7\u00e3o.<\/p>\n<p>A Diagtec+ distingue-se pelo seu compromisso com a inova\u00e7\u00e3o, a forma\u00e7\u00e3o cont\u00ednua e a excel\u00eancia no atendimento, valores que agora chegam tamb\u00e9m a Sesimbra. A entrada da oficina Jos\u00e9 Euclides Batista nesta rede representa um salto qualitativo no servi\u00e7o prestado, oferecendo maior confian\u00e7a, rapidez e efic\u00e1cia na manuten\u00e7\u00e3o e repara\u00e7\u00e3o de viaturas.<\/p>\n<p>&#8220;Estamos muito orgulhosos em fazer parte da Diagtec+. Este passo representa um investimento na moderniza\u00e7\u00e3o da nossa oficina e uma resposta direta \u00e0s necessidades crescentes dos clientes, que procuram um servi\u00e7o especializado, transparente e de confian\u00e7a&#8221;, afirmou Jo\u00e3o Batista, respons\u00e1vel pela empresa.<\/p>\n<p>Com esta integra\u00e7\u00e3o, os automobilistas de Sesimbra passam a beneficiar de:<\/p>\n<p>\u2022 Tecnologia de diagn\u00f3stico avan\u00e7ado para todas as marcas;<br \/>\n\u2022 Forma\u00e7\u00e3o t\u00e9cnica cont\u00ednua da equipa, assegurada pela rede Diagtec+;<br \/>\n\u2022 Servi\u00e7os especializados de mecatr\u00f3nica autom\u00f3vel, que v\u00e3o al\u00e9m da repara\u00e7\u00e3o convencional;<br \/>\n\u2022 Garantia de qualidade e transpar\u00eancia em todos os trabalhos realizados.<\/p>\n<p>A Diagtec+ continua assim a expandir a sua presen\u00e7a em Portugal, consolidando-se como uma rede de refer\u00eancia em mecatr\u00f3nica autom\u00f3vel.<\/p>\n","protected":false},"excerpt":{"rendered":"<p>A oficina Jos\u00e9 Euclides Batista acaba&#8230;<\/p>\n","protected":false},"author":15,"featured_media":105880,"comment_status":"closed","ping_status":"closed","sticky":false,"template":"","format":"standard","meta":{"footnotes":""},"categories":[29],"tags":[7245,13024,13389,1870,7421,12846,13391],"class_list":["post-105874","post","type-post","status-publish","format-standard","has-post-thumbnail","hentry","category-empresas","tag-diagtec","tag-integracao","tag-jose-euclides-batista","tag-mecatronica-automovel","tag-oficina","tag-rede-nacional","tag-sesimbra"],"yoast_head":"<!-- This site is optimized with the Yoast SEO plugin v27.4 - https:\/\/yoast.com\/product\/yoast-seo-wordpress\/ -->\n<title>Jos\u00e9 Euclides Batista junta-se \u00e0 rede Diagtec+ em Sesimbra - Jornal das Oficinas<\/title>\n<meta name=\"description\" content=\"A oficina Jos\u00e9 Euclides Batista acaba de integrar a rede nacional Diagtec+, elevando o servi\u00e7o de diagn\u00f3stico e repara\u00e7\u00e3o em Sesimbra\" \/>\n<meta name=\"robots\" content=\"index, follow, max-snippet:-1, max-image-preview:large, max-video-preview:-1\" \/>\n<link rel=\"canonical\" href=\"https:\/\/jornaldasoficinas.com\/pt\/jose-euclides-batista-junta-se-a-rede-diagtec-em-sesimbra\/\" \/>\n<meta property=\"og:locale\" content=\"pt_PT\" \/>\n<meta property=\"og:type\" content=\"article\" \/>\n<meta property=\"og:title\" content=\"Jos\u00e9 Euclides Batista junta-se \u00e0 rede Diagtec+ em Sesimbra - Jornal das Oficinas\" \/>\n<meta property=\"og:description\" content=\"A oficina Jos\u00e9 Euclides Batista acaba de integrar a rede nacional Diagtec+, elevando o servi\u00e7o de diagn\u00f3stico e repara\u00e7\u00e3o em Sesimbra\" \/>\n<meta property=\"og:url\" content=\"https:\/\/jornaldasoficinas.com\/pt\/jose-euclides-batista-junta-se-a-rede-diagtec-em-sesimbra\/\" \/>\n<meta property=\"og:site_name\" content=\"Jornal das Oficinas\" \/>\n<meta property=\"article:publisher\" content=\"https:\/\/www.facebook.com\/jornaloficinas\" \/>\n<meta property=\"article:published_time\" content=\"2025-08-26T13:00:42+00:00\" \/>\n<meta property=\"og:image\" content=\"https:\/\/jornaldasoficinas.com\/pt\/wp-content\/uploads\/2025\/08\/Jose-Euclides-Batista-junta-se-a-rede-Diagtec-em-Sesimbra.jpg\" \/>\n\t<meta property=\"og:image:width\" content=\"1024\" \/>\n\t<meta property=\"og:image:height\" content=\"581\" \/>\n\t<meta property=\"og:image:type\" content=\"image\/jpeg\" \/>\n<meta name=\"author\" content=\"Reda\u00e7\u00e3o JO\" \/>\n<meta name=\"twitter:card\" content=\"summary_large_image\" \/>\n<meta name=\"twitter:creator\" content=\"@jornaloficinas\" \/>\n<meta name=\"twitter:site\" content=\"@jornaloficinas\" \/>\n<meta name=\"twitter:label1\" content=\"Escrito por\" \/>\n\t<meta name=\"twitter:data1\" content=\"Reda\u00e7\u00e3o JO\" \/>\n\t<meta name=\"twitter:label2\" content=\"Tempo estimado de leitura\" \/>\n\t<meta name=\"twitter:data2\" content=\"2 minutos\" \/>\n<script type=\"application\/ld+json\" class=\"yoast-schema-graph\">{\"@context\":\"https:\\\/\\\/schema.org\",\"@graph\":[{\"@type\":\"Article\",\"@id\":\"https:\\\/\\\/jornaldasoficinas.com\\\/pt\\\/jose-euclides-batista-junta-se-a-rede-diagtec-em-sesimbra\\\/#article\",\"isPartOf\":{\"@id\":\"https:\\\/\\\/jornaldasoficinas.com\\\/pt\\\/jose-euclides-batista-junta-se-a-rede-diagtec-em-sesimbra\\\/\"},\"author\":{\"name\":\"Reda\u00e7\u00e3o JO\",\"@id\":\"https:\\\/\\\/jornaldasoficinas.com\\\/pt\\\/#\\\/schema\\\/person\\\/a38eef5de2c41d9e7c9ac10141afddf3\"},\"headline\":\"Jos\u00e9 Euclides Batista junta-se \u00e0 rede Diagtec+ em Sesimbra\",\"datePublished\":\"2025-08-26T13:00:42+00:00\",\"mainEntityOfPage\":{\"@id\":\"https:\\\/\\\/jornaldasoficinas.com\\\/pt\\\/jose-euclides-batista-junta-se-a-rede-diagtec-em-sesimbra\\\/\"},\"wordCount\":262,\"publisher\":{\"@id\":\"https:\\\/\\\/jornaldasoficinas.com\\\/pt\\\/#organization\"},\"image\":{\"@id\":\"https:\\\/\\\/jornaldasoficinas.com\\\/pt\\\/jose-euclides-batista-junta-se-a-rede-diagtec-em-sesimbra\\\/#primaryimage\"},\"thumbnailUrl\":\"https:\\\/\\\/jornaldasoficinas.com\\\/pt\\\/wp-content\\\/uploads\\\/2025\\\/08\\\/Jose-Euclides-Batista-junta-se-a-rede-Diagtec-em-Sesimbra.jpg\",\"keywords\":[\"Diagtec+\",\"integra\u00e7\u00e3o\",\"Jos\u00e9 Euclides Batista\",\"Mecatr\u00f3nica Autom\u00f3vel\",\"oficina\",\"rede nacional\",\"Sesimbra\"],\"articleSection\":[\"Empresas\"],\"inLanguage\":\"pt-PT\"},{\"@type\":\"WebPage\",\"@id\":\"https:\\\/\\\/jornaldasoficinas.com\\\/pt\\\/jose-euclides-batista-junta-se-a-rede-diagtec-em-sesimbra\\\/\",\"url\":\"https:\\\/\\\/jornaldasoficinas.com\\\/pt\\\/jose-euclides-batista-junta-se-a-rede-diagtec-em-sesimbra\\\/\",\"name\":\"Jos\u00e9 Euclides Batista junta-se \u00e0 rede Diagtec+ em Sesimbra - Jornal das Oficinas\",\"isPartOf\":{\"@id\":\"https:\\\/\\\/jornaldasoficinas.com\\\/pt\\\/#website\"},\"primaryImageOfPage\":{\"@id\":\"https:\\\/\\\/jornaldasoficinas.com\\\/pt\\\/jose-euclides-batista-junta-se-a-rede-diagtec-em-sesimbra\\\/#primaryimage\"},\"image\":{\"@id\":\"https:\\\/\\\/jornaldasoficinas.com\\\/pt\\\/jose-euclides-batista-junta-se-a-rede-diagtec-em-sesimbra\\\/#primaryimage\"},\"thumbnailUrl\":\"https:\\\/\\\/jornaldasoficinas.com\\\/pt\\\/wp-content\\\/uploads\\\/2025\\\/08\\\/Jose-Euclides-Batista-junta-se-a-rede-Diagtec-em-Sesimbra.jpg\",\"datePublished\":\"2025-08-26T13:00:42+00:00\",\"description\":\"A oficina Jos\u00e9 Euclides Batista acaba de integrar a rede nacional Diagtec+, elevando o servi\u00e7o de diagn\u00f3stico e repara\u00e7\u00e3o em Sesimbra\",\"breadcrumb\":{\"@id\":\"https:\\\/\\\/jornaldasoficinas.com\\\/pt\\\/jose-euclides-batista-junta-se-a-rede-diagtec-em-sesimbra\\\/#breadcrumb\"},\"inLanguage\":\"pt-PT\",\"potentialAction\":[{\"@type\":\"ReadAction\",\"target\":[\"https:\\\/\\\/jornaldasoficinas.com\\\/pt\\\/jose-euclides-batista-junta-se-a-rede-diagtec-em-sesimbra\\\/\"]}]},{\"@type\":\"ImageObject\",\"inLanguage\":\"pt-PT\",\"@id\":\"https:\\\/\\\/jornaldasoficinas.com\\\/pt\\\/jose-euclides-batista-junta-se-a-rede-diagtec-em-sesimbra\\\/#primaryimage\",\"url\":\"https:\\\/\\\/jornaldasoficinas.com\\\/pt\\\/wp-content\\\/uploads\\\/2025\\\/08\\\/Jose-Euclides-Batista-junta-se-a-rede-Diagtec-em-Sesimbra.jpg\",\"contentUrl\":\"https:\\\/\\\/jornaldasoficinas.com\\\/pt\\\/wp-content\\\/uploads\\\/2025\\\/08\\\/Jose-Euclides-Batista-junta-se-a-rede-Diagtec-em-Sesimbra.jpg\",\"width\":1024,\"height\":581,\"caption\":\"08 - Jose Euclides Batista junta se a rede Diagtec em Sesimbra\"},{\"@type\":\"BreadcrumbList\",\"@id\":\"https:\\\/\\\/jornaldasoficinas.com\\\/pt\\\/jose-euclides-batista-junta-se-a-rede-diagtec-em-sesimbra\\\/#breadcrumb\",\"itemListElement\":[{\"@type\":\"ListItem\",\"position\":1,\"name\":\"In\u00edcio\",\"item\":\"https:\\\/\\\/jornaldasoficinas.com\\\/pt\\\/\"},{\"@type\":\"ListItem\",\"position\":2,\"name\":\"Jos\u00e9 Euclides Batista junta-se \u00e0 rede Diagtec+ em Sesimbra\"}]},{\"@type\":\"WebSite\",\"@id\":\"https:\\\/\\\/jornaldasoficinas.com\\\/pt\\\/#website\",\"url\":\"https:\\\/\\\/jornaldasoficinas.com\\\/pt\\\/\",\"name\":\"Jornal das Oficinas\",\"description\":\"Jornal independente do Aftermarket Autom\u00f3vel em Portugal\",\"publisher\":{\"@id\":\"https:\\\/\\\/jornaldasoficinas.com\\\/pt\\\/#organization\"},\"potentialAction\":[{\"@type\":\"SearchAction\",\"target\":{\"@type\":\"EntryPoint\",\"urlTemplate\":\"https:\\\/\\\/jornaldasoficinas.com\\\/pt\\\/?s={search_term_string}\"},\"query-input\":{\"@type\":\"PropertyValueSpecification\",\"valueRequired\":true,\"valueName\":\"search_term_string\"}}],\"inLanguage\":\"pt-PT\"},{\"@type\":\"Organization\",\"@id\":\"https:\\\/\\\/jornaldasoficinas.com\\\/pt\\\/#organization\",\"name\":\"Jornal das Oficinas\",\"url\":\"https:\\\/\\\/jornaldasoficinas.com\\\/pt\\\/\",\"logo\":{\"@type\":\"ImageObject\",\"inLanguage\":\"pt-PT\",\"@id\":\"https:\\\/\\\/jornaldasoficinas.com\\\/pt\\\/#\\\/schema\\\/logo\\\/image\\\/\",\"url\":\"https:\\\/\\\/jornaldasoficinas.com\\\/pt\\\/wp-content\\\/uploads\\\/logoJO-SEO.png\",\"contentUrl\":\"https:\\\/\\\/jornaldasoficinas.com\\\/pt\\\/wp-content\\\/uploads\\\/logoJO-SEO.png\",\"width\":285,\"height\":450,\"caption\":\"Jornal das Oficinas\"},\"image\":{\"@id\":\"https:\\\/\\\/jornaldasoficinas.com\\\/pt\\\/#\\\/schema\\\/logo\\\/image\\\/\"},\"sameAs\":[\"https:\\\/\\\/www.facebook.com\\\/jornaloficinas\",\"https:\\\/\\\/x.com\\\/jornaloficinas\",\"https:\\\/\\\/www.instagram.com\\\/jornal_oficinas\\\/\",\"https:\\\/\\\/www.linkedin.com\\\/company\\\/jornal-das-oficinas\\\/\",\"https:\\\/\\\/www.youtube.com\\\/channel\\\/UCbQZBqtcvV-oSQrr7RzINGg\"]},{\"@type\":\"Person\",\"@id\":\"https:\\\/\\\/jornaldasoficinas.com\\\/pt\\\/#\\\/schema\\\/person\\\/a38eef5de2c41d9e7c9ac10141afddf3\",\"name\":\"Reda\u00e7\u00e3o JO\",\"image\":{\"@type\":\"ImageObject\",\"inLanguage\":\"pt-PT\",\"@id\":\"https:\\\/\\\/secure.gravatar.com\\\/avatar\\\/71f2fa71737ad68a84fea94bc708ddac8ea5b0c4788dc2ad202f3ccb2887742f?s=96&d=wp_user_avatar&r=g\",\"url\":\"https:\\\/\\\/secure.gravatar.com\\\/avatar\\\/71f2fa71737ad68a84fea94bc708ddac8ea5b0c4788dc2ad202f3ccb2887742f?s=96&d=wp_user_avatar&r=g\",\"contentUrl\":\"https:\\\/\\\/secure.gravatar.com\\\/avatar\\\/71f2fa71737ad68a84fea94bc708ddac8ea5b0c4788dc2ad202f3ccb2887742f?s=96&d=wp_user_avatar&r=g\",\"caption\":\"Reda\u00e7\u00e3o JO\"},\"url\":\"https:\\\/\\\/jornaldasoficinas.com\\\/pt\\\/author\\\/joredacao\\\/\"}]}<\/script>\n<!-- \/ Yoast SEO plugin. -->","yoast_head_json":{"title":"Jos\u00e9 Euclides Batista junta-se \u00e0 rede Diagtec+ em Sesimbra - Jornal das Oficinas","description":"A oficina Jos\u00e9 Euclides Batista acaba de integrar a rede nacional Diagtec+, elevando o servi\u00e7o de diagn\u00f3stico e repara\u00e7\u00e3o em Sesimbra","robots":{"index":"index","follow":"follow","max-snippet":"max-snippet:-1","max-image-preview":"max-image-preview:large","max-video-preview":"max-video-preview:-1"},"canonical":"https:\/\/jornaldasoficinas.com\/pt\/jose-euclides-batista-junta-se-a-rede-diagtec-em-sesimbra\/","og_locale":"pt_PT","og_type":"article","og_title":"Jos\u00e9 Euclides Batista junta-se \u00e0 rede Diagtec+ em Sesimbra - Jornal das Oficinas","og_description":"A oficina Jos\u00e9 Euclides Batista acaba de integrar a rede nacional Diagtec+, elevando o servi\u00e7o de diagn\u00f3stico e repara\u00e7\u00e3o em Sesimbra","og_url":"https:\/\/jornaldasoficinas.com\/pt\/jose-euclides-batista-junta-se-a-rede-diagtec-em-sesimbra\/","og_site_name":"Jornal das Oficinas","article_publisher":"https:\/\/www.facebook.com\/jornaloficinas","article_published_time":"2025-08-26T13:00:42+00:00","og_image":[{"width":1024,"height":581,"url":"https:\/\/jornaldasoficinas.com\/pt\/wp-content\/uploads\/2025\/08\/Jose-Euclides-Batista-junta-se-a-rede-Diagtec-em-Sesimbra.jpg","type":"image\/jpeg"}],"author":"Reda\u00e7\u00e3o JO","twitter_card":"summary_large_image","twitter_creator":"@jornaloficinas","twitter_site":"@jornaloficinas","twitter_misc":{"Escrito por":"Reda\u00e7\u00e3o JO","Tempo estimado de leitura":"2 minutos"},"schema":{"@context":"https:\/\/schema.org","@graph":[{"@type":"Article","@id":"https:\/\/jornaldasoficinas.com\/pt\/jose-euclides-batista-junta-se-a-rede-diagtec-em-sesimbra\/#article","isPartOf":{"@id":"https:\/\/jornaldasoficinas.com\/pt\/jose-euclides-batista-junta-se-a-rede-diagtec-em-sesimbra\/"},"author":{"name":"Reda\u00e7\u00e3o JO","@id":"https:\/\/jornaldasoficinas.com\/pt\/#\/schema\/person\/a38eef5de2c41d9e7c9ac10141afddf3"},"headline":"Jos\u00e9 Euclides Batista junta-se \u00e0 rede Diagtec+ em Sesimbra","datePublished":"2025-08-26T13:00:42+00:00","mainEntityOfPage":{"@id":"https:\/\/jornaldasoficinas.com\/pt\/jose-euclides-batista-junta-se-a-rede-diagtec-em-sesimbra\/"},"wordCount":262,"publisher":{"@id":"https:\/\/jornaldasoficinas.com\/pt\/#organization"},"image":{"@id":"https:\/\/jornaldasoficinas.com\/pt\/jose-euclides-batista-junta-se-a-rede-diagtec-em-sesimbra\/#primaryimage"},"thumbnailUrl":"https:\/\/jornaldasoficinas.com\/pt\/wp-content\/uploads\/2025\/08\/Jose-Euclides-Batista-junta-se-a-rede-Diagtec-em-Sesimbra.jpg","keywords":["Diagtec+","integra\u00e7\u00e3o","Jos\u00e9 Euclides Batista","Mecatr\u00f3nica Autom\u00f3vel","oficina","rede nacional","Sesimbra"],"articleSection":["Empresas"],"inLanguage":"pt-PT"},{"@type":"WebPage","@id":"https:\/\/jornaldasoficinas.com\/pt\/jose-euclides-batista-junta-se-a-rede-diagtec-em-sesimbra\/","url":"https:\/\/jornaldasoficinas.com\/pt\/jose-euclides-batista-junta-se-a-rede-diagtec-em-sesimbra\/","name":"Jos\u00e9 Euclides Batista junta-se \u00e0 rede Diagtec+ em Sesimbra - Jornal das Oficinas","isPartOf":{"@id":"https:\/\/jornaldasoficinas.com\/pt\/#website"},"primaryImageOfPage":{"@id":"https:\/\/jornaldasoficinas.com\/pt\/jose-euclides-batista-junta-se-a-rede-diagtec-em-sesimbra\/#primaryimage"},"image":{"@id":"https:\/\/jornaldasoficinas.com\/pt\/jose-euclides-batista-junta-se-a-rede-diagtec-em-sesimbra\/#primaryimage"},"thumbnailUrl":"https:\/\/jornaldasoficinas.com\/pt\/wp-content\/uploads\/2025\/08\/Jose-Euclides-Batista-junta-se-a-rede-Diagtec-em-Sesimbra.jpg","datePublished":"2025-08-26T13:00:42+00:00","description":"A oficina Jos\u00e9 Euclides Batista acaba de integrar a rede nacional Diagtec+, elevando o servi\u00e7o de diagn\u00f3stico e repara\u00e7\u00e3o em Sesimbra","breadcrumb":{"@id":"https:\/\/jornaldasoficinas.com\/pt\/jose-euclides-batista-junta-se-a-rede-diagtec-em-sesimbra\/#breadcrumb"},"inLanguage":"pt-PT","potentialAction":[{"@type":"ReadAction","target":["https:\/\/jornaldasoficinas.com\/pt\/jose-euclides-batista-junta-se-a-rede-diagtec-em-sesimbra\/"]}]},{"@type":"ImageObject","inLanguage":"pt-PT","@id":"https:\/\/jornaldasoficinas.com\/pt\/jose-euclides-batista-junta-se-a-rede-diagtec-em-sesimbra\/#primaryimage","url":"https:\/\/jornaldasoficinas.com\/pt\/wp-content\/uploads\/2025\/08\/Jose-Euclides-Batista-junta-se-a-rede-Diagtec-em-Sesimbra.jpg","contentUrl":"https:\/\/jornaldasoficinas.com\/pt\/wp-content\/uploads\/2025\/08\/Jose-Euclides-Batista-junta-se-a-rede-Diagtec-em-Sesimbra.jpg","width":1024,"height":581,"caption":"08 - Jose Euclides Batista junta se a rede Diagtec em Sesimbra"},{"@type":"BreadcrumbList","@id":"https:\/\/jornaldasoficinas.com\/pt\/jose-euclides-batista-junta-se-a-rede-diagtec-em-sesimbra\/#breadcrumb","itemListElement":[{"@type":"ListItem","position":1,"name":"In\u00edcio","item":"https:\/\/jornaldasoficinas.com\/pt\/"},{"@type":"ListItem","position":2,"name":"Jos\u00e9 Euclides Batista junta-se \u00e0 rede Diagtec+ em Sesimbra"}]},{"@type":"WebSite","@id":"https:\/\/jornaldasoficinas.com\/pt\/#website","url":"https:\/\/jornaldasoficinas.com\/pt\/","name":"Jornal das Oficinas","description":"Jornal independente do Aftermarket Autom\u00f3vel em Portugal","publisher":{"@id":"https:\/\/jornaldasoficinas.com\/pt\/#organization"},"potentialAction":[{"@type":"SearchAction","target":{"@type":"EntryPoint","urlTemplate":"https:\/\/jornaldasoficinas.com\/pt\/?s={search_term_string}"},"query-input":{"@type":"PropertyValueSpecification","valueRequired":true,"valueName":"search_term_string"}}],"inLanguage":"pt-PT"},{"@type":"Organization","@id":"https:\/\/jornaldasoficinas.com\/pt\/#organization","name":"Jornal das Oficinas","url":"https:\/\/jornaldasoficinas.com\/pt\/","logo":{"@type":"ImageObject","inLanguage":"pt-PT","@id":"https:\/\/jornaldasoficinas.com\/pt\/#\/schema\/logo\/image\/","url":"https:\/\/jornaldasoficinas.com\/pt\/wp-content\/uploads\/logoJO-SEO.png","contentUrl":"https:\/\/jornaldasoficinas.com\/pt\/wp-content\/uploads\/logoJO-SEO.png","width":285,"height":450,"caption":"Jornal das Oficinas"},"image":{"@id":"https:\/\/jornaldasoficinas.com\/pt\/#\/schema\/logo\/image\/"},"sameAs":["https:\/\/www.facebook.com\/jornaloficinas","https:\/\/x.com\/jornaloficinas","https:\/\/www.instagram.com\/jornal_oficinas\/","https:\/\/www.linkedin.com\/company\/jornal-das-oficinas\/","https:\/\/www.youtube.com\/channel\/UCbQZBqtcvV-oSQrr7RzINGg"]},{"@type":"Person","@id":"https:\/\/jornaldasoficinas.com\/pt\/#\/schema\/person\/a38eef5de2c41d9e7c9ac10141afddf3","name":"Reda\u00e7\u00e3o JO","image":{"@type":"ImageObject","inLanguage":"pt-PT","@id":"https:\/\/secure.gravatar.com\/avatar\/71f2fa71737ad68a84fea94bc708ddac8ea5b0c4788dc2ad202f3ccb2887742f?s=96&d=wp_user_avatar&r=g","url":"https:\/\/secure.gravatar.com\/avatar\/71f2fa71737ad68a84fea94bc708ddac8ea5b0c4788dc2ad202f3ccb2887742f?s=96&d=wp_user_avatar&r=g","contentUrl":"https:\/\/secure.gravatar.com\/avatar\/71f2fa71737ad68a84fea94bc708ddac8ea5b0c4788dc2ad202f3ccb2887742f?s=96&d=wp_user_avatar&r=g","caption":"Reda\u00e7\u00e3o JO"},"url":"https:\/\/jornaldasoficinas.com\/pt\/author\/joredacao\/"}]}},"_links":{"self":[{"href":"https:\/\/jornaldasoficinas.com\/pt\/wp-json\/wp\/v2\/posts\/105874","targetHints":{"allow":["GET"]}}],"collection":[{"href":"https:\/\/jornaldasoficinas.com\/pt\/wp-json\/wp\/v2\/posts"}],"about":[{"href":"https:\/\/jornaldasoficinas.com\/pt\/wp-json\/wp\/v2\/types\/post"}],"author":[{"embeddable":true,"href":"https:\/\/jornaldasoficinas.com\/pt\/wp-json\/wp\/v2\/users\/15"}],"replies":[{"embeddable":true,"href":"https:\/\/jornaldasoficinas.com\/pt\/wp-json\/wp\/v2\/comments?post=105874"}],"version-history":[{"count":5,"href":"https:\/\/jornaldasoficinas.com\/pt\/wp-json\/wp\/v2\/posts\/105874\/revisions"}],"predecessor-version":[{"id":105881,"href":"https:\/\/jornaldasoficinas.com\/pt\/wp-json\/wp\/v2\/posts\/105874\/revisions\/105881"}],"wp:featuredmedia":[{"embeddable":true,"href":"https:\/\/jornaldasoficinas.com\/pt\/wp-json\/wp\/v2\/media\/105880"}],"wp:attachment":[{"href":"https:\/\/jornaldasoficinas.com\/pt\/wp-json\/wp\/v2\/media?parent=105874"}],"wp:term":[{"taxonomy":"category","embeddable":true,"href":"https:\/\/jornaldasoficinas.com\/pt\/wp-json\/wp\/v2\/categories?post=105874"},{"taxonomy":"post_tag","embeddable":true,"href":"https:\/\/jornaldasoficinas.com\/pt\/wp-json\/wp\/v2\/tags?post=105874"}],"curies":[{"name":"wp","href":"https:\/\/api.w.org\/{rel}","templated":true}]}}