{"id":105949,"date":"2025-08-28T12:30:37","date_gmt":"2025-08-28T11:30:37","guid":{"rendered":"https:\/\/jornaldasoficinas.com\/pt\/?p=105949"},"modified":"2025-08-27T22:33:28","modified_gmt":"2025-08-27T21:33:28","slug":"iveco-e-wayfer-levam-camiao-dos-metallica-ao-rockin1000","status":"publish","type":"post","link":"https:\/\/jornaldasoficinas.com\/pt\/iveco-e-wayfer-levam-camiao-dos-metallica-ao-rockin1000\/","title":{"rendered":"IVECO e Wayfer levam cami\u00e3o dos Metallica ao Rockin&#8217;1000"},"content":{"rendered":"<p><strong><img loading=\"lazy\" decoding=\"async\" class=\"alignnone size-full wp-image-105958\" src=\"https:\/\/jornaldasoficinas.com\/pt\/wp-content\/uploads\/2025\/08\/IVECO-e-Wayfer-levam-camiao-dos-Metallica-ao-Rockin1000.png\" alt=\"08 - IVECO e Wayfer levam camiao dos Metallica ao Rockin1000\" width=\"1024\" height=\"581\" srcset=\"https:\/\/jornaldasoficinas.com\/pt\/wp-content\/uploads\/2025\/08\/IVECO-e-Wayfer-levam-camiao-dos-Metallica-ao-Rockin1000.png 1024w, https:\/\/jornaldasoficinas.com\/pt\/wp-content\/uploads\/2025\/08\/IVECO-e-Wayfer-levam-camiao-dos-Metallica-ao-Rockin1000-300x170.png 300w, https:\/\/jornaldasoficinas.com\/pt\/wp-content\/uploads\/2025\/08\/IVECO-e-Wayfer-levam-camiao-dos-Metallica-ao-Rockin1000-150x85.png 150w, https:\/\/jornaldasoficinas.com\/pt\/wp-content\/uploads\/2025\/08\/IVECO-e-Wayfer-levam-camiao-dos-Metallica-ao-Rockin1000-768x436.png 768w\" sizes=\"auto, (max-width: 1024px) 100vw, 1024px\" \/><\/strong><\/p>\n<p><strong>O <a href=\"https:\/\/rockin1000portugal.pt\/\" target=\"_blank\" rel=\"noopener\">Rockin&#8217;1000<\/a> regressa a Leiria a 6 de setembro, com mil m\u00fasicos a tocar em un\u00edssono. A <a href=\"https:\/\/www.iveco.com\/\" target=\"_blank\" rel=\"noopener\">IVECO<\/a> e a <a href=\"https:\/\/www.wayfer.pt\/\" target=\"_blank\" rel=\"noopener\">Wayfer<\/a> marcam presen\u00e7a com uma edi\u00e7\u00e3o limitada do ic\u00f3nico cami\u00e3o dos Metallica, em exposi\u00e7\u00e3o e como inspira\u00e7\u00e3o para o concerto<\/strong><\/p>\n<p>Leiria vai receber um dos maiores concertos de rock do mundo, o Rockin&#8217;1000, no Est\u00e1dio Municipal Dr. Magalh\u00e3es Pessoa. O evento contar\u00e1 com mil m\u00fasicos e ter\u00e1 como grande momento a interpreta\u00e7\u00e3o de Enter Sandman, em tributo aos Metallica.<\/p>\n<p>A IVECO e a Wayfer, concession\u00e1rio oficial para Leiria e Coimbra, s\u00e3o patrocinadores oficiais e trar\u00e3o a edi\u00e7\u00e3o limitada do cami\u00e3o dos Metallica, com assinatura dos m\u00fasicos, em exposi\u00e7\u00e3o nos dias 4 e 5 de setembro junto ao est\u00e1dio e durante o espet\u00e1culo.<\/p>\n<p>O cami\u00e3o simboliza a uni\u00e3o entre estrada e rock, refor\u00e7ando o compromisso da IVECO e da Wayfer com a cultura, a m\u00fasica e a comunidade local. Desde os anos 80, a IVECO tem apoiado grandes eventos musicais, garantindo que palcos, instrumentos e sonhos chegam ao destino. Em 2024, a marca destacou-se ainda na log\u00edstica sustent\u00e1vel da tourn\u00e9e europeia da banda, com solu\u00e7\u00f5es multi-energ\u00e9ticas de baixo carbono.<\/p>\n<p>Segundo Magno Mendes, diretor comercial da IVECO Portugal, &#8220;a parceria com os Metallica baseou-se em valores fundamentais partilhados em termos de sustentabilidade ambiental e responsabilidade social&#8221;. Nuno Ferreira, CEO da Wayfer, acrescentou que &#8220;trazer esta edi\u00e7\u00e3o limitada do cami\u00e3o at\u00e9 Leiria ser\u00e1 um momento hist\u00f3rico, que simboliza na perfei\u00e7\u00e3o a energia da m\u00fasica, da mobilidade e da nossa cidade&#8221;.<\/p>\n<p>Tiago Castelo Branco, diretor executivo da MOT, promotor do evento, destacou que &#8220;este concerto simboliza tudo o que acreditamos: pessoas e marcas juntas a criarem algo maior do que elas pr\u00f3prias&#8221;.<\/p>\n<p>Os bilhetes encontram-se dispon\u00edveis atrav\u00e9s do<a href=\"https:\/\/rockin1000portugal.pt\/\" target=\"_blank\" rel=\"noopener\"> site<\/a> e nas lojas Worten.<\/p>\n","protected":false},"excerpt":{"rendered":"<p>O Rockin&#8217;1000 regressa a Leiria a&#8230;<\/p>\n","protected":false},"author":15,"featured_media":105958,"comment_status":"closed","ping_status":"closed","sticky":false,"template":"","format":"standard","meta":{"footnotes":""},"categories":[36],"tags":[13406,13404,13405,470,3376,13403,13402,1238],"class_list":["post-105949","post","type-post","status-publish","format-standard","has-post-thumbnail","hentry","category-pesados","tag-camiao","tag-concerto","tag-edicao-limitada","tag-iveco","tag-leiria","tag-metallica","tag-rockin1000","tag-wayfer"],"yoast_head":"<!-- This site is optimized with the Yoast SEO plugin v27.4 - https:\/\/yoast.com\/product\/yoast-seo-wordpress\/ -->\n<title>IVECO e Wayfer levam cami\u00e3o dos Metallica ao Rockin&#039;1000 - Jornal das Oficinas<\/title>\n<meta name=\"description\" content=\"A IVECO e a Wayfer v\u00e3o marcar presen\u00e7a no Rockin&#039;1000 com uma edi\u00e7\u00e3o limitada do ic\u00f3nico cami\u00e3o dos Metallica\" \/>\n<meta name=\"robots\" content=\"index, follow, max-snippet:-1, max-image-preview:large, max-video-preview:-1\" \/>\n<link rel=\"canonical\" href=\"https:\/\/jornaldasoficinas.com\/pt\/iveco-e-wayfer-levam-camiao-dos-metallica-ao-rockin1000\/\" \/>\n<meta property=\"og:locale\" content=\"pt_PT\" \/>\n<meta property=\"og:type\" content=\"article\" \/>\n<meta property=\"og:title\" content=\"IVECO e Wayfer levam cami\u00e3o dos Metallica ao Rockin&#039;1000 - Jornal das Oficinas\" \/>\n<meta property=\"og:description\" content=\"A IVECO e a Wayfer v\u00e3o marcar presen\u00e7a no Rockin&#039;1000 com uma edi\u00e7\u00e3o limitada do ic\u00f3nico cami\u00e3o dos Metallica\" \/>\n<meta property=\"og:url\" content=\"https:\/\/jornaldasoficinas.com\/pt\/iveco-e-wayfer-levam-camiao-dos-metallica-ao-rockin1000\/\" \/>\n<meta property=\"og:site_name\" content=\"Jornal das Oficinas\" \/>\n<meta property=\"article:publisher\" content=\"https:\/\/www.facebook.com\/jornaloficinas\" \/>\n<meta property=\"article:published_time\" content=\"2025-08-28T11:30:37+00:00\" \/>\n<meta property=\"og:image\" content=\"https:\/\/jornaldasoficinas.com\/pt\/wp-content\/uploads\/2025\/08\/IVECO-e-Wayfer-levam-camiao-dos-Metallica-ao-Rockin1000.png\" \/>\n\t<meta property=\"og:image:width\" content=\"1024\" \/>\n\t<meta property=\"og:image:height\" content=\"581\" \/>\n\t<meta property=\"og:image:type\" content=\"image\/png\" \/>\n<meta name=\"author\" content=\"Reda\u00e7\u00e3o JO\" \/>\n<meta name=\"twitter:card\" content=\"summary_large_image\" \/>\n<meta name=\"twitter:creator\" content=\"@jornaloficinas\" \/>\n<meta name=\"twitter:site\" content=\"@jornaloficinas\" \/>\n<meta name=\"twitter:label1\" content=\"Escrito por\" \/>\n\t<meta name=\"twitter:data1\" content=\"Reda\u00e7\u00e3o JO\" \/>\n\t<meta name=\"twitter:label2\" content=\"Tempo estimado de leitura\" \/>\n\t<meta name=\"twitter:data2\" content=\"2 minutos\" \/>\n<script type=\"application\/ld+json\" class=\"yoast-schema-graph\">{\"@context\":\"https:\\\/\\\/schema.org\",\"@graph\":[{\"@type\":\"Article\",\"@id\":\"https:\\\/\\\/jornaldasoficinas.com\\\/pt\\\/iveco-e-wayfer-levam-camiao-dos-metallica-ao-rockin1000\\\/#article\",\"isPartOf\":{\"@id\":\"https:\\\/\\\/jornaldasoficinas.com\\\/pt\\\/iveco-e-wayfer-levam-camiao-dos-metallica-ao-rockin1000\\\/\"},\"author\":{\"name\":\"Reda\u00e7\u00e3o JO\",\"@id\":\"https:\\\/\\\/jornaldasoficinas.com\\\/pt\\\/#\\\/schema\\\/person\\\/a38eef5de2c41d9e7c9ac10141afddf3\"},\"headline\":\"IVECO e Wayfer levam cami\u00e3o dos Metallica ao Rockin&#8217;1000\",\"datePublished\":\"2025-08-28T11:30:37+00:00\",\"mainEntityOfPage\":{\"@id\":\"https:\\\/\\\/jornaldasoficinas.com\\\/pt\\\/iveco-e-wayfer-levam-camiao-dos-metallica-ao-rockin1000\\\/\"},\"wordCount\":332,\"publisher\":{\"@id\":\"https:\\\/\\\/jornaldasoficinas.com\\\/pt\\\/#organization\"},\"image\":{\"@id\":\"https:\\\/\\\/jornaldasoficinas.com\\\/pt\\\/iveco-e-wayfer-levam-camiao-dos-metallica-ao-rockin1000\\\/#primaryimage\"},\"thumbnailUrl\":\"https:\\\/\\\/jornaldasoficinas.com\\\/pt\\\/wp-content\\\/uploads\\\/2025\\\/08\\\/IVECO-e-Wayfer-levam-camiao-dos-Metallica-ao-Rockin1000.png\",\"keywords\":[\"cami\u00e3o\",\"concerto\",\"edi\u00e7\u00e3o limitada\",\"Iveco\",\"Leiria\",\"Metallica\",\"Rockin'1000\",\"Wayfer\"],\"articleSection\":[\"Pesados\"],\"inLanguage\":\"pt-PT\"},{\"@type\":\"WebPage\",\"@id\":\"https:\\\/\\\/jornaldasoficinas.com\\\/pt\\\/iveco-e-wayfer-levam-camiao-dos-metallica-ao-rockin1000\\\/\",\"url\":\"https:\\\/\\\/jornaldasoficinas.com\\\/pt\\\/iveco-e-wayfer-levam-camiao-dos-metallica-ao-rockin1000\\\/\",\"name\":\"IVECO e Wayfer levam cami\u00e3o dos Metallica ao Rockin'1000 - Jornal das Oficinas\",\"isPartOf\":{\"@id\":\"https:\\\/\\\/jornaldasoficinas.com\\\/pt\\\/#website\"},\"primaryImageOfPage\":{\"@id\":\"https:\\\/\\\/jornaldasoficinas.com\\\/pt\\\/iveco-e-wayfer-levam-camiao-dos-metallica-ao-rockin1000\\\/#primaryimage\"},\"image\":{\"@id\":\"https:\\\/\\\/jornaldasoficinas.com\\\/pt\\\/iveco-e-wayfer-levam-camiao-dos-metallica-ao-rockin1000\\\/#primaryimage\"},\"thumbnailUrl\":\"https:\\\/\\\/jornaldasoficinas.com\\\/pt\\\/wp-content\\\/uploads\\\/2025\\\/08\\\/IVECO-e-Wayfer-levam-camiao-dos-Metallica-ao-Rockin1000.png\",\"datePublished\":\"2025-08-28T11:30:37+00:00\",\"description\":\"A IVECO e a Wayfer v\u00e3o marcar presen\u00e7a no Rockin'1000 com uma edi\u00e7\u00e3o limitada do ic\u00f3nico cami\u00e3o dos Metallica\",\"breadcrumb\":{\"@id\":\"https:\\\/\\\/jornaldasoficinas.com\\\/pt\\\/iveco-e-wayfer-levam-camiao-dos-metallica-ao-rockin1000\\\/#breadcrumb\"},\"inLanguage\":\"pt-PT\",\"potentialAction\":[{\"@type\":\"ReadAction\",\"target\":[\"https:\\\/\\\/jornaldasoficinas.com\\\/pt\\\/iveco-e-wayfer-levam-camiao-dos-metallica-ao-rockin1000\\\/\"]}]},{\"@type\":\"ImageObject\",\"inLanguage\":\"pt-PT\",\"@id\":\"https:\\\/\\\/jornaldasoficinas.com\\\/pt\\\/iveco-e-wayfer-levam-camiao-dos-metallica-ao-rockin1000\\\/#primaryimage\",\"url\":\"https:\\\/\\\/jornaldasoficinas.com\\\/pt\\\/wp-content\\\/uploads\\\/2025\\\/08\\\/IVECO-e-Wayfer-levam-camiao-dos-Metallica-ao-Rockin1000.png\",\"contentUrl\":\"https:\\\/\\\/jornaldasoficinas.com\\\/pt\\\/wp-content\\\/uploads\\\/2025\\\/08\\\/IVECO-e-Wayfer-levam-camiao-dos-Metallica-ao-Rockin1000.png\",\"width\":1024,\"height\":581,\"caption\":\"08 - IVECO e Wayfer levam camiao dos Metallica ao Rockin1000\"},{\"@type\":\"BreadcrumbList\",\"@id\":\"https:\\\/\\\/jornaldasoficinas.com\\\/pt\\\/iveco-e-wayfer-levam-camiao-dos-metallica-ao-rockin1000\\\/#breadcrumb\",\"itemListElement\":[{\"@type\":\"ListItem\",\"position\":1,\"name\":\"In\u00edcio\",\"item\":\"https:\\\/\\\/jornaldasoficinas.com\\\/pt\\\/\"},{\"@type\":\"ListItem\",\"position\":2,\"name\":\"IVECO e Wayfer levam cami\u00e3o dos Metallica ao Rockin&#8217;1000\"}]},{\"@type\":\"WebSite\",\"@id\":\"https:\\\/\\\/jornaldasoficinas.com\\\/pt\\\/#website\",\"url\":\"https:\\\/\\\/jornaldasoficinas.com\\\/pt\\\/\",\"name\":\"Jornal das Oficinas\",\"description\":\"Jornal independente do Aftermarket Autom\u00f3vel em Portugal\",\"publisher\":{\"@id\":\"https:\\\/\\\/jornaldasoficinas.com\\\/pt\\\/#organization\"},\"potentialAction\":[{\"@type\":\"SearchAction\",\"target\":{\"@type\":\"EntryPoint\",\"urlTemplate\":\"https:\\\/\\\/jornaldasoficinas.com\\\/pt\\\/?s={search_term_string}\"},\"query-input\":{\"@type\":\"PropertyValueSpecification\",\"valueRequired\":true,\"valueName\":\"search_term_string\"}}],\"inLanguage\":\"pt-PT\"},{\"@type\":\"Organization\",\"@id\":\"https:\\\/\\\/jornaldasoficinas.com\\\/pt\\\/#organization\",\"name\":\"Jornal das Oficinas\",\"url\":\"https:\\\/\\\/jornaldasoficinas.com\\\/pt\\\/\",\"logo\":{\"@type\":\"ImageObject\",\"inLanguage\":\"pt-PT\",\"@id\":\"https:\\\/\\\/jornaldasoficinas.com\\\/pt\\\/#\\\/schema\\\/logo\\\/image\\\/\",\"url\":\"https:\\\/\\\/jornaldasoficinas.com\\\/pt\\\/wp-content\\\/uploads\\\/logoJO-SEO.png\",\"contentUrl\":\"https:\\\/\\\/jornaldasoficinas.com\\\/pt\\\/wp-content\\\/uploads\\\/logoJO-SEO.png\",\"width\":285,\"height\":450,\"caption\":\"Jornal das Oficinas\"},\"image\":{\"@id\":\"https:\\\/\\\/jornaldasoficinas.com\\\/pt\\\/#\\\/schema\\\/logo\\\/image\\\/\"},\"sameAs\":[\"https:\\\/\\\/www.facebook.com\\\/jornaloficinas\",\"https:\\\/\\\/x.com\\\/jornaloficinas\",\"https:\\\/\\\/www.instagram.com\\\/jornal_oficinas\\\/\",\"https:\\\/\\\/www.linkedin.com\\\/company\\\/jornal-das-oficinas\\\/\",\"https:\\\/\\\/www.youtube.com\\\/channel\\\/UCbQZBqtcvV-oSQrr7RzINGg\"]},{\"@type\":\"Person\",\"@id\":\"https:\\\/\\\/jornaldasoficinas.com\\\/pt\\\/#\\\/schema\\\/person\\\/a38eef5de2c41d9e7c9ac10141afddf3\",\"name\":\"Reda\u00e7\u00e3o JO\",\"image\":{\"@type\":\"ImageObject\",\"inLanguage\":\"pt-PT\",\"@id\":\"https:\\\/\\\/secure.gravatar.com\\\/avatar\\\/71f2fa71737ad68a84fea94bc708ddac8ea5b0c4788dc2ad202f3ccb2887742f?s=96&d=wp_user_avatar&r=g\",\"url\":\"https:\\\/\\\/secure.gravatar.com\\\/avatar\\\/71f2fa71737ad68a84fea94bc708ddac8ea5b0c4788dc2ad202f3ccb2887742f?s=96&d=wp_user_avatar&r=g\",\"contentUrl\":\"https:\\\/\\\/secure.gravatar.com\\\/avatar\\\/71f2fa71737ad68a84fea94bc708ddac8ea5b0c4788dc2ad202f3ccb2887742f?s=96&d=wp_user_avatar&r=g\",\"caption\":\"Reda\u00e7\u00e3o JO\"},\"url\":\"https:\\\/\\\/jornaldasoficinas.com\\\/pt\\\/author\\\/joredacao\\\/\"}]}<\/script>\n<!-- \/ Yoast SEO plugin. -->","yoast_head_json":{"title":"IVECO e Wayfer levam cami\u00e3o dos Metallica ao Rockin'1000 - Jornal das Oficinas","description":"A IVECO e a Wayfer v\u00e3o marcar presen\u00e7a no Rockin'1000 com uma edi\u00e7\u00e3o limitada do ic\u00f3nico cami\u00e3o dos Metallica","robots":{"index":"index","follow":"follow","max-snippet":"max-snippet:-1","max-image-preview":"max-image-preview:large","max-video-preview":"max-video-preview:-1"},"canonical":"https:\/\/jornaldasoficinas.com\/pt\/iveco-e-wayfer-levam-camiao-dos-metallica-ao-rockin1000\/","og_locale":"pt_PT","og_type":"article","og_title":"IVECO e Wayfer levam cami\u00e3o dos Metallica ao Rockin'1000 - Jornal das Oficinas","og_description":"A IVECO e a Wayfer v\u00e3o marcar presen\u00e7a no Rockin'1000 com uma edi\u00e7\u00e3o limitada do ic\u00f3nico cami\u00e3o dos Metallica","og_url":"https:\/\/jornaldasoficinas.com\/pt\/iveco-e-wayfer-levam-camiao-dos-metallica-ao-rockin1000\/","og_site_name":"Jornal das Oficinas","article_publisher":"https:\/\/www.facebook.com\/jornaloficinas","article_published_time":"2025-08-28T11:30:37+00:00","og_image":[{"width":1024,"height":581,"url":"https:\/\/jornaldasoficinas.com\/pt\/wp-content\/uploads\/2025\/08\/IVECO-e-Wayfer-levam-camiao-dos-Metallica-ao-Rockin1000.png","type":"image\/png"}],"author":"Reda\u00e7\u00e3o JO","twitter_card":"summary_large_image","twitter_creator":"@jornaloficinas","twitter_site":"@jornaloficinas","twitter_misc":{"Escrito por":"Reda\u00e7\u00e3o JO","Tempo estimado de leitura":"2 minutos"},"schema":{"@context":"https:\/\/schema.org","@graph":[{"@type":"Article","@id":"https:\/\/jornaldasoficinas.com\/pt\/iveco-e-wayfer-levam-camiao-dos-metallica-ao-rockin1000\/#article","isPartOf":{"@id":"https:\/\/jornaldasoficinas.com\/pt\/iveco-e-wayfer-levam-camiao-dos-metallica-ao-rockin1000\/"},"author":{"name":"Reda\u00e7\u00e3o JO","@id":"https:\/\/jornaldasoficinas.com\/pt\/#\/schema\/person\/a38eef5de2c41d9e7c9ac10141afddf3"},"headline":"IVECO e Wayfer levam cami\u00e3o dos Metallica ao Rockin&#8217;1000","datePublished":"2025-08-28T11:30:37+00:00","mainEntityOfPage":{"@id":"https:\/\/jornaldasoficinas.com\/pt\/iveco-e-wayfer-levam-camiao-dos-metallica-ao-rockin1000\/"},"wordCount":332,"publisher":{"@id":"https:\/\/jornaldasoficinas.com\/pt\/#organization"},"image":{"@id":"https:\/\/jornaldasoficinas.com\/pt\/iveco-e-wayfer-levam-camiao-dos-metallica-ao-rockin1000\/#primaryimage"},"thumbnailUrl":"https:\/\/jornaldasoficinas.com\/pt\/wp-content\/uploads\/2025\/08\/IVECO-e-Wayfer-levam-camiao-dos-Metallica-ao-Rockin1000.png","keywords":["cami\u00e3o","concerto","edi\u00e7\u00e3o limitada","Iveco","Leiria","Metallica","Rockin'1000","Wayfer"],"articleSection":["Pesados"],"inLanguage":"pt-PT"},{"@type":"WebPage","@id":"https:\/\/jornaldasoficinas.com\/pt\/iveco-e-wayfer-levam-camiao-dos-metallica-ao-rockin1000\/","url":"https:\/\/jornaldasoficinas.com\/pt\/iveco-e-wayfer-levam-camiao-dos-metallica-ao-rockin1000\/","name":"IVECO e Wayfer levam cami\u00e3o dos Metallica ao Rockin'1000 - Jornal das Oficinas","isPartOf":{"@id":"https:\/\/jornaldasoficinas.com\/pt\/#website"},"primaryImageOfPage":{"@id":"https:\/\/jornaldasoficinas.com\/pt\/iveco-e-wayfer-levam-camiao-dos-metallica-ao-rockin1000\/#primaryimage"},"image":{"@id":"https:\/\/jornaldasoficinas.com\/pt\/iveco-e-wayfer-levam-camiao-dos-metallica-ao-rockin1000\/#primaryimage"},"thumbnailUrl":"https:\/\/jornaldasoficinas.com\/pt\/wp-content\/uploads\/2025\/08\/IVECO-e-Wayfer-levam-camiao-dos-Metallica-ao-Rockin1000.png","datePublished":"2025-08-28T11:30:37+00:00","description":"A IVECO e a Wayfer v\u00e3o marcar presen\u00e7a no Rockin'1000 com uma edi\u00e7\u00e3o limitada do ic\u00f3nico cami\u00e3o dos Metallica","breadcrumb":{"@id":"https:\/\/jornaldasoficinas.com\/pt\/iveco-e-wayfer-levam-camiao-dos-metallica-ao-rockin1000\/#breadcrumb"},"inLanguage":"pt-PT","potentialAction":[{"@type":"ReadAction","target":["https:\/\/jornaldasoficinas.com\/pt\/iveco-e-wayfer-levam-camiao-dos-metallica-ao-rockin1000\/"]}]},{"@type":"ImageObject","inLanguage":"pt-PT","@id":"https:\/\/jornaldasoficinas.com\/pt\/iveco-e-wayfer-levam-camiao-dos-metallica-ao-rockin1000\/#primaryimage","url":"https:\/\/jornaldasoficinas.com\/pt\/wp-content\/uploads\/2025\/08\/IVECO-e-Wayfer-levam-camiao-dos-Metallica-ao-Rockin1000.png","contentUrl":"https:\/\/jornaldasoficinas.com\/pt\/wp-content\/uploads\/2025\/08\/IVECO-e-Wayfer-levam-camiao-dos-Metallica-ao-Rockin1000.png","width":1024,"height":581,"caption":"08 - IVECO e Wayfer levam camiao dos Metallica ao Rockin1000"},{"@type":"BreadcrumbList","@id":"https:\/\/jornaldasoficinas.com\/pt\/iveco-e-wayfer-levam-camiao-dos-metallica-ao-rockin1000\/#breadcrumb","itemListElement":[{"@type":"ListItem","position":1,"name":"In\u00edcio","item":"https:\/\/jornaldasoficinas.com\/pt\/"},{"@type":"ListItem","position":2,"name":"IVECO e Wayfer levam cami\u00e3o dos Metallica ao Rockin&#8217;1000"}]},{"@type":"WebSite","@id":"https:\/\/jornaldasoficinas.com\/pt\/#website","url":"https:\/\/jornaldasoficinas.com\/pt\/","name":"Jornal das Oficinas","description":"Jornal independente do Aftermarket Autom\u00f3vel em Portugal","publisher":{"@id":"https:\/\/jornaldasoficinas.com\/pt\/#organization"},"potentialAction":[{"@type":"SearchAction","target":{"@type":"EntryPoint","urlTemplate":"https:\/\/jornaldasoficinas.com\/pt\/?s={search_term_string}"},"query-input":{"@type":"PropertyValueSpecification","valueRequired":true,"valueName":"search_term_string"}}],"inLanguage":"pt-PT"},{"@type":"Organization","@id":"https:\/\/jornaldasoficinas.com\/pt\/#organization","name":"Jornal das Oficinas","url":"https:\/\/jornaldasoficinas.com\/pt\/","logo":{"@type":"ImageObject","inLanguage":"pt-PT","@id":"https:\/\/jornaldasoficinas.com\/pt\/#\/schema\/logo\/image\/","url":"https:\/\/jornaldasoficinas.com\/pt\/wp-content\/uploads\/logoJO-SEO.png","contentUrl":"https:\/\/jornaldasoficinas.com\/pt\/wp-content\/uploads\/logoJO-SEO.png","width":285,"height":450,"caption":"Jornal das Oficinas"},"image":{"@id":"https:\/\/jornaldasoficinas.com\/pt\/#\/schema\/logo\/image\/"},"sameAs":["https:\/\/www.facebook.com\/jornaloficinas","https:\/\/x.com\/jornaloficinas","https:\/\/www.instagram.com\/jornal_oficinas\/","https:\/\/www.linkedin.com\/company\/jornal-das-oficinas\/","https:\/\/www.youtube.com\/channel\/UCbQZBqtcvV-oSQrr7RzINGg"]},{"@type":"Person","@id":"https:\/\/jornaldasoficinas.com\/pt\/#\/schema\/person\/a38eef5de2c41d9e7c9ac10141afddf3","name":"Reda\u00e7\u00e3o JO","image":{"@type":"ImageObject","inLanguage":"pt-PT","@id":"https:\/\/secure.gravatar.com\/avatar\/71f2fa71737ad68a84fea94bc708ddac8ea5b0c4788dc2ad202f3ccb2887742f?s=96&d=wp_user_avatar&r=g","url":"https:\/\/secure.gravatar.com\/avatar\/71f2fa71737ad68a84fea94bc708ddac8ea5b0c4788dc2ad202f3ccb2887742f?s=96&d=wp_user_avatar&r=g","contentUrl":"https:\/\/secure.gravatar.com\/avatar\/71f2fa71737ad68a84fea94bc708ddac8ea5b0c4788dc2ad202f3ccb2887742f?s=96&d=wp_user_avatar&r=g","caption":"Reda\u00e7\u00e3o JO"},"url":"https:\/\/jornaldasoficinas.com\/pt\/author\/joredacao\/"}]}},"_links":{"self":[{"href":"https:\/\/jornaldasoficinas.com\/pt\/wp-json\/wp\/v2\/posts\/105949","targetHints":{"allow":["GET"]}}],"collection":[{"href":"https:\/\/jornaldasoficinas.com\/pt\/wp-json\/wp\/v2\/posts"}],"about":[{"href":"https:\/\/jornaldasoficinas.com\/pt\/wp-json\/wp\/v2\/types\/post"}],"author":[{"embeddable":true,"href":"https:\/\/jornaldasoficinas.com\/pt\/wp-json\/wp\/v2\/users\/15"}],"replies":[{"embeddable":true,"href":"https:\/\/jornaldasoficinas.com\/pt\/wp-json\/wp\/v2\/comments?post=105949"}],"version-history":[{"count":6,"href":"https:\/\/jornaldasoficinas.com\/pt\/wp-json\/wp\/v2\/posts\/105949\/revisions"}],"predecessor-version":[{"id":105959,"href":"https:\/\/jornaldasoficinas.com\/pt\/wp-json\/wp\/v2\/posts\/105949\/revisions\/105959"}],"wp:featuredmedia":[{"embeddable":true,"href":"https:\/\/jornaldasoficinas.com\/pt\/wp-json\/wp\/v2\/media\/105958"}],"wp:attachment":[{"href":"https:\/\/jornaldasoficinas.com\/pt\/wp-json\/wp\/v2\/media?parent=105949"}],"wp:term":[{"taxonomy":"category","embeddable":true,"href":"https:\/\/jornaldasoficinas.com\/pt\/wp-json\/wp\/v2\/categories?post=105949"},{"taxonomy":"post_tag","embeddable":true,"href":"https:\/\/jornaldasoficinas.com\/pt\/wp-json\/wp\/v2\/tags?post=105949"}],"curies":[{"name":"wp","href":"https:\/\/api.w.org\/{rel}","templated":true}]}}