{"id":105961,"date":"2025-08-28T08:00:33","date_gmt":"2025-08-28T07:00:33","guid":{"rendered":"https:\/\/jornaldasoficinas.com\/pt\/?p=105961"},"modified":"2025-08-27T22:32:13","modified_gmt":"2025-08-27T21:32:13","slug":"clepa-e-acea-pedem-revisao-da-estrategia-verde-da-ue","status":"publish","type":"post","link":"https:\/\/jornaldasoficinas.com\/pt\/clepa-e-acea-pedem-revisao-da-estrategia-verde-da-ue\/","title":{"rendered":"CLEPA e ACEA pedem revis\u00e3o da estrat\u00e9gia verde da UE"},"content":{"rendered":"<p><strong><img loading=\"lazy\" decoding=\"async\" class=\"alignnone size-full wp-image-105970\" src=\"https:\/\/jornaldasoficinas.com\/pt\/wp-content\/uploads\/2025\/08\/acea-clepa.jpg\" alt=\"08 - acea clepa\" width=\"1024\" height=\"581\" srcset=\"https:\/\/jornaldasoficinas.com\/pt\/wp-content\/uploads\/2025\/08\/acea-clepa.jpg 1024w, https:\/\/jornaldasoficinas.com\/pt\/wp-content\/uploads\/2025\/08\/acea-clepa-300x170.jpg 300w, https:\/\/jornaldasoficinas.com\/pt\/wp-content\/uploads\/2025\/08\/acea-clepa-150x85.jpg 150w, https:\/\/jornaldasoficinas.com\/pt\/wp-content\/uploads\/2025\/08\/acea-clepa-768x436.jpg 768w\" sizes=\"auto, (max-width: 1024px) 100vw, 1024px\" \/><\/strong><\/p>\n<p><strong>Com metas consideradas irrealistas, as associa\u00e7\u00f5es <a href=\"https:\/\/www.clepa.eu\/\" target=\"_blank\" rel=\"noopener\">CLEPA<\/a> e <a href=\"https:\/\/www.acea.auto\/\" target=\"_blank\" rel=\"noopener\">ACEA<\/a> apelam a uma maior flexibilidade por parte da Uni\u00e3o Europeia para viabilizar a transi\u00e7\u00e3o autom\u00f3vel<\/strong><\/p>\n<p>A ind\u00fastria autom\u00f3vel europeia lan\u00e7ou um apelo \u00e0 Comiss\u00e3o Europeia para rever a atual estrat\u00e9gia de transi\u00e7\u00e3o energ\u00e9tica, sublinhando que a Uni\u00e3o Europeia &#8220;corre o risco de falhar&#8221; na transforma\u00e7\u00e3o do setor.<\/p>\n<p>Numa carta conjunta dirigida \u00e0 presidente Ursula von der Leyen, a Associa\u00e7\u00e3o Europeia de Fabricantes de Autom\u00f3veis (ACEA) e a Associa\u00e7\u00e3o Europeia de Fornecedores Autom\u00f3veis (CLEPA) defendem que a pr\u00f3xima revis\u00e3o das normas de CO2 deve ser a oportunidade para &#8220;corrigir o rumo&#8221; e adotar uma abordagem mais realista.<\/p>\n<p>Segundo os signat\u00e1rios, que representam construtores e fornecedores de componentes, a ind\u00fastria j\u00e1 investiu mais de 250 mil milh\u00f5es de euros em mobilidade el\u00e9trica at\u00e9 2030. Ainda assim, enfrentam &#8220;condi\u00e7\u00f5es desfavor\u00e1veis&#8221; como custos de energia elevados, forte depend\u00eancia da \u00c1sia no setor das baterias, tarifas penalizadoras em mercados externos e infraestruturas de carregamento insuficientes.<\/p>\n<p>Os fabricantes defendem medidas que estimulem a procura, como redu\u00e7\u00e3o dos custos de carregamento, subs\u00eddios \u00e0 compra, benef\u00edcios fiscais e melhor acesso urbano para ve\u00edculos de baixas emiss\u00f5es. A carta critica tamb\u00e9m a excessiva depend\u00eancia de metas r\u00edgidas de CO2, defendendo que a estrat\u00e9gia deve incluir diferentes solu\u00e7\u00f5es tecnol\u00f3gicas: ve\u00edculos el\u00e9tricos a bateria, h\u00edbridos plug-in, motores de combust\u00e3o de alta efici\u00eancia, hidrog\u00e9nio e combust\u00edveis neutros em carbono.<\/p>\n<p>Outro dos pontos em destaque \u00e9 a necessidade de rever rapidamente a regulamenta\u00e7\u00e3o para ve\u00edculos pesados, considerada essencial para viabilizar modelos de neg\u00f3cio sustent\u00e1veis neste setor.<\/p>\n<p>As associa\u00e7\u00f5es alertam ainda que sem pol\u00edticas que reforcem a competitividade, a Europa arrisca &#8220;perder capacidade produtiva vital, conhecimento tecnol\u00f3gico e empregos qualificados&#8221;, enfraquecendo toda a cadeia de valor.<\/p>\n<p>O debate ganha forma no Di\u00e1logo Estrat\u00e9gico sobre o Futuro da Ind\u00fastria Autom\u00f3vel, marcado para 12 de setembro em Bruxelas, visto como a &#8220;\u00faltima oportunidade&#8221; para ajustar a pol\u00edtica europeia \u00e0s novas realidades industriais, econ\u00f3micas e geopol\u00edticas.<\/p>\n","protected":false},"excerpt":{"rendered":"<p>Com metas consideradas irrealistas, as associa\u00e7\u00f5es&#8230;<\/p>\n","protected":false},"author":15,"featured_media":105970,"comment_status":"closed","ping_status":"closed","sticky":false,"template":"","format":"standard","meta":{"footnotes":""},"categories":[37],"tags":[1217,1969,13408,1421,13409,860,13407,1819],"class_list":["post-105961","post","type-post","status-publish","format-standard","has-post-thumbnail","hentry","category-mercado","tag-acea","tag-clepa","tag-estrategia-verde","tag-mobilidade-eletrica","tag-normas-de-co2","tag-revisao","tag-transicao-automovel","tag-uniao-europeia"],"yoast_head":"<!-- This site is optimized with the Yoast SEO plugin v27.4 - https:\/\/yoast.com\/product\/yoast-seo-wordpress\/ -->\n<title>CLEPA e ACEA pedem revis\u00e3o da estrat\u00e9gia verde da UE - Jornal das Oficinas<\/title>\n<meta name=\"description\" content=\"Com metas consideradas irrealistas, a CLEPA e a ACEA apelam a uma maior flexibilidade por parte da UE para viabilizar a transi\u00e7\u00e3o autom\u00f3vel\" \/>\n<meta name=\"robots\" content=\"index, follow, max-snippet:-1, max-image-preview:large, max-video-preview:-1\" \/>\n<link rel=\"canonical\" href=\"https:\/\/jornaldasoficinas.com\/pt\/clepa-e-acea-pedem-revisao-da-estrategia-verde-da-ue\/\" \/>\n<meta property=\"og:locale\" content=\"pt_PT\" \/>\n<meta property=\"og:type\" content=\"article\" \/>\n<meta property=\"og:title\" content=\"CLEPA e ACEA pedem revis\u00e3o da estrat\u00e9gia verde da UE - Jornal das Oficinas\" \/>\n<meta property=\"og:description\" content=\"Com metas consideradas irrealistas, a CLEPA e a ACEA apelam a uma maior flexibilidade por parte da UE para viabilizar a transi\u00e7\u00e3o autom\u00f3vel\" \/>\n<meta property=\"og:url\" content=\"https:\/\/jornaldasoficinas.com\/pt\/clepa-e-acea-pedem-revisao-da-estrategia-verde-da-ue\/\" \/>\n<meta property=\"og:site_name\" content=\"Jornal das Oficinas\" \/>\n<meta property=\"article:publisher\" content=\"https:\/\/www.facebook.com\/jornaloficinas\" \/>\n<meta property=\"article:published_time\" content=\"2025-08-28T07:00:33+00:00\" \/>\n<meta property=\"og:image\" content=\"https:\/\/jornaldasoficinas.com\/pt\/wp-content\/uploads\/2025\/08\/acea-clepa.jpg\" \/>\n\t<meta property=\"og:image:width\" content=\"1024\" \/>\n\t<meta property=\"og:image:height\" content=\"581\" \/>\n\t<meta property=\"og:image:type\" content=\"image\/jpeg\" \/>\n<meta name=\"author\" content=\"Reda\u00e7\u00e3o JO\" \/>\n<meta name=\"twitter:card\" content=\"summary_large_image\" \/>\n<meta name=\"twitter:creator\" content=\"@jornaloficinas\" \/>\n<meta name=\"twitter:site\" content=\"@jornaloficinas\" \/>\n<meta name=\"twitter:label1\" content=\"Escrito por\" \/>\n\t<meta name=\"twitter:data1\" content=\"Reda\u00e7\u00e3o JO\" \/>\n\t<meta name=\"twitter:label2\" content=\"Tempo estimado de leitura\" \/>\n\t<meta name=\"twitter:data2\" content=\"3 minutos\" \/>\n<script type=\"application\/ld+json\" class=\"yoast-schema-graph\">{\"@context\":\"https:\\\/\\\/schema.org\",\"@graph\":[{\"@type\":\"Article\",\"@id\":\"https:\\\/\\\/jornaldasoficinas.com\\\/pt\\\/clepa-e-acea-pedem-revisao-da-estrategia-verde-da-ue\\\/#article\",\"isPartOf\":{\"@id\":\"https:\\\/\\\/jornaldasoficinas.com\\\/pt\\\/clepa-e-acea-pedem-revisao-da-estrategia-verde-da-ue\\\/\"},\"author\":{\"name\":\"Reda\u00e7\u00e3o JO\",\"@id\":\"https:\\\/\\\/jornaldasoficinas.com\\\/pt\\\/#\\\/schema\\\/person\\\/a38eef5de2c41d9e7c9ac10141afddf3\"},\"headline\":\"CLEPA e ACEA pedem revis\u00e3o da estrat\u00e9gia verde da UE\",\"datePublished\":\"2025-08-28T07:00:33+00:00\",\"mainEntityOfPage\":{\"@id\":\"https:\\\/\\\/jornaldasoficinas.com\\\/pt\\\/clepa-e-acea-pedem-revisao-da-estrategia-verde-da-ue\\\/\"},\"wordCount\":381,\"publisher\":{\"@id\":\"https:\\\/\\\/jornaldasoficinas.com\\\/pt\\\/#organization\"},\"image\":{\"@id\":\"https:\\\/\\\/jornaldasoficinas.com\\\/pt\\\/clepa-e-acea-pedem-revisao-da-estrategia-verde-da-ue\\\/#primaryimage\"},\"thumbnailUrl\":\"https:\\\/\\\/jornaldasoficinas.com\\\/pt\\\/wp-content\\\/uploads\\\/2025\\\/08\\\/acea-clepa.jpg\",\"keywords\":[\"ACEA\",\"CLEPA\",\"estrat\u00e9gia verde\",\"Mobilidade el\u00e9trica\",\"normas de CO2\",\"Revis\u00e3o\",\"transi\u00e7\u00e3o autom\u00f3vel\",\"Uni\u00e3o Europeia\"],\"articleSection\":[\"Mercado\"],\"inLanguage\":\"pt-PT\"},{\"@type\":\"WebPage\",\"@id\":\"https:\\\/\\\/jornaldasoficinas.com\\\/pt\\\/clepa-e-acea-pedem-revisao-da-estrategia-verde-da-ue\\\/\",\"url\":\"https:\\\/\\\/jornaldasoficinas.com\\\/pt\\\/clepa-e-acea-pedem-revisao-da-estrategia-verde-da-ue\\\/\",\"name\":\"CLEPA e ACEA pedem revis\u00e3o da estrat\u00e9gia verde da UE - Jornal das Oficinas\",\"isPartOf\":{\"@id\":\"https:\\\/\\\/jornaldasoficinas.com\\\/pt\\\/#website\"},\"primaryImageOfPage\":{\"@id\":\"https:\\\/\\\/jornaldasoficinas.com\\\/pt\\\/clepa-e-acea-pedem-revisao-da-estrategia-verde-da-ue\\\/#primaryimage\"},\"image\":{\"@id\":\"https:\\\/\\\/jornaldasoficinas.com\\\/pt\\\/clepa-e-acea-pedem-revisao-da-estrategia-verde-da-ue\\\/#primaryimage\"},\"thumbnailUrl\":\"https:\\\/\\\/jornaldasoficinas.com\\\/pt\\\/wp-content\\\/uploads\\\/2025\\\/08\\\/acea-clepa.jpg\",\"datePublished\":\"2025-08-28T07:00:33+00:00\",\"description\":\"Com metas consideradas irrealistas, a CLEPA e a ACEA apelam a uma maior flexibilidade por parte da UE para viabilizar a transi\u00e7\u00e3o autom\u00f3vel\",\"breadcrumb\":{\"@id\":\"https:\\\/\\\/jornaldasoficinas.com\\\/pt\\\/clepa-e-acea-pedem-revisao-da-estrategia-verde-da-ue\\\/#breadcrumb\"},\"inLanguage\":\"pt-PT\",\"potentialAction\":[{\"@type\":\"ReadAction\",\"target\":[\"https:\\\/\\\/jornaldasoficinas.com\\\/pt\\\/clepa-e-acea-pedem-revisao-da-estrategia-verde-da-ue\\\/\"]}]},{\"@type\":\"ImageObject\",\"inLanguage\":\"pt-PT\",\"@id\":\"https:\\\/\\\/jornaldasoficinas.com\\\/pt\\\/clepa-e-acea-pedem-revisao-da-estrategia-verde-da-ue\\\/#primaryimage\",\"url\":\"https:\\\/\\\/jornaldasoficinas.com\\\/pt\\\/wp-content\\\/uploads\\\/2025\\\/08\\\/acea-clepa.jpg\",\"contentUrl\":\"https:\\\/\\\/jornaldasoficinas.com\\\/pt\\\/wp-content\\\/uploads\\\/2025\\\/08\\\/acea-clepa.jpg\",\"width\":1024,\"height\":581,\"caption\":\"08 - acea clepa\"},{\"@type\":\"BreadcrumbList\",\"@id\":\"https:\\\/\\\/jornaldasoficinas.com\\\/pt\\\/clepa-e-acea-pedem-revisao-da-estrategia-verde-da-ue\\\/#breadcrumb\",\"itemListElement\":[{\"@type\":\"ListItem\",\"position\":1,\"name\":\"In\u00edcio\",\"item\":\"https:\\\/\\\/jornaldasoficinas.com\\\/pt\\\/\"},{\"@type\":\"ListItem\",\"position\":2,\"name\":\"CLEPA e ACEA pedem revis\u00e3o da estrat\u00e9gia verde da UE\"}]},{\"@type\":\"WebSite\",\"@id\":\"https:\\\/\\\/jornaldasoficinas.com\\\/pt\\\/#website\",\"url\":\"https:\\\/\\\/jornaldasoficinas.com\\\/pt\\\/\",\"name\":\"Jornal das Oficinas\",\"description\":\"Jornal independente do Aftermarket Autom\u00f3vel em Portugal\",\"publisher\":{\"@id\":\"https:\\\/\\\/jornaldasoficinas.com\\\/pt\\\/#organization\"},\"potentialAction\":[{\"@type\":\"SearchAction\",\"target\":{\"@type\":\"EntryPoint\",\"urlTemplate\":\"https:\\\/\\\/jornaldasoficinas.com\\\/pt\\\/?s={search_term_string}\"},\"query-input\":{\"@type\":\"PropertyValueSpecification\",\"valueRequired\":true,\"valueName\":\"search_term_string\"}}],\"inLanguage\":\"pt-PT\"},{\"@type\":\"Organization\",\"@id\":\"https:\\\/\\\/jornaldasoficinas.com\\\/pt\\\/#organization\",\"name\":\"Jornal das Oficinas\",\"url\":\"https:\\\/\\\/jornaldasoficinas.com\\\/pt\\\/\",\"logo\":{\"@type\":\"ImageObject\",\"inLanguage\":\"pt-PT\",\"@id\":\"https:\\\/\\\/jornaldasoficinas.com\\\/pt\\\/#\\\/schema\\\/logo\\\/image\\\/\",\"url\":\"https:\\\/\\\/jornaldasoficinas.com\\\/pt\\\/wp-content\\\/uploads\\\/logoJO-SEO.png\",\"contentUrl\":\"https:\\\/\\\/jornaldasoficinas.com\\\/pt\\\/wp-content\\\/uploads\\\/logoJO-SEO.png\",\"width\":285,\"height\":450,\"caption\":\"Jornal das Oficinas\"},\"image\":{\"@id\":\"https:\\\/\\\/jornaldasoficinas.com\\\/pt\\\/#\\\/schema\\\/logo\\\/image\\\/\"},\"sameAs\":[\"https:\\\/\\\/www.facebook.com\\\/jornaloficinas\",\"https:\\\/\\\/x.com\\\/jornaloficinas\",\"https:\\\/\\\/www.instagram.com\\\/jornal_oficinas\\\/\",\"https:\\\/\\\/www.linkedin.com\\\/company\\\/jornal-das-oficinas\\\/\",\"https:\\\/\\\/www.youtube.com\\\/channel\\\/UCbQZBqtcvV-oSQrr7RzINGg\"]},{\"@type\":\"Person\",\"@id\":\"https:\\\/\\\/jornaldasoficinas.com\\\/pt\\\/#\\\/schema\\\/person\\\/a38eef5de2c41d9e7c9ac10141afddf3\",\"name\":\"Reda\u00e7\u00e3o JO\",\"image\":{\"@type\":\"ImageObject\",\"inLanguage\":\"pt-PT\",\"@id\":\"https:\\\/\\\/secure.gravatar.com\\\/avatar\\\/71f2fa71737ad68a84fea94bc708ddac8ea5b0c4788dc2ad202f3ccb2887742f?s=96&d=wp_user_avatar&r=g\",\"url\":\"https:\\\/\\\/secure.gravatar.com\\\/avatar\\\/71f2fa71737ad68a84fea94bc708ddac8ea5b0c4788dc2ad202f3ccb2887742f?s=96&d=wp_user_avatar&r=g\",\"contentUrl\":\"https:\\\/\\\/secure.gravatar.com\\\/avatar\\\/71f2fa71737ad68a84fea94bc708ddac8ea5b0c4788dc2ad202f3ccb2887742f?s=96&d=wp_user_avatar&r=g\",\"caption\":\"Reda\u00e7\u00e3o JO\"},\"url\":\"https:\\\/\\\/jornaldasoficinas.com\\\/pt\\\/author\\\/joredacao\\\/\"}]}<\/script>\n<!-- \/ Yoast SEO plugin. -->","yoast_head_json":{"title":"CLEPA e ACEA pedem revis\u00e3o da estrat\u00e9gia verde da UE - Jornal das Oficinas","description":"Com metas consideradas irrealistas, a CLEPA e a ACEA apelam a uma maior flexibilidade por parte da UE para viabilizar a transi\u00e7\u00e3o autom\u00f3vel","robots":{"index":"index","follow":"follow","max-snippet":"max-snippet:-1","max-image-preview":"max-image-preview:large","max-video-preview":"max-video-preview:-1"},"canonical":"https:\/\/jornaldasoficinas.com\/pt\/clepa-e-acea-pedem-revisao-da-estrategia-verde-da-ue\/","og_locale":"pt_PT","og_type":"article","og_title":"CLEPA e ACEA pedem revis\u00e3o da estrat\u00e9gia verde da UE - Jornal das Oficinas","og_description":"Com metas consideradas irrealistas, a CLEPA e a ACEA apelam a uma maior flexibilidade por parte da UE para viabilizar a transi\u00e7\u00e3o autom\u00f3vel","og_url":"https:\/\/jornaldasoficinas.com\/pt\/clepa-e-acea-pedem-revisao-da-estrategia-verde-da-ue\/","og_site_name":"Jornal das Oficinas","article_publisher":"https:\/\/www.facebook.com\/jornaloficinas","article_published_time":"2025-08-28T07:00:33+00:00","og_image":[{"width":1024,"height":581,"url":"https:\/\/jornaldasoficinas.com\/pt\/wp-content\/uploads\/2025\/08\/acea-clepa.jpg","type":"image\/jpeg"}],"author":"Reda\u00e7\u00e3o JO","twitter_card":"summary_large_image","twitter_creator":"@jornaloficinas","twitter_site":"@jornaloficinas","twitter_misc":{"Escrito por":"Reda\u00e7\u00e3o JO","Tempo estimado de leitura":"3 minutos"},"schema":{"@context":"https:\/\/schema.org","@graph":[{"@type":"Article","@id":"https:\/\/jornaldasoficinas.com\/pt\/clepa-e-acea-pedem-revisao-da-estrategia-verde-da-ue\/#article","isPartOf":{"@id":"https:\/\/jornaldasoficinas.com\/pt\/clepa-e-acea-pedem-revisao-da-estrategia-verde-da-ue\/"},"author":{"name":"Reda\u00e7\u00e3o JO","@id":"https:\/\/jornaldasoficinas.com\/pt\/#\/schema\/person\/a38eef5de2c41d9e7c9ac10141afddf3"},"headline":"CLEPA e ACEA pedem revis\u00e3o da estrat\u00e9gia verde da UE","datePublished":"2025-08-28T07:00:33+00:00","mainEntityOfPage":{"@id":"https:\/\/jornaldasoficinas.com\/pt\/clepa-e-acea-pedem-revisao-da-estrategia-verde-da-ue\/"},"wordCount":381,"publisher":{"@id":"https:\/\/jornaldasoficinas.com\/pt\/#organization"},"image":{"@id":"https:\/\/jornaldasoficinas.com\/pt\/clepa-e-acea-pedem-revisao-da-estrategia-verde-da-ue\/#primaryimage"},"thumbnailUrl":"https:\/\/jornaldasoficinas.com\/pt\/wp-content\/uploads\/2025\/08\/acea-clepa.jpg","keywords":["ACEA","CLEPA","estrat\u00e9gia verde","Mobilidade el\u00e9trica","normas de CO2","Revis\u00e3o","transi\u00e7\u00e3o autom\u00f3vel","Uni\u00e3o Europeia"],"articleSection":["Mercado"],"inLanguage":"pt-PT"},{"@type":"WebPage","@id":"https:\/\/jornaldasoficinas.com\/pt\/clepa-e-acea-pedem-revisao-da-estrategia-verde-da-ue\/","url":"https:\/\/jornaldasoficinas.com\/pt\/clepa-e-acea-pedem-revisao-da-estrategia-verde-da-ue\/","name":"CLEPA e ACEA pedem revis\u00e3o da estrat\u00e9gia verde da UE - Jornal das Oficinas","isPartOf":{"@id":"https:\/\/jornaldasoficinas.com\/pt\/#website"},"primaryImageOfPage":{"@id":"https:\/\/jornaldasoficinas.com\/pt\/clepa-e-acea-pedem-revisao-da-estrategia-verde-da-ue\/#primaryimage"},"image":{"@id":"https:\/\/jornaldasoficinas.com\/pt\/clepa-e-acea-pedem-revisao-da-estrategia-verde-da-ue\/#primaryimage"},"thumbnailUrl":"https:\/\/jornaldasoficinas.com\/pt\/wp-content\/uploads\/2025\/08\/acea-clepa.jpg","datePublished":"2025-08-28T07:00:33+00:00","description":"Com metas consideradas irrealistas, a CLEPA e a ACEA apelam a uma maior flexibilidade por parte da UE para viabilizar a transi\u00e7\u00e3o autom\u00f3vel","breadcrumb":{"@id":"https:\/\/jornaldasoficinas.com\/pt\/clepa-e-acea-pedem-revisao-da-estrategia-verde-da-ue\/#breadcrumb"},"inLanguage":"pt-PT","potentialAction":[{"@type":"ReadAction","target":["https:\/\/jornaldasoficinas.com\/pt\/clepa-e-acea-pedem-revisao-da-estrategia-verde-da-ue\/"]}]},{"@type":"ImageObject","inLanguage":"pt-PT","@id":"https:\/\/jornaldasoficinas.com\/pt\/clepa-e-acea-pedem-revisao-da-estrategia-verde-da-ue\/#primaryimage","url":"https:\/\/jornaldasoficinas.com\/pt\/wp-content\/uploads\/2025\/08\/acea-clepa.jpg","contentUrl":"https:\/\/jornaldasoficinas.com\/pt\/wp-content\/uploads\/2025\/08\/acea-clepa.jpg","width":1024,"height":581,"caption":"08 - acea clepa"},{"@type":"BreadcrumbList","@id":"https:\/\/jornaldasoficinas.com\/pt\/clepa-e-acea-pedem-revisao-da-estrategia-verde-da-ue\/#breadcrumb","itemListElement":[{"@type":"ListItem","position":1,"name":"In\u00edcio","item":"https:\/\/jornaldasoficinas.com\/pt\/"},{"@type":"ListItem","position":2,"name":"CLEPA e ACEA pedem revis\u00e3o da estrat\u00e9gia verde da UE"}]},{"@type":"WebSite","@id":"https:\/\/jornaldasoficinas.com\/pt\/#website","url":"https:\/\/jornaldasoficinas.com\/pt\/","name":"Jornal das Oficinas","description":"Jornal independente do Aftermarket Autom\u00f3vel em Portugal","publisher":{"@id":"https:\/\/jornaldasoficinas.com\/pt\/#organization"},"potentialAction":[{"@type":"SearchAction","target":{"@type":"EntryPoint","urlTemplate":"https:\/\/jornaldasoficinas.com\/pt\/?s={search_term_string}"},"query-input":{"@type":"PropertyValueSpecification","valueRequired":true,"valueName":"search_term_string"}}],"inLanguage":"pt-PT"},{"@type":"Organization","@id":"https:\/\/jornaldasoficinas.com\/pt\/#organization","name":"Jornal das Oficinas","url":"https:\/\/jornaldasoficinas.com\/pt\/","logo":{"@type":"ImageObject","inLanguage":"pt-PT","@id":"https:\/\/jornaldasoficinas.com\/pt\/#\/schema\/logo\/image\/","url":"https:\/\/jornaldasoficinas.com\/pt\/wp-content\/uploads\/logoJO-SEO.png","contentUrl":"https:\/\/jornaldasoficinas.com\/pt\/wp-content\/uploads\/logoJO-SEO.png","width":285,"height":450,"caption":"Jornal das Oficinas"},"image":{"@id":"https:\/\/jornaldasoficinas.com\/pt\/#\/schema\/logo\/image\/"},"sameAs":["https:\/\/www.facebook.com\/jornaloficinas","https:\/\/x.com\/jornaloficinas","https:\/\/www.instagram.com\/jornal_oficinas\/","https:\/\/www.linkedin.com\/company\/jornal-das-oficinas\/","https:\/\/www.youtube.com\/channel\/UCbQZBqtcvV-oSQrr7RzINGg"]},{"@type":"Person","@id":"https:\/\/jornaldasoficinas.com\/pt\/#\/schema\/person\/a38eef5de2c41d9e7c9ac10141afddf3","name":"Reda\u00e7\u00e3o JO","image":{"@type":"ImageObject","inLanguage":"pt-PT","@id":"https:\/\/secure.gravatar.com\/avatar\/71f2fa71737ad68a84fea94bc708ddac8ea5b0c4788dc2ad202f3ccb2887742f?s=96&d=wp_user_avatar&r=g","url":"https:\/\/secure.gravatar.com\/avatar\/71f2fa71737ad68a84fea94bc708ddac8ea5b0c4788dc2ad202f3ccb2887742f?s=96&d=wp_user_avatar&r=g","contentUrl":"https:\/\/secure.gravatar.com\/avatar\/71f2fa71737ad68a84fea94bc708ddac8ea5b0c4788dc2ad202f3ccb2887742f?s=96&d=wp_user_avatar&r=g","caption":"Reda\u00e7\u00e3o JO"},"url":"https:\/\/jornaldasoficinas.com\/pt\/author\/joredacao\/"}]}},"_links":{"self":[{"href":"https:\/\/jornaldasoficinas.com\/pt\/wp-json\/wp\/v2\/posts\/105961","targetHints":{"allow":["GET"]}}],"collection":[{"href":"https:\/\/jornaldasoficinas.com\/pt\/wp-json\/wp\/v2\/posts"}],"about":[{"href":"https:\/\/jornaldasoficinas.com\/pt\/wp-json\/wp\/v2\/types\/post"}],"author":[{"embeddable":true,"href":"https:\/\/jornaldasoficinas.com\/pt\/wp-json\/wp\/v2\/users\/15"}],"replies":[{"embeddable":true,"href":"https:\/\/jornaldasoficinas.com\/pt\/wp-json\/wp\/v2\/comments?post=105961"}],"version-history":[{"count":8,"href":"https:\/\/jornaldasoficinas.com\/pt\/wp-json\/wp\/v2\/posts\/105961\/revisions"}],"predecessor-version":[{"id":105972,"href":"https:\/\/jornaldasoficinas.com\/pt\/wp-json\/wp\/v2\/posts\/105961\/revisions\/105972"}],"wp:featuredmedia":[{"embeddable":true,"href":"https:\/\/jornaldasoficinas.com\/pt\/wp-json\/wp\/v2\/media\/105970"}],"wp:attachment":[{"href":"https:\/\/jornaldasoficinas.com\/pt\/wp-json\/wp\/v2\/media?parent=105961"}],"wp:term":[{"taxonomy":"category","embeddable":true,"href":"https:\/\/jornaldasoficinas.com\/pt\/wp-json\/wp\/v2\/categories?post=105961"},{"taxonomy":"post_tag","embeddable":true,"href":"https:\/\/jornaldasoficinas.com\/pt\/wp-json\/wp\/v2\/tags?post=105961"}],"curies":[{"name":"wp","href":"https:\/\/api.w.org\/{rel}","templated":true}]}}